{"id":10020,"date":"2025-09-24T20:56:50","date_gmt":"2025-09-25T02:56:50","guid":{"rendered":"https:\/\/esbozodeportivo.com\/?p=10020"},"modified":"2025-09-24T20:56:51","modified_gmt":"2025-09-25T02:56:51","slug":"la-catrina-fest-2025-celebrara-su-12a-edicion-en-el-parque-aztlan","status":"publish","type":"post","link":"https:\/\/esbozodeportivo.com\/index.php\/2025\/09\/24\/la-catrina-fest-2025-celebrara-su-12a-edicion-en-el-parque-aztlan\/","title":{"rendered":"La Catrina Fest 2025 celebrar\u00e1 su 12\u00aa edici\u00f3n en el Parque Aztl\u00e1n"},"content":{"rendered":"\n<p><strong>Por Javier de la Cruz<\/strong><\/p>\n\n\n\n<p><strong>(Fotos: esbozodeportivo)<\/strong><\/p>\n\n\n\n<p><strong>Ciudad de M\u00e9xico, 24 de septiembre de 2025<\/strong> \u2014 La tradicional celebraci\u00f3n de <strong>D\u00eda de Muertos<\/strong>, <strong><em>La Catrina Fest MX<\/em>,<\/strong> regresa en su edici\u00f3n n\u00famero <strong>12<\/strong> con un despliegue de arte, cultura y tradici\u00f3n que se llevar\u00e1 a cabo del <strong>7 de octubre al 11 de noviembre<\/strong> en el renovado <strong>Parque Aztl\u00e1n<\/strong>, ubicado en la Segunda Secci\u00f3n del Bosque de Chapultepec.<\/p>\n\n\n\n<p>La presentaci\u00f3n oficial del festival estuvo encabezada por <strong>Erika Berumen<\/strong>, vocera de Aztl\u00e1n, quien comparti\u00f3 los detalles junto al <strong>fundador del evento, Javier Mart\u00ednez<\/strong>. Ambos destacaron el crecimiento del festival a lo largo de los a\u00f1os, consolid\u00e1ndose como uno de los eventos culturales m\u00e1s esperados de la temporada.<\/p>\n\n\n\n<p>Entre las actividades destacadas para este a\u00f1o se encuentra la obra de teatro <strong>\u201cSerenata a mis Muertos\u201d<\/strong>, que se presentar\u00e1 en el emblem\u00e1tico <strong>Teatro Centenario Coyoac\u00e1n<\/strong>. Adem\u00e1s, los fines de semana se ofrecer\u00e1n un recorrido tem\u00e1tico en <strong>miniturib\u00fas<\/strong>, pensado para que los visitantes vivan una experiencia inmersiva en torno a las tradiciones del <strong>D\u00eda de Muertos.<\/strong><\/p>\n\n\n\n<figure class=\"wp-block-image size-large is-resized\"><img loading=\"lazy\" decoding=\"async\" width=\"682\" height=\"1024\" src=\"https:\/\/esbozodeportivo.com\/wp-content\/uploads\/2025\/09\/DSC07181-682x1024.jpg\" alt=\"\" class=\"wp-image-10022\" style=\"width:740px;height:auto\" srcset=\"https:\/\/esbozodeportivo.com\/wp-content\/uploads\/2025\/09\/DSC07181-682x1024.jpg 682w, https:\/\/esbozodeportivo.com\/wp-content\/uploads\/2025\/09\/DSC07181-200x300.jpg 200w, https:\/\/esbozodeportivo.com\/wp-content\/uploads\/2025\/09\/DSC07181-768x1154.jpg 768w, https:\/\/esbozodeportivo.com\/wp-content\/uploads\/2025\/09\/DSC07181-1022x1536.jpg 1022w, https:\/\/esbozodeportivo.com\/wp-content\/uploads\/2025\/09\/DSC07181-1363x2048.jpg 1363w, https:\/\/esbozodeportivo.com\/wp-content\/uploads\/2025\/09\/DSC07181-1024x1538.jpg 1024w, https:\/\/esbozodeportivo.com\/wp-content\/uploads\/2025\/09\/DSC07181-scaled.jpg 1704w\" sizes=\"auto, (max-width: 682px) 100vw, 682px\" \/><\/figure>\n\n\n\n<p>El programa tambi\u00e9n incluir\u00e1 <strong>espect\u00e1culos culturales y una exposici\u00f3n fotogr\u00e1fica<\/strong> que ser\u00e1 instalada a lo largo de la <strong>Avenida de los Compositores<\/strong> dentro del mismo parque. La muestra rendir\u00e1 homenaje a las ra\u00edces y evoluci\u00f3n de esta festividad mexicana.<\/p>\n\n\n\n<p>Otro de los elementos centrales ser\u00e1 la instalaci\u00f3n de <strong>ofrendas monumentales<\/strong>, bajo el concepto <strong><em>\u201cCuando muera la tarde\u201d<\/em>,<\/strong> una evocadora propuesta dedicada a <strong>cantautores mexicanos<\/strong>. Estas ofrendas podr\u00e1n ser visitadas en la <strong>Segunda Secci\u00f3n del Bosque de Chapultepec<\/strong>, sobre la misma <strong>Avenida de los Compositores.<\/strong><\/p>\n\n\n\n<p>Adem\u00e1s, se sumar\u00e1n <strong>funciones de circo y otras actividades art\u00edsticas y familiares<\/strong> que buscan acercar tanto a locales como a turistas a una de las expresiones m\u00e1s representativas de la cultura mexicana.<\/p>\n\n\n\n<p>Con esta edici\u00f3n, <strong><em>La Catrina Fest MX 2025<\/em> <\/strong>reafirma su compromiso con la difusi\u00f3n de las tradiciones mexicanas, promoviendo espacios de convivencia, memoria y arte.<\/p>\n\n\n\n<figure class=\"wp-block-image size-large is-resized\"><img loading=\"lazy\" decoding=\"async\" width=\"682\" height=\"1024\" src=\"https:\/\/esbozodeportivo.com\/wp-content\/uploads\/2025\/09\/DSC07295-682x1024.jpg\" alt=\"\" class=\"wp-image-10024\" style=\"width:740px;height:auto\" srcset=\"https:\/\/esbozodeportivo.com\/wp-content\/uploads\/2025\/09\/DSC07295-682x1024.jpg 682w, https:\/\/esbozodeportivo.com\/wp-content\/uploads\/2025\/09\/DSC07295-200x300.jpg 200w, https:\/\/esbozodeportivo.com\/wp-content\/uploads\/2025\/09\/DSC07295-768x1154.jpg 768w, https:\/\/esbozodeportivo.com\/wp-content\/uploads\/2025\/09\/DSC07295-1022x1536.jpg 1022w, https:\/\/esbozodeportivo.com\/wp-content\/uploads\/2025\/09\/DSC07295-1363x2048.jpg 1363w, https:\/\/esbozodeportivo.com\/wp-content\/uploads\/2025\/09\/DSC07295-1024x1538.jpg 1024w, https:\/\/esbozodeportivo.com\/wp-content\/uploads\/2025\/09\/DSC07295-scaled.jpg 1704w\" sizes=\"auto, (max-width: 682px) 100vw, 682px\" \/><\/figure>\n\n\n\n<figure class=\"wp-block-image size-large\"><img loading=\"lazy\" decoding=\"async\" width=\"1024\" height=\"682\" src=\"https:\/\/esbozodeportivo.com\/wp-content\/uploads\/2025\/09\/DSC07118-1024x682.jpg\" alt=\"\" class=\"wp-image-10021\" srcset=\"https:\/\/esbozodeportivo.com\/wp-content\/uploads\/2025\/09\/DSC07118-1024x682.jpg 1024w, https:\/\/esbozodeportivo.com\/wp-content\/uploads\/2025\/09\/DSC07118-300x200.jpg 300w, https:\/\/esbozodeportivo.com\/wp-content\/uploads\/2025\/09\/DSC07118-768x511.jpg 768w, https:\/\/esbozodeportivo.com\/wp-content\/uploads\/2025\/09\/DSC07118-1536x1022.jpg 1536w, https:\/\/esbozodeportivo.com\/wp-content\/uploads\/2025\/09\/DSC07118-2048x1363.jpg 2048w\" sizes=\"auto, (max-width: 1024px) 100vw, 1024px\" \/><\/figure>\n\n\n\n<figure class=\"wp-block-image size-large\"><img loading=\"lazy\" decoding=\"async\" width=\"1024\" height=\"682\" src=\"https:\/\/esbozodeportivo.com\/wp-content\/uploads\/2025\/09\/DSC07317-1024x682.jpg\" alt=\"\" class=\"wp-image-10025\" srcset=\"https:\/\/esbozodeportivo.com\/wp-content\/uploads\/2025\/09\/DSC07317-1024x682.jpg 1024w, https:\/\/esbozodeportivo.com\/wp-content\/uploads\/2025\/09\/DSC07317-300x200.jpg 300w, https:\/\/esbozodeportivo.com\/wp-content\/uploads\/2025\/09\/DSC07317-768x511.jpg 768w, https:\/\/esbozodeportivo.com\/wp-content\/uploads\/2025\/09\/DSC07317-1536x1022.jpg 1536w, https:\/\/esbozodeportivo.com\/wp-content\/uploads\/2025\/09\/DSC07317-2048x1363.jpg 2048w\" sizes=\"auto, (max-width: 1024px) 100vw, 1024px\" \/><\/figure>\n","protected":false},"excerpt":{"rendered":"<p>Por Javier de la Cruz (Fotos: esbozodeportivo) Ciudad de M\u00e9xico, 24 de septiembre de 2025<\/p>\n","protected":false},"author":4,"featured_media":10023,"comment_status":"closed","ping_status":"open","sticky":false,"template":"","format":"standard","meta":{"_jetpack_memberships_contains_paid_content":false,"footnotes":""},"categories":[49],"tags":[],"class_list":["post-10020","post","type-post","status-publish","format-standard","has-post-thumbnail","hentry","category-cultura"],"yoast_head":"<!-- This site is optimized with the Yoast SEO plugin v25.7 - https:\/\/yoast.com\/wordpress\/plugins\/seo\/ -->\n<title>La Catrina Fest 2025 celebrar\u00e1 su 12\u00aa edici\u00f3n en el Parque Aztl\u00e1n - Esbozo Deportivo<\/title>\n<meta name=\"description\" content=\"La tradicional celebraci\u00f3n de D\u00eda de Muertos, La Catrina Fest MX, regresa en su edici\u00f3n n\u00famero 12 con un despliegue de arte, cultura y tradici\u00f3n que se llevar\u00e1 a cabo del 7 de octubre al 11 de noviembre en el renovado Parque Aztl\u00e1n, ubicado en la Segunda Secci\u00f3n del Bosque de Chapultepec.\" \/>\n<meta name=\"robots\" content=\"index, follow, max-snippet:-1, max-image-preview:large, max-video-preview:-1\" \/>\n<link rel=\"canonical\" href=\"https:\/\/esbozodeportivo.com\/index.php\/2025\/09\/24\/la-catrina-fest-2025-celebrara-su-12a-edicion-en-el-parque-aztlan\/\" \/>\n<meta property=\"og:locale\" content=\"es_MX\" \/>\n<meta property=\"og:type\" content=\"article\" \/>\n<meta property=\"og:title\" content=\"La Catrina Fest 2025 celebrar\u00e1 su 12\u00aa edici\u00f3n en el Parque Aztl\u00e1n - Esbozo Deportivo\" \/>\n<meta property=\"og:description\" content=\"La tradicional celebraci\u00f3n de D\u00eda de Muertos, La Catrina Fest MX, regresa en su edici\u00f3n n\u00famero 12 con un despliegue de arte, cultura y tradici\u00f3n que se llevar\u00e1 a cabo del 7 de octubre al 11 de noviembre en el renovado Parque Aztl\u00e1n, ubicado en la Segunda Secci\u00f3n del Bosque de Chapultepec.\" \/>\n<meta property=\"og:url\" content=\"https:\/\/esbozodeportivo.com\/index.php\/2025\/09\/24\/la-catrina-fest-2025-celebrara-su-12a-edicion-en-el-parque-aztlan\/\" \/>\n<meta property=\"og:site_name\" content=\"Esbozo Deportivo\" \/>\n<meta property=\"article:published_time\" content=\"2025-09-25T02:56:50+00:00\" \/>\n<meta property=\"article:modified_time\" content=\"2025-09-25T02:56:51+00:00\" \/>\n<meta property=\"og:image\" content=\"https:\/\/esbozodeportivo.com\/wp-content\/uploads\/2025\/09\/DSC07202-scaled.jpg\" \/>\n\t<meta property=\"og:image:width\" content=\"2560\" \/>\n\t<meta property=\"og:image:height\" content=\"1704\" \/>\n\t<meta property=\"og:image:type\" content=\"image\/jpeg\" \/>\n<meta name=\"author\" content=\"Redacci\u00f3n\" \/>\n<meta name=\"twitter:card\" content=\"summary_large_image\" \/>\n<meta name=\"twitter:label1\" content=\"Escrito por\" \/>\n\t<meta name=\"twitter:data1\" content=\"Redacci\u00f3n\" \/>\n\t<meta name=\"twitter:label2\" content=\"Tiempo de lectura\" \/>\n\t<meta name=\"twitter:data2\" content=\"3 minutos\" \/>\n<script type=\"application\/ld+json\" class=\"yoast-schema-graph\">{\"@context\":\"https:\/\/schema.org\",\"@graph\":[{\"@type\":\"Article\",\"@id\":\"https:\/\/esbozodeportivo.com\/index.php\/2025\/09\/24\/la-catrina-fest-2025-celebrara-su-12a-edicion-en-el-parque-aztlan\/#article\",\"isPartOf\":{\"@id\":\"https:\/\/esbozodeportivo.com\/index.php\/2025\/09\/24\/la-catrina-fest-2025-celebrara-su-12a-edicion-en-el-parque-aztlan\/\"},\"author\":{\"name\":\"Redacci\u00f3n\",\"@id\":\"https:\/\/esbozodeportivo.com\/#\/schema\/person\/0f6df9196dfe6740dd0bb31bae50d374\"},\"headline\":\"La Catrina Fest 2025 celebrar\u00e1 su 12\u00aa edici\u00f3n en el Parque Aztl\u00e1n\",\"datePublished\":\"2025-09-25T02:56:50+00:00\",\"dateModified\":\"2025-09-25T02:56:51+00:00\",\"mainEntityOfPage\":{\"@id\":\"https:\/\/esbozodeportivo.com\/index.php\/2025\/09\/24\/la-catrina-fest-2025-celebrara-su-12a-edicion-en-el-parque-aztlan\/\"},\"wordCount\":355,\"publisher\":{\"@id\":\"https:\/\/esbozodeportivo.com\/#organization\"},\"image\":{\"@id\":\"https:\/\/esbozodeportivo.com\/index.php\/2025\/09\/24\/la-catrina-fest-2025-celebrara-su-12a-edicion-en-el-parque-aztlan\/#primaryimage\"},\"thumbnailUrl\":\"https:\/\/esbozodeportivo.com\/wp-content\/uploads\/2025\/09\/DSC07202-scaled.jpg\",\"articleSection\":[\"Cultura\"],\"inLanguage\":\"es\"},{\"@type\":\"WebPage\",\"@id\":\"https:\/\/esbozodeportivo.com\/index.php\/2025\/09\/24\/la-catrina-fest-2025-celebrara-su-12a-edicion-en-el-parque-aztlan\/\",\"url\":\"https:\/\/esbozodeportivo.com\/index.php\/2025\/09\/24\/la-catrina-fest-2025-celebrara-su-12a-edicion-en-el-parque-aztlan\/\",\"name\":\"La Catrina Fest 2025 celebrar\u00e1 su 12\u00aa edici\u00f3n en el Parque Aztl\u00e1n - Esbozo Deportivo\",\"isPartOf\":{\"@id\":\"https:\/\/esbozodeportivo.com\/#website\"},\"primaryImageOfPage\":{\"@id\":\"https:\/\/esbozodeportivo.com\/index.php\/2025\/09\/24\/la-catrina-fest-2025-celebrara-su-12a-edicion-en-el-parque-aztlan\/#primaryimage\"},\"image\":{\"@id\":\"https:\/\/esbozodeportivo.com\/index.php\/2025\/09\/24\/la-catrina-fest-2025-celebrara-su-12a-edicion-en-el-parque-aztlan\/#primaryimage\"},\"thumbnailUrl\":\"https:\/\/esbozodeportivo.com\/wp-content\/uploads\/2025\/09\/DSC07202-scaled.jpg\",\"datePublished\":\"2025-09-25T02:56:50+00:00\",\"dateModified\":\"2025-09-25T02:56:51+00:00\",\"description\":\"La tradicional celebraci\u00f3n de D\u00eda de Muertos, La Catrina Fest MX, regresa en su edici\u00f3n n\u00famero 12 con un despliegue de arte, cultura y tradici\u00f3n que se llevar\u00e1 a cabo del 7 de octubre al 11 de noviembre en el renovado Parque Aztl\u00e1n, ubicado en la Segunda Secci\u00f3n del Bosque de Chapultepec.\",\"breadcrumb\":{\"@id\":\"https:\/\/esbozodeportivo.com\/index.php\/2025\/09\/24\/la-catrina-fest-2025-celebrara-su-12a-edicion-en-el-parque-aztlan\/#breadcrumb\"},\"inLanguage\":\"es\",\"potentialAction\":[{\"@type\":\"ReadAction\",\"target\":[\"https:\/\/esbozodeportivo.com\/index.php\/2025\/09\/24\/la-catrina-fest-2025-celebrara-su-12a-edicion-en-el-parque-aztlan\/\"]}]},{\"@type\":\"ImageObject\",\"inLanguage\":\"es\",\"@id\":\"https:\/\/esbozodeportivo.com\/index.php\/2025\/09\/24\/la-catrina-fest-2025-celebrara-su-12a-edicion-en-el-parque-aztlan\/#primaryimage\",\"url\":\"https:\/\/esbozodeportivo.com\/wp-content\/uploads\/2025\/09\/DSC07202-scaled.jpg\",\"contentUrl\":\"https:\/\/esbozodeportivo.com\/wp-content\/uploads\/2025\/09\/DSC07202-scaled.jpg\",\"width\":2560,\"height\":1704},{\"@type\":\"BreadcrumbList\",\"@id\":\"https:\/\/esbozodeportivo.com\/index.php\/2025\/09\/24\/la-catrina-fest-2025-celebrara-su-12a-edicion-en-el-parque-aztlan\/#breadcrumb\",\"itemListElement\":[{\"@type\":\"ListItem\",\"position\":1,\"name\":\"Inicio\",\"item\":\"https:\/\/esbozodeportivo.com\/\"},{\"@type\":\"ListItem\",\"position\":2,\"name\":\"La Catrina Fest 2025 celebrar\u00e1 su 12\u00aa edici\u00f3n en el Parque Aztl\u00e1n\"}]},{\"@type\":\"WebSite\",\"@id\":\"https:\/\/esbozodeportivo.com\/#website\",\"url\":\"https:\/\/esbozodeportivo.com\/\",\"name\":\"Esbozo Deportivo\",\"description\":\"Lo m\u00e1s importante del Deporte\",\"publisher\":{\"@id\":\"https:\/\/esbozodeportivo.com\/#organization\"},\"potentialAction\":[{\"@type\":\"SearchAction\",\"target\":{\"@type\":\"EntryPoint\",\"urlTemplate\":\"https:\/\/esbozodeportivo.com\/?s={search_term_string}\"},\"query-input\":{\"@type\":\"PropertyValueSpecification\",\"valueRequired\":true,\"valueName\":\"search_term_string\"}}],\"inLanguage\":\"es\"},{\"@type\":\"Organization\",\"@id\":\"https:\/\/esbozodeportivo.com\/#organization\",\"name\":\"Esbozo Deportivo\",\"url\":\"https:\/\/esbozodeportivo.com\/\",\"logo\":{\"@type\":\"ImageObject\",\"inLanguage\":\"es\",\"@id\":\"https:\/\/esbozodeportivo.com\/#\/schema\/logo\/image\/\",\"url\":\"https:\/\/esbozodeportivo.com\/wp-content\/uploads\/2022\/08\/cropped-Logo-Esbozo-Web-2.png\",\"contentUrl\":\"https:\/\/esbozodeportivo.com\/wp-content\/uploads\/2022\/08\/cropped-Logo-Esbozo-Web-2.png\",\"width\":180,\"height\":50,\"caption\":\"Esbozo Deportivo\"},\"image\":{\"@id\":\"https:\/\/esbozodeportivo.com\/#\/schema\/logo\/image\/\"}},{\"@type\":\"Person\",\"@id\":\"https:\/\/esbozodeportivo.com\/#\/schema\/person\/0f6df9196dfe6740dd0bb31bae50d374\",\"name\":\"Redacci\u00f3n\",\"image\":{\"@type\":\"ImageObject\",\"inLanguage\":\"es\",\"@id\":\"https:\/\/esbozodeportivo.com\/#\/schema\/person\/image\/\",\"url\":\"https:\/\/secure.gravatar.com\/avatar\/f55268a89c3b418f2ef172ff52ab0d09b3e653c58de29539fe329fb93d78ebf3?s=96&d=mm&r=g\",\"contentUrl\":\"https:\/\/secure.gravatar.com\/avatar\/f55268a89c3b418f2ef172ff52ab0d09b3e653c58de29539fe329fb93d78ebf3?s=96&d=mm&r=g\",\"caption\":\"Redacci\u00f3n\"},\"url\":\"https:\/\/esbozodeportivo.com\/index.php\/author\/redaccion\/\"}]}<\/script>\n<!-- \/ Yoast SEO plugin. -->","yoast_head_json":{"title":"La Catrina Fest 2025 celebrar\u00e1 su 12\u00aa edici\u00f3n en el Parque Aztl\u00e1n - Esbozo Deportivo","description":"La tradicional celebraci\u00f3n de D\u00eda de Muertos, La Catrina Fest MX, regresa en su edici\u00f3n n\u00famero 12 con un despliegue de arte, cultura y tradici\u00f3n que se llevar\u00e1 a cabo del 7 de octubre al 11 de noviembre en el renovado Parque Aztl\u00e1n, ubicado en la Segunda Secci\u00f3n del Bosque de Chapultepec.","robots":{"index":"index","follow":"follow","max-snippet":"max-snippet:-1","max-image-preview":"max-image-preview:large","max-video-preview":"max-video-preview:-1"},"canonical":"https:\/\/esbozodeportivo.com\/index.php\/2025\/09\/24\/la-catrina-fest-2025-celebrara-su-12a-edicion-en-el-parque-aztlan\/","og_locale":"es_MX","og_type":"article","og_title":"La Catrina Fest 2025 celebrar\u00e1 su 12\u00aa edici\u00f3n en el Parque Aztl\u00e1n - Esbozo Deportivo","og_description":"La tradicional celebraci\u00f3n de D\u00eda de Muertos, La Catrina Fest MX, regresa en su edici\u00f3n n\u00famero 12 con un despliegue de arte, cultura y tradici\u00f3n que se llevar\u00e1 a cabo del 7 de octubre al 11 de noviembre en el renovado Parque Aztl\u00e1n, ubicado en la Segunda Secci\u00f3n del Bosque de Chapultepec.","og_url":"https:\/\/esbozodeportivo.com\/index.php\/2025\/09\/24\/la-catrina-fest-2025-celebrara-su-12a-edicion-en-el-parque-aztlan\/","og_site_name":"Esbozo Deportivo","article_published_time":"2025-09-25T02:56:50+00:00","article_modified_time":"2025-09-25T02:56:51+00:00","og_image":[{"width":2560,"height":1704,"url":"https:\/\/esbozodeportivo.com\/wp-content\/uploads\/2025\/09\/DSC07202-scaled.jpg","type":"image\/jpeg"}],"author":"Redacci\u00f3n","twitter_card":"summary_large_image","twitter_misc":{"Escrito por":"Redacci\u00f3n","Tiempo de lectura":"3 minutos"},"schema":{"@context":"https:\/\/schema.org","@graph":[{"@type":"Article","@id":"https:\/\/esbozodeportivo.com\/index.php\/2025\/09\/24\/la-catrina-fest-2025-celebrara-su-12a-edicion-en-el-parque-aztlan\/#article","isPartOf":{"@id":"https:\/\/esbozodeportivo.com\/index.php\/2025\/09\/24\/la-catrina-fest-2025-celebrara-su-12a-edicion-en-el-parque-aztlan\/"},"author":{"name":"Redacci\u00f3n","@id":"https:\/\/esbozodeportivo.com\/#\/schema\/person\/0f6df9196dfe6740dd0bb31bae50d374"},"headline":"La Catrina Fest 2025 celebrar\u00e1 su 12\u00aa edici\u00f3n en el Parque Aztl\u00e1n","datePublished":"2025-09-25T02:56:50+00:00","dateModified":"2025-09-25T02:56:51+00:00","mainEntityOfPage":{"@id":"https:\/\/esbozodeportivo.com\/index.php\/2025\/09\/24\/la-catrina-fest-2025-celebrara-su-12a-edicion-en-el-parque-aztlan\/"},"wordCount":355,"publisher":{"@id":"https:\/\/esbozodeportivo.com\/#organization"},"image":{"@id":"https:\/\/esbozodeportivo.com\/index.php\/2025\/09\/24\/la-catrina-fest-2025-celebrara-su-12a-edicion-en-el-parque-aztlan\/#primaryimage"},"thumbnailUrl":"https:\/\/esbozodeportivo.com\/wp-content\/uploads\/2025\/09\/DSC07202-scaled.jpg","articleSection":["Cultura"],"inLanguage":"es"},{"@type":"WebPage","@id":"https:\/\/esbozodeportivo.com\/index.php\/2025\/09\/24\/la-catrina-fest-2025-celebrara-su-12a-edicion-en-el-parque-aztlan\/","url":"https:\/\/esbozodeportivo.com\/index.php\/2025\/09\/24\/la-catrina-fest-2025-celebrara-su-12a-edicion-en-el-parque-aztlan\/","name":"La Catrina Fest 2025 celebrar\u00e1 su 12\u00aa edici\u00f3n en el Parque Aztl\u00e1n - Esbozo Deportivo","isPartOf":{"@id":"https:\/\/esbozodeportivo.com\/#website"},"primaryImageOfPage":{"@id":"https:\/\/esbozodeportivo.com\/index.php\/2025\/09\/24\/la-catrina-fest-2025-celebrara-su-12a-edicion-en-el-parque-aztlan\/#primaryimage"},"image":{"@id":"https:\/\/esbozodeportivo.com\/index.php\/2025\/09\/24\/la-catrina-fest-2025-celebrara-su-12a-edicion-en-el-parque-aztlan\/#primaryimage"},"thumbnailUrl":"https:\/\/esbozodeportivo.com\/wp-content\/uploads\/2025\/09\/DSC07202-scaled.jpg","datePublished":"2025-09-25T02:56:50+00:00","dateModified":"2025-09-25T02:56:51+00:00","description":"La tradicional celebraci\u00f3n de D\u00eda de Muertos, La Catrina Fest MX, regresa en su edici\u00f3n n\u00famero 12 con un despliegue de arte, cultura y tradici\u00f3n que se llevar\u00e1 a cabo del 7 de octubre al 11 de noviembre en el renovado Parque Aztl\u00e1n, ubicado en la Segunda Secci\u00f3n del Bosque de Chapultepec.","breadcrumb":{"@id":"https:\/\/esbozodeportivo.com\/index.php\/2025\/09\/24\/la-catrina-fest-2025-celebrara-su-12a-edicion-en-el-parque-aztlan\/#breadcrumb"},"inLanguage":"es","potentialAction":[{"@type":"ReadAction","target":["https:\/\/esbozodeportivo.com\/index.php\/2025\/09\/24\/la-catrina-fest-2025-celebrara-su-12a-edicion-en-el-parque-aztlan\/"]}]},{"@type":"ImageObject","inLanguage":"es","@id":"https:\/\/esbozodeportivo.com\/index.php\/2025\/09\/24\/la-catrina-fest-2025-celebrara-su-12a-edicion-en-el-parque-aztlan\/#primaryimage","url":"https:\/\/esbozodeportivo.com\/wp-content\/uploads\/2025\/09\/DSC07202-scaled.jpg","contentUrl":"https:\/\/esbozodeportivo.com\/wp-content\/uploads\/2025\/09\/DSC07202-scaled.jpg","width":2560,"height":1704},{"@type":"BreadcrumbList","@id":"https:\/\/esbozodeportivo.com\/index.php\/2025\/09\/24\/la-catrina-fest-2025-celebrara-su-12a-edicion-en-el-parque-aztlan\/#breadcrumb","itemListElement":[{"@type":"ListItem","position":1,"name":"Inicio","item":"https:\/\/esbozodeportivo.com\/"},{"@type":"ListItem","position":2,"name":"La Catrina Fest 2025 celebrar\u00e1 su 12\u00aa edici\u00f3n en el Parque Aztl\u00e1n"}]},{"@type":"WebSite","@id":"https:\/\/esbozodeportivo.com\/#website","url":"https:\/\/esbozodeportivo.com\/","name":"Esbozo Deportivo","description":"Lo m\u00e1s importante del Deporte","publisher":{"@id":"https:\/\/esbozodeportivo.com\/#organization"},"potentialAction":[{"@type":"SearchAction","target":{"@type":"EntryPoint","urlTemplate":"https:\/\/esbozodeportivo.com\/?s={search_term_string}"},"query-input":{"@type":"PropertyValueSpecification","valueRequired":true,"valueName":"search_term_string"}}],"inLanguage":"es"},{"@type":"Organization","@id":"https:\/\/esbozodeportivo.com\/#organization","name":"Esbozo Deportivo","url":"https:\/\/esbozodeportivo.com\/","logo":{"@type":"ImageObject","inLanguage":"es","@id":"https:\/\/esbozodeportivo.com\/#\/schema\/logo\/image\/","url":"https:\/\/esbozodeportivo.com\/wp-content\/uploads\/2022\/08\/cropped-Logo-Esbozo-Web-2.png","contentUrl":"https:\/\/esbozodeportivo.com\/wp-content\/uploads\/2022\/08\/cropped-Logo-Esbozo-Web-2.png","width":180,"height":50,"caption":"Esbozo Deportivo"},"image":{"@id":"https:\/\/esbozodeportivo.com\/#\/schema\/logo\/image\/"}},{"@type":"Person","@id":"https:\/\/esbozodeportivo.com\/#\/schema\/person\/0f6df9196dfe6740dd0bb31bae50d374","name":"Redacci\u00f3n","image":{"@type":"ImageObject","inLanguage":"es","@id":"https:\/\/esbozodeportivo.com\/#\/schema\/person\/image\/","url":"https:\/\/secure.gravatar.com\/avatar\/f55268a89c3b418f2ef172ff52ab0d09b3e653c58de29539fe329fb93d78ebf3?s=96&d=mm&r=g","contentUrl":"https:\/\/secure.gravatar.com\/avatar\/f55268a89c3b418f2ef172ff52ab0d09b3e653c58de29539fe329fb93d78ebf3?s=96&d=mm&r=g","caption":"Redacci\u00f3n"},"url":"https:\/\/esbozodeportivo.com\/index.php\/author\/redaccion\/"}]}},"jetpack_featured_media_url":"https:\/\/esbozodeportivo.com\/wp-content\/uploads\/2025\/09\/DSC07202-scaled.jpg","jetpack_sharing_enabled":true,"_links":{"self":[{"href":"https:\/\/esbozodeportivo.com\/index.php\/wp-json\/wp\/v2\/posts\/10020","targetHints":{"allow":["GET"]}}],"collection":[{"href":"https:\/\/esbozodeportivo.com\/index.php\/wp-json\/wp\/v2\/posts"}],"about":[{"href":"https:\/\/esbozodeportivo.com\/index.php\/wp-json\/wp\/v2\/types\/post"}],"author":[{"embeddable":true,"href":"https:\/\/esbozodeportivo.com\/index.php\/wp-json\/wp\/v2\/users\/4"}],"replies":[{"embeddable":true,"href":"https:\/\/esbozodeportivo.com\/index.php\/wp-json\/wp\/v2\/comments?post=10020"}],"version-history":[{"count":1,"href":"https:\/\/esbozodeportivo.com\/index.php\/wp-json\/wp\/v2\/posts\/10020\/revisions"}],"predecessor-version":[{"id":10026,"href":"https:\/\/esbozodeportivo.com\/index.php\/wp-json\/wp\/v2\/posts\/10020\/revisions\/10026"}],"wp:featuredmedia":[{"embeddable":true,"href":"https:\/\/esbozodeportivo.com\/index.php\/wp-json\/wp\/v2\/media\/10023"}],"wp:attachment":[{"href":"https:\/\/esbozodeportivo.com\/index.php\/wp-json\/wp\/v2\/media?parent=10020"}],"wp:term":[{"taxonomy":"category","embeddable":true,"href":"https:\/\/esbozodeportivo.com\/index.php\/wp-json\/wp\/v2\/categories?post=10020"},{"taxonomy":"post_tag","embeddable":true,"href":"https:\/\/esbozodeportivo.com\/index.php\/wp-json\/wp\/v2\/tags?post=10020"}],"curies":[{"name":"wp","href":"https:\/\/api.w.org\/{rel}","templated":true}]}}