{"id":10059,"date":"2025-09-25T23:20:06","date_gmt":"2025-09-26T05:20:06","guid":{"rendered":"https:\/\/esbozodeportivo.com\/?p=10059"},"modified":"2025-09-25T23:20:07","modified_gmt":"2025-09-26T05:20:07","slug":"se-les-aparecio-el-diablo-a-rayados-al-caer-6-2","status":"publish","type":"post","link":"https:\/\/esbozodeportivo.com\/index.php\/2025\/09\/25\/se-les-aparecio-el-diablo-a-rayados-al-caer-6-2\/","title":{"rendered":"Se les apareci\u00f3 el Diablo a Rayados al caer 6-2"},"content":{"rendered":"\n<p>(Foto: Agencias) <\/p>\n\n\n\n<p>El campe\u00f3n <strong>Toluca<\/strong> se destap\u00f3 el mi\u00e9rcoles con una escandalosa goleada de 6-2 sobre <strong>Monterrey<\/strong>, afectado por un penal que <strong>Sergio Ramos<\/strong> dilapid\u00f3 cuando los Rayados estaban arriba en el marcador del duelo del torneo <strong>Apertura de la Liga MX.<\/strong><\/p>\n\n\n\n<p><strong>Paulinho <\/strong>se agasaj\u00f3 con un triplete (25, 40 y 52 minutos) mientras que <strong>Nicol\u00e1s Castro <\/strong>aport\u00f3 un doblete (34 y 62) y <strong>Jes\u00fas Angulo<\/strong> logr\u00f3 otro tanto (23) en la peor paliza que han propinado los escarlatas en la temporada.<\/p>\n\n\n\n<p><strong>Germ\u00e1n Berterame<\/strong> mand\u00f3 moment\u00e1neamente adelante a los <strong>Rayados<\/strong> a los 10 minutos, mientras que <strong>\u00d3liver Torres<\/strong> marc\u00f3 el segundo a los 39, en una primera mitad en la que se fueron abajo 4-2.<\/p>\n\n\n\n<p><strong>Ramos<\/strong> pec\u00f3 de exceso de confianza a los 20 minutos, cuando se alist\u00f3 para hacer el cobro del penal que les hubiera dado la ventaja por 2-0. Su cobro a lo <strong>Panenka<\/strong> lleg\u00f3 al portero <strong>Hugo Gonz\u00e1lez<\/strong>, quien esper\u00f3 el bal\u00f3n sin moverse.<\/p>\n\n\n\n<p>El estelar zaguero espa\u00f1ol ya hab\u00eda tenido la oportunidad de marcar su \u00fanico tanto en esta temporada con un penal que ejecut\u00f3 en la sexta jornada ante <strong>Necaxa<\/strong> (3-0). La campa\u00f1a pasada mand\u00f3 a las redes la \u00fanica ejecuci\u00f3n de pena m\u00e1xima que tuvo en el Cl\u00e1sico regio ante <strong>Tigres.<\/strong><\/p>\n\n\n\n<p><strong>Toluca<\/strong> hilvan\u00f3 su cuarta victoria para desplazar de la segunda posici\u00f3n a los propios <strong>Rayados<\/strong> al contar con 22 puntos. Los criterios de desempate est\u00e1n del lado de los <strong>Diablos Rojos.<\/strong><\/p>\n\n\n\n<p><strong>Monterrey<\/strong> sufri\u00f3 su segundo rev\u00e9s del curso, en el que tuvo una racha de siete victorias. Es tercero en la clasificaci\u00f3n que lidera <strong>Cruz Azul<\/strong>.<\/p>\n\n\n\n<p><\/p>\n","protected":false},"excerpt":{"rendered":"<p>(Foto: Agencias) El campe\u00f3n Toluca se destap\u00f3 el mi\u00e9rcoles con una escandalosa goleada de 6-2<\/p>\n","protected":false},"author":4,"featured_media":10053,"comment_status":"closed","ping_status":"open","sticky":false,"template":"","format":"standard","meta":{"_jetpack_memberships_contains_paid_content":false,"footnotes":""},"categories":[20],"tags":[],"class_list":["post-10059","post","type-post","status-publish","format-standard","has-post-thumbnail","hentry","category-liga"],"yoast_head":"<!-- This site is optimized with the Yoast SEO plugin v25.7 - https:\/\/yoast.com\/wordpress\/plugins\/seo\/ -->\n<title>Se les apareci\u00f3 el Diablo a Rayados al caer 6-2 - Esbozo Deportivo<\/title>\n<meta name=\"description\" content=\"El campe\u00f3n Toluca se destap\u00f3 el mi\u00e9rcoles con una escandalosa goleada de 6-2 sobre Monterrey, afectado por un penal que Sergio Ramos dilapid\u00f3 cuando los Rayados estaban arriba en el marcador del duelo del torneo Apertura de la Liga MX.\" \/>\n<meta name=\"robots\" content=\"index, follow, max-snippet:-1, max-image-preview:large, max-video-preview:-1\" \/>\n<link rel=\"canonical\" href=\"https:\/\/esbozodeportivo.com\/index.php\/2025\/09\/25\/se-les-aparecio-el-diablo-a-rayados-al-caer-6-2\/\" \/>\n<meta property=\"og:locale\" content=\"es_MX\" \/>\n<meta property=\"og:type\" content=\"article\" \/>\n<meta property=\"og:title\" content=\"Se les apareci\u00f3 el Diablo a Rayados al caer 6-2 - Esbozo Deportivo\" \/>\n<meta property=\"og:description\" content=\"El campe\u00f3n Toluca se destap\u00f3 el mi\u00e9rcoles con una escandalosa goleada de 6-2 sobre Monterrey, afectado por un penal que Sergio Ramos dilapid\u00f3 cuando los Rayados estaban arriba en el marcador del duelo del torneo Apertura de la Liga MX.\" \/>\n<meta property=\"og:url\" content=\"https:\/\/esbozodeportivo.com\/index.php\/2025\/09\/25\/se-les-aparecio-el-diablo-a-rayados-al-caer-6-2\/\" \/>\n<meta property=\"og:site_name\" content=\"Esbozo Deportivo\" \/>\n<meta property=\"article:published_time\" content=\"2025-09-26T05:20:06+00:00\" \/>\n<meta property=\"article:modified_time\" content=\"2025-09-26T05:20:07+00:00\" \/>\n<meta property=\"og:image\" content=\"https:\/\/esbozodeportivo.com\/wp-content\/uploads\/2025\/09\/Futbol-5.jpg\" \/>\n\t<meta property=\"og:image:width\" content=\"740\" \/>\n\t<meta property=\"og:image:height\" content=\"555\" \/>\n\t<meta property=\"og:image:type\" content=\"image\/jpeg\" \/>\n<meta name=\"author\" content=\"Redacci\u00f3n\" \/>\n<meta name=\"twitter:card\" content=\"summary_large_image\" \/>\n<meta name=\"twitter:label1\" content=\"Escrito por\" \/>\n\t<meta name=\"twitter:data1\" content=\"Redacci\u00f3n\" \/>\n\t<meta name=\"twitter:label2\" content=\"Tiempo de lectura\" \/>\n\t<meta name=\"twitter:data2\" content=\"2 minutos\" \/>\n<script type=\"application\/ld+json\" class=\"yoast-schema-graph\">{\"@context\":\"https:\/\/schema.org\",\"@graph\":[{\"@type\":\"Article\",\"@id\":\"https:\/\/esbozodeportivo.com\/index.php\/2025\/09\/25\/se-les-aparecio-el-diablo-a-rayados-al-caer-6-2\/#article\",\"isPartOf\":{\"@id\":\"https:\/\/esbozodeportivo.com\/index.php\/2025\/09\/25\/se-les-aparecio-el-diablo-a-rayados-al-caer-6-2\/\"},\"author\":{\"name\":\"Redacci\u00f3n\",\"@id\":\"https:\/\/esbozodeportivo.com\/#\/schema\/person\/0f6df9196dfe6740dd0bb31bae50d374\"},\"headline\":\"Se les apareci\u00f3 el Diablo a Rayados al caer 6-2\",\"datePublished\":\"2025-09-26T05:20:06+00:00\",\"dateModified\":\"2025-09-26T05:20:07+00:00\",\"mainEntityOfPage\":{\"@id\":\"https:\/\/esbozodeportivo.com\/index.php\/2025\/09\/25\/se-les-aparecio-el-diablo-a-rayados-al-caer-6-2\/\"},\"wordCount\":282,\"publisher\":{\"@id\":\"https:\/\/esbozodeportivo.com\/#organization\"},\"image\":{\"@id\":\"https:\/\/esbozodeportivo.com\/index.php\/2025\/09\/25\/se-les-aparecio-el-diablo-a-rayados-al-caer-6-2\/#primaryimage\"},\"thumbnailUrl\":\"https:\/\/esbozodeportivo.com\/wp-content\/uploads\/2025\/09\/Futbol-5.jpg\",\"articleSection\":[\"Liga MX\"],\"inLanguage\":\"es\"},{\"@type\":\"WebPage\",\"@id\":\"https:\/\/esbozodeportivo.com\/index.php\/2025\/09\/25\/se-les-aparecio-el-diablo-a-rayados-al-caer-6-2\/\",\"url\":\"https:\/\/esbozodeportivo.com\/index.php\/2025\/09\/25\/se-les-aparecio-el-diablo-a-rayados-al-caer-6-2\/\",\"name\":\"Se les apareci\u00f3 el Diablo a Rayados al caer 6-2 - Esbozo Deportivo\",\"isPartOf\":{\"@id\":\"https:\/\/esbozodeportivo.com\/#website\"},\"primaryImageOfPage\":{\"@id\":\"https:\/\/esbozodeportivo.com\/index.php\/2025\/09\/25\/se-les-aparecio-el-diablo-a-rayados-al-caer-6-2\/#primaryimage\"},\"image\":{\"@id\":\"https:\/\/esbozodeportivo.com\/index.php\/2025\/09\/25\/se-les-aparecio-el-diablo-a-rayados-al-caer-6-2\/#primaryimage\"},\"thumbnailUrl\":\"https:\/\/esbozodeportivo.com\/wp-content\/uploads\/2025\/09\/Futbol-5.jpg\",\"datePublished\":\"2025-09-26T05:20:06+00:00\",\"dateModified\":\"2025-09-26T05:20:07+00:00\",\"description\":\"El campe\u00f3n Toluca se destap\u00f3 el mi\u00e9rcoles con una escandalosa goleada de 6-2 sobre Monterrey, afectado por un penal que Sergio Ramos dilapid\u00f3 cuando los Rayados estaban arriba en el marcador del duelo del torneo Apertura de la Liga MX.\",\"breadcrumb\":{\"@id\":\"https:\/\/esbozodeportivo.com\/index.php\/2025\/09\/25\/se-les-aparecio-el-diablo-a-rayados-al-caer-6-2\/#breadcrumb\"},\"inLanguage\":\"es\",\"potentialAction\":[{\"@type\":\"ReadAction\",\"target\":[\"https:\/\/esbozodeportivo.com\/index.php\/2025\/09\/25\/se-les-aparecio-el-diablo-a-rayados-al-caer-6-2\/\"]}]},{\"@type\":\"ImageObject\",\"inLanguage\":\"es\",\"@id\":\"https:\/\/esbozodeportivo.com\/index.php\/2025\/09\/25\/se-les-aparecio-el-diablo-a-rayados-al-caer-6-2\/#primaryimage\",\"url\":\"https:\/\/esbozodeportivo.com\/wp-content\/uploads\/2025\/09\/Futbol-5.jpg\",\"contentUrl\":\"https:\/\/esbozodeportivo.com\/wp-content\/uploads\/2025\/09\/Futbol-5.jpg\",\"width\":740,\"height\":555},{\"@type\":\"BreadcrumbList\",\"@id\":\"https:\/\/esbozodeportivo.com\/index.php\/2025\/09\/25\/se-les-aparecio-el-diablo-a-rayados-al-caer-6-2\/#breadcrumb\",\"itemListElement\":[{\"@type\":\"ListItem\",\"position\":1,\"name\":\"Inicio\",\"item\":\"https:\/\/esbozodeportivo.com\/\"},{\"@type\":\"ListItem\",\"position\":2,\"name\":\"Se les apareci\u00f3 el Diablo a Rayados al caer 6-2\"}]},{\"@type\":\"WebSite\",\"@id\":\"https:\/\/esbozodeportivo.com\/#website\",\"url\":\"https:\/\/esbozodeportivo.com\/\",\"name\":\"Esbozo Deportivo\",\"description\":\"Lo m\u00e1s importante del Deporte\",\"publisher\":{\"@id\":\"https:\/\/esbozodeportivo.com\/#organization\"},\"potentialAction\":[{\"@type\":\"SearchAction\",\"target\":{\"@type\":\"EntryPoint\",\"urlTemplate\":\"https:\/\/esbozodeportivo.com\/?s={search_term_string}\"},\"query-input\":{\"@type\":\"PropertyValueSpecification\",\"valueRequired\":true,\"valueName\":\"search_term_string\"}}],\"inLanguage\":\"es\"},{\"@type\":\"Organization\",\"@id\":\"https:\/\/esbozodeportivo.com\/#organization\",\"name\":\"Esbozo Deportivo\",\"url\":\"https:\/\/esbozodeportivo.com\/\",\"logo\":{\"@type\":\"ImageObject\",\"inLanguage\":\"es\",\"@id\":\"https:\/\/esbozodeportivo.com\/#\/schema\/logo\/image\/\",\"url\":\"https:\/\/esbozodeportivo.com\/wp-content\/uploads\/2022\/08\/cropped-Logo-Esbozo-Web-2.png\",\"contentUrl\":\"https:\/\/esbozodeportivo.com\/wp-content\/uploads\/2022\/08\/cropped-Logo-Esbozo-Web-2.png\",\"width\":180,\"height\":50,\"caption\":\"Esbozo Deportivo\"},\"image\":{\"@id\":\"https:\/\/esbozodeportivo.com\/#\/schema\/logo\/image\/\"}},{\"@type\":\"Person\",\"@id\":\"https:\/\/esbozodeportivo.com\/#\/schema\/person\/0f6df9196dfe6740dd0bb31bae50d374\",\"name\":\"Redacci\u00f3n\",\"image\":{\"@type\":\"ImageObject\",\"inLanguage\":\"es\",\"@id\":\"https:\/\/esbozodeportivo.com\/#\/schema\/person\/image\/\",\"url\":\"https:\/\/secure.gravatar.com\/avatar\/f55268a89c3b418f2ef172ff52ab0d09b3e653c58de29539fe329fb93d78ebf3?s=96&d=mm&r=g\",\"contentUrl\":\"https:\/\/secure.gravatar.com\/avatar\/f55268a89c3b418f2ef172ff52ab0d09b3e653c58de29539fe329fb93d78ebf3?s=96&d=mm&r=g\",\"caption\":\"Redacci\u00f3n\"},\"url\":\"https:\/\/esbozodeportivo.com\/index.php\/author\/redaccion\/\"}]}<\/script>\n<!-- \/ Yoast SEO plugin. -->","yoast_head_json":{"title":"Se les apareci\u00f3 el Diablo a Rayados al caer 6-2 - Esbozo Deportivo","description":"El campe\u00f3n Toluca se destap\u00f3 el mi\u00e9rcoles con una escandalosa goleada de 6-2 sobre Monterrey, afectado por un penal que Sergio Ramos dilapid\u00f3 cuando los Rayados estaban arriba en el marcador del duelo del torneo Apertura de la Liga MX.","robots":{"index":"index","follow":"follow","max-snippet":"max-snippet:-1","max-image-preview":"max-image-preview:large","max-video-preview":"max-video-preview:-1"},"canonical":"https:\/\/esbozodeportivo.com\/index.php\/2025\/09\/25\/se-les-aparecio-el-diablo-a-rayados-al-caer-6-2\/","og_locale":"es_MX","og_type":"article","og_title":"Se les apareci\u00f3 el Diablo a Rayados al caer 6-2 - Esbozo Deportivo","og_description":"El campe\u00f3n Toluca se destap\u00f3 el mi\u00e9rcoles con una escandalosa goleada de 6-2 sobre Monterrey, afectado por un penal que Sergio Ramos dilapid\u00f3 cuando los Rayados estaban arriba en el marcador del duelo del torneo Apertura de la Liga MX.","og_url":"https:\/\/esbozodeportivo.com\/index.php\/2025\/09\/25\/se-les-aparecio-el-diablo-a-rayados-al-caer-6-2\/","og_site_name":"Esbozo Deportivo","article_published_time":"2025-09-26T05:20:06+00:00","article_modified_time":"2025-09-26T05:20:07+00:00","og_image":[{"width":740,"height":555,"url":"https:\/\/esbozodeportivo.com\/wp-content\/uploads\/2025\/09\/Futbol-5.jpg","type":"image\/jpeg"}],"author":"Redacci\u00f3n","twitter_card":"summary_large_image","twitter_misc":{"Escrito por":"Redacci\u00f3n","Tiempo de lectura":"2 minutos"},"schema":{"@context":"https:\/\/schema.org","@graph":[{"@type":"Article","@id":"https:\/\/esbozodeportivo.com\/index.php\/2025\/09\/25\/se-les-aparecio-el-diablo-a-rayados-al-caer-6-2\/#article","isPartOf":{"@id":"https:\/\/esbozodeportivo.com\/index.php\/2025\/09\/25\/se-les-aparecio-el-diablo-a-rayados-al-caer-6-2\/"},"author":{"name":"Redacci\u00f3n","@id":"https:\/\/esbozodeportivo.com\/#\/schema\/person\/0f6df9196dfe6740dd0bb31bae50d374"},"headline":"Se les apareci\u00f3 el Diablo a Rayados al caer 6-2","datePublished":"2025-09-26T05:20:06+00:00","dateModified":"2025-09-26T05:20:07+00:00","mainEntityOfPage":{"@id":"https:\/\/esbozodeportivo.com\/index.php\/2025\/09\/25\/se-les-aparecio-el-diablo-a-rayados-al-caer-6-2\/"},"wordCount":282,"publisher":{"@id":"https:\/\/esbozodeportivo.com\/#organization"},"image":{"@id":"https:\/\/esbozodeportivo.com\/index.php\/2025\/09\/25\/se-les-aparecio-el-diablo-a-rayados-al-caer-6-2\/#primaryimage"},"thumbnailUrl":"https:\/\/esbozodeportivo.com\/wp-content\/uploads\/2025\/09\/Futbol-5.jpg","articleSection":["Liga MX"],"inLanguage":"es"},{"@type":"WebPage","@id":"https:\/\/esbozodeportivo.com\/index.php\/2025\/09\/25\/se-les-aparecio-el-diablo-a-rayados-al-caer-6-2\/","url":"https:\/\/esbozodeportivo.com\/index.php\/2025\/09\/25\/se-les-aparecio-el-diablo-a-rayados-al-caer-6-2\/","name":"Se les apareci\u00f3 el Diablo a Rayados al caer 6-2 - Esbozo Deportivo","isPartOf":{"@id":"https:\/\/esbozodeportivo.com\/#website"},"primaryImageOfPage":{"@id":"https:\/\/esbozodeportivo.com\/index.php\/2025\/09\/25\/se-les-aparecio-el-diablo-a-rayados-al-caer-6-2\/#primaryimage"},"image":{"@id":"https:\/\/esbozodeportivo.com\/index.php\/2025\/09\/25\/se-les-aparecio-el-diablo-a-rayados-al-caer-6-2\/#primaryimage"},"thumbnailUrl":"https:\/\/esbozodeportivo.com\/wp-content\/uploads\/2025\/09\/Futbol-5.jpg","datePublished":"2025-09-26T05:20:06+00:00","dateModified":"2025-09-26T05:20:07+00:00","description":"El campe\u00f3n Toluca se destap\u00f3 el mi\u00e9rcoles con una escandalosa goleada de 6-2 sobre Monterrey, afectado por un penal que Sergio Ramos dilapid\u00f3 cuando los Rayados estaban arriba en el marcador del duelo del torneo Apertura de la Liga MX.","breadcrumb":{"@id":"https:\/\/esbozodeportivo.com\/index.php\/2025\/09\/25\/se-les-aparecio-el-diablo-a-rayados-al-caer-6-2\/#breadcrumb"},"inLanguage":"es","potentialAction":[{"@type":"ReadAction","target":["https:\/\/esbozodeportivo.com\/index.php\/2025\/09\/25\/se-les-aparecio-el-diablo-a-rayados-al-caer-6-2\/"]}]},{"@type":"ImageObject","inLanguage":"es","@id":"https:\/\/esbozodeportivo.com\/index.php\/2025\/09\/25\/se-les-aparecio-el-diablo-a-rayados-al-caer-6-2\/#primaryimage","url":"https:\/\/esbozodeportivo.com\/wp-content\/uploads\/2025\/09\/Futbol-5.jpg","contentUrl":"https:\/\/esbozodeportivo.com\/wp-content\/uploads\/2025\/09\/Futbol-5.jpg","width":740,"height":555},{"@type":"BreadcrumbList","@id":"https:\/\/esbozodeportivo.com\/index.php\/2025\/09\/25\/se-les-aparecio-el-diablo-a-rayados-al-caer-6-2\/#breadcrumb","itemListElement":[{"@type":"ListItem","position":1,"name":"Inicio","item":"https:\/\/esbozodeportivo.com\/"},{"@type":"ListItem","position":2,"name":"Se les apareci\u00f3 el Diablo a Rayados al caer 6-2"}]},{"@type":"WebSite","@id":"https:\/\/esbozodeportivo.com\/#website","url":"https:\/\/esbozodeportivo.com\/","name":"Esbozo Deportivo","description":"Lo m\u00e1s importante del Deporte","publisher":{"@id":"https:\/\/esbozodeportivo.com\/#organization"},"potentialAction":[{"@type":"SearchAction","target":{"@type":"EntryPoint","urlTemplate":"https:\/\/esbozodeportivo.com\/?s={search_term_string}"},"query-input":{"@type":"PropertyValueSpecification","valueRequired":true,"valueName":"search_term_string"}}],"inLanguage":"es"},{"@type":"Organization","@id":"https:\/\/esbozodeportivo.com\/#organization","name":"Esbozo Deportivo","url":"https:\/\/esbozodeportivo.com\/","logo":{"@type":"ImageObject","inLanguage":"es","@id":"https:\/\/esbozodeportivo.com\/#\/schema\/logo\/image\/","url":"https:\/\/esbozodeportivo.com\/wp-content\/uploads\/2022\/08\/cropped-Logo-Esbozo-Web-2.png","contentUrl":"https:\/\/esbozodeportivo.com\/wp-content\/uploads\/2022\/08\/cropped-Logo-Esbozo-Web-2.png","width":180,"height":50,"caption":"Esbozo Deportivo"},"image":{"@id":"https:\/\/esbozodeportivo.com\/#\/schema\/logo\/image\/"}},{"@type":"Person","@id":"https:\/\/esbozodeportivo.com\/#\/schema\/person\/0f6df9196dfe6740dd0bb31bae50d374","name":"Redacci\u00f3n","image":{"@type":"ImageObject","inLanguage":"es","@id":"https:\/\/esbozodeportivo.com\/#\/schema\/person\/image\/","url":"https:\/\/secure.gravatar.com\/avatar\/f55268a89c3b418f2ef172ff52ab0d09b3e653c58de29539fe329fb93d78ebf3?s=96&d=mm&r=g","contentUrl":"https:\/\/secure.gravatar.com\/avatar\/f55268a89c3b418f2ef172ff52ab0d09b3e653c58de29539fe329fb93d78ebf3?s=96&d=mm&r=g","caption":"Redacci\u00f3n"},"url":"https:\/\/esbozodeportivo.com\/index.php\/author\/redaccion\/"}]}},"jetpack_featured_media_url":"https:\/\/esbozodeportivo.com\/wp-content\/uploads\/2025\/09\/Futbol-5.jpg","jetpack_sharing_enabled":true,"_links":{"self":[{"href":"https:\/\/esbozodeportivo.com\/index.php\/wp-json\/wp\/v2\/posts\/10059","targetHints":{"allow":["GET"]}}],"collection":[{"href":"https:\/\/esbozodeportivo.com\/index.php\/wp-json\/wp\/v2\/posts"}],"about":[{"href":"https:\/\/esbozodeportivo.com\/index.php\/wp-json\/wp\/v2\/types\/post"}],"author":[{"embeddable":true,"href":"https:\/\/esbozodeportivo.com\/index.php\/wp-json\/wp\/v2\/users\/4"}],"replies":[{"embeddable":true,"href":"https:\/\/esbozodeportivo.com\/index.php\/wp-json\/wp\/v2\/comments?post=10059"}],"version-history":[{"count":1,"href":"https:\/\/esbozodeportivo.com\/index.php\/wp-json\/wp\/v2\/posts\/10059\/revisions"}],"predecessor-version":[{"id":10060,"href":"https:\/\/esbozodeportivo.com\/index.php\/wp-json\/wp\/v2\/posts\/10059\/revisions\/10060"}],"wp:featuredmedia":[{"embeddable":true,"href":"https:\/\/esbozodeportivo.com\/index.php\/wp-json\/wp\/v2\/media\/10053"}],"wp:attachment":[{"href":"https:\/\/esbozodeportivo.com\/index.php\/wp-json\/wp\/v2\/media?parent=10059"}],"wp:term":[{"taxonomy":"category","embeddable":true,"href":"https:\/\/esbozodeportivo.com\/index.php\/wp-json\/wp\/v2\/categories?post=10059"},{"taxonomy":"post_tag","embeddable":true,"href":"https:\/\/esbozodeportivo.com\/index.php\/wp-json\/wp\/v2\/tags?post=10059"}],"curies":[{"name":"wp","href":"https:\/\/api.w.org\/{rel}","templated":true}]}}