{"id":10063,"date":"2025-09-25T23:29:08","date_gmt":"2025-09-26T05:29:08","guid":{"rendered":"https:\/\/esbozodeportivo.com\/?p=10063"},"modified":"2025-09-25T23:29:10","modified_gmt":"2025-09-26T05:29:10","slug":"se-inauguro-con-exito-la-xv-copa-centro-en-san-luis-potosi","status":"publish","type":"post","link":"https:\/\/esbozodeportivo.com\/index.php\/2025\/09\/25\/se-inauguro-con-exito-la-xv-copa-centro-en-san-luis-potosi\/","title":{"rendered":"Se inaugur\u00f3 con \u00e9xito la XV Copa Centro en San Luis Potos\u00ed"},"content":{"rendered":"\n<p><strong>Fernanda Rosales (Foto: FMG) <\/strong><\/p>\n\n\n\n<ul class=\"wp-block-list\">\n<li>Se jugar\u00e1 del 25 al 28 de septiembre en San Luis Potos\u00ed<\/li>\n\n\n\n<li>La Loma Club de Golf, Club Campestre de San Luis y Alquer\u00edas de Pozos Golf Course son las sedes de esta edici\u00f3n.<\/li>\n\n\n\n<li>Copa Centro da inicio a la temporada infantil juvenil 2025-2026<\/li>\n\n\n\n<li>Joshua Hong y Mar\u00eda Alcocer fueron los campeones en la edici\u00f3n anterior<\/li>\n<\/ul>\n\n\n\n<p>San Luis Potos\u00ed (25 de septiembre 2025) \u2013 La edici\u00f3n n\u00famero quince de la <strong>Copa Centro<\/strong> se inaugur\u00f3 con \u00e9xito este jueves en las instalaciones de La Loma Club de Golf, evento que se jugar\u00e1 del <strong>25 al 28 de septiembre del 2025<\/strong> en la <strong>Loma Club de Golf, Club Campestre de San Luis y en Alquer\u00edas de Pozos Golf Course<\/strong>, siendo as\u00ed el arranque de la temporada 2025-2026 sancionado por el <strong>Comit\u00e9 Nacional Infantil Juvenil<\/strong> de la Federaci\u00f3n Mexicana de Golf.<\/p>\n\n\n\n<p>El evento inaugural cont\u00f3 con la presencia de <strong>Carlos Gerardo L\u00f3pez Medina<\/strong>, Presidente del Consejo de Administraci\u00f3n de La Loma Club de Golf, <strong>Jorge G\u00f3mez Buenrostro<\/strong>, Presidente del Consejo de Administraci\u00f3n del Club Campestre de San Luis, <strong>Emilio Villarreal Montemayor<\/strong>, Presidente de la Mesa Directiva de Alquer\u00edas de Pozos, <strong>Javier Villanueva<\/strong>, Director de la Mexican Junior Golf Association, <strong>Santiago Casado<\/strong>, Director Jungle Golf, <strong>Eduardo Topete<\/strong>, Presidente Nacional de Reglas y Director de Reglas de Copa Centro; <strong>Lili \u00c1lvarez<\/strong>, Directora General de la FMG, <strong>Selena Azcu\u00e9<\/strong>, Directora del Comit\u00e9 Infantil Juvenil FMG, <strong>David Fuentes<\/strong>, Presidente Infantiles Juveniles Zona GADO, <strong>Julio Villarreal<\/strong>, Presidente Infantiles Juveniles Zona Norte, <strong>Diego Camelo<\/strong>, Presidente Infantiles Juveniles Zona Sur y <strong>Yayoi Garc\u00eda<\/strong>, Presidenta Infantiles Juveniles Golf Zona Centro; a quien se le otorg\u00f3 un reconocimiento por su invaluable trayectoria en el medio golf\u00edstico.<\/p>\n\n\n\n<figure class=\"wp-block-image size-large\"><img loading=\"lazy\" decoding=\"async\" width=\"1024\" height=\"682\" src=\"https:\/\/esbozodeportivo.com\/wp-content\/uploads\/2025\/09\/Golf1-2-1024x682.jpg\" alt=\"\" class=\"wp-image-10055\" srcset=\"https:\/\/esbozodeportivo.com\/wp-content\/uploads\/2025\/09\/Golf1-2-1024x682.jpg 1024w, https:\/\/esbozodeportivo.com\/wp-content\/uploads\/2025\/09\/Golf1-2-300x200.jpg 300w, https:\/\/esbozodeportivo.com\/wp-content\/uploads\/2025\/09\/Golf1-2-768x511.jpg 768w, https:\/\/esbozodeportivo.com\/wp-content\/uploads\/2025\/09\/Golf1-2-1536x1022.jpg 1536w, https:\/\/esbozodeportivo.com\/wp-content\/uploads\/2025\/09\/Golf1-2.jpg 1600w\" sizes=\"auto, (max-width: 1024px) 100vw, 1024px\" \/><\/figure>\n\n\n\n<p><strong>Drive Inaugural (Foto: FMG) <\/strong><\/p>\n\n\n\n<p>As\u00ed como la presencia de <strong>Martha Patricia Gonz\u00e1lez \u00c1lvarez<\/strong>, Vicepresidenta de la Asociaci\u00f3n Mexicana Femenil de Golf, <strong>Elsa Guadalupe Castillo Calder\u00f3n<\/strong>, Comit\u00e9 de Infantiles Juveniles del Club Campestre de San Luis, <strong>Gerardo Serrano Delgado<\/strong>, Director General de La Loma Club de Golf, <strong>Rodrigo Garc\u00eda Cortazar<\/strong>, Director de La Loma, <strong>Eduardo Manuel Cant\u00fa Ortiz y Jes\u00fas Edgardo Mart\u00edn del Campo Lara<\/strong>, miembros del Comit\u00e9 de Golf de La Loma; <strong>Roberto Mart\u00ednez<\/strong>, Presidente Comit\u00e9 de Golf de Alquer\u00edas de Pozos, <strong>\u00d3scar Silos D\u00edaz de Le\u00f3n<\/strong>, Director General del Club Campestre de San Luis y <strong>Rolando Daniel Delgado Silva<\/strong>, Director de Golf del Club Campestre de San Luis.<\/p>\n\n\n\n<p>De igual manera, se premiaron a los tres primeros lugares de cada categor\u00eda del ranking del Mexico Junior Golf Tour 2024-2025 con la presencia de los padres de familia y jugadores que competir\u00e1n este fin de semana.<\/p>\n\n\n\n<p>En esta edici\u00f3n, la <strong>Categor\u00eda 18 y menores<\/strong> jugar\u00e1 en <strong>La Loma Club de Golf<\/strong>, la <strong>15 y menores<\/strong> en el <strong>Club Campestre de San Luis<\/strong> y en <strong>Alquer\u00edas de Pozos Golf Course<\/strong> jugar\u00e1 la <strong>7 y menores<\/strong>.<\/p>\n\n\n\n<p><strong>PROGRAMA DEL EVENTO<\/strong><\/p>\n\n\n\n<p><strong>Viernes 26 de septiembre<\/strong><\/p>\n\n\n\n<ul class=\"wp-block-list\">\n<li>6:30 hrs &#8211; 1ra Ronda<\/li>\n<\/ul>\n\n\n\n<p><strong>S\u00e1bado 27 de septiembre<\/strong><\/p>\n\n\n\n<ul class=\"wp-block-list\">\n<li>6:30 hrs &#8211; 2da Ronda<\/li>\n<\/ul>\n\n\n\n<p><strong>Domingo 28 de septiembre<\/strong><\/p>\n\n\n\n<ul class=\"wp-block-list\">\n<li>Ronda final<\/li>\n\n\n\n<li>Premiaci\u00f3n y clausura al t\u00e9rmino de la ronda en cada campo<\/li>\n<\/ul>\n\n\n\n<p><strong>CONSULTA LOS RESULTADOS AQU\u00cd: <\/strong><a href=\"https:\/\/fmg.org.mx\/eventos\/xv-copa-centro\/\"><strong>https:\/\/fmg.org.mx\/eventos\/xv-copa-centro\/<\/strong><\/a><strong>&nbsp;<\/strong><\/p>\n\n\n\n<figure class=\"wp-block-image size-large\"><img loading=\"lazy\" decoding=\"async\" width=\"1024\" height=\"682\" src=\"https:\/\/esbozodeportivo.com\/wp-content\/uploads\/2025\/09\/Golf2-2-1024x682.jpg\" alt=\"\" class=\"wp-image-10056\" srcset=\"https:\/\/esbozodeportivo.com\/wp-content\/uploads\/2025\/09\/Golf2-2-1024x682.jpg 1024w, https:\/\/esbozodeportivo.com\/wp-content\/uploads\/2025\/09\/Golf2-2-300x200.jpg 300w, https:\/\/esbozodeportivo.com\/wp-content\/uploads\/2025\/09\/Golf2-2-768x511.jpg 768w, https:\/\/esbozodeportivo.com\/wp-content\/uploads\/2025\/09\/Golf2-2-1536x1022.jpg 1536w, https:\/\/esbozodeportivo.com\/wp-content\/uploads\/2025\/09\/Golf2-2.jpg 1600w\" sizes=\"auto, (max-width: 1024px) 100vw, 1024px\" \/><\/figure>\n\n\n\n<p><strong>Mauricio Carbajo, Presidente de Golf Zona Centro, Selena Azcu\u00e9, directora de Comit\u00e9 Nacional Infantil Juvenil FMG, Yayoi Garc\u00eda, Presidenta Infantiles Juveniles Golf Zona Centro y Eric Aguirre Palencia, Presidente del CNIJ (de derecha a izquierda) (Foto: FMG) <\/strong><\/p>\n\n\n\n<p><\/p>\n","protected":false},"excerpt":{"rendered":"<p>Fernanda Rosales (Foto: FMG) San Luis Potos\u00ed (25 de septiembre 2025) \u2013 La edici\u00f3n n\u00famero<\/p>\n","protected":false},"author":4,"featured_media":10054,"comment_status":"closed","ping_status":"open","sticky":false,"template":"","format":"standard","meta":{"_jetpack_memberships_contains_paid_content":false,"footnotes":""},"categories":[83],"tags":[],"class_list":["post-10063","post","type-post","status-publish","format-standard","has-post-thumbnail","hentry","category-federacion-mexicana-de-golf"],"yoast_head":"<!-- This site is optimized with the Yoast SEO plugin v25.7 - https:\/\/yoast.com\/wordpress\/plugins\/seo\/ -->\n<title>Se inaugur\u00f3 con \u00e9xito la XV Copa Centro en San Luis Potos\u00ed - Esbozo Deportivo<\/title>\n<meta name=\"description\" content=\"San Luis Potos\u00ed (25 de septiembre 2025) \u2013 La edici\u00f3n n\u00famero quince de la Copa Centro se inaugur\u00f3 con \u00e9xito este jueves en las instalaciones de La Loma Club de Golf, evento que se jugar\u00e1 del 25 al 28 de septiembre del 2025 en la Loma Club de Golf, Club Campestre de San Luis y en Alquer\u00edas de Pozos Golf Course, siendo as\u00ed el arranque de la temporada 2025-2026 sancionado por el Comit\u00e9 Nacional Infantil Juvenil de la Federaci\u00f3n Mexicana de Golf.\" \/>\n<meta name=\"robots\" content=\"index, follow, max-snippet:-1, max-image-preview:large, max-video-preview:-1\" \/>\n<link rel=\"canonical\" href=\"https:\/\/esbozodeportivo.com\/index.php\/2025\/09\/25\/se-inauguro-con-exito-la-xv-copa-centro-en-san-luis-potosi\/\" \/>\n<meta property=\"og:locale\" content=\"es_MX\" \/>\n<meta property=\"og:type\" content=\"article\" \/>\n<meta property=\"og:title\" content=\"Se inaugur\u00f3 con \u00e9xito la XV Copa Centro en San Luis Potos\u00ed - Esbozo Deportivo\" \/>\n<meta property=\"og:description\" content=\"San Luis Potos\u00ed (25 de septiembre 2025) \u2013 La edici\u00f3n n\u00famero quince de la Copa Centro se inaugur\u00f3 con \u00e9xito este jueves en las instalaciones de La Loma Club de Golf, evento que se jugar\u00e1 del 25 al 28 de septiembre del 2025 en la Loma Club de Golf, Club Campestre de San Luis y en Alquer\u00edas de Pozos Golf Course, siendo as\u00ed el arranque de la temporada 2025-2026 sancionado por el Comit\u00e9 Nacional Infantil Juvenil de la Federaci\u00f3n Mexicana de Golf.\" \/>\n<meta property=\"og:url\" content=\"https:\/\/esbozodeportivo.com\/index.php\/2025\/09\/25\/se-inauguro-con-exito-la-xv-copa-centro-en-san-luis-potosi\/\" \/>\n<meta property=\"og:site_name\" content=\"Esbozo Deportivo\" \/>\n<meta property=\"article:published_time\" content=\"2025-09-26T05:29:08+00:00\" \/>\n<meta property=\"article:modified_time\" content=\"2025-09-26T05:29:10+00:00\" \/>\n<meta property=\"og:image\" content=\"https:\/\/esbozodeportivo.com\/wp-content\/uploads\/2025\/09\/Golf-8.jpg\" \/>\n\t<meta property=\"og:image:width\" content=\"1600\" \/>\n\t<meta property=\"og:image:height\" content=\"1128\" \/>\n\t<meta property=\"og:image:type\" content=\"image\/jpeg\" \/>\n<meta name=\"author\" content=\"Redacci\u00f3n\" \/>\n<meta name=\"twitter:card\" content=\"summary_large_image\" \/>\n<meta name=\"twitter:label1\" content=\"Escrito por\" \/>\n\t<meta name=\"twitter:data1\" content=\"Redacci\u00f3n\" \/>\n\t<meta name=\"twitter:label2\" content=\"Tiempo de lectura\" \/>\n\t<meta name=\"twitter:data2\" content=\"4 minutos\" \/>\n<script type=\"application\/ld+json\" class=\"yoast-schema-graph\">{\"@context\":\"https:\/\/schema.org\",\"@graph\":[{\"@type\":\"Article\",\"@id\":\"https:\/\/esbozodeportivo.com\/index.php\/2025\/09\/25\/se-inauguro-con-exito-la-xv-copa-centro-en-san-luis-potosi\/#article\",\"isPartOf\":{\"@id\":\"https:\/\/esbozodeportivo.com\/index.php\/2025\/09\/25\/se-inauguro-con-exito-la-xv-copa-centro-en-san-luis-potosi\/\"},\"author\":{\"name\":\"Redacci\u00f3n\",\"@id\":\"https:\/\/esbozodeportivo.com\/#\/schema\/person\/0f6df9196dfe6740dd0bb31bae50d374\"},\"headline\":\"Se inaugur\u00f3 con \u00e9xito la XV Copa Centro en San Luis Potos\u00ed\",\"datePublished\":\"2025-09-26T05:29:08+00:00\",\"dateModified\":\"2025-09-26T05:29:10+00:00\",\"mainEntityOfPage\":{\"@id\":\"https:\/\/esbozodeportivo.com\/index.php\/2025\/09\/25\/se-inauguro-con-exito-la-xv-copa-centro-en-san-luis-potosi\/\"},\"wordCount\":578,\"publisher\":{\"@id\":\"https:\/\/esbozodeportivo.com\/#organization\"},\"image\":{\"@id\":\"https:\/\/esbozodeportivo.com\/index.php\/2025\/09\/25\/se-inauguro-con-exito-la-xv-copa-centro-en-san-luis-potosi\/#primaryimage\"},\"thumbnailUrl\":\"https:\/\/esbozodeportivo.com\/wp-content\/uploads\/2025\/09\/Golf-8.jpg\",\"articleSection\":[\"Federaci\u00f3n Mexicana de Golf\"],\"inLanguage\":\"es\"},{\"@type\":\"WebPage\",\"@id\":\"https:\/\/esbozodeportivo.com\/index.php\/2025\/09\/25\/se-inauguro-con-exito-la-xv-copa-centro-en-san-luis-potosi\/\",\"url\":\"https:\/\/esbozodeportivo.com\/index.php\/2025\/09\/25\/se-inauguro-con-exito-la-xv-copa-centro-en-san-luis-potosi\/\",\"name\":\"Se inaugur\u00f3 con \u00e9xito la XV Copa Centro en San Luis Potos\u00ed - Esbozo Deportivo\",\"isPartOf\":{\"@id\":\"https:\/\/esbozodeportivo.com\/#website\"},\"primaryImageOfPage\":{\"@id\":\"https:\/\/esbozodeportivo.com\/index.php\/2025\/09\/25\/se-inauguro-con-exito-la-xv-copa-centro-en-san-luis-potosi\/#primaryimage\"},\"image\":{\"@id\":\"https:\/\/esbozodeportivo.com\/index.php\/2025\/09\/25\/se-inauguro-con-exito-la-xv-copa-centro-en-san-luis-potosi\/#primaryimage\"},\"thumbnailUrl\":\"https:\/\/esbozodeportivo.com\/wp-content\/uploads\/2025\/09\/Golf-8.jpg\",\"datePublished\":\"2025-09-26T05:29:08+00:00\",\"dateModified\":\"2025-09-26T05:29:10+00:00\",\"description\":\"San Luis Potos\u00ed (25 de septiembre 2025) \u2013 La edici\u00f3n n\u00famero quince de la Copa Centro se inaugur\u00f3 con \u00e9xito este jueves en las instalaciones de La Loma Club de Golf, evento que se jugar\u00e1 del 25 al 28 de septiembre del 2025 en la Loma Club de Golf, Club Campestre de San Luis y en Alquer\u00edas de Pozos Golf Course, siendo as\u00ed el arranque de la temporada 2025-2026 sancionado por el Comit\u00e9 Nacional Infantil Juvenil de la Federaci\u00f3n Mexicana de Golf.\",\"breadcrumb\":{\"@id\":\"https:\/\/esbozodeportivo.com\/index.php\/2025\/09\/25\/se-inauguro-con-exito-la-xv-copa-centro-en-san-luis-potosi\/#breadcrumb\"},\"inLanguage\":\"es\",\"potentialAction\":[{\"@type\":\"ReadAction\",\"target\":[\"https:\/\/esbozodeportivo.com\/index.php\/2025\/09\/25\/se-inauguro-con-exito-la-xv-copa-centro-en-san-luis-potosi\/\"]}]},{\"@type\":\"ImageObject\",\"inLanguage\":\"es\",\"@id\":\"https:\/\/esbozodeportivo.com\/index.php\/2025\/09\/25\/se-inauguro-con-exito-la-xv-copa-centro-en-san-luis-potosi\/#primaryimage\",\"url\":\"https:\/\/esbozodeportivo.com\/wp-content\/uploads\/2025\/09\/Golf-8.jpg\",\"contentUrl\":\"https:\/\/esbozodeportivo.com\/wp-content\/uploads\/2025\/09\/Golf-8.jpg\",\"width\":1600,\"height\":1128},{\"@type\":\"BreadcrumbList\",\"@id\":\"https:\/\/esbozodeportivo.com\/index.php\/2025\/09\/25\/se-inauguro-con-exito-la-xv-copa-centro-en-san-luis-potosi\/#breadcrumb\",\"itemListElement\":[{\"@type\":\"ListItem\",\"position\":1,\"name\":\"Inicio\",\"item\":\"https:\/\/esbozodeportivo.com\/\"},{\"@type\":\"ListItem\",\"position\":2,\"name\":\"Se inaugur\u00f3 con \u00e9xito la XV Copa Centro en San Luis Potos\u00ed\"}]},{\"@type\":\"WebSite\",\"@id\":\"https:\/\/esbozodeportivo.com\/#website\",\"url\":\"https:\/\/esbozodeportivo.com\/\",\"name\":\"Esbozo Deportivo\",\"description\":\"Lo m\u00e1s importante del Deporte\",\"publisher\":{\"@id\":\"https:\/\/esbozodeportivo.com\/#organization\"},\"potentialAction\":[{\"@type\":\"SearchAction\",\"target\":{\"@type\":\"EntryPoint\",\"urlTemplate\":\"https:\/\/esbozodeportivo.com\/?s={search_term_string}\"},\"query-input\":{\"@type\":\"PropertyValueSpecification\",\"valueRequired\":true,\"valueName\":\"search_term_string\"}}],\"inLanguage\":\"es\"},{\"@type\":\"Organization\",\"@id\":\"https:\/\/esbozodeportivo.com\/#organization\",\"name\":\"Esbozo Deportivo\",\"url\":\"https:\/\/esbozodeportivo.com\/\",\"logo\":{\"@type\":\"ImageObject\",\"inLanguage\":\"es\",\"@id\":\"https:\/\/esbozodeportivo.com\/#\/schema\/logo\/image\/\",\"url\":\"https:\/\/esbozodeportivo.com\/wp-content\/uploads\/2022\/08\/cropped-Logo-Esbozo-Web-2.png\",\"contentUrl\":\"https:\/\/esbozodeportivo.com\/wp-content\/uploads\/2022\/08\/cropped-Logo-Esbozo-Web-2.png\",\"width\":180,\"height\":50,\"caption\":\"Esbozo Deportivo\"},\"image\":{\"@id\":\"https:\/\/esbozodeportivo.com\/#\/schema\/logo\/image\/\"}},{\"@type\":\"Person\",\"@id\":\"https:\/\/esbozodeportivo.com\/#\/schema\/person\/0f6df9196dfe6740dd0bb31bae50d374\",\"name\":\"Redacci\u00f3n\",\"image\":{\"@type\":\"ImageObject\",\"inLanguage\":\"es\",\"@id\":\"https:\/\/esbozodeportivo.com\/#\/schema\/person\/image\/\",\"url\":\"https:\/\/secure.gravatar.com\/avatar\/f55268a89c3b418f2ef172ff52ab0d09b3e653c58de29539fe329fb93d78ebf3?s=96&d=mm&r=g\",\"contentUrl\":\"https:\/\/secure.gravatar.com\/avatar\/f55268a89c3b418f2ef172ff52ab0d09b3e653c58de29539fe329fb93d78ebf3?s=96&d=mm&r=g\",\"caption\":\"Redacci\u00f3n\"},\"url\":\"https:\/\/esbozodeportivo.com\/index.php\/author\/redaccion\/\"}]}<\/script>\n<!-- \/ Yoast SEO plugin. -->","yoast_head_json":{"title":"Se inaugur\u00f3 con \u00e9xito la XV Copa Centro en San Luis Potos\u00ed - Esbozo Deportivo","description":"San Luis Potos\u00ed (25 de septiembre 2025) \u2013 La edici\u00f3n n\u00famero quince de la Copa Centro se inaugur\u00f3 con \u00e9xito este jueves en las instalaciones de La Loma Club de Golf, evento que se jugar\u00e1 del 25 al 28 de septiembre del 2025 en la Loma Club de Golf, Club Campestre de San Luis y en Alquer\u00edas de Pozos Golf Course, siendo as\u00ed el arranque de la temporada 2025-2026 sancionado por el Comit\u00e9 Nacional Infantil Juvenil de la Federaci\u00f3n Mexicana de Golf.","robots":{"index":"index","follow":"follow","max-snippet":"max-snippet:-1","max-image-preview":"max-image-preview:large","max-video-preview":"max-video-preview:-1"},"canonical":"https:\/\/esbozodeportivo.com\/index.php\/2025\/09\/25\/se-inauguro-con-exito-la-xv-copa-centro-en-san-luis-potosi\/","og_locale":"es_MX","og_type":"article","og_title":"Se inaugur\u00f3 con \u00e9xito la XV Copa Centro en San Luis Potos\u00ed - Esbozo Deportivo","og_description":"San Luis Potos\u00ed (25 de septiembre 2025) \u2013 La edici\u00f3n n\u00famero quince de la Copa Centro se inaugur\u00f3 con \u00e9xito este jueves en las instalaciones de La Loma Club de Golf, evento que se jugar\u00e1 del 25 al 28 de septiembre del 2025 en la Loma Club de Golf, Club Campestre de San Luis y en Alquer\u00edas de Pozos Golf Course, siendo as\u00ed el arranque de la temporada 2025-2026 sancionado por el Comit\u00e9 Nacional Infantil Juvenil de la Federaci\u00f3n Mexicana de Golf.","og_url":"https:\/\/esbozodeportivo.com\/index.php\/2025\/09\/25\/se-inauguro-con-exito-la-xv-copa-centro-en-san-luis-potosi\/","og_site_name":"Esbozo Deportivo","article_published_time":"2025-09-26T05:29:08+00:00","article_modified_time":"2025-09-26T05:29:10+00:00","og_image":[{"width":1600,"height":1128,"url":"https:\/\/esbozodeportivo.com\/wp-content\/uploads\/2025\/09\/Golf-8.jpg","type":"image\/jpeg"}],"author":"Redacci\u00f3n","twitter_card":"summary_large_image","twitter_misc":{"Escrito por":"Redacci\u00f3n","Tiempo de lectura":"4 minutos"},"schema":{"@context":"https:\/\/schema.org","@graph":[{"@type":"Article","@id":"https:\/\/esbozodeportivo.com\/index.php\/2025\/09\/25\/se-inauguro-con-exito-la-xv-copa-centro-en-san-luis-potosi\/#article","isPartOf":{"@id":"https:\/\/esbozodeportivo.com\/index.php\/2025\/09\/25\/se-inauguro-con-exito-la-xv-copa-centro-en-san-luis-potosi\/"},"author":{"name":"Redacci\u00f3n","@id":"https:\/\/esbozodeportivo.com\/#\/schema\/person\/0f6df9196dfe6740dd0bb31bae50d374"},"headline":"Se inaugur\u00f3 con \u00e9xito la XV Copa Centro en San Luis Potos\u00ed","datePublished":"2025-09-26T05:29:08+00:00","dateModified":"2025-09-26T05:29:10+00:00","mainEntityOfPage":{"@id":"https:\/\/esbozodeportivo.com\/index.php\/2025\/09\/25\/se-inauguro-con-exito-la-xv-copa-centro-en-san-luis-potosi\/"},"wordCount":578,"publisher":{"@id":"https:\/\/esbozodeportivo.com\/#organization"},"image":{"@id":"https:\/\/esbozodeportivo.com\/index.php\/2025\/09\/25\/se-inauguro-con-exito-la-xv-copa-centro-en-san-luis-potosi\/#primaryimage"},"thumbnailUrl":"https:\/\/esbozodeportivo.com\/wp-content\/uploads\/2025\/09\/Golf-8.jpg","articleSection":["Federaci\u00f3n Mexicana de Golf"],"inLanguage":"es"},{"@type":"WebPage","@id":"https:\/\/esbozodeportivo.com\/index.php\/2025\/09\/25\/se-inauguro-con-exito-la-xv-copa-centro-en-san-luis-potosi\/","url":"https:\/\/esbozodeportivo.com\/index.php\/2025\/09\/25\/se-inauguro-con-exito-la-xv-copa-centro-en-san-luis-potosi\/","name":"Se inaugur\u00f3 con \u00e9xito la XV Copa Centro en San Luis Potos\u00ed - Esbozo Deportivo","isPartOf":{"@id":"https:\/\/esbozodeportivo.com\/#website"},"primaryImageOfPage":{"@id":"https:\/\/esbozodeportivo.com\/index.php\/2025\/09\/25\/se-inauguro-con-exito-la-xv-copa-centro-en-san-luis-potosi\/#primaryimage"},"image":{"@id":"https:\/\/esbozodeportivo.com\/index.php\/2025\/09\/25\/se-inauguro-con-exito-la-xv-copa-centro-en-san-luis-potosi\/#primaryimage"},"thumbnailUrl":"https:\/\/esbozodeportivo.com\/wp-content\/uploads\/2025\/09\/Golf-8.jpg","datePublished":"2025-09-26T05:29:08+00:00","dateModified":"2025-09-26T05:29:10+00:00","description":"San Luis Potos\u00ed (25 de septiembre 2025) \u2013 La edici\u00f3n n\u00famero quince de la Copa Centro se inaugur\u00f3 con \u00e9xito este jueves en las instalaciones de La Loma Club de Golf, evento que se jugar\u00e1 del 25 al 28 de septiembre del 2025 en la Loma Club de Golf, Club Campestre de San Luis y en Alquer\u00edas de Pozos Golf Course, siendo as\u00ed el arranque de la temporada 2025-2026 sancionado por el Comit\u00e9 Nacional Infantil Juvenil de la Federaci\u00f3n Mexicana de Golf.","breadcrumb":{"@id":"https:\/\/esbozodeportivo.com\/index.php\/2025\/09\/25\/se-inauguro-con-exito-la-xv-copa-centro-en-san-luis-potosi\/#breadcrumb"},"inLanguage":"es","potentialAction":[{"@type":"ReadAction","target":["https:\/\/esbozodeportivo.com\/index.php\/2025\/09\/25\/se-inauguro-con-exito-la-xv-copa-centro-en-san-luis-potosi\/"]}]},{"@type":"ImageObject","inLanguage":"es","@id":"https:\/\/esbozodeportivo.com\/index.php\/2025\/09\/25\/se-inauguro-con-exito-la-xv-copa-centro-en-san-luis-potosi\/#primaryimage","url":"https:\/\/esbozodeportivo.com\/wp-content\/uploads\/2025\/09\/Golf-8.jpg","contentUrl":"https:\/\/esbozodeportivo.com\/wp-content\/uploads\/2025\/09\/Golf-8.jpg","width":1600,"height":1128},{"@type":"BreadcrumbList","@id":"https:\/\/esbozodeportivo.com\/index.php\/2025\/09\/25\/se-inauguro-con-exito-la-xv-copa-centro-en-san-luis-potosi\/#breadcrumb","itemListElement":[{"@type":"ListItem","position":1,"name":"Inicio","item":"https:\/\/esbozodeportivo.com\/"},{"@type":"ListItem","position":2,"name":"Se inaugur\u00f3 con \u00e9xito la XV Copa Centro en San Luis Potos\u00ed"}]},{"@type":"WebSite","@id":"https:\/\/esbozodeportivo.com\/#website","url":"https:\/\/esbozodeportivo.com\/","name":"Esbozo Deportivo","description":"Lo m\u00e1s importante del Deporte","publisher":{"@id":"https:\/\/esbozodeportivo.com\/#organization"},"potentialAction":[{"@type":"SearchAction","target":{"@type":"EntryPoint","urlTemplate":"https:\/\/esbozodeportivo.com\/?s={search_term_string}"},"query-input":{"@type":"PropertyValueSpecification","valueRequired":true,"valueName":"search_term_string"}}],"inLanguage":"es"},{"@type":"Organization","@id":"https:\/\/esbozodeportivo.com\/#organization","name":"Esbozo Deportivo","url":"https:\/\/esbozodeportivo.com\/","logo":{"@type":"ImageObject","inLanguage":"es","@id":"https:\/\/esbozodeportivo.com\/#\/schema\/logo\/image\/","url":"https:\/\/esbozodeportivo.com\/wp-content\/uploads\/2022\/08\/cropped-Logo-Esbozo-Web-2.png","contentUrl":"https:\/\/esbozodeportivo.com\/wp-content\/uploads\/2022\/08\/cropped-Logo-Esbozo-Web-2.png","width":180,"height":50,"caption":"Esbozo Deportivo"},"image":{"@id":"https:\/\/esbozodeportivo.com\/#\/schema\/logo\/image\/"}},{"@type":"Person","@id":"https:\/\/esbozodeportivo.com\/#\/schema\/person\/0f6df9196dfe6740dd0bb31bae50d374","name":"Redacci\u00f3n","image":{"@type":"ImageObject","inLanguage":"es","@id":"https:\/\/esbozodeportivo.com\/#\/schema\/person\/image\/","url":"https:\/\/secure.gravatar.com\/avatar\/f55268a89c3b418f2ef172ff52ab0d09b3e653c58de29539fe329fb93d78ebf3?s=96&d=mm&r=g","contentUrl":"https:\/\/secure.gravatar.com\/avatar\/f55268a89c3b418f2ef172ff52ab0d09b3e653c58de29539fe329fb93d78ebf3?s=96&d=mm&r=g","caption":"Redacci\u00f3n"},"url":"https:\/\/esbozodeportivo.com\/index.php\/author\/redaccion\/"}]}},"jetpack_featured_media_url":"https:\/\/esbozodeportivo.com\/wp-content\/uploads\/2025\/09\/Golf-8.jpg","jetpack_sharing_enabled":true,"_links":{"self":[{"href":"https:\/\/esbozodeportivo.com\/index.php\/wp-json\/wp\/v2\/posts\/10063","targetHints":{"allow":["GET"]}}],"collection":[{"href":"https:\/\/esbozodeportivo.com\/index.php\/wp-json\/wp\/v2\/posts"}],"about":[{"href":"https:\/\/esbozodeportivo.com\/index.php\/wp-json\/wp\/v2\/types\/post"}],"author":[{"embeddable":true,"href":"https:\/\/esbozodeportivo.com\/index.php\/wp-json\/wp\/v2\/users\/4"}],"replies":[{"embeddable":true,"href":"https:\/\/esbozodeportivo.com\/index.php\/wp-json\/wp\/v2\/comments?post=10063"}],"version-history":[{"count":1,"href":"https:\/\/esbozodeportivo.com\/index.php\/wp-json\/wp\/v2\/posts\/10063\/revisions"}],"predecessor-version":[{"id":10064,"href":"https:\/\/esbozodeportivo.com\/index.php\/wp-json\/wp\/v2\/posts\/10063\/revisions\/10064"}],"wp:featuredmedia":[{"embeddable":true,"href":"https:\/\/esbozodeportivo.com\/index.php\/wp-json\/wp\/v2\/media\/10054"}],"wp:attachment":[{"href":"https:\/\/esbozodeportivo.com\/index.php\/wp-json\/wp\/v2\/media?parent=10063"}],"wp:term":[{"taxonomy":"category","embeddable":true,"href":"https:\/\/esbozodeportivo.com\/index.php\/wp-json\/wp\/v2\/categories?post=10063"},{"taxonomy":"post_tag","embeddable":true,"href":"https:\/\/esbozodeportivo.com\/index.php\/wp-json\/wp\/v2\/tags?post=10063"}],"curies":[{"name":"wp","href":"https:\/\/api.w.org\/{rel}","templated":true}]}}