{"id":10155,"date":"2025-09-30T20:00:57","date_gmt":"2025-10-01T02:00:57","guid":{"rendered":"https:\/\/esbozodeportivo.com\/?p=10155"},"modified":"2025-09-30T20:00:58","modified_gmt":"2025-10-01T02:00:58","slug":"este-sabado-la-5k-del-indet","status":"publish","type":"post","link":"https:\/\/esbozodeportivo.com\/index.php\/2025\/09\/30\/este-sabado-la-5k-del-indet\/","title":{"rendered":"Este s\u00e1bado, la 5K del INDET"},"content":{"rendered":"\n<p>(Foto: esbozodeportivo) <\/p>\n\n\n\n<p><strong>Por Adolfo Cort\u00e9s V.<\/strong><\/p>\n\n\n\n<p>Con la presencia de <strong>1, 400 participantes<\/strong> procedentes del <strong>Estado de M\u00e9xico,<\/strong> <strong>Puebla, Hidalgo, Tlaxcala, Morelos<\/strong> y la <strong>Ciudad de M\u00e9xico<\/strong> se realizar\u00e1 este s\u00e1bado, en las instalaciones del <strong>Centro Vacacional IMSS Oaxtepec \u201cAdolfo L\u00f3pez Mateos\u201d<\/strong>, la carrera atl\u00e9tica de <strong>5 kil\u00f3metros<\/strong> del Instituto del Deporte de los Trabajadores <strong>(INDET).<\/strong><\/p>\n\n\n\n<p>El profesor <strong>Pablo Reyes<\/strong>, secretario ejecutivo del <strong>INDET<\/strong>, dio a conocer lo anterior en rueda de prensa donde estuvo acompa\u00f1ado por <strong>Gonzalo Rodr\u00edguez,<\/strong> subdirector general del organismo, <strong>Jos\u00e9 Luis Rico<\/strong>, coordinador general de la justa y la maestra <strong>Martha Silvia Y\u00e1\u00f1ez<\/strong>, responsable de la subdirecci\u00f3n de activaci\u00f3n f\u00edsica de los trabajadores.<\/p>\n\n\n\n<p>\u201cEl <strong>Instituto del Deporte de los Trabajadores<\/strong> contin\u00faa llevando este programa de activaci\u00f3n f\u00edsica para impulsar el deporte y la recreaci\u00f3n con la idea que los mexicanos nos sumemos en esta campa\u00f1a por una vida saludable. El programa que manejamos <strong>Ponte Pila<\/strong> se lleva de manera directa en los centros de trabajos, fabricas, empresas, instituciones del gobierno federal, estatal, municipal, del sector salud, sindicatos y con el \u00e1rea de seguridad p\u00fablica\u201d dijo <strong>Reyes Osorio.<\/strong><\/p>\n\n\n\n<figure class=\"wp-block-image size-large\"><img loading=\"lazy\" decoding=\"async\" width=\"1024\" height=\"682\" src=\"https:\/\/esbozodeportivo.com\/wp-content\/uploads\/2025\/09\/DSC08665-1024x682.jpg\" alt=\"\" class=\"wp-image-10163\" srcset=\"https:\/\/esbozodeportivo.com\/wp-content\/uploads\/2025\/09\/DSC08665-1024x682.jpg 1024w, https:\/\/esbozodeportivo.com\/wp-content\/uploads\/2025\/09\/DSC08665-300x200.jpg 300w, https:\/\/esbozodeportivo.com\/wp-content\/uploads\/2025\/09\/DSC08665-768x511.jpg 768w, https:\/\/esbozodeportivo.com\/wp-content\/uploads\/2025\/09\/DSC08665-1536x1022.jpg 1536w, https:\/\/esbozodeportivo.com\/wp-content\/uploads\/2025\/09\/DSC08665-2048x1363.jpg 2048w\" sizes=\"auto, (max-width: 1024px) 100vw, 1024px\" \/><\/figure>\n\n\n\n<p>(Foto: esbozodeportivo) <\/p>\n\n\n\n<p>\u201cDeseamos llevar la salud a los trabajadores y vamos contra el sedentarismo, ese gran mal que tenemos en nuestra sociedad, y estamos trabajando en alianza con la <strong>CONADE<\/strong>. Es una labor bastante amplia y aqu\u00ed entra la carrera atl\u00e9tica de los cinco kil\u00f3metros con la \u00fanica meta que el trabajador comience a caminar, trotar y correr con su familia. Queremos que todos entren al maravilloso mundo de las carreras\u201d, agreg\u00f3 <strong>Reyes Osorio<\/strong>.<\/p>\n\n\n\n<p>Por su parte, <strong>Jos\u00e9 Luis Rico<\/strong> dio a conocer que la justa tendr\u00e1 <strong>10 categor\u00edas<\/strong> de adultos e infantiles con <strong>76 premios<\/strong> y salida en la pista sint\u00e9tica a las <strong>9:30 AM del<\/strong> estadio del IMSS.<\/p>\n\n\n\n<p>\u201cTendremos actividad para ni\u00f1os desde los tres a\u00f1os y adultos mayores hasta los <strong>70 a\u00f1os en varonil y femenil<\/strong> siendo las marcas para vencer en categor\u00eda libre femenil <strong>20 minutos y 53 segundos<\/strong> en poder de <strong>Mariana Gabriel Nativitas<\/strong> y 16 minutos y 13 segundos de <strong>Armando Cabrera<\/strong> en varones\u201d.<\/p>\n\n\n\n<figure class=\"wp-block-image size-large is-resized\"><img loading=\"lazy\" decoding=\"async\" width=\"682\" height=\"1024\" src=\"https:\/\/esbozodeportivo.com\/wp-content\/uploads\/2025\/09\/DSC08569-682x1024.jpg\" alt=\"\" class=\"wp-image-10159\" style=\"width:740px;height:auto\" srcset=\"https:\/\/esbozodeportivo.com\/wp-content\/uploads\/2025\/09\/DSC08569-682x1024.jpg 682w, https:\/\/esbozodeportivo.com\/wp-content\/uploads\/2025\/09\/DSC08569-200x300.jpg 200w, https:\/\/esbozodeportivo.com\/wp-content\/uploads\/2025\/09\/DSC08569-768x1154.jpg 768w, https:\/\/esbozodeportivo.com\/wp-content\/uploads\/2025\/09\/DSC08569-1022x1536.jpg 1022w, https:\/\/esbozodeportivo.com\/wp-content\/uploads\/2025\/09\/DSC08569-1363x2048.jpg 1363w, https:\/\/esbozodeportivo.com\/wp-content\/uploads\/2025\/09\/DSC08569-1024x1538.jpg 1024w, https:\/\/esbozodeportivo.com\/wp-content\/uploads\/2025\/09\/DSC08569-scaled.jpg 1704w\" sizes=\"auto, (max-width: 682px) 100vw, 682px\" \/><\/figure>\n\n\n\n<p>(Foto: esbozodeportivo) <\/p>\n\n\n\n<p>La justa <strong>5K<\/strong> es un pre\u00e1mbulo a los 53 <strong>Juegos Nacionales Deportivo<\/strong> de los Trabajadores que se realizar\u00e1n del <strong>9 al 13 de noviembre<\/strong>.<\/p>\n\n\n\n<p>Finalmente, la maestra <strong>Martha Silvia Y\u00e1\u00f1ez<\/strong>, destac\u00f3 el crecimiento del programa de recreaci\u00f3n de los trabajadores.<\/p>\n\n\n\n<p>\u201cTenemos un gran equipo y estamos creciendo a nivel nacional. Hay empresas que pagan los vi\u00e1ticos para nuestros embajadores deportivos. <strong>Tlaxcala y Chiapas<\/strong> son las que m\u00e1s atenci\u00f3n solicitan. Trabajamos con las empresas toda la semana y con algunas empresas atendemos m\u00e1s de mil empleados por d\u00eda porque entre otras cosas el programa atiende el stress laboral y muchos ven ese beneficio para sus trabajadores&#8221;.<\/p>\n\n\n\n<figure class=\"wp-block-image size-large\"><img loading=\"lazy\" decoding=\"async\" width=\"1024\" height=\"682\" src=\"https:\/\/esbozodeportivo.com\/wp-content\/uploads\/2025\/09\/DSC08557-1024x682.jpg\" alt=\"\" class=\"wp-image-10156\" srcset=\"https:\/\/esbozodeportivo.com\/wp-content\/uploads\/2025\/09\/DSC08557-1024x682.jpg 1024w, https:\/\/esbozodeportivo.com\/wp-content\/uploads\/2025\/09\/DSC08557-300x200.jpg 300w, https:\/\/esbozodeportivo.com\/wp-content\/uploads\/2025\/09\/DSC08557-768x511.jpg 768w, https:\/\/esbozodeportivo.com\/wp-content\/uploads\/2025\/09\/DSC08557-1536x1022.jpg 1536w, https:\/\/esbozodeportivo.com\/wp-content\/uploads\/2025\/09\/DSC08557-2048x1363.jpg 2048w\" sizes=\"auto, (max-width: 1024px) 100vw, 1024px\" \/><\/figure>\n\n\n\n<p>(Foto: esbozodeportivo) <\/p>\n\n\n\n<p><\/p>\n","protected":false},"excerpt":{"rendered":"<p>(Foto: esbozodeportivo) Por Adolfo Cort\u00e9s V. Con la presencia de 1, 400 participantes procedentes del<\/p>\n","protected":false},"author":3,"featured_media":10161,"comment_status":"closed","ping_status":"open","sticky":false,"template":"","format":"standard","meta":{"_jetpack_memberships_contains_paid_content":false,"footnotes":""},"categories":[5],"tags":[],"class_list":["post-10155","post","type-post","status-publish","format-standard","has-post-thumbnail","hentry","category-amateur"],"yoast_head":"<!-- This site is optimized with the Yoast SEO plugin v25.7 - https:\/\/yoast.com\/wordpress\/plugins\/seo\/ -->\n<title>Este s\u00e1bado, la 5K del INDET - Esbozo Deportivo<\/title>\n<meta name=\"description\" content=\"Con la presencia de 1, 400 participantes procedentes del Estado de M\u00e9xico, Puebla, Hidalgo, Tlaxcala, Morelos y la Ciudad de M\u00e9xico se realizar\u00e1 este s\u00e1bado, en las instalaciones del Centro Vacacional IMSS Oaxtepec \u201cAdolfo L\u00f3pez Mateos\u201d, la carrera atl\u00e9tica de 5 kil\u00f3metros del Instituto del Deporte de los Trabajadores (INDET).\" \/>\n<meta name=\"robots\" content=\"index, follow, max-snippet:-1, max-image-preview:large, max-video-preview:-1\" \/>\n<link rel=\"canonical\" href=\"https:\/\/esbozodeportivo.com\/index.php\/2025\/09\/30\/este-sabado-la-5k-del-indet\/\" \/>\n<meta property=\"og:locale\" content=\"es_MX\" \/>\n<meta property=\"og:type\" content=\"article\" \/>\n<meta property=\"og:title\" content=\"Este s\u00e1bado, la 5K del INDET - Esbozo Deportivo\" \/>\n<meta property=\"og:description\" content=\"Con la presencia de 1, 400 participantes procedentes del Estado de M\u00e9xico, Puebla, Hidalgo, Tlaxcala, Morelos y la Ciudad de M\u00e9xico se realizar\u00e1 este s\u00e1bado, en las instalaciones del Centro Vacacional IMSS Oaxtepec \u201cAdolfo L\u00f3pez Mateos\u201d, la carrera atl\u00e9tica de 5 kil\u00f3metros del Instituto del Deporte de los Trabajadores (INDET).\" \/>\n<meta property=\"og:url\" content=\"https:\/\/esbozodeportivo.com\/index.php\/2025\/09\/30\/este-sabado-la-5k-del-indet\/\" \/>\n<meta property=\"og:site_name\" content=\"Esbozo Deportivo\" \/>\n<meta property=\"article:published_time\" content=\"2025-10-01T02:00:57+00:00\" \/>\n<meta property=\"article:modified_time\" content=\"2025-10-01T02:00:58+00:00\" \/>\n<meta property=\"og:image\" content=\"https:\/\/esbozodeportivo.com\/wp-content\/uploads\/2025\/09\/DSC08628-scaled.jpg\" \/>\n\t<meta property=\"og:image:width\" content=\"2560\" \/>\n\t<meta property=\"og:image:height\" content=\"1704\" \/>\n\t<meta property=\"og:image:type\" content=\"image\/jpeg\" \/>\n<meta name=\"author\" content=\"Adolfo Cort\u00e9s\" \/>\n<meta name=\"twitter:card\" content=\"summary_large_image\" \/>\n<meta name=\"twitter:label1\" content=\"Escrito por\" \/>\n\t<meta name=\"twitter:data1\" content=\"Adolfo Cort\u00e9s\" \/>\n\t<meta name=\"twitter:label2\" content=\"Tiempo de lectura\" \/>\n\t<meta name=\"twitter:data2\" content=\"3 minutos\" \/>\n<script type=\"application\/ld+json\" class=\"yoast-schema-graph\">{\"@context\":\"https:\/\/schema.org\",\"@graph\":[{\"@type\":\"Article\",\"@id\":\"https:\/\/esbozodeportivo.com\/index.php\/2025\/09\/30\/este-sabado-la-5k-del-indet\/#article\",\"isPartOf\":{\"@id\":\"https:\/\/esbozodeportivo.com\/index.php\/2025\/09\/30\/este-sabado-la-5k-del-indet\/\"},\"author\":{\"name\":\"Adolfo Cort\u00e9s\",\"@id\":\"https:\/\/esbozodeportivo.com\/#\/schema\/person\/501215805cfec00e7a0b4a9238745e12\"},\"headline\":\"Este s\u00e1bado, la 5K del INDET\",\"datePublished\":\"2025-10-01T02:00:57+00:00\",\"dateModified\":\"2025-10-01T02:00:58+00:00\",\"mainEntityOfPage\":{\"@id\":\"https:\/\/esbozodeportivo.com\/index.php\/2025\/09\/30\/este-sabado-la-5k-del-indet\/\"},\"wordCount\":479,\"publisher\":{\"@id\":\"https:\/\/esbozodeportivo.com\/#organization\"},\"image\":{\"@id\":\"https:\/\/esbozodeportivo.com\/index.php\/2025\/09\/30\/este-sabado-la-5k-del-indet\/#primaryimage\"},\"thumbnailUrl\":\"https:\/\/esbozodeportivo.com\/wp-content\/uploads\/2025\/09\/DSC08628-scaled.jpg\",\"articleSection\":[\"Amateur\"],\"inLanguage\":\"es\"},{\"@type\":\"WebPage\",\"@id\":\"https:\/\/esbozodeportivo.com\/index.php\/2025\/09\/30\/este-sabado-la-5k-del-indet\/\",\"url\":\"https:\/\/esbozodeportivo.com\/index.php\/2025\/09\/30\/este-sabado-la-5k-del-indet\/\",\"name\":\"Este s\u00e1bado, la 5K del INDET - Esbozo Deportivo\",\"isPartOf\":{\"@id\":\"https:\/\/esbozodeportivo.com\/#website\"},\"primaryImageOfPage\":{\"@id\":\"https:\/\/esbozodeportivo.com\/index.php\/2025\/09\/30\/este-sabado-la-5k-del-indet\/#primaryimage\"},\"image\":{\"@id\":\"https:\/\/esbozodeportivo.com\/index.php\/2025\/09\/30\/este-sabado-la-5k-del-indet\/#primaryimage\"},\"thumbnailUrl\":\"https:\/\/esbozodeportivo.com\/wp-content\/uploads\/2025\/09\/DSC08628-scaled.jpg\",\"datePublished\":\"2025-10-01T02:00:57+00:00\",\"dateModified\":\"2025-10-01T02:00:58+00:00\",\"description\":\"Con la presencia de 1, 400 participantes procedentes del Estado de M\u00e9xico, Puebla, Hidalgo, Tlaxcala, Morelos y la Ciudad de M\u00e9xico se realizar\u00e1 este s\u00e1bado, en las instalaciones del Centro Vacacional IMSS Oaxtepec \u201cAdolfo L\u00f3pez Mateos\u201d, la carrera atl\u00e9tica de 5 kil\u00f3metros del Instituto del Deporte de los Trabajadores (INDET).\",\"breadcrumb\":{\"@id\":\"https:\/\/esbozodeportivo.com\/index.php\/2025\/09\/30\/este-sabado-la-5k-del-indet\/#breadcrumb\"},\"inLanguage\":\"es\",\"potentialAction\":[{\"@type\":\"ReadAction\",\"target\":[\"https:\/\/esbozodeportivo.com\/index.php\/2025\/09\/30\/este-sabado-la-5k-del-indet\/\"]}]},{\"@type\":\"ImageObject\",\"inLanguage\":\"es\",\"@id\":\"https:\/\/esbozodeportivo.com\/index.php\/2025\/09\/30\/este-sabado-la-5k-del-indet\/#primaryimage\",\"url\":\"https:\/\/esbozodeportivo.com\/wp-content\/uploads\/2025\/09\/DSC08628-scaled.jpg\",\"contentUrl\":\"https:\/\/esbozodeportivo.com\/wp-content\/uploads\/2025\/09\/DSC08628-scaled.jpg\",\"width\":2560,\"height\":1704},{\"@type\":\"BreadcrumbList\",\"@id\":\"https:\/\/esbozodeportivo.com\/index.php\/2025\/09\/30\/este-sabado-la-5k-del-indet\/#breadcrumb\",\"itemListElement\":[{\"@type\":\"ListItem\",\"position\":1,\"name\":\"Inicio\",\"item\":\"https:\/\/esbozodeportivo.com\/\"},{\"@type\":\"ListItem\",\"position\":2,\"name\":\"Este s\u00e1bado, la 5K del INDET\"}]},{\"@type\":\"WebSite\",\"@id\":\"https:\/\/esbozodeportivo.com\/#website\",\"url\":\"https:\/\/esbozodeportivo.com\/\",\"name\":\"Esbozo Deportivo\",\"description\":\"Lo m\u00e1s importante del Deporte\",\"publisher\":{\"@id\":\"https:\/\/esbozodeportivo.com\/#organization\"},\"potentialAction\":[{\"@type\":\"SearchAction\",\"target\":{\"@type\":\"EntryPoint\",\"urlTemplate\":\"https:\/\/esbozodeportivo.com\/?s={search_term_string}\"},\"query-input\":{\"@type\":\"PropertyValueSpecification\",\"valueRequired\":true,\"valueName\":\"search_term_string\"}}],\"inLanguage\":\"es\"},{\"@type\":\"Organization\",\"@id\":\"https:\/\/esbozodeportivo.com\/#organization\",\"name\":\"Esbozo Deportivo\",\"url\":\"https:\/\/esbozodeportivo.com\/\",\"logo\":{\"@type\":\"ImageObject\",\"inLanguage\":\"es\",\"@id\":\"https:\/\/esbozodeportivo.com\/#\/schema\/logo\/image\/\",\"url\":\"https:\/\/esbozodeportivo.com\/wp-content\/uploads\/2022\/08\/cropped-Logo-Esbozo-Web-2.png\",\"contentUrl\":\"https:\/\/esbozodeportivo.com\/wp-content\/uploads\/2022\/08\/cropped-Logo-Esbozo-Web-2.png\",\"width\":180,\"height\":50,\"caption\":\"Esbozo Deportivo\"},\"image\":{\"@id\":\"https:\/\/esbozodeportivo.com\/#\/schema\/logo\/image\/\"}},{\"@type\":\"Person\",\"@id\":\"https:\/\/esbozodeportivo.com\/#\/schema\/person\/501215805cfec00e7a0b4a9238745e12\",\"name\":\"Adolfo Cort\u00e9s\",\"image\":{\"@type\":\"ImageObject\",\"inLanguage\":\"es\",\"@id\":\"https:\/\/esbozodeportivo.com\/#\/schema\/person\/image\/\",\"url\":\"https:\/\/secure.gravatar.com\/avatar\/a07c8189a87d01e7546f1fa2c5a51d53453d3f3ed9c5caaab8066e558ee9b52e?s=96&d=mm&r=g\",\"contentUrl\":\"https:\/\/secure.gravatar.com\/avatar\/a07c8189a87d01e7546f1fa2c5a51d53453d3f3ed9c5caaab8066e558ee9b52e?s=96&d=mm&r=g\",\"caption\":\"Adolfo Cort\u00e9s\"},\"url\":\"https:\/\/esbozodeportivo.com\/index.php\/author\/adolfocortes\/\"}]}<\/script>\n<!-- \/ Yoast SEO plugin. -->","yoast_head_json":{"title":"Este s\u00e1bado, la 5K del INDET - Esbozo Deportivo","description":"Con la presencia de 1, 400 participantes procedentes del Estado de M\u00e9xico, Puebla, Hidalgo, Tlaxcala, Morelos y la Ciudad de M\u00e9xico se realizar\u00e1 este s\u00e1bado, en las instalaciones del Centro Vacacional IMSS Oaxtepec \u201cAdolfo L\u00f3pez Mateos\u201d, la carrera atl\u00e9tica de 5 kil\u00f3metros del Instituto del Deporte de los Trabajadores (INDET).","robots":{"index":"index","follow":"follow","max-snippet":"max-snippet:-1","max-image-preview":"max-image-preview:large","max-video-preview":"max-video-preview:-1"},"canonical":"https:\/\/esbozodeportivo.com\/index.php\/2025\/09\/30\/este-sabado-la-5k-del-indet\/","og_locale":"es_MX","og_type":"article","og_title":"Este s\u00e1bado, la 5K del INDET - Esbozo Deportivo","og_description":"Con la presencia de 1, 400 participantes procedentes del Estado de M\u00e9xico, Puebla, Hidalgo, Tlaxcala, Morelos y la Ciudad de M\u00e9xico se realizar\u00e1 este s\u00e1bado, en las instalaciones del Centro Vacacional IMSS Oaxtepec \u201cAdolfo L\u00f3pez Mateos\u201d, la carrera atl\u00e9tica de 5 kil\u00f3metros del Instituto del Deporte de los Trabajadores (INDET).","og_url":"https:\/\/esbozodeportivo.com\/index.php\/2025\/09\/30\/este-sabado-la-5k-del-indet\/","og_site_name":"Esbozo Deportivo","article_published_time":"2025-10-01T02:00:57+00:00","article_modified_time":"2025-10-01T02:00:58+00:00","og_image":[{"width":2560,"height":1704,"url":"https:\/\/esbozodeportivo.com\/wp-content\/uploads\/2025\/09\/DSC08628-scaled.jpg","type":"image\/jpeg"}],"author":"Adolfo Cort\u00e9s","twitter_card":"summary_large_image","twitter_misc":{"Escrito por":"Adolfo Cort\u00e9s","Tiempo de lectura":"3 minutos"},"schema":{"@context":"https:\/\/schema.org","@graph":[{"@type":"Article","@id":"https:\/\/esbozodeportivo.com\/index.php\/2025\/09\/30\/este-sabado-la-5k-del-indet\/#article","isPartOf":{"@id":"https:\/\/esbozodeportivo.com\/index.php\/2025\/09\/30\/este-sabado-la-5k-del-indet\/"},"author":{"name":"Adolfo Cort\u00e9s","@id":"https:\/\/esbozodeportivo.com\/#\/schema\/person\/501215805cfec00e7a0b4a9238745e12"},"headline":"Este s\u00e1bado, la 5K del INDET","datePublished":"2025-10-01T02:00:57+00:00","dateModified":"2025-10-01T02:00:58+00:00","mainEntityOfPage":{"@id":"https:\/\/esbozodeportivo.com\/index.php\/2025\/09\/30\/este-sabado-la-5k-del-indet\/"},"wordCount":479,"publisher":{"@id":"https:\/\/esbozodeportivo.com\/#organization"},"image":{"@id":"https:\/\/esbozodeportivo.com\/index.php\/2025\/09\/30\/este-sabado-la-5k-del-indet\/#primaryimage"},"thumbnailUrl":"https:\/\/esbozodeportivo.com\/wp-content\/uploads\/2025\/09\/DSC08628-scaled.jpg","articleSection":["Amateur"],"inLanguage":"es"},{"@type":"WebPage","@id":"https:\/\/esbozodeportivo.com\/index.php\/2025\/09\/30\/este-sabado-la-5k-del-indet\/","url":"https:\/\/esbozodeportivo.com\/index.php\/2025\/09\/30\/este-sabado-la-5k-del-indet\/","name":"Este s\u00e1bado, la 5K del INDET - Esbozo Deportivo","isPartOf":{"@id":"https:\/\/esbozodeportivo.com\/#website"},"primaryImageOfPage":{"@id":"https:\/\/esbozodeportivo.com\/index.php\/2025\/09\/30\/este-sabado-la-5k-del-indet\/#primaryimage"},"image":{"@id":"https:\/\/esbozodeportivo.com\/index.php\/2025\/09\/30\/este-sabado-la-5k-del-indet\/#primaryimage"},"thumbnailUrl":"https:\/\/esbozodeportivo.com\/wp-content\/uploads\/2025\/09\/DSC08628-scaled.jpg","datePublished":"2025-10-01T02:00:57+00:00","dateModified":"2025-10-01T02:00:58+00:00","description":"Con la presencia de 1, 400 participantes procedentes del Estado de M\u00e9xico, Puebla, Hidalgo, Tlaxcala, Morelos y la Ciudad de M\u00e9xico se realizar\u00e1 este s\u00e1bado, en las instalaciones del Centro Vacacional IMSS Oaxtepec \u201cAdolfo L\u00f3pez Mateos\u201d, la carrera atl\u00e9tica de 5 kil\u00f3metros del Instituto del Deporte de los Trabajadores (INDET).","breadcrumb":{"@id":"https:\/\/esbozodeportivo.com\/index.php\/2025\/09\/30\/este-sabado-la-5k-del-indet\/#breadcrumb"},"inLanguage":"es","potentialAction":[{"@type":"ReadAction","target":["https:\/\/esbozodeportivo.com\/index.php\/2025\/09\/30\/este-sabado-la-5k-del-indet\/"]}]},{"@type":"ImageObject","inLanguage":"es","@id":"https:\/\/esbozodeportivo.com\/index.php\/2025\/09\/30\/este-sabado-la-5k-del-indet\/#primaryimage","url":"https:\/\/esbozodeportivo.com\/wp-content\/uploads\/2025\/09\/DSC08628-scaled.jpg","contentUrl":"https:\/\/esbozodeportivo.com\/wp-content\/uploads\/2025\/09\/DSC08628-scaled.jpg","width":2560,"height":1704},{"@type":"BreadcrumbList","@id":"https:\/\/esbozodeportivo.com\/index.php\/2025\/09\/30\/este-sabado-la-5k-del-indet\/#breadcrumb","itemListElement":[{"@type":"ListItem","position":1,"name":"Inicio","item":"https:\/\/esbozodeportivo.com\/"},{"@type":"ListItem","position":2,"name":"Este s\u00e1bado, la 5K del INDET"}]},{"@type":"WebSite","@id":"https:\/\/esbozodeportivo.com\/#website","url":"https:\/\/esbozodeportivo.com\/","name":"Esbozo Deportivo","description":"Lo m\u00e1s importante del Deporte","publisher":{"@id":"https:\/\/esbozodeportivo.com\/#organization"},"potentialAction":[{"@type":"SearchAction","target":{"@type":"EntryPoint","urlTemplate":"https:\/\/esbozodeportivo.com\/?s={search_term_string}"},"query-input":{"@type":"PropertyValueSpecification","valueRequired":true,"valueName":"search_term_string"}}],"inLanguage":"es"},{"@type":"Organization","@id":"https:\/\/esbozodeportivo.com\/#organization","name":"Esbozo Deportivo","url":"https:\/\/esbozodeportivo.com\/","logo":{"@type":"ImageObject","inLanguage":"es","@id":"https:\/\/esbozodeportivo.com\/#\/schema\/logo\/image\/","url":"https:\/\/esbozodeportivo.com\/wp-content\/uploads\/2022\/08\/cropped-Logo-Esbozo-Web-2.png","contentUrl":"https:\/\/esbozodeportivo.com\/wp-content\/uploads\/2022\/08\/cropped-Logo-Esbozo-Web-2.png","width":180,"height":50,"caption":"Esbozo Deportivo"},"image":{"@id":"https:\/\/esbozodeportivo.com\/#\/schema\/logo\/image\/"}},{"@type":"Person","@id":"https:\/\/esbozodeportivo.com\/#\/schema\/person\/501215805cfec00e7a0b4a9238745e12","name":"Adolfo Cort\u00e9s","image":{"@type":"ImageObject","inLanguage":"es","@id":"https:\/\/esbozodeportivo.com\/#\/schema\/person\/image\/","url":"https:\/\/secure.gravatar.com\/avatar\/a07c8189a87d01e7546f1fa2c5a51d53453d3f3ed9c5caaab8066e558ee9b52e?s=96&d=mm&r=g","contentUrl":"https:\/\/secure.gravatar.com\/avatar\/a07c8189a87d01e7546f1fa2c5a51d53453d3f3ed9c5caaab8066e558ee9b52e?s=96&d=mm&r=g","caption":"Adolfo Cort\u00e9s"},"url":"https:\/\/esbozodeportivo.com\/index.php\/author\/adolfocortes\/"}]}},"jetpack_featured_media_url":"https:\/\/esbozodeportivo.com\/wp-content\/uploads\/2025\/09\/DSC08628-scaled.jpg","jetpack_sharing_enabled":true,"_links":{"self":[{"href":"https:\/\/esbozodeportivo.com\/index.php\/wp-json\/wp\/v2\/posts\/10155","targetHints":{"allow":["GET"]}}],"collection":[{"href":"https:\/\/esbozodeportivo.com\/index.php\/wp-json\/wp\/v2\/posts"}],"about":[{"href":"https:\/\/esbozodeportivo.com\/index.php\/wp-json\/wp\/v2\/types\/post"}],"author":[{"embeddable":true,"href":"https:\/\/esbozodeportivo.com\/index.php\/wp-json\/wp\/v2\/users\/3"}],"replies":[{"embeddable":true,"href":"https:\/\/esbozodeportivo.com\/index.php\/wp-json\/wp\/v2\/comments?post=10155"}],"version-history":[{"count":1,"href":"https:\/\/esbozodeportivo.com\/index.php\/wp-json\/wp\/v2\/posts\/10155\/revisions"}],"predecessor-version":[{"id":10164,"href":"https:\/\/esbozodeportivo.com\/index.php\/wp-json\/wp\/v2\/posts\/10155\/revisions\/10164"}],"wp:featuredmedia":[{"embeddable":true,"href":"https:\/\/esbozodeportivo.com\/index.php\/wp-json\/wp\/v2\/media\/10161"}],"wp:attachment":[{"href":"https:\/\/esbozodeportivo.com\/index.php\/wp-json\/wp\/v2\/media?parent=10155"}],"wp:term":[{"taxonomy":"category","embeddable":true,"href":"https:\/\/esbozodeportivo.com\/index.php\/wp-json\/wp\/v2\/categories?post=10155"},{"taxonomy":"post_tag","embeddable":true,"href":"https:\/\/esbozodeportivo.com\/index.php\/wp-json\/wp\/v2\/tags?post=10155"}],"curies":[{"name":"wp","href":"https:\/\/api.w.org\/{rel}","templated":true}]}}