{"id":1016,"date":"2023-01-30T02:05:02","date_gmt":"2023-01-30T02:05:02","guid":{"rendered":"https:\/\/esbozodeportivo.com\/?p=1016"},"modified":"2023-01-30T02:11:23","modified_gmt":"2023-01-30T02:11:23","slug":"blajaith-aguilar-orgullosa-de-guiar-a-la-seleccion-para-buscar-los-juegos-olimpicos-de-paris-2024","status":"publish","type":"post","link":"https:\/\/esbozodeportivo.com\/index.php\/2023\/01\/30\/blajaith-aguilar-orgullosa-de-guiar-a-la-seleccion-para-buscar-los-juegos-olimpicos-de-paris-2024\/","title":{"rendered":"Blajaith Aguilar: \u201cOrgullosa de guiar a la selecci\u00f3n para buscar los Juegos Ol\u00edmpicos de Par\u00eds 2024\u201d"},"content":{"rendered":"<style>\/*! elementor - v3.10.2 - 29-01-2023 *\/\n.elementor-widget-image{text-align:center}.elementor-widget-image a{display:inline-block}.elementor-widget-image a img[src$=\".svg\"]{width:48px}.elementor-widget-image img{vertical-align:middle;display:inline-block}<\/style>\n<p>\t\t\t\t\t\t\t\t\t\t\t\t<img decoding=\"async\" width=\"640\" height=\"494\" src=\"https:\/\/esbozodeportivo.com\/wp-content\/uploads\/2023\/01\/Gimnasia3.jpeg\" alt=\"\" loading=\"lazy\" srcset=\"https:\/\/esbozodeportivo.com\/wp-content\/uploads\/2023\/01\/Gimnasia3.jpeg 1000w, https:\/\/esbozodeportivo.com\/wp-content\/uploads\/2023\/01\/Gimnasia3-300x232.jpeg 300w, https:\/\/esbozodeportivo.com\/wp-content\/uploads\/2023\/01\/Gimnasia3-768x593.jpeg 768w\" sizes=\"auto, (max-width: 640px) 100vw, 640px\" \/>\t\t\t\t\t\t\t\t\t\t\t\t\t\t\t<\/p>\n<p style=\"background: white; margin: 12.0pt 0cm .0001pt 0cm;\">(Foto: CONADE)<\/p>\n<p style=\"background: white; margin: 12.0pt 0cm .0001pt 0cm;\">(Conade).- Tras una exitosa temporada 2022, donde destacaron la medalla de oro en la Copa del Mundo en Portugal y un sexto lugar en el Campeonato Mundial de la disciplina en Bulgaria, el conjunto nacional de gimnasia r\u00edtmica se fortalece y alista ante un apretado calendario competitivo que protagoniza el 2023, a\u00f1o crucial para buscar su pase a los Juegos Ol\u00edmpicos Par\u00eds 2024.<\/p>\n<p style=\"background: white; margin: 12.0pt 0cm .0001pt 0cm;\">\u201cMe siento muy honrada de estar al frente y guiar a las chicas de la selecci\u00f3n nacional, tenerlas tan comprometidas y trabajadoras, es algo que ayuda much\u00edsimo a seguir adelante, en busca de concretar los objetivos\u201d, destac\u00f3 la entrenadora jalisciense Blajaith Aguilar Rojas, en entrevista con la Comisi\u00f3n Nacional de Cultura F\u00edsica y Deporte (CONADE).<\/p>\n<p>\t\t\t\t\t\t\t\t\t\t\t\t\t\t\t<img decoding=\"async\" width=\"640\" height=\"618\" src=\"https:\/\/esbozodeportivo.com\/wp-content\/uploads\/2023\/01\/Gimnasia2.jpeg\" alt=\"\" loading=\"lazy\" srcset=\"https:\/\/esbozodeportivo.com\/wp-content\/uploads\/2023\/01\/Gimnasia2.jpeg 1000w, https:\/\/esbozodeportivo.com\/wp-content\/uploads\/2023\/01\/Gimnasia2-300x290.jpeg 300w, https:\/\/esbozodeportivo.com\/wp-content\/uploads\/2023\/01\/Gimnasia2-768x741.jpeg 768w\" sizes=\"auto, (max-width: 640px) 100vw, 640px\" \/>\t\t\t\t\t\t\t\t\t\t\t\t\t\t\t<\/p>\n<p>(Foto: CONADE)<\/p>\n<p style=\"background: white; margin: 12.0pt 0cm .0001pt 0cm;\">Desde el pabell\u00f3n de gimnasia, en el Centro Nacional de Desarrollo de Talentos Deportivos y Alto Rendimiento (CNAR), donde el equipo tricolor ha retomado sus entrenamientos, Aguilar agradeci\u00f3 el apoyo que se ha obtenido de la CONADE y de la Federaci\u00f3n Mexicana de Gimnasia.<\/p>\n<p style=\"background: white; margin: 12.0pt 0cm .0001pt 0cm;\">\u201cEstamos muy contentas, agradecidas con todo el apoyo que se ha dado por parte de la CONADE, de la directora Ana Guevara y la Federaci\u00f3n, creo que fue un a\u00f1o (2022) que nos impulsaron bastante; estamos muy motivados para empezar este 2023 con mucha fuerza, es importante al ser de clasificaci\u00f3n ol\u00edmpica, hacemos un buen trabajo al contar con el respaldo de siempre\u201d, coment\u00f3.<\/p>\n<p style=\"background: white; margin: 12.0pt 0cm .0001pt 0cm;\">\u201cHemos iniciado bien, tuvimos un periodo de descanso activo tras el cierre de las instalaciones en diciembre por mantenimiento y desde hace dos semanas ya empezamos a retomar entrenamientos y checar elementos. eso me ha ayudado bastante y el hambre que tienen por estar, mantenerse y llegar, se nota en cada entrenamiento y competencia\u201d, detall\u00f3.<\/p>\n<p>\t\t\t\t\t\t\t\t\t\t\t\t\t\t\t<img decoding=\"async\" width=\"640\" height=\"358\" src=\"https:\/\/esbozodeportivo.com\/wp-content\/uploads\/2023\/01\/Gimnasia.jpeg\" alt=\"\" loading=\"lazy\" srcset=\"https:\/\/esbozodeportivo.com\/wp-content\/uploads\/2023\/01\/Gimnasia.jpeg 1000w, https:\/\/esbozodeportivo.com\/wp-content\/uploads\/2023\/01\/Gimnasia-300x168.jpeg 300w, https:\/\/esbozodeportivo.com\/wp-content\/uploads\/2023\/01\/Gimnasia-768x429.jpeg 768w\" sizes=\"auto, (max-width: 640px) 100vw, 640px\" \/>\t\t\t\t\t\t\t\t\t\t\t\t\t\t\t<\/p>\n<p>(Foto: CONADE)<\/p>\n<p>Al destacar cualidades como madurez, tenacidad y disciplina, Blajaith Aguilar asegur\u00f3 que el trabajo en el conjunto nacional, conformado por 11 integrantes, es m\u00e1s sencillo, esto luego de implementar rutinas innovadoras y sumar atletas nuevas, que han trabajado en una \u00f3ptima integraci\u00f3n.<\/p>\n<p>\u201cHa sido un proceso interesante, pues contamos con ni\u00f1as nuevas que estuvieron a prueba tres meses y, despu\u00e9s, nos quedamos con las mejores para conformar la selecci\u00f3n; es un reto porque se tienen que cohesionar, ya que su vida cambia al dejar a sus familias y venir a vivir al CNAR, adaptarse a los entrenamientos, es un proceso que tienen, pero nos ayuda mucho el equipo multidisciplinario para que tengan una mejor integraci\u00f3n\u201d, dijo.<\/p>\n<p>\t\t\t\t\t\t\t\t\t\t\t\t\t\t\t<img decoding=\"async\" width=\"640\" height=\"657\" src=\"https:\/\/esbozodeportivo.com\/wp-content\/uploads\/2023\/01\/Gimnasia1-998x1024.jpeg\" alt=\"\" loading=\"lazy\" srcset=\"https:\/\/esbozodeportivo.com\/wp-content\/uploads\/2023\/01\/Gimnasia1-998x1024.jpeg 998w, https:\/\/esbozodeportivo.com\/wp-content\/uploads\/2023\/01\/Gimnasia1-292x300.jpeg 292w, https:\/\/esbozodeportivo.com\/wp-content\/uploads\/2023\/01\/Gimnasia1-768x788.jpeg 768w, https:\/\/esbozodeportivo.com\/wp-content\/uploads\/2023\/01\/Gimnasia1.jpeg 1000w\" sizes=\"auto, (max-width: 640px) 100vw, 640px\" \/>\t\t\t\t\t\t\t\t\t\t\t\t\t\t\t<\/p>\n<p>(Foto: CONADE)<\/p>\n<p style=\"margin: 0cm; margin-bottom: .0001pt; background: white;\"><strong>Compromiso al 100 por ciento<\/strong><\/p>\n<p style=\"background: white; margin: 12.0pt 0cm .0001pt 0cm;\">Con casi ocho a\u00f1os al frente del equipo, Blajaith Aguilar extern\u00f3 su compromiso que la ha caracterizado durante su trayectoria, y conf\u00eda que el trabajo en equipo dar\u00e1 resultados favorecedores que dar\u00e1n continuidad a los logros que han sumado en los \u00faltimos meses.<\/p>\n<p style=\"background: white; margin: 12.0pt 0cm .0001pt 0cm;\">\u201cMe he visto crecer en este rubro y como todo, son proceso de aprendizaje, como entrenadora es aprender, modificar, seguir y eso origina conocer mejor el trabajo, aunado a una relaci\u00f3n muy buena con las chicas, sana, fraternal, de entrenadora-atleta, me entiendo bien con ellas y con ese conocimiento es m\u00e1s f\u00e1cil que me acompa\u00f1en, que agarradas de la mano lleguemos a los objetivos\u201d, coment\u00f3.<\/p>\n<p>\t\t\t\t\t\t\t\t\t\t\t\t\t\t\t<img decoding=\"async\" width=\"640\" height=\"960\" src=\"https:\/\/esbozodeportivo.com\/wp-content\/uploads\/2023\/01\/Gimnasia4-683x1024.jpeg\" alt=\"\" loading=\"lazy\" srcset=\"https:\/\/esbozodeportivo.com\/wp-content\/uploads\/2023\/01\/Gimnasia4-683x1024.jpeg 683w, https:\/\/esbozodeportivo.com\/wp-content\/uploads\/2023\/01\/Gimnasia4-200x300.jpeg 200w, https:\/\/esbozodeportivo.com\/wp-content\/uploads\/2023\/01\/Gimnasia4-768x1151.jpeg 768w, https:\/\/esbozodeportivo.com\/wp-content\/uploads\/2023\/01\/Gimnasia4.jpeg 854w\" sizes=\"auto, (max-width: 640px) 100vw, 640px\" \/>\t\t\t\t\t\t\t\t\t\t\t\t\t\t\t<\/p>\n<p>(Foto: CONADE)<\/p>\n<p>Los Juegos Centroamericanos y del Caribe, Juegos Panamericanos, Campeonato Mundial, Copas del Mundo, entre otros, son algunos de los eventos que se prev\u00e9n para la gimnasia r\u00edtmica, por lo que la entrenadora adelant\u00f3 que posiblemente el calendario competitivo se abre a mediados de marzo con una Copa del Mundo en Grecia y se prev\u00e9 culminen competencias en noviembre pr\u00f3ximo.<\/p>\n<p>\u201cEs un 2023 lleno de retos, las chicas est\u00e1n muy emocionadas, va a ser, yo creo, el a\u00f1o m\u00e1s largo que hemos tenido, debemos dosificar muchas cosas porque normalmente comenzamos a competir en abril y terminamos en septiembre, pero este a\u00f1o hay muchos compromisos y se tiene programado comenzar en marzo y terminar a noviembre, es un a\u00f1o bastante extenso\u201d, finaliz\u00f3.<\/p>\n<p>\u00a0<\/p>\n","protected":false},"excerpt":{"rendered":"<p>(Foto: CONADE) (Conade).- Tras una exitosa temporada 2022, donde destacaron la medalla de oro en<\/p>\n","protected":false},"author":2,"featured_media":0,"comment_status":"open","ping_status":"open","sticky":false,"template":"","format":"standard","meta":{"_jetpack_memberships_contains_paid_content":false,"footnotes":""},"categories":[5],"tags":[],"class_list":["post-1016","post","type-post","status-publish","format-standard","hentry","category-amateur"],"yoast_head":"<!-- This site is optimized with the Yoast SEO plugin v25.7 - https:\/\/yoast.com\/wordpress\/plugins\/seo\/ -->\n<title>Blajaith Aguilar: \u201cOrgullosa de guiar a la selecci\u00f3n para buscar los Juegos Ol\u00edmpicos de Par\u00eds 2024\u201d - Esbozo Deportivo<\/title>\n<meta name=\"robots\" content=\"index, follow, max-snippet:-1, max-image-preview:large, max-video-preview:-1\" \/>\n<link rel=\"canonical\" href=\"https:\/\/esbozodeportivo.com\/index.php\/2023\/01\/30\/blajaith-aguilar-orgullosa-de-guiar-a-la-seleccion-para-buscar-los-juegos-olimpicos-de-paris-2024\/\" \/>\n<meta property=\"og:locale\" content=\"es_MX\" \/>\n<meta property=\"og:type\" content=\"article\" \/>\n<meta property=\"og:title\" content=\"Blajaith Aguilar: \u201cOrgullosa de guiar a la selecci\u00f3n para buscar los Juegos Ol\u00edmpicos de Par\u00eds 2024\u201d - Esbozo Deportivo\" \/>\n<meta property=\"og:description\" content=\"(Foto: CONADE) (Conade).- Tras una exitosa temporada 2022, donde destacaron la medalla de oro en\" \/>\n<meta property=\"og:url\" content=\"https:\/\/esbozodeportivo.com\/index.php\/2023\/01\/30\/blajaith-aguilar-orgullosa-de-guiar-a-la-seleccion-para-buscar-los-juegos-olimpicos-de-paris-2024\/\" \/>\n<meta property=\"og:site_name\" content=\"Esbozo Deportivo\" \/>\n<meta property=\"article:published_time\" content=\"2023-01-30T02:05:02+00:00\" \/>\n<meta property=\"article:modified_time\" content=\"2023-01-30T02:11:23+00:00\" \/>\n<meta property=\"og:image\" content=\"https:\/\/esbozodeportivo.com\/wp-content\/uploads\/2023\/01\/Gimnasia3.jpeg\" \/>\n<meta name=\"author\" content=\"Javier De La Cruz\" \/>\n<meta name=\"twitter:card\" content=\"summary_large_image\" \/>\n<meta name=\"twitter:label1\" content=\"Escrito por\" \/>\n\t<meta name=\"twitter:data1\" content=\"Javier De La Cruz\" \/>\n\t<meta name=\"twitter:label2\" content=\"Tiempo de lectura\" \/>\n\t<meta name=\"twitter:data2\" content=\"3 minutos\" \/>\n<script type=\"application\/ld+json\" class=\"yoast-schema-graph\">{\"@context\":\"https:\/\/schema.org\",\"@graph\":[{\"@type\":\"Article\",\"@id\":\"https:\/\/esbozodeportivo.com\/index.php\/2023\/01\/30\/blajaith-aguilar-orgullosa-de-guiar-a-la-seleccion-para-buscar-los-juegos-olimpicos-de-paris-2024\/#article\",\"isPartOf\":{\"@id\":\"https:\/\/esbozodeportivo.com\/index.php\/2023\/01\/30\/blajaith-aguilar-orgullosa-de-guiar-a-la-seleccion-para-buscar-los-juegos-olimpicos-de-paris-2024\/\"},\"author\":{\"name\":\"Javier De La Cruz\",\"@id\":\"https:\/\/esbozodeportivo.com\/#\/schema\/person\/7277119c98823aec37bbb84e125efd44\"},\"headline\":\"Blajaith Aguilar: \u201cOrgullosa de guiar a la selecci\u00f3n para buscar los Juegos Ol\u00edmpicos de Par\u00eds 2024\u201d\",\"datePublished\":\"2023-01-30T02:05:02+00:00\",\"dateModified\":\"2023-01-30T02:11:23+00:00\",\"mainEntityOfPage\":{\"@id\":\"https:\/\/esbozodeportivo.com\/index.php\/2023\/01\/30\/blajaith-aguilar-orgullosa-de-guiar-a-la-seleccion-para-buscar-los-juegos-olimpicos-de-paris-2024\/\"},\"wordCount\":686,\"commentCount\":0,\"publisher\":{\"@id\":\"https:\/\/esbozodeportivo.com\/#organization\"},\"image\":{\"@id\":\"https:\/\/esbozodeportivo.com\/index.php\/2023\/01\/30\/blajaith-aguilar-orgullosa-de-guiar-a-la-seleccion-para-buscar-los-juegos-olimpicos-de-paris-2024\/#primaryimage\"},\"thumbnailUrl\":\"https:\/\/esbozodeportivo.com\/wp-content\/uploads\/2023\/01\/Gimnasia3.jpeg\",\"articleSection\":[\"Amateur\"],\"inLanguage\":\"es\",\"potentialAction\":[{\"@type\":\"CommentAction\",\"name\":\"Comment\",\"target\":[\"https:\/\/esbozodeportivo.com\/index.php\/2023\/01\/30\/blajaith-aguilar-orgullosa-de-guiar-a-la-seleccion-para-buscar-los-juegos-olimpicos-de-paris-2024\/#respond\"]}]},{\"@type\":\"WebPage\",\"@id\":\"https:\/\/esbozodeportivo.com\/index.php\/2023\/01\/30\/blajaith-aguilar-orgullosa-de-guiar-a-la-seleccion-para-buscar-los-juegos-olimpicos-de-paris-2024\/\",\"url\":\"https:\/\/esbozodeportivo.com\/index.php\/2023\/01\/30\/blajaith-aguilar-orgullosa-de-guiar-a-la-seleccion-para-buscar-los-juegos-olimpicos-de-paris-2024\/\",\"name\":\"Blajaith Aguilar: \u201cOrgullosa de guiar a la selecci\u00f3n para buscar los Juegos Ol\u00edmpicos de Par\u00eds 2024\u201d - Esbozo Deportivo\",\"isPartOf\":{\"@id\":\"https:\/\/esbozodeportivo.com\/#website\"},\"primaryImageOfPage\":{\"@id\":\"https:\/\/esbozodeportivo.com\/index.php\/2023\/01\/30\/blajaith-aguilar-orgullosa-de-guiar-a-la-seleccion-para-buscar-los-juegos-olimpicos-de-paris-2024\/#primaryimage\"},\"image\":{\"@id\":\"https:\/\/esbozodeportivo.com\/index.php\/2023\/01\/30\/blajaith-aguilar-orgullosa-de-guiar-a-la-seleccion-para-buscar-los-juegos-olimpicos-de-paris-2024\/#primaryimage\"},\"thumbnailUrl\":\"https:\/\/esbozodeportivo.com\/wp-content\/uploads\/2023\/01\/Gimnasia3.jpeg\",\"datePublished\":\"2023-01-30T02:05:02+00:00\",\"dateModified\":\"2023-01-30T02:11:23+00:00\",\"breadcrumb\":{\"@id\":\"https:\/\/esbozodeportivo.com\/index.php\/2023\/01\/30\/blajaith-aguilar-orgullosa-de-guiar-a-la-seleccion-para-buscar-los-juegos-olimpicos-de-paris-2024\/#breadcrumb\"},\"inLanguage\":\"es\",\"potentialAction\":[{\"@type\":\"ReadAction\",\"target\":[\"https:\/\/esbozodeportivo.com\/index.php\/2023\/01\/30\/blajaith-aguilar-orgullosa-de-guiar-a-la-seleccion-para-buscar-los-juegos-olimpicos-de-paris-2024\/\"]}]},{\"@type\":\"ImageObject\",\"inLanguage\":\"es\",\"@id\":\"https:\/\/esbozodeportivo.com\/index.php\/2023\/01\/30\/blajaith-aguilar-orgullosa-de-guiar-a-la-seleccion-para-buscar-los-juegos-olimpicos-de-paris-2024\/#primaryimage\",\"url\":\"https:\/\/esbozodeportivo.com\/wp-content\/uploads\/2023\/01\/Gimnasia3.jpeg\",\"contentUrl\":\"https:\/\/esbozodeportivo.com\/wp-content\/uploads\/2023\/01\/Gimnasia3.jpeg\",\"width\":1000,\"height\":772},{\"@type\":\"BreadcrumbList\",\"@id\":\"https:\/\/esbozodeportivo.com\/index.php\/2023\/01\/30\/blajaith-aguilar-orgullosa-de-guiar-a-la-seleccion-para-buscar-los-juegos-olimpicos-de-paris-2024\/#breadcrumb\",\"itemListElement\":[{\"@type\":\"ListItem\",\"position\":1,\"name\":\"Inicio\",\"item\":\"https:\/\/esbozodeportivo.com\/\"},{\"@type\":\"ListItem\",\"position\":2,\"name\":\"Blajaith Aguilar: \u201cOrgullosa de guiar a la selecci\u00f3n para buscar los Juegos Ol\u00edmpicos de Par\u00eds 2024\u201d\"}]},{\"@type\":\"WebSite\",\"@id\":\"https:\/\/esbozodeportivo.com\/#website\",\"url\":\"https:\/\/esbozodeportivo.com\/\",\"name\":\"Esbozo Deportivo\",\"description\":\"Lo m\u00e1s importante del Deporte\",\"publisher\":{\"@id\":\"https:\/\/esbozodeportivo.com\/#organization\"},\"potentialAction\":[{\"@type\":\"SearchAction\",\"target\":{\"@type\":\"EntryPoint\",\"urlTemplate\":\"https:\/\/esbozodeportivo.com\/?s={search_term_string}\"},\"query-input\":{\"@type\":\"PropertyValueSpecification\",\"valueRequired\":true,\"valueName\":\"search_term_string\"}}],\"inLanguage\":\"es\"},{\"@type\":\"Organization\",\"@id\":\"https:\/\/esbozodeportivo.com\/#organization\",\"name\":\"Esbozo Deportivo\",\"url\":\"https:\/\/esbozodeportivo.com\/\",\"logo\":{\"@type\":\"ImageObject\",\"inLanguage\":\"es\",\"@id\":\"https:\/\/esbozodeportivo.com\/#\/schema\/logo\/image\/\",\"url\":\"https:\/\/esbozodeportivo.com\/wp-content\/uploads\/2022\/08\/cropped-Logo-Esbozo-Web-2.png\",\"contentUrl\":\"https:\/\/esbozodeportivo.com\/wp-content\/uploads\/2022\/08\/cropped-Logo-Esbozo-Web-2.png\",\"width\":180,\"height\":50,\"caption\":\"Esbozo Deportivo\"},\"image\":{\"@id\":\"https:\/\/esbozodeportivo.com\/#\/schema\/logo\/image\/\"}},{\"@type\":\"Person\",\"@id\":\"https:\/\/esbozodeportivo.com\/#\/schema\/person\/7277119c98823aec37bbb84e125efd44\",\"name\":\"Javier De La Cruz\",\"image\":{\"@type\":\"ImageObject\",\"inLanguage\":\"es\",\"@id\":\"https:\/\/esbozodeportivo.com\/#\/schema\/person\/image\/\",\"url\":\"https:\/\/secure.gravatar.com\/avatar\/366235a56d20f1a6e8e3d0b295897639357bea880470ddf261d17bb0bc052eb1?s=96&d=mm&r=g\",\"contentUrl\":\"https:\/\/secure.gravatar.com\/avatar\/366235a56d20f1a6e8e3d0b295897639357bea880470ddf261d17bb0bc052eb1?s=96&d=mm&r=g\",\"caption\":\"Javier De La Cruz\"},\"url\":\"https:\/\/esbozodeportivo.com\/index.php\/author\/javier-de-la-cruz-de-la-cruz\/\"}]}<\/script>\n<!-- \/ Yoast SEO plugin. -->","yoast_head_json":{"title":"Blajaith Aguilar: \u201cOrgullosa de guiar a la selecci\u00f3n para buscar los Juegos Ol\u00edmpicos de Par\u00eds 2024\u201d - Esbozo Deportivo","robots":{"index":"index","follow":"follow","max-snippet":"max-snippet:-1","max-image-preview":"max-image-preview:large","max-video-preview":"max-video-preview:-1"},"canonical":"https:\/\/esbozodeportivo.com\/index.php\/2023\/01\/30\/blajaith-aguilar-orgullosa-de-guiar-a-la-seleccion-para-buscar-los-juegos-olimpicos-de-paris-2024\/","og_locale":"es_MX","og_type":"article","og_title":"Blajaith Aguilar: \u201cOrgullosa de guiar a la selecci\u00f3n para buscar los Juegos Ol\u00edmpicos de Par\u00eds 2024\u201d - Esbozo Deportivo","og_description":"(Foto: CONADE) (Conade).- Tras una exitosa temporada 2022, donde destacaron la medalla de oro en","og_url":"https:\/\/esbozodeportivo.com\/index.php\/2023\/01\/30\/blajaith-aguilar-orgullosa-de-guiar-a-la-seleccion-para-buscar-los-juegos-olimpicos-de-paris-2024\/","og_site_name":"Esbozo Deportivo","article_published_time":"2023-01-30T02:05:02+00:00","article_modified_time":"2023-01-30T02:11:23+00:00","og_image":[{"url":"https:\/\/esbozodeportivo.com\/wp-content\/uploads\/2023\/01\/Gimnasia3.jpeg","type":"","width":"","height":""}],"author":"Javier De La Cruz","twitter_card":"summary_large_image","twitter_misc":{"Escrito por":"Javier De La Cruz","Tiempo de lectura":"3 minutos"},"schema":{"@context":"https:\/\/schema.org","@graph":[{"@type":"Article","@id":"https:\/\/esbozodeportivo.com\/index.php\/2023\/01\/30\/blajaith-aguilar-orgullosa-de-guiar-a-la-seleccion-para-buscar-los-juegos-olimpicos-de-paris-2024\/#article","isPartOf":{"@id":"https:\/\/esbozodeportivo.com\/index.php\/2023\/01\/30\/blajaith-aguilar-orgullosa-de-guiar-a-la-seleccion-para-buscar-los-juegos-olimpicos-de-paris-2024\/"},"author":{"name":"Javier De La Cruz","@id":"https:\/\/esbozodeportivo.com\/#\/schema\/person\/7277119c98823aec37bbb84e125efd44"},"headline":"Blajaith Aguilar: \u201cOrgullosa de guiar a la selecci\u00f3n para buscar los Juegos Ol\u00edmpicos de Par\u00eds 2024\u201d","datePublished":"2023-01-30T02:05:02+00:00","dateModified":"2023-01-30T02:11:23+00:00","mainEntityOfPage":{"@id":"https:\/\/esbozodeportivo.com\/index.php\/2023\/01\/30\/blajaith-aguilar-orgullosa-de-guiar-a-la-seleccion-para-buscar-los-juegos-olimpicos-de-paris-2024\/"},"wordCount":686,"commentCount":0,"publisher":{"@id":"https:\/\/esbozodeportivo.com\/#organization"},"image":{"@id":"https:\/\/esbozodeportivo.com\/index.php\/2023\/01\/30\/blajaith-aguilar-orgullosa-de-guiar-a-la-seleccion-para-buscar-los-juegos-olimpicos-de-paris-2024\/#primaryimage"},"thumbnailUrl":"https:\/\/esbozodeportivo.com\/wp-content\/uploads\/2023\/01\/Gimnasia3.jpeg","articleSection":["Amateur"],"inLanguage":"es","potentialAction":[{"@type":"CommentAction","name":"Comment","target":["https:\/\/esbozodeportivo.com\/index.php\/2023\/01\/30\/blajaith-aguilar-orgullosa-de-guiar-a-la-seleccion-para-buscar-los-juegos-olimpicos-de-paris-2024\/#respond"]}]},{"@type":"WebPage","@id":"https:\/\/esbozodeportivo.com\/index.php\/2023\/01\/30\/blajaith-aguilar-orgullosa-de-guiar-a-la-seleccion-para-buscar-los-juegos-olimpicos-de-paris-2024\/","url":"https:\/\/esbozodeportivo.com\/index.php\/2023\/01\/30\/blajaith-aguilar-orgullosa-de-guiar-a-la-seleccion-para-buscar-los-juegos-olimpicos-de-paris-2024\/","name":"Blajaith Aguilar: \u201cOrgullosa de guiar a la selecci\u00f3n para buscar los Juegos Ol\u00edmpicos de Par\u00eds 2024\u201d - Esbozo Deportivo","isPartOf":{"@id":"https:\/\/esbozodeportivo.com\/#website"},"primaryImageOfPage":{"@id":"https:\/\/esbozodeportivo.com\/index.php\/2023\/01\/30\/blajaith-aguilar-orgullosa-de-guiar-a-la-seleccion-para-buscar-los-juegos-olimpicos-de-paris-2024\/#primaryimage"},"image":{"@id":"https:\/\/esbozodeportivo.com\/index.php\/2023\/01\/30\/blajaith-aguilar-orgullosa-de-guiar-a-la-seleccion-para-buscar-los-juegos-olimpicos-de-paris-2024\/#primaryimage"},"thumbnailUrl":"https:\/\/esbozodeportivo.com\/wp-content\/uploads\/2023\/01\/Gimnasia3.jpeg","datePublished":"2023-01-30T02:05:02+00:00","dateModified":"2023-01-30T02:11:23+00:00","breadcrumb":{"@id":"https:\/\/esbozodeportivo.com\/index.php\/2023\/01\/30\/blajaith-aguilar-orgullosa-de-guiar-a-la-seleccion-para-buscar-los-juegos-olimpicos-de-paris-2024\/#breadcrumb"},"inLanguage":"es","potentialAction":[{"@type":"ReadAction","target":["https:\/\/esbozodeportivo.com\/index.php\/2023\/01\/30\/blajaith-aguilar-orgullosa-de-guiar-a-la-seleccion-para-buscar-los-juegos-olimpicos-de-paris-2024\/"]}]},{"@type":"ImageObject","inLanguage":"es","@id":"https:\/\/esbozodeportivo.com\/index.php\/2023\/01\/30\/blajaith-aguilar-orgullosa-de-guiar-a-la-seleccion-para-buscar-los-juegos-olimpicos-de-paris-2024\/#primaryimage","url":"https:\/\/esbozodeportivo.com\/wp-content\/uploads\/2023\/01\/Gimnasia3.jpeg","contentUrl":"https:\/\/esbozodeportivo.com\/wp-content\/uploads\/2023\/01\/Gimnasia3.jpeg","width":1000,"height":772},{"@type":"BreadcrumbList","@id":"https:\/\/esbozodeportivo.com\/index.php\/2023\/01\/30\/blajaith-aguilar-orgullosa-de-guiar-a-la-seleccion-para-buscar-los-juegos-olimpicos-de-paris-2024\/#breadcrumb","itemListElement":[{"@type":"ListItem","position":1,"name":"Inicio","item":"https:\/\/esbozodeportivo.com\/"},{"@type":"ListItem","position":2,"name":"Blajaith Aguilar: \u201cOrgullosa de guiar a la selecci\u00f3n para buscar los Juegos Ol\u00edmpicos de Par\u00eds 2024\u201d"}]},{"@type":"WebSite","@id":"https:\/\/esbozodeportivo.com\/#website","url":"https:\/\/esbozodeportivo.com\/","name":"Esbozo Deportivo","description":"Lo m\u00e1s importante del Deporte","publisher":{"@id":"https:\/\/esbozodeportivo.com\/#organization"},"potentialAction":[{"@type":"SearchAction","target":{"@type":"EntryPoint","urlTemplate":"https:\/\/esbozodeportivo.com\/?s={search_term_string}"},"query-input":{"@type":"PropertyValueSpecification","valueRequired":true,"valueName":"search_term_string"}}],"inLanguage":"es"},{"@type":"Organization","@id":"https:\/\/esbozodeportivo.com\/#organization","name":"Esbozo Deportivo","url":"https:\/\/esbozodeportivo.com\/","logo":{"@type":"ImageObject","inLanguage":"es","@id":"https:\/\/esbozodeportivo.com\/#\/schema\/logo\/image\/","url":"https:\/\/esbozodeportivo.com\/wp-content\/uploads\/2022\/08\/cropped-Logo-Esbozo-Web-2.png","contentUrl":"https:\/\/esbozodeportivo.com\/wp-content\/uploads\/2022\/08\/cropped-Logo-Esbozo-Web-2.png","width":180,"height":50,"caption":"Esbozo Deportivo"},"image":{"@id":"https:\/\/esbozodeportivo.com\/#\/schema\/logo\/image\/"}},{"@type":"Person","@id":"https:\/\/esbozodeportivo.com\/#\/schema\/person\/7277119c98823aec37bbb84e125efd44","name":"Javier De La Cruz","image":{"@type":"ImageObject","inLanguage":"es","@id":"https:\/\/esbozodeportivo.com\/#\/schema\/person\/image\/","url":"https:\/\/secure.gravatar.com\/avatar\/366235a56d20f1a6e8e3d0b295897639357bea880470ddf261d17bb0bc052eb1?s=96&d=mm&r=g","contentUrl":"https:\/\/secure.gravatar.com\/avatar\/366235a56d20f1a6e8e3d0b295897639357bea880470ddf261d17bb0bc052eb1?s=96&d=mm&r=g","caption":"Javier De La Cruz"},"url":"https:\/\/esbozodeportivo.com\/index.php\/author\/javier-de-la-cruz-de-la-cruz\/"}]}},"jetpack_featured_media_url":"","jetpack_sharing_enabled":true,"_links":{"self":[{"href":"https:\/\/esbozodeportivo.com\/index.php\/wp-json\/wp\/v2\/posts\/1016","targetHints":{"allow":["GET"]}}],"collection":[{"href":"https:\/\/esbozodeportivo.com\/index.php\/wp-json\/wp\/v2\/posts"}],"about":[{"href":"https:\/\/esbozodeportivo.com\/index.php\/wp-json\/wp\/v2\/types\/post"}],"author":[{"embeddable":true,"href":"https:\/\/esbozodeportivo.com\/index.php\/wp-json\/wp\/v2\/users\/2"}],"replies":[{"embeddable":true,"href":"https:\/\/esbozodeportivo.com\/index.php\/wp-json\/wp\/v2\/comments?post=1016"}],"version-history":[{"count":4,"href":"https:\/\/esbozodeportivo.com\/index.php\/wp-json\/wp\/v2\/posts\/1016\/revisions"}],"predecessor-version":[{"id":1025,"href":"https:\/\/esbozodeportivo.com\/index.php\/wp-json\/wp\/v2\/posts\/1016\/revisions\/1025"}],"wp:attachment":[{"href":"https:\/\/esbozodeportivo.com\/index.php\/wp-json\/wp\/v2\/media?parent=1016"}],"wp:term":[{"taxonomy":"category","embeddable":true,"href":"https:\/\/esbozodeportivo.com\/index.php\/wp-json\/wp\/v2\/categories?post=1016"},{"taxonomy":"post_tag","embeddable":true,"href":"https:\/\/esbozodeportivo.com\/index.php\/wp-json\/wp\/v2\/tags?post=1016"}],"curies":[{"name":"wp","href":"https:\/\/api.w.org\/{rel}","templated":true}]}}