{"id":10211,"date":"2025-10-01T22:39:13","date_gmt":"2025-10-02T04:39:13","guid":{"rendered":"https:\/\/esbozodeportivo.com\/?p=10211"},"modified":"2025-10-01T22:39:14","modified_gmt":"2025-10-02T04:39:14","slug":"federer-favorito-al-salon-de-la-fama","status":"publish","type":"post","link":"https:\/\/esbozodeportivo.com\/index.php\/2025\/10\/01\/federer-favorito-al-salon-de-la-fama\/","title":{"rendered":"Federer, favorito al Sal\u00f3n de la Fama"},"content":{"rendered":"\n<p>(Foto: Agencias) <\/p>\n\n\n\n<p>Roger Federer encabeza la lista de nominados para la clase 2026 del Sal\u00f3n de la Fama del Tenis Internacional. La leyenda suiza fue el primer hombre en conquistar 20 t\u00edtulos de Grand Slam en individuales e inaugur\u00f3 una era de grandeza sin precedentes junto a sus j\u00f3venes rivales Rafael Nadal y Novak Djokovic.<\/p>\n\n\n\n<p>La lista, que fue anunciada el mi\u00e9rcoles, incluye al argentino Juan Mart\u00edn del Potro, quien venci\u00f3 a Federer en la final del Abierto de Estados Unidos de 2019 para su \u00fanico t\u00edtulo de Grand Slam.<\/p>\n\n\n\n<p>Tambi\u00e9n figura la rusa Svetlana Kuznetsova, campeona de dos majors.<\/p>\n\n\n\n<p>Los exaltados ser\u00e1n anunciados en noviembre.<\/p>\n\n\n\n<p>Con un formidable golpe de derecha y servicio, un estilo de juego agresivo en toda la cancha y un juego de pies que hac\u00eda que todo pareciera tan f\u00e1cil, Federer gan\u00f3 103 trofeos y 1.251 partidos en individuales, totales superados entre los hombres solo por Jimmy Connors en la era abierta que comenz\u00f3 en 1968.<\/p>\n\n\n\n<p>Federer termin\u00f3 cinco temporadas como el n\u00famero uno del ranking de la ATP, fij\u00f3 un r\u00e9cord de 237 semanas consecutivas en ese sitial, llev\u00f3 a Suiza al t\u00edtulo de la Copa Davis en 2014 y se asoci\u00f3 con Stan Wawrinka para ganar una medalla de oro en dobles en los Juegos Ol\u00edmpicos de Beijing 2008.<\/p>\n\n\n\n<p>En el apogeo de su carrera, Federer alcanz\u00f3 un r\u00e9cord de diez finales consecutivas de Grand Slam entre 2005 y 2007, capturando ocho t\u00edtulos en ese per\u00edodo. Extendi\u00f3 ese dominio al llegar a 18 de 19 finales de majors hasta 2010. Tambi\u00e9n enhebr\u00f3 rachas de 36 cuartos de final seguidos y 23 semifinales consecutivas.<\/p>\n\n\n\n<p>Federer, un embajador del juego que a menudo hablaba en ingl\u00e9s, franc\u00e9s y alem\u00e1n suizo en las conferencias de prensa, jug\u00f3 su \u00faltimo partido en Wimbledon en 2021. En ese momento, ten\u00eda un mes menos de 40 a\u00f1os.<\/p>\n\n\n\n<p>La confirmaci\u00f3n de su retiro se dio un a\u00f1o despu\u00e9s. Se despidi\u00f3 con una aparici\u00f3n junto a Nadal en dobles en la Copa Laver, un evento fundado por su empresa de gesti\u00f3n.<\/p>\n\n\n\n<p><\/p>\n","protected":false},"excerpt":{"rendered":"<p>(Foto: Agencias) Roger Federer encabeza la lista de nominados para la clase 2026 del Sal\u00f3n<\/p>\n","protected":false},"author":4,"featured_media":10206,"comment_status":"closed","ping_status":"open","sticky":false,"template":"","format":"standard","meta":{"_jetpack_memberships_contains_paid_content":false,"footnotes":""},"categories":[12],"tags":[],"class_list":["post-10211","post","type-post","status-publish","format-standard","has-post-thumbnail","hentry","category-tenis-internacional"],"yoast_head":"<!-- This site is optimized with the Yoast SEO plugin v25.7 - https:\/\/yoast.com\/wordpress\/plugins\/seo\/ -->\n<title>Federer, favorito al Sal\u00f3n de la Fama - Esbozo Deportivo<\/title>\n<meta name=\"description\" content=\"Roger Federer encabeza la lista de nominados para la clase 2026 del Sal\u00f3n de la Fama del Tenis Internacional. La leyenda suiza fue el primer hombre en conquistar 20 t\u00edtulos de Grand Slam en individuales e inaugur\u00f3 una era de grandeza sin precedentes junto a sus j\u00f3venes rivales Rafael Nadal y Novak Djokovic.\" \/>\n<meta name=\"robots\" content=\"index, follow, max-snippet:-1, max-image-preview:large, max-video-preview:-1\" \/>\n<link rel=\"canonical\" href=\"https:\/\/esbozodeportivo.com\/index.php\/2025\/10\/01\/federer-favorito-al-salon-de-la-fama\/\" \/>\n<meta property=\"og:locale\" content=\"es_MX\" \/>\n<meta property=\"og:type\" content=\"article\" \/>\n<meta property=\"og:title\" content=\"Federer, favorito al Sal\u00f3n de la Fama - Esbozo Deportivo\" \/>\n<meta property=\"og:description\" content=\"Roger Federer encabeza la lista de nominados para la clase 2026 del Sal\u00f3n de la Fama del Tenis Internacional. La leyenda suiza fue el primer hombre en conquistar 20 t\u00edtulos de Grand Slam en individuales e inaugur\u00f3 una era de grandeza sin precedentes junto a sus j\u00f3venes rivales Rafael Nadal y Novak Djokovic.\" \/>\n<meta property=\"og:url\" content=\"https:\/\/esbozodeportivo.com\/index.php\/2025\/10\/01\/federer-favorito-al-salon-de-la-fama\/\" \/>\n<meta property=\"og:site_name\" content=\"Esbozo Deportivo\" \/>\n<meta property=\"article:published_time\" content=\"2025-10-02T04:39:13+00:00\" \/>\n<meta property=\"article:modified_time\" content=\"2025-10-02T04:39:14+00:00\" \/>\n<meta property=\"og:image\" content=\"https:\/\/esbozodeportivo.com\/wp-content\/uploads\/2025\/10\/Champions.jpg\" \/>\n\t<meta property=\"og:image:width\" content=\"1440\" \/>\n\t<meta property=\"og:image:height\" content=\"1047\" \/>\n\t<meta property=\"og:image:type\" content=\"image\/jpeg\" \/>\n<meta name=\"author\" content=\"Redacci\u00f3n\" \/>\n<meta name=\"twitter:card\" content=\"summary_large_image\" \/>\n<meta name=\"twitter:label1\" content=\"Escrito por\" \/>\n\t<meta name=\"twitter:data1\" content=\"Redacci\u00f3n\" \/>\n\t<meta name=\"twitter:label2\" content=\"Tiempo de lectura\" \/>\n\t<meta name=\"twitter:data2\" content=\"2 minutos\" \/>\n<script type=\"application\/ld+json\" class=\"yoast-schema-graph\">{\"@context\":\"https:\/\/schema.org\",\"@graph\":[{\"@type\":\"Article\",\"@id\":\"https:\/\/esbozodeportivo.com\/index.php\/2025\/10\/01\/federer-favorito-al-salon-de-la-fama\/#article\",\"isPartOf\":{\"@id\":\"https:\/\/esbozodeportivo.com\/index.php\/2025\/10\/01\/federer-favorito-al-salon-de-la-fama\/\"},\"author\":{\"name\":\"Redacci\u00f3n\",\"@id\":\"https:\/\/esbozodeportivo.com\/#\/schema\/person\/0f6df9196dfe6740dd0bb31bae50d374\"},\"headline\":\"Federer, favorito al Sal\u00f3n de la Fama\",\"datePublished\":\"2025-10-02T04:39:13+00:00\",\"dateModified\":\"2025-10-02T04:39:14+00:00\",\"mainEntityOfPage\":{\"@id\":\"https:\/\/esbozodeportivo.com\/index.php\/2025\/10\/01\/federer-favorito-al-salon-de-la-fama\/\"},\"wordCount\":358,\"publisher\":{\"@id\":\"https:\/\/esbozodeportivo.com\/#organization\"},\"image\":{\"@id\":\"https:\/\/esbozodeportivo.com\/index.php\/2025\/10\/01\/federer-favorito-al-salon-de-la-fama\/#primaryimage\"},\"thumbnailUrl\":\"https:\/\/esbozodeportivo.com\/wp-content\/uploads\/2025\/10\/Champions.jpg\",\"articleSection\":[\"Tenis Internacional\"],\"inLanguage\":\"es\"},{\"@type\":\"WebPage\",\"@id\":\"https:\/\/esbozodeportivo.com\/index.php\/2025\/10\/01\/federer-favorito-al-salon-de-la-fama\/\",\"url\":\"https:\/\/esbozodeportivo.com\/index.php\/2025\/10\/01\/federer-favorito-al-salon-de-la-fama\/\",\"name\":\"Federer, favorito al Sal\u00f3n de la Fama - Esbozo Deportivo\",\"isPartOf\":{\"@id\":\"https:\/\/esbozodeportivo.com\/#website\"},\"primaryImageOfPage\":{\"@id\":\"https:\/\/esbozodeportivo.com\/index.php\/2025\/10\/01\/federer-favorito-al-salon-de-la-fama\/#primaryimage\"},\"image\":{\"@id\":\"https:\/\/esbozodeportivo.com\/index.php\/2025\/10\/01\/federer-favorito-al-salon-de-la-fama\/#primaryimage\"},\"thumbnailUrl\":\"https:\/\/esbozodeportivo.com\/wp-content\/uploads\/2025\/10\/Champions.jpg\",\"datePublished\":\"2025-10-02T04:39:13+00:00\",\"dateModified\":\"2025-10-02T04:39:14+00:00\",\"description\":\"Roger Federer encabeza la lista de nominados para la clase 2026 del Sal\u00f3n de la Fama del Tenis Internacional. La leyenda suiza fue el primer hombre en conquistar 20 t\u00edtulos de Grand Slam en individuales e inaugur\u00f3 una era de grandeza sin precedentes junto a sus j\u00f3venes rivales Rafael Nadal y Novak Djokovic.\",\"breadcrumb\":{\"@id\":\"https:\/\/esbozodeportivo.com\/index.php\/2025\/10\/01\/federer-favorito-al-salon-de-la-fama\/#breadcrumb\"},\"inLanguage\":\"es\",\"potentialAction\":[{\"@type\":\"ReadAction\",\"target\":[\"https:\/\/esbozodeportivo.com\/index.php\/2025\/10\/01\/federer-favorito-al-salon-de-la-fama\/\"]}]},{\"@type\":\"ImageObject\",\"inLanguage\":\"es\",\"@id\":\"https:\/\/esbozodeportivo.com\/index.php\/2025\/10\/01\/federer-favorito-al-salon-de-la-fama\/#primaryimage\",\"url\":\"https:\/\/esbozodeportivo.com\/wp-content\/uploads\/2025\/10\/Champions.jpg\",\"contentUrl\":\"https:\/\/esbozodeportivo.com\/wp-content\/uploads\/2025\/10\/Champions.jpg\",\"width\":1440,\"height\":1047},{\"@type\":\"BreadcrumbList\",\"@id\":\"https:\/\/esbozodeportivo.com\/index.php\/2025\/10\/01\/federer-favorito-al-salon-de-la-fama\/#breadcrumb\",\"itemListElement\":[{\"@type\":\"ListItem\",\"position\":1,\"name\":\"Inicio\",\"item\":\"https:\/\/esbozodeportivo.com\/\"},{\"@type\":\"ListItem\",\"position\":2,\"name\":\"Federer, favorito al Sal\u00f3n de la Fama\"}]},{\"@type\":\"WebSite\",\"@id\":\"https:\/\/esbozodeportivo.com\/#website\",\"url\":\"https:\/\/esbozodeportivo.com\/\",\"name\":\"Esbozo Deportivo\",\"description\":\"Lo m\u00e1s importante del Deporte\",\"publisher\":{\"@id\":\"https:\/\/esbozodeportivo.com\/#organization\"},\"potentialAction\":[{\"@type\":\"SearchAction\",\"target\":{\"@type\":\"EntryPoint\",\"urlTemplate\":\"https:\/\/esbozodeportivo.com\/?s={search_term_string}\"},\"query-input\":{\"@type\":\"PropertyValueSpecification\",\"valueRequired\":true,\"valueName\":\"search_term_string\"}}],\"inLanguage\":\"es\"},{\"@type\":\"Organization\",\"@id\":\"https:\/\/esbozodeportivo.com\/#organization\",\"name\":\"Esbozo Deportivo\",\"url\":\"https:\/\/esbozodeportivo.com\/\",\"logo\":{\"@type\":\"ImageObject\",\"inLanguage\":\"es\",\"@id\":\"https:\/\/esbozodeportivo.com\/#\/schema\/logo\/image\/\",\"url\":\"https:\/\/esbozodeportivo.com\/wp-content\/uploads\/2022\/08\/cropped-Logo-Esbozo-Web-2.png\",\"contentUrl\":\"https:\/\/esbozodeportivo.com\/wp-content\/uploads\/2022\/08\/cropped-Logo-Esbozo-Web-2.png\",\"width\":180,\"height\":50,\"caption\":\"Esbozo Deportivo\"},\"image\":{\"@id\":\"https:\/\/esbozodeportivo.com\/#\/schema\/logo\/image\/\"}},{\"@type\":\"Person\",\"@id\":\"https:\/\/esbozodeportivo.com\/#\/schema\/person\/0f6df9196dfe6740dd0bb31bae50d374\",\"name\":\"Redacci\u00f3n\",\"image\":{\"@type\":\"ImageObject\",\"inLanguage\":\"es\",\"@id\":\"https:\/\/esbozodeportivo.com\/#\/schema\/person\/image\/\",\"url\":\"https:\/\/secure.gravatar.com\/avatar\/f55268a89c3b418f2ef172ff52ab0d09b3e653c58de29539fe329fb93d78ebf3?s=96&d=mm&r=g\",\"contentUrl\":\"https:\/\/secure.gravatar.com\/avatar\/f55268a89c3b418f2ef172ff52ab0d09b3e653c58de29539fe329fb93d78ebf3?s=96&d=mm&r=g\",\"caption\":\"Redacci\u00f3n\"},\"url\":\"https:\/\/esbozodeportivo.com\/index.php\/author\/redaccion\/\"}]}<\/script>\n<!-- \/ Yoast SEO plugin. -->","yoast_head_json":{"title":"Federer, favorito al Sal\u00f3n de la Fama - Esbozo Deportivo","description":"Roger Federer encabeza la lista de nominados para la clase 2026 del Sal\u00f3n de la Fama del Tenis Internacional. La leyenda suiza fue el primer hombre en conquistar 20 t\u00edtulos de Grand Slam en individuales e inaugur\u00f3 una era de grandeza sin precedentes junto a sus j\u00f3venes rivales Rafael Nadal y Novak Djokovic.","robots":{"index":"index","follow":"follow","max-snippet":"max-snippet:-1","max-image-preview":"max-image-preview:large","max-video-preview":"max-video-preview:-1"},"canonical":"https:\/\/esbozodeportivo.com\/index.php\/2025\/10\/01\/federer-favorito-al-salon-de-la-fama\/","og_locale":"es_MX","og_type":"article","og_title":"Federer, favorito al Sal\u00f3n de la Fama - Esbozo Deportivo","og_description":"Roger Federer encabeza la lista de nominados para la clase 2026 del Sal\u00f3n de la Fama del Tenis Internacional. La leyenda suiza fue el primer hombre en conquistar 20 t\u00edtulos de Grand Slam en individuales e inaugur\u00f3 una era de grandeza sin precedentes junto a sus j\u00f3venes rivales Rafael Nadal y Novak Djokovic.","og_url":"https:\/\/esbozodeportivo.com\/index.php\/2025\/10\/01\/federer-favorito-al-salon-de-la-fama\/","og_site_name":"Esbozo Deportivo","article_published_time":"2025-10-02T04:39:13+00:00","article_modified_time":"2025-10-02T04:39:14+00:00","og_image":[{"width":1440,"height":1047,"url":"https:\/\/esbozodeportivo.com\/wp-content\/uploads\/2025\/10\/Champions.jpg","type":"image\/jpeg"}],"author":"Redacci\u00f3n","twitter_card":"summary_large_image","twitter_misc":{"Escrito por":"Redacci\u00f3n","Tiempo de lectura":"2 minutos"},"schema":{"@context":"https:\/\/schema.org","@graph":[{"@type":"Article","@id":"https:\/\/esbozodeportivo.com\/index.php\/2025\/10\/01\/federer-favorito-al-salon-de-la-fama\/#article","isPartOf":{"@id":"https:\/\/esbozodeportivo.com\/index.php\/2025\/10\/01\/federer-favorito-al-salon-de-la-fama\/"},"author":{"name":"Redacci\u00f3n","@id":"https:\/\/esbozodeportivo.com\/#\/schema\/person\/0f6df9196dfe6740dd0bb31bae50d374"},"headline":"Federer, favorito al Sal\u00f3n de la Fama","datePublished":"2025-10-02T04:39:13+00:00","dateModified":"2025-10-02T04:39:14+00:00","mainEntityOfPage":{"@id":"https:\/\/esbozodeportivo.com\/index.php\/2025\/10\/01\/federer-favorito-al-salon-de-la-fama\/"},"wordCount":358,"publisher":{"@id":"https:\/\/esbozodeportivo.com\/#organization"},"image":{"@id":"https:\/\/esbozodeportivo.com\/index.php\/2025\/10\/01\/federer-favorito-al-salon-de-la-fama\/#primaryimage"},"thumbnailUrl":"https:\/\/esbozodeportivo.com\/wp-content\/uploads\/2025\/10\/Champions.jpg","articleSection":["Tenis Internacional"],"inLanguage":"es"},{"@type":"WebPage","@id":"https:\/\/esbozodeportivo.com\/index.php\/2025\/10\/01\/federer-favorito-al-salon-de-la-fama\/","url":"https:\/\/esbozodeportivo.com\/index.php\/2025\/10\/01\/federer-favorito-al-salon-de-la-fama\/","name":"Federer, favorito al Sal\u00f3n de la Fama - Esbozo Deportivo","isPartOf":{"@id":"https:\/\/esbozodeportivo.com\/#website"},"primaryImageOfPage":{"@id":"https:\/\/esbozodeportivo.com\/index.php\/2025\/10\/01\/federer-favorito-al-salon-de-la-fama\/#primaryimage"},"image":{"@id":"https:\/\/esbozodeportivo.com\/index.php\/2025\/10\/01\/federer-favorito-al-salon-de-la-fama\/#primaryimage"},"thumbnailUrl":"https:\/\/esbozodeportivo.com\/wp-content\/uploads\/2025\/10\/Champions.jpg","datePublished":"2025-10-02T04:39:13+00:00","dateModified":"2025-10-02T04:39:14+00:00","description":"Roger Federer encabeza la lista de nominados para la clase 2026 del Sal\u00f3n de la Fama del Tenis Internacional. La leyenda suiza fue el primer hombre en conquistar 20 t\u00edtulos de Grand Slam en individuales e inaugur\u00f3 una era de grandeza sin precedentes junto a sus j\u00f3venes rivales Rafael Nadal y Novak Djokovic.","breadcrumb":{"@id":"https:\/\/esbozodeportivo.com\/index.php\/2025\/10\/01\/federer-favorito-al-salon-de-la-fama\/#breadcrumb"},"inLanguage":"es","potentialAction":[{"@type":"ReadAction","target":["https:\/\/esbozodeportivo.com\/index.php\/2025\/10\/01\/federer-favorito-al-salon-de-la-fama\/"]}]},{"@type":"ImageObject","inLanguage":"es","@id":"https:\/\/esbozodeportivo.com\/index.php\/2025\/10\/01\/federer-favorito-al-salon-de-la-fama\/#primaryimage","url":"https:\/\/esbozodeportivo.com\/wp-content\/uploads\/2025\/10\/Champions.jpg","contentUrl":"https:\/\/esbozodeportivo.com\/wp-content\/uploads\/2025\/10\/Champions.jpg","width":1440,"height":1047},{"@type":"BreadcrumbList","@id":"https:\/\/esbozodeportivo.com\/index.php\/2025\/10\/01\/federer-favorito-al-salon-de-la-fama\/#breadcrumb","itemListElement":[{"@type":"ListItem","position":1,"name":"Inicio","item":"https:\/\/esbozodeportivo.com\/"},{"@type":"ListItem","position":2,"name":"Federer, favorito al Sal\u00f3n de la Fama"}]},{"@type":"WebSite","@id":"https:\/\/esbozodeportivo.com\/#website","url":"https:\/\/esbozodeportivo.com\/","name":"Esbozo Deportivo","description":"Lo m\u00e1s importante del Deporte","publisher":{"@id":"https:\/\/esbozodeportivo.com\/#organization"},"potentialAction":[{"@type":"SearchAction","target":{"@type":"EntryPoint","urlTemplate":"https:\/\/esbozodeportivo.com\/?s={search_term_string}"},"query-input":{"@type":"PropertyValueSpecification","valueRequired":true,"valueName":"search_term_string"}}],"inLanguage":"es"},{"@type":"Organization","@id":"https:\/\/esbozodeportivo.com\/#organization","name":"Esbozo Deportivo","url":"https:\/\/esbozodeportivo.com\/","logo":{"@type":"ImageObject","inLanguage":"es","@id":"https:\/\/esbozodeportivo.com\/#\/schema\/logo\/image\/","url":"https:\/\/esbozodeportivo.com\/wp-content\/uploads\/2022\/08\/cropped-Logo-Esbozo-Web-2.png","contentUrl":"https:\/\/esbozodeportivo.com\/wp-content\/uploads\/2022\/08\/cropped-Logo-Esbozo-Web-2.png","width":180,"height":50,"caption":"Esbozo Deportivo"},"image":{"@id":"https:\/\/esbozodeportivo.com\/#\/schema\/logo\/image\/"}},{"@type":"Person","@id":"https:\/\/esbozodeportivo.com\/#\/schema\/person\/0f6df9196dfe6740dd0bb31bae50d374","name":"Redacci\u00f3n","image":{"@type":"ImageObject","inLanguage":"es","@id":"https:\/\/esbozodeportivo.com\/#\/schema\/person\/image\/","url":"https:\/\/secure.gravatar.com\/avatar\/f55268a89c3b418f2ef172ff52ab0d09b3e653c58de29539fe329fb93d78ebf3?s=96&d=mm&r=g","contentUrl":"https:\/\/secure.gravatar.com\/avatar\/f55268a89c3b418f2ef172ff52ab0d09b3e653c58de29539fe329fb93d78ebf3?s=96&d=mm&r=g","caption":"Redacci\u00f3n"},"url":"https:\/\/esbozodeportivo.com\/index.php\/author\/redaccion\/"}]}},"jetpack_featured_media_url":"https:\/\/esbozodeportivo.com\/wp-content\/uploads\/2025\/10\/Champions.jpg","jetpack_sharing_enabled":true,"_links":{"self":[{"href":"https:\/\/esbozodeportivo.com\/index.php\/wp-json\/wp\/v2\/posts\/10211","targetHints":{"allow":["GET"]}}],"collection":[{"href":"https:\/\/esbozodeportivo.com\/index.php\/wp-json\/wp\/v2\/posts"}],"about":[{"href":"https:\/\/esbozodeportivo.com\/index.php\/wp-json\/wp\/v2\/types\/post"}],"author":[{"embeddable":true,"href":"https:\/\/esbozodeportivo.com\/index.php\/wp-json\/wp\/v2\/users\/4"}],"replies":[{"embeddable":true,"href":"https:\/\/esbozodeportivo.com\/index.php\/wp-json\/wp\/v2\/comments?post=10211"}],"version-history":[{"count":1,"href":"https:\/\/esbozodeportivo.com\/index.php\/wp-json\/wp\/v2\/posts\/10211\/revisions"}],"predecessor-version":[{"id":10212,"href":"https:\/\/esbozodeportivo.com\/index.php\/wp-json\/wp\/v2\/posts\/10211\/revisions\/10212"}],"wp:featuredmedia":[{"embeddable":true,"href":"https:\/\/esbozodeportivo.com\/index.php\/wp-json\/wp\/v2\/media\/10206"}],"wp:attachment":[{"href":"https:\/\/esbozodeportivo.com\/index.php\/wp-json\/wp\/v2\/media?parent=10211"}],"wp:term":[{"taxonomy":"category","embeddable":true,"href":"https:\/\/esbozodeportivo.com\/index.php\/wp-json\/wp\/v2\/categories?post=10211"},{"taxonomy":"post_tag","embeddable":true,"href":"https:\/\/esbozodeportivo.com\/index.php\/wp-json\/wp\/v2\/tags?post=10211"}],"curies":[{"name":"wp","href":"https:\/\/api.w.org\/{rel}","templated":true}]}}