{"id":10245,"date":"2025-10-02T21:53:48","date_gmt":"2025-10-03T03:53:48","guid":{"rendered":"https:\/\/esbozodeportivo.com\/?p=10245"},"modified":"2025-10-02T21:53:49","modified_gmt":"2025-10-03T03:53:49","slug":"mora-brilla-en-el-mundial-sub-20","status":"publish","type":"post","link":"https:\/\/esbozodeportivo.com\/index.php\/2025\/10\/02\/mora-brilla-en-el-mundial-sub-20\/","title":{"rendered":"Mora brilla en el Mundial Sub-20"},"content":{"rendered":"\n<p>(Foto: Agencias) <\/p>\n\n\n\n<p><strong>Gilberto Mora<\/strong> demostr\u00f3 por qu\u00e9 se le considera la joya emergente del f\u00fatbol mexicano a sus <strong>16 a\u00f1os<\/strong>, al facturar dos goles, incluido uno a tres minutos del final para que el <strong>Tri<\/strong> empatara 2-2 un duelo de toma y daca frente a <strong>Espa\u00f1a en el Mundial Sub20.<\/strong><\/p>\n\n\n\n<p>El choque de alto voltaje -no s\u00f3lo por los distintos estilos de juego de los contendientes sino tambi\u00e9n por el peso de sus canteras&#8211;, no defraud\u00f3, y result\u00f3 uno de los mejores de esta primera fase.<\/p>\n\n\n\n<p>Ambas escuadras mostraron sus mejores versiones y brindaron una buena muestra del talento juvenil que promete mover las pr\u00f3ximas generaciones del f\u00fatbol global.<\/p>\n\n\n\n<p>De un lado, la <strong>Rojita<\/strong> encontr\u00f3 la afinidad que le falt\u00f3 en el debut. El capit\u00e1n <strong>Iker Bravo, Pablo Garc\u00eda y Jan Virgili<\/strong> pusieron a trabajar al portero mexicano.<\/p>\n\n\n\n<p>Del otro, un joven e imparable <strong>Mora<\/strong> brillaron conduciendo al conjunto mexicano y dio una peque\u00f1a demostraci\u00f3n de su potencial.<\/p>\n\n\n\n<p>Fue precisamente el camiseta 11 que abri\u00f3 la cuenta en el Estadio Monumental de <strong>Santiago<\/strong> a los 32 minutos. Tras una espectacular pared con <strong>Alexei Dom\u00ednguez<\/strong>, remat\u00f3 cruzado con mucha clase y dej\u00f3 sin posibilidades al arquero espa\u00f1ol.<\/p>\n\n\n\n<p><strong>Espa\u00f1a<\/strong>, consciente de lo que estaba en juego tras su derrota ante Marruecos, mantuvo la consistencia y Garc\u00eda igual\u00f3 con un golazo al \u00e1ngulo a los 42.<\/p>\n\n\n\n<p>En la segunda parte, europeos y latinoamericanos siguieron acechando y mantuvieron el alto nivel.<\/p>\n\n\n\n<p>Entrado el tramo final, <strong>Jan Virgili<\/strong> arranc\u00f3 con velocidad, fue atropellado por <strong>Cesar Bustos<\/strong> dentro del \u00e1rea y el \u00e1rbitro sentenci\u00f3 el penalti, que lleg\u00f3 a ser revisado a pedido de <strong>M\u00e9xico<\/strong> pero finalmente fue confirmado y convertido por Bravo para poner a los espa\u00f1oles en la delantera.<\/p>\n\n\n\n<p>Los mexicanos mostraron a qu\u00e9 han venido. <strong>Mora <\/strong>&#8211; elegido el mejor jugador del partido &#8211; volvi\u00f3 a dejar todo igualado a los 87 con un toque de mucha categor\u00eda.<\/p>\n\n\n\n<p>Tras hilvanar su segundo empate 2-2, el Tri es segundo del Grupo C con dos puntos. <strong>Espa\u00f1a<\/strong> es colista con uno.<\/p>\n\n\n\n<figure class=\"wp-block-image size-full\"><img loading=\"lazy\" decoding=\"async\" width=\"770\" height=\"530\" src=\"https:\/\/esbozodeportivo.com\/wp-content\/uploads\/2025\/10\/Sub-20.jpg\" alt=\"\" class=\"wp-image-10236\" srcset=\"https:\/\/esbozodeportivo.com\/wp-content\/uploads\/2025\/10\/Sub-20.jpg 770w, https:\/\/esbozodeportivo.com\/wp-content\/uploads\/2025\/10\/Sub-20-300x206.jpg 300w, https:\/\/esbozodeportivo.com\/wp-content\/uploads\/2025\/10\/Sub-20-768x529.jpg 768w\" sizes=\"auto, (max-width: 770px) 100vw, 770px\" \/><\/figure>\n\n\n\n<p>(Foto: Agencias)<\/p>\n\n\n\n<p><strong>Marruecos<\/strong><\/p>\n\n\n\n<p>Otro de los grandes duelos de la jornada se dio entre <strong>Brasil y Marruecos<\/strong>, que volvi\u00f3 a sorprender y encaden\u00f3 su segunda victoria tras batir a los sudamericanos por 2-1.<\/p>\n\n\n\n<p>Con un golazo de chilena del <strong>Othmane Maamma<\/strong>, delantero que despunta en el <strong>Watford<\/strong> ingl\u00e9s, y un tanto de <strong>Yassir Zabiri<\/strong>, los africanos se llevaron el partido y se consolidaron l\u00edderes absolutos del Grupo C. Al igual que <strong>Espa\u00f1a, Brasil<\/strong> se qued\u00f3 con apenas un punto, por lo que dos de los grandes favoritos del certamen est\u00e1n al borde de la eliminaci\u00f3n.<\/p>\n\n\n\n<p>A medida que <strong>Brasil<\/strong> presionaba, el arquero <strong>Yanis Benchaouch<\/strong> empez\u00f3 a crecer, atajando los embates de una <strong>Canarinha<\/strong> que nunca lleg\u00f3 a convencer, incluidos dos disparos consecutivos de <strong>Erick Bele<\/strong> que representaron las aproximaciones m\u00e1s claras.<\/p>\n\n\n\n<p>Tras una primera parte sin goles, los marroqu\u00edes volvieron enchufados y dispuestos a asegurar la parte m\u00e1s alta de la tabla. Brasil apost\u00f3 por numerosos cambios en un intento infructuoso de remar a contracorriente.<\/p>\n\n\n\n<p>El primer tanto del partido vino a los 60, con la chilena de <strong>Maamma<\/strong> en el segundo palo. A los 76, un zurdazo cruzado de <strong>Zabiri<\/strong> ratific\u00f3 la superioridad marroqu\u00ed y firm\u00f3 el pase a la pr\u00f3xima ronda, pese a que los brasile\u00f1os lograron recortar la distancia, con un penal convertido por Iago en el tiempo a\u00f1adido.<\/p>\n\n\n\n<p><strong>Argentina<\/strong><\/p>\n\n\n\n<p><strong>Argentina<\/strong>, pese a iniciar su andadura con dificultad, igualmente asegur\u00f3 su cupo en los octavos tras aplastar 4-1 a <strong>Australia.<\/strong><\/p>\n\n\n\n<p>El delantero <strong>Alejo Sarco<\/strong>, quien viene proyect\u00e1ndose como una de las figuras destacadas del conjunto, anot\u00f3 el primer tanto transcurridos tan s\u00f3lo tres minutos en el estadio <strong>Elias Figueroa de Valpara\u00edso<\/strong>. Sum\u00f3 su tercer gol con la Albiceleste en el torneo.<\/p>\n\n\n\n<p>Con un juego fluido<strong>, Maher Carrizo<\/strong>, delantero del <strong>V\u00e9lez,<\/strong> qued\u00f3 a las puertas de un golazo de tiro libre, impedido por la estirada del guardameta Steven Hall.<\/p>\n\n\n\n<p><strong>Australia<\/strong> pareci\u00f3 empatar, pero el tanto fue anulado tras la revisi\u00f3n del VAR. La respuesta argentina fue inmediata y el centrocampista <strong>Tom\u00e1s P\u00e9rez<\/strong> aument\u00f3 la ventaja a los 45.<\/p>\n\n\n\n<p>Tras el descanso, y con la c\u00f3moda superioridad en el marcador, <strong>Argentina<\/strong> se relaj\u00f3 y los oc\u00e9anicos disminuyeron la distancia con un tanto de <strong>Daniel Bennie<\/strong> cuando el reloj marcaba 69 minutos. Pero la jerarqu\u00eda habl\u00f3 m\u00e1s alto: dos tantos en el tiempo a\u00f1adido de Ian <strong>Subiabre y Santino Andino<\/strong>, reemplazo de <strong>Sarco,<\/strong> pusieron el broche de oro.<\/p>\n\n\n\n<p><strong>Cuba<\/strong><\/p>\n\n\n\n<p>Otro peso pesado que se complic\u00f3 esta jornada fue <strong>Italia,<\/strong> vigente subcampeona de la categor\u00eda y que cedi\u00f3 un empate frente a una selecci\u00f3n cubana que ya hab\u00eda anunciado que dar\u00eda pelea.<\/p>\n\n\n\n<p>Tras debutar con una derrota en un partido en que se le complic\u00f3 a <strong>Argentina <\/strong>m\u00e1s de lo esperado, el cuadro caribe\u00f1o ca\u00eda por dos goles ante los italianos antes del descanso, pero mont\u00f3 una reacci\u00f3n notable en la segunda parte y rescat\u00f3 un empate, aupado por la superioridad num\u00e9rica tras la expulsi\u00f3n de <strong>Jamal Iddrissou.<\/strong><\/p>\n\n\n\n<p>La <strong>Azzurra<\/strong> inaugur\u00f3 el marcador a los 14 con un gol de <strong>Andrea Natali<\/strong> y ampli\u00f3 la ventaja veinte minutos despu\u00e9s con <strong>Iddrissou<\/strong>. Pero el delantero acab\u00f3 expulsado tras recibir su segunda tarjeta amarilla, dejando a <strong>Italia<\/strong> herida para los 45 minutos finales y abriendo una puerta que los cubanos supieron aprovechar.<\/p>\n\n\n\n<p>El hueco en sus filas hizo que los italianos se presionasen demasiado. A los 70, <strong>Michael Camejo<\/strong> convirti\u00f3 un penal para recortar distancias. El mismo centrocampista igual\u00f3 las cosas, otra vez de penalti y a falta de tres minutos del final, sentenciando as\u00ed un empate hist\u00f3rico para los isle\u00f1os, que mantienen sus esperanzas de clasificaci\u00f3n a octavos.<\/p>\n\n\n\n<p><\/p>\n","protected":false},"excerpt":{"rendered":"<p>(Foto: Agencias) Gilberto Mora demostr\u00f3 por qu\u00e9 se le considera la joya emergente del f\u00fatbol<\/p>\n","protected":false},"author":4,"featured_media":10237,"comment_status":"closed","ping_status":"open","sticky":false,"template":"","format":"standard","meta":{"_jetpack_memberships_contains_paid_content":false,"footnotes":""},"categories":[110],"tags":[],"class_list":["post-10245","post","type-post","status-publish","format-standard","has-post-thumbnail","hentry","category-mundial-sub-20"],"yoast_head":"<!-- This site is optimized with the Yoast SEO plugin v25.7 - https:\/\/yoast.com\/wordpress\/plugins\/seo\/ -->\n<title>Mora brilla en el Mundial Sub-20 - Esbozo Deportivo<\/title>\n<meta name=\"description\" content=\"Gilberto Mora demostr\u00f3 por qu\u00e9 se le considera la joya emergente del f\u00fatbol mexicano a sus 16 a\u00f1os, al facturar dos goles, incluido uno a tres minutos del final para que el Tri empatara 2-2 un duelo de toma y daca frente a Espa\u00f1a en el Mundial Sub20.\" \/>\n<meta name=\"robots\" content=\"index, follow, max-snippet:-1, max-image-preview:large, max-video-preview:-1\" \/>\n<link rel=\"canonical\" href=\"https:\/\/esbozodeportivo.com\/index.php\/2025\/10\/02\/mora-brilla-en-el-mundial-sub-20\/\" \/>\n<meta property=\"og:locale\" content=\"es_MX\" \/>\n<meta property=\"og:type\" content=\"article\" \/>\n<meta property=\"og:title\" content=\"Mora brilla en el Mundial Sub-20 - Esbozo Deportivo\" \/>\n<meta property=\"og:description\" content=\"Gilberto Mora demostr\u00f3 por qu\u00e9 se le considera la joya emergente del f\u00fatbol mexicano a sus 16 a\u00f1os, al facturar dos goles, incluido uno a tres minutos del final para que el Tri empatara 2-2 un duelo de toma y daca frente a Espa\u00f1a en el Mundial Sub20.\" \/>\n<meta property=\"og:url\" content=\"https:\/\/esbozodeportivo.com\/index.php\/2025\/10\/02\/mora-brilla-en-el-mundial-sub-20\/\" \/>\n<meta property=\"og:site_name\" content=\"Esbozo Deportivo\" \/>\n<meta property=\"article:published_time\" content=\"2025-10-03T03:53:48+00:00\" \/>\n<meta property=\"article:modified_time\" content=\"2025-10-03T03:53:49+00:00\" \/>\n<meta property=\"og:image\" content=\"https:\/\/esbozodeportivo.com\/wp-content\/uploads\/2025\/10\/Sub-201.jpg\" \/>\n\t<meta property=\"og:image:width\" content=\"1440\" \/>\n\t<meta property=\"og:image:height\" content=\"960\" \/>\n\t<meta property=\"og:image:type\" content=\"image\/jpeg\" \/>\n<meta name=\"author\" content=\"Redacci\u00f3n\" \/>\n<meta name=\"twitter:card\" content=\"summary_large_image\" \/>\n<meta name=\"twitter:label1\" content=\"Escrito por\" \/>\n\t<meta name=\"twitter:data1\" content=\"Redacci\u00f3n\" \/>\n\t<meta name=\"twitter:label2\" content=\"Tiempo de lectura\" \/>\n\t<meta name=\"twitter:data2\" content=\"5 minutos\" \/>\n<script type=\"application\/ld+json\" class=\"yoast-schema-graph\">{\"@context\":\"https:\/\/schema.org\",\"@graph\":[{\"@type\":\"Article\",\"@id\":\"https:\/\/esbozodeportivo.com\/index.php\/2025\/10\/02\/mora-brilla-en-el-mundial-sub-20\/#article\",\"isPartOf\":{\"@id\":\"https:\/\/esbozodeportivo.com\/index.php\/2025\/10\/02\/mora-brilla-en-el-mundial-sub-20\/\"},\"author\":{\"name\":\"Redacci\u00f3n\",\"@id\":\"https:\/\/esbozodeportivo.com\/#\/schema\/person\/0f6df9196dfe6740dd0bb31bae50d374\"},\"headline\":\"Mora brilla en el Mundial Sub-20\",\"datePublished\":\"2025-10-03T03:53:48+00:00\",\"dateModified\":\"2025-10-03T03:53:49+00:00\",\"mainEntityOfPage\":{\"@id\":\"https:\/\/esbozodeportivo.com\/index.php\/2025\/10\/02\/mora-brilla-en-el-mundial-sub-20\/\"},\"wordCount\":982,\"publisher\":{\"@id\":\"https:\/\/esbozodeportivo.com\/#organization\"},\"image\":{\"@id\":\"https:\/\/esbozodeportivo.com\/index.php\/2025\/10\/02\/mora-brilla-en-el-mundial-sub-20\/#primaryimage\"},\"thumbnailUrl\":\"https:\/\/esbozodeportivo.com\/wp-content\/uploads\/2025\/10\/Sub-201.jpg\",\"articleSection\":[\"Mundial Sub 20\"],\"inLanguage\":\"es\"},{\"@type\":\"WebPage\",\"@id\":\"https:\/\/esbozodeportivo.com\/index.php\/2025\/10\/02\/mora-brilla-en-el-mundial-sub-20\/\",\"url\":\"https:\/\/esbozodeportivo.com\/index.php\/2025\/10\/02\/mora-brilla-en-el-mundial-sub-20\/\",\"name\":\"Mora brilla en el Mundial Sub-20 - Esbozo Deportivo\",\"isPartOf\":{\"@id\":\"https:\/\/esbozodeportivo.com\/#website\"},\"primaryImageOfPage\":{\"@id\":\"https:\/\/esbozodeportivo.com\/index.php\/2025\/10\/02\/mora-brilla-en-el-mundial-sub-20\/#primaryimage\"},\"image\":{\"@id\":\"https:\/\/esbozodeportivo.com\/index.php\/2025\/10\/02\/mora-brilla-en-el-mundial-sub-20\/#primaryimage\"},\"thumbnailUrl\":\"https:\/\/esbozodeportivo.com\/wp-content\/uploads\/2025\/10\/Sub-201.jpg\",\"datePublished\":\"2025-10-03T03:53:48+00:00\",\"dateModified\":\"2025-10-03T03:53:49+00:00\",\"description\":\"Gilberto Mora demostr\u00f3 por qu\u00e9 se le considera la joya emergente del f\u00fatbol mexicano a sus 16 a\u00f1os, al facturar dos goles, incluido uno a tres minutos del final para que el Tri empatara 2-2 un duelo de toma y daca frente a Espa\u00f1a en el Mundial Sub20.\",\"breadcrumb\":{\"@id\":\"https:\/\/esbozodeportivo.com\/index.php\/2025\/10\/02\/mora-brilla-en-el-mundial-sub-20\/#breadcrumb\"},\"inLanguage\":\"es\",\"potentialAction\":[{\"@type\":\"ReadAction\",\"target\":[\"https:\/\/esbozodeportivo.com\/index.php\/2025\/10\/02\/mora-brilla-en-el-mundial-sub-20\/\"]}]},{\"@type\":\"ImageObject\",\"inLanguage\":\"es\",\"@id\":\"https:\/\/esbozodeportivo.com\/index.php\/2025\/10\/02\/mora-brilla-en-el-mundial-sub-20\/#primaryimage\",\"url\":\"https:\/\/esbozodeportivo.com\/wp-content\/uploads\/2025\/10\/Sub-201.jpg\",\"contentUrl\":\"https:\/\/esbozodeportivo.com\/wp-content\/uploads\/2025\/10\/Sub-201.jpg\",\"width\":1440,\"height\":960},{\"@type\":\"BreadcrumbList\",\"@id\":\"https:\/\/esbozodeportivo.com\/index.php\/2025\/10\/02\/mora-brilla-en-el-mundial-sub-20\/#breadcrumb\",\"itemListElement\":[{\"@type\":\"ListItem\",\"position\":1,\"name\":\"Inicio\",\"item\":\"https:\/\/esbozodeportivo.com\/\"},{\"@type\":\"ListItem\",\"position\":2,\"name\":\"Mora brilla en el Mundial Sub-20\"}]},{\"@type\":\"WebSite\",\"@id\":\"https:\/\/esbozodeportivo.com\/#website\",\"url\":\"https:\/\/esbozodeportivo.com\/\",\"name\":\"Esbozo Deportivo\",\"description\":\"Lo m\u00e1s importante del Deporte\",\"publisher\":{\"@id\":\"https:\/\/esbozodeportivo.com\/#organization\"},\"potentialAction\":[{\"@type\":\"SearchAction\",\"target\":{\"@type\":\"EntryPoint\",\"urlTemplate\":\"https:\/\/esbozodeportivo.com\/?s={search_term_string}\"},\"query-input\":{\"@type\":\"PropertyValueSpecification\",\"valueRequired\":true,\"valueName\":\"search_term_string\"}}],\"inLanguage\":\"es\"},{\"@type\":\"Organization\",\"@id\":\"https:\/\/esbozodeportivo.com\/#organization\",\"name\":\"Esbozo Deportivo\",\"url\":\"https:\/\/esbozodeportivo.com\/\",\"logo\":{\"@type\":\"ImageObject\",\"inLanguage\":\"es\",\"@id\":\"https:\/\/esbozodeportivo.com\/#\/schema\/logo\/image\/\",\"url\":\"https:\/\/esbozodeportivo.com\/wp-content\/uploads\/2022\/08\/cropped-Logo-Esbozo-Web-2.png\",\"contentUrl\":\"https:\/\/esbozodeportivo.com\/wp-content\/uploads\/2022\/08\/cropped-Logo-Esbozo-Web-2.png\",\"width\":180,\"height\":50,\"caption\":\"Esbozo Deportivo\"},\"image\":{\"@id\":\"https:\/\/esbozodeportivo.com\/#\/schema\/logo\/image\/\"}},{\"@type\":\"Person\",\"@id\":\"https:\/\/esbozodeportivo.com\/#\/schema\/person\/0f6df9196dfe6740dd0bb31bae50d374\",\"name\":\"Redacci\u00f3n\",\"image\":{\"@type\":\"ImageObject\",\"inLanguage\":\"es\",\"@id\":\"https:\/\/esbozodeportivo.com\/#\/schema\/person\/image\/\",\"url\":\"https:\/\/secure.gravatar.com\/avatar\/f55268a89c3b418f2ef172ff52ab0d09b3e653c58de29539fe329fb93d78ebf3?s=96&d=mm&r=g\",\"contentUrl\":\"https:\/\/secure.gravatar.com\/avatar\/f55268a89c3b418f2ef172ff52ab0d09b3e653c58de29539fe329fb93d78ebf3?s=96&d=mm&r=g\",\"caption\":\"Redacci\u00f3n\"},\"url\":\"https:\/\/esbozodeportivo.com\/index.php\/author\/redaccion\/\"}]}<\/script>\n<!-- \/ Yoast SEO plugin. -->","yoast_head_json":{"title":"Mora brilla en el Mundial Sub-20 - Esbozo Deportivo","description":"Gilberto Mora demostr\u00f3 por qu\u00e9 se le considera la joya emergente del f\u00fatbol mexicano a sus 16 a\u00f1os, al facturar dos goles, incluido uno a tres minutos del final para que el Tri empatara 2-2 un duelo de toma y daca frente a Espa\u00f1a en el Mundial Sub20.","robots":{"index":"index","follow":"follow","max-snippet":"max-snippet:-1","max-image-preview":"max-image-preview:large","max-video-preview":"max-video-preview:-1"},"canonical":"https:\/\/esbozodeportivo.com\/index.php\/2025\/10\/02\/mora-brilla-en-el-mundial-sub-20\/","og_locale":"es_MX","og_type":"article","og_title":"Mora brilla en el Mundial Sub-20 - Esbozo Deportivo","og_description":"Gilberto Mora demostr\u00f3 por qu\u00e9 se le considera la joya emergente del f\u00fatbol mexicano a sus 16 a\u00f1os, al facturar dos goles, incluido uno a tres minutos del final para que el Tri empatara 2-2 un duelo de toma y daca frente a Espa\u00f1a en el Mundial Sub20.","og_url":"https:\/\/esbozodeportivo.com\/index.php\/2025\/10\/02\/mora-brilla-en-el-mundial-sub-20\/","og_site_name":"Esbozo Deportivo","article_published_time":"2025-10-03T03:53:48+00:00","article_modified_time":"2025-10-03T03:53:49+00:00","og_image":[{"width":1440,"height":960,"url":"https:\/\/esbozodeportivo.com\/wp-content\/uploads\/2025\/10\/Sub-201.jpg","type":"image\/jpeg"}],"author":"Redacci\u00f3n","twitter_card":"summary_large_image","twitter_misc":{"Escrito por":"Redacci\u00f3n","Tiempo de lectura":"5 minutos"},"schema":{"@context":"https:\/\/schema.org","@graph":[{"@type":"Article","@id":"https:\/\/esbozodeportivo.com\/index.php\/2025\/10\/02\/mora-brilla-en-el-mundial-sub-20\/#article","isPartOf":{"@id":"https:\/\/esbozodeportivo.com\/index.php\/2025\/10\/02\/mora-brilla-en-el-mundial-sub-20\/"},"author":{"name":"Redacci\u00f3n","@id":"https:\/\/esbozodeportivo.com\/#\/schema\/person\/0f6df9196dfe6740dd0bb31bae50d374"},"headline":"Mora brilla en el Mundial Sub-20","datePublished":"2025-10-03T03:53:48+00:00","dateModified":"2025-10-03T03:53:49+00:00","mainEntityOfPage":{"@id":"https:\/\/esbozodeportivo.com\/index.php\/2025\/10\/02\/mora-brilla-en-el-mundial-sub-20\/"},"wordCount":982,"publisher":{"@id":"https:\/\/esbozodeportivo.com\/#organization"},"image":{"@id":"https:\/\/esbozodeportivo.com\/index.php\/2025\/10\/02\/mora-brilla-en-el-mundial-sub-20\/#primaryimage"},"thumbnailUrl":"https:\/\/esbozodeportivo.com\/wp-content\/uploads\/2025\/10\/Sub-201.jpg","articleSection":["Mundial Sub 20"],"inLanguage":"es"},{"@type":"WebPage","@id":"https:\/\/esbozodeportivo.com\/index.php\/2025\/10\/02\/mora-brilla-en-el-mundial-sub-20\/","url":"https:\/\/esbozodeportivo.com\/index.php\/2025\/10\/02\/mora-brilla-en-el-mundial-sub-20\/","name":"Mora brilla en el Mundial Sub-20 - Esbozo Deportivo","isPartOf":{"@id":"https:\/\/esbozodeportivo.com\/#website"},"primaryImageOfPage":{"@id":"https:\/\/esbozodeportivo.com\/index.php\/2025\/10\/02\/mora-brilla-en-el-mundial-sub-20\/#primaryimage"},"image":{"@id":"https:\/\/esbozodeportivo.com\/index.php\/2025\/10\/02\/mora-brilla-en-el-mundial-sub-20\/#primaryimage"},"thumbnailUrl":"https:\/\/esbozodeportivo.com\/wp-content\/uploads\/2025\/10\/Sub-201.jpg","datePublished":"2025-10-03T03:53:48+00:00","dateModified":"2025-10-03T03:53:49+00:00","description":"Gilberto Mora demostr\u00f3 por qu\u00e9 se le considera la joya emergente del f\u00fatbol mexicano a sus 16 a\u00f1os, al facturar dos goles, incluido uno a tres minutos del final para que el Tri empatara 2-2 un duelo de toma y daca frente a Espa\u00f1a en el Mundial Sub20.","breadcrumb":{"@id":"https:\/\/esbozodeportivo.com\/index.php\/2025\/10\/02\/mora-brilla-en-el-mundial-sub-20\/#breadcrumb"},"inLanguage":"es","potentialAction":[{"@type":"ReadAction","target":["https:\/\/esbozodeportivo.com\/index.php\/2025\/10\/02\/mora-brilla-en-el-mundial-sub-20\/"]}]},{"@type":"ImageObject","inLanguage":"es","@id":"https:\/\/esbozodeportivo.com\/index.php\/2025\/10\/02\/mora-brilla-en-el-mundial-sub-20\/#primaryimage","url":"https:\/\/esbozodeportivo.com\/wp-content\/uploads\/2025\/10\/Sub-201.jpg","contentUrl":"https:\/\/esbozodeportivo.com\/wp-content\/uploads\/2025\/10\/Sub-201.jpg","width":1440,"height":960},{"@type":"BreadcrumbList","@id":"https:\/\/esbozodeportivo.com\/index.php\/2025\/10\/02\/mora-brilla-en-el-mundial-sub-20\/#breadcrumb","itemListElement":[{"@type":"ListItem","position":1,"name":"Inicio","item":"https:\/\/esbozodeportivo.com\/"},{"@type":"ListItem","position":2,"name":"Mora brilla en el Mundial Sub-20"}]},{"@type":"WebSite","@id":"https:\/\/esbozodeportivo.com\/#website","url":"https:\/\/esbozodeportivo.com\/","name":"Esbozo Deportivo","description":"Lo m\u00e1s importante del Deporte","publisher":{"@id":"https:\/\/esbozodeportivo.com\/#organization"},"potentialAction":[{"@type":"SearchAction","target":{"@type":"EntryPoint","urlTemplate":"https:\/\/esbozodeportivo.com\/?s={search_term_string}"},"query-input":{"@type":"PropertyValueSpecification","valueRequired":true,"valueName":"search_term_string"}}],"inLanguage":"es"},{"@type":"Organization","@id":"https:\/\/esbozodeportivo.com\/#organization","name":"Esbozo Deportivo","url":"https:\/\/esbozodeportivo.com\/","logo":{"@type":"ImageObject","inLanguage":"es","@id":"https:\/\/esbozodeportivo.com\/#\/schema\/logo\/image\/","url":"https:\/\/esbozodeportivo.com\/wp-content\/uploads\/2022\/08\/cropped-Logo-Esbozo-Web-2.png","contentUrl":"https:\/\/esbozodeportivo.com\/wp-content\/uploads\/2022\/08\/cropped-Logo-Esbozo-Web-2.png","width":180,"height":50,"caption":"Esbozo Deportivo"},"image":{"@id":"https:\/\/esbozodeportivo.com\/#\/schema\/logo\/image\/"}},{"@type":"Person","@id":"https:\/\/esbozodeportivo.com\/#\/schema\/person\/0f6df9196dfe6740dd0bb31bae50d374","name":"Redacci\u00f3n","image":{"@type":"ImageObject","inLanguage":"es","@id":"https:\/\/esbozodeportivo.com\/#\/schema\/person\/image\/","url":"https:\/\/secure.gravatar.com\/avatar\/f55268a89c3b418f2ef172ff52ab0d09b3e653c58de29539fe329fb93d78ebf3?s=96&d=mm&r=g","contentUrl":"https:\/\/secure.gravatar.com\/avatar\/f55268a89c3b418f2ef172ff52ab0d09b3e653c58de29539fe329fb93d78ebf3?s=96&d=mm&r=g","caption":"Redacci\u00f3n"},"url":"https:\/\/esbozodeportivo.com\/index.php\/author\/redaccion\/"}]}},"jetpack_featured_media_url":"https:\/\/esbozodeportivo.com\/wp-content\/uploads\/2025\/10\/Sub-201.jpg","jetpack_sharing_enabled":true,"_links":{"self":[{"href":"https:\/\/esbozodeportivo.com\/index.php\/wp-json\/wp\/v2\/posts\/10245","targetHints":{"allow":["GET"]}}],"collection":[{"href":"https:\/\/esbozodeportivo.com\/index.php\/wp-json\/wp\/v2\/posts"}],"about":[{"href":"https:\/\/esbozodeportivo.com\/index.php\/wp-json\/wp\/v2\/types\/post"}],"author":[{"embeddable":true,"href":"https:\/\/esbozodeportivo.com\/index.php\/wp-json\/wp\/v2\/users\/4"}],"replies":[{"embeddable":true,"href":"https:\/\/esbozodeportivo.com\/index.php\/wp-json\/wp\/v2\/comments?post=10245"}],"version-history":[{"count":1,"href":"https:\/\/esbozodeportivo.com\/index.php\/wp-json\/wp\/v2\/posts\/10245\/revisions"}],"predecessor-version":[{"id":10246,"href":"https:\/\/esbozodeportivo.com\/index.php\/wp-json\/wp\/v2\/posts\/10245\/revisions\/10246"}],"wp:featuredmedia":[{"embeddable":true,"href":"https:\/\/esbozodeportivo.com\/index.php\/wp-json\/wp\/v2\/media\/10237"}],"wp:attachment":[{"href":"https:\/\/esbozodeportivo.com\/index.php\/wp-json\/wp\/v2\/media?parent=10245"}],"wp:term":[{"taxonomy":"category","embeddable":true,"href":"https:\/\/esbozodeportivo.com\/index.php\/wp-json\/wp\/v2\/categories?post=10245"},{"taxonomy":"post_tag","embeddable":true,"href":"https:\/\/esbozodeportivo.com\/index.php\/wp-json\/wp\/v2\/tags?post=10245"}],"curies":[{"name":"wp","href":"https:\/\/api.w.org\/{rel}","templated":true}]}}