{"id":10348,"date":"2025-10-06T21:48:32","date_gmt":"2025-10-07T03:48:32","guid":{"rendered":"https:\/\/esbozodeportivo.com\/?p=10348"},"modified":"2025-10-06T21:48:34","modified_gmt":"2025-10-07T03:48:34","slug":"cartel-de-corte-internacional-en-sala-urbana","status":"publish","type":"post","link":"https:\/\/esbozodeportivo.com\/index.php\/2025\/10\/06\/cartel-de-corte-internacional-en-sala-urbana\/","title":{"rendered":"Cartel de corte internacional en Sala Urbana"},"content":{"rendered":"\n<p><strong>+++ Miura Boxing ofrece duelos en los que intervienen p\u00fagiles de M\u00e9xico, Estados Unidos y Argentina<\/strong><\/p>\n\n\n\n<p><strong>PRENSA MIURA BOXING<\/strong><\/p>\n\n\n\n<p>Atractivo cartel de corte internacional, que promete estar colmado de emociones y adrenalina, ofrecer\u00e1 este s\u00e1bado Miura Boxing en el Centro de espect\u00e1culos Sala Urbana de Naucalpan, Estado de M\u00e9xico, con el apoyo de Libertad Financiera y Mega, y que podr\u00e1 ser visto a trav\u00e9s de TVC Deportes a todo M\u00e9xico.<\/p>\n\n\n\n<p>En el turno semiestelar de la noche, el estadounidense Eric Tudor se medir\u00e1 a Jorge \u201cGeorge\u201d Ibarra, ocho rounds en un peso pactado de 69.000 kilogramos.<\/p>\n\n\n\n<p>El estadounidense Luis \u201cLa M\u00e1quina\u201d Hern\u00e1ndez combatir\u00e1 con el capitalino Uriel \u201cYuca\u201d L\u00f3pez, seis episodios en la divisi\u00f3n de peso pluma.<\/p>\n\n\n\n<p>El tambi\u00e9n estadounidense Izak Carlos se medir\u00e1 a un oponente por confirmar, seis rounds en un peso pactado de 59.800 kilogramos.<\/p>\n\n\n\n<p>El argentino Dylan Ahumada combatir\u00e1 con el mexicano Juan \u201cLa Boa\u201d Jim\u00e9nez, ocho rondas en peso gallo.<\/p>\n\n\n\n<figure class=\"wp-block-image size-large\"><img loading=\"lazy\" decoding=\"async\" width=\"819\" height=\"1024\" src=\"https:\/\/esbozodeportivo.com\/wp-content\/uploads\/2025\/10\/Cartel1-819x1024.jpg\" alt=\"\" class=\"wp-image-10345\" srcset=\"https:\/\/esbozodeportivo.com\/wp-content\/uploads\/2025\/10\/Cartel1-819x1024.jpg 819w, https:\/\/esbozodeportivo.com\/wp-content\/uploads\/2025\/10\/Cartel1-240x300.jpg 240w, https:\/\/esbozodeportivo.com\/wp-content\/uploads\/2025\/10\/Cartel1-768x960.jpg 768w, https:\/\/esbozodeportivo.com\/wp-content\/uploads\/2025\/10\/Cartel1.jpg 1024w\" sizes=\"auto, (max-width: 819px) 100vw, 819px\" \/><\/figure>\n\n\n\n<p><strong>COMBATES CAMPEONATO<\/strong><\/p>\n\n\n\n<p>En el combate principal de la noche, el capitalino Sergio C\u00f3rdoba se medir\u00e1 a Emiliano Toscano, por el campeonato Fecarbox Silver del Consejo Mundial de Boxeo (WBC, por sus siglas en ingl\u00e9s) de peso gallo.<\/p>\n\n\n\n<p>En otra de las batallas estelares que promete sacar chispas, Edgar Ram\u00edrez le har\u00e1 frente a Jordy Villa, por el campeonato Fedelatin M\u00e9xico de la Asociaci\u00f3n Mundial de Boxeo (WBA) de peso Bridger.<\/p>\n\n\n\n<p><strong>DUELO DE REINAS<\/strong><\/p>\n\n\n\n<p>Un combate que ha despertado gran expectativa, la talentosa Regina \u201cRony\u201d Ch\u00e1vez se medir\u00e1 a la dos veces campeona del mundo Monserrat \u201cRaya\u201d Alarc\u00f3n, en un duelo acordado a ocho rounds en un peso acordado a 48.500 kilogramos.<\/p>\n\n\n\n<p>El rapero y boxeador Shailock \u201cNitro\u201d Goyri har\u00e1 su presentaci\u00f3n en la zona conurbada de la capital mexicana, al medirse a un complicado oponente como lo es V\u00edctor \u201cZardo\u201d Andrade, seis episodio en peso superwelter.<\/p>\n\n\n\n<p>David \u201cSuperm\u00e1n\u201d Camacho y Luis \u201cJaguar\u201d Garc\u00eda se medir\u00e1n seis rounds en la escala de peso supermedio.<\/p>\n\n\n\n<p>Eric Valencia se medir\u00e1 contra Isaac Medina, seis rounds en un peso de 62 kilogramos.<\/p>\n\n\n\n<p>Eduardo Jim\u00e9nez har\u00e1 su presentaci\u00f3n ante Einar \u201cEnano\u201d Granada, en combate pactado cuatro rounds en peso ligero.<\/p>\n\n\n\n<p>Y en el inicio de las hostilidades, Jes\u00fas \u201cFuria\u201d G\u00f3mez y Juan Alc\u00e1ntara combatir\u00e1n en una pelea anunciada a seis giros en peso ligero.<\/p>\n\n\n\n<p><strong>TORITOS MIURA BOXING, EN ACCI\u00d3N<\/strong><\/p>\n\n\n\n<p>En combates de corte amateur, Guillermo \u201cSpyder\u201d Leal (Toritos Miura Boxing) le har\u00e1 frente a Emiliano \u201cEl Tigre\u201d Bustamante (3a Arag\u00f3n), tres rounds 54.000 kilogramos 18 a\u00f1os Clasificados.<\/p>\n\n\n\n<p>Ian Villeras (Toritos Miura Boxing) se medir\u00e1 a Miguel Romero (Kazan Boxing), tres episodios 54.000 kilogramos 17 a\u00f1os cinco peleas.<\/p>\n\n\n\n<p>Isaac Zavaleta (Toritos Miura Boxing) vs. \u00c1ngel Acosta (GenaroBox), tres giros en 56.000 kilogramos Clasificadod Elite.<\/p>\n\n\n\n<p>Gerardo Gonz\u00e1lez (Toritos Miura Boxing) pelear\u00e1 con Eduardo Emilio S\u00e1nchez (Leones del Sindicato del Metro), tres rounds 63.000 kilogramos 21 a\u00f1os Clasificados.<\/p>\n\n\n\n<p>Alan Ysef Mart\u00ednez (Toritos Miura Boxing) vs. Juan Carlos Mart\u00ednez (CZO), tres episodios 68.000 kilogramos 31 a\u00f1os dos peleas.<\/p>\n\n\n\n<p>Gina (Toritos Miura Boxing) Keyla \u201cChocolatita\u201d Villegas (GenaroBox), tres rounds 50.000 kilogramos 15 a\u00f1os clasificadas.<\/p>\n\n\n\n<p>Andr\u00e9s Rangel (Toritos Miura Boxing) vs. Diego Mart\u00edn Le\u00f3n (Leones del Sindicato del Metro), tres giros en 52.000 kilogramos 19 a\u00f1os Clasificados.<\/p>\n\n\n\n<p>Boletos disponibles en https:\/\/shorturl.at\/N6LH6<\/p>\n\n\n\n<p><\/p>\n\n\n\n<p><\/p>\n","protected":false},"excerpt":{"rendered":"<p>+++ Miura Boxing ofrece duelos en los que intervienen p\u00fagiles de M\u00e9xico, Estados Unidos y<\/p>\n","protected":false},"author":4,"featured_media":10346,"comment_status":"closed","ping_status":"open","sticky":false,"template":"","format":"standard","meta":{"_jetpack_memberships_contains_paid_content":false,"footnotes":""},"categories":[15],"tags":[],"class_list":["post-10348","post","type-post","status-publish","format-standard","has-post-thumbnail","hentry","category-golpes"],"yoast_head":"<!-- This site is optimized with the Yoast SEO plugin v25.7 - https:\/\/yoast.com\/wordpress\/plugins\/seo\/ -->\n<title>Cartel de corte internacional en Sala Urbana - Esbozo Deportivo<\/title>\n<meta name=\"description\" content=\"Atractivo cartel de corte internacional, que promete estar colmado de emociones y adrenalina, ofrecer\u00e1 este s\u00e1bado Miura Boxing en el Centro de espect\u00e1culos Sala Urbana de Naucalpan, Estado de M\u00e9xico, con el apoyo de Libertad Financiera y Mega, y que podr\u00e1 ser visto a trav\u00e9s de TVC Deportes a todo M\u00e9xico.\" \/>\n<meta name=\"robots\" content=\"index, follow, max-snippet:-1, max-image-preview:large, max-video-preview:-1\" \/>\n<link rel=\"canonical\" href=\"https:\/\/esbozodeportivo.com\/index.php\/2025\/10\/06\/cartel-de-corte-internacional-en-sala-urbana\/\" \/>\n<meta property=\"og:locale\" content=\"es_MX\" \/>\n<meta property=\"og:type\" content=\"article\" \/>\n<meta property=\"og:title\" content=\"Cartel de corte internacional en Sala Urbana - Esbozo Deportivo\" \/>\n<meta property=\"og:description\" content=\"Atractivo cartel de corte internacional, que promete estar colmado de emociones y adrenalina, ofrecer\u00e1 este s\u00e1bado Miura Boxing en el Centro de espect\u00e1culos Sala Urbana de Naucalpan, Estado de M\u00e9xico, con el apoyo de Libertad Financiera y Mega, y que podr\u00e1 ser visto a trav\u00e9s de TVC Deportes a todo M\u00e9xico.\" \/>\n<meta property=\"og:url\" content=\"https:\/\/esbozodeportivo.com\/index.php\/2025\/10\/06\/cartel-de-corte-internacional-en-sala-urbana\/\" \/>\n<meta property=\"og:site_name\" content=\"Esbozo Deportivo\" \/>\n<meta property=\"article:published_time\" content=\"2025-10-07T03:48:32+00:00\" \/>\n<meta property=\"article:modified_time\" content=\"2025-10-07T03:48:34+00:00\" \/>\n<meta property=\"og:image\" content=\"https:\/\/esbozodeportivo.com\/wp-content\/uploads\/2025\/10\/Cartel2.jpg\" \/>\n\t<meta property=\"og:image:width\" content=\"1024\" \/>\n\t<meta property=\"og:image:height\" content=\"1280\" \/>\n\t<meta property=\"og:image:type\" content=\"image\/jpeg\" \/>\n<meta name=\"author\" content=\"Redacci\u00f3n\" \/>\n<meta name=\"twitter:card\" content=\"summary_large_image\" \/>\n<meta name=\"twitter:label1\" content=\"Escrito por\" \/>\n\t<meta name=\"twitter:data1\" content=\"Redacci\u00f3n\" \/>\n\t<meta name=\"twitter:label2\" content=\"Tiempo de lectura\" \/>\n\t<meta name=\"twitter:data2\" content=\"3 minutos\" \/>\n<script type=\"application\/ld+json\" class=\"yoast-schema-graph\">{\"@context\":\"https:\/\/schema.org\",\"@graph\":[{\"@type\":\"Article\",\"@id\":\"https:\/\/esbozodeportivo.com\/index.php\/2025\/10\/06\/cartel-de-corte-internacional-en-sala-urbana\/#article\",\"isPartOf\":{\"@id\":\"https:\/\/esbozodeportivo.com\/index.php\/2025\/10\/06\/cartel-de-corte-internacional-en-sala-urbana\/\"},\"author\":{\"name\":\"Redacci\u00f3n\",\"@id\":\"https:\/\/esbozodeportivo.com\/#\/schema\/person\/0f6df9196dfe6740dd0bb31bae50d374\"},\"headline\":\"Cartel de corte internacional en Sala Urbana\",\"datePublished\":\"2025-10-07T03:48:32+00:00\",\"dateModified\":\"2025-10-07T03:48:34+00:00\",\"mainEntityOfPage\":{\"@id\":\"https:\/\/esbozodeportivo.com\/index.php\/2025\/10\/06\/cartel-de-corte-internacional-en-sala-urbana\/\"},\"wordCount\":564,\"publisher\":{\"@id\":\"https:\/\/esbozodeportivo.com\/#organization\"},\"image\":{\"@id\":\"https:\/\/esbozodeportivo.com\/index.php\/2025\/10\/06\/cartel-de-corte-internacional-en-sala-urbana\/#primaryimage\"},\"thumbnailUrl\":\"https:\/\/esbozodeportivo.com\/wp-content\/uploads\/2025\/10\/Cartel2.jpg\",\"articleSection\":[\"Box Internacional\"],\"inLanguage\":\"es\"},{\"@type\":\"WebPage\",\"@id\":\"https:\/\/esbozodeportivo.com\/index.php\/2025\/10\/06\/cartel-de-corte-internacional-en-sala-urbana\/\",\"url\":\"https:\/\/esbozodeportivo.com\/index.php\/2025\/10\/06\/cartel-de-corte-internacional-en-sala-urbana\/\",\"name\":\"Cartel de corte internacional en Sala Urbana - Esbozo Deportivo\",\"isPartOf\":{\"@id\":\"https:\/\/esbozodeportivo.com\/#website\"},\"primaryImageOfPage\":{\"@id\":\"https:\/\/esbozodeportivo.com\/index.php\/2025\/10\/06\/cartel-de-corte-internacional-en-sala-urbana\/#primaryimage\"},\"image\":{\"@id\":\"https:\/\/esbozodeportivo.com\/index.php\/2025\/10\/06\/cartel-de-corte-internacional-en-sala-urbana\/#primaryimage\"},\"thumbnailUrl\":\"https:\/\/esbozodeportivo.com\/wp-content\/uploads\/2025\/10\/Cartel2.jpg\",\"datePublished\":\"2025-10-07T03:48:32+00:00\",\"dateModified\":\"2025-10-07T03:48:34+00:00\",\"description\":\"Atractivo cartel de corte internacional, que promete estar colmado de emociones y adrenalina, ofrecer\u00e1 este s\u00e1bado Miura Boxing en el Centro de espect\u00e1culos Sala Urbana de Naucalpan, Estado de M\u00e9xico, con el apoyo de Libertad Financiera y Mega, y que podr\u00e1 ser visto a trav\u00e9s de TVC Deportes a todo M\u00e9xico.\",\"breadcrumb\":{\"@id\":\"https:\/\/esbozodeportivo.com\/index.php\/2025\/10\/06\/cartel-de-corte-internacional-en-sala-urbana\/#breadcrumb\"},\"inLanguage\":\"es\",\"potentialAction\":[{\"@type\":\"ReadAction\",\"target\":[\"https:\/\/esbozodeportivo.com\/index.php\/2025\/10\/06\/cartel-de-corte-internacional-en-sala-urbana\/\"]}]},{\"@type\":\"ImageObject\",\"inLanguage\":\"es\",\"@id\":\"https:\/\/esbozodeportivo.com\/index.php\/2025\/10\/06\/cartel-de-corte-internacional-en-sala-urbana\/#primaryimage\",\"url\":\"https:\/\/esbozodeportivo.com\/wp-content\/uploads\/2025\/10\/Cartel2.jpg\",\"contentUrl\":\"https:\/\/esbozodeportivo.com\/wp-content\/uploads\/2025\/10\/Cartel2.jpg\",\"width\":1024,\"height\":1280},{\"@type\":\"BreadcrumbList\",\"@id\":\"https:\/\/esbozodeportivo.com\/index.php\/2025\/10\/06\/cartel-de-corte-internacional-en-sala-urbana\/#breadcrumb\",\"itemListElement\":[{\"@type\":\"ListItem\",\"position\":1,\"name\":\"Inicio\",\"item\":\"https:\/\/esbozodeportivo.com\/\"},{\"@type\":\"ListItem\",\"position\":2,\"name\":\"Cartel de corte internacional en Sala Urbana\"}]},{\"@type\":\"WebSite\",\"@id\":\"https:\/\/esbozodeportivo.com\/#website\",\"url\":\"https:\/\/esbozodeportivo.com\/\",\"name\":\"Esbozo Deportivo\",\"description\":\"Lo m\u00e1s importante del Deporte\",\"publisher\":{\"@id\":\"https:\/\/esbozodeportivo.com\/#organization\"},\"potentialAction\":[{\"@type\":\"SearchAction\",\"target\":{\"@type\":\"EntryPoint\",\"urlTemplate\":\"https:\/\/esbozodeportivo.com\/?s={search_term_string}\"},\"query-input\":{\"@type\":\"PropertyValueSpecification\",\"valueRequired\":true,\"valueName\":\"search_term_string\"}}],\"inLanguage\":\"es\"},{\"@type\":\"Organization\",\"@id\":\"https:\/\/esbozodeportivo.com\/#organization\",\"name\":\"Esbozo Deportivo\",\"url\":\"https:\/\/esbozodeportivo.com\/\",\"logo\":{\"@type\":\"ImageObject\",\"inLanguage\":\"es\",\"@id\":\"https:\/\/esbozodeportivo.com\/#\/schema\/logo\/image\/\",\"url\":\"https:\/\/esbozodeportivo.com\/wp-content\/uploads\/2022\/08\/cropped-Logo-Esbozo-Web-2.png\",\"contentUrl\":\"https:\/\/esbozodeportivo.com\/wp-content\/uploads\/2022\/08\/cropped-Logo-Esbozo-Web-2.png\",\"width\":180,\"height\":50,\"caption\":\"Esbozo Deportivo\"},\"image\":{\"@id\":\"https:\/\/esbozodeportivo.com\/#\/schema\/logo\/image\/\"}},{\"@type\":\"Person\",\"@id\":\"https:\/\/esbozodeportivo.com\/#\/schema\/person\/0f6df9196dfe6740dd0bb31bae50d374\",\"name\":\"Redacci\u00f3n\",\"image\":{\"@type\":\"ImageObject\",\"inLanguage\":\"es\",\"@id\":\"https:\/\/esbozodeportivo.com\/#\/schema\/person\/image\/\",\"url\":\"https:\/\/secure.gravatar.com\/avatar\/f55268a89c3b418f2ef172ff52ab0d09b3e653c58de29539fe329fb93d78ebf3?s=96&d=mm&r=g\",\"contentUrl\":\"https:\/\/secure.gravatar.com\/avatar\/f55268a89c3b418f2ef172ff52ab0d09b3e653c58de29539fe329fb93d78ebf3?s=96&d=mm&r=g\",\"caption\":\"Redacci\u00f3n\"},\"url\":\"https:\/\/esbozodeportivo.com\/index.php\/author\/redaccion\/\"}]}<\/script>\n<!-- \/ Yoast SEO plugin. -->","yoast_head_json":{"title":"Cartel de corte internacional en Sala Urbana - Esbozo Deportivo","description":"Atractivo cartel de corte internacional, que promete estar colmado de emociones y adrenalina, ofrecer\u00e1 este s\u00e1bado Miura Boxing en el Centro de espect\u00e1culos Sala Urbana de Naucalpan, Estado de M\u00e9xico, con el apoyo de Libertad Financiera y Mega, y que podr\u00e1 ser visto a trav\u00e9s de TVC Deportes a todo M\u00e9xico.","robots":{"index":"index","follow":"follow","max-snippet":"max-snippet:-1","max-image-preview":"max-image-preview:large","max-video-preview":"max-video-preview:-1"},"canonical":"https:\/\/esbozodeportivo.com\/index.php\/2025\/10\/06\/cartel-de-corte-internacional-en-sala-urbana\/","og_locale":"es_MX","og_type":"article","og_title":"Cartel de corte internacional en Sala Urbana - Esbozo Deportivo","og_description":"Atractivo cartel de corte internacional, que promete estar colmado de emociones y adrenalina, ofrecer\u00e1 este s\u00e1bado Miura Boxing en el Centro de espect\u00e1culos Sala Urbana de Naucalpan, Estado de M\u00e9xico, con el apoyo de Libertad Financiera y Mega, y que podr\u00e1 ser visto a trav\u00e9s de TVC Deportes a todo M\u00e9xico.","og_url":"https:\/\/esbozodeportivo.com\/index.php\/2025\/10\/06\/cartel-de-corte-internacional-en-sala-urbana\/","og_site_name":"Esbozo Deportivo","article_published_time":"2025-10-07T03:48:32+00:00","article_modified_time":"2025-10-07T03:48:34+00:00","og_image":[{"width":1024,"height":1280,"url":"https:\/\/esbozodeportivo.com\/wp-content\/uploads\/2025\/10\/Cartel2.jpg","type":"image\/jpeg"}],"author":"Redacci\u00f3n","twitter_card":"summary_large_image","twitter_misc":{"Escrito por":"Redacci\u00f3n","Tiempo de lectura":"3 minutos"},"schema":{"@context":"https:\/\/schema.org","@graph":[{"@type":"Article","@id":"https:\/\/esbozodeportivo.com\/index.php\/2025\/10\/06\/cartel-de-corte-internacional-en-sala-urbana\/#article","isPartOf":{"@id":"https:\/\/esbozodeportivo.com\/index.php\/2025\/10\/06\/cartel-de-corte-internacional-en-sala-urbana\/"},"author":{"name":"Redacci\u00f3n","@id":"https:\/\/esbozodeportivo.com\/#\/schema\/person\/0f6df9196dfe6740dd0bb31bae50d374"},"headline":"Cartel de corte internacional en Sala Urbana","datePublished":"2025-10-07T03:48:32+00:00","dateModified":"2025-10-07T03:48:34+00:00","mainEntityOfPage":{"@id":"https:\/\/esbozodeportivo.com\/index.php\/2025\/10\/06\/cartel-de-corte-internacional-en-sala-urbana\/"},"wordCount":564,"publisher":{"@id":"https:\/\/esbozodeportivo.com\/#organization"},"image":{"@id":"https:\/\/esbozodeportivo.com\/index.php\/2025\/10\/06\/cartel-de-corte-internacional-en-sala-urbana\/#primaryimage"},"thumbnailUrl":"https:\/\/esbozodeportivo.com\/wp-content\/uploads\/2025\/10\/Cartel2.jpg","articleSection":["Box Internacional"],"inLanguage":"es"},{"@type":"WebPage","@id":"https:\/\/esbozodeportivo.com\/index.php\/2025\/10\/06\/cartel-de-corte-internacional-en-sala-urbana\/","url":"https:\/\/esbozodeportivo.com\/index.php\/2025\/10\/06\/cartel-de-corte-internacional-en-sala-urbana\/","name":"Cartel de corte internacional en Sala Urbana - Esbozo Deportivo","isPartOf":{"@id":"https:\/\/esbozodeportivo.com\/#website"},"primaryImageOfPage":{"@id":"https:\/\/esbozodeportivo.com\/index.php\/2025\/10\/06\/cartel-de-corte-internacional-en-sala-urbana\/#primaryimage"},"image":{"@id":"https:\/\/esbozodeportivo.com\/index.php\/2025\/10\/06\/cartel-de-corte-internacional-en-sala-urbana\/#primaryimage"},"thumbnailUrl":"https:\/\/esbozodeportivo.com\/wp-content\/uploads\/2025\/10\/Cartel2.jpg","datePublished":"2025-10-07T03:48:32+00:00","dateModified":"2025-10-07T03:48:34+00:00","description":"Atractivo cartel de corte internacional, que promete estar colmado de emociones y adrenalina, ofrecer\u00e1 este s\u00e1bado Miura Boxing en el Centro de espect\u00e1culos Sala Urbana de Naucalpan, Estado de M\u00e9xico, con el apoyo de Libertad Financiera y Mega, y que podr\u00e1 ser visto a trav\u00e9s de TVC Deportes a todo M\u00e9xico.","breadcrumb":{"@id":"https:\/\/esbozodeportivo.com\/index.php\/2025\/10\/06\/cartel-de-corte-internacional-en-sala-urbana\/#breadcrumb"},"inLanguage":"es","potentialAction":[{"@type":"ReadAction","target":["https:\/\/esbozodeportivo.com\/index.php\/2025\/10\/06\/cartel-de-corte-internacional-en-sala-urbana\/"]}]},{"@type":"ImageObject","inLanguage":"es","@id":"https:\/\/esbozodeportivo.com\/index.php\/2025\/10\/06\/cartel-de-corte-internacional-en-sala-urbana\/#primaryimage","url":"https:\/\/esbozodeportivo.com\/wp-content\/uploads\/2025\/10\/Cartel2.jpg","contentUrl":"https:\/\/esbozodeportivo.com\/wp-content\/uploads\/2025\/10\/Cartel2.jpg","width":1024,"height":1280},{"@type":"BreadcrumbList","@id":"https:\/\/esbozodeportivo.com\/index.php\/2025\/10\/06\/cartel-de-corte-internacional-en-sala-urbana\/#breadcrumb","itemListElement":[{"@type":"ListItem","position":1,"name":"Inicio","item":"https:\/\/esbozodeportivo.com\/"},{"@type":"ListItem","position":2,"name":"Cartel de corte internacional en Sala Urbana"}]},{"@type":"WebSite","@id":"https:\/\/esbozodeportivo.com\/#website","url":"https:\/\/esbozodeportivo.com\/","name":"Esbozo Deportivo","description":"Lo m\u00e1s importante del Deporte","publisher":{"@id":"https:\/\/esbozodeportivo.com\/#organization"},"potentialAction":[{"@type":"SearchAction","target":{"@type":"EntryPoint","urlTemplate":"https:\/\/esbozodeportivo.com\/?s={search_term_string}"},"query-input":{"@type":"PropertyValueSpecification","valueRequired":true,"valueName":"search_term_string"}}],"inLanguage":"es"},{"@type":"Organization","@id":"https:\/\/esbozodeportivo.com\/#organization","name":"Esbozo Deportivo","url":"https:\/\/esbozodeportivo.com\/","logo":{"@type":"ImageObject","inLanguage":"es","@id":"https:\/\/esbozodeportivo.com\/#\/schema\/logo\/image\/","url":"https:\/\/esbozodeportivo.com\/wp-content\/uploads\/2022\/08\/cropped-Logo-Esbozo-Web-2.png","contentUrl":"https:\/\/esbozodeportivo.com\/wp-content\/uploads\/2022\/08\/cropped-Logo-Esbozo-Web-2.png","width":180,"height":50,"caption":"Esbozo Deportivo"},"image":{"@id":"https:\/\/esbozodeportivo.com\/#\/schema\/logo\/image\/"}},{"@type":"Person","@id":"https:\/\/esbozodeportivo.com\/#\/schema\/person\/0f6df9196dfe6740dd0bb31bae50d374","name":"Redacci\u00f3n","image":{"@type":"ImageObject","inLanguage":"es","@id":"https:\/\/esbozodeportivo.com\/#\/schema\/person\/image\/","url":"https:\/\/secure.gravatar.com\/avatar\/f55268a89c3b418f2ef172ff52ab0d09b3e653c58de29539fe329fb93d78ebf3?s=96&d=mm&r=g","contentUrl":"https:\/\/secure.gravatar.com\/avatar\/f55268a89c3b418f2ef172ff52ab0d09b3e653c58de29539fe329fb93d78ebf3?s=96&d=mm&r=g","caption":"Redacci\u00f3n"},"url":"https:\/\/esbozodeportivo.com\/index.php\/author\/redaccion\/"}]}},"jetpack_featured_media_url":"https:\/\/esbozodeportivo.com\/wp-content\/uploads\/2025\/10\/Cartel2.jpg","jetpack_sharing_enabled":true,"_links":{"self":[{"href":"https:\/\/esbozodeportivo.com\/index.php\/wp-json\/wp\/v2\/posts\/10348","targetHints":{"allow":["GET"]}}],"collection":[{"href":"https:\/\/esbozodeportivo.com\/index.php\/wp-json\/wp\/v2\/posts"}],"about":[{"href":"https:\/\/esbozodeportivo.com\/index.php\/wp-json\/wp\/v2\/types\/post"}],"author":[{"embeddable":true,"href":"https:\/\/esbozodeportivo.com\/index.php\/wp-json\/wp\/v2\/users\/4"}],"replies":[{"embeddable":true,"href":"https:\/\/esbozodeportivo.com\/index.php\/wp-json\/wp\/v2\/comments?post=10348"}],"version-history":[{"count":1,"href":"https:\/\/esbozodeportivo.com\/index.php\/wp-json\/wp\/v2\/posts\/10348\/revisions"}],"predecessor-version":[{"id":10349,"href":"https:\/\/esbozodeportivo.com\/index.php\/wp-json\/wp\/v2\/posts\/10348\/revisions\/10349"}],"wp:featuredmedia":[{"embeddable":true,"href":"https:\/\/esbozodeportivo.com\/index.php\/wp-json\/wp\/v2\/media\/10346"}],"wp:attachment":[{"href":"https:\/\/esbozodeportivo.com\/index.php\/wp-json\/wp\/v2\/media?parent=10348"}],"wp:term":[{"taxonomy":"category","embeddable":true,"href":"https:\/\/esbozodeportivo.com\/index.php\/wp-json\/wp\/v2\/categories?post=10348"},{"taxonomy":"post_tag","embeddable":true,"href":"https:\/\/esbozodeportivo.com\/index.php\/wp-json\/wp\/v2\/tags?post=10348"}],"curies":[{"name":"wp","href":"https:\/\/api.w.org\/{rel}","templated":true}]}}