{"id":10393,"date":"2025-10-07T15:18:03","date_gmt":"2025-10-07T21:18:03","guid":{"rendered":"https:\/\/esbozodeportivo.com\/?p=10393"},"modified":"2025-10-07T15:18:03","modified_gmt":"2025-10-07T21:18:03","slug":"jordi-alba-esta-por-retirarse","status":"publish","type":"post","link":"https:\/\/esbozodeportivo.com\/index.php\/2025\/10\/07\/jordi-alba-esta-por-retirarse\/","title":{"rendered":"Jordi Alba esta por retirarse"},"content":{"rendered":"\n<p>(Foto: Agencias) <\/p>\n\n\n\n<p>Jordi Alba ha anunciado que se retirar\u00e1 del f\u00fatbol profesional al concluir la participaci\u00f3n de Inter Miami en los playoffs de la MLS, convirti\u00e9ndose en el segundo de los compa\u00f1eros de equipo de Lionel Messi en anunciar que este a\u00f1o ser\u00e1 el \u00faltimo.<\/p>\n\n\n\n<p>Alba revel\u00f3 la noticia el martes, tres d\u00edas despu\u00e9s de que Inter Miami celebrara una ceremonia de retiro para Sergio Busquets. Alba ten\u00eda contrato con Inter Miami hasta 2027.<\/p>\n\n\n\n<p>\u201cHa llegado el momento de cerrar un cap\u00edtulo verdaderamente significativo en mi vida. He decidido poner fin a mi carrera en el f\u00fatbol profesional al concluir esta temporada. Lo hago con total convicci\u00f3n, con paz y con felicidad porque siento que he recorrido este camino con cada gramo de pasi\u00f3n que ten\u00eda, y ahora es el momento adecuado para abrir un nuevo cap\u00edtulo y cerrar el anterior con el mejor sentimiento posible\u201d, se\u00f1al\u00f3 Alba en redes sociales.<\/p>\n\n\n\n<p>El jugador de 36 a\u00f1os lleg\u00f3 a Inter Miami poco despu\u00e9s de que Messi anunciara que se dirig\u00eda all\u00ed en junio de 2023. La llegada de Messi llev\u00f3 a Busquets, Luis Su\u00e1rez y Alba \u2014todos compa\u00f1eros en Barcelona\u2014 a unirse a la MLS.<\/p>\n\n\n\n<p>Alba ayud\u00f3 a Barcelona a ganar seis t\u00edtulos de La Liga, cinco trofeos de la Copa del Rey y la Liga de Campeones en 2015.<\/p>\n\n\n\n<p><\/p>\n","protected":false},"excerpt":{"rendered":"<p>(Foto: Agencias) Jordi Alba ha anunciado que se retirar\u00e1 del f\u00fatbol profesional al concluir la<\/p>\n","protected":false},"author":4,"featured_media":10387,"comment_status":"closed","ping_status":"open","sticky":false,"template":"","format":"standard","meta":{"_jetpack_memberships_contains_paid_content":false,"footnotes":""},"categories":[45],"tags":[],"class_list":["post-10393","post","type-post","status-publish","format-standard","has-post-thumbnail","hentry","category-mls"],"yoast_head":"<!-- This site is optimized with the Yoast SEO plugin v25.7 - https:\/\/yoast.com\/wordpress\/plugins\/seo\/ -->\n<title>Jordi Alba esta por retirarse - Esbozo Deportivo<\/title>\n<meta name=\"description\" content=\"Jordi Alba ha anunciado que se retirar\u00e1 del f\u00fatbol profesional al concluir la participaci\u00f3n de Inter Miami en los playoffs de la MLS, convirti\u00e9ndose en el segundo de los compa\u00f1eros de equipo de Lionel Messi en anunciar que este a\u00f1o ser\u00e1 el \u00faltimo.\" \/>\n<meta name=\"robots\" content=\"index, follow, max-snippet:-1, max-image-preview:large, max-video-preview:-1\" \/>\n<link rel=\"canonical\" href=\"https:\/\/esbozodeportivo.com\/index.php\/2025\/10\/07\/jordi-alba-esta-por-retirarse\/\" \/>\n<meta property=\"og:locale\" content=\"es_MX\" \/>\n<meta property=\"og:type\" content=\"article\" \/>\n<meta property=\"og:title\" content=\"Jordi Alba esta por retirarse - Esbozo Deportivo\" \/>\n<meta property=\"og:description\" content=\"Jordi Alba ha anunciado que se retirar\u00e1 del f\u00fatbol profesional al concluir la participaci\u00f3n de Inter Miami en los playoffs de la MLS, convirti\u00e9ndose en el segundo de los compa\u00f1eros de equipo de Lionel Messi en anunciar que este a\u00f1o ser\u00e1 el \u00faltimo.\" \/>\n<meta property=\"og:url\" content=\"https:\/\/esbozodeportivo.com\/index.php\/2025\/10\/07\/jordi-alba-esta-por-retirarse\/\" \/>\n<meta property=\"og:site_name\" content=\"Esbozo Deportivo\" \/>\n<meta property=\"article:published_time\" content=\"2025-10-07T21:18:03+00:00\" \/>\n<meta property=\"og:image\" content=\"https:\/\/esbozodeportivo.com\/wp-content\/uploads\/2025\/10\/Inter.jpg\" \/>\n\t<meta property=\"og:image:width\" content=\"980\" \/>\n\t<meta property=\"og:image:height\" content=\"653\" \/>\n\t<meta property=\"og:image:type\" content=\"image\/jpeg\" \/>\n<meta name=\"author\" content=\"Redacci\u00f3n\" \/>\n<meta name=\"twitter:card\" content=\"summary_large_image\" \/>\n<meta name=\"twitter:label1\" content=\"Escrito por\" \/>\n\t<meta name=\"twitter:data1\" content=\"Redacci\u00f3n\" \/>\n\t<meta name=\"twitter:label2\" content=\"Tiempo de lectura\" \/>\n\t<meta name=\"twitter:data2\" content=\"2 minutos\" \/>\n<script type=\"application\/ld+json\" class=\"yoast-schema-graph\">{\"@context\":\"https:\/\/schema.org\",\"@graph\":[{\"@type\":\"Article\",\"@id\":\"https:\/\/esbozodeportivo.com\/index.php\/2025\/10\/07\/jordi-alba-esta-por-retirarse\/#article\",\"isPartOf\":{\"@id\":\"https:\/\/esbozodeportivo.com\/index.php\/2025\/10\/07\/jordi-alba-esta-por-retirarse\/\"},\"author\":{\"name\":\"Redacci\u00f3n\",\"@id\":\"https:\/\/esbozodeportivo.com\/#\/schema\/person\/0f6df9196dfe6740dd0bb31bae50d374\"},\"headline\":\"Jordi Alba esta por retirarse\",\"datePublished\":\"2025-10-07T21:18:03+00:00\",\"mainEntityOfPage\":{\"@id\":\"https:\/\/esbozodeportivo.com\/index.php\/2025\/10\/07\/jordi-alba-esta-por-retirarse\/\"},\"wordCount\":241,\"publisher\":{\"@id\":\"https:\/\/esbozodeportivo.com\/#organization\"},\"image\":{\"@id\":\"https:\/\/esbozodeportivo.com\/index.php\/2025\/10\/07\/jordi-alba-esta-por-retirarse\/#primaryimage\"},\"thumbnailUrl\":\"https:\/\/esbozodeportivo.com\/wp-content\/uploads\/2025\/10\/Inter.jpg\",\"articleSection\":[\"MLS\"],\"inLanguage\":\"es\"},{\"@type\":\"WebPage\",\"@id\":\"https:\/\/esbozodeportivo.com\/index.php\/2025\/10\/07\/jordi-alba-esta-por-retirarse\/\",\"url\":\"https:\/\/esbozodeportivo.com\/index.php\/2025\/10\/07\/jordi-alba-esta-por-retirarse\/\",\"name\":\"Jordi Alba esta por retirarse - Esbozo Deportivo\",\"isPartOf\":{\"@id\":\"https:\/\/esbozodeportivo.com\/#website\"},\"primaryImageOfPage\":{\"@id\":\"https:\/\/esbozodeportivo.com\/index.php\/2025\/10\/07\/jordi-alba-esta-por-retirarse\/#primaryimage\"},\"image\":{\"@id\":\"https:\/\/esbozodeportivo.com\/index.php\/2025\/10\/07\/jordi-alba-esta-por-retirarse\/#primaryimage\"},\"thumbnailUrl\":\"https:\/\/esbozodeportivo.com\/wp-content\/uploads\/2025\/10\/Inter.jpg\",\"datePublished\":\"2025-10-07T21:18:03+00:00\",\"description\":\"Jordi Alba ha anunciado que se retirar\u00e1 del f\u00fatbol profesional al concluir la participaci\u00f3n de Inter Miami en los playoffs de la MLS, convirti\u00e9ndose en el segundo de los compa\u00f1eros de equipo de Lionel Messi en anunciar que este a\u00f1o ser\u00e1 el \u00faltimo.\",\"breadcrumb\":{\"@id\":\"https:\/\/esbozodeportivo.com\/index.php\/2025\/10\/07\/jordi-alba-esta-por-retirarse\/#breadcrumb\"},\"inLanguage\":\"es\",\"potentialAction\":[{\"@type\":\"ReadAction\",\"target\":[\"https:\/\/esbozodeportivo.com\/index.php\/2025\/10\/07\/jordi-alba-esta-por-retirarse\/\"]}]},{\"@type\":\"ImageObject\",\"inLanguage\":\"es\",\"@id\":\"https:\/\/esbozodeportivo.com\/index.php\/2025\/10\/07\/jordi-alba-esta-por-retirarse\/#primaryimage\",\"url\":\"https:\/\/esbozodeportivo.com\/wp-content\/uploads\/2025\/10\/Inter.jpg\",\"contentUrl\":\"https:\/\/esbozodeportivo.com\/wp-content\/uploads\/2025\/10\/Inter.jpg\",\"width\":980,\"height\":653},{\"@type\":\"BreadcrumbList\",\"@id\":\"https:\/\/esbozodeportivo.com\/index.php\/2025\/10\/07\/jordi-alba-esta-por-retirarse\/#breadcrumb\",\"itemListElement\":[{\"@type\":\"ListItem\",\"position\":1,\"name\":\"Inicio\",\"item\":\"https:\/\/esbozodeportivo.com\/\"},{\"@type\":\"ListItem\",\"position\":2,\"name\":\"Jordi Alba esta por retirarse\"}]},{\"@type\":\"WebSite\",\"@id\":\"https:\/\/esbozodeportivo.com\/#website\",\"url\":\"https:\/\/esbozodeportivo.com\/\",\"name\":\"Esbozo Deportivo\",\"description\":\"Lo m\u00e1s importante del Deporte\",\"publisher\":{\"@id\":\"https:\/\/esbozodeportivo.com\/#organization\"},\"potentialAction\":[{\"@type\":\"SearchAction\",\"target\":{\"@type\":\"EntryPoint\",\"urlTemplate\":\"https:\/\/esbozodeportivo.com\/?s={search_term_string}\"},\"query-input\":{\"@type\":\"PropertyValueSpecification\",\"valueRequired\":true,\"valueName\":\"search_term_string\"}}],\"inLanguage\":\"es\"},{\"@type\":\"Organization\",\"@id\":\"https:\/\/esbozodeportivo.com\/#organization\",\"name\":\"Esbozo Deportivo\",\"url\":\"https:\/\/esbozodeportivo.com\/\",\"logo\":{\"@type\":\"ImageObject\",\"inLanguage\":\"es\",\"@id\":\"https:\/\/esbozodeportivo.com\/#\/schema\/logo\/image\/\",\"url\":\"https:\/\/esbozodeportivo.com\/wp-content\/uploads\/2022\/08\/cropped-Logo-Esbozo-Web-2.png\",\"contentUrl\":\"https:\/\/esbozodeportivo.com\/wp-content\/uploads\/2022\/08\/cropped-Logo-Esbozo-Web-2.png\",\"width\":180,\"height\":50,\"caption\":\"Esbozo Deportivo\"},\"image\":{\"@id\":\"https:\/\/esbozodeportivo.com\/#\/schema\/logo\/image\/\"}},{\"@type\":\"Person\",\"@id\":\"https:\/\/esbozodeportivo.com\/#\/schema\/person\/0f6df9196dfe6740dd0bb31bae50d374\",\"name\":\"Redacci\u00f3n\",\"image\":{\"@type\":\"ImageObject\",\"inLanguage\":\"es\",\"@id\":\"https:\/\/esbozodeportivo.com\/#\/schema\/person\/image\/\",\"url\":\"https:\/\/secure.gravatar.com\/avatar\/f55268a89c3b418f2ef172ff52ab0d09b3e653c58de29539fe329fb93d78ebf3?s=96&d=mm&r=g\",\"contentUrl\":\"https:\/\/secure.gravatar.com\/avatar\/f55268a89c3b418f2ef172ff52ab0d09b3e653c58de29539fe329fb93d78ebf3?s=96&d=mm&r=g\",\"caption\":\"Redacci\u00f3n\"},\"url\":\"https:\/\/esbozodeportivo.com\/index.php\/author\/redaccion\/\"}]}<\/script>\n<!-- \/ Yoast SEO plugin. -->","yoast_head_json":{"title":"Jordi Alba esta por retirarse - Esbozo Deportivo","description":"Jordi Alba ha anunciado que se retirar\u00e1 del f\u00fatbol profesional al concluir la participaci\u00f3n de Inter Miami en los playoffs de la MLS, convirti\u00e9ndose en el segundo de los compa\u00f1eros de equipo de Lionel Messi en anunciar que este a\u00f1o ser\u00e1 el \u00faltimo.","robots":{"index":"index","follow":"follow","max-snippet":"max-snippet:-1","max-image-preview":"max-image-preview:large","max-video-preview":"max-video-preview:-1"},"canonical":"https:\/\/esbozodeportivo.com\/index.php\/2025\/10\/07\/jordi-alba-esta-por-retirarse\/","og_locale":"es_MX","og_type":"article","og_title":"Jordi Alba esta por retirarse - Esbozo Deportivo","og_description":"Jordi Alba ha anunciado que se retirar\u00e1 del f\u00fatbol profesional al concluir la participaci\u00f3n de Inter Miami en los playoffs de la MLS, convirti\u00e9ndose en el segundo de los compa\u00f1eros de equipo de Lionel Messi en anunciar que este a\u00f1o ser\u00e1 el \u00faltimo.","og_url":"https:\/\/esbozodeportivo.com\/index.php\/2025\/10\/07\/jordi-alba-esta-por-retirarse\/","og_site_name":"Esbozo Deportivo","article_published_time":"2025-10-07T21:18:03+00:00","og_image":[{"width":980,"height":653,"url":"https:\/\/esbozodeportivo.com\/wp-content\/uploads\/2025\/10\/Inter.jpg","type":"image\/jpeg"}],"author":"Redacci\u00f3n","twitter_card":"summary_large_image","twitter_misc":{"Escrito por":"Redacci\u00f3n","Tiempo de lectura":"2 minutos"},"schema":{"@context":"https:\/\/schema.org","@graph":[{"@type":"Article","@id":"https:\/\/esbozodeportivo.com\/index.php\/2025\/10\/07\/jordi-alba-esta-por-retirarse\/#article","isPartOf":{"@id":"https:\/\/esbozodeportivo.com\/index.php\/2025\/10\/07\/jordi-alba-esta-por-retirarse\/"},"author":{"name":"Redacci\u00f3n","@id":"https:\/\/esbozodeportivo.com\/#\/schema\/person\/0f6df9196dfe6740dd0bb31bae50d374"},"headline":"Jordi Alba esta por retirarse","datePublished":"2025-10-07T21:18:03+00:00","mainEntityOfPage":{"@id":"https:\/\/esbozodeportivo.com\/index.php\/2025\/10\/07\/jordi-alba-esta-por-retirarse\/"},"wordCount":241,"publisher":{"@id":"https:\/\/esbozodeportivo.com\/#organization"},"image":{"@id":"https:\/\/esbozodeportivo.com\/index.php\/2025\/10\/07\/jordi-alba-esta-por-retirarse\/#primaryimage"},"thumbnailUrl":"https:\/\/esbozodeportivo.com\/wp-content\/uploads\/2025\/10\/Inter.jpg","articleSection":["MLS"],"inLanguage":"es"},{"@type":"WebPage","@id":"https:\/\/esbozodeportivo.com\/index.php\/2025\/10\/07\/jordi-alba-esta-por-retirarse\/","url":"https:\/\/esbozodeportivo.com\/index.php\/2025\/10\/07\/jordi-alba-esta-por-retirarse\/","name":"Jordi Alba esta por retirarse - Esbozo Deportivo","isPartOf":{"@id":"https:\/\/esbozodeportivo.com\/#website"},"primaryImageOfPage":{"@id":"https:\/\/esbozodeportivo.com\/index.php\/2025\/10\/07\/jordi-alba-esta-por-retirarse\/#primaryimage"},"image":{"@id":"https:\/\/esbozodeportivo.com\/index.php\/2025\/10\/07\/jordi-alba-esta-por-retirarse\/#primaryimage"},"thumbnailUrl":"https:\/\/esbozodeportivo.com\/wp-content\/uploads\/2025\/10\/Inter.jpg","datePublished":"2025-10-07T21:18:03+00:00","description":"Jordi Alba ha anunciado que se retirar\u00e1 del f\u00fatbol profesional al concluir la participaci\u00f3n de Inter Miami en los playoffs de la MLS, convirti\u00e9ndose en el segundo de los compa\u00f1eros de equipo de Lionel Messi en anunciar que este a\u00f1o ser\u00e1 el \u00faltimo.","breadcrumb":{"@id":"https:\/\/esbozodeportivo.com\/index.php\/2025\/10\/07\/jordi-alba-esta-por-retirarse\/#breadcrumb"},"inLanguage":"es","potentialAction":[{"@type":"ReadAction","target":["https:\/\/esbozodeportivo.com\/index.php\/2025\/10\/07\/jordi-alba-esta-por-retirarse\/"]}]},{"@type":"ImageObject","inLanguage":"es","@id":"https:\/\/esbozodeportivo.com\/index.php\/2025\/10\/07\/jordi-alba-esta-por-retirarse\/#primaryimage","url":"https:\/\/esbozodeportivo.com\/wp-content\/uploads\/2025\/10\/Inter.jpg","contentUrl":"https:\/\/esbozodeportivo.com\/wp-content\/uploads\/2025\/10\/Inter.jpg","width":980,"height":653},{"@type":"BreadcrumbList","@id":"https:\/\/esbozodeportivo.com\/index.php\/2025\/10\/07\/jordi-alba-esta-por-retirarse\/#breadcrumb","itemListElement":[{"@type":"ListItem","position":1,"name":"Inicio","item":"https:\/\/esbozodeportivo.com\/"},{"@type":"ListItem","position":2,"name":"Jordi Alba esta por retirarse"}]},{"@type":"WebSite","@id":"https:\/\/esbozodeportivo.com\/#website","url":"https:\/\/esbozodeportivo.com\/","name":"Esbozo Deportivo","description":"Lo m\u00e1s importante del Deporte","publisher":{"@id":"https:\/\/esbozodeportivo.com\/#organization"},"potentialAction":[{"@type":"SearchAction","target":{"@type":"EntryPoint","urlTemplate":"https:\/\/esbozodeportivo.com\/?s={search_term_string}"},"query-input":{"@type":"PropertyValueSpecification","valueRequired":true,"valueName":"search_term_string"}}],"inLanguage":"es"},{"@type":"Organization","@id":"https:\/\/esbozodeportivo.com\/#organization","name":"Esbozo Deportivo","url":"https:\/\/esbozodeportivo.com\/","logo":{"@type":"ImageObject","inLanguage":"es","@id":"https:\/\/esbozodeportivo.com\/#\/schema\/logo\/image\/","url":"https:\/\/esbozodeportivo.com\/wp-content\/uploads\/2022\/08\/cropped-Logo-Esbozo-Web-2.png","contentUrl":"https:\/\/esbozodeportivo.com\/wp-content\/uploads\/2022\/08\/cropped-Logo-Esbozo-Web-2.png","width":180,"height":50,"caption":"Esbozo Deportivo"},"image":{"@id":"https:\/\/esbozodeportivo.com\/#\/schema\/logo\/image\/"}},{"@type":"Person","@id":"https:\/\/esbozodeportivo.com\/#\/schema\/person\/0f6df9196dfe6740dd0bb31bae50d374","name":"Redacci\u00f3n","image":{"@type":"ImageObject","inLanguage":"es","@id":"https:\/\/esbozodeportivo.com\/#\/schema\/person\/image\/","url":"https:\/\/secure.gravatar.com\/avatar\/f55268a89c3b418f2ef172ff52ab0d09b3e653c58de29539fe329fb93d78ebf3?s=96&d=mm&r=g","contentUrl":"https:\/\/secure.gravatar.com\/avatar\/f55268a89c3b418f2ef172ff52ab0d09b3e653c58de29539fe329fb93d78ebf3?s=96&d=mm&r=g","caption":"Redacci\u00f3n"},"url":"https:\/\/esbozodeportivo.com\/index.php\/author\/redaccion\/"}]}},"jetpack_featured_media_url":"https:\/\/esbozodeportivo.com\/wp-content\/uploads\/2025\/10\/Inter.jpg","jetpack_sharing_enabled":true,"_links":{"self":[{"href":"https:\/\/esbozodeportivo.com\/index.php\/wp-json\/wp\/v2\/posts\/10393","targetHints":{"allow":["GET"]}}],"collection":[{"href":"https:\/\/esbozodeportivo.com\/index.php\/wp-json\/wp\/v2\/posts"}],"about":[{"href":"https:\/\/esbozodeportivo.com\/index.php\/wp-json\/wp\/v2\/types\/post"}],"author":[{"embeddable":true,"href":"https:\/\/esbozodeportivo.com\/index.php\/wp-json\/wp\/v2\/users\/4"}],"replies":[{"embeddable":true,"href":"https:\/\/esbozodeportivo.com\/index.php\/wp-json\/wp\/v2\/comments?post=10393"}],"version-history":[{"count":1,"href":"https:\/\/esbozodeportivo.com\/index.php\/wp-json\/wp\/v2\/posts\/10393\/revisions"}],"predecessor-version":[{"id":10394,"href":"https:\/\/esbozodeportivo.com\/index.php\/wp-json\/wp\/v2\/posts\/10393\/revisions\/10394"}],"wp:featuredmedia":[{"embeddable":true,"href":"https:\/\/esbozodeportivo.com\/index.php\/wp-json\/wp\/v2\/media\/10387"}],"wp:attachment":[{"href":"https:\/\/esbozodeportivo.com\/index.php\/wp-json\/wp\/v2\/media?parent=10393"}],"wp:term":[{"taxonomy":"category","embeddable":true,"href":"https:\/\/esbozodeportivo.com\/index.php\/wp-json\/wp\/v2\/categories?post=10393"},{"taxonomy":"post_tag","embeddable":true,"href":"https:\/\/esbozodeportivo.com\/index.php\/wp-json\/wp\/v2\/tags?post=10393"}],"curies":[{"name":"wp","href":"https:\/\/api.w.org\/{rel}","templated":true}]}}