{"id":10530,"date":"2025-10-14T23:27:12","date_gmt":"2025-10-15T05:27:12","guid":{"rendered":"https:\/\/esbozodeportivo.com\/?p=10530"},"modified":"2025-10-14T23:27:13","modified_gmt":"2025-10-15T05:27:13","slug":"despide-suecia-al-entrenador-tomasson","status":"publish","type":"post","link":"https:\/\/esbozodeportivo.com\/index.php\/2025\/10\/14\/despide-suecia-al-entrenador-tomasson\/","title":{"rendered":"Despide Suecia al entrenador Tomasson"},"content":{"rendered":"\n<p>(Foto: Agencias) <\/p>\n\n\n\n<p>El entrenador de Suecia, Jon Dahl Tomasson, fue despedido el martes tras una lamentable campa\u00f1a de clasificaci\u00f3n para la Copa del Mundo en la que no logr\u00f3 sacar lo mejor de un equipo lleno de estrellas que juegan en los principales clubes de Europa.<\/p>\n\n\n\n<p>Tomasson, exdelantero de Dinamarca y que contratado el a\u00f1o pasado como el primer entrenador nacido fuera de Suecia, no sobrevivi\u00f3 a una humillante derrota en casa por 1-0 ante Kosovo que dej\u00f3 a los suecos en el \u00faltimo lugar de su grupo de clasificaci\u00f3n para la Copa del Mundo con un punto en cuatro partidos.<\/p>\n\n\n\n<p>Alexander Isak, quien recientemente se uni\u00f3 al Liverpool como el jugador m\u00e1s caro de la historia del f\u00fatbol ingl\u00e9s, lo calific\u00f3 como una \u201csituaci\u00f3n de crisis\u201d. El delantero Viktor Gy\u00f6keres, quien recientemente se uni\u00f3 al Arsenal, l\u00edder de la Liga Premier, lo resumi\u00f3 como un \u201cfiasco\u201d.<\/p>\n\n\n\n<p>Simon \u00c5str\u00f6m, jefe de la Asociaci\u00f3n Sueca de F\u00fatbol, fue menos dram\u00e1tico, simplemente diciendo que \u201cla decisi\u00f3n tomada por la junta de la asociaci\u00f3n se basa en el hecho de que el equipo nacional masculino no ha entregado los resultados que esper\u00e1bamos\u201d.<\/p>\n\n\n\n<p>\u201cA\u00fan hay una posibilidad de llegar a los playoffs de la (Copa del Mundo) en marzo, y es nuestra responsabilidad asegurar que tengamos las mejores condiciones posibles para llegar a las finales de la Copa del Mundo\u201d, a\u00f1adi\u00f3.<\/p>\n\n\n\n<p>Suecia tiene pocas posibilidades de asegurar un lugar en los playoffs al terminar en segundo lugar en un grupo encabezado por Suiza. Kosovo, que venci\u00f3 a Suecia de ida y vuelta, tiene siete puntos, seis m\u00e1s que Suecia con dos partidos de clasificaci\u00f3n restantes.<\/p>\n\n\n\n<p>Sin embargo, Suecia est\u00e1 preparada para entrar en los playoffs en virtud de haber ganado su grupo de la Liga de Naciones el a\u00f1o pasado, aunque despu\u00e9s de caer al tercero de los cuatro niveles del f\u00fatbol europeo. Entrar por esa ruta probablemente significar\u00eda un camino m\u00e1s dif\u00edcil en los playoffs.<\/p>\n\n\n\n<p>Suecia termin\u00f3 el partido contra Kosovo el lunes con un equipo que contaba con las estrellas Isak y Gy\u00f6keres al frente, adem\u00e1s de Anthony Elanga del Newcastle y Roony Bardghji del Barcelona.<\/p>\n\n\n\n<p>Otros jugadores de renombre en el equipo de Suecia contra Kosovo fueron el centrocampista Lucas Bergvall del Tottenham y Victor Lindelof, quien sol\u00eda jugar para el Manchester United y ahora estaba en el Aston Villa.<\/p>\n\n\n\n<p>Tomasson, quien anot\u00f3 52 goles para su pa\u00eds y gan\u00f3 la Liga de Campeones con el AC Milan, fue ampliamente criticado por no establecer una identidad ofensiva clara con los jugadores a su disposici\u00f3n durante los 18 partidos que estuvo a cargo desde que se convirti\u00f3 en entrenador de Suecia en febrero de 2024.<\/p>\n\n\n\n<p>\u201cHemos olvidado totalmente c\u00f3mo marcar goles\u201d, dijo Tomasson despu\u00e9s de la derrota ante Kosovo, \u201cy no s\u00e9 por qu\u00e9.\u201d<\/p>\n\n\n\n<p>\u2018Un fiasco\u2019<\/p>\n\n\n\n<p>Suecia comenz\u00f3 concediendo un gol en el minuto 90 para empatar 2-2 con Eslovenia en el primer juego de la eliminatoria y luego perdi\u00f3 dos veces ante Kosovo, adem\u00e1s de una derrota en casa ante Suiza.<\/p>\n\n\n\n<p>\u201cEs un poco una situaci\u00f3n de crisis\u201d, dijo Isak en comentarios posteriores al partido reportados por Expressen. \u201cNo s\u00e9 qu\u00e9 vamos a hacer. Es una pena. Ha habido un desarrollo negativo esta primavera y desde que comenzaron las clasificatorias para la Copa del Mundo.\u201d<\/p>\n\n\n\n<p>\u201cEst\u00e1 claro que es un fiasco\u201d, le expres\u00f3 Gy\u00f6keres a Viaplay.<\/p>\n\n\n\n<p><\/p>\n","protected":false},"excerpt":{"rendered":"<p>(Foto: Agencias) El entrenador de Suecia, Jon Dahl Tomasson, fue despedido el martes tras una<\/p>\n","protected":false},"author":4,"featured_media":10524,"comment_status":"closed","ping_status":"open","sticky":false,"template":"","format":"standard","meta":{"_jetpack_memberships_contains_paid_content":false,"footnotes":""},"categories":[71],"tags":[],"class_list":["post-10530","post","type-post","status-publish","format-standard","has-post-thumbnail","hentry","category-mundial-2026"],"yoast_head":"<!-- This site is optimized with the Yoast SEO plugin v25.7 - https:\/\/yoast.com\/wordpress\/plugins\/seo\/ -->\n<title>Despide Suecia al entrenador Tomasson - Esbozo Deportivo<\/title>\n<meta name=\"description\" content=\"El entrenador de Suecia, Jon Dahl Tomasson, fue despedido el martes tras una lamentable campa\u00f1a de clasificaci\u00f3n para la Copa del Mundo en la que no logr\u00f3 sacar lo mejor de un equipo lleno de estrellas que juegan en los principales clubes de Europa.\" \/>\n<meta name=\"robots\" content=\"index, follow, max-snippet:-1, max-image-preview:large, max-video-preview:-1\" \/>\n<link rel=\"canonical\" href=\"https:\/\/esbozodeportivo.com\/index.php\/2025\/10\/14\/despide-suecia-al-entrenador-tomasson\/\" \/>\n<meta property=\"og:locale\" content=\"es_MX\" \/>\n<meta property=\"og:type\" content=\"article\" \/>\n<meta property=\"og:title\" content=\"Despide Suecia al entrenador Tomasson - Esbozo Deportivo\" \/>\n<meta property=\"og:description\" content=\"El entrenador de Suecia, Jon Dahl Tomasson, fue despedido el martes tras una lamentable campa\u00f1a de clasificaci\u00f3n para la Copa del Mundo en la que no logr\u00f3 sacar lo mejor de un equipo lleno de estrellas que juegan en los principales clubes de Europa.\" \/>\n<meta property=\"og:url\" content=\"https:\/\/esbozodeportivo.com\/index.php\/2025\/10\/14\/despide-suecia-al-entrenador-tomasson\/\" \/>\n<meta property=\"og:site_name\" content=\"Esbozo Deportivo\" \/>\n<meta property=\"article:published_time\" content=\"2025-10-15T05:27:12+00:00\" \/>\n<meta property=\"article:modified_time\" content=\"2025-10-15T05:27:13+00:00\" \/>\n<meta property=\"og:image\" content=\"https:\/\/esbozodeportivo.com\/wp-content\/uploads\/2025\/10\/Futbol-1.jpg\" \/>\n\t<meta property=\"og:image:width\" content=\"980\" \/>\n\t<meta property=\"og:image:height\" content=\"653\" \/>\n\t<meta property=\"og:image:type\" content=\"image\/jpeg\" \/>\n<meta name=\"author\" content=\"Redacci\u00f3n\" \/>\n<meta name=\"twitter:card\" content=\"summary_large_image\" \/>\n<meta name=\"twitter:label1\" content=\"Escrito por\" \/>\n\t<meta name=\"twitter:data1\" content=\"Redacci\u00f3n\" \/>\n\t<meta name=\"twitter:label2\" content=\"Tiempo de lectura\" \/>\n\t<meta name=\"twitter:data2\" content=\"3 minutos\" \/>\n<script type=\"application\/ld+json\" class=\"yoast-schema-graph\">{\"@context\":\"https:\/\/schema.org\",\"@graph\":[{\"@type\":\"Article\",\"@id\":\"https:\/\/esbozodeportivo.com\/index.php\/2025\/10\/14\/despide-suecia-al-entrenador-tomasson\/#article\",\"isPartOf\":{\"@id\":\"https:\/\/esbozodeportivo.com\/index.php\/2025\/10\/14\/despide-suecia-al-entrenador-tomasson\/\"},\"author\":{\"name\":\"Redacci\u00f3n\",\"@id\":\"https:\/\/esbozodeportivo.com\/#\/schema\/person\/0f6df9196dfe6740dd0bb31bae50d374\"},\"headline\":\"Despide Suecia al entrenador Tomasson\",\"datePublished\":\"2025-10-15T05:27:12+00:00\",\"dateModified\":\"2025-10-15T05:27:13+00:00\",\"mainEntityOfPage\":{\"@id\":\"https:\/\/esbozodeportivo.com\/index.php\/2025\/10\/14\/despide-suecia-al-entrenador-tomasson\/\"},\"wordCount\":593,\"publisher\":{\"@id\":\"https:\/\/esbozodeportivo.com\/#organization\"},\"image\":{\"@id\":\"https:\/\/esbozodeportivo.com\/index.php\/2025\/10\/14\/despide-suecia-al-entrenador-tomasson\/#primaryimage\"},\"thumbnailUrl\":\"https:\/\/esbozodeportivo.com\/wp-content\/uploads\/2025\/10\/Futbol-1.jpg\",\"articleSection\":[\"Mundial 2026\"],\"inLanguage\":\"es\"},{\"@type\":\"WebPage\",\"@id\":\"https:\/\/esbozodeportivo.com\/index.php\/2025\/10\/14\/despide-suecia-al-entrenador-tomasson\/\",\"url\":\"https:\/\/esbozodeportivo.com\/index.php\/2025\/10\/14\/despide-suecia-al-entrenador-tomasson\/\",\"name\":\"Despide Suecia al entrenador Tomasson - Esbozo Deportivo\",\"isPartOf\":{\"@id\":\"https:\/\/esbozodeportivo.com\/#website\"},\"primaryImageOfPage\":{\"@id\":\"https:\/\/esbozodeportivo.com\/index.php\/2025\/10\/14\/despide-suecia-al-entrenador-tomasson\/#primaryimage\"},\"image\":{\"@id\":\"https:\/\/esbozodeportivo.com\/index.php\/2025\/10\/14\/despide-suecia-al-entrenador-tomasson\/#primaryimage\"},\"thumbnailUrl\":\"https:\/\/esbozodeportivo.com\/wp-content\/uploads\/2025\/10\/Futbol-1.jpg\",\"datePublished\":\"2025-10-15T05:27:12+00:00\",\"dateModified\":\"2025-10-15T05:27:13+00:00\",\"description\":\"El entrenador de Suecia, Jon Dahl Tomasson, fue despedido el martes tras una lamentable campa\u00f1a de clasificaci\u00f3n para la Copa del Mundo en la que no logr\u00f3 sacar lo mejor de un equipo lleno de estrellas que juegan en los principales clubes de Europa.\",\"breadcrumb\":{\"@id\":\"https:\/\/esbozodeportivo.com\/index.php\/2025\/10\/14\/despide-suecia-al-entrenador-tomasson\/#breadcrumb\"},\"inLanguage\":\"es\",\"potentialAction\":[{\"@type\":\"ReadAction\",\"target\":[\"https:\/\/esbozodeportivo.com\/index.php\/2025\/10\/14\/despide-suecia-al-entrenador-tomasson\/\"]}]},{\"@type\":\"ImageObject\",\"inLanguage\":\"es\",\"@id\":\"https:\/\/esbozodeportivo.com\/index.php\/2025\/10\/14\/despide-suecia-al-entrenador-tomasson\/#primaryimage\",\"url\":\"https:\/\/esbozodeportivo.com\/wp-content\/uploads\/2025\/10\/Futbol-1.jpg\",\"contentUrl\":\"https:\/\/esbozodeportivo.com\/wp-content\/uploads\/2025\/10\/Futbol-1.jpg\",\"width\":980,\"height\":653},{\"@type\":\"BreadcrumbList\",\"@id\":\"https:\/\/esbozodeportivo.com\/index.php\/2025\/10\/14\/despide-suecia-al-entrenador-tomasson\/#breadcrumb\",\"itemListElement\":[{\"@type\":\"ListItem\",\"position\":1,\"name\":\"Inicio\",\"item\":\"https:\/\/esbozodeportivo.com\/\"},{\"@type\":\"ListItem\",\"position\":2,\"name\":\"Despide Suecia al entrenador Tomasson\"}]},{\"@type\":\"WebSite\",\"@id\":\"https:\/\/esbozodeportivo.com\/#website\",\"url\":\"https:\/\/esbozodeportivo.com\/\",\"name\":\"Esbozo Deportivo\",\"description\":\"Lo m\u00e1s importante del Deporte\",\"publisher\":{\"@id\":\"https:\/\/esbozodeportivo.com\/#organization\"},\"potentialAction\":[{\"@type\":\"SearchAction\",\"target\":{\"@type\":\"EntryPoint\",\"urlTemplate\":\"https:\/\/esbozodeportivo.com\/?s={search_term_string}\"},\"query-input\":{\"@type\":\"PropertyValueSpecification\",\"valueRequired\":true,\"valueName\":\"search_term_string\"}}],\"inLanguage\":\"es\"},{\"@type\":\"Organization\",\"@id\":\"https:\/\/esbozodeportivo.com\/#organization\",\"name\":\"Esbozo Deportivo\",\"url\":\"https:\/\/esbozodeportivo.com\/\",\"logo\":{\"@type\":\"ImageObject\",\"inLanguage\":\"es\",\"@id\":\"https:\/\/esbozodeportivo.com\/#\/schema\/logo\/image\/\",\"url\":\"https:\/\/esbozodeportivo.com\/wp-content\/uploads\/2022\/08\/cropped-Logo-Esbozo-Web-2.png\",\"contentUrl\":\"https:\/\/esbozodeportivo.com\/wp-content\/uploads\/2022\/08\/cropped-Logo-Esbozo-Web-2.png\",\"width\":180,\"height\":50,\"caption\":\"Esbozo Deportivo\"},\"image\":{\"@id\":\"https:\/\/esbozodeportivo.com\/#\/schema\/logo\/image\/\"}},{\"@type\":\"Person\",\"@id\":\"https:\/\/esbozodeportivo.com\/#\/schema\/person\/0f6df9196dfe6740dd0bb31bae50d374\",\"name\":\"Redacci\u00f3n\",\"image\":{\"@type\":\"ImageObject\",\"inLanguage\":\"es\",\"@id\":\"https:\/\/esbozodeportivo.com\/#\/schema\/person\/image\/\",\"url\":\"https:\/\/secure.gravatar.com\/avatar\/f55268a89c3b418f2ef172ff52ab0d09b3e653c58de29539fe329fb93d78ebf3?s=96&d=mm&r=g\",\"contentUrl\":\"https:\/\/secure.gravatar.com\/avatar\/f55268a89c3b418f2ef172ff52ab0d09b3e653c58de29539fe329fb93d78ebf3?s=96&d=mm&r=g\",\"caption\":\"Redacci\u00f3n\"},\"url\":\"https:\/\/esbozodeportivo.com\/index.php\/author\/redaccion\/\"}]}<\/script>\n<!-- \/ Yoast SEO plugin. -->","yoast_head_json":{"title":"Despide Suecia al entrenador Tomasson - Esbozo Deportivo","description":"El entrenador de Suecia, Jon Dahl Tomasson, fue despedido el martes tras una lamentable campa\u00f1a de clasificaci\u00f3n para la Copa del Mundo en la que no logr\u00f3 sacar lo mejor de un equipo lleno de estrellas que juegan en los principales clubes de Europa.","robots":{"index":"index","follow":"follow","max-snippet":"max-snippet:-1","max-image-preview":"max-image-preview:large","max-video-preview":"max-video-preview:-1"},"canonical":"https:\/\/esbozodeportivo.com\/index.php\/2025\/10\/14\/despide-suecia-al-entrenador-tomasson\/","og_locale":"es_MX","og_type":"article","og_title":"Despide Suecia al entrenador Tomasson - Esbozo Deportivo","og_description":"El entrenador de Suecia, Jon Dahl Tomasson, fue despedido el martes tras una lamentable campa\u00f1a de clasificaci\u00f3n para la Copa del Mundo en la que no logr\u00f3 sacar lo mejor de un equipo lleno de estrellas que juegan en los principales clubes de Europa.","og_url":"https:\/\/esbozodeportivo.com\/index.php\/2025\/10\/14\/despide-suecia-al-entrenador-tomasson\/","og_site_name":"Esbozo Deportivo","article_published_time":"2025-10-15T05:27:12+00:00","article_modified_time":"2025-10-15T05:27:13+00:00","og_image":[{"width":980,"height":653,"url":"https:\/\/esbozodeportivo.com\/wp-content\/uploads\/2025\/10\/Futbol-1.jpg","type":"image\/jpeg"}],"author":"Redacci\u00f3n","twitter_card":"summary_large_image","twitter_misc":{"Escrito por":"Redacci\u00f3n","Tiempo de lectura":"3 minutos"},"schema":{"@context":"https:\/\/schema.org","@graph":[{"@type":"Article","@id":"https:\/\/esbozodeportivo.com\/index.php\/2025\/10\/14\/despide-suecia-al-entrenador-tomasson\/#article","isPartOf":{"@id":"https:\/\/esbozodeportivo.com\/index.php\/2025\/10\/14\/despide-suecia-al-entrenador-tomasson\/"},"author":{"name":"Redacci\u00f3n","@id":"https:\/\/esbozodeportivo.com\/#\/schema\/person\/0f6df9196dfe6740dd0bb31bae50d374"},"headline":"Despide Suecia al entrenador Tomasson","datePublished":"2025-10-15T05:27:12+00:00","dateModified":"2025-10-15T05:27:13+00:00","mainEntityOfPage":{"@id":"https:\/\/esbozodeportivo.com\/index.php\/2025\/10\/14\/despide-suecia-al-entrenador-tomasson\/"},"wordCount":593,"publisher":{"@id":"https:\/\/esbozodeportivo.com\/#organization"},"image":{"@id":"https:\/\/esbozodeportivo.com\/index.php\/2025\/10\/14\/despide-suecia-al-entrenador-tomasson\/#primaryimage"},"thumbnailUrl":"https:\/\/esbozodeportivo.com\/wp-content\/uploads\/2025\/10\/Futbol-1.jpg","articleSection":["Mundial 2026"],"inLanguage":"es"},{"@type":"WebPage","@id":"https:\/\/esbozodeportivo.com\/index.php\/2025\/10\/14\/despide-suecia-al-entrenador-tomasson\/","url":"https:\/\/esbozodeportivo.com\/index.php\/2025\/10\/14\/despide-suecia-al-entrenador-tomasson\/","name":"Despide Suecia al entrenador Tomasson - Esbozo Deportivo","isPartOf":{"@id":"https:\/\/esbozodeportivo.com\/#website"},"primaryImageOfPage":{"@id":"https:\/\/esbozodeportivo.com\/index.php\/2025\/10\/14\/despide-suecia-al-entrenador-tomasson\/#primaryimage"},"image":{"@id":"https:\/\/esbozodeportivo.com\/index.php\/2025\/10\/14\/despide-suecia-al-entrenador-tomasson\/#primaryimage"},"thumbnailUrl":"https:\/\/esbozodeportivo.com\/wp-content\/uploads\/2025\/10\/Futbol-1.jpg","datePublished":"2025-10-15T05:27:12+00:00","dateModified":"2025-10-15T05:27:13+00:00","description":"El entrenador de Suecia, Jon Dahl Tomasson, fue despedido el martes tras una lamentable campa\u00f1a de clasificaci\u00f3n para la Copa del Mundo en la que no logr\u00f3 sacar lo mejor de un equipo lleno de estrellas que juegan en los principales clubes de Europa.","breadcrumb":{"@id":"https:\/\/esbozodeportivo.com\/index.php\/2025\/10\/14\/despide-suecia-al-entrenador-tomasson\/#breadcrumb"},"inLanguage":"es","potentialAction":[{"@type":"ReadAction","target":["https:\/\/esbozodeportivo.com\/index.php\/2025\/10\/14\/despide-suecia-al-entrenador-tomasson\/"]}]},{"@type":"ImageObject","inLanguage":"es","@id":"https:\/\/esbozodeportivo.com\/index.php\/2025\/10\/14\/despide-suecia-al-entrenador-tomasson\/#primaryimage","url":"https:\/\/esbozodeportivo.com\/wp-content\/uploads\/2025\/10\/Futbol-1.jpg","contentUrl":"https:\/\/esbozodeportivo.com\/wp-content\/uploads\/2025\/10\/Futbol-1.jpg","width":980,"height":653},{"@type":"BreadcrumbList","@id":"https:\/\/esbozodeportivo.com\/index.php\/2025\/10\/14\/despide-suecia-al-entrenador-tomasson\/#breadcrumb","itemListElement":[{"@type":"ListItem","position":1,"name":"Inicio","item":"https:\/\/esbozodeportivo.com\/"},{"@type":"ListItem","position":2,"name":"Despide Suecia al entrenador Tomasson"}]},{"@type":"WebSite","@id":"https:\/\/esbozodeportivo.com\/#website","url":"https:\/\/esbozodeportivo.com\/","name":"Esbozo Deportivo","description":"Lo m\u00e1s importante del Deporte","publisher":{"@id":"https:\/\/esbozodeportivo.com\/#organization"},"potentialAction":[{"@type":"SearchAction","target":{"@type":"EntryPoint","urlTemplate":"https:\/\/esbozodeportivo.com\/?s={search_term_string}"},"query-input":{"@type":"PropertyValueSpecification","valueRequired":true,"valueName":"search_term_string"}}],"inLanguage":"es"},{"@type":"Organization","@id":"https:\/\/esbozodeportivo.com\/#organization","name":"Esbozo Deportivo","url":"https:\/\/esbozodeportivo.com\/","logo":{"@type":"ImageObject","inLanguage":"es","@id":"https:\/\/esbozodeportivo.com\/#\/schema\/logo\/image\/","url":"https:\/\/esbozodeportivo.com\/wp-content\/uploads\/2022\/08\/cropped-Logo-Esbozo-Web-2.png","contentUrl":"https:\/\/esbozodeportivo.com\/wp-content\/uploads\/2022\/08\/cropped-Logo-Esbozo-Web-2.png","width":180,"height":50,"caption":"Esbozo Deportivo"},"image":{"@id":"https:\/\/esbozodeportivo.com\/#\/schema\/logo\/image\/"}},{"@type":"Person","@id":"https:\/\/esbozodeportivo.com\/#\/schema\/person\/0f6df9196dfe6740dd0bb31bae50d374","name":"Redacci\u00f3n","image":{"@type":"ImageObject","inLanguage":"es","@id":"https:\/\/esbozodeportivo.com\/#\/schema\/person\/image\/","url":"https:\/\/secure.gravatar.com\/avatar\/f55268a89c3b418f2ef172ff52ab0d09b3e653c58de29539fe329fb93d78ebf3?s=96&d=mm&r=g","contentUrl":"https:\/\/secure.gravatar.com\/avatar\/f55268a89c3b418f2ef172ff52ab0d09b3e653c58de29539fe329fb93d78ebf3?s=96&d=mm&r=g","caption":"Redacci\u00f3n"},"url":"https:\/\/esbozodeportivo.com\/index.php\/author\/redaccion\/"}]}},"jetpack_featured_media_url":"https:\/\/esbozodeportivo.com\/wp-content\/uploads\/2025\/10\/Futbol-1.jpg","jetpack_sharing_enabled":true,"_links":{"self":[{"href":"https:\/\/esbozodeportivo.com\/index.php\/wp-json\/wp\/v2\/posts\/10530","targetHints":{"allow":["GET"]}}],"collection":[{"href":"https:\/\/esbozodeportivo.com\/index.php\/wp-json\/wp\/v2\/posts"}],"about":[{"href":"https:\/\/esbozodeportivo.com\/index.php\/wp-json\/wp\/v2\/types\/post"}],"author":[{"embeddable":true,"href":"https:\/\/esbozodeportivo.com\/index.php\/wp-json\/wp\/v2\/users\/4"}],"replies":[{"embeddable":true,"href":"https:\/\/esbozodeportivo.com\/index.php\/wp-json\/wp\/v2\/comments?post=10530"}],"version-history":[{"count":1,"href":"https:\/\/esbozodeportivo.com\/index.php\/wp-json\/wp\/v2\/posts\/10530\/revisions"}],"predecessor-version":[{"id":10531,"href":"https:\/\/esbozodeportivo.com\/index.php\/wp-json\/wp\/v2\/posts\/10530\/revisions\/10531"}],"wp:featuredmedia":[{"embeddable":true,"href":"https:\/\/esbozodeportivo.com\/index.php\/wp-json\/wp\/v2\/media\/10524"}],"wp:attachment":[{"href":"https:\/\/esbozodeportivo.com\/index.php\/wp-json\/wp\/v2\/media?parent=10530"}],"wp:term":[{"taxonomy":"category","embeddable":true,"href":"https:\/\/esbozodeportivo.com\/index.php\/wp-json\/wp\/v2\/categories?post=10530"},{"taxonomy":"post_tag","embeddable":true,"href":"https:\/\/esbozodeportivo.com\/index.php\/wp-json\/wp\/v2\/tags?post=10530"}],"curies":[{"name":"wp","href":"https:\/\/api.w.org\/{rel}","templated":true}]}}