{"id":1074,"date":"2023-01-31T07:07:33","date_gmt":"2023-01-31T07:07:33","guid":{"rendered":"https:\/\/esbozodeportivo.com\/?p=1074"},"modified":"2023-01-31T07:12:38","modified_gmt":"2023-01-31T07:12:38","slug":"jefes-espera-recuperarse-antes-del-super-bowl","status":"publish","type":"post","link":"https:\/\/esbozodeportivo.com\/index.php\/2023\/01\/31\/jefes-espera-recuperarse-antes-del-super-bowl\/","title":{"rendered":"Jefes espera recuperarse antes del Super Bowl"},"content":{"rendered":"<style>\/*! elementor - v3.10.2 - 29-01-2023 *\/<br \/>\n.elementor-widget-image{text-align:center}.elementor-widget-image a{display:inline-block}.elementor-widget-image a img[src$=\".svg\"]{width:48px}.elementor-widget-image img{vertical-align:middle;display:inline-block}<\/style>\n<p>\t\t\t\t\t\t\t\t\t\t\t\t<img decoding=\"async\" width=\"640\" height=\"427\" src=\"https:\/\/esbozodeportivo.com\/wp-content\/uploads\/2023\/01\/Patrick-Mahomes.webp\" alt=\"\" loading=\"lazy\" srcset=\"https:\/\/esbozodeportivo.com\/wp-content\/uploads\/2023\/01\/Patrick-Mahomes.webp 1000w, https:\/\/esbozodeportivo.com\/wp-content\/uploads\/2023\/01\/Patrick-Mahomes-300x200.webp 300w, https:\/\/esbozodeportivo.com\/wp-content\/uploads\/2023\/01\/Patrick-Mahomes-768x512.webp 768w\" sizes=\"auto, (max-width: 640px) 100vw, 640px\"><\/p>\n<p>(Foto: Agencias)&nbsp;<\/p>\n<p>KANSAS CITY, Misouri (Agencias).- Patrick Mahomes seguramente merec\u00eda el bal\u00f3n del duelo por el t\u00edtulo de la Conferencia Americana el domingo, cuando el quarterback All-Pro sali\u00f3 disparado con un esguince en la rodilla derecha en los segundos finales para establecer el gol del campo de la victoria .<\/p>\n<p>Travis Kelce tambi\u00e9n. Debido a que los Chiefs no contaban con tres receptores por lesiones, el tight end All-Pro jug\u00f3 con los remanentes de los espasmos de espalda que casi lo abandonaron por completo y terminaron con siete atrapadas para 78 yardas y una anotaci\u00f3n.<\/p>\n<p>Pero el verdadero MVP del triunfo por 23-20 ante los Bengals de Cincinnati fue el entrenador de los Chiefs Rick Burkholder y su personal. Fue Burkholder y la entrenadora Julie Frymyer, quienes instauraron un plan para alistar a Mahomes para enfrentar a los Bengals, y despu\u00e9s tuvieron que alistar a Kelce cuando su espalda comenz\u00f3 a darle problemas 48 horas antes del partido.<\/p>\n<p>\u201cNo esperaba poder correr mucho\u201d, admiti\u00f3 Mahomes. \u201cEl personal de entrenamiento, Julie, hizo un gran trabajo de darme suficiente rango y movilidad que pude protegerme, y luego al final del encuentro, tuve que correr para el primer down y nos puse en el rango de gol de campo. Entonces el cr\u00e9dito va a ellos\u201d.<\/p>\n<p>El cr\u00e9dito tambi\u00e9n para ellos por Kelce.<\/p>\n<p>\u201cNo estaba seguro si podr\u00eda hacerlo\u201d, asegur\u00f3, \u201cpero tenemos al mejor entrenamiento personal de la NFL. Estoy muy agradecido y lo aprecio. No sabr\u00eda en donde estar\u00eda mentalmente si no pudiera jugar\u201d.<\/p>\n<p>Lo que es cierto: Los Chiefs probablemente no se estar\u00edan preparando para enfrentar a los Eagles de Filadelfia en el Super Bowl.<\/p>\n<p><strong>QUE FUNCIONA<\/strong><\/p>\n<p>Los Chiefs capturaron cinco veces a Joe Burrow, incluyendo un hit de Chris Jones que oblig\u00f3 a un punt al final y que le dio a Kansas City la oportunidad de una jugada para el eventual gol de campo del triunfo.<\/p>\n<p>La ayud\u00f3 a una defensiva con un tr\u00edo de cornerbacks novatos y un safety novato al lado de uno de los mejores grupos de receptores de la liga.<\/p>\n<p>\u201cToda la temporada baja la dediqu\u00e9 a este juego\u201d, destaca Jones, quien nunca hab\u00eda tenido una captura en 11 encuentros de postemporada antes de sus dos el domingo. \u201cAsegurarme de que en los momentos que me llamen, responda\u201d.<\/p>\n<p><strong>NECESITA AYUDA<\/strong><\/p>\n<p>Sin tres receptores lesionados y su quarterback golpeado, los Chiefs intentaron establecerse por tierra el domingo. Pero s\u00f3lo lograron sumar 42 yardas en 20 acarreos, un esc\u00e1so 2,1 yardas por intento.<\/p>\n","protected":false},"excerpt":{"rendered":"<p>(Foto: Agencias)&nbsp; KANSAS CITY, Misouri (Agencias).- Patrick Mahomes seguramente merec\u00eda el bal\u00f3n del duelo por<\/p>\n","protected":false},"author":2,"featured_media":0,"comment_status":"open","ping_status":"open","sticky":false,"template":"","format":"standard","meta":{"_jetpack_memberships_contains_paid_content":false,"footnotes":""},"categories":[6],"tags":[],"class_list":["post-1074","post","type-post","status-publish","format-standard","hentry","category-nfl"],"yoast_head":"<!-- This site is optimized with the Yoast SEO plugin v25.7 - https:\/\/yoast.com\/wordpress\/plugins\/seo\/ -->\n<title>Jefes espera recuperarse antes del Super Bowl - Esbozo Deportivo<\/title>\n<meta name=\"robots\" content=\"index, follow, max-snippet:-1, max-image-preview:large, max-video-preview:-1\" \/>\n<link rel=\"canonical\" href=\"https:\/\/esbozodeportivo.com\/index.php\/2023\/01\/31\/jefes-espera-recuperarse-antes-del-super-bowl\/\" \/>\n<meta property=\"og:locale\" content=\"es_MX\" \/>\n<meta property=\"og:type\" content=\"article\" \/>\n<meta property=\"og:title\" content=\"Jefes espera recuperarse antes del Super Bowl - Esbozo Deportivo\" \/>\n<meta property=\"og:description\" content=\"(Foto: Agencias)&nbsp; KANSAS CITY, Misouri (Agencias).- Patrick Mahomes seguramente merec\u00eda el bal\u00f3n del duelo por\" \/>\n<meta property=\"og:url\" content=\"https:\/\/esbozodeportivo.com\/index.php\/2023\/01\/31\/jefes-espera-recuperarse-antes-del-super-bowl\/\" \/>\n<meta property=\"og:site_name\" content=\"Esbozo Deportivo\" \/>\n<meta property=\"article:published_time\" content=\"2023-01-31T07:07:33+00:00\" \/>\n<meta property=\"article:modified_time\" content=\"2023-01-31T07:12:38+00:00\" \/>\n<meta property=\"og:image\" content=\"https:\/\/esbozodeportivo.com\/wp-content\/uploads\/2023\/01\/Patrick-Mahomes.webp\" \/>\n<meta name=\"author\" content=\"Javier De La Cruz\" \/>\n<meta name=\"twitter:card\" content=\"summary_large_image\" \/>\n<meta name=\"twitter:label1\" content=\"Escrito por\" \/>\n\t<meta name=\"twitter:data1\" content=\"Javier De La Cruz\" \/>\n\t<meta name=\"twitter:label2\" content=\"Tiempo de lectura\" \/>\n\t<meta name=\"twitter:data2\" content=\"2 minutos\" \/>\n<script type=\"application\/ld+json\" class=\"yoast-schema-graph\">{\"@context\":\"https:\/\/schema.org\",\"@graph\":[{\"@type\":\"Article\",\"@id\":\"https:\/\/esbozodeportivo.com\/index.php\/2023\/01\/31\/jefes-espera-recuperarse-antes-del-super-bowl\/#article\",\"isPartOf\":{\"@id\":\"https:\/\/esbozodeportivo.com\/index.php\/2023\/01\/31\/jefes-espera-recuperarse-antes-del-super-bowl\/\"},\"author\":{\"name\":\"Javier De La Cruz\",\"@id\":\"https:\/\/esbozodeportivo.com\/#\/schema\/person\/7277119c98823aec37bbb84e125efd44\"},\"headline\":\"Jefes espera recuperarse antes del Super Bowl\",\"datePublished\":\"2023-01-31T07:07:33+00:00\",\"dateModified\":\"2023-01-31T07:12:38+00:00\",\"mainEntityOfPage\":{\"@id\":\"https:\/\/esbozodeportivo.com\/index.php\/2023\/01\/31\/jefes-espera-recuperarse-antes-del-super-bowl\/\"},\"wordCount\":434,\"commentCount\":0,\"publisher\":{\"@id\":\"https:\/\/esbozodeportivo.com\/#organization\"},\"image\":{\"@id\":\"https:\/\/esbozodeportivo.com\/index.php\/2023\/01\/31\/jefes-espera-recuperarse-antes-del-super-bowl\/#primaryimage\"},\"thumbnailUrl\":\"https:\/\/esbozodeportivo.com\/wp-content\/uploads\/2023\/01\/Patrick-Mahomes.webp\",\"articleSection\":[\"NFL\"],\"inLanguage\":\"es\",\"potentialAction\":[{\"@type\":\"CommentAction\",\"name\":\"Comment\",\"target\":[\"https:\/\/esbozodeportivo.com\/index.php\/2023\/01\/31\/jefes-espera-recuperarse-antes-del-super-bowl\/#respond\"]}]},{\"@type\":\"WebPage\",\"@id\":\"https:\/\/esbozodeportivo.com\/index.php\/2023\/01\/31\/jefes-espera-recuperarse-antes-del-super-bowl\/\",\"url\":\"https:\/\/esbozodeportivo.com\/index.php\/2023\/01\/31\/jefes-espera-recuperarse-antes-del-super-bowl\/\",\"name\":\"Jefes espera recuperarse antes del Super Bowl - Esbozo Deportivo\",\"isPartOf\":{\"@id\":\"https:\/\/esbozodeportivo.com\/#website\"},\"primaryImageOfPage\":{\"@id\":\"https:\/\/esbozodeportivo.com\/index.php\/2023\/01\/31\/jefes-espera-recuperarse-antes-del-super-bowl\/#primaryimage\"},\"image\":{\"@id\":\"https:\/\/esbozodeportivo.com\/index.php\/2023\/01\/31\/jefes-espera-recuperarse-antes-del-super-bowl\/#primaryimage\"},\"thumbnailUrl\":\"https:\/\/esbozodeportivo.com\/wp-content\/uploads\/2023\/01\/Patrick-Mahomes.webp\",\"datePublished\":\"2023-01-31T07:07:33+00:00\",\"dateModified\":\"2023-01-31T07:12:38+00:00\",\"breadcrumb\":{\"@id\":\"https:\/\/esbozodeportivo.com\/index.php\/2023\/01\/31\/jefes-espera-recuperarse-antes-del-super-bowl\/#breadcrumb\"},\"inLanguage\":\"es\",\"potentialAction\":[{\"@type\":\"ReadAction\",\"target\":[\"https:\/\/esbozodeportivo.com\/index.php\/2023\/01\/31\/jefes-espera-recuperarse-antes-del-super-bowl\/\"]}]},{\"@type\":\"ImageObject\",\"inLanguage\":\"es\",\"@id\":\"https:\/\/esbozodeportivo.com\/index.php\/2023\/01\/31\/jefes-espera-recuperarse-antes-del-super-bowl\/#primaryimage\",\"url\":\"https:\/\/esbozodeportivo.com\/wp-content\/uploads\/2023\/01\/Patrick-Mahomes.webp\",\"contentUrl\":\"https:\/\/esbozodeportivo.com\/wp-content\/uploads\/2023\/01\/Patrick-Mahomes.webp\",\"width\":1000,\"height\":667},{\"@type\":\"BreadcrumbList\",\"@id\":\"https:\/\/esbozodeportivo.com\/index.php\/2023\/01\/31\/jefes-espera-recuperarse-antes-del-super-bowl\/#breadcrumb\",\"itemListElement\":[{\"@type\":\"ListItem\",\"position\":1,\"name\":\"Inicio\",\"item\":\"https:\/\/esbozodeportivo.com\/\"},{\"@type\":\"ListItem\",\"position\":2,\"name\":\"Jefes espera recuperarse antes del Super Bowl\"}]},{\"@type\":\"WebSite\",\"@id\":\"https:\/\/esbozodeportivo.com\/#website\",\"url\":\"https:\/\/esbozodeportivo.com\/\",\"name\":\"Esbozo Deportivo\",\"description\":\"Lo m\u00e1s importante del Deporte\",\"publisher\":{\"@id\":\"https:\/\/esbozodeportivo.com\/#organization\"},\"potentialAction\":[{\"@type\":\"SearchAction\",\"target\":{\"@type\":\"EntryPoint\",\"urlTemplate\":\"https:\/\/esbozodeportivo.com\/?s={search_term_string}\"},\"query-input\":{\"@type\":\"PropertyValueSpecification\",\"valueRequired\":true,\"valueName\":\"search_term_string\"}}],\"inLanguage\":\"es\"},{\"@type\":\"Organization\",\"@id\":\"https:\/\/esbozodeportivo.com\/#organization\",\"name\":\"Esbozo Deportivo\",\"url\":\"https:\/\/esbozodeportivo.com\/\",\"logo\":{\"@type\":\"ImageObject\",\"inLanguage\":\"es\",\"@id\":\"https:\/\/esbozodeportivo.com\/#\/schema\/logo\/image\/\",\"url\":\"https:\/\/esbozodeportivo.com\/wp-content\/uploads\/2022\/08\/cropped-Logo-Esbozo-Web-2.png\",\"contentUrl\":\"https:\/\/esbozodeportivo.com\/wp-content\/uploads\/2022\/08\/cropped-Logo-Esbozo-Web-2.png\",\"width\":180,\"height\":50,\"caption\":\"Esbozo Deportivo\"},\"image\":{\"@id\":\"https:\/\/esbozodeportivo.com\/#\/schema\/logo\/image\/\"}},{\"@type\":\"Person\",\"@id\":\"https:\/\/esbozodeportivo.com\/#\/schema\/person\/7277119c98823aec37bbb84e125efd44\",\"name\":\"Javier De La Cruz\",\"image\":{\"@type\":\"ImageObject\",\"inLanguage\":\"es\",\"@id\":\"https:\/\/esbozodeportivo.com\/#\/schema\/person\/image\/\",\"url\":\"https:\/\/secure.gravatar.com\/avatar\/366235a56d20f1a6e8e3d0b295897639357bea880470ddf261d17bb0bc052eb1?s=96&d=mm&r=g\",\"contentUrl\":\"https:\/\/secure.gravatar.com\/avatar\/366235a56d20f1a6e8e3d0b295897639357bea880470ddf261d17bb0bc052eb1?s=96&d=mm&r=g\",\"caption\":\"Javier De La Cruz\"},\"url\":\"https:\/\/esbozodeportivo.com\/index.php\/author\/javier-de-la-cruz-de-la-cruz\/\"}]}<\/script>\n<!-- \/ Yoast SEO plugin. -->","yoast_head_json":{"title":"Jefes espera recuperarse antes del Super Bowl - Esbozo Deportivo","robots":{"index":"index","follow":"follow","max-snippet":"max-snippet:-1","max-image-preview":"max-image-preview:large","max-video-preview":"max-video-preview:-1"},"canonical":"https:\/\/esbozodeportivo.com\/index.php\/2023\/01\/31\/jefes-espera-recuperarse-antes-del-super-bowl\/","og_locale":"es_MX","og_type":"article","og_title":"Jefes espera recuperarse antes del Super Bowl - Esbozo Deportivo","og_description":"(Foto: Agencias)&nbsp; KANSAS CITY, Misouri (Agencias).- Patrick Mahomes seguramente merec\u00eda el bal\u00f3n del duelo por","og_url":"https:\/\/esbozodeportivo.com\/index.php\/2023\/01\/31\/jefes-espera-recuperarse-antes-del-super-bowl\/","og_site_name":"Esbozo Deportivo","article_published_time":"2023-01-31T07:07:33+00:00","article_modified_time":"2023-01-31T07:12:38+00:00","og_image":[{"url":"https:\/\/esbozodeportivo.com\/wp-content\/uploads\/2023\/01\/Patrick-Mahomes.webp","type":"","width":"","height":""}],"author":"Javier De La Cruz","twitter_card":"summary_large_image","twitter_misc":{"Escrito por":"Javier De La Cruz","Tiempo de lectura":"2 minutos"},"schema":{"@context":"https:\/\/schema.org","@graph":[{"@type":"Article","@id":"https:\/\/esbozodeportivo.com\/index.php\/2023\/01\/31\/jefes-espera-recuperarse-antes-del-super-bowl\/#article","isPartOf":{"@id":"https:\/\/esbozodeportivo.com\/index.php\/2023\/01\/31\/jefes-espera-recuperarse-antes-del-super-bowl\/"},"author":{"name":"Javier De La Cruz","@id":"https:\/\/esbozodeportivo.com\/#\/schema\/person\/7277119c98823aec37bbb84e125efd44"},"headline":"Jefes espera recuperarse antes del Super Bowl","datePublished":"2023-01-31T07:07:33+00:00","dateModified":"2023-01-31T07:12:38+00:00","mainEntityOfPage":{"@id":"https:\/\/esbozodeportivo.com\/index.php\/2023\/01\/31\/jefes-espera-recuperarse-antes-del-super-bowl\/"},"wordCount":434,"commentCount":0,"publisher":{"@id":"https:\/\/esbozodeportivo.com\/#organization"},"image":{"@id":"https:\/\/esbozodeportivo.com\/index.php\/2023\/01\/31\/jefes-espera-recuperarse-antes-del-super-bowl\/#primaryimage"},"thumbnailUrl":"https:\/\/esbozodeportivo.com\/wp-content\/uploads\/2023\/01\/Patrick-Mahomes.webp","articleSection":["NFL"],"inLanguage":"es","potentialAction":[{"@type":"CommentAction","name":"Comment","target":["https:\/\/esbozodeportivo.com\/index.php\/2023\/01\/31\/jefes-espera-recuperarse-antes-del-super-bowl\/#respond"]}]},{"@type":"WebPage","@id":"https:\/\/esbozodeportivo.com\/index.php\/2023\/01\/31\/jefes-espera-recuperarse-antes-del-super-bowl\/","url":"https:\/\/esbozodeportivo.com\/index.php\/2023\/01\/31\/jefes-espera-recuperarse-antes-del-super-bowl\/","name":"Jefes espera recuperarse antes del Super Bowl - Esbozo Deportivo","isPartOf":{"@id":"https:\/\/esbozodeportivo.com\/#website"},"primaryImageOfPage":{"@id":"https:\/\/esbozodeportivo.com\/index.php\/2023\/01\/31\/jefes-espera-recuperarse-antes-del-super-bowl\/#primaryimage"},"image":{"@id":"https:\/\/esbozodeportivo.com\/index.php\/2023\/01\/31\/jefes-espera-recuperarse-antes-del-super-bowl\/#primaryimage"},"thumbnailUrl":"https:\/\/esbozodeportivo.com\/wp-content\/uploads\/2023\/01\/Patrick-Mahomes.webp","datePublished":"2023-01-31T07:07:33+00:00","dateModified":"2023-01-31T07:12:38+00:00","breadcrumb":{"@id":"https:\/\/esbozodeportivo.com\/index.php\/2023\/01\/31\/jefes-espera-recuperarse-antes-del-super-bowl\/#breadcrumb"},"inLanguage":"es","potentialAction":[{"@type":"ReadAction","target":["https:\/\/esbozodeportivo.com\/index.php\/2023\/01\/31\/jefes-espera-recuperarse-antes-del-super-bowl\/"]}]},{"@type":"ImageObject","inLanguage":"es","@id":"https:\/\/esbozodeportivo.com\/index.php\/2023\/01\/31\/jefes-espera-recuperarse-antes-del-super-bowl\/#primaryimage","url":"https:\/\/esbozodeportivo.com\/wp-content\/uploads\/2023\/01\/Patrick-Mahomes.webp","contentUrl":"https:\/\/esbozodeportivo.com\/wp-content\/uploads\/2023\/01\/Patrick-Mahomes.webp","width":1000,"height":667},{"@type":"BreadcrumbList","@id":"https:\/\/esbozodeportivo.com\/index.php\/2023\/01\/31\/jefes-espera-recuperarse-antes-del-super-bowl\/#breadcrumb","itemListElement":[{"@type":"ListItem","position":1,"name":"Inicio","item":"https:\/\/esbozodeportivo.com\/"},{"@type":"ListItem","position":2,"name":"Jefes espera recuperarse antes del Super Bowl"}]},{"@type":"WebSite","@id":"https:\/\/esbozodeportivo.com\/#website","url":"https:\/\/esbozodeportivo.com\/","name":"Esbozo Deportivo","description":"Lo m\u00e1s importante del Deporte","publisher":{"@id":"https:\/\/esbozodeportivo.com\/#organization"},"potentialAction":[{"@type":"SearchAction","target":{"@type":"EntryPoint","urlTemplate":"https:\/\/esbozodeportivo.com\/?s={search_term_string}"},"query-input":{"@type":"PropertyValueSpecification","valueRequired":true,"valueName":"search_term_string"}}],"inLanguage":"es"},{"@type":"Organization","@id":"https:\/\/esbozodeportivo.com\/#organization","name":"Esbozo Deportivo","url":"https:\/\/esbozodeportivo.com\/","logo":{"@type":"ImageObject","inLanguage":"es","@id":"https:\/\/esbozodeportivo.com\/#\/schema\/logo\/image\/","url":"https:\/\/esbozodeportivo.com\/wp-content\/uploads\/2022\/08\/cropped-Logo-Esbozo-Web-2.png","contentUrl":"https:\/\/esbozodeportivo.com\/wp-content\/uploads\/2022\/08\/cropped-Logo-Esbozo-Web-2.png","width":180,"height":50,"caption":"Esbozo Deportivo"},"image":{"@id":"https:\/\/esbozodeportivo.com\/#\/schema\/logo\/image\/"}},{"@type":"Person","@id":"https:\/\/esbozodeportivo.com\/#\/schema\/person\/7277119c98823aec37bbb84e125efd44","name":"Javier De La Cruz","image":{"@type":"ImageObject","inLanguage":"es","@id":"https:\/\/esbozodeportivo.com\/#\/schema\/person\/image\/","url":"https:\/\/secure.gravatar.com\/avatar\/366235a56d20f1a6e8e3d0b295897639357bea880470ddf261d17bb0bc052eb1?s=96&d=mm&r=g","contentUrl":"https:\/\/secure.gravatar.com\/avatar\/366235a56d20f1a6e8e3d0b295897639357bea880470ddf261d17bb0bc052eb1?s=96&d=mm&r=g","caption":"Javier De La Cruz"},"url":"https:\/\/esbozodeportivo.com\/index.php\/author\/javier-de-la-cruz-de-la-cruz\/"}]}},"jetpack_featured_media_url":"","jetpack_sharing_enabled":true,"_links":{"self":[{"href":"https:\/\/esbozodeportivo.com\/index.php\/wp-json\/wp\/v2\/posts\/1074","targetHints":{"allow":["GET"]}}],"collection":[{"href":"https:\/\/esbozodeportivo.com\/index.php\/wp-json\/wp\/v2\/posts"}],"about":[{"href":"https:\/\/esbozodeportivo.com\/index.php\/wp-json\/wp\/v2\/types\/post"}],"author":[{"embeddable":true,"href":"https:\/\/esbozodeportivo.com\/index.php\/wp-json\/wp\/v2\/users\/2"}],"replies":[{"embeddable":true,"href":"https:\/\/esbozodeportivo.com\/index.php\/wp-json\/wp\/v2\/comments?post=1074"}],"version-history":[{"count":5,"href":"https:\/\/esbozodeportivo.com\/index.php\/wp-json\/wp\/v2\/posts\/1074\/revisions"}],"predecessor-version":[{"id":1080,"href":"https:\/\/esbozodeportivo.com\/index.php\/wp-json\/wp\/v2\/posts\/1074\/revisions\/1080"}],"wp:attachment":[{"href":"https:\/\/esbozodeportivo.com\/index.php\/wp-json\/wp\/v2\/media?parent=1074"}],"wp:term":[{"taxonomy":"category","embeddable":true,"href":"https:\/\/esbozodeportivo.com\/index.php\/wp-json\/wp\/v2\/categories?post=1074"},{"taxonomy":"post_tag","embeddable":true,"href":"https:\/\/esbozodeportivo.com\/index.php\/wp-json\/wp\/v2\/tags?post=1074"}],"curies":[{"name":"wp","href":"https:\/\/api.w.org\/{rel}","templated":true}]}}