{"id":10740,"date":"2025-10-23T21:51:51","date_gmt":"2025-10-24T03:51:51","guid":{"rendered":"https:\/\/esbozodeportivo.com\/?p=10740"},"modified":"2025-10-23T21:51:52","modified_gmt":"2025-10-24T03:51:52","slug":"el-tour-regresa-a-montmartre","status":"publish","type":"post","link":"https:\/\/esbozodeportivo.com\/index.php\/2025\/10\/23\/el-tour-regresa-a-montmartre\/","title":{"rendered":"El Tour regresa a Montmartre"},"content":{"rendered":"\n<p>(Foto: Agencias) <\/p>\n\n\n\n<p>Despu\u00e9s del \u00e9xito de este a\u00f1o, el Tour de Francia regresar\u00e1 a Montmartre para el gran final de la edici\u00f3n de 2026, que tambi\u00e9n incluye dos finales de etapa en el Alpe d\u2019Huez.<\/p>\n\n\n\n<p>Decenas de miles de aficionados llenaron las calles del pintoresco distrito de Montmartre en Par\u00eds este verano para presenciar el enfrentamiento final entre Tadej Poga\u010dar, cuatro veces campe\u00f3n del Tour, y sus rivales.<\/p>\n\n\n\n<p>Incluir la Butte Montmartre y la bas\u00edlica del Sacr\u00e9-C\u0153ur en la ruta trajo una nueva emoci\u00f3n y rompi\u00f3 la monoton\u00eda de la etapa final, que tradicionalmente es un paseo procesional antes del sprint final en los Campos El\u00edseos.<\/p>\n\n\n\n<p>Los organizadores de la carrera, que revelaron el jueves la ruta del Tour de 2026, han decidido repetir la experiencia el pr\u00f3ximo a\u00f1o, concluyendo un evento que comenzar\u00e1 en Barcelona.<\/p>\n\n\n\n<p>La ciudad anfitriona de los Juegos Ol\u00edmpicos de 1992 ha albergado anteriormente etapas de la carrera de ciclismo m\u00e1s grande, pero nunca su inicio. La 113\u00aa edici\u00f3n de la carrera de ciclismo m\u00e1s grande comenzar\u00e1 el 4 de julio con una contrarreloj por equipos.<\/p>\n\n\n\n<p>Despu\u00e9s de salir de Espa\u00f1a y entrar en Francia, el pelot\u00f3n subir\u00e1 las monta\u00f1as en la tercera etapa, que terminar\u00e1 en la estaci\u00f3n de esqu\u00ed de Les Angles.<\/p>\n\n\n\n<p>Cubriendo 3.333 kil\u00f3metros, el Tour visitar\u00e1 las cinco cadenas monta\u00f1osas de Francia: los Pirineos, el Macizo Central, el Jura, los Vosgos y los Alpes, con ocho etapas de monta\u00f1a que incluyen cinco finales en cumbre.<\/p>\n\n\n\n<p>Dos etapas culminar\u00e1n en el famoso Alpe d\u2019Huez, incluyendo por primera vez el ascenso por el Col de Sarenne, solo 24 horas antes de la llegada a Par\u00eds.<\/p>\n\n\n\n<p>\u201cEl ascenso al Alpe d\u2019Huez revelar\u00e1 sus dos caras por primera vez, haciendo muy posible que las posiciones se reordenen en estos dos d\u00edas\u201d, dijo el director de la carrera, Christian Prudhomme.<\/p>\n\n\n\n<p>Los velocistas tendr\u00e1n muchas ocasiones para brillar, especialmente durante la primera mitad de la carrera. La \u00fanica contrarreloj individual tendr\u00e1 lugar con el tel\u00f3n de fondo del Lago de Ginebra en la Etapa 16.<\/p>\n\n\n\n<p>Poga\u010dar, el mejor ciclista de su generaci\u00f3n, podr\u00eda convertirse en el quinto ciclista en ganar la carrera m\u00e1s prestigiosa del deporte cinco veces, despu\u00e9s del belga Eddy Merckx, el espa\u00f1ol Miguel Indur\u00e1in y los franceses Jacques Anquetil y Bernard Hinault.<\/p>\n\n\n\n<p>La carrera femenina, que contar\u00e1 con nueve etapas y un ascenso al imponente Mont Ventoux, comenzar\u00e1 con un circuito alrededor de la ciudad suiza de Lausana el 1 de agosto. Las corredoras del Tour de Francia Femmes cubrir\u00e1n 1.175 kil\u00f3metros, la distancia m\u00e1s larga desde el renacimiento de la carrera en 2022.<\/p>\n\n\n\n<p>La ciclista francesa Pauline Ferrand-Pr\u00e9v\u00f4t gan\u00f3 el evento en su primer intento este a\u00f1o.<\/p>\n\n\n\n<p>Ser\u00e1 la segunda vez que el Grand D\u00e9part femenino se lleva a cabo m\u00e1s all\u00e1 de las fronteras francesas.<\/p>\n\n\n\n<p>Despu\u00e9s de una contrarreloj de 21 kil\u00f3metros en Dijon, se espera que la carrera alcance su apogeo en la sexta etapa, con el exigente ascenso de 15,7 km a la cumbre del Mont Ventoux. Las dos \u00faltimas etapas concluir\u00e1n en Niza, con el \u00faltimo d\u00eda prometiendo un alto drama sobre los cuatro ascensos del Col d\u2019\u00c8ze antes de un final en la Promenade des Anglais.<\/p>\n\n\n\n<p><\/p>\n","protected":false},"excerpt":{"rendered":"<p>(Foto: Agencias) Despu\u00e9s del \u00e9xito de este a\u00f1o, el Tour de Francia regresar\u00e1 a Montmartre<\/p>\n","protected":false},"author":4,"featured_media":10734,"comment_status":"closed","ping_status":"open","sticky":false,"template":"","format":"standard","meta":{"_jetpack_memberships_contains_paid_content":false,"footnotes":""},"categories":[70],"tags":[],"class_list":["post-10740","post","type-post","status-publish","format-standard","has-post-thumbnail","hentry","category-tour-de-francia"],"yoast_head":"<!-- This site is optimized with the Yoast SEO plugin v25.7 - https:\/\/yoast.com\/wordpress\/plugins\/seo\/ -->\n<title>El Tour regresa a Montmartre - Esbozo Deportivo<\/title>\n<meta name=\"description\" content=\"Despu\u00e9s del \u00e9xito de este a\u00f1o, el Tour de Francia regresar\u00e1 a Montmartre para el gran final de la edici\u00f3n de 2026, que tambi\u00e9n incluye dos finales de etapa en el Alpe d\u2019Huez.\" \/>\n<meta name=\"robots\" content=\"index, follow, max-snippet:-1, max-image-preview:large, max-video-preview:-1\" \/>\n<link rel=\"canonical\" href=\"https:\/\/esbozodeportivo.com\/index.php\/2025\/10\/23\/el-tour-regresa-a-montmartre\/\" \/>\n<meta property=\"og:locale\" content=\"es_MX\" \/>\n<meta property=\"og:type\" content=\"article\" \/>\n<meta property=\"og:title\" content=\"El Tour regresa a Montmartre - Esbozo Deportivo\" \/>\n<meta property=\"og:description\" content=\"Despu\u00e9s del \u00e9xito de este a\u00f1o, el Tour de Francia regresar\u00e1 a Montmartre para el gran final de la edici\u00f3n de 2026, que tambi\u00e9n incluye dos finales de etapa en el Alpe d\u2019Huez.\" \/>\n<meta property=\"og:url\" content=\"https:\/\/esbozodeportivo.com\/index.php\/2025\/10\/23\/el-tour-regresa-a-montmartre\/\" \/>\n<meta property=\"og:site_name\" content=\"Esbozo Deportivo\" \/>\n<meta property=\"article:published_time\" content=\"2025-10-24T03:51:51+00:00\" \/>\n<meta property=\"article:modified_time\" content=\"2025-10-24T03:51:52+00:00\" \/>\n<meta property=\"og:image\" content=\"https:\/\/esbozodeportivo.com\/wp-content\/uploads\/2025\/10\/Tour.jpg\" \/>\n\t<meta property=\"og:image:width\" content=\"980\" \/>\n\t<meta property=\"og:image:height\" content=\"653\" \/>\n\t<meta property=\"og:image:type\" content=\"image\/jpeg\" \/>\n<meta name=\"author\" content=\"Redacci\u00f3n\" \/>\n<meta name=\"twitter:card\" content=\"summary_large_image\" \/>\n<meta name=\"twitter:label1\" content=\"Escrito por\" \/>\n\t<meta name=\"twitter:data1\" content=\"Redacci\u00f3n\" \/>\n\t<meta name=\"twitter:label2\" content=\"Tiempo de lectura\" \/>\n\t<meta name=\"twitter:data2\" content=\"3 minutos\" \/>\n<script type=\"application\/ld+json\" class=\"yoast-schema-graph\">{\"@context\":\"https:\/\/schema.org\",\"@graph\":[{\"@type\":\"Article\",\"@id\":\"https:\/\/esbozodeportivo.com\/index.php\/2025\/10\/23\/el-tour-regresa-a-montmartre\/#article\",\"isPartOf\":{\"@id\":\"https:\/\/esbozodeportivo.com\/index.php\/2025\/10\/23\/el-tour-regresa-a-montmartre\/\"},\"author\":{\"name\":\"Redacci\u00f3n\",\"@id\":\"https:\/\/esbozodeportivo.com\/#\/schema\/person\/0f6df9196dfe6740dd0bb31bae50d374\"},\"headline\":\"El Tour regresa a Montmartre\",\"datePublished\":\"2025-10-24T03:51:51+00:00\",\"dateModified\":\"2025-10-24T03:51:52+00:00\",\"mainEntityOfPage\":{\"@id\":\"https:\/\/esbozodeportivo.com\/index.php\/2025\/10\/23\/el-tour-regresa-a-montmartre\/\"},\"wordCount\":574,\"publisher\":{\"@id\":\"https:\/\/esbozodeportivo.com\/#organization\"},\"image\":{\"@id\":\"https:\/\/esbozodeportivo.com\/index.php\/2025\/10\/23\/el-tour-regresa-a-montmartre\/#primaryimage\"},\"thumbnailUrl\":\"https:\/\/esbozodeportivo.com\/wp-content\/uploads\/2025\/10\/Tour.jpg\",\"articleSection\":[\"Tour de Francia\"],\"inLanguage\":\"es\"},{\"@type\":\"WebPage\",\"@id\":\"https:\/\/esbozodeportivo.com\/index.php\/2025\/10\/23\/el-tour-regresa-a-montmartre\/\",\"url\":\"https:\/\/esbozodeportivo.com\/index.php\/2025\/10\/23\/el-tour-regresa-a-montmartre\/\",\"name\":\"El Tour regresa a Montmartre - Esbozo Deportivo\",\"isPartOf\":{\"@id\":\"https:\/\/esbozodeportivo.com\/#website\"},\"primaryImageOfPage\":{\"@id\":\"https:\/\/esbozodeportivo.com\/index.php\/2025\/10\/23\/el-tour-regresa-a-montmartre\/#primaryimage\"},\"image\":{\"@id\":\"https:\/\/esbozodeportivo.com\/index.php\/2025\/10\/23\/el-tour-regresa-a-montmartre\/#primaryimage\"},\"thumbnailUrl\":\"https:\/\/esbozodeportivo.com\/wp-content\/uploads\/2025\/10\/Tour.jpg\",\"datePublished\":\"2025-10-24T03:51:51+00:00\",\"dateModified\":\"2025-10-24T03:51:52+00:00\",\"description\":\"Despu\u00e9s del \u00e9xito de este a\u00f1o, el Tour de Francia regresar\u00e1 a Montmartre para el gran final de la edici\u00f3n de 2026, que tambi\u00e9n incluye dos finales de etapa en el Alpe d\u2019Huez.\",\"breadcrumb\":{\"@id\":\"https:\/\/esbozodeportivo.com\/index.php\/2025\/10\/23\/el-tour-regresa-a-montmartre\/#breadcrumb\"},\"inLanguage\":\"es\",\"potentialAction\":[{\"@type\":\"ReadAction\",\"target\":[\"https:\/\/esbozodeportivo.com\/index.php\/2025\/10\/23\/el-tour-regresa-a-montmartre\/\"]}]},{\"@type\":\"ImageObject\",\"inLanguage\":\"es\",\"@id\":\"https:\/\/esbozodeportivo.com\/index.php\/2025\/10\/23\/el-tour-regresa-a-montmartre\/#primaryimage\",\"url\":\"https:\/\/esbozodeportivo.com\/wp-content\/uploads\/2025\/10\/Tour.jpg\",\"contentUrl\":\"https:\/\/esbozodeportivo.com\/wp-content\/uploads\/2025\/10\/Tour.jpg\",\"width\":980,\"height\":653},{\"@type\":\"BreadcrumbList\",\"@id\":\"https:\/\/esbozodeportivo.com\/index.php\/2025\/10\/23\/el-tour-regresa-a-montmartre\/#breadcrumb\",\"itemListElement\":[{\"@type\":\"ListItem\",\"position\":1,\"name\":\"Inicio\",\"item\":\"https:\/\/esbozodeportivo.com\/\"},{\"@type\":\"ListItem\",\"position\":2,\"name\":\"El Tour regresa a Montmartre\"}]},{\"@type\":\"WebSite\",\"@id\":\"https:\/\/esbozodeportivo.com\/#website\",\"url\":\"https:\/\/esbozodeportivo.com\/\",\"name\":\"Esbozo Deportivo\",\"description\":\"Lo m\u00e1s importante del Deporte\",\"publisher\":{\"@id\":\"https:\/\/esbozodeportivo.com\/#organization\"},\"potentialAction\":[{\"@type\":\"SearchAction\",\"target\":{\"@type\":\"EntryPoint\",\"urlTemplate\":\"https:\/\/esbozodeportivo.com\/?s={search_term_string}\"},\"query-input\":{\"@type\":\"PropertyValueSpecification\",\"valueRequired\":true,\"valueName\":\"search_term_string\"}}],\"inLanguage\":\"es\"},{\"@type\":\"Organization\",\"@id\":\"https:\/\/esbozodeportivo.com\/#organization\",\"name\":\"Esbozo Deportivo\",\"url\":\"https:\/\/esbozodeportivo.com\/\",\"logo\":{\"@type\":\"ImageObject\",\"inLanguage\":\"es\",\"@id\":\"https:\/\/esbozodeportivo.com\/#\/schema\/logo\/image\/\",\"url\":\"https:\/\/esbozodeportivo.com\/wp-content\/uploads\/2022\/08\/cropped-Logo-Esbozo-Web-2.png\",\"contentUrl\":\"https:\/\/esbozodeportivo.com\/wp-content\/uploads\/2022\/08\/cropped-Logo-Esbozo-Web-2.png\",\"width\":180,\"height\":50,\"caption\":\"Esbozo Deportivo\"},\"image\":{\"@id\":\"https:\/\/esbozodeportivo.com\/#\/schema\/logo\/image\/\"}},{\"@type\":\"Person\",\"@id\":\"https:\/\/esbozodeportivo.com\/#\/schema\/person\/0f6df9196dfe6740dd0bb31bae50d374\",\"name\":\"Redacci\u00f3n\",\"image\":{\"@type\":\"ImageObject\",\"inLanguage\":\"es\",\"@id\":\"https:\/\/esbozodeportivo.com\/#\/schema\/person\/image\/\",\"url\":\"https:\/\/secure.gravatar.com\/avatar\/f55268a89c3b418f2ef172ff52ab0d09b3e653c58de29539fe329fb93d78ebf3?s=96&d=mm&r=g\",\"contentUrl\":\"https:\/\/secure.gravatar.com\/avatar\/f55268a89c3b418f2ef172ff52ab0d09b3e653c58de29539fe329fb93d78ebf3?s=96&d=mm&r=g\",\"caption\":\"Redacci\u00f3n\"},\"url\":\"https:\/\/esbozodeportivo.com\/index.php\/author\/redaccion\/\"}]}<\/script>\n<!-- \/ Yoast SEO plugin. -->","yoast_head_json":{"title":"El Tour regresa a Montmartre - Esbozo Deportivo","description":"Despu\u00e9s del \u00e9xito de este a\u00f1o, el Tour de Francia regresar\u00e1 a Montmartre para el gran final de la edici\u00f3n de 2026, que tambi\u00e9n incluye dos finales de etapa en el Alpe d\u2019Huez.","robots":{"index":"index","follow":"follow","max-snippet":"max-snippet:-1","max-image-preview":"max-image-preview:large","max-video-preview":"max-video-preview:-1"},"canonical":"https:\/\/esbozodeportivo.com\/index.php\/2025\/10\/23\/el-tour-regresa-a-montmartre\/","og_locale":"es_MX","og_type":"article","og_title":"El Tour regresa a Montmartre - Esbozo Deportivo","og_description":"Despu\u00e9s del \u00e9xito de este a\u00f1o, el Tour de Francia regresar\u00e1 a Montmartre para el gran final de la edici\u00f3n de 2026, que tambi\u00e9n incluye dos finales de etapa en el Alpe d\u2019Huez.","og_url":"https:\/\/esbozodeportivo.com\/index.php\/2025\/10\/23\/el-tour-regresa-a-montmartre\/","og_site_name":"Esbozo Deportivo","article_published_time":"2025-10-24T03:51:51+00:00","article_modified_time":"2025-10-24T03:51:52+00:00","og_image":[{"width":980,"height":653,"url":"https:\/\/esbozodeportivo.com\/wp-content\/uploads\/2025\/10\/Tour.jpg","type":"image\/jpeg"}],"author":"Redacci\u00f3n","twitter_card":"summary_large_image","twitter_misc":{"Escrito por":"Redacci\u00f3n","Tiempo de lectura":"3 minutos"},"schema":{"@context":"https:\/\/schema.org","@graph":[{"@type":"Article","@id":"https:\/\/esbozodeportivo.com\/index.php\/2025\/10\/23\/el-tour-regresa-a-montmartre\/#article","isPartOf":{"@id":"https:\/\/esbozodeportivo.com\/index.php\/2025\/10\/23\/el-tour-regresa-a-montmartre\/"},"author":{"name":"Redacci\u00f3n","@id":"https:\/\/esbozodeportivo.com\/#\/schema\/person\/0f6df9196dfe6740dd0bb31bae50d374"},"headline":"El Tour regresa a Montmartre","datePublished":"2025-10-24T03:51:51+00:00","dateModified":"2025-10-24T03:51:52+00:00","mainEntityOfPage":{"@id":"https:\/\/esbozodeportivo.com\/index.php\/2025\/10\/23\/el-tour-regresa-a-montmartre\/"},"wordCount":574,"publisher":{"@id":"https:\/\/esbozodeportivo.com\/#organization"},"image":{"@id":"https:\/\/esbozodeportivo.com\/index.php\/2025\/10\/23\/el-tour-regresa-a-montmartre\/#primaryimage"},"thumbnailUrl":"https:\/\/esbozodeportivo.com\/wp-content\/uploads\/2025\/10\/Tour.jpg","articleSection":["Tour de Francia"],"inLanguage":"es"},{"@type":"WebPage","@id":"https:\/\/esbozodeportivo.com\/index.php\/2025\/10\/23\/el-tour-regresa-a-montmartre\/","url":"https:\/\/esbozodeportivo.com\/index.php\/2025\/10\/23\/el-tour-regresa-a-montmartre\/","name":"El Tour regresa a Montmartre - Esbozo Deportivo","isPartOf":{"@id":"https:\/\/esbozodeportivo.com\/#website"},"primaryImageOfPage":{"@id":"https:\/\/esbozodeportivo.com\/index.php\/2025\/10\/23\/el-tour-regresa-a-montmartre\/#primaryimage"},"image":{"@id":"https:\/\/esbozodeportivo.com\/index.php\/2025\/10\/23\/el-tour-regresa-a-montmartre\/#primaryimage"},"thumbnailUrl":"https:\/\/esbozodeportivo.com\/wp-content\/uploads\/2025\/10\/Tour.jpg","datePublished":"2025-10-24T03:51:51+00:00","dateModified":"2025-10-24T03:51:52+00:00","description":"Despu\u00e9s del \u00e9xito de este a\u00f1o, el Tour de Francia regresar\u00e1 a Montmartre para el gran final de la edici\u00f3n de 2026, que tambi\u00e9n incluye dos finales de etapa en el Alpe d\u2019Huez.","breadcrumb":{"@id":"https:\/\/esbozodeportivo.com\/index.php\/2025\/10\/23\/el-tour-regresa-a-montmartre\/#breadcrumb"},"inLanguage":"es","potentialAction":[{"@type":"ReadAction","target":["https:\/\/esbozodeportivo.com\/index.php\/2025\/10\/23\/el-tour-regresa-a-montmartre\/"]}]},{"@type":"ImageObject","inLanguage":"es","@id":"https:\/\/esbozodeportivo.com\/index.php\/2025\/10\/23\/el-tour-regresa-a-montmartre\/#primaryimage","url":"https:\/\/esbozodeportivo.com\/wp-content\/uploads\/2025\/10\/Tour.jpg","contentUrl":"https:\/\/esbozodeportivo.com\/wp-content\/uploads\/2025\/10\/Tour.jpg","width":980,"height":653},{"@type":"BreadcrumbList","@id":"https:\/\/esbozodeportivo.com\/index.php\/2025\/10\/23\/el-tour-regresa-a-montmartre\/#breadcrumb","itemListElement":[{"@type":"ListItem","position":1,"name":"Inicio","item":"https:\/\/esbozodeportivo.com\/"},{"@type":"ListItem","position":2,"name":"El Tour regresa a Montmartre"}]},{"@type":"WebSite","@id":"https:\/\/esbozodeportivo.com\/#website","url":"https:\/\/esbozodeportivo.com\/","name":"Esbozo Deportivo","description":"Lo m\u00e1s importante del Deporte","publisher":{"@id":"https:\/\/esbozodeportivo.com\/#organization"},"potentialAction":[{"@type":"SearchAction","target":{"@type":"EntryPoint","urlTemplate":"https:\/\/esbozodeportivo.com\/?s={search_term_string}"},"query-input":{"@type":"PropertyValueSpecification","valueRequired":true,"valueName":"search_term_string"}}],"inLanguage":"es"},{"@type":"Organization","@id":"https:\/\/esbozodeportivo.com\/#organization","name":"Esbozo Deportivo","url":"https:\/\/esbozodeportivo.com\/","logo":{"@type":"ImageObject","inLanguage":"es","@id":"https:\/\/esbozodeportivo.com\/#\/schema\/logo\/image\/","url":"https:\/\/esbozodeportivo.com\/wp-content\/uploads\/2022\/08\/cropped-Logo-Esbozo-Web-2.png","contentUrl":"https:\/\/esbozodeportivo.com\/wp-content\/uploads\/2022\/08\/cropped-Logo-Esbozo-Web-2.png","width":180,"height":50,"caption":"Esbozo Deportivo"},"image":{"@id":"https:\/\/esbozodeportivo.com\/#\/schema\/logo\/image\/"}},{"@type":"Person","@id":"https:\/\/esbozodeportivo.com\/#\/schema\/person\/0f6df9196dfe6740dd0bb31bae50d374","name":"Redacci\u00f3n","image":{"@type":"ImageObject","inLanguage":"es","@id":"https:\/\/esbozodeportivo.com\/#\/schema\/person\/image\/","url":"https:\/\/secure.gravatar.com\/avatar\/f55268a89c3b418f2ef172ff52ab0d09b3e653c58de29539fe329fb93d78ebf3?s=96&d=mm&r=g","contentUrl":"https:\/\/secure.gravatar.com\/avatar\/f55268a89c3b418f2ef172ff52ab0d09b3e653c58de29539fe329fb93d78ebf3?s=96&d=mm&r=g","caption":"Redacci\u00f3n"},"url":"https:\/\/esbozodeportivo.com\/index.php\/author\/redaccion\/"}]}},"jetpack_featured_media_url":"https:\/\/esbozodeportivo.com\/wp-content\/uploads\/2025\/10\/Tour.jpg","jetpack_sharing_enabled":true,"_links":{"self":[{"href":"https:\/\/esbozodeportivo.com\/index.php\/wp-json\/wp\/v2\/posts\/10740","targetHints":{"allow":["GET"]}}],"collection":[{"href":"https:\/\/esbozodeportivo.com\/index.php\/wp-json\/wp\/v2\/posts"}],"about":[{"href":"https:\/\/esbozodeportivo.com\/index.php\/wp-json\/wp\/v2\/types\/post"}],"author":[{"embeddable":true,"href":"https:\/\/esbozodeportivo.com\/index.php\/wp-json\/wp\/v2\/users\/4"}],"replies":[{"embeddable":true,"href":"https:\/\/esbozodeportivo.com\/index.php\/wp-json\/wp\/v2\/comments?post=10740"}],"version-history":[{"count":1,"href":"https:\/\/esbozodeportivo.com\/index.php\/wp-json\/wp\/v2\/posts\/10740\/revisions"}],"predecessor-version":[{"id":10741,"href":"https:\/\/esbozodeportivo.com\/index.php\/wp-json\/wp\/v2\/posts\/10740\/revisions\/10741"}],"wp:featuredmedia":[{"embeddable":true,"href":"https:\/\/esbozodeportivo.com\/index.php\/wp-json\/wp\/v2\/media\/10734"}],"wp:attachment":[{"href":"https:\/\/esbozodeportivo.com\/index.php\/wp-json\/wp\/v2\/media?parent=10740"}],"wp:term":[{"taxonomy":"category","embeddable":true,"href":"https:\/\/esbozodeportivo.com\/index.php\/wp-json\/wp\/v2\/categories?post=10740"},{"taxonomy":"post_tag","embeddable":true,"href":"https:\/\/esbozodeportivo.com\/index.php\/wp-json\/wp\/v2\/tags?post=10740"}],"curies":[{"name":"wp","href":"https:\/\/api.w.org\/{rel}","templated":true}]}}