{"id":10788,"date":"2025-10-27T21:27:57","date_gmt":"2025-10-28T03:27:57","guid":{"rendered":"https:\/\/esbozodeportivo.com\/?p=10788"},"modified":"2025-10-27T21:27:58","modified_gmt":"2025-10-28T03:27:58","slug":"mexico-podria-albergar-mundial-obrero","status":"publish","type":"post","link":"https:\/\/esbozodeportivo.com\/index.php\/2025\/10\/27\/mexico-podria-albergar-mundial-obrero\/","title":{"rendered":"M\u00e9xico podr\u00eda albergar Mundial Obrero"},"content":{"rendered":"\n<p><strong>Por Adolfo Cort\u00e9s Villanueva<\/strong><\/p>\n\n\n\n<p><strong>(Foto: esbozodeportivo)<\/strong><\/p>\n\n\n\n<p>Antes de concluir el sexenio de la presidenta <strong>Claudia Sheinbaum<\/strong>, nuestro pa\u00eds podr\u00eda ser sede de los <strong>Juegos Mundiales de los Trabajadores<\/strong>, as\u00ed lo dio a conocer <strong>Reyes Soberanis Moreno<\/strong>, presidente del <strong>Congreso del Trabajo<\/strong>.<\/p>\n\n\n\n<p>En rueda de prensa donde se dieron los pormenores de los <strong>53 Juegos Nacionales de los Trabajadores<\/strong> previstos del <strong>9 al 13 de noviembre<\/strong>, en las instalaciones del <strong>Centro Vacacional IMSS Oaxtepec<\/strong>, dijo:<\/p>\n\n\n\n<p>\u201cA la llegada de<strong> Rommel Pacheco a la CONADE<\/strong> tuvimos una reuni\u00f3n con \u00e9l. Fue un di\u00e1logo abierto y una de las actividades planteadas es traer la sede de los <strong>Juegos Mundiales de los Trabajadores<\/strong> con esta administraci\u00f3n. Estamos en el an\u00e1lisis de las gestiones y tr\u00e1mites que se necesitan, pero vamos por buen camino porque tenemos el respaldo del gobierno de la Rep\u00fablica para poder concretar este objetivo\u201d.<\/p>\n\n\n\n<figure class=\"wp-block-image size-large\"><img loading=\"lazy\" decoding=\"async\" width=\"1024\" height=\"682\" src=\"https:\/\/esbozodeportivo.com\/wp-content\/uploads\/2025\/10\/Pablo-Reyes--1024x682.jpg\" alt=\"\" class=\"wp-image-10796\" srcset=\"https:\/\/esbozodeportivo.com\/wp-content\/uploads\/2025\/10\/Pablo-Reyes--1024x682.jpg 1024w, https:\/\/esbozodeportivo.com\/wp-content\/uploads\/2025\/10\/Pablo-Reyes--300x200.jpg 300w, https:\/\/esbozodeportivo.com\/wp-content\/uploads\/2025\/10\/Pablo-Reyes--768x511.jpg 768w, https:\/\/esbozodeportivo.com\/wp-content\/uploads\/2025\/10\/Pablo-Reyes--1536x1022.jpg 1536w, https:\/\/esbozodeportivo.com\/wp-content\/uploads\/2025\/10\/Pablo-Reyes--2048x1363.jpg 2048w\" sizes=\"auto, (max-width: 1024px) 100vw, 1024px\" \/><\/figure>\n\n\n\n<p>Por su parte, el profesor <strong>Pablo Reyes Osorio<\/strong>-secretario ejecutivo del <strong>INDET<\/strong>-dio los pormenores de los <strong>Juegos Nacionales Obreros.<\/strong><\/p>\n\n\n\n<p>\u201cEl <strong>INDET<\/strong> sigue llevando el evento m\u00e1s importante del pa\u00eds de los trabajadores con la rector\u00eda de la <strong>CONADE<\/strong> y la presencia de 2,200 obreros incluyendo los representantes de las 14 agrupaciones m\u00e1s importantes. Se tendr\u00e1 la participaci\u00f3n en ajedrez, atletismo, nataci\u00f3n, basquetbol, futbol soccer, b\u00e9isbol, tenis de mesa, voleibol de playa, voleibol de sal\u00f3n y el concurso de la Se\u00f1orita Simpat\u00eda\u201d dijo el dirigente del <strong>INDET<\/strong> que anunci\u00f3 la participaci\u00f3n de la categor\u00eda libre y m\u00e1ster.<\/p>\n\n\n\n<figure class=\"wp-block-image size-large\"><img loading=\"lazy\" decoding=\"async\" width=\"1024\" height=\"682\" src=\"https:\/\/esbozodeportivo.com\/wp-content\/uploads\/2025\/10\/DSC04618-1024x682.jpg\" alt=\"\" class=\"wp-image-10791\" srcset=\"https:\/\/esbozodeportivo.com\/wp-content\/uploads\/2025\/10\/DSC04618-1024x682.jpg 1024w, https:\/\/esbozodeportivo.com\/wp-content\/uploads\/2025\/10\/DSC04618-300x200.jpg 300w, https:\/\/esbozodeportivo.com\/wp-content\/uploads\/2025\/10\/DSC04618-768x511.jpg 768w, https:\/\/esbozodeportivo.com\/wp-content\/uploads\/2025\/10\/DSC04618-1536x1022.jpg 1536w, https:\/\/esbozodeportivo.com\/wp-content\/uploads\/2025\/10\/DSC04618-2048x1363.jpg 2048w\" sizes=\"auto, (max-width: 1024px) 100vw, 1024px\" \/><\/figure>\n\n\n\n<p>Explic\u00f3 que los ganadores obtendr\u00e1n el derecho de representar a nuestro pa\u00eds en justas internacionales. Y adelant\u00f3 que se dar\u00e1 un reconocimiento a la mujer trabajadora de clase ind\u00edgena.<\/p>\n\n\n\n<p>\u201cLos monarcas nacionales obtendr\u00e1n el derecho a representarnos en el Mundial de los Trabajadores previsto en agosto del 2026, en <strong>Albena, Bulgaria<\/strong>. . Los campeones del b\u00e9isbol ir\u00e1n a participar a un torneo en la Habana, Cuba en mayo. Tendremos participaci\u00f3n en <strong>T\u00fanez y en China<\/strong>\u201d, agreg\u00f3.<\/p>\n\n\n\n<figure class=\"wp-block-image size-large\"><img loading=\"lazy\" decoding=\"async\" width=\"1024\" height=\"682\" src=\"https:\/\/esbozodeportivo.com\/wp-content\/uploads\/2025\/10\/DSC04562-1024x682.jpg\" alt=\"\" class=\"wp-image-10789\" srcset=\"https:\/\/esbozodeportivo.com\/wp-content\/uploads\/2025\/10\/DSC04562-1024x682.jpg 1024w, https:\/\/esbozodeportivo.com\/wp-content\/uploads\/2025\/10\/DSC04562-300x200.jpg 300w, https:\/\/esbozodeportivo.com\/wp-content\/uploads\/2025\/10\/DSC04562-768x511.jpg 768w, https:\/\/esbozodeportivo.com\/wp-content\/uploads\/2025\/10\/DSC04562-1536x1022.jpg 1536w, https:\/\/esbozodeportivo.com\/wp-content\/uploads\/2025\/10\/DSC04562-2048x1363.jpg 2048w\" sizes=\"auto, (max-width: 1024px) 100vw, 1024px\" \/><\/figure>\n\n\n\n<p><strong>Emotivo homenaje<\/strong><\/p>\n\n\n\n<p>Al cumplirse una d\u00e9cada de la muerte del profesor <strong>Jorge Gonz\u00e1lez Meza<\/strong>, ex dirigente del I<strong>NDEP<\/strong> con un legado destacado como un impulsor del deporte como una forma de vida de los trabajadores, se rindi\u00f3 un homenaje al develarse una fotograf\u00eda y un minuto de aplausos en su memoria.<\/p>\n\n\n\n<figure class=\"wp-block-image size-large\"><img loading=\"lazy\" decoding=\"async\" width=\"891\" height=\"1024\" src=\"https:\/\/esbozodeportivo.com\/wp-content\/uploads\/2025\/10\/DSC04671-891x1024.jpg\" alt=\"\" class=\"wp-image-10793\" srcset=\"https:\/\/esbozodeportivo.com\/wp-content\/uploads\/2025\/10\/DSC04671-891x1024.jpg 891w, https:\/\/esbozodeportivo.com\/wp-content\/uploads\/2025\/10\/DSC04671-261x300.jpg 261w, https:\/\/esbozodeportivo.com\/wp-content\/uploads\/2025\/10\/DSC04671-768x882.jpg 768w, https:\/\/esbozodeportivo.com\/wp-content\/uploads\/2025\/10\/DSC04671-1337x1536.jpg 1337w, https:\/\/esbozodeportivo.com\/wp-content\/uploads\/2025\/10\/DSC04671-1783x2048.jpg 1783w, https:\/\/esbozodeportivo.com\/wp-content\/uploads\/2025\/10\/DSC04671-1024x1176.jpg 1024w\" sizes=\"auto, (max-width: 891px) 100vw, 891px\" \/><\/figure>\n\n\n\n<figure class=\"wp-block-image size-large\"><img loading=\"lazy\" decoding=\"async\" width=\"919\" height=\"1024\" src=\"https:\/\/esbozodeportivo.com\/wp-content\/uploads\/2025\/10\/DSC04652-919x1024.jpg\" alt=\"\" class=\"wp-image-10792\" srcset=\"https:\/\/esbozodeportivo.com\/wp-content\/uploads\/2025\/10\/DSC04652-919x1024.jpg 919w, https:\/\/esbozodeportivo.com\/wp-content\/uploads\/2025\/10\/DSC04652-269x300.jpg 269w, https:\/\/esbozodeportivo.com\/wp-content\/uploads\/2025\/10\/DSC04652-768x856.jpg 768w, https:\/\/esbozodeportivo.com\/wp-content\/uploads\/2025\/10\/DSC04652-1378x1536.jpg 1378w, https:\/\/esbozodeportivo.com\/wp-content\/uploads\/2025\/10\/DSC04652-1838x2048.jpg 1838w, https:\/\/esbozodeportivo.com\/wp-content\/uploads\/2025\/10\/DSC04652-1024x1141.jpg 1024w\" sizes=\"auto, (max-width: 919px) 100vw, 919px\" \/><\/figure>\n\n\n\n<figure class=\"wp-block-image size-large\"><img loading=\"lazy\" decoding=\"async\" width=\"1024\" height=\"753\" src=\"https:\/\/esbozodeportivo.com\/wp-content\/uploads\/2025\/10\/DSC04705-1024x753.jpg\" alt=\"\" class=\"wp-image-10794\" srcset=\"https:\/\/esbozodeportivo.com\/wp-content\/uploads\/2025\/10\/DSC04705-1024x753.jpg 1024w, https:\/\/esbozodeportivo.com\/wp-content\/uploads\/2025\/10\/DSC04705-300x221.jpg 300w, https:\/\/esbozodeportivo.com\/wp-content\/uploads\/2025\/10\/DSC04705-768x565.jpg 768w, https:\/\/esbozodeportivo.com\/wp-content\/uploads\/2025\/10\/DSC04705-1536x1130.jpg 1536w, https:\/\/esbozodeportivo.com\/wp-content\/uploads\/2025\/10\/DSC04705-2048x1507.jpg 2048w\" sizes=\"auto, (max-width: 1024px) 100vw, 1024px\" \/><\/figure>\n","protected":false},"excerpt":{"rendered":"<p>Por Adolfo Cort\u00e9s Villanueva (Foto: esbozodeportivo) Antes de concluir el sexenio de la presidenta Claudia<\/p>\n","protected":false},"author":4,"featured_media":10790,"comment_status":"closed","ping_status":"open","sticky":false,"template":"","format":"standard","meta":{"_jetpack_memberships_contains_paid_content":false,"footnotes":""},"categories":[5],"tags":[],"class_list":["post-10788","post","type-post","status-publish","format-standard","has-post-thumbnail","hentry","category-amateur"],"yoast_head":"<!-- This site is optimized with the Yoast SEO plugin v25.7 - https:\/\/yoast.com\/wordpress\/plugins\/seo\/ -->\n<title>M\u00e9xico podr\u00eda albergar Mundial Obrero - Esbozo Deportivo<\/title>\n<meta name=\"description\" content=\"Antes de concluir el sexenio de la presidenta Claudia Sheinbaum, nuestro pa\u00eds podr\u00eda ser sede de los Juegos Mundiales de los Trabajadores, as\u00ed lo dio a conocer Reyes Soberanis Moreno, presidente del Congreso del Trabajo.\" \/>\n<meta name=\"robots\" content=\"index, follow, max-snippet:-1, max-image-preview:large, max-video-preview:-1\" \/>\n<link rel=\"canonical\" href=\"https:\/\/esbozodeportivo.com\/index.php\/2025\/10\/27\/mexico-podria-albergar-mundial-obrero\/\" \/>\n<meta property=\"og:locale\" content=\"es_MX\" \/>\n<meta property=\"og:type\" content=\"article\" \/>\n<meta property=\"og:title\" content=\"M\u00e9xico podr\u00eda albergar Mundial Obrero - Esbozo Deportivo\" \/>\n<meta property=\"og:description\" content=\"Antes de concluir el sexenio de la presidenta Claudia Sheinbaum, nuestro pa\u00eds podr\u00eda ser sede de los Juegos Mundiales de los Trabajadores, as\u00ed lo dio a conocer Reyes Soberanis Moreno, presidente del Congreso del Trabajo.\" \/>\n<meta property=\"og:url\" content=\"https:\/\/esbozodeportivo.com\/index.php\/2025\/10\/27\/mexico-podria-albergar-mundial-obrero\/\" \/>\n<meta property=\"og:site_name\" content=\"Esbozo Deportivo\" \/>\n<meta property=\"article:published_time\" content=\"2025-10-28T03:27:57+00:00\" \/>\n<meta property=\"article:modified_time\" content=\"2025-10-28T03:27:58+00:00\" \/>\n<meta property=\"og:image\" content=\"https:\/\/esbozodeportivo.com\/wp-content\/uploads\/2025\/10\/DSC04571-scaled.jpg\" \/>\n\t<meta property=\"og:image:width\" content=\"2560\" \/>\n\t<meta property=\"og:image:height\" content=\"1478\" \/>\n\t<meta property=\"og:image:type\" content=\"image\/jpeg\" \/>\n<meta name=\"author\" content=\"Redacci\u00f3n\" \/>\n<meta name=\"twitter:card\" content=\"summary_large_image\" \/>\n<meta name=\"twitter:label1\" content=\"Escrito por\" \/>\n\t<meta name=\"twitter:data1\" content=\"Redacci\u00f3n\" \/>\n\t<meta name=\"twitter:label2\" content=\"Tiempo de lectura\" \/>\n\t<meta name=\"twitter:data2\" content=\"4 minutos\" \/>\n<script type=\"application\/ld+json\" class=\"yoast-schema-graph\">{\"@context\":\"https:\/\/schema.org\",\"@graph\":[{\"@type\":\"Article\",\"@id\":\"https:\/\/esbozodeportivo.com\/index.php\/2025\/10\/27\/mexico-podria-albergar-mundial-obrero\/#article\",\"isPartOf\":{\"@id\":\"https:\/\/esbozodeportivo.com\/index.php\/2025\/10\/27\/mexico-podria-albergar-mundial-obrero\/\"},\"author\":{\"name\":\"Redacci\u00f3n\",\"@id\":\"https:\/\/esbozodeportivo.com\/#\/schema\/person\/0f6df9196dfe6740dd0bb31bae50d374\"},\"headline\":\"M\u00e9xico podr\u00eda albergar Mundial Obrero\",\"datePublished\":\"2025-10-28T03:27:57+00:00\",\"dateModified\":\"2025-10-28T03:27:58+00:00\",\"mainEntityOfPage\":{\"@id\":\"https:\/\/esbozodeportivo.com\/index.php\/2025\/10\/27\/mexico-podria-albergar-mundial-obrero\/\"},\"wordCount\":398,\"publisher\":{\"@id\":\"https:\/\/esbozodeportivo.com\/#organization\"},\"image\":{\"@id\":\"https:\/\/esbozodeportivo.com\/index.php\/2025\/10\/27\/mexico-podria-albergar-mundial-obrero\/#primaryimage\"},\"thumbnailUrl\":\"https:\/\/esbozodeportivo.com\/wp-content\/uploads\/2025\/10\/DSC04571-scaled.jpg\",\"articleSection\":[\"Amateur\"],\"inLanguage\":\"es\"},{\"@type\":\"WebPage\",\"@id\":\"https:\/\/esbozodeportivo.com\/index.php\/2025\/10\/27\/mexico-podria-albergar-mundial-obrero\/\",\"url\":\"https:\/\/esbozodeportivo.com\/index.php\/2025\/10\/27\/mexico-podria-albergar-mundial-obrero\/\",\"name\":\"M\u00e9xico podr\u00eda albergar Mundial Obrero - Esbozo Deportivo\",\"isPartOf\":{\"@id\":\"https:\/\/esbozodeportivo.com\/#website\"},\"primaryImageOfPage\":{\"@id\":\"https:\/\/esbozodeportivo.com\/index.php\/2025\/10\/27\/mexico-podria-albergar-mundial-obrero\/#primaryimage\"},\"image\":{\"@id\":\"https:\/\/esbozodeportivo.com\/index.php\/2025\/10\/27\/mexico-podria-albergar-mundial-obrero\/#primaryimage\"},\"thumbnailUrl\":\"https:\/\/esbozodeportivo.com\/wp-content\/uploads\/2025\/10\/DSC04571-scaled.jpg\",\"datePublished\":\"2025-10-28T03:27:57+00:00\",\"dateModified\":\"2025-10-28T03:27:58+00:00\",\"description\":\"Antes de concluir el sexenio de la presidenta Claudia Sheinbaum, nuestro pa\u00eds podr\u00eda ser sede de los Juegos Mundiales de los Trabajadores, as\u00ed lo dio a conocer Reyes Soberanis Moreno, presidente del Congreso del Trabajo.\",\"breadcrumb\":{\"@id\":\"https:\/\/esbozodeportivo.com\/index.php\/2025\/10\/27\/mexico-podria-albergar-mundial-obrero\/#breadcrumb\"},\"inLanguage\":\"es\",\"potentialAction\":[{\"@type\":\"ReadAction\",\"target\":[\"https:\/\/esbozodeportivo.com\/index.php\/2025\/10\/27\/mexico-podria-albergar-mundial-obrero\/\"]}]},{\"@type\":\"ImageObject\",\"inLanguage\":\"es\",\"@id\":\"https:\/\/esbozodeportivo.com\/index.php\/2025\/10\/27\/mexico-podria-albergar-mundial-obrero\/#primaryimage\",\"url\":\"https:\/\/esbozodeportivo.com\/wp-content\/uploads\/2025\/10\/DSC04571-scaled.jpg\",\"contentUrl\":\"https:\/\/esbozodeportivo.com\/wp-content\/uploads\/2025\/10\/DSC04571-scaled.jpg\",\"width\":2560,\"height\":1478},{\"@type\":\"BreadcrumbList\",\"@id\":\"https:\/\/esbozodeportivo.com\/index.php\/2025\/10\/27\/mexico-podria-albergar-mundial-obrero\/#breadcrumb\",\"itemListElement\":[{\"@type\":\"ListItem\",\"position\":1,\"name\":\"Inicio\",\"item\":\"https:\/\/esbozodeportivo.com\/\"},{\"@type\":\"ListItem\",\"position\":2,\"name\":\"M\u00e9xico podr\u00eda albergar Mundial Obrero\"}]},{\"@type\":\"WebSite\",\"@id\":\"https:\/\/esbozodeportivo.com\/#website\",\"url\":\"https:\/\/esbozodeportivo.com\/\",\"name\":\"Esbozo Deportivo\",\"description\":\"Lo m\u00e1s importante del Deporte\",\"publisher\":{\"@id\":\"https:\/\/esbozodeportivo.com\/#organization\"},\"potentialAction\":[{\"@type\":\"SearchAction\",\"target\":{\"@type\":\"EntryPoint\",\"urlTemplate\":\"https:\/\/esbozodeportivo.com\/?s={search_term_string}\"},\"query-input\":{\"@type\":\"PropertyValueSpecification\",\"valueRequired\":true,\"valueName\":\"search_term_string\"}}],\"inLanguage\":\"es\"},{\"@type\":\"Organization\",\"@id\":\"https:\/\/esbozodeportivo.com\/#organization\",\"name\":\"Esbozo Deportivo\",\"url\":\"https:\/\/esbozodeportivo.com\/\",\"logo\":{\"@type\":\"ImageObject\",\"inLanguage\":\"es\",\"@id\":\"https:\/\/esbozodeportivo.com\/#\/schema\/logo\/image\/\",\"url\":\"https:\/\/esbozodeportivo.com\/wp-content\/uploads\/2022\/08\/cropped-Logo-Esbozo-Web-2.png\",\"contentUrl\":\"https:\/\/esbozodeportivo.com\/wp-content\/uploads\/2022\/08\/cropped-Logo-Esbozo-Web-2.png\",\"width\":180,\"height\":50,\"caption\":\"Esbozo Deportivo\"},\"image\":{\"@id\":\"https:\/\/esbozodeportivo.com\/#\/schema\/logo\/image\/\"}},{\"@type\":\"Person\",\"@id\":\"https:\/\/esbozodeportivo.com\/#\/schema\/person\/0f6df9196dfe6740dd0bb31bae50d374\",\"name\":\"Redacci\u00f3n\",\"image\":{\"@type\":\"ImageObject\",\"inLanguage\":\"es\",\"@id\":\"https:\/\/esbozodeportivo.com\/#\/schema\/person\/image\/\",\"url\":\"https:\/\/secure.gravatar.com\/avatar\/f55268a89c3b418f2ef172ff52ab0d09b3e653c58de29539fe329fb93d78ebf3?s=96&d=mm&r=g\",\"contentUrl\":\"https:\/\/secure.gravatar.com\/avatar\/f55268a89c3b418f2ef172ff52ab0d09b3e653c58de29539fe329fb93d78ebf3?s=96&d=mm&r=g\",\"caption\":\"Redacci\u00f3n\"},\"url\":\"https:\/\/esbozodeportivo.com\/index.php\/author\/redaccion\/\"}]}<\/script>\n<!-- \/ Yoast SEO plugin. -->","yoast_head_json":{"title":"M\u00e9xico podr\u00eda albergar Mundial Obrero - Esbozo Deportivo","description":"Antes de concluir el sexenio de la presidenta Claudia Sheinbaum, nuestro pa\u00eds podr\u00eda ser sede de los Juegos Mundiales de los Trabajadores, as\u00ed lo dio a conocer Reyes Soberanis Moreno, presidente del Congreso del Trabajo.","robots":{"index":"index","follow":"follow","max-snippet":"max-snippet:-1","max-image-preview":"max-image-preview:large","max-video-preview":"max-video-preview:-1"},"canonical":"https:\/\/esbozodeportivo.com\/index.php\/2025\/10\/27\/mexico-podria-albergar-mundial-obrero\/","og_locale":"es_MX","og_type":"article","og_title":"M\u00e9xico podr\u00eda albergar Mundial Obrero - Esbozo Deportivo","og_description":"Antes de concluir el sexenio de la presidenta Claudia Sheinbaum, nuestro pa\u00eds podr\u00eda ser sede de los Juegos Mundiales de los Trabajadores, as\u00ed lo dio a conocer Reyes Soberanis Moreno, presidente del Congreso del Trabajo.","og_url":"https:\/\/esbozodeportivo.com\/index.php\/2025\/10\/27\/mexico-podria-albergar-mundial-obrero\/","og_site_name":"Esbozo Deportivo","article_published_time":"2025-10-28T03:27:57+00:00","article_modified_time":"2025-10-28T03:27:58+00:00","og_image":[{"width":2560,"height":1478,"url":"https:\/\/esbozodeportivo.com\/wp-content\/uploads\/2025\/10\/DSC04571-scaled.jpg","type":"image\/jpeg"}],"author":"Redacci\u00f3n","twitter_card":"summary_large_image","twitter_misc":{"Escrito por":"Redacci\u00f3n","Tiempo de lectura":"4 minutos"},"schema":{"@context":"https:\/\/schema.org","@graph":[{"@type":"Article","@id":"https:\/\/esbozodeportivo.com\/index.php\/2025\/10\/27\/mexico-podria-albergar-mundial-obrero\/#article","isPartOf":{"@id":"https:\/\/esbozodeportivo.com\/index.php\/2025\/10\/27\/mexico-podria-albergar-mundial-obrero\/"},"author":{"name":"Redacci\u00f3n","@id":"https:\/\/esbozodeportivo.com\/#\/schema\/person\/0f6df9196dfe6740dd0bb31bae50d374"},"headline":"M\u00e9xico podr\u00eda albergar Mundial Obrero","datePublished":"2025-10-28T03:27:57+00:00","dateModified":"2025-10-28T03:27:58+00:00","mainEntityOfPage":{"@id":"https:\/\/esbozodeportivo.com\/index.php\/2025\/10\/27\/mexico-podria-albergar-mundial-obrero\/"},"wordCount":398,"publisher":{"@id":"https:\/\/esbozodeportivo.com\/#organization"},"image":{"@id":"https:\/\/esbozodeportivo.com\/index.php\/2025\/10\/27\/mexico-podria-albergar-mundial-obrero\/#primaryimage"},"thumbnailUrl":"https:\/\/esbozodeportivo.com\/wp-content\/uploads\/2025\/10\/DSC04571-scaled.jpg","articleSection":["Amateur"],"inLanguage":"es"},{"@type":"WebPage","@id":"https:\/\/esbozodeportivo.com\/index.php\/2025\/10\/27\/mexico-podria-albergar-mundial-obrero\/","url":"https:\/\/esbozodeportivo.com\/index.php\/2025\/10\/27\/mexico-podria-albergar-mundial-obrero\/","name":"M\u00e9xico podr\u00eda albergar Mundial Obrero - Esbozo Deportivo","isPartOf":{"@id":"https:\/\/esbozodeportivo.com\/#website"},"primaryImageOfPage":{"@id":"https:\/\/esbozodeportivo.com\/index.php\/2025\/10\/27\/mexico-podria-albergar-mundial-obrero\/#primaryimage"},"image":{"@id":"https:\/\/esbozodeportivo.com\/index.php\/2025\/10\/27\/mexico-podria-albergar-mundial-obrero\/#primaryimage"},"thumbnailUrl":"https:\/\/esbozodeportivo.com\/wp-content\/uploads\/2025\/10\/DSC04571-scaled.jpg","datePublished":"2025-10-28T03:27:57+00:00","dateModified":"2025-10-28T03:27:58+00:00","description":"Antes de concluir el sexenio de la presidenta Claudia Sheinbaum, nuestro pa\u00eds podr\u00eda ser sede de los Juegos Mundiales de los Trabajadores, as\u00ed lo dio a conocer Reyes Soberanis Moreno, presidente del Congreso del Trabajo.","breadcrumb":{"@id":"https:\/\/esbozodeportivo.com\/index.php\/2025\/10\/27\/mexico-podria-albergar-mundial-obrero\/#breadcrumb"},"inLanguage":"es","potentialAction":[{"@type":"ReadAction","target":["https:\/\/esbozodeportivo.com\/index.php\/2025\/10\/27\/mexico-podria-albergar-mundial-obrero\/"]}]},{"@type":"ImageObject","inLanguage":"es","@id":"https:\/\/esbozodeportivo.com\/index.php\/2025\/10\/27\/mexico-podria-albergar-mundial-obrero\/#primaryimage","url":"https:\/\/esbozodeportivo.com\/wp-content\/uploads\/2025\/10\/DSC04571-scaled.jpg","contentUrl":"https:\/\/esbozodeportivo.com\/wp-content\/uploads\/2025\/10\/DSC04571-scaled.jpg","width":2560,"height":1478},{"@type":"BreadcrumbList","@id":"https:\/\/esbozodeportivo.com\/index.php\/2025\/10\/27\/mexico-podria-albergar-mundial-obrero\/#breadcrumb","itemListElement":[{"@type":"ListItem","position":1,"name":"Inicio","item":"https:\/\/esbozodeportivo.com\/"},{"@type":"ListItem","position":2,"name":"M\u00e9xico podr\u00eda albergar Mundial Obrero"}]},{"@type":"WebSite","@id":"https:\/\/esbozodeportivo.com\/#website","url":"https:\/\/esbozodeportivo.com\/","name":"Esbozo Deportivo","description":"Lo m\u00e1s importante del Deporte","publisher":{"@id":"https:\/\/esbozodeportivo.com\/#organization"},"potentialAction":[{"@type":"SearchAction","target":{"@type":"EntryPoint","urlTemplate":"https:\/\/esbozodeportivo.com\/?s={search_term_string}"},"query-input":{"@type":"PropertyValueSpecification","valueRequired":true,"valueName":"search_term_string"}}],"inLanguage":"es"},{"@type":"Organization","@id":"https:\/\/esbozodeportivo.com\/#organization","name":"Esbozo Deportivo","url":"https:\/\/esbozodeportivo.com\/","logo":{"@type":"ImageObject","inLanguage":"es","@id":"https:\/\/esbozodeportivo.com\/#\/schema\/logo\/image\/","url":"https:\/\/esbozodeportivo.com\/wp-content\/uploads\/2022\/08\/cropped-Logo-Esbozo-Web-2.png","contentUrl":"https:\/\/esbozodeportivo.com\/wp-content\/uploads\/2022\/08\/cropped-Logo-Esbozo-Web-2.png","width":180,"height":50,"caption":"Esbozo Deportivo"},"image":{"@id":"https:\/\/esbozodeportivo.com\/#\/schema\/logo\/image\/"}},{"@type":"Person","@id":"https:\/\/esbozodeportivo.com\/#\/schema\/person\/0f6df9196dfe6740dd0bb31bae50d374","name":"Redacci\u00f3n","image":{"@type":"ImageObject","inLanguage":"es","@id":"https:\/\/esbozodeportivo.com\/#\/schema\/person\/image\/","url":"https:\/\/secure.gravatar.com\/avatar\/f55268a89c3b418f2ef172ff52ab0d09b3e653c58de29539fe329fb93d78ebf3?s=96&d=mm&r=g","contentUrl":"https:\/\/secure.gravatar.com\/avatar\/f55268a89c3b418f2ef172ff52ab0d09b3e653c58de29539fe329fb93d78ebf3?s=96&d=mm&r=g","caption":"Redacci\u00f3n"},"url":"https:\/\/esbozodeportivo.com\/index.php\/author\/redaccion\/"}]}},"jetpack_featured_media_url":"https:\/\/esbozodeportivo.com\/wp-content\/uploads\/2025\/10\/DSC04571-scaled.jpg","jetpack_sharing_enabled":true,"_links":{"self":[{"href":"https:\/\/esbozodeportivo.com\/index.php\/wp-json\/wp\/v2\/posts\/10788","targetHints":{"allow":["GET"]}}],"collection":[{"href":"https:\/\/esbozodeportivo.com\/index.php\/wp-json\/wp\/v2\/posts"}],"about":[{"href":"https:\/\/esbozodeportivo.com\/index.php\/wp-json\/wp\/v2\/types\/post"}],"author":[{"embeddable":true,"href":"https:\/\/esbozodeportivo.com\/index.php\/wp-json\/wp\/v2\/users\/4"}],"replies":[{"embeddable":true,"href":"https:\/\/esbozodeportivo.com\/index.php\/wp-json\/wp\/v2\/comments?post=10788"}],"version-history":[{"count":1,"href":"https:\/\/esbozodeportivo.com\/index.php\/wp-json\/wp\/v2\/posts\/10788\/revisions"}],"predecessor-version":[{"id":10797,"href":"https:\/\/esbozodeportivo.com\/index.php\/wp-json\/wp\/v2\/posts\/10788\/revisions\/10797"}],"wp:featuredmedia":[{"embeddable":true,"href":"https:\/\/esbozodeportivo.com\/index.php\/wp-json\/wp\/v2\/media\/10790"}],"wp:attachment":[{"href":"https:\/\/esbozodeportivo.com\/index.php\/wp-json\/wp\/v2\/media?parent=10788"}],"wp:term":[{"taxonomy":"category","embeddable":true,"href":"https:\/\/esbozodeportivo.com\/index.php\/wp-json\/wp\/v2\/categories?post=10788"},{"taxonomy":"post_tag","embeddable":true,"href":"https:\/\/esbozodeportivo.com\/index.php\/wp-json\/wp\/v2\/tags?post=10788"}],"curies":[{"name":"wp","href":"https:\/\/api.w.org\/{rel}","templated":true}]}}