{"id":10843,"date":"2025-10-28T22:51:35","date_gmt":"2025-10-29T04:51:35","guid":{"rendered":"https:\/\/esbozodeportivo.com\/?p=10843"},"modified":"2025-10-28T22:51:37","modified_gmt":"2025-10-29T04:51:37","slug":"desaceleracion-de-las-reservas-hoteleras","status":"publish","type":"post","link":"https:\/\/esbozodeportivo.com\/index.php\/2025\/10\/28\/desaceleracion-de-las-reservas-hoteleras\/","title":{"rendered":"DESACELERACI\u00d3N DE LAS RESERVAS HOTELERAS"},"content":{"rendered":"\n<p><strong>\/Por Ricardo Contreras Reyes\/<\/strong><\/p>\n\n\n\n<p>La previsi\u00f3n de los expertos es que al cierre de este a\u00f1o, la actividad tur\u00edstica del pa\u00eds sufrir\u00e1 una desaceleraci\u00f3n en sus reservas hoteleras durante el \u00faltimo trimestre de 2025 y el pr\u00f3ximo a\u00f1o arrancar\u00e1 con menor dinamismo.<\/p>\n\n\n\n<p>Situaci\u00f3n nada halagadora para el sector hotelero nacional, que ha sido un activo generador de fuentes de empleos.<\/p>\n\n\n\n<p>Un estudio de Mirai, empresa dedicada a potenciar la venta directa de los cuartos de hoteles, prev\u00e9 una ca\u00edda del 24% en las reservas hoteleras rumbo a 2026, debido a una contracci\u00f3n del mercado internacional y la cautela del viajero nacional.<\/p>\n\n\n\n<p>Reconoce que en 2024 se lograron cifras hist\u00f3ricas, como los 45 millones de visitantes internacionales y un aporte del 8.6% al PIB nacional.<\/p>\n\n\n\n<p>El informe muestra que Quintana Roo concentra la mayor contracci\u00f3n, con una ca\u00edda del -36% en reservas y un descenso del 9% en ADR, afectado por el enfriamiento del turismo estadounidense y canadiense. Jalisco, por su parte, registra un retroceso del 17% en ritmo, aunque mantiene precios al alza del 7%, reflejando una estrategia defensiva en tarifas. En contraste, la Ciudad de M\u00e9xico se posiciona como el \u00fanico destino en expansi\u00f3n, con un aumento del 20% en ritmo de ventas y del 7% en precios, impulsado por la recuperaci\u00f3n del segmento corporativo, de eventos y viajes de negocios.<\/p>\n\n\n\n<p>El an\u00e1lisis de los mercados emisores evidencia que la desaceleraci\u00f3n es impulsada, en gran medida, por el retroceso del turismo estadounidense (-32% en ventas) y canadiense (-37% en reservas), tradicionales pilares de la demanda vacacional. En contraste, Reino Unido se mantiene como una excepci\u00f3n de crecimiento en volumen (+27%), aunque a costa de un fuerte ajuste de precios (-15% en ADR).<\/p>\n\n\n\n<p>De cara a 2026, la empresa avista un a\u00f1o d\u00e9bil, con una ca\u00edda acumulada del 24% en reservas durante el primer semestre. Febrero, marzo y abril ser\u00edan los meses m\u00e1s afectados, mientras que el mercado dom\u00e9stico mexicano aparece como el \u00fanico con crecimiento sostenido 23% en ventas y 3% en ADR.<\/p>\n\n\n\n<p>\u201cEl pulso del canal directo confirma un cambio de ciclo en la demanda hotelera mexicana. La clave estar\u00e1 en la capacidad de los hoteles para anticiparse, segmentar mejor su demanda y optimizar su distribuci\u00f3n\u201d, se\u00f1al\u00f3 Javier Mar\u00edn, Director Regional &amp; Head of Sales de Mirai.<\/p>\n\n\n\n<p>A\u00fan en medio de la incertidumbre, la instituci\u00f3n subraya que los hoteles con estrategias m\u00e1s \u00e1giles, tecnol\u00f3gicas y orientadas al canal directo ser\u00e1n los mejor posicionados para capitalizar oportunidades en un 2026 que se perfila m\u00e1s competitivo y selectivo.<\/p>\n\n\n\n<p>Gu\u00eda de Turistas:<\/p>\n\n\n\n<p>Con una inversi\u00f3n que supera los 150 millones de d\u00f3lares, Grupo Bosque Real y Aston Martin Residences anunciaron una Alianza Estrat\u00e9gica para poner en marcha un proyecto residencial de vivienda de lujo. Dicha alianza, presentada en el M\u00e9xico Drive Resort, localizado en San Miguel Ameyalco, Estado de M\u00e9xico,&nbsp; representa un parteaguas en la historia inmobiliaria de M\u00e9xico, ya que el monto de la inversi\u00f3n es una muestra de la confianza del&nbsp; Grupo Bosque Real en el pa\u00eds para seguir invirtiendo, generar fuentes de empleo y derrama econ\u00f3mica en beneficio de las familias mexicanas. Aston Martin,&nbsp; fundada en 1913 por Lionel Martin y Robert Bamford, mantiene una estrategia de diversificaci\u00f3n de marca, centrada en experiencias de alto valor y colaboraciones selectas.<\/p>\n\n\n\n<p>Periodista<\/p>\n\n\n\n<p>@PeriodistaRCR<\/p>\n\n\n\n<p>periodistadenegocios22@gmail.com<\/p>\n\n\n\n<p><\/p>\n","protected":false},"excerpt":{"rendered":"<p>\/Por Ricardo Contreras Reyes\/ La previsi\u00f3n de los expertos es que al cierre de este<\/p>\n","protected":false},"author":4,"featured_media":10844,"comment_status":"closed","ping_status":"open","sticky":false,"template":"","format":"standard","meta":{"_jetpack_memberships_contains_paid_content":false,"footnotes":""},"categories":[35],"tags":[],"class_list":["post-10843","post","type-post","status-publish","format-standard","has-post-thumbnail","hentry","category-columna"],"yoast_head":"<!-- This site is optimized with the Yoast SEO plugin v25.7 - https:\/\/yoast.com\/wordpress\/plugins\/seo\/ -->\n<title>DESACELERACI\u00d3N DE LAS RESERVAS HOTELERAS - Esbozo Deportivo<\/title>\n<meta name=\"description\" content=\"La previsi\u00f3n de los expertos es que al cierre de este a\u00f1o, la actividad tur\u00edstica del pa\u00eds sufrir\u00e1 una desaceleraci\u00f3n en sus reservas hoteleras durante el \u00faltimo trimestre de 2025 y el pr\u00f3ximo a\u00f1o arrancar\u00e1 con menor dinamismo.\" \/>\n<meta name=\"robots\" content=\"index, follow, max-snippet:-1, max-image-preview:large, max-video-preview:-1\" \/>\n<link rel=\"canonical\" href=\"https:\/\/esbozodeportivo.com\/index.php\/2025\/10\/28\/desaceleracion-de-las-reservas-hoteleras\/\" \/>\n<meta property=\"og:locale\" content=\"es_MX\" \/>\n<meta property=\"og:type\" content=\"article\" \/>\n<meta property=\"og:title\" content=\"DESACELERACI\u00d3N DE LAS RESERVAS HOTELERAS - Esbozo Deportivo\" \/>\n<meta property=\"og:description\" content=\"La previsi\u00f3n de los expertos es que al cierre de este a\u00f1o, la actividad tur\u00edstica del pa\u00eds sufrir\u00e1 una desaceleraci\u00f3n en sus reservas hoteleras durante el \u00faltimo trimestre de 2025 y el pr\u00f3ximo a\u00f1o arrancar\u00e1 con menor dinamismo.\" \/>\n<meta property=\"og:url\" content=\"https:\/\/esbozodeportivo.com\/index.php\/2025\/10\/28\/desaceleracion-de-las-reservas-hoteleras\/\" \/>\n<meta property=\"og:site_name\" content=\"Esbozo Deportivo\" \/>\n<meta property=\"article:published_time\" content=\"2025-10-29T04:51:35+00:00\" \/>\n<meta property=\"article:modified_time\" content=\"2025-10-29T04:51:37+00:00\" \/>\n<meta property=\"og:image\" content=\"https:\/\/esbozodeportivo.com\/wp-content\/uploads\/2025\/10\/Columna-Ricardo.jpg\" \/>\n\t<meta property=\"og:image:width\" content=\"1450\" \/>\n\t<meta property=\"og:image:height\" content=\"1528\" \/>\n\t<meta property=\"og:image:type\" content=\"image\/jpeg\" \/>\n<meta name=\"author\" content=\"Redacci\u00f3n\" \/>\n<meta name=\"twitter:card\" content=\"summary_large_image\" \/>\n<meta name=\"twitter:label1\" content=\"Escrito por\" \/>\n\t<meta name=\"twitter:data1\" content=\"Redacci\u00f3n\" \/>\n\t<meta name=\"twitter:label2\" content=\"Tiempo de lectura\" \/>\n\t<meta name=\"twitter:data2\" content=\"3 minutos\" \/>\n<script type=\"application\/ld+json\" class=\"yoast-schema-graph\">{\"@context\":\"https:\/\/schema.org\",\"@graph\":[{\"@type\":\"Article\",\"@id\":\"https:\/\/esbozodeportivo.com\/index.php\/2025\/10\/28\/desaceleracion-de-las-reservas-hoteleras\/#article\",\"isPartOf\":{\"@id\":\"https:\/\/esbozodeportivo.com\/index.php\/2025\/10\/28\/desaceleracion-de-las-reservas-hoteleras\/\"},\"author\":{\"name\":\"Redacci\u00f3n\",\"@id\":\"https:\/\/esbozodeportivo.com\/#\/schema\/person\/0f6df9196dfe6740dd0bb31bae50d374\"},\"headline\":\"DESACELERACI\u00d3N DE LAS RESERVAS HOTELERAS\",\"datePublished\":\"2025-10-29T04:51:35+00:00\",\"dateModified\":\"2025-10-29T04:51:37+00:00\",\"mainEntityOfPage\":{\"@id\":\"https:\/\/esbozodeportivo.com\/index.php\/2025\/10\/28\/desaceleracion-de-las-reservas-hoteleras\/\"},\"wordCount\":581,\"publisher\":{\"@id\":\"https:\/\/esbozodeportivo.com\/#organization\"},\"image\":{\"@id\":\"https:\/\/esbozodeportivo.com\/index.php\/2025\/10\/28\/desaceleracion-de-las-reservas-hoteleras\/#primaryimage\"},\"thumbnailUrl\":\"https:\/\/esbozodeportivo.com\/wp-content\/uploads\/2025\/10\/Columna-Ricardo.jpg\",\"articleSection\":[\"Columna\"],\"inLanguage\":\"es\"},{\"@type\":\"WebPage\",\"@id\":\"https:\/\/esbozodeportivo.com\/index.php\/2025\/10\/28\/desaceleracion-de-las-reservas-hoteleras\/\",\"url\":\"https:\/\/esbozodeportivo.com\/index.php\/2025\/10\/28\/desaceleracion-de-las-reservas-hoteleras\/\",\"name\":\"DESACELERACI\u00d3N DE LAS RESERVAS HOTELERAS - Esbozo Deportivo\",\"isPartOf\":{\"@id\":\"https:\/\/esbozodeportivo.com\/#website\"},\"primaryImageOfPage\":{\"@id\":\"https:\/\/esbozodeportivo.com\/index.php\/2025\/10\/28\/desaceleracion-de-las-reservas-hoteleras\/#primaryimage\"},\"image\":{\"@id\":\"https:\/\/esbozodeportivo.com\/index.php\/2025\/10\/28\/desaceleracion-de-las-reservas-hoteleras\/#primaryimage\"},\"thumbnailUrl\":\"https:\/\/esbozodeportivo.com\/wp-content\/uploads\/2025\/10\/Columna-Ricardo.jpg\",\"datePublished\":\"2025-10-29T04:51:35+00:00\",\"dateModified\":\"2025-10-29T04:51:37+00:00\",\"description\":\"La previsi\u00f3n de los expertos es que al cierre de este a\u00f1o, la actividad tur\u00edstica del pa\u00eds sufrir\u00e1 una desaceleraci\u00f3n en sus reservas hoteleras durante el \u00faltimo trimestre de 2025 y el pr\u00f3ximo a\u00f1o arrancar\u00e1 con menor dinamismo.\",\"breadcrumb\":{\"@id\":\"https:\/\/esbozodeportivo.com\/index.php\/2025\/10\/28\/desaceleracion-de-las-reservas-hoteleras\/#breadcrumb\"},\"inLanguage\":\"es\",\"potentialAction\":[{\"@type\":\"ReadAction\",\"target\":[\"https:\/\/esbozodeportivo.com\/index.php\/2025\/10\/28\/desaceleracion-de-las-reservas-hoteleras\/\"]}]},{\"@type\":\"ImageObject\",\"inLanguage\":\"es\",\"@id\":\"https:\/\/esbozodeportivo.com\/index.php\/2025\/10\/28\/desaceleracion-de-las-reservas-hoteleras\/#primaryimage\",\"url\":\"https:\/\/esbozodeportivo.com\/wp-content\/uploads\/2025\/10\/Columna-Ricardo.jpg\",\"contentUrl\":\"https:\/\/esbozodeportivo.com\/wp-content\/uploads\/2025\/10\/Columna-Ricardo.jpg\",\"width\":1450,\"height\":1528},{\"@type\":\"BreadcrumbList\",\"@id\":\"https:\/\/esbozodeportivo.com\/index.php\/2025\/10\/28\/desaceleracion-de-las-reservas-hoteleras\/#breadcrumb\",\"itemListElement\":[{\"@type\":\"ListItem\",\"position\":1,\"name\":\"Inicio\",\"item\":\"https:\/\/esbozodeportivo.com\/\"},{\"@type\":\"ListItem\",\"position\":2,\"name\":\"DESACELERACI\u00d3N DE LAS RESERVAS HOTELERAS\"}]},{\"@type\":\"WebSite\",\"@id\":\"https:\/\/esbozodeportivo.com\/#website\",\"url\":\"https:\/\/esbozodeportivo.com\/\",\"name\":\"Esbozo Deportivo\",\"description\":\"Lo m\u00e1s importante del Deporte\",\"publisher\":{\"@id\":\"https:\/\/esbozodeportivo.com\/#organization\"},\"potentialAction\":[{\"@type\":\"SearchAction\",\"target\":{\"@type\":\"EntryPoint\",\"urlTemplate\":\"https:\/\/esbozodeportivo.com\/?s={search_term_string}\"},\"query-input\":{\"@type\":\"PropertyValueSpecification\",\"valueRequired\":true,\"valueName\":\"search_term_string\"}}],\"inLanguage\":\"es\"},{\"@type\":\"Organization\",\"@id\":\"https:\/\/esbozodeportivo.com\/#organization\",\"name\":\"Esbozo Deportivo\",\"url\":\"https:\/\/esbozodeportivo.com\/\",\"logo\":{\"@type\":\"ImageObject\",\"inLanguage\":\"es\",\"@id\":\"https:\/\/esbozodeportivo.com\/#\/schema\/logo\/image\/\",\"url\":\"https:\/\/esbozodeportivo.com\/wp-content\/uploads\/2022\/08\/cropped-Logo-Esbozo-Web-2.png\",\"contentUrl\":\"https:\/\/esbozodeportivo.com\/wp-content\/uploads\/2022\/08\/cropped-Logo-Esbozo-Web-2.png\",\"width\":180,\"height\":50,\"caption\":\"Esbozo Deportivo\"},\"image\":{\"@id\":\"https:\/\/esbozodeportivo.com\/#\/schema\/logo\/image\/\"}},{\"@type\":\"Person\",\"@id\":\"https:\/\/esbozodeportivo.com\/#\/schema\/person\/0f6df9196dfe6740dd0bb31bae50d374\",\"name\":\"Redacci\u00f3n\",\"image\":{\"@type\":\"ImageObject\",\"inLanguage\":\"es\",\"@id\":\"https:\/\/esbozodeportivo.com\/#\/schema\/person\/image\/\",\"url\":\"https:\/\/secure.gravatar.com\/avatar\/f55268a89c3b418f2ef172ff52ab0d09b3e653c58de29539fe329fb93d78ebf3?s=96&d=mm&r=g\",\"contentUrl\":\"https:\/\/secure.gravatar.com\/avatar\/f55268a89c3b418f2ef172ff52ab0d09b3e653c58de29539fe329fb93d78ebf3?s=96&d=mm&r=g\",\"caption\":\"Redacci\u00f3n\"},\"url\":\"https:\/\/esbozodeportivo.com\/index.php\/author\/redaccion\/\"}]}<\/script>\n<!-- \/ Yoast SEO plugin. -->","yoast_head_json":{"title":"DESACELERACI\u00d3N DE LAS RESERVAS HOTELERAS - Esbozo Deportivo","description":"La previsi\u00f3n de los expertos es que al cierre de este a\u00f1o, la actividad tur\u00edstica del pa\u00eds sufrir\u00e1 una desaceleraci\u00f3n en sus reservas hoteleras durante el \u00faltimo trimestre de 2025 y el pr\u00f3ximo a\u00f1o arrancar\u00e1 con menor dinamismo.","robots":{"index":"index","follow":"follow","max-snippet":"max-snippet:-1","max-image-preview":"max-image-preview:large","max-video-preview":"max-video-preview:-1"},"canonical":"https:\/\/esbozodeportivo.com\/index.php\/2025\/10\/28\/desaceleracion-de-las-reservas-hoteleras\/","og_locale":"es_MX","og_type":"article","og_title":"DESACELERACI\u00d3N DE LAS RESERVAS HOTELERAS - Esbozo Deportivo","og_description":"La previsi\u00f3n de los expertos es que al cierre de este a\u00f1o, la actividad tur\u00edstica del pa\u00eds sufrir\u00e1 una desaceleraci\u00f3n en sus reservas hoteleras durante el \u00faltimo trimestre de 2025 y el pr\u00f3ximo a\u00f1o arrancar\u00e1 con menor dinamismo.","og_url":"https:\/\/esbozodeportivo.com\/index.php\/2025\/10\/28\/desaceleracion-de-las-reservas-hoteleras\/","og_site_name":"Esbozo Deportivo","article_published_time":"2025-10-29T04:51:35+00:00","article_modified_time":"2025-10-29T04:51:37+00:00","og_image":[{"width":1450,"height":1528,"url":"https:\/\/esbozodeportivo.com\/wp-content\/uploads\/2025\/10\/Columna-Ricardo.jpg","type":"image\/jpeg"}],"author":"Redacci\u00f3n","twitter_card":"summary_large_image","twitter_misc":{"Escrito por":"Redacci\u00f3n","Tiempo de lectura":"3 minutos"},"schema":{"@context":"https:\/\/schema.org","@graph":[{"@type":"Article","@id":"https:\/\/esbozodeportivo.com\/index.php\/2025\/10\/28\/desaceleracion-de-las-reservas-hoteleras\/#article","isPartOf":{"@id":"https:\/\/esbozodeportivo.com\/index.php\/2025\/10\/28\/desaceleracion-de-las-reservas-hoteleras\/"},"author":{"name":"Redacci\u00f3n","@id":"https:\/\/esbozodeportivo.com\/#\/schema\/person\/0f6df9196dfe6740dd0bb31bae50d374"},"headline":"DESACELERACI\u00d3N DE LAS RESERVAS HOTELERAS","datePublished":"2025-10-29T04:51:35+00:00","dateModified":"2025-10-29T04:51:37+00:00","mainEntityOfPage":{"@id":"https:\/\/esbozodeportivo.com\/index.php\/2025\/10\/28\/desaceleracion-de-las-reservas-hoteleras\/"},"wordCount":581,"publisher":{"@id":"https:\/\/esbozodeportivo.com\/#organization"},"image":{"@id":"https:\/\/esbozodeportivo.com\/index.php\/2025\/10\/28\/desaceleracion-de-las-reservas-hoteleras\/#primaryimage"},"thumbnailUrl":"https:\/\/esbozodeportivo.com\/wp-content\/uploads\/2025\/10\/Columna-Ricardo.jpg","articleSection":["Columna"],"inLanguage":"es"},{"@type":"WebPage","@id":"https:\/\/esbozodeportivo.com\/index.php\/2025\/10\/28\/desaceleracion-de-las-reservas-hoteleras\/","url":"https:\/\/esbozodeportivo.com\/index.php\/2025\/10\/28\/desaceleracion-de-las-reservas-hoteleras\/","name":"DESACELERACI\u00d3N DE LAS RESERVAS HOTELERAS - Esbozo Deportivo","isPartOf":{"@id":"https:\/\/esbozodeportivo.com\/#website"},"primaryImageOfPage":{"@id":"https:\/\/esbozodeportivo.com\/index.php\/2025\/10\/28\/desaceleracion-de-las-reservas-hoteleras\/#primaryimage"},"image":{"@id":"https:\/\/esbozodeportivo.com\/index.php\/2025\/10\/28\/desaceleracion-de-las-reservas-hoteleras\/#primaryimage"},"thumbnailUrl":"https:\/\/esbozodeportivo.com\/wp-content\/uploads\/2025\/10\/Columna-Ricardo.jpg","datePublished":"2025-10-29T04:51:35+00:00","dateModified":"2025-10-29T04:51:37+00:00","description":"La previsi\u00f3n de los expertos es que al cierre de este a\u00f1o, la actividad tur\u00edstica del pa\u00eds sufrir\u00e1 una desaceleraci\u00f3n en sus reservas hoteleras durante el \u00faltimo trimestre de 2025 y el pr\u00f3ximo a\u00f1o arrancar\u00e1 con menor dinamismo.","breadcrumb":{"@id":"https:\/\/esbozodeportivo.com\/index.php\/2025\/10\/28\/desaceleracion-de-las-reservas-hoteleras\/#breadcrumb"},"inLanguage":"es","potentialAction":[{"@type":"ReadAction","target":["https:\/\/esbozodeportivo.com\/index.php\/2025\/10\/28\/desaceleracion-de-las-reservas-hoteleras\/"]}]},{"@type":"ImageObject","inLanguage":"es","@id":"https:\/\/esbozodeportivo.com\/index.php\/2025\/10\/28\/desaceleracion-de-las-reservas-hoteleras\/#primaryimage","url":"https:\/\/esbozodeportivo.com\/wp-content\/uploads\/2025\/10\/Columna-Ricardo.jpg","contentUrl":"https:\/\/esbozodeportivo.com\/wp-content\/uploads\/2025\/10\/Columna-Ricardo.jpg","width":1450,"height":1528},{"@type":"BreadcrumbList","@id":"https:\/\/esbozodeportivo.com\/index.php\/2025\/10\/28\/desaceleracion-de-las-reservas-hoteleras\/#breadcrumb","itemListElement":[{"@type":"ListItem","position":1,"name":"Inicio","item":"https:\/\/esbozodeportivo.com\/"},{"@type":"ListItem","position":2,"name":"DESACELERACI\u00d3N DE LAS RESERVAS HOTELERAS"}]},{"@type":"WebSite","@id":"https:\/\/esbozodeportivo.com\/#website","url":"https:\/\/esbozodeportivo.com\/","name":"Esbozo Deportivo","description":"Lo m\u00e1s importante del Deporte","publisher":{"@id":"https:\/\/esbozodeportivo.com\/#organization"},"potentialAction":[{"@type":"SearchAction","target":{"@type":"EntryPoint","urlTemplate":"https:\/\/esbozodeportivo.com\/?s={search_term_string}"},"query-input":{"@type":"PropertyValueSpecification","valueRequired":true,"valueName":"search_term_string"}}],"inLanguage":"es"},{"@type":"Organization","@id":"https:\/\/esbozodeportivo.com\/#organization","name":"Esbozo Deportivo","url":"https:\/\/esbozodeportivo.com\/","logo":{"@type":"ImageObject","inLanguage":"es","@id":"https:\/\/esbozodeportivo.com\/#\/schema\/logo\/image\/","url":"https:\/\/esbozodeportivo.com\/wp-content\/uploads\/2022\/08\/cropped-Logo-Esbozo-Web-2.png","contentUrl":"https:\/\/esbozodeportivo.com\/wp-content\/uploads\/2022\/08\/cropped-Logo-Esbozo-Web-2.png","width":180,"height":50,"caption":"Esbozo Deportivo"},"image":{"@id":"https:\/\/esbozodeportivo.com\/#\/schema\/logo\/image\/"}},{"@type":"Person","@id":"https:\/\/esbozodeportivo.com\/#\/schema\/person\/0f6df9196dfe6740dd0bb31bae50d374","name":"Redacci\u00f3n","image":{"@type":"ImageObject","inLanguage":"es","@id":"https:\/\/esbozodeportivo.com\/#\/schema\/person\/image\/","url":"https:\/\/secure.gravatar.com\/avatar\/f55268a89c3b418f2ef172ff52ab0d09b3e653c58de29539fe329fb93d78ebf3?s=96&d=mm&r=g","contentUrl":"https:\/\/secure.gravatar.com\/avatar\/f55268a89c3b418f2ef172ff52ab0d09b3e653c58de29539fe329fb93d78ebf3?s=96&d=mm&r=g","caption":"Redacci\u00f3n"},"url":"https:\/\/esbozodeportivo.com\/index.php\/author\/redaccion\/"}]}},"jetpack_featured_media_url":"https:\/\/esbozodeportivo.com\/wp-content\/uploads\/2025\/10\/Columna-Ricardo.jpg","jetpack_sharing_enabled":true,"_links":{"self":[{"href":"https:\/\/esbozodeportivo.com\/index.php\/wp-json\/wp\/v2\/posts\/10843","targetHints":{"allow":["GET"]}}],"collection":[{"href":"https:\/\/esbozodeportivo.com\/index.php\/wp-json\/wp\/v2\/posts"}],"about":[{"href":"https:\/\/esbozodeportivo.com\/index.php\/wp-json\/wp\/v2\/types\/post"}],"author":[{"embeddable":true,"href":"https:\/\/esbozodeportivo.com\/index.php\/wp-json\/wp\/v2\/users\/4"}],"replies":[{"embeddable":true,"href":"https:\/\/esbozodeportivo.com\/index.php\/wp-json\/wp\/v2\/comments?post=10843"}],"version-history":[{"count":1,"href":"https:\/\/esbozodeportivo.com\/index.php\/wp-json\/wp\/v2\/posts\/10843\/revisions"}],"predecessor-version":[{"id":10845,"href":"https:\/\/esbozodeportivo.com\/index.php\/wp-json\/wp\/v2\/posts\/10843\/revisions\/10845"}],"wp:featuredmedia":[{"embeddable":true,"href":"https:\/\/esbozodeportivo.com\/index.php\/wp-json\/wp\/v2\/media\/10844"}],"wp:attachment":[{"href":"https:\/\/esbozodeportivo.com\/index.php\/wp-json\/wp\/v2\/media?parent=10843"}],"wp:term":[{"taxonomy":"category","embeddable":true,"href":"https:\/\/esbozodeportivo.com\/index.php\/wp-json\/wp\/v2\/categories?post=10843"},{"taxonomy":"post_tag","embeddable":true,"href":"https:\/\/esbozodeportivo.com\/index.php\/wp-json\/wp\/v2\/tags?post=10843"}],"curies":[{"name":"wp","href":"https:\/\/api.w.org\/{rel}","templated":true}]}}