{"id":10851,"date":"2025-10-28T23:13:47","date_gmt":"2025-10-29T05:13:47","guid":{"rendered":"https:\/\/esbozodeportivo.com\/?p=10851"},"modified":"2025-10-28T23:13:49","modified_gmt":"2025-10-29T05:13:49","slug":"alcaraz-dice-adios-al-masters-de-paris","status":"publish","type":"post","link":"https:\/\/esbozodeportivo.com\/index.php\/2025\/10\/28\/alcaraz-dice-adios-al-masters-de-paris\/","title":{"rendered":"Alcaraz dice adi\u00f3s al Masters de Par\u00eds"},"content":{"rendered":"\n<p>(Foto: Agencias)<\/p>\n\n\n\n<p>Carlos Alcaraz, actual n\u00famero uno del mundo, pareci\u00f3 fuera de ritmo en su derrota del martes por 4-6, 6-3, 6-4 ante Cameron Norrie en la segunda ronda del Masters de Par\u00eds.<\/p>\n\n\n\n<p>El seis veces ganador de un torneo Grand Slam incluso tuvo un animado di\u00e1logo con su entrenador Juan Carlos Ferrero despu\u00e9s de perder el segundo set.<\/p>\n\n\n\n<p>\u201cEstoy muy decepcionado por mi nivel hoy, es lo que es\u201d, reconoci\u00f3 Alcaraz. \u201cSimplemente no me sent\u00ed bien hoy. Muchos errores. No tuve \u2018feeling\u2019 en ning\u00fan momento. Creo que Norrie jug\u00f3 un gran tenis tambi\u00e9n, un partido s\u00f3lido. Creo que esa fue la clave\u201d,<\/p>\n\n\n\n<p>Norrie aprovech\u00f3 al m\u00e1ximo y sell\u00f3 la victoria en su segundo punto de partido con un fuerte primer servicio que Alcaraz devolvi\u00f3 largo. Fue la primera victoria de su carrera contra un tenista que se encuentra en el n\u00famero uno del mundo.<\/p>\n\n\n\n<p>Alcaraz cometi\u00f3 54 errores no forzados y gan\u00f3 apenas el 64% de sus puntos con el primer servicio para sufrir su tercera derrota en ocho partidos contra Norrie. Fue su primer encuentro en un torneo en interiores.<\/p>\n\n\n\n<p>La derrota tambi\u00e9n puso fin a la racha de 17 victorias consecutivas de Alcaraz en eventos Masters y significa que el segundo clasificado, Jannik Sinner, se mover\u00e1 a la cima del ranking ATP si gana el torneo. El italiano enfrenta este mi\u00e9rcolees a Zizou Bergs.<\/p>\n\n\n\n<p>Alcaraz ha ganado ocho cetros en esta temporada, incluidos tres Masters, adem\u00e1s del Abierto de Francia, gracias a una gran remontada, y el US Open.<\/p>\n\n\n\n<p>Pero tuvo dificultades para explicar esta derrota.<\/p>\n\n\n\n<p>\u201cHe estado hablando con algunos jugadores y mi equipo que me siento grandioso. Otros a\u00f1os me sent\u00eda exhausto y cansado mental y f\u00edsicamente, pero este a\u00f1o me siento bien\u201d, asegur\u00f3. \u201cMe salte\u00e9 Shanghai, he estado en casa bastantes d\u00edas para disfrutar y relajar. As\u00ed que no s\u00e9 qu\u00e9 pas\u00f3 aqu\u00ed. Es un torneo que realmente me cuesta jugar bien pero lo averiguar\u00e9 y terminar\u00e9 jugando un gran tenis\u201d.<\/p>\n\n\n\n<p>Norrie enfrentar\u00e1 al ganador del partido de este mi\u00e9rcoles entre los primos Valentin Vacherot y Arthur Rinderknech.<\/p>\n\n\n\n<p>Vacherot venci\u00f3 al decimocuarto cabeza de serie Jiri Lehecka, el 14to cabeza de serie, en la primera ronda m\u00e1s temprano. Vacherrot se las ver\u00e1s contra Rinderknech el mi\u00e9rcoles en la segunda ronda, poco m\u00e1s de dos semanas despu\u00e9s de vencerlo en la final del Masters de Shangh\u00e1i. Vacherot asombr\u00f3 a propios y extra\u00f1os al superar la fase de clasificaci\u00f3n en China para conquistar el primer t\u00edtulo de su carrera y ascender en el ranking.<\/p>\n\n\n\n<p>Los preparativos ser\u00e1n un poco diferentes esta vez.<\/p>\n\n\n\n<p>\u201cNos mantendremos en nuestras propias burbujas. Somos primos, s\u00ed, pero no estamos en el mismo equipo, as\u00ed que no vamos a cenar juntos esta noche\u201d, dijo Vacherot, quien en el circuito juega bajo los colores de M\u00f3naco.<\/p>\n\n\n\n<p>\u201cEn Shangh\u00e1i desayunamos juntos, calentamos juntos, porque est\u00e1bamos lejos de todos y de todo\u201d, a\u00f1adi\u00f3 Vacherot. \u201c\u00c9l vino a ver mis partidos, yo iba a ver sus partidos, y no ten\u00edamos a nadie m\u00e1s en quien apoyarnos. (Esta vez) todas nuestras familias est\u00e1n aqu\u00ed, as\u00ed que nos mantendremos en nuestros lados, y espero que ofrezcamos un partido maravilloso\u201d.<\/p>\n\n\n\n<p><\/p>\n","protected":false},"excerpt":{"rendered":"<p>(Foto: Agencias) Carlos Alcaraz, actual n\u00famero uno del mundo, pareci\u00f3 fuera de ritmo en su<\/p>\n","protected":false},"author":4,"featured_media":10849,"comment_status":"closed","ping_status":"open","sticky":false,"template":"","format":"standard","meta":{"_jetpack_memberships_contains_paid_content":false,"footnotes":""},"categories":[12],"tags":[],"class_list":["post-10851","post","type-post","status-publish","format-standard","has-post-thumbnail","hentry","category-tenis-internacional"],"yoast_head":"<!-- This site is optimized with the Yoast SEO plugin v25.7 - https:\/\/yoast.com\/wordpress\/plugins\/seo\/ -->\n<title>Alcaraz dice adi\u00f3s al Masters de Par\u00eds - Esbozo Deportivo<\/title>\n<meta name=\"description\" content=\"Carlos Alcaraz, actual n\u00famero uno del mundo, pareci\u00f3 fuera de ritmo en su derrota del martes por 4-6, 6-3, 6-4 ante Cameron Norrie en la segunda ronda del Masters de Par\u00eds.\" \/>\n<meta name=\"robots\" content=\"index, follow, max-snippet:-1, max-image-preview:large, max-video-preview:-1\" \/>\n<link rel=\"canonical\" href=\"https:\/\/esbozodeportivo.com\/index.php\/2025\/10\/28\/alcaraz-dice-adios-al-masters-de-paris\/\" \/>\n<meta property=\"og:locale\" content=\"es_MX\" \/>\n<meta property=\"og:type\" content=\"article\" \/>\n<meta property=\"og:title\" content=\"Alcaraz dice adi\u00f3s al Masters de Par\u00eds - Esbozo Deportivo\" \/>\n<meta property=\"og:description\" content=\"Carlos Alcaraz, actual n\u00famero uno del mundo, pareci\u00f3 fuera de ritmo en su derrota del martes por 4-6, 6-3, 6-4 ante Cameron Norrie en la segunda ronda del Masters de Par\u00eds.\" \/>\n<meta property=\"og:url\" content=\"https:\/\/esbozodeportivo.com\/index.php\/2025\/10\/28\/alcaraz-dice-adios-al-masters-de-paris\/\" \/>\n<meta property=\"og:site_name\" content=\"Esbozo Deportivo\" \/>\n<meta property=\"article:published_time\" content=\"2025-10-29T05:13:47+00:00\" \/>\n<meta property=\"article:modified_time\" content=\"2025-10-29T05:13:49+00:00\" \/>\n<meta property=\"og:image\" content=\"https:\/\/esbozodeportivo.com\/wp-content\/uploads\/2025\/10\/Tenis-1.jpg\" \/>\n\t<meta property=\"og:image:width\" content=\"1440\" \/>\n\t<meta property=\"og:image:height\" content=\"961\" \/>\n\t<meta property=\"og:image:type\" content=\"image\/jpeg\" \/>\n<meta name=\"author\" content=\"Redacci\u00f3n\" \/>\n<meta name=\"twitter:card\" content=\"summary_large_image\" \/>\n<meta name=\"twitter:label1\" content=\"Escrito por\" \/>\n\t<meta name=\"twitter:data1\" content=\"Redacci\u00f3n\" \/>\n\t<meta name=\"twitter:label2\" content=\"Tiempo de lectura\" \/>\n\t<meta name=\"twitter:data2\" content=\"3 minutos\" \/>\n<script type=\"application\/ld+json\" class=\"yoast-schema-graph\">{\"@context\":\"https:\/\/schema.org\",\"@graph\":[{\"@type\":\"Article\",\"@id\":\"https:\/\/esbozodeportivo.com\/index.php\/2025\/10\/28\/alcaraz-dice-adios-al-masters-de-paris\/#article\",\"isPartOf\":{\"@id\":\"https:\/\/esbozodeportivo.com\/index.php\/2025\/10\/28\/alcaraz-dice-adios-al-masters-de-paris\/\"},\"author\":{\"name\":\"Redacci\u00f3n\",\"@id\":\"https:\/\/esbozodeportivo.com\/#\/schema\/person\/0f6df9196dfe6740dd0bb31bae50d374\"},\"headline\":\"Alcaraz dice adi\u00f3s al Masters de Par\u00eds\",\"datePublished\":\"2025-10-29T05:13:47+00:00\",\"dateModified\":\"2025-10-29T05:13:49+00:00\",\"mainEntityOfPage\":{\"@id\":\"https:\/\/esbozodeportivo.com\/index.php\/2025\/10\/28\/alcaraz-dice-adios-al-masters-de-paris\/\"},\"wordCount\":562,\"publisher\":{\"@id\":\"https:\/\/esbozodeportivo.com\/#organization\"},\"image\":{\"@id\":\"https:\/\/esbozodeportivo.com\/index.php\/2025\/10\/28\/alcaraz-dice-adios-al-masters-de-paris\/#primaryimage\"},\"thumbnailUrl\":\"https:\/\/esbozodeportivo.com\/wp-content\/uploads\/2025\/10\/Tenis-1.jpg\",\"articleSection\":[\"Tenis Internacional\"],\"inLanguage\":\"es\"},{\"@type\":\"WebPage\",\"@id\":\"https:\/\/esbozodeportivo.com\/index.php\/2025\/10\/28\/alcaraz-dice-adios-al-masters-de-paris\/\",\"url\":\"https:\/\/esbozodeportivo.com\/index.php\/2025\/10\/28\/alcaraz-dice-adios-al-masters-de-paris\/\",\"name\":\"Alcaraz dice adi\u00f3s al Masters de Par\u00eds - Esbozo Deportivo\",\"isPartOf\":{\"@id\":\"https:\/\/esbozodeportivo.com\/#website\"},\"primaryImageOfPage\":{\"@id\":\"https:\/\/esbozodeportivo.com\/index.php\/2025\/10\/28\/alcaraz-dice-adios-al-masters-de-paris\/#primaryimage\"},\"image\":{\"@id\":\"https:\/\/esbozodeportivo.com\/index.php\/2025\/10\/28\/alcaraz-dice-adios-al-masters-de-paris\/#primaryimage\"},\"thumbnailUrl\":\"https:\/\/esbozodeportivo.com\/wp-content\/uploads\/2025\/10\/Tenis-1.jpg\",\"datePublished\":\"2025-10-29T05:13:47+00:00\",\"dateModified\":\"2025-10-29T05:13:49+00:00\",\"description\":\"Carlos Alcaraz, actual n\u00famero uno del mundo, pareci\u00f3 fuera de ritmo en su derrota del martes por 4-6, 6-3, 6-4 ante Cameron Norrie en la segunda ronda del Masters de Par\u00eds.\",\"breadcrumb\":{\"@id\":\"https:\/\/esbozodeportivo.com\/index.php\/2025\/10\/28\/alcaraz-dice-adios-al-masters-de-paris\/#breadcrumb\"},\"inLanguage\":\"es\",\"potentialAction\":[{\"@type\":\"ReadAction\",\"target\":[\"https:\/\/esbozodeportivo.com\/index.php\/2025\/10\/28\/alcaraz-dice-adios-al-masters-de-paris\/\"]}]},{\"@type\":\"ImageObject\",\"inLanguage\":\"es\",\"@id\":\"https:\/\/esbozodeportivo.com\/index.php\/2025\/10\/28\/alcaraz-dice-adios-al-masters-de-paris\/#primaryimage\",\"url\":\"https:\/\/esbozodeportivo.com\/wp-content\/uploads\/2025\/10\/Tenis-1.jpg\",\"contentUrl\":\"https:\/\/esbozodeportivo.com\/wp-content\/uploads\/2025\/10\/Tenis-1.jpg\",\"width\":1440,\"height\":961},{\"@type\":\"BreadcrumbList\",\"@id\":\"https:\/\/esbozodeportivo.com\/index.php\/2025\/10\/28\/alcaraz-dice-adios-al-masters-de-paris\/#breadcrumb\",\"itemListElement\":[{\"@type\":\"ListItem\",\"position\":1,\"name\":\"Inicio\",\"item\":\"https:\/\/esbozodeportivo.com\/\"},{\"@type\":\"ListItem\",\"position\":2,\"name\":\"Alcaraz dice adi\u00f3s al Masters de Par\u00eds\"}]},{\"@type\":\"WebSite\",\"@id\":\"https:\/\/esbozodeportivo.com\/#website\",\"url\":\"https:\/\/esbozodeportivo.com\/\",\"name\":\"Esbozo Deportivo\",\"description\":\"Lo m\u00e1s importante del Deporte\",\"publisher\":{\"@id\":\"https:\/\/esbozodeportivo.com\/#organization\"},\"potentialAction\":[{\"@type\":\"SearchAction\",\"target\":{\"@type\":\"EntryPoint\",\"urlTemplate\":\"https:\/\/esbozodeportivo.com\/?s={search_term_string}\"},\"query-input\":{\"@type\":\"PropertyValueSpecification\",\"valueRequired\":true,\"valueName\":\"search_term_string\"}}],\"inLanguage\":\"es\"},{\"@type\":\"Organization\",\"@id\":\"https:\/\/esbozodeportivo.com\/#organization\",\"name\":\"Esbozo Deportivo\",\"url\":\"https:\/\/esbozodeportivo.com\/\",\"logo\":{\"@type\":\"ImageObject\",\"inLanguage\":\"es\",\"@id\":\"https:\/\/esbozodeportivo.com\/#\/schema\/logo\/image\/\",\"url\":\"https:\/\/esbozodeportivo.com\/wp-content\/uploads\/2022\/08\/cropped-Logo-Esbozo-Web-2.png\",\"contentUrl\":\"https:\/\/esbozodeportivo.com\/wp-content\/uploads\/2022\/08\/cropped-Logo-Esbozo-Web-2.png\",\"width\":180,\"height\":50,\"caption\":\"Esbozo Deportivo\"},\"image\":{\"@id\":\"https:\/\/esbozodeportivo.com\/#\/schema\/logo\/image\/\"}},{\"@type\":\"Person\",\"@id\":\"https:\/\/esbozodeportivo.com\/#\/schema\/person\/0f6df9196dfe6740dd0bb31bae50d374\",\"name\":\"Redacci\u00f3n\",\"image\":{\"@type\":\"ImageObject\",\"inLanguage\":\"es\",\"@id\":\"https:\/\/esbozodeportivo.com\/#\/schema\/person\/image\/\",\"url\":\"https:\/\/secure.gravatar.com\/avatar\/f55268a89c3b418f2ef172ff52ab0d09b3e653c58de29539fe329fb93d78ebf3?s=96&d=mm&r=g\",\"contentUrl\":\"https:\/\/secure.gravatar.com\/avatar\/f55268a89c3b418f2ef172ff52ab0d09b3e653c58de29539fe329fb93d78ebf3?s=96&d=mm&r=g\",\"caption\":\"Redacci\u00f3n\"},\"url\":\"https:\/\/esbozodeportivo.com\/index.php\/author\/redaccion\/\"}]}<\/script>\n<!-- \/ Yoast SEO plugin. -->","yoast_head_json":{"title":"Alcaraz dice adi\u00f3s al Masters de Par\u00eds - Esbozo Deportivo","description":"Carlos Alcaraz, actual n\u00famero uno del mundo, pareci\u00f3 fuera de ritmo en su derrota del martes por 4-6, 6-3, 6-4 ante Cameron Norrie en la segunda ronda del Masters de Par\u00eds.","robots":{"index":"index","follow":"follow","max-snippet":"max-snippet:-1","max-image-preview":"max-image-preview:large","max-video-preview":"max-video-preview:-1"},"canonical":"https:\/\/esbozodeportivo.com\/index.php\/2025\/10\/28\/alcaraz-dice-adios-al-masters-de-paris\/","og_locale":"es_MX","og_type":"article","og_title":"Alcaraz dice adi\u00f3s al Masters de Par\u00eds - Esbozo Deportivo","og_description":"Carlos Alcaraz, actual n\u00famero uno del mundo, pareci\u00f3 fuera de ritmo en su derrota del martes por 4-6, 6-3, 6-4 ante Cameron Norrie en la segunda ronda del Masters de Par\u00eds.","og_url":"https:\/\/esbozodeportivo.com\/index.php\/2025\/10\/28\/alcaraz-dice-adios-al-masters-de-paris\/","og_site_name":"Esbozo Deportivo","article_published_time":"2025-10-29T05:13:47+00:00","article_modified_time":"2025-10-29T05:13:49+00:00","og_image":[{"width":1440,"height":961,"url":"https:\/\/esbozodeportivo.com\/wp-content\/uploads\/2025\/10\/Tenis-1.jpg","type":"image\/jpeg"}],"author":"Redacci\u00f3n","twitter_card":"summary_large_image","twitter_misc":{"Escrito por":"Redacci\u00f3n","Tiempo de lectura":"3 minutos"},"schema":{"@context":"https:\/\/schema.org","@graph":[{"@type":"Article","@id":"https:\/\/esbozodeportivo.com\/index.php\/2025\/10\/28\/alcaraz-dice-adios-al-masters-de-paris\/#article","isPartOf":{"@id":"https:\/\/esbozodeportivo.com\/index.php\/2025\/10\/28\/alcaraz-dice-adios-al-masters-de-paris\/"},"author":{"name":"Redacci\u00f3n","@id":"https:\/\/esbozodeportivo.com\/#\/schema\/person\/0f6df9196dfe6740dd0bb31bae50d374"},"headline":"Alcaraz dice adi\u00f3s al Masters de Par\u00eds","datePublished":"2025-10-29T05:13:47+00:00","dateModified":"2025-10-29T05:13:49+00:00","mainEntityOfPage":{"@id":"https:\/\/esbozodeportivo.com\/index.php\/2025\/10\/28\/alcaraz-dice-adios-al-masters-de-paris\/"},"wordCount":562,"publisher":{"@id":"https:\/\/esbozodeportivo.com\/#organization"},"image":{"@id":"https:\/\/esbozodeportivo.com\/index.php\/2025\/10\/28\/alcaraz-dice-adios-al-masters-de-paris\/#primaryimage"},"thumbnailUrl":"https:\/\/esbozodeportivo.com\/wp-content\/uploads\/2025\/10\/Tenis-1.jpg","articleSection":["Tenis Internacional"],"inLanguage":"es"},{"@type":"WebPage","@id":"https:\/\/esbozodeportivo.com\/index.php\/2025\/10\/28\/alcaraz-dice-adios-al-masters-de-paris\/","url":"https:\/\/esbozodeportivo.com\/index.php\/2025\/10\/28\/alcaraz-dice-adios-al-masters-de-paris\/","name":"Alcaraz dice adi\u00f3s al Masters de Par\u00eds - Esbozo Deportivo","isPartOf":{"@id":"https:\/\/esbozodeportivo.com\/#website"},"primaryImageOfPage":{"@id":"https:\/\/esbozodeportivo.com\/index.php\/2025\/10\/28\/alcaraz-dice-adios-al-masters-de-paris\/#primaryimage"},"image":{"@id":"https:\/\/esbozodeportivo.com\/index.php\/2025\/10\/28\/alcaraz-dice-adios-al-masters-de-paris\/#primaryimage"},"thumbnailUrl":"https:\/\/esbozodeportivo.com\/wp-content\/uploads\/2025\/10\/Tenis-1.jpg","datePublished":"2025-10-29T05:13:47+00:00","dateModified":"2025-10-29T05:13:49+00:00","description":"Carlos Alcaraz, actual n\u00famero uno del mundo, pareci\u00f3 fuera de ritmo en su derrota del martes por 4-6, 6-3, 6-4 ante Cameron Norrie en la segunda ronda del Masters de Par\u00eds.","breadcrumb":{"@id":"https:\/\/esbozodeportivo.com\/index.php\/2025\/10\/28\/alcaraz-dice-adios-al-masters-de-paris\/#breadcrumb"},"inLanguage":"es","potentialAction":[{"@type":"ReadAction","target":["https:\/\/esbozodeportivo.com\/index.php\/2025\/10\/28\/alcaraz-dice-adios-al-masters-de-paris\/"]}]},{"@type":"ImageObject","inLanguage":"es","@id":"https:\/\/esbozodeportivo.com\/index.php\/2025\/10\/28\/alcaraz-dice-adios-al-masters-de-paris\/#primaryimage","url":"https:\/\/esbozodeportivo.com\/wp-content\/uploads\/2025\/10\/Tenis-1.jpg","contentUrl":"https:\/\/esbozodeportivo.com\/wp-content\/uploads\/2025\/10\/Tenis-1.jpg","width":1440,"height":961},{"@type":"BreadcrumbList","@id":"https:\/\/esbozodeportivo.com\/index.php\/2025\/10\/28\/alcaraz-dice-adios-al-masters-de-paris\/#breadcrumb","itemListElement":[{"@type":"ListItem","position":1,"name":"Inicio","item":"https:\/\/esbozodeportivo.com\/"},{"@type":"ListItem","position":2,"name":"Alcaraz dice adi\u00f3s al Masters de Par\u00eds"}]},{"@type":"WebSite","@id":"https:\/\/esbozodeportivo.com\/#website","url":"https:\/\/esbozodeportivo.com\/","name":"Esbozo Deportivo","description":"Lo m\u00e1s importante del Deporte","publisher":{"@id":"https:\/\/esbozodeportivo.com\/#organization"},"potentialAction":[{"@type":"SearchAction","target":{"@type":"EntryPoint","urlTemplate":"https:\/\/esbozodeportivo.com\/?s={search_term_string}"},"query-input":{"@type":"PropertyValueSpecification","valueRequired":true,"valueName":"search_term_string"}}],"inLanguage":"es"},{"@type":"Organization","@id":"https:\/\/esbozodeportivo.com\/#organization","name":"Esbozo Deportivo","url":"https:\/\/esbozodeportivo.com\/","logo":{"@type":"ImageObject","inLanguage":"es","@id":"https:\/\/esbozodeportivo.com\/#\/schema\/logo\/image\/","url":"https:\/\/esbozodeportivo.com\/wp-content\/uploads\/2022\/08\/cropped-Logo-Esbozo-Web-2.png","contentUrl":"https:\/\/esbozodeportivo.com\/wp-content\/uploads\/2022\/08\/cropped-Logo-Esbozo-Web-2.png","width":180,"height":50,"caption":"Esbozo Deportivo"},"image":{"@id":"https:\/\/esbozodeportivo.com\/#\/schema\/logo\/image\/"}},{"@type":"Person","@id":"https:\/\/esbozodeportivo.com\/#\/schema\/person\/0f6df9196dfe6740dd0bb31bae50d374","name":"Redacci\u00f3n","image":{"@type":"ImageObject","inLanguage":"es","@id":"https:\/\/esbozodeportivo.com\/#\/schema\/person\/image\/","url":"https:\/\/secure.gravatar.com\/avatar\/f55268a89c3b418f2ef172ff52ab0d09b3e653c58de29539fe329fb93d78ebf3?s=96&d=mm&r=g","contentUrl":"https:\/\/secure.gravatar.com\/avatar\/f55268a89c3b418f2ef172ff52ab0d09b3e653c58de29539fe329fb93d78ebf3?s=96&d=mm&r=g","caption":"Redacci\u00f3n"},"url":"https:\/\/esbozodeportivo.com\/index.php\/author\/redaccion\/"}]}},"jetpack_featured_media_url":"https:\/\/esbozodeportivo.com\/wp-content\/uploads\/2025\/10\/Tenis-1.jpg","jetpack_sharing_enabled":true,"_links":{"self":[{"href":"https:\/\/esbozodeportivo.com\/index.php\/wp-json\/wp\/v2\/posts\/10851","targetHints":{"allow":["GET"]}}],"collection":[{"href":"https:\/\/esbozodeportivo.com\/index.php\/wp-json\/wp\/v2\/posts"}],"about":[{"href":"https:\/\/esbozodeportivo.com\/index.php\/wp-json\/wp\/v2\/types\/post"}],"author":[{"embeddable":true,"href":"https:\/\/esbozodeportivo.com\/index.php\/wp-json\/wp\/v2\/users\/4"}],"replies":[{"embeddable":true,"href":"https:\/\/esbozodeportivo.com\/index.php\/wp-json\/wp\/v2\/comments?post=10851"}],"version-history":[{"count":1,"href":"https:\/\/esbozodeportivo.com\/index.php\/wp-json\/wp\/v2\/posts\/10851\/revisions"}],"predecessor-version":[{"id":10852,"href":"https:\/\/esbozodeportivo.com\/index.php\/wp-json\/wp\/v2\/posts\/10851\/revisions\/10852"}],"wp:featuredmedia":[{"embeddable":true,"href":"https:\/\/esbozodeportivo.com\/index.php\/wp-json\/wp\/v2\/media\/10849"}],"wp:attachment":[{"href":"https:\/\/esbozodeportivo.com\/index.php\/wp-json\/wp\/v2\/media?parent=10851"}],"wp:term":[{"taxonomy":"category","embeddable":true,"href":"https:\/\/esbozodeportivo.com\/index.php\/wp-json\/wp\/v2\/categories?post=10851"},{"taxonomy":"post_tag","embeddable":true,"href":"https:\/\/esbozodeportivo.com\/index.php\/wp-json\/wp\/v2\/tags?post=10851"}],"curies":[{"name":"wp","href":"https:\/\/api.w.org\/{rel}","templated":true}]}}