{"id":10855,"date":"2025-10-30T00:48:40","date_gmt":"2025-10-30T06:48:40","guid":{"rendered":"https:\/\/esbozodeportivo.com\/?p=10855"},"modified":"2025-10-30T00:48:41","modified_gmt":"2025-10-30T06:48:41","slug":"orden-de-aprehension-contra-martinez","status":"publish","type":"post","link":"https:\/\/esbozodeportivo.com\/index.php\/2025\/10\/30\/orden-de-aprehension-contra-martinez\/","title":{"rendered":"Orden de aprehensi\u00f3n contra Mart\u00ednez"},"content":{"rendered":"\n<p>(Foto: Agencias) <\/p>\n\n\n\n<p>Un juez de la capital mexicana emiti\u00f3 una orden de aprehensi\u00f3n en contra de Jes\u00fas Mart\u00ednez, propietario de los clubes Pachuca y Le\u00f3n de la m\u00e1xima categor\u00eda del f\u00fatbol nacional, en medio de un pleito por derechos de televisi\u00f3n.<\/p>\n\n\n\n<p>Adem\u00e1s de Mart\u00ednez, quien adicionalmente es propietario del Everton de Chile y del Real Oviedo de Espa\u00f1a, el juez dict\u00f3 la v\u00edspera una orden para arrestar a Hip\u00f3lito Cabrera Acosta, quien es el representante legal del conglomerado.<\/p>\n\n\n\n<p>\u201cEl Juez 40 Civil del Tribunal local, con la complacencia y apoyo de sus superiores, actu\u00f3 en el juicio mercantil de forma excesiva y violatoria de los derechos de nuestros directivos, quienes se encuentran defendidos en contra de los actos de intimidaci\u00f3n realizados ileg\u00edtimamente en su contra\u201d, se\u00f1al\u00f3 el Grupo Pachuca en un comunicado.<\/p>\n\n\n\n<p>Mart\u00ednez y su abogado son buscados por las autoridades por el delito de \u201cdesobediencia entre particulares\u201d luego que ninguno de ellos compareci\u00f3 ante el juzgado para dirimir una disputa por los derechos de transmisi\u00f3n con Grupo Lauman, que compr\u00f3 la empresa Fox Sports M\u00e9xico en 2021.<\/p>\n\n\n\n<p>Lauman acusa a Grupo Pachuca de incumplir un acuerdo por la transmisi\u00f3n de los encuentros de Pachuca y Le\u00f3n. Mart\u00ednez asegura que el acuerdo expir\u00f3 el 26 de mayo del 2024, por lo que los derechos fueron comercializados con otra cadena a partir de entonces.<\/p>\n\n\n\n<p><\/p>\n","protected":false},"excerpt":{"rendered":"<p>(Foto: Agencias) Un juez de la capital mexicana emiti\u00f3 una orden de aprehensi\u00f3n en contra<\/p>\n","protected":false},"author":4,"featured_media":10862,"comment_status":"closed","ping_status":"open","sticky":false,"template":"","format":"standard","meta":{"_jetpack_memberships_contains_paid_content":false,"footnotes":""},"categories":[65],"tags":[],"class_list":["post-10855","post","type-post","status-publish","format-standard","has-post-thumbnail","hentry","category-futbol-3"],"yoast_head":"<!-- This site is optimized with the Yoast SEO plugin v25.7 - https:\/\/yoast.com\/wordpress\/plugins\/seo\/ -->\n<title>Orden de aprehensi\u00f3n contra Mart\u00ednez - Esbozo Deportivo<\/title>\n<meta name=\"description\" content=\"Un juez de la capital mexicana emiti\u00f3 una orden de aprehensi\u00f3n en contra de Jes\u00fas Mart\u00ednez, propietario de los clubes Pachuca y Le\u00f3n de la m\u00e1xima categor\u00eda del f\u00fatbol nacional, en medio de un pleito por derechos de televisi\u00f3n.\" \/>\n<meta name=\"robots\" content=\"index, follow, max-snippet:-1, max-image-preview:large, max-video-preview:-1\" \/>\n<link rel=\"canonical\" href=\"https:\/\/esbozodeportivo.com\/index.php\/2025\/10\/30\/orden-de-aprehension-contra-martinez\/\" \/>\n<meta property=\"og:locale\" content=\"es_MX\" \/>\n<meta property=\"og:type\" content=\"article\" \/>\n<meta property=\"og:title\" content=\"Orden de aprehensi\u00f3n contra Mart\u00ednez - Esbozo Deportivo\" \/>\n<meta property=\"og:description\" content=\"Un juez de la capital mexicana emiti\u00f3 una orden de aprehensi\u00f3n en contra de Jes\u00fas Mart\u00ednez, propietario de los clubes Pachuca y Le\u00f3n de la m\u00e1xima categor\u00eda del f\u00fatbol nacional, en medio de un pleito por derechos de televisi\u00f3n.\" \/>\n<meta property=\"og:url\" content=\"https:\/\/esbozodeportivo.com\/index.php\/2025\/10\/30\/orden-de-aprehension-contra-martinez\/\" \/>\n<meta property=\"og:site_name\" content=\"Esbozo Deportivo\" \/>\n<meta property=\"article:published_time\" content=\"2025-10-30T06:48:40+00:00\" \/>\n<meta property=\"article:modified_time\" content=\"2025-10-30T06:48:41+00:00\" \/>\n<meta property=\"og:image\" content=\"https:\/\/esbozodeportivo.com\/wp-content\/uploads\/2025\/10\/Pachuca.jpg\" \/>\n\t<meta property=\"og:image:width\" content=\"293\" \/>\n\t<meta property=\"og:image:height\" content=\"172\" \/>\n\t<meta property=\"og:image:type\" content=\"image\/jpeg\" \/>\n<meta name=\"author\" content=\"Redacci\u00f3n\" \/>\n<meta name=\"twitter:card\" content=\"summary_large_image\" \/>\n<meta name=\"twitter:label1\" content=\"Escrito por\" \/>\n\t<meta name=\"twitter:data1\" content=\"Redacci\u00f3n\" \/>\n\t<meta name=\"twitter:label2\" content=\"Tiempo de lectura\" \/>\n\t<meta name=\"twitter:data2\" content=\"2 minutos\" \/>\n<script type=\"application\/ld+json\" class=\"yoast-schema-graph\">{\"@context\":\"https:\/\/schema.org\",\"@graph\":[{\"@type\":\"Article\",\"@id\":\"https:\/\/esbozodeportivo.com\/index.php\/2025\/10\/30\/orden-de-aprehension-contra-martinez\/#article\",\"isPartOf\":{\"@id\":\"https:\/\/esbozodeportivo.com\/index.php\/2025\/10\/30\/orden-de-aprehension-contra-martinez\/\"},\"author\":{\"name\":\"Redacci\u00f3n\",\"@id\":\"https:\/\/esbozodeportivo.com\/#\/schema\/person\/0f6df9196dfe6740dd0bb31bae50d374\"},\"headline\":\"Orden de aprehensi\u00f3n contra Mart\u00ednez\",\"datePublished\":\"2025-10-30T06:48:40+00:00\",\"dateModified\":\"2025-10-30T06:48:41+00:00\",\"mainEntityOfPage\":{\"@id\":\"https:\/\/esbozodeportivo.com\/index.php\/2025\/10\/30\/orden-de-aprehension-contra-martinez\/\"},\"wordCount\":248,\"publisher\":{\"@id\":\"https:\/\/esbozodeportivo.com\/#organization\"},\"image\":{\"@id\":\"https:\/\/esbozodeportivo.com\/index.php\/2025\/10\/30\/orden-de-aprehension-contra-martinez\/#primaryimage\"},\"thumbnailUrl\":\"https:\/\/esbozodeportivo.com\/wp-content\/uploads\/2025\/10\/Pachuca.jpg\",\"articleSection\":[\"Futbol\"],\"inLanguage\":\"es\"},{\"@type\":\"WebPage\",\"@id\":\"https:\/\/esbozodeportivo.com\/index.php\/2025\/10\/30\/orden-de-aprehension-contra-martinez\/\",\"url\":\"https:\/\/esbozodeportivo.com\/index.php\/2025\/10\/30\/orden-de-aprehension-contra-martinez\/\",\"name\":\"Orden de aprehensi\u00f3n contra Mart\u00ednez - Esbozo Deportivo\",\"isPartOf\":{\"@id\":\"https:\/\/esbozodeportivo.com\/#website\"},\"primaryImageOfPage\":{\"@id\":\"https:\/\/esbozodeportivo.com\/index.php\/2025\/10\/30\/orden-de-aprehension-contra-martinez\/#primaryimage\"},\"image\":{\"@id\":\"https:\/\/esbozodeportivo.com\/index.php\/2025\/10\/30\/orden-de-aprehension-contra-martinez\/#primaryimage\"},\"thumbnailUrl\":\"https:\/\/esbozodeportivo.com\/wp-content\/uploads\/2025\/10\/Pachuca.jpg\",\"datePublished\":\"2025-10-30T06:48:40+00:00\",\"dateModified\":\"2025-10-30T06:48:41+00:00\",\"description\":\"Un juez de la capital mexicana emiti\u00f3 una orden de aprehensi\u00f3n en contra de Jes\u00fas Mart\u00ednez, propietario de los clubes Pachuca y Le\u00f3n de la m\u00e1xima categor\u00eda del f\u00fatbol nacional, en medio de un pleito por derechos de televisi\u00f3n.\",\"breadcrumb\":{\"@id\":\"https:\/\/esbozodeportivo.com\/index.php\/2025\/10\/30\/orden-de-aprehension-contra-martinez\/#breadcrumb\"},\"inLanguage\":\"es\",\"potentialAction\":[{\"@type\":\"ReadAction\",\"target\":[\"https:\/\/esbozodeportivo.com\/index.php\/2025\/10\/30\/orden-de-aprehension-contra-martinez\/\"]}]},{\"@type\":\"ImageObject\",\"inLanguage\":\"es\",\"@id\":\"https:\/\/esbozodeportivo.com\/index.php\/2025\/10\/30\/orden-de-aprehension-contra-martinez\/#primaryimage\",\"url\":\"https:\/\/esbozodeportivo.com\/wp-content\/uploads\/2025\/10\/Pachuca.jpg\",\"contentUrl\":\"https:\/\/esbozodeportivo.com\/wp-content\/uploads\/2025\/10\/Pachuca.jpg\",\"width\":293,\"height\":172},{\"@type\":\"BreadcrumbList\",\"@id\":\"https:\/\/esbozodeportivo.com\/index.php\/2025\/10\/30\/orden-de-aprehension-contra-martinez\/#breadcrumb\",\"itemListElement\":[{\"@type\":\"ListItem\",\"position\":1,\"name\":\"Inicio\",\"item\":\"https:\/\/esbozodeportivo.com\/\"},{\"@type\":\"ListItem\",\"position\":2,\"name\":\"Orden de aprehensi\u00f3n contra Mart\u00ednez\"}]},{\"@type\":\"WebSite\",\"@id\":\"https:\/\/esbozodeportivo.com\/#website\",\"url\":\"https:\/\/esbozodeportivo.com\/\",\"name\":\"Esbozo Deportivo\",\"description\":\"Lo m\u00e1s importante del Deporte\",\"publisher\":{\"@id\":\"https:\/\/esbozodeportivo.com\/#organization\"},\"potentialAction\":[{\"@type\":\"SearchAction\",\"target\":{\"@type\":\"EntryPoint\",\"urlTemplate\":\"https:\/\/esbozodeportivo.com\/?s={search_term_string}\"},\"query-input\":{\"@type\":\"PropertyValueSpecification\",\"valueRequired\":true,\"valueName\":\"search_term_string\"}}],\"inLanguage\":\"es\"},{\"@type\":\"Organization\",\"@id\":\"https:\/\/esbozodeportivo.com\/#organization\",\"name\":\"Esbozo Deportivo\",\"url\":\"https:\/\/esbozodeportivo.com\/\",\"logo\":{\"@type\":\"ImageObject\",\"inLanguage\":\"es\",\"@id\":\"https:\/\/esbozodeportivo.com\/#\/schema\/logo\/image\/\",\"url\":\"https:\/\/esbozodeportivo.com\/wp-content\/uploads\/2022\/08\/cropped-Logo-Esbozo-Web-2.png\",\"contentUrl\":\"https:\/\/esbozodeportivo.com\/wp-content\/uploads\/2022\/08\/cropped-Logo-Esbozo-Web-2.png\",\"width\":180,\"height\":50,\"caption\":\"Esbozo Deportivo\"},\"image\":{\"@id\":\"https:\/\/esbozodeportivo.com\/#\/schema\/logo\/image\/\"}},{\"@type\":\"Person\",\"@id\":\"https:\/\/esbozodeportivo.com\/#\/schema\/person\/0f6df9196dfe6740dd0bb31bae50d374\",\"name\":\"Redacci\u00f3n\",\"image\":{\"@type\":\"ImageObject\",\"inLanguage\":\"es\",\"@id\":\"https:\/\/esbozodeportivo.com\/#\/schema\/person\/image\/\",\"url\":\"https:\/\/secure.gravatar.com\/avatar\/f55268a89c3b418f2ef172ff52ab0d09b3e653c58de29539fe329fb93d78ebf3?s=96&d=mm&r=g\",\"contentUrl\":\"https:\/\/secure.gravatar.com\/avatar\/f55268a89c3b418f2ef172ff52ab0d09b3e653c58de29539fe329fb93d78ebf3?s=96&d=mm&r=g\",\"caption\":\"Redacci\u00f3n\"},\"url\":\"https:\/\/esbozodeportivo.com\/index.php\/author\/redaccion\/\"}]}<\/script>\n<!-- \/ Yoast SEO plugin. -->","yoast_head_json":{"title":"Orden de aprehensi\u00f3n contra Mart\u00ednez - Esbozo Deportivo","description":"Un juez de la capital mexicana emiti\u00f3 una orden de aprehensi\u00f3n en contra de Jes\u00fas Mart\u00ednez, propietario de los clubes Pachuca y Le\u00f3n de la m\u00e1xima categor\u00eda del f\u00fatbol nacional, en medio de un pleito por derechos de televisi\u00f3n.","robots":{"index":"index","follow":"follow","max-snippet":"max-snippet:-1","max-image-preview":"max-image-preview:large","max-video-preview":"max-video-preview:-1"},"canonical":"https:\/\/esbozodeportivo.com\/index.php\/2025\/10\/30\/orden-de-aprehension-contra-martinez\/","og_locale":"es_MX","og_type":"article","og_title":"Orden de aprehensi\u00f3n contra Mart\u00ednez - Esbozo Deportivo","og_description":"Un juez de la capital mexicana emiti\u00f3 una orden de aprehensi\u00f3n en contra de Jes\u00fas Mart\u00ednez, propietario de los clubes Pachuca y Le\u00f3n de la m\u00e1xima categor\u00eda del f\u00fatbol nacional, en medio de un pleito por derechos de televisi\u00f3n.","og_url":"https:\/\/esbozodeportivo.com\/index.php\/2025\/10\/30\/orden-de-aprehension-contra-martinez\/","og_site_name":"Esbozo Deportivo","article_published_time":"2025-10-30T06:48:40+00:00","article_modified_time":"2025-10-30T06:48:41+00:00","og_image":[{"width":293,"height":172,"url":"https:\/\/esbozodeportivo.com\/wp-content\/uploads\/2025\/10\/Pachuca.jpg","type":"image\/jpeg"}],"author":"Redacci\u00f3n","twitter_card":"summary_large_image","twitter_misc":{"Escrito por":"Redacci\u00f3n","Tiempo de lectura":"2 minutos"},"schema":{"@context":"https:\/\/schema.org","@graph":[{"@type":"Article","@id":"https:\/\/esbozodeportivo.com\/index.php\/2025\/10\/30\/orden-de-aprehension-contra-martinez\/#article","isPartOf":{"@id":"https:\/\/esbozodeportivo.com\/index.php\/2025\/10\/30\/orden-de-aprehension-contra-martinez\/"},"author":{"name":"Redacci\u00f3n","@id":"https:\/\/esbozodeportivo.com\/#\/schema\/person\/0f6df9196dfe6740dd0bb31bae50d374"},"headline":"Orden de aprehensi\u00f3n contra Mart\u00ednez","datePublished":"2025-10-30T06:48:40+00:00","dateModified":"2025-10-30T06:48:41+00:00","mainEntityOfPage":{"@id":"https:\/\/esbozodeportivo.com\/index.php\/2025\/10\/30\/orden-de-aprehension-contra-martinez\/"},"wordCount":248,"publisher":{"@id":"https:\/\/esbozodeportivo.com\/#organization"},"image":{"@id":"https:\/\/esbozodeportivo.com\/index.php\/2025\/10\/30\/orden-de-aprehension-contra-martinez\/#primaryimage"},"thumbnailUrl":"https:\/\/esbozodeportivo.com\/wp-content\/uploads\/2025\/10\/Pachuca.jpg","articleSection":["Futbol"],"inLanguage":"es"},{"@type":"WebPage","@id":"https:\/\/esbozodeportivo.com\/index.php\/2025\/10\/30\/orden-de-aprehension-contra-martinez\/","url":"https:\/\/esbozodeportivo.com\/index.php\/2025\/10\/30\/orden-de-aprehension-contra-martinez\/","name":"Orden de aprehensi\u00f3n contra Mart\u00ednez - Esbozo Deportivo","isPartOf":{"@id":"https:\/\/esbozodeportivo.com\/#website"},"primaryImageOfPage":{"@id":"https:\/\/esbozodeportivo.com\/index.php\/2025\/10\/30\/orden-de-aprehension-contra-martinez\/#primaryimage"},"image":{"@id":"https:\/\/esbozodeportivo.com\/index.php\/2025\/10\/30\/orden-de-aprehension-contra-martinez\/#primaryimage"},"thumbnailUrl":"https:\/\/esbozodeportivo.com\/wp-content\/uploads\/2025\/10\/Pachuca.jpg","datePublished":"2025-10-30T06:48:40+00:00","dateModified":"2025-10-30T06:48:41+00:00","description":"Un juez de la capital mexicana emiti\u00f3 una orden de aprehensi\u00f3n en contra de Jes\u00fas Mart\u00ednez, propietario de los clubes Pachuca y Le\u00f3n de la m\u00e1xima categor\u00eda del f\u00fatbol nacional, en medio de un pleito por derechos de televisi\u00f3n.","breadcrumb":{"@id":"https:\/\/esbozodeportivo.com\/index.php\/2025\/10\/30\/orden-de-aprehension-contra-martinez\/#breadcrumb"},"inLanguage":"es","potentialAction":[{"@type":"ReadAction","target":["https:\/\/esbozodeportivo.com\/index.php\/2025\/10\/30\/orden-de-aprehension-contra-martinez\/"]}]},{"@type":"ImageObject","inLanguage":"es","@id":"https:\/\/esbozodeportivo.com\/index.php\/2025\/10\/30\/orden-de-aprehension-contra-martinez\/#primaryimage","url":"https:\/\/esbozodeportivo.com\/wp-content\/uploads\/2025\/10\/Pachuca.jpg","contentUrl":"https:\/\/esbozodeportivo.com\/wp-content\/uploads\/2025\/10\/Pachuca.jpg","width":293,"height":172},{"@type":"BreadcrumbList","@id":"https:\/\/esbozodeportivo.com\/index.php\/2025\/10\/30\/orden-de-aprehension-contra-martinez\/#breadcrumb","itemListElement":[{"@type":"ListItem","position":1,"name":"Inicio","item":"https:\/\/esbozodeportivo.com\/"},{"@type":"ListItem","position":2,"name":"Orden de aprehensi\u00f3n contra Mart\u00ednez"}]},{"@type":"WebSite","@id":"https:\/\/esbozodeportivo.com\/#website","url":"https:\/\/esbozodeportivo.com\/","name":"Esbozo Deportivo","description":"Lo m\u00e1s importante del Deporte","publisher":{"@id":"https:\/\/esbozodeportivo.com\/#organization"},"potentialAction":[{"@type":"SearchAction","target":{"@type":"EntryPoint","urlTemplate":"https:\/\/esbozodeportivo.com\/?s={search_term_string}"},"query-input":{"@type":"PropertyValueSpecification","valueRequired":true,"valueName":"search_term_string"}}],"inLanguage":"es"},{"@type":"Organization","@id":"https:\/\/esbozodeportivo.com\/#organization","name":"Esbozo Deportivo","url":"https:\/\/esbozodeportivo.com\/","logo":{"@type":"ImageObject","inLanguage":"es","@id":"https:\/\/esbozodeportivo.com\/#\/schema\/logo\/image\/","url":"https:\/\/esbozodeportivo.com\/wp-content\/uploads\/2022\/08\/cropped-Logo-Esbozo-Web-2.png","contentUrl":"https:\/\/esbozodeportivo.com\/wp-content\/uploads\/2022\/08\/cropped-Logo-Esbozo-Web-2.png","width":180,"height":50,"caption":"Esbozo Deportivo"},"image":{"@id":"https:\/\/esbozodeportivo.com\/#\/schema\/logo\/image\/"}},{"@type":"Person","@id":"https:\/\/esbozodeportivo.com\/#\/schema\/person\/0f6df9196dfe6740dd0bb31bae50d374","name":"Redacci\u00f3n","image":{"@type":"ImageObject","inLanguage":"es","@id":"https:\/\/esbozodeportivo.com\/#\/schema\/person\/image\/","url":"https:\/\/secure.gravatar.com\/avatar\/f55268a89c3b418f2ef172ff52ab0d09b3e653c58de29539fe329fb93d78ebf3?s=96&d=mm&r=g","contentUrl":"https:\/\/secure.gravatar.com\/avatar\/f55268a89c3b418f2ef172ff52ab0d09b3e653c58de29539fe329fb93d78ebf3?s=96&d=mm&r=g","caption":"Redacci\u00f3n"},"url":"https:\/\/esbozodeportivo.com\/index.php\/author\/redaccion\/"}]}},"jetpack_featured_media_url":"https:\/\/esbozodeportivo.com\/wp-content\/uploads\/2025\/10\/Pachuca.jpg","jetpack_sharing_enabled":true,"_links":{"self":[{"href":"https:\/\/esbozodeportivo.com\/index.php\/wp-json\/wp\/v2\/posts\/10855","targetHints":{"allow":["GET"]}}],"collection":[{"href":"https:\/\/esbozodeportivo.com\/index.php\/wp-json\/wp\/v2\/posts"}],"about":[{"href":"https:\/\/esbozodeportivo.com\/index.php\/wp-json\/wp\/v2\/types\/post"}],"author":[{"embeddable":true,"href":"https:\/\/esbozodeportivo.com\/index.php\/wp-json\/wp\/v2\/users\/4"}],"replies":[{"embeddable":true,"href":"https:\/\/esbozodeportivo.com\/index.php\/wp-json\/wp\/v2\/comments?post=10855"}],"version-history":[{"count":1,"href":"https:\/\/esbozodeportivo.com\/index.php\/wp-json\/wp\/v2\/posts\/10855\/revisions"}],"predecessor-version":[{"id":10863,"href":"https:\/\/esbozodeportivo.com\/index.php\/wp-json\/wp\/v2\/posts\/10855\/revisions\/10863"}],"wp:featuredmedia":[{"embeddable":true,"href":"https:\/\/esbozodeportivo.com\/index.php\/wp-json\/wp\/v2\/media\/10862"}],"wp:attachment":[{"href":"https:\/\/esbozodeportivo.com\/index.php\/wp-json\/wp\/v2\/media?parent=10855"}],"wp:term":[{"taxonomy":"category","embeddable":true,"href":"https:\/\/esbozodeportivo.com\/index.php\/wp-json\/wp\/v2\/categories?post=10855"},{"taxonomy":"post_tag","embeddable":true,"href":"https:\/\/esbozodeportivo.com\/index.php\/wp-json\/wp\/v2\/tags?post=10855"}],"curies":[{"name":"wp","href":"https:\/\/api.w.org\/{rel}","templated":true}]}}