{"id":10870,"date":"2025-10-30T00:59:11","date_gmt":"2025-10-30T06:59:11","guid":{"rendered":"https:\/\/esbozodeportivo.com\/?p=10870"},"modified":"2025-10-30T00:59:13","modified_gmt":"2025-10-30T06:59:13","slug":"flamengo-finalista-de-la-libertadores","status":"publish","type":"post","link":"https:\/\/esbozodeportivo.com\/index.php\/2025\/10\/30\/flamengo-finalista-de-la-libertadores\/","title":{"rendered":"Flamengo, finalista de la Libertadores"},"content":{"rendered":"\n<p>(Foto: Agencias) <\/p>\n\n\n\n<p>Flamengo resisti\u00f3 con un jugador menos m\u00e1s de media hora para igualar el mi\u00e9rcoles 0-0 con Racing Club y avanzar a la final de la Copa Libertadores.<\/p>\n\n\n\n<p>A pesar de sufrir la expulsi\u00f3n del delantero Gonzalo Plata a los 56 minutos, el Mengao se defendi\u00f3 para hacer valer el solitario tanto logrado en el partido de ida y continuar la b\u00fasqueda de su cuarto t\u00edtulo en el m\u00e1ximo torneo sudamericano.<\/p>\n\n\n\n<p>El gol conseguido por Jorge Carrascal hace una semana en R\u00edo de Janeiro fue suficiente para que el equipo carioca asegure presencia brasile\u00f1a en la final de la Libertadores por s\u00e9ptimo a\u00f1o consecutivo.<\/p>\n\n\n\n<p>La \u00faltima definici\u00f3n que no tuvo equipos de Brasil fue la que disputaron River Plate y Boca Juniors en 2018 en Madrid.<\/p>\n\n\n\n<p>De las \u00faltimas ochos ediciones, siete campeones fueron de Brasil, incluyendo los triunfos de Flamengo en 2019 y 2022. Nunca un pa\u00eds hab\u00eda logrado semejante hegemon\u00eda en la competencia desde su creaci\u00f3n en 1960.<\/p>\n\n\n\n<p>El rival de Flamengo se conocer\u00e1 el jueves cuando se defina en Sao Paulo la llave entre Palmeiras y Liga de Quito, que tiene en ventaja 3-0 al conjunto ecuatoriano.<\/p>\n\n\n\n<p>La final de la Libertadores est\u00e1 prevista para el 29 de noviembre en el estadio Monumental de Lima.<\/p>\n\n\n\n<p>En el estadio El Cilindro, de Buenos Aires, el arquero argentino Agust\u00edn Rossi se erigi\u00f3 como la figura de Flamengo, tricampe\u00f3n del certamen, al completar cuatro paradas decisivas a lo largo del compromiso.<\/p>\n\n\n\n<p>La defensa de Rossi y de todo el Mengao tuvo mayor protagonismo tras la tarjeta roja que vio Plata por una agresi\u00f3n contra Marcos Rojo cuando el juego estaba detenido en el tramo inicial de la segunda parte.<\/p>\n\n\n\n<p>El cuadro dirigido por Filipe Luis hab\u00eda salido a plantar cara en Avellaneda y en el primer tiempo provoc\u00f3 dos atajadas del arquero Facundo Cambeses, una de ellas con el rostro en una clara llegada de Giorgian De Arrascaeta.<\/p>\n\n\n\n<p>Racing tambi\u00e9n tuvo una ocasi\u00f3n para abrir el marcador en un primer tiempo de ida y vuelta, pero Rossi detuvo un potente cabezazo de Tom\u00e1s Conechny.<\/p>\n\n\n\n<p>El libreto del encuentro de vuelta de las semifinales cambi\u00f3 con la expulsi\u00f3n de Plata, que oblig\u00f3 a Flamengo a prescindir de Carrascal y De Arrascaeta, sus jugadores m\u00e1s creativos, y reforzar la defensa con la entrada de Danilo.<\/p>\n\n\n\n<p>Con el aliento de su hinchada, Racing, vigente campe\u00f3n de la Copa Sudamericana y cuyo \u00fanico t\u00edtulo de Libertadores lleg\u00f3 en 1967, se volc\u00f3 al ataque con el ingreso de Duv\u00e1n Vergara, Luciano Vietto y Adri\u00e1n Balboa.<\/p>\n\n\n\n<p>Rossi evit\u00f3 la ca\u00edda de su valla a 20 minutos del final en intentos consecutivos de Agust\u00edn Almendra y Adri\u00e1n Mart\u00ednez, uno de los m\u00e1ximos artilleros del torneo, junto a Jos\u00e9 Manuel L\u00f3pez (Palmeiras), con siete dianas.<\/p>\n\n\n\n<p>A los 74, Rojo vio la cartulina roja, pero la sanci\u00f3n fue invalidada tras la revisi\u00f3n del video al corregir que su choque con Leo Ortiz hab\u00eda sido con la cabeza, en lugar de con el codo como hab\u00eda apreciado en primera instancia el \u00e1rbitro chileno Piero Maza.<\/p>\n\n\n\n<p>El cuadro conducido por Gustavo Costas busc\u00f3 igualar la serie con hasta 38 centros al \u00e1rea, pero la zaga de Flamengo protegi\u00f3 la ventaja con orden y sacrificio, sobre todo con la actuaci\u00f3n de Leo Pereira, que complet\u00f3 11 despejes.<\/p>\n\n\n\n<p>En el tiempo de descuento, Rossi coron\u00f3 su gran actuaci\u00f3n al bloquear un tiro de Vietto desde el punto penal.<\/p>\n\n\n\n<p><\/p>\n","protected":false},"excerpt":{"rendered":"<p>(Foto: Agencias) Flamengo resisti\u00f3 con un jugador menos m\u00e1s de media hora para igualar el<\/p>\n","protected":false},"author":4,"featured_media":10857,"comment_status":"closed","ping_status":"open","sticky":false,"template":"","format":"standard","meta":{"_jetpack_memberships_contains_paid_content":false,"footnotes":""},"categories":[42],"tags":[],"class_list":["post-10870","post","type-post","status-publish","format-standard","has-post-thumbnail","hentry","category-copa-libertadores"],"yoast_head":"<!-- This site is optimized with the Yoast SEO plugin v25.7 - https:\/\/yoast.com\/wordpress\/plugins\/seo\/ -->\n<title>Flamengo, finalista de la Libertadores - Esbozo Deportivo<\/title>\n<meta name=\"description\" content=\"A pesar de sufrir la expulsi\u00f3n del delantero Gonzalo Plata a los 56 minutos, el Mengao se defendi\u00f3 para hacer valer el solitario tanto logrado en el partido de ida y continuar la b\u00fasqueda de su cuarto t\u00edtulo en el m\u00e1ximo torneo sudamericano.\" \/>\n<meta name=\"robots\" content=\"index, follow, max-snippet:-1, max-image-preview:large, max-video-preview:-1\" \/>\n<link rel=\"canonical\" href=\"https:\/\/esbozodeportivo.com\/index.php\/2025\/10\/30\/flamengo-finalista-de-la-libertadores\/\" \/>\n<meta property=\"og:locale\" content=\"es_MX\" \/>\n<meta property=\"og:type\" content=\"article\" \/>\n<meta property=\"og:title\" content=\"Flamengo, finalista de la Libertadores - Esbozo Deportivo\" \/>\n<meta property=\"og:description\" content=\"A pesar de sufrir la expulsi\u00f3n del delantero Gonzalo Plata a los 56 minutos, el Mengao se defendi\u00f3 para hacer valer el solitario tanto logrado en el partido de ida y continuar la b\u00fasqueda de su cuarto t\u00edtulo en el m\u00e1ximo torneo sudamericano.\" \/>\n<meta property=\"og:url\" content=\"https:\/\/esbozodeportivo.com\/index.php\/2025\/10\/30\/flamengo-finalista-de-la-libertadores\/\" \/>\n<meta property=\"og:site_name\" content=\"Esbozo Deportivo\" \/>\n<meta property=\"article:published_time\" content=\"2025-10-30T06:59:11+00:00\" \/>\n<meta property=\"article:modified_time\" content=\"2025-10-30T06:59:13+00:00\" \/>\n<meta property=\"og:image\" content=\"https:\/\/esbozodeportivo.com\/wp-content\/uploads\/2025\/10\/Futbol-7.jpg\" \/>\n\t<meta property=\"og:image:width\" content=\"980\" \/>\n\t<meta property=\"og:image:height\" content=\"653\" \/>\n\t<meta property=\"og:image:type\" content=\"image\/jpeg\" \/>\n<meta name=\"author\" content=\"Redacci\u00f3n\" \/>\n<meta name=\"twitter:card\" content=\"summary_large_image\" \/>\n<meta name=\"twitter:label1\" content=\"Escrito por\" \/>\n\t<meta name=\"twitter:data1\" content=\"Redacci\u00f3n\" \/>\n\t<meta name=\"twitter:label2\" content=\"Tiempo de lectura\" \/>\n\t<meta name=\"twitter:data2\" content=\"3 minutos\" \/>\n<script type=\"application\/ld+json\" class=\"yoast-schema-graph\">{\"@context\":\"https:\/\/schema.org\",\"@graph\":[{\"@type\":\"Article\",\"@id\":\"https:\/\/esbozodeportivo.com\/index.php\/2025\/10\/30\/flamengo-finalista-de-la-libertadores\/#article\",\"isPartOf\":{\"@id\":\"https:\/\/esbozodeportivo.com\/index.php\/2025\/10\/30\/flamengo-finalista-de-la-libertadores\/\"},\"author\":{\"name\":\"Redacci\u00f3n\",\"@id\":\"https:\/\/esbozodeportivo.com\/#\/schema\/person\/0f6df9196dfe6740dd0bb31bae50d374\"},\"headline\":\"Flamengo, finalista de la Libertadores\",\"datePublished\":\"2025-10-30T06:59:11+00:00\",\"dateModified\":\"2025-10-30T06:59:13+00:00\",\"mainEntityOfPage\":{\"@id\":\"https:\/\/esbozodeportivo.com\/index.php\/2025\/10\/30\/flamengo-finalista-de-la-libertadores\/\"},\"wordCount\":600,\"publisher\":{\"@id\":\"https:\/\/esbozodeportivo.com\/#organization\"},\"image\":{\"@id\":\"https:\/\/esbozodeportivo.com\/index.php\/2025\/10\/30\/flamengo-finalista-de-la-libertadores\/#primaryimage\"},\"thumbnailUrl\":\"https:\/\/esbozodeportivo.com\/wp-content\/uploads\/2025\/10\/Futbol-7.jpg\",\"articleSection\":[\"Copa Libertadores\"],\"inLanguage\":\"es\"},{\"@type\":\"WebPage\",\"@id\":\"https:\/\/esbozodeportivo.com\/index.php\/2025\/10\/30\/flamengo-finalista-de-la-libertadores\/\",\"url\":\"https:\/\/esbozodeportivo.com\/index.php\/2025\/10\/30\/flamengo-finalista-de-la-libertadores\/\",\"name\":\"Flamengo, finalista de la Libertadores - Esbozo Deportivo\",\"isPartOf\":{\"@id\":\"https:\/\/esbozodeportivo.com\/#website\"},\"primaryImageOfPage\":{\"@id\":\"https:\/\/esbozodeportivo.com\/index.php\/2025\/10\/30\/flamengo-finalista-de-la-libertadores\/#primaryimage\"},\"image\":{\"@id\":\"https:\/\/esbozodeportivo.com\/index.php\/2025\/10\/30\/flamengo-finalista-de-la-libertadores\/#primaryimage\"},\"thumbnailUrl\":\"https:\/\/esbozodeportivo.com\/wp-content\/uploads\/2025\/10\/Futbol-7.jpg\",\"datePublished\":\"2025-10-30T06:59:11+00:00\",\"dateModified\":\"2025-10-30T06:59:13+00:00\",\"description\":\"A pesar de sufrir la expulsi\u00f3n del delantero Gonzalo Plata a los 56 minutos, el Mengao se defendi\u00f3 para hacer valer el solitario tanto logrado en el partido de ida y continuar la b\u00fasqueda de su cuarto t\u00edtulo en el m\u00e1ximo torneo sudamericano.\",\"breadcrumb\":{\"@id\":\"https:\/\/esbozodeportivo.com\/index.php\/2025\/10\/30\/flamengo-finalista-de-la-libertadores\/#breadcrumb\"},\"inLanguage\":\"es\",\"potentialAction\":[{\"@type\":\"ReadAction\",\"target\":[\"https:\/\/esbozodeportivo.com\/index.php\/2025\/10\/30\/flamengo-finalista-de-la-libertadores\/\"]}]},{\"@type\":\"ImageObject\",\"inLanguage\":\"es\",\"@id\":\"https:\/\/esbozodeportivo.com\/index.php\/2025\/10\/30\/flamengo-finalista-de-la-libertadores\/#primaryimage\",\"url\":\"https:\/\/esbozodeportivo.com\/wp-content\/uploads\/2025\/10\/Futbol-7.jpg\",\"contentUrl\":\"https:\/\/esbozodeportivo.com\/wp-content\/uploads\/2025\/10\/Futbol-7.jpg\",\"width\":980,\"height\":653},{\"@type\":\"BreadcrumbList\",\"@id\":\"https:\/\/esbozodeportivo.com\/index.php\/2025\/10\/30\/flamengo-finalista-de-la-libertadores\/#breadcrumb\",\"itemListElement\":[{\"@type\":\"ListItem\",\"position\":1,\"name\":\"Inicio\",\"item\":\"https:\/\/esbozodeportivo.com\/\"},{\"@type\":\"ListItem\",\"position\":2,\"name\":\"Flamengo, finalista de la Libertadores\"}]},{\"@type\":\"WebSite\",\"@id\":\"https:\/\/esbozodeportivo.com\/#website\",\"url\":\"https:\/\/esbozodeportivo.com\/\",\"name\":\"Esbozo Deportivo\",\"description\":\"Lo m\u00e1s importante del Deporte\",\"publisher\":{\"@id\":\"https:\/\/esbozodeportivo.com\/#organization\"},\"potentialAction\":[{\"@type\":\"SearchAction\",\"target\":{\"@type\":\"EntryPoint\",\"urlTemplate\":\"https:\/\/esbozodeportivo.com\/?s={search_term_string}\"},\"query-input\":{\"@type\":\"PropertyValueSpecification\",\"valueRequired\":true,\"valueName\":\"search_term_string\"}}],\"inLanguage\":\"es\"},{\"@type\":\"Organization\",\"@id\":\"https:\/\/esbozodeportivo.com\/#organization\",\"name\":\"Esbozo Deportivo\",\"url\":\"https:\/\/esbozodeportivo.com\/\",\"logo\":{\"@type\":\"ImageObject\",\"inLanguage\":\"es\",\"@id\":\"https:\/\/esbozodeportivo.com\/#\/schema\/logo\/image\/\",\"url\":\"https:\/\/esbozodeportivo.com\/wp-content\/uploads\/2022\/08\/cropped-Logo-Esbozo-Web-2.png\",\"contentUrl\":\"https:\/\/esbozodeportivo.com\/wp-content\/uploads\/2022\/08\/cropped-Logo-Esbozo-Web-2.png\",\"width\":180,\"height\":50,\"caption\":\"Esbozo Deportivo\"},\"image\":{\"@id\":\"https:\/\/esbozodeportivo.com\/#\/schema\/logo\/image\/\"}},{\"@type\":\"Person\",\"@id\":\"https:\/\/esbozodeportivo.com\/#\/schema\/person\/0f6df9196dfe6740dd0bb31bae50d374\",\"name\":\"Redacci\u00f3n\",\"image\":{\"@type\":\"ImageObject\",\"inLanguage\":\"es\",\"@id\":\"https:\/\/esbozodeportivo.com\/#\/schema\/person\/image\/\",\"url\":\"https:\/\/secure.gravatar.com\/avatar\/f55268a89c3b418f2ef172ff52ab0d09b3e653c58de29539fe329fb93d78ebf3?s=96&d=mm&r=g\",\"contentUrl\":\"https:\/\/secure.gravatar.com\/avatar\/f55268a89c3b418f2ef172ff52ab0d09b3e653c58de29539fe329fb93d78ebf3?s=96&d=mm&r=g\",\"caption\":\"Redacci\u00f3n\"},\"url\":\"https:\/\/esbozodeportivo.com\/index.php\/author\/redaccion\/\"}]}<\/script>\n<!-- \/ Yoast SEO plugin. -->","yoast_head_json":{"title":"Flamengo, finalista de la Libertadores - Esbozo Deportivo","description":"A pesar de sufrir la expulsi\u00f3n del delantero Gonzalo Plata a los 56 minutos, el Mengao se defendi\u00f3 para hacer valer el solitario tanto logrado en el partido de ida y continuar la b\u00fasqueda de su cuarto t\u00edtulo en el m\u00e1ximo torneo sudamericano.","robots":{"index":"index","follow":"follow","max-snippet":"max-snippet:-1","max-image-preview":"max-image-preview:large","max-video-preview":"max-video-preview:-1"},"canonical":"https:\/\/esbozodeportivo.com\/index.php\/2025\/10\/30\/flamengo-finalista-de-la-libertadores\/","og_locale":"es_MX","og_type":"article","og_title":"Flamengo, finalista de la Libertadores - Esbozo Deportivo","og_description":"A pesar de sufrir la expulsi\u00f3n del delantero Gonzalo Plata a los 56 minutos, el Mengao se defendi\u00f3 para hacer valer el solitario tanto logrado en el partido de ida y continuar la b\u00fasqueda de su cuarto t\u00edtulo en el m\u00e1ximo torneo sudamericano.","og_url":"https:\/\/esbozodeportivo.com\/index.php\/2025\/10\/30\/flamengo-finalista-de-la-libertadores\/","og_site_name":"Esbozo Deportivo","article_published_time":"2025-10-30T06:59:11+00:00","article_modified_time":"2025-10-30T06:59:13+00:00","og_image":[{"width":980,"height":653,"url":"https:\/\/esbozodeportivo.com\/wp-content\/uploads\/2025\/10\/Futbol-7.jpg","type":"image\/jpeg"}],"author":"Redacci\u00f3n","twitter_card":"summary_large_image","twitter_misc":{"Escrito por":"Redacci\u00f3n","Tiempo de lectura":"3 minutos"},"schema":{"@context":"https:\/\/schema.org","@graph":[{"@type":"Article","@id":"https:\/\/esbozodeportivo.com\/index.php\/2025\/10\/30\/flamengo-finalista-de-la-libertadores\/#article","isPartOf":{"@id":"https:\/\/esbozodeportivo.com\/index.php\/2025\/10\/30\/flamengo-finalista-de-la-libertadores\/"},"author":{"name":"Redacci\u00f3n","@id":"https:\/\/esbozodeportivo.com\/#\/schema\/person\/0f6df9196dfe6740dd0bb31bae50d374"},"headline":"Flamengo, finalista de la Libertadores","datePublished":"2025-10-30T06:59:11+00:00","dateModified":"2025-10-30T06:59:13+00:00","mainEntityOfPage":{"@id":"https:\/\/esbozodeportivo.com\/index.php\/2025\/10\/30\/flamengo-finalista-de-la-libertadores\/"},"wordCount":600,"publisher":{"@id":"https:\/\/esbozodeportivo.com\/#organization"},"image":{"@id":"https:\/\/esbozodeportivo.com\/index.php\/2025\/10\/30\/flamengo-finalista-de-la-libertadores\/#primaryimage"},"thumbnailUrl":"https:\/\/esbozodeportivo.com\/wp-content\/uploads\/2025\/10\/Futbol-7.jpg","articleSection":["Copa Libertadores"],"inLanguage":"es"},{"@type":"WebPage","@id":"https:\/\/esbozodeportivo.com\/index.php\/2025\/10\/30\/flamengo-finalista-de-la-libertadores\/","url":"https:\/\/esbozodeportivo.com\/index.php\/2025\/10\/30\/flamengo-finalista-de-la-libertadores\/","name":"Flamengo, finalista de la Libertadores - Esbozo Deportivo","isPartOf":{"@id":"https:\/\/esbozodeportivo.com\/#website"},"primaryImageOfPage":{"@id":"https:\/\/esbozodeportivo.com\/index.php\/2025\/10\/30\/flamengo-finalista-de-la-libertadores\/#primaryimage"},"image":{"@id":"https:\/\/esbozodeportivo.com\/index.php\/2025\/10\/30\/flamengo-finalista-de-la-libertadores\/#primaryimage"},"thumbnailUrl":"https:\/\/esbozodeportivo.com\/wp-content\/uploads\/2025\/10\/Futbol-7.jpg","datePublished":"2025-10-30T06:59:11+00:00","dateModified":"2025-10-30T06:59:13+00:00","description":"A pesar de sufrir la expulsi\u00f3n del delantero Gonzalo Plata a los 56 minutos, el Mengao se defendi\u00f3 para hacer valer el solitario tanto logrado en el partido de ida y continuar la b\u00fasqueda de su cuarto t\u00edtulo en el m\u00e1ximo torneo sudamericano.","breadcrumb":{"@id":"https:\/\/esbozodeportivo.com\/index.php\/2025\/10\/30\/flamengo-finalista-de-la-libertadores\/#breadcrumb"},"inLanguage":"es","potentialAction":[{"@type":"ReadAction","target":["https:\/\/esbozodeportivo.com\/index.php\/2025\/10\/30\/flamengo-finalista-de-la-libertadores\/"]}]},{"@type":"ImageObject","inLanguage":"es","@id":"https:\/\/esbozodeportivo.com\/index.php\/2025\/10\/30\/flamengo-finalista-de-la-libertadores\/#primaryimage","url":"https:\/\/esbozodeportivo.com\/wp-content\/uploads\/2025\/10\/Futbol-7.jpg","contentUrl":"https:\/\/esbozodeportivo.com\/wp-content\/uploads\/2025\/10\/Futbol-7.jpg","width":980,"height":653},{"@type":"BreadcrumbList","@id":"https:\/\/esbozodeportivo.com\/index.php\/2025\/10\/30\/flamengo-finalista-de-la-libertadores\/#breadcrumb","itemListElement":[{"@type":"ListItem","position":1,"name":"Inicio","item":"https:\/\/esbozodeportivo.com\/"},{"@type":"ListItem","position":2,"name":"Flamengo, finalista de la Libertadores"}]},{"@type":"WebSite","@id":"https:\/\/esbozodeportivo.com\/#website","url":"https:\/\/esbozodeportivo.com\/","name":"Esbozo Deportivo","description":"Lo m\u00e1s importante del Deporte","publisher":{"@id":"https:\/\/esbozodeportivo.com\/#organization"},"potentialAction":[{"@type":"SearchAction","target":{"@type":"EntryPoint","urlTemplate":"https:\/\/esbozodeportivo.com\/?s={search_term_string}"},"query-input":{"@type":"PropertyValueSpecification","valueRequired":true,"valueName":"search_term_string"}}],"inLanguage":"es"},{"@type":"Organization","@id":"https:\/\/esbozodeportivo.com\/#organization","name":"Esbozo Deportivo","url":"https:\/\/esbozodeportivo.com\/","logo":{"@type":"ImageObject","inLanguage":"es","@id":"https:\/\/esbozodeportivo.com\/#\/schema\/logo\/image\/","url":"https:\/\/esbozodeportivo.com\/wp-content\/uploads\/2022\/08\/cropped-Logo-Esbozo-Web-2.png","contentUrl":"https:\/\/esbozodeportivo.com\/wp-content\/uploads\/2022\/08\/cropped-Logo-Esbozo-Web-2.png","width":180,"height":50,"caption":"Esbozo Deportivo"},"image":{"@id":"https:\/\/esbozodeportivo.com\/#\/schema\/logo\/image\/"}},{"@type":"Person","@id":"https:\/\/esbozodeportivo.com\/#\/schema\/person\/0f6df9196dfe6740dd0bb31bae50d374","name":"Redacci\u00f3n","image":{"@type":"ImageObject","inLanguage":"es","@id":"https:\/\/esbozodeportivo.com\/#\/schema\/person\/image\/","url":"https:\/\/secure.gravatar.com\/avatar\/f55268a89c3b418f2ef172ff52ab0d09b3e653c58de29539fe329fb93d78ebf3?s=96&d=mm&r=g","contentUrl":"https:\/\/secure.gravatar.com\/avatar\/f55268a89c3b418f2ef172ff52ab0d09b3e653c58de29539fe329fb93d78ebf3?s=96&d=mm&r=g","caption":"Redacci\u00f3n"},"url":"https:\/\/esbozodeportivo.com\/index.php\/author\/redaccion\/"}]}},"jetpack_featured_media_url":"https:\/\/esbozodeportivo.com\/wp-content\/uploads\/2025\/10\/Futbol-7.jpg","jetpack_sharing_enabled":true,"_links":{"self":[{"href":"https:\/\/esbozodeportivo.com\/index.php\/wp-json\/wp\/v2\/posts\/10870","targetHints":{"allow":["GET"]}}],"collection":[{"href":"https:\/\/esbozodeportivo.com\/index.php\/wp-json\/wp\/v2\/posts"}],"about":[{"href":"https:\/\/esbozodeportivo.com\/index.php\/wp-json\/wp\/v2\/types\/post"}],"author":[{"embeddable":true,"href":"https:\/\/esbozodeportivo.com\/index.php\/wp-json\/wp\/v2\/users\/4"}],"replies":[{"embeddable":true,"href":"https:\/\/esbozodeportivo.com\/index.php\/wp-json\/wp\/v2\/comments?post=10870"}],"version-history":[{"count":1,"href":"https:\/\/esbozodeportivo.com\/index.php\/wp-json\/wp\/v2\/posts\/10870\/revisions"}],"predecessor-version":[{"id":10871,"href":"https:\/\/esbozodeportivo.com\/index.php\/wp-json\/wp\/v2\/posts\/10870\/revisions\/10871"}],"wp:featuredmedia":[{"embeddable":true,"href":"https:\/\/esbozodeportivo.com\/index.php\/wp-json\/wp\/v2\/media\/10857"}],"wp:attachment":[{"href":"https:\/\/esbozodeportivo.com\/index.php\/wp-json\/wp\/v2\/media?parent=10870"}],"wp:term":[{"taxonomy":"category","embeddable":true,"href":"https:\/\/esbozodeportivo.com\/index.php\/wp-json\/wp\/v2\/categories?post=10870"},{"taxonomy":"post_tag","embeddable":true,"href":"https:\/\/esbozodeportivo.com\/index.php\/wp-json\/wp\/v2\/tags?post=10870"}],"curies":[{"name":"wp","href":"https:\/\/api.w.org\/{rel}","templated":true}]}}