{"id":10953,"date":"2025-11-03T15:39:04","date_gmt":"2025-11-03T21:39:04","guid":{"rendered":"https:\/\/esbozodeportivo.com\/?p=10953"},"modified":"2025-11-03T15:39:05","modified_gmt":"2025-11-03T21:39:05","slug":"sinner-primero-en-el-ranking","status":"publish","type":"post","link":"https:\/\/esbozodeportivo.com\/index.php\/2025\/11\/03\/sinner-primero-en-el-ranking\/","title":{"rendered":"Sinner, primero en el ranking"},"content":{"rendered":"\n<p>No son solo los t\u00edtulos de Grand Slam los que Jannik Sinner y Carlos Alcaraz han estado monopolizando este a\u00f1o.<\/p>\n\n\n\n<p>Los dos mejores tenistas del momento tambi\u00e9n se est\u00e1n turnando el n\u00famero uno del ranking.<\/p>\n\n\n\n<p>Sinner regres\u00f3 oficialmente al primer lugar en el ranking de la ATP el lunes tras su consagraci\u00f3n en el Masters de Par\u00eds, reemplazando a Alcaraz, quien hab\u00eda mantenido el honor durante casi dos meses.<\/p>\n\n\n\n<p>Pero debido a las matem\u00e1ticas y reglas del escalaf\u00f3n, Alcaraz volver\u00e1 al n\u00famero uno el pr\u00f3ximo lunes.<\/p>\n\n\n\n<p>El italiano y el espa\u00f1ol est\u00e1n separados por tan pocos puntos ahora \u2014Sinner lidera con 11.500 puntos frente a los 11.250 de Alcaraz\u2014 que todo se decidir\u00e1 por sus actuaciones en las Finales de la ATP este mes en Tur\u00edn para determinar qui\u00e9n termina el a\u00f1o en el n\u00famero uno.<\/p>\n\n\n\n<p>Aunque ni Sinner ni Alcaraz juegan esta semana \u2014excepto cuando comiencen las Finales de la ATP el domingo\u2014 la raz\u00f3n por la que el ranking cambiar\u00e1 nuevamente el pr\u00f3ximo lunes es porque ese es el d\u00eda en que se descontar\u00e1n los puntos de la actuaci\u00f3n de cada jugador en la edici\u00f3n del a\u00f1o pasado.<\/p>\n\n\n\n<p>Sinner perder\u00e1 la pr\u00f3xima semana los 1.500 puntos que obtuvo al ganar las Finales el a\u00f1o pasado, mientras que Alcaraz apenas perder\u00e1 los 200 puntos que acumul\u00f3 tras no avanzar desde la fase de grupos.<\/p>\n\n\n\n<p>As\u00ed que el pr\u00f3ximo lunes, el ranking ser\u00e1: Alcaraz 11.050 y Sinner 10.000.<\/p>\n\n\n\n<p>Y no hay posibilidad de que ning\u00fan otro jugador se mueva a los dos primeros lugares en el corto plazo, ya que el n\u00famero tres Alexander Zverev (5.560 puntos), el n\u00famero cuatro Taylor Fritz (4.735) y el n\u00famero cinco Novak Djokovic (4.580) est\u00e1n muy atr\u00e1s.<\/p>\n\n\n\n<p>Sinner y Alcaraz han acumulado sus enormes totales de puntos al ganar, entre otros torneos, los cuatro majors de este a\u00f1o.<\/p>\n\n\n\n<p>Sinner conquist\u00f3 el Abierto de Australia. Luego, Alcaraz venci\u00f3 a Sinner en una \u00e9pica final del Abierto de Francia. Sinner se veng\u00f3 al vencer a Alcaraz en la final de Wimbledon. Y Alcaraz venci\u00f3 a Sinner nuevamente por el trofeo del Abierto de Estados Unidos.<\/p>\n\n\n\n<p><\/p>\n","protected":false},"excerpt":{"rendered":"<p>No son solo los t\u00edtulos de Grand Slam los que Jannik Sinner y Carlos Alcaraz<\/p>\n","protected":false},"author":4,"featured_media":10947,"comment_status":"closed","ping_status":"open","sticky":false,"template":"","format":"standard","meta":{"_jetpack_memberships_contains_paid_content":false,"footnotes":""},"categories":[12],"tags":[],"class_list":["post-10953","post","type-post","status-publish","format-standard","has-post-thumbnail","hentry","category-tenis-internacional"],"yoast_head":"<!-- This site is optimized with the Yoast SEO plugin v25.7 - https:\/\/yoast.com\/wordpress\/plugins\/seo\/ -->\n<title>Sinner, primero en el ranking - Esbozo Deportivo<\/title>\n<meta name=\"description\" content=\"Sinner regres\u00f3 oficialmente al primer lugar en el ranking de la ATP el lunes tras su consagraci\u00f3n en el Masters de Par\u00eds, reemplazando a Alcaraz, quien hab\u00eda mantenido el honor durante casi dos meses.\" \/>\n<meta name=\"robots\" content=\"index, follow, max-snippet:-1, max-image-preview:large, max-video-preview:-1\" \/>\n<link rel=\"canonical\" href=\"https:\/\/esbozodeportivo.com\/index.php\/2025\/11\/03\/sinner-primero-en-el-ranking\/\" \/>\n<meta property=\"og:locale\" content=\"es_MX\" \/>\n<meta property=\"og:type\" content=\"article\" \/>\n<meta property=\"og:title\" content=\"Sinner, primero en el ranking - Esbozo Deportivo\" \/>\n<meta property=\"og:description\" content=\"Sinner regres\u00f3 oficialmente al primer lugar en el ranking de la ATP el lunes tras su consagraci\u00f3n en el Masters de Par\u00eds, reemplazando a Alcaraz, quien hab\u00eda mantenido el honor durante casi dos meses.\" \/>\n<meta property=\"og:url\" content=\"https:\/\/esbozodeportivo.com\/index.php\/2025\/11\/03\/sinner-primero-en-el-ranking\/\" \/>\n<meta property=\"og:site_name\" content=\"Esbozo Deportivo\" \/>\n<meta property=\"article:published_time\" content=\"2025-11-03T21:39:04+00:00\" \/>\n<meta property=\"article:modified_time\" content=\"2025-11-03T21:39:05+00:00\" \/>\n<meta property=\"og:image\" content=\"https:\/\/esbozodeportivo.com\/wp-content\/uploads\/2025\/11\/Tenis.jpg\" \/>\n\t<meta property=\"og:image:width\" content=\"1440\" \/>\n\t<meta property=\"og:image:height\" content=\"960\" \/>\n\t<meta property=\"og:image:type\" content=\"image\/jpeg\" \/>\n<meta name=\"author\" content=\"Redacci\u00f3n\" \/>\n<meta name=\"twitter:card\" content=\"summary_large_image\" \/>\n<meta name=\"twitter:label1\" content=\"Escrito por\" \/>\n\t<meta name=\"twitter:data1\" content=\"Redacci\u00f3n\" \/>\n\t<meta name=\"twitter:label2\" content=\"Tiempo de lectura\" \/>\n\t<meta name=\"twitter:data2\" content=\"2 minutos\" \/>\n<script type=\"application\/ld+json\" class=\"yoast-schema-graph\">{\"@context\":\"https:\/\/schema.org\",\"@graph\":[{\"@type\":\"Article\",\"@id\":\"https:\/\/esbozodeportivo.com\/index.php\/2025\/11\/03\/sinner-primero-en-el-ranking\/#article\",\"isPartOf\":{\"@id\":\"https:\/\/esbozodeportivo.com\/index.php\/2025\/11\/03\/sinner-primero-en-el-ranking\/\"},\"author\":{\"name\":\"Redacci\u00f3n\",\"@id\":\"https:\/\/esbozodeportivo.com\/#\/schema\/person\/0f6df9196dfe6740dd0bb31bae50d374\"},\"headline\":\"Sinner, primero en el ranking\",\"datePublished\":\"2025-11-03T21:39:04+00:00\",\"dateModified\":\"2025-11-03T21:39:05+00:00\",\"mainEntityOfPage\":{\"@id\":\"https:\/\/esbozodeportivo.com\/index.php\/2025\/11\/03\/sinner-primero-en-el-ranking\/\"},\"wordCount\":380,\"publisher\":{\"@id\":\"https:\/\/esbozodeportivo.com\/#organization\"},\"image\":{\"@id\":\"https:\/\/esbozodeportivo.com\/index.php\/2025\/11\/03\/sinner-primero-en-el-ranking\/#primaryimage\"},\"thumbnailUrl\":\"https:\/\/esbozodeportivo.com\/wp-content\/uploads\/2025\/11\/Tenis.jpg\",\"articleSection\":[\"Tenis Internacional\"],\"inLanguage\":\"es\"},{\"@type\":\"WebPage\",\"@id\":\"https:\/\/esbozodeportivo.com\/index.php\/2025\/11\/03\/sinner-primero-en-el-ranking\/\",\"url\":\"https:\/\/esbozodeportivo.com\/index.php\/2025\/11\/03\/sinner-primero-en-el-ranking\/\",\"name\":\"Sinner, primero en el ranking - Esbozo Deportivo\",\"isPartOf\":{\"@id\":\"https:\/\/esbozodeportivo.com\/#website\"},\"primaryImageOfPage\":{\"@id\":\"https:\/\/esbozodeportivo.com\/index.php\/2025\/11\/03\/sinner-primero-en-el-ranking\/#primaryimage\"},\"image\":{\"@id\":\"https:\/\/esbozodeportivo.com\/index.php\/2025\/11\/03\/sinner-primero-en-el-ranking\/#primaryimage\"},\"thumbnailUrl\":\"https:\/\/esbozodeportivo.com\/wp-content\/uploads\/2025\/11\/Tenis.jpg\",\"datePublished\":\"2025-11-03T21:39:04+00:00\",\"dateModified\":\"2025-11-03T21:39:05+00:00\",\"description\":\"Sinner regres\u00f3 oficialmente al primer lugar en el ranking de la ATP el lunes tras su consagraci\u00f3n en el Masters de Par\u00eds, reemplazando a Alcaraz, quien hab\u00eda mantenido el honor durante casi dos meses.\",\"breadcrumb\":{\"@id\":\"https:\/\/esbozodeportivo.com\/index.php\/2025\/11\/03\/sinner-primero-en-el-ranking\/#breadcrumb\"},\"inLanguage\":\"es\",\"potentialAction\":[{\"@type\":\"ReadAction\",\"target\":[\"https:\/\/esbozodeportivo.com\/index.php\/2025\/11\/03\/sinner-primero-en-el-ranking\/\"]}]},{\"@type\":\"ImageObject\",\"inLanguage\":\"es\",\"@id\":\"https:\/\/esbozodeportivo.com\/index.php\/2025\/11\/03\/sinner-primero-en-el-ranking\/#primaryimage\",\"url\":\"https:\/\/esbozodeportivo.com\/wp-content\/uploads\/2025\/11\/Tenis.jpg\",\"contentUrl\":\"https:\/\/esbozodeportivo.com\/wp-content\/uploads\/2025\/11\/Tenis.jpg\",\"width\":1440,\"height\":960},{\"@type\":\"BreadcrumbList\",\"@id\":\"https:\/\/esbozodeportivo.com\/index.php\/2025\/11\/03\/sinner-primero-en-el-ranking\/#breadcrumb\",\"itemListElement\":[{\"@type\":\"ListItem\",\"position\":1,\"name\":\"Inicio\",\"item\":\"https:\/\/esbozodeportivo.com\/\"},{\"@type\":\"ListItem\",\"position\":2,\"name\":\"Sinner, primero en el ranking\"}]},{\"@type\":\"WebSite\",\"@id\":\"https:\/\/esbozodeportivo.com\/#website\",\"url\":\"https:\/\/esbozodeportivo.com\/\",\"name\":\"Esbozo Deportivo\",\"description\":\"Lo m\u00e1s importante del Deporte\",\"publisher\":{\"@id\":\"https:\/\/esbozodeportivo.com\/#organization\"},\"potentialAction\":[{\"@type\":\"SearchAction\",\"target\":{\"@type\":\"EntryPoint\",\"urlTemplate\":\"https:\/\/esbozodeportivo.com\/?s={search_term_string}\"},\"query-input\":{\"@type\":\"PropertyValueSpecification\",\"valueRequired\":true,\"valueName\":\"search_term_string\"}}],\"inLanguage\":\"es\"},{\"@type\":\"Organization\",\"@id\":\"https:\/\/esbozodeportivo.com\/#organization\",\"name\":\"Esbozo Deportivo\",\"url\":\"https:\/\/esbozodeportivo.com\/\",\"logo\":{\"@type\":\"ImageObject\",\"inLanguage\":\"es\",\"@id\":\"https:\/\/esbozodeportivo.com\/#\/schema\/logo\/image\/\",\"url\":\"https:\/\/esbozodeportivo.com\/wp-content\/uploads\/2022\/08\/cropped-Logo-Esbozo-Web-2.png\",\"contentUrl\":\"https:\/\/esbozodeportivo.com\/wp-content\/uploads\/2022\/08\/cropped-Logo-Esbozo-Web-2.png\",\"width\":180,\"height\":50,\"caption\":\"Esbozo Deportivo\"},\"image\":{\"@id\":\"https:\/\/esbozodeportivo.com\/#\/schema\/logo\/image\/\"}},{\"@type\":\"Person\",\"@id\":\"https:\/\/esbozodeportivo.com\/#\/schema\/person\/0f6df9196dfe6740dd0bb31bae50d374\",\"name\":\"Redacci\u00f3n\",\"image\":{\"@type\":\"ImageObject\",\"inLanguage\":\"es\",\"@id\":\"https:\/\/esbozodeportivo.com\/#\/schema\/person\/image\/\",\"url\":\"https:\/\/secure.gravatar.com\/avatar\/f55268a89c3b418f2ef172ff52ab0d09b3e653c58de29539fe329fb93d78ebf3?s=96&d=mm&r=g\",\"contentUrl\":\"https:\/\/secure.gravatar.com\/avatar\/f55268a89c3b418f2ef172ff52ab0d09b3e653c58de29539fe329fb93d78ebf3?s=96&d=mm&r=g\",\"caption\":\"Redacci\u00f3n\"},\"url\":\"https:\/\/esbozodeportivo.com\/index.php\/author\/redaccion\/\"}]}<\/script>\n<!-- \/ Yoast SEO plugin. -->","yoast_head_json":{"title":"Sinner, primero en el ranking - Esbozo Deportivo","description":"Sinner regres\u00f3 oficialmente al primer lugar en el ranking de la ATP el lunes tras su consagraci\u00f3n en el Masters de Par\u00eds, reemplazando a Alcaraz, quien hab\u00eda mantenido el honor durante casi dos meses.","robots":{"index":"index","follow":"follow","max-snippet":"max-snippet:-1","max-image-preview":"max-image-preview:large","max-video-preview":"max-video-preview:-1"},"canonical":"https:\/\/esbozodeportivo.com\/index.php\/2025\/11\/03\/sinner-primero-en-el-ranking\/","og_locale":"es_MX","og_type":"article","og_title":"Sinner, primero en el ranking - Esbozo Deportivo","og_description":"Sinner regres\u00f3 oficialmente al primer lugar en el ranking de la ATP el lunes tras su consagraci\u00f3n en el Masters de Par\u00eds, reemplazando a Alcaraz, quien hab\u00eda mantenido el honor durante casi dos meses.","og_url":"https:\/\/esbozodeportivo.com\/index.php\/2025\/11\/03\/sinner-primero-en-el-ranking\/","og_site_name":"Esbozo Deportivo","article_published_time":"2025-11-03T21:39:04+00:00","article_modified_time":"2025-11-03T21:39:05+00:00","og_image":[{"width":1440,"height":960,"url":"https:\/\/esbozodeportivo.com\/wp-content\/uploads\/2025\/11\/Tenis.jpg","type":"image\/jpeg"}],"author":"Redacci\u00f3n","twitter_card":"summary_large_image","twitter_misc":{"Escrito por":"Redacci\u00f3n","Tiempo de lectura":"2 minutos"},"schema":{"@context":"https:\/\/schema.org","@graph":[{"@type":"Article","@id":"https:\/\/esbozodeportivo.com\/index.php\/2025\/11\/03\/sinner-primero-en-el-ranking\/#article","isPartOf":{"@id":"https:\/\/esbozodeportivo.com\/index.php\/2025\/11\/03\/sinner-primero-en-el-ranking\/"},"author":{"name":"Redacci\u00f3n","@id":"https:\/\/esbozodeportivo.com\/#\/schema\/person\/0f6df9196dfe6740dd0bb31bae50d374"},"headline":"Sinner, primero en el ranking","datePublished":"2025-11-03T21:39:04+00:00","dateModified":"2025-11-03T21:39:05+00:00","mainEntityOfPage":{"@id":"https:\/\/esbozodeportivo.com\/index.php\/2025\/11\/03\/sinner-primero-en-el-ranking\/"},"wordCount":380,"publisher":{"@id":"https:\/\/esbozodeportivo.com\/#organization"},"image":{"@id":"https:\/\/esbozodeportivo.com\/index.php\/2025\/11\/03\/sinner-primero-en-el-ranking\/#primaryimage"},"thumbnailUrl":"https:\/\/esbozodeportivo.com\/wp-content\/uploads\/2025\/11\/Tenis.jpg","articleSection":["Tenis Internacional"],"inLanguage":"es"},{"@type":"WebPage","@id":"https:\/\/esbozodeportivo.com\/index.php\/2025\/11\/03\/sinner-primero-en-el-ranking\/","url":"https:\/\/esbozodeportivo.com\/index.php\/2025\/11\/03\/sinner-primero-en-el-ranking\/","name":"Sinner, primero en el ranking - Esbozo Deportivo","isPartOf":{"@id":"https:\/\/esbozodeportivo.com\/#website"},"primaryImageOfPage":{"@id":"https:\/\/esbozodeportivo.com\/index.php\/2025\/11\/03\/sinner-primero-en-el-ranking\/#primaryimage"},"image":{"@id":"https:\/\/esbozodeportivo.com\/index.php\/2025\/11\/03\/sinner-primero-en-el-ranking\/#primaryimage"},"thumbnailUrl":"https:\/\/esbozodeportivo.com\/wp-content\/uploads\/2025\/11\/Tenis.jpg","datePublished":"2025-11-03T21:39:04+00:00","dateModified":"2025-11-03T21:39:05+00:00","description":"Sinner regres\u00f3 oficialmente al primer lugar en el ranking de la ATP el lunes tras su consagraci\u00f3n en el Masters de Par\u00eds, reemplazando a Alcaraz, quien hab\u00eda mantenido el honor durante casi dos meses.","breadcrumb":{"@id":"https:\/\/esbozodeportivo.com\/index.php\/2025\/11\/03\/sinner-primero-en-el-ranking\/#breadcrumb"},"inLanguage":"es","potentialAction":[{"@type":"ReadAction","target":["https:\/\/esbozodeportivo.com\/index.php\/2025\/11\/03\/sinner-primero-en-el-ranking\/"]}]},{"@type":"ImageObject","inLanguage":"es","@id":"https:\/\/esbozodeportivo.com\/index.php\/2025\/11\/03\/sinner-primero-en-el-ranking\/#primaryimage","url":"https:\/\/esbozodeportivo.com\/wp-content\/uploads\/2025\/11\/Tenis.jpg","contentUrl":"https:\/\/esbozodeportivo.com\/wp-content\/uploads\/2025\/11\/Tenis.jpg","width":1440,"height":960},{"@type":"BreadcrumbList","@id":"https:\/\/esbozodeportivo.com\/index.php\/2025\/11\/03\/sinner-primero-en-el-ranking\/#breadcrumb","itemListElement":[{"@type":"ListItem","position":1,"name":"Inicio","item":"https:\/\/esbozodeportivo.com\/"},{"@type":"ListItem","position":2,"name":"Sinner, primero en el ranking"}]},{"@type":"WebSite","@id":"https:\/\/esbozodeportivo.com\/#website","url":"https:\/\/esbozodeportivo.com\/","name":"Esbozo Deportivo","description":"Lo m\u00e1s importante del Deporte","publisher":{"@id":"https:\/\/esbozodeportivo.com\/#organization"},"potentialAction":[{"@type":"SearchAction","target":{"@type":"EntryPoint","urlTemplate":"https:\/\/esbozodeportivo.com\/?s={search_term_string}"},"query-input":{"@type":"PropertyValueSpecification","valueRequired":true,"valueName":"search_term_string"}}],"inLanguage":"es"},{"@type":"Organization","@id":"https:\/\/esbozodeportivo.com\/#organization","name":"Esbozo Deportivo","url":"https:\/\/esbozodeportivo.com\/","logo":{"@type":"ImageObject","inLanguage":"es","@id":"https:\/\/esbozodeportivo.com\/#\/schema\/logo\/image\/","url":"https:\/\/esbozodeportivo.com\/wp-content\/uploads\/2022\/08\/cropped-Logo-Esbozo-Web-2.png","contentUrl":"https:\/\/esbozodeportivo.com\/wp-content\/uploads\/2022\/08\/cropped-Logo-Esbozo-Web-2.png","width":180,"height":50,"caption":"Esbozo Deportivo"},"image":{"@id":"https:\/\/esbozodeportivo.com\/#\/schema\/logo\/image\/"}},{"@type":"Person","@id":"https:\/\/esbozodeportivo.com\/#\/schema\/person\/0f6df9196dfe6740dd0bb31bae50d374","name":"Redacci\u00f3n","image":{"@type":"ImageObject","inLanguage":"es","@id":"https:\/\/esbozodeportivo.com\/#\/schema\/person\/image\/","url":"https:\/\/secure.gravatar.com\/avatar\/f55268a89c3b418f2ef172ff52ab0d09b3e653c58de29539fe329fb93d78ebf3?s=96&d=mm&r=g","contentUrl":"https:\/\/secure.gravatar.com\/avatar\/f55268a89c3b418f2ef172ff52ab0d09b3e653c58de29539fe329fb93d78ebf3?s=96&d=mm&r=g","caption":"Redacci\u00f3n"},"url":"https:\/\/esbozodeportivo.com\/index.php\/author\/redaccion\/"}]}},"jetpack_featured_media_url":"https:\/\/esbozodeportivo.com\/wp-content\/uploads\/2025\/11\/Tenis.jpg","jetpack_sharing_enabled":true,"_links":{"self":[{"href":"https:\/\/esbozodeportivo.com\/index.php\/wp-json\/wp\/v2\/posts\/10953","targetHints":{"allow":["GET"]}}],"collection":[{"href":"https:\/\/esbozodeportivo.com\/index.php\/wp-json\/wp\/v2\/posts"}],"about":[{"href":"https:\/\/esbozodeportivo.com\/index.php\/wp-json\/wp\/v2\/types\/post"}],"author":[{"embeddable":true,"href":"https:\/\/esbozodeportivo.com\/index.php\/wp-json\/wp\/v2\/users\/4"}],"replies":[{"embeddable":true,"href":"https:\/\/esbozodeportivo.com\/index.php\/wp-json\/wp\/v2\/comments?post=10953"}],"version-history":[{"count":1,"href":"https:\/\/esbozodeportivo.com\/index.php\/wp-json\/wp\/v2\/posts\/10953\/revisions"}],"predecessor-version":[{"id":10954,"href":"https:\/\/esbozodeportivo.com\/index.php\/wp-json\/wp\/v2\/posts\/10953\/revisions\/10954"}],"wp:featuredmedia":[{"embeddable":true,"href":"https:\/\/esbozodeportivo.com\/index.php\/wp-json\/wp\/v2\/media\/10947"}],"wp:attachment":[{"href":"https:\/\/esbozodeportivo.com\/index.php\/wp-json\/wp\/v2\/media?parent=10953"}],"wp:term":[{"taxonomy":"category","embeddable":true,"href":"https:\/\/esbozodeportivo.com\/index.php\/wp-json\/wp\/v2\/categories?post=10953"},{"taxonomy":"post_tag","embeddable":true,"href":"https:\/\/esbozodeportivo.com\/index.php\/wp-json\/wp\/v2\/tags?post=10953"}],"curies":[{"name":"wp","href":"https:\/\/api.w.org\/{rel}","templated":true}]}}