{"id":10959,"date":"2025-11-03T15:49:18","date_gmt":"2025-11-03T21:49:18","guid":{"rendered":"https:\/\/esbozodeportivo.com\/?p=10959"},"modified":"2025-11-03T15:49:20","modified_gmt":"2025-11-03T21:49:20","slug":"consideran-a-valenzuela-al-salon-de-la-fama","status":"publish","type":"post","link":"https:\/\/esbozodeportivo.com\/index.php\/2025\/11\/03\/consideran-a-valenzuela-al-salon-de-la-fama\/","title":{"rendered":"Consideran a Valenzuela al Sal\u00f3n de la Fama"},"content":{"rendered":"\n<p>(Foto: Agencias) <\/p>\n\n\n\n<p>Barry Bonds, Roger Clemens, Don Mattingly y Dale Murphy se mantuvieron en la boleta del comit\u00e9 de la era contempor\u00e1nea del b\u00e9isbol del Sal\u00f3n de la Fama y se unir\u00e1n el pr\u00f3ximo mes a Carlos Delgado, Jeff Kent, Gary Sheffield y Fernando Valenzuela.<\/p>\n\n\n\n<p>El comit\u00e9 de 16 personas se reunir\u00e1 el 7 de diciembre en las reuniones de invierno en Orlando, Florida, y se requiere un 75% de votos para la elecci\u00f3n. Cualquiera que sea elegido ser\u00e1 exaltado el 26 de julio, junto con cualquier persona elegida en la votaci\u00f3n de la Asociaci\u00f3n de Escritores de B\u00e9isbol de Am\u00e9rica, que se anunciar\u00e1 el 20 de enero.<\/p>\n\n\n\n<p>Albert Belle, Rafael Palmeiro y Curt Schilling fueron eliminados despu\u00e9s de aparecer en la boleta de la era contempor\u00e1nea anterior en diciembre de 2022, cuando Fred McGriff fue elegido un\u00e1nimemente con 16 votos. Mattingly recibi\u00f3 ocho votos, Schilling siete, Murphy seis, Belle, Bonds, Clemens y Palmeiro menos de cuatro, dijo entonces el Sal\u00f3n.<\/p>\n\n\n\n<p>En 2022, el Sal\u00f3n de la Fama reestructur\u00f3 sus comit\u00e9s de veteranos por tercera vez en 12 a\u00f1os, estableciendo paneles para considerar la era contempor\u00e1nea desde 1980 en adelante, as\u00ed como la era cl\u00e1sica. La era contempor\u00e1nea del b\u00e9isbol tiene boletas separadas para jugadores y otra para managers, ejecutivos y \u00e1rbitros.<\/p>\n\n\n\n<figure class=\"wp-block-image size-large\"><img loading=\"lazy\" decoding=\"async\" width=\"1024\" height=\"576\" src=\"https:\/\/esbozodeportivo.com\/wp-content\/uploads\/2025\/11\/Valenzuela1-1024x576.jpg\" alt=\"\" class=\"wp-image-10949\" srcset=\"https:\/\/esbozodeportivo.com\/wp-content\/uploads\/2025\/11\/Valenzuela1-1024x576.jpg 1024w, https:\/\/esbozodeportivo.com\/wp-content\/uploads\/2025\/11\/Valenzuela1-300x169.jpg 300w, https:\/\/esbozodeportivo.com\/wp-content\/uploads\/2025\/11\/Valenzuela1-768x432.jpg 768w, https:\/\/esbozodeportivo.com\/wp-content\/uploads\/2025\/11\/Valenzuela1-1536x864.jpg 1536w, https:\/\/esbozodeportivo.com\/wp-content\/uploads\/2025\/11\/Valenzuela1.jpg 1600w\" sizes=\"auto, (max-width: 1024px) 100vw, 1024px\" \/><\/figure>\n\n\n\n<p>(Foto: Agencias) <\/p>\n\n\n\n<p>Cada comit\u00e9 se re\u00fane cada tres a\u00f1os. Los managers, ejecutivos y \u00e1rbitros contempor\u00e1neos ser\u00e1n considerados en diciembre de 2026, los candidatos de la era cl\u00e1sica en diciembre de 2027 y los jugadores de la era contempor\u00e1nea nuevamente en diciembre de 2028.<\/p>\n\n\n\n<p>La boleta de diciembre de 2027 es la primera oportunidad para que Pete Rose aparezca en una boleta del Sal\u00f3n despu\u00e9s de que el comisionado de b\u00e9isbol Rob Manfred decidiera en mayo que la suspensi\u00f3n permanente de Rose termin\u00f3 con su muerte en septiembre de 2024. El Sal\u00f3n proh\u00edbe que cualquier persona en la lista de inelegibles permanentes aparezca en una boleta.<\/p>\n\n\n\n<p>Bajo un cambio anunciado por el Sal\u00f3n en marzo pasado, cualquier candidato en la boleta que reciba menos de cinco votos no ser\u00e1 elegible para la boleta de ese comit\u00e9 durante el pr\u00f3ximo ciclo de tres a\u00f1os. Un candidato que sea eliminado, reaparezca m\u00e1s tarde en una boleta y nuevamente reciba menos de cinco votos ser\u00eda excluido de futuras apariciones en boletas.<\/p>\n\n\n\n<p>Bonds y Clemens no lograron ser elegidos en 2022, en su d\u00e9cima y \u00faltima aparici\u00f3n en la boleta de la BBWAA, cuando Bonds recibi\u00f3 260 de 394 votos (66%) y Clemens 257 (65.2%). Sheffield recibi\u00f3 el 63.9% en su \u00faltima votaci\u00f3n de la BBWAA en 2024, obteniendo 246 votos y quedando a 43 de distancia.<\/p>\n\n\n\n<p>Bonds neg\u00f3 haber usado conscientemente drogas para mejorar el rendimiento y Clemens sostiene que nunca us\u00f3 sustancias dopantes. Sheffield dijo que no sab\u00eda que las sustancias que us\u00f3 durante el entrenamiento antes de la temporada 2002 conten\u00edan esteroides.<\/p>\n\n\n\n<figure class=\"wp-block-image size-large\"><img loading=\"lazy\" decoding=\"async\" width=\"1024\" height=\"576\" src=\"https:\/\/esbozodeportivo.com\/wp-content\/uploads\/2025\/11\/Valenzuela2-1024x576.jpg\" alt=\"\" class=\"wp-image-10950\" srcset=\"https:\/\/esbozodeportivo.com\/wp-content\/uploads\/2025\/11\/Valenzuela2-1024x576.jpg 1024w, https:\/\/esbozodeportivo.com\/wp-content\/uploads\/2025\/11\/Valenzuela2-300x169.jpg 300w, https:\/\/esbozodeportivo.com\/wp-content\/uploads\/2025\/11\/Valenzuela2-768x432.jpg 768w, https:\/\/esbozodeportivo.com\/wp-content\/uploads\/2025\/11\/Valenzuela2.jpg 1296w\" sizes=\"auto, (max-width: 1024px) 100vw, 1024px\" \/><\/figure>\n\n\n\n<p>(Foto: Agencias)<\/p>\n\n\n\n<p>Bonds, un jardinero siete veces MVP de la Liga Nacional y 14 veces All-Star, estableci\u00f3 el r\u00e9cord de jonrones de por vida con 762 y el r\u00e9cord para una temporada con 73 en 2001.<\/p>\n\n\n\n<p>Clemens, ganador de siete premios Cy Young, registr\u00f3 un r\u00e9cord de 354-184 con una efectividad de 3.12 y 4.672 ponches, tercero detr\u00e1s de Nolan Ryan (5.714) y Randy Johnson (4.875).<\/p>\n\n\n\n<p>Sheffield, nueve veces All-Star y campe\u00f3n de bateo de la Liga Nacional en 1992, bate\u00f3 .292 con 509 jonrones, 1,676 carreras impulsadas y 253 bases robadas. Comenz\u00f3 su carrera en las Grandes Ligas como campocorto, sigui\u00f3 a la tercera base y acab\u00f3 en los jardines.<\/p>\n\n\n\n<p>Valenzuela, quien falleci\u00f3 en octubre de 2024, recibi\u00f3 un 6.2% de apoyo de la BBWAA en 2003 y un 3.8% en 2004, luego fue eliminado. El zurdo mexicano, seis veces All-Star y ganador del premio Cy Young de la Liga Nacional en 1981, compil\u00f3 un r\u00e9cord de 173-153 con efectividad de 3.54 y 2.074 ponches en 17 temporadas.<\/p>\n\n\n\n<p>Delgado obtuvo el 3.8% de los votos de la BBWAA en 2015 \u2014su primer a\u00f1o de elegibilidad\u2014 y el jardinero puertorrique\u00f1o fue eliminado de futuras boletas. Bate\u00f3 .280 con 473 jonrones y 1.512 carreras impulsadas.<\/p>\n\n\n\n<p>Murphy, un jardinero siete veces All-Star que bate\u00f3 .265 con 398 jonrones, 1.266 carreras impulsadas y 161 robos, estuvo en la boleta de la BBWAA 15 veces y recibi\u00f3 un m\u00e1ximo de 116 votos (23.2%) en 2000.<\/p>\n\n\n\n<p>Mattingly recibi\u00f3 un m\u00e1ximo de 145 votos (28.2%) en la primera de 15 apariciones en la boleta de la BBWAA en 2001. Seis veces All-Star como primera base, bate\u00f3 .307 con 222 jonrones y 1.099 carreras impulsadas en 14 a\u00f1os.<\/p>\n\n\n\n<p>Kent obtuvo un m\u00e1ximo de 46.5% en la \u00faltima de 10 apariciones en la boleta de la BBWAA en 2023. Un segunda base cinco veces All-Star, bate\u00f3 .290 con 377 jonrones y 1,518 carreras impulsadas.<\/p>\n\n\n\n<p>La boleta fue determinada por el comit\u00e9 de visi\u00f3n hist\u00f3rica de 11 personas de la BBWAA: Adri\u00e1n Burgos (Universidad de Illinois), Bob Elliott (Canadian Baseball Network), Steve Hirdt (Stats Perform), La Velle Neal (Minnesota Star Tribune), David O\u2019Brien (The Athletic), Jos\u00e9 de Jes\u00fas Ortiz (Our Esquina Media), Jack O\u2019Connell (BBWAA); Jim Reeves (anteriormente Fort Worth Star-Telegram); Glenn Schwarz (anteriormente San Francisco Chronicle); Susan Slusser (San Francisco Chronicle); y Mark Whicker (anteriormente Southern California News Group).<\/p>\n\n\n\n<figure class=\"wp-block-image size-large\"><img loading=\"lazy\" decoding=\"async\" width=\"1024\" height=\"682\" src=\"https:\/\/esbozodeportivo.com\/wp-content\/uploads\/2025\/11\/Valenzuela3-1024x682.jpg\" alt=\"\" class=\"wp-image-10951\" srcset=\"https:\/\/esbozodeportivo.com\/wp-content\/uploads\/2025\/11\/Valenzuela3-1024x682.jpg 1024w, https:\/\/esbozodeportivo.com\/wp-content\/uploads\/2025\/11\/Valenzuela3-300x200.jpg 300w, https:\/\/esbozodeportivo.com\/wp-content\/uploads\/2025\/11\/Valenzuela3-768x512.jpg 768w, https:\/\/esbozodeportivo.com\/wp-content\/uploads\/2025\/11\/Valenzuela3-1536x1023.jpg 1536w, https:\/\/esbozodeportivo.com\/wp-content\/uploads\/2025\/11\/Valenzuela3.jpg 1600w\" sizes=\"auto, (max-width: 1024px) 100vw, 1024px\" \/><\/figure>\n\n\n\n<p>(Foto: Agencias) <\/p>\n\n\n\n<p><\/p>\n","protected":false},"excerpt":{"rendered":"<p>(Foto: Agencias) Barry Bonds, Roger Clemens, Don Mattingly y Dale Murphy se mantuvieron en la<\/p>\n","protected":false},"author":4,"featured_media":10948,"comment_status":"closed","ping_status":"open","sticky":false,"template":"","format":"standard","meta":{"_jetpack_memberships_contains_paid_content":false,"footnotes":""},"categories":[17],"tags":[],"class_list":["post-10959","post","type-post","status-publish","format-standard","has-post-thumbnail","hentry","category-beis"],"yoast_head":"<!-- This site is optimized with the Yoast SEO plugin v25.7 - https:\/\/yoast.com\/wordpress\/plugins\/seo\/ -->\n<title>Consideran a Valenzuela al Sal\u00f3n de la Fama - Esbozo Deportivo<\/title>\n<meta name=\"description\" content=\"Barry Bonds, Roger Clemens, Don Mattingly y Dale Murphy se mantuvieron en la boleta del comit\u00e9 de la era contempor\u00e1nea del b\u00e9isbol del Sal\u00f3n de la Fama y se unir\u00e1n el pr\u00f3ximo mes a Carlos Delgado, Jeff Kent, Gary Sheffield y Fernando Valenzuela.\" \/>\n<meta name=\"robots\" content=\"index, follow, max-snippet:-1, max-image-preview:large, max-video-preview:-1\" \/>\n<link rel=\"canonical\" href=\"https:\/\/esbozodeportivo.com\/index.php\/2025\/11\/03\/consideran-a-valenzuela-al-salon-de-la-fama\/\" \/>\n<meta property=\"og:locale\" content=\"es_MX\" \/>\n<meta property=\"og:type\" content=\"article\" \/>\n<meta property=\"og:title\" content=\"Consideran a Valenzuela al Sal\u00f3n de la Fama - Esbozo Deportivo\" \/>\n<meta property=\"og:description\" content=\"Barry Bonds, Roger Clemens, Don Mattingly y Dale Murphy se mantuvieron en la boleta del comit\u00e9 de la era contempor\u00e1nea del b\u00e9isbol del Sal\u00f3n de la Fama y se unir\u00e1n el pr\u00f3ximo mes a Carlos Delgado, Jeff Kent, Gary Sheffield y Fernando Valenzuela.\" \/>\n<meta property=\"og:url\" content=\"https:\/\/esbozodeportivo.com\/index.php\/2025\/11\/03\/consideran-a-valenzuela-al-salon-de-la-fama\/\" \/>\n<meta property=\"og:site_name\" content=\"Esbozo Deportivo\" \/>\n<meta property=\"article:published_time\" content=\"2025-11-03T21:49:18+00:00\" \/>\n<meta property=\"article:modified_time\" content=\"2025-11-03T21:49:20+00:00\" \/>\n<meta property=\"og:image\" content=\"https:\/\/esbozodeportivo.com\/wp-content\/uploads\/2025\/11\/Valenzuela.jpg\" \/>\n\t<meta property=\"og:image:width\" content=\"1200\" \/>\n\t<meta property=\"og:image:height\" content=\"718\" \/>\n\t<meta property=\"og:image:type\" content=\"image\/jpeg\" \/>\n<meta name=\"author\" content=\"Redacci\u00f3n\" \/>\n<meta name=\"twitter:card\" content=\"summary_large_image\" \/>\n<meta name=\"twitter:label1\" content=\"Escrito por\" \/>\n\t<meta name=\"twitter:data1\" content=\"Redacci\u00f3n\" \/>\n\t<meta name=\"twitter:label2\" content=\"Tiempo de lectura\" \/>\n\t<meta name=\"twitter:data2\" content=\"5 minutos\" \/>\n<script type=\"application\/ld+json\" class=\"yoast-schema-graph\">{\"@context\":\"https:\/\/schema.org\",\"@graph\":[{\"@type\":\"Article\",\"@id\":\"https:\/\/esbozodeportivo.com\/index.php\/2025\/11\/03\/consideran-a-valenzuela-al-salon-de-la-fama\/#article\",\"isPartOf\":{\"@id\":\"https:\/\/esbozodeportivo.com\/index.php\/2025\/11\/03\/consideran-a-valenzuela-al-salon-de-la-fama\/\"},\"author\":{\"name\":\"Redacci\u00f3n\",\"@id\":\"https:\/\/esbozodeportivo.com\/#\/schema\/person\/0f6df9196dfe6740dd0bb31bae50d374\"},\"headline\":\"Consideran a Valenzuela al Sal\u00f3n de la Fama\",\"datePublished\":\"2025-11-03T21:49:18+00:00\",\"dateModified\":\"2025-11-03T21:49:20+00:00\",\"mainEntityOfPage\":{\"@id\":\"https:\/\/esbozodeportivo.com\/index.php\/2025\/11\/03\/consideran-a-valenzuela-al-salon-de-la-fama\/\"},\"wordCount\":859,\"publisher\":{\"@id\":\"https:\/\/esbozodeportivo.com\/#organization\"},\"image\":{\"@id\":\"https:\/\/esbozodeportivo.com\/index.php\/2025\/11\/03\/consideran-a-valenzuela-al-salon-de-la-fama\/#primaryimage\"},\"thumbnailUrl\":\"https:\/\/esbozodeportivo.com\/wp-content\/uploads\/2025\/11\/Valenzuela.jpg\",\"articleSection\":[\"Beisbol Grandes Ligas\"],\"inLanguage\":\"es\"},{\"@type\":\"WebPage\",\"@id\":\"https:\/\/esbozodeportivo.com\/index.php\/2025\/11\/03\/consideran-a-valenzuela-al-salon-de-la-fama\/\",\"url\":\"https:\/\/esbozodeportivo.com\/index.php\/2025\/11\/03\/consideran-a-valenzuela-al-salon-de-la-fama\/\",\"name\":\"Consideran a Valenzuela al Sal\u00f3n de la Fama - Esbozo Deportivo\",\"isPartOf\":{\"@id\":\"https:\/\/esbozodeportivo.com\/#website\"},\"primaryImageOfPage\":{\"@id\":\"https:\/\/esbozodeportivo.com\/index.php\/2025\/11\/03\/consideran-a-valenzuela-al-salon-de-la-fama\/#primaryimage\"},\"image\":{\"@id\":\"https:\/\/esbozodeportivo.com\/index.php\/2025\/11\/03\/consideran-a-valenzuela-al-salon-de-la-fama\/#primaryimage\"},\"thumbnailUrl\":\"https:\/\/esbozodeportivo.com\/wp-content\/uploads\/2025\/11\/Valenzuela.jpg\",\"datePublished\":\"2025-11-03T21:49:18+00:00\",\"dateModified\":\"2025-11-03T21:49:20+00:00\",\"description\":\"Barry Bonds, Roger Clemens, Don Mattingly y Dale Murphy se mantuvieron en la boleta del comit\u00e9 de la era contempor\u00e1nea del b\u00e9isbol del Sal\u00f3n de la Fama y se unir\u00e1n el pr\u00f3ximo mes a Carlos Delgado, Jeff Kent, Gary Sheffield y Fernando Valenzuela.\",\"breadcrumb\":{\"@id\":\"https:\/\/esbozodeportivo.com\/index.php\/2025\/11\/03\/consideran-a-valenzuela-al-salon-de-la-fama\/#breadcrumb\"},\"inLanguage\":\"es\",\"potentialAction\":[{\"@type\":\"ReadAction\",\"target\":[\"https:\/\/esbozodeportivo.com\/index.php\/2025\/11\/03\/consideran-a-valenzuela-al-salon-de-la-fama\/\"]}]},{\"@type\":\"ImageObject\",\"inLanguage\":\"es\",\"@id\":\"https:\/\/esbozodeportivo.com\/index.php\/2025\/11\/03\/consideran-a-valenzuela-al-salon-de-la-fama\/#primaryimage\",\"url\":\"https:\/\/esbozodeportivo.com\/wp-content\/uploads\/2025\/11\/Valenzuela.jpg\",\"contentUrl\":\"https:\/\/esbozodeportivo.com\/wp-content\/uploads\/2025\/11\/Valenzuela.jpg\",\"width\":1200,\"height\":718},{\"@type\":\"BreadcrumbList\",\"@id\":\"https:\/\/esbozodeportivo.com\/index.php\/2025\/11\/03\/consideran-a-valenzuela-al-salon-de-la-fama\/#breadcrumb\",\"itemListElement\":[{\"@type\":\"ListItem\",\"position\":1,\"name\":\"Inicio\",\"item\":\"https:\/\/esbozodeportivo.com\/\"},{\"@type\":\"ListItem\",\"position\":2,\"name\":\"Consideran a Valenzuela al Sal\u00f3n de la Fama\"}]},{\"@type\":\"WebSite\",\"@id\":\"https:\/\/esbozodeportivo.com\/#website\",\"url\":\"https:\/\/esbozodeportivo.com\/\",\"name\":\"Esbozo Deportivo\",\"description\":\"Lo m\u00e1s importante del Deporte\",\"publisher\":{\"@id\":\"https:\/\/esbozodeportivo.com\/#organization\"},\"potentialAction\":[{\"@type\":\"SearchAction\",\"target\":{\"@type\":\"EntryPoint\",\"urlTemplate\":\"https:\/\/esbozodeportivo.com\/?s={search_term_string}\"},\"query-input\":{\"@type\":\"PropertyValueSpecification\",\"valueRequired\":true,\"valueName\":\"search_term_string\"}}],\"inLanguage\":\"es\"},{\"@type\":\"Organization\",\"@id\":\"https:\/\/esbozodeportivo.com\/#organization\",\"name\":\"Esbozo Deportivo\",\"url\":\"https:\/\/esbozodeportivo.com\/\",\"logo\":{\"@type\":\"ImageObject\",\"inLanguage\":\"es\",\"@id\":\"https:\/\/esbozodeportivo.com\/#\/schema\/logo\/image\/\",\"url\":\"https:\/\/esbozodeportivo.com\/wp-content\/uploads\/2022\/08\/cropped-Logo-Esbozo-Web-2.png\",\"contentUrl\":\"https:\/\/esbozodeportivo.com\/wp-content\/uploads\/2022\/08\/cropped-Logo-Esbozo-Web-2.png\",\"width\":180,\"height\":50,\"caption\":\"Esbozo Deportivo\"},\"image\":{\"@id\":\"https:\/\/esbozodeportivo.com\/#\/schema\/logo\/image\/\"}},{\"@type\":\"Person\",\"@id\":\"https:\/\/esbozodeportivo.com\/#\/schema\/person\/0f6df9196dfe6740dd0bb31bae50d374\",\"name\":\"Redacci\u00f3n\",\"image\":{\"@type\":\"ImageObject\",\"inLanguage\":\"es\",\"@id\":\"https:\/\/esbozodeportivo.com\/#\/schema\/person\/image\/\",\"url\":\"https:\/\/secure.gravatar.com\/avatar\/f55268a89c3b418f2ef172ff52ab0d09b3e653c58de29539fe329fb93d78ebf3?s=96&d=mm&r=g\",\"contentUrl\":\"https:\/\/secure.gravatar.com\/avatar\/f55268a89c3b418f2ef172ff52ab0d09b3e653c58de29539fe329fb93d78ebf3?s=96&d=mm&r=g\",\"caption\":\"Redacci\u00f3n\"},\"url\":\"https:\/\/esbozodeportivo.com\/index.php\/author\/redaccion\/\"}]}<\/script>\n<!-- \/ Yoast SEO plugin. -->","yoast_head_json":{"title":"Consideran a Valenzuela al Sal\u00f3n de la Fama - Esbozo Deportivo","description":"Barry Bonds, Roger Clemens, Don Mattingly y Dale Murphy se mantuvieron en la boleta del comit\u00e9 de la era contempor\u00e1nea del b\u00e9isbol del Sal\u00f3n de la Fama y se unir\u00e1n el pr\u00f3ximo mes a Carlos Delgado, Jeff Kent, Gary Sheffield y Fernando Valenzuela.","robots":{"index":"index","follow":"follow","max-snippet":"max-snippet:-1","max-image-preview":"max-image-preview:large","max-video-preview":"max-video-preview:-1"},"canonical":"https:\/\/esbozodeportivo.com\/index.php\/2025\/11\/03\/consideran-a-valenzuela-al-salon-de-la-fama\/","og_locale":"es_MX","og_type":"article","og_title":"Consideran a Valenzuela al Sal\u00f3n de la Fama - Esbozo Deportivo","og_description":"Barry Bonds, Roger Clemens, Don Mattingly y Dale Murphy se mantuvieron en la boleta del comit\u00e9 de la era contempor\u00e1nea del b\u00e9isbol del Sal\u00f3n de la Fama y se unir\u00e1n el pr\u00f3ximo mes a Carlos Delgado, Jeff Kent, Gary Sheffield y Fernando Valenzuela.","og_url":"https:\/\/esbozodeportivo.com\/index.php\/2025\/11\/03\/consideran-a-valenzuela-al-salon-de-la-fama\/","og_site_name":"Esbozo Deportivo","article_published_time":"2025-11-03T21:49:18+00:00","article_modified_time":"2025-11-03T21:49:20+00:00","og_image":[{"width":1200,"height":718,"url":"https:\/\/esbozodeportivo.com\/wp-content\/uploads\/2025\/11\/Valenzuela.jpg","type":"image\/jpeg"}],"author":"Redacci\u00f3n","twitter_card":"summary_large_image","twitter_misc":{"Escrito por":"Redacci\u00f3n","Tiempo de lectura":"5 minutos"},"schema":{"@context":"https:\/\/schema.org","@graph":[{"@type":"Article","@id":"https:\/\/esbozodeportivo.com\/index.php\/2025\/11\/03\/consideran-a-valenzuela-al-salon-de-la-fama\/#article","isPartOf":{"@id":"https:\/\/esbozodeportivo.com\/index.php\/2025\/11\/03\/consideran-a-valenzuela-al-salon-de-la-fama\/"},"author":{"name":"Redacci\u00f3n","@id":"https:\/\/esbozodeportivo.com\/#\/schema\/person\/0f6df9196dfe6740dd0bb31bae50d374"},"headline":"Consideran a Valenzuela al Sal\u00f3n de la Fama","datePublished":"2025-11-03T21:49:18+00:00","dateModified":"2025-11-03T21:49:20+00:00","mainEntityOfPage":{"@id":"https:\/\/esbozodeportivo.com\/index.php\/2025\/11\/03\/consideran-a-valenzuela-al-salon-de-la-fama\/"},"wordCount":859,"publisher":{"@id":"https:\/\/esbozodeportivo.com\/#organization"},"image":{"@id":"https:\/\/esbozodeportivo.com\/index.php\/2025\/11\/03\/consideran-a-valenzuela-al-salon-de-la-fama\/#primaryimage"},"thumbnailUrl":"https:\/\/esbozodeportivo.com\/wp-content\/uploads\/2025\/11\/Valenzuela.jpg","articleSection":["Beisbol Grandes Ligas"],"inLanguage":"es"},{"@type":"WebPage","@id":"https:\/\/esbozodeportivo.com\/index.php\/2025\/11\/03\/consideran-a-valenzuela-al-salon-de-la-fama\/","url":"https:\/\/esbozodeportivo.com\/index.php\/2025\/11\/03\/consideran-a-valenzuela-al-salon-de-la-fama\/","name":"Consideran a Valenzuela al Sal\u00f3n de la Fama - Esbozo Deportivo","isPartOf":{"@id":"https:\/\/esbozodeportivo.com\/#website"},"primaryImageOfPage":{"@id":"https:\/\/esbozodeportivo.com\/index.php\/2025\/11\/03\/consideran-a-valenzuela-al-salon-de-la-fama\/#primaryimage"},"image":{"@id":"https:\/\/esbozodeportivo.com\/index.php\/2025\/11\/03\/consideran-a-valenzuela-al-salon-de-la-fama\/#primaryimage"},"thumbnailUrl":"https:\/\/esbozodeportivo.com\/wp-content\/uploads\/2025\/11\/Valenzuela.jpg","datePublished":"2025-11-03T21:49:18+00:00","dateModified":"2025-11-03T21:49:20+00:00","description":"Barry Bonds, Roger Clemens, Don Mattingly y Dale Murphy se mantuvieron en la boleta del comit\u00e9 de la era contempor\u00e1nea del b\u00e9isbol del Sal\u00f3n de la Fama y se unir\u00e1n el pr\u00f3ximo mes a Carlos Delgado, Jeff Kent, Gary Sheffield y Fernando Valenzuela.","breadcrumb":{"@id":"https:\/\/esbozodeportivo.com\/index.php\/2025\/11\/03\/consideran-a-valenzuela-al-salon-de-la-fama\/#breadcrumb"},"inLanguage":"es","potentialAction":[{"@type":"ReadAction","target":["https:\/\/esbozodeportivo.com\/index.php\/2025\/11\/03\/consideran-a-valenzuela-al-salon-de-la-fama\/"]}]},{"@type":"ImageObject","inLanguage":"es","@id":"https:\/\/esbozodeportivo.com\/index.php\/2025\/11\/03\/consideran-a-valenzuela-al-salon-de-la-fama\/#primaryimage","url":"https:\/\/esbozodeportivo.com\/wp-content\/uploads\/2025\/11\/Valenzuela.jpg","contentUrl":"https:\/\/esbozodeportivo.com\/wp-content\/uploads\/2025\/11\/Valenzuela.jpg","width":1200,"height":718},{"@type":"BreadcrumbList","@id":"https:\/\/esbozodeportivo.com\/index.php\/2025\/11\/03\/consideran-a-valenzuela-al-salon-de-la-fama\/#breadcrumb","itemListElement":[{"@type":"ListItem","position":1,"name":"Inicio","item":"https:\/\/esbozodeportivo.com\/"},{"@type":"ListItem","position":2,"name":"Consideran a Valenzuela al Sal\u00f3n de la Fama"}]},{"@type":"WebSite","@id":"https:\/\/esbozodeportivo.com\/#website","url":"https:\/\/esbozodeportivo.com\/","name":"Esbozo Deportivo","description":"Lo m\u00e1s importante del Deporte","publisher":{"@id":"https:\/\/esbozodeportivo.com\/#organization"},"potentialAction":[{"@type":"SearchAction","target":{"@type":"EntryPoint","urlTemplate":"https:\/\/esbozodeportivo.com\/?s={search_term_string}"},"query-input":{"@type":"PropertyValueSpecification","valueRequired":true,"valueName":"search_term_string"}}],"inLanguage":"es"},{"@type":"Organization","@id":"https:\/\/esbozodeportivo.com\/#organization","name":"Esbozo Deportivo","url":"https:\/\/esbozodeportivo.com\/","logo":{"@type":"ImageObject","inLanguage":"es","@id":"https:\/\/esbozodeportivo.com\/#\/schema\/logo\/image\/","url":"https:\/\/esbozodeportivo.com\/wp-content\/uploads\/2022\/08\/cropped-Logo-Esbozo-Web-2.png","contentUrl":"https:\/\/esbozodeportivo.com\/wp-content\/uploads\/2022\/08\/cropped-Logo-Esbozo-Web-2.png","width":180,"height":50,"caption":"Esbozo Deportivo"},"image":{"@id":"https:\/\/esbozodeportivo.com\/#\/schema\/logo\/image\/"}},{"@type":"Person","@id":"https:\/\/esbozodeportivo.com\/#\/schema\/person\/0f6df9196dfe6740dd0bb31bae50d374","name":"Redacci\u00f3n","image":{"@type":"ImageObject","inLanguage":"es","@id":"https:\/\/esbozodeportivo.com\/#\/schema\/person\/image\/","url":"https:\/\/secure.gravatar.com\/avatar\/f55268a89c3b418f2ef172ff52ab0d09b3e653c58de29539fe329fb93d78ebf3?s=96&d=mm&r=g","contentUrl":"https:\/\/secure.gravatar.com\/avatar\/f55268a89c3b418f2ef172ff52ab0d09b3e653c58de29539fe329fb93d78ebf3?s=96&d=mm&r=g","caption":"Redacci\u00f3n"},"url":"https:\/\/esbozodeportivo.com\/index.php\/author\/redaccion\/"}]}},"jetpack_featured_media_url":"https:\/\/esbozodeportivo.com\/wp-content\/uploads\/2025\/11\/Valenzuela.jpg","jetpack_sharing_enabled":true,"_links":{"self":[{"href":"https:\/\/esbozodeportivo.com\/index.php\/wp-json\/wp\/v2\/posts\/10959","targetHints":{"allow":["GET"]}}],"collection":[{"href":"https:\/\/esbozodeportivo.com\/index.php\/wp-json\/wp\/v2\/posts"}],"about":[{"href":"https:\/\/esbozodeportivo.com\/index.php\/wp-json\/wp\/v2\/types\/post"}],"author":[{"embeddable":true,"href":"https:\/\/esbozodeportivo.com\/index.php\/wp-json\/wp\/v2\/users\/4"}],"replies":[{"embeddable":true,"href":"https:\/\/esbozodeportivo.com\/index.php\/wp-json\/wp\/v2\/comments?post=10959"}],"version-history":[{"count":1,"href":"https:\/\/esbozodeportivo.com\/index.php\/wp-json\/wp\/v2\/posts\/10959\/revisions"}],"predecessor-version":[{"id":10960,"href":"https:\/\/esbozodeportivo.com\/index.php\/wp-json\/wp\/v2\/posts\/10959\/revisions\/10960"}],"wp:featuredmedia":[{"embeddable":true,"href":"https:\/\/esbozodeportivo.com\/index.php\/wp-json\/wp\/v2\/media\/10948"}],"wp:attachment":[{"href":"https:\/\/esbozodeportivo.com\/index.php\/wp-json\/wp\/v2\/media?parent=10959"}],"wp:term":[{"taxonomy":"category","embeddable":true,"href":"https:\/\/esbozodeportivo.com\/index.php\/wp-json\/wp\/v2\/categories?post=10959"},{"taxonomy":"post_tag","embeddable":true,"href":"https:\/\/esbozodeportivo.com\/index.php\/wp-json\/wp\/v2\/tags?post=10959"}],"curies":[{"name":"wp","href":"https:\/\/api.w.org\/{rel}","templated":true}]}}