{"id":10962,"date":"2025-11-04T21:06:06","date_gmt":"2025-11-05T03:06:06","guid":{"rendered":"https:\/\/esbozodeportivo.com\/?p=10962"},"modified":"2025-11-04T21:06:08","modified_gmt":"2025-11-05T03:06:08","slug":"homenaje-a-pieles-rojas-en-el-salon-de-la-fama","status":"publish","type":"post","link":"https:\/\/esbozodeportivo.com\/index.php\/2025\/11\/04\/homenaje-a-pieles-rojas-en-el-salon-de-la-fama\/","title":{"rendered":"Homenaje a Pieles Rojas en el Sal\u00f3n de la Fama"},"content":{"rendered":"\n<p><strong>Por Adolfo Cort\u00e9s V.<\/strong><\/p>\n\n\n\n<p><strong>(Fotos: esbozodeportivo) <\/strong><\/p>\n\n\n\n<p>El <strong>Sal\u00f3n de la Fama del Futbol Americano<\/strong> rendir\u00e1 un homenaje al equipo campe\u00f3n de <strong>Pieles Rojas de Acci\u00f3n Deportiva<\/strong> y a su entrenador <strong>Manuel Rodero<\/strong> de 1975, el pr\u00f3ximo 22 del presente, en sus instalaciones de Toluca, Estado de M\u00e9xico.<\/p>\n\n\n\n<p>En reuni\u00f3n de ex jugadores de <strong>Pieles Rojas<\/strong> y la dirigencia del Recinto de los Inmortales trascendi\u00f3 que en el evento que comenzar\u00e1 a las 11 de la ma\u00f1ana se develar\u00e1 tambi\u00e9n una placa del entrenador <strong>Rodero Gardu\u00f1o.<\/strong><\/p>\n\n\n\n<p>\u201cEl homenaje a <strong>Pieles Rojas<\/strong> se da en estos momentos cuando las escuelas privadas dominan la Liga Mayor y nos recuerda el pasado, en la d\u00e9cada de los 70s cuando se vivi\u00f3 una situaci\u00f3n similar. Pero en 1975, el coach <strong>Manuel Rodero<\/strong> supo preparar a un grupo de talentosos jugadores que ganaron 52-13 a los <strong>Borregos Salvajes Monterrey<\/strong> y demostr\u00f3 que con disciplina y fundamentos se puede salir adelante pese a tener un rival con 33 becados del <strong>Valle de Texas<\/strong>\u201d, dijo Jos\u00e9 Guzm\u00e1n Vera, presidente del <strong>Sal\u00f3n de la Fama<\/strong>.<\/p>\n\n\n\n<figure class=\"wp-block-image size-large\"><img loading=\"lazy\" decoding=\"async\" width=\"1024\" height=\"741\" src=\"https:\/\/esbozodeportivo.com\/wp-content\/uploads\/2025\/11\/DSC05558-1024x741.jpg\" alt=\"\" class=\"wp-image-10963\" srcset=\"https:\/\/esbozodeportivo.com\/wp-content\/uploads\/2025\/11\/DSC05558-1024x741.jpg 1024w, https:\/\/esbozodeportivo.com\/wp-content\/uploads\/2025\/11\/DSC05558-300x217.jpg 300w, https:\/\/esbozodeportivo.com\/wp-content\/uploads\/2025\/11\/DSC05558-768x556.jpg 768w, https:\/\/esbozodeportivo.com\/wp-content\/uploads\/2025\/11\/DSC05558-1536x1112.jpg 1536w, https:\/\/esbozodeportivo.com\/wp-content\/uploads\/2025\/11\/DSC05558-2048x1482.jpg 2048w\" sizes=\"auto, (max-width: 1024px) 100vw, 1024px\" \/><\/figure>\n\n\n\n<p>\u201cLa crisis que vemos se da cuando la pol\u00edtica alcanza al deporte y es que literalmente cualquiera puede ser entrenador sin tener bases. \u00bfD\u00f3nde quedaron aquellos coaches que dieron grandeza al <strong>IPN <\/strong>y la <strong>UNAM<\/strong>? como <strong>Lambert J. Dehner, Delmiro Bernal, Uriel Gonz\u00e1lez, Salvador \u201cSapo\u201d Mendiola, Roberto \u201cTapat\u00edo\u201d Mendez, Manuel Rodero, Manuel Neri o Jacinto Licea<\/strong> por mencionar algunos\u201d, expone <strong>Jaime Rivera<\/strong>, uno de los mejores quarterbacks en la historia de la Tribu Naranja.<\/p>\n\n\n\n<p>\u201cHoy en d\u00eda meten a dirigir a j\u00f3venes sin conocimiento. Los fundamentos est\u00e1n olvidados y los jugadores no saben taclear. Van al golpe sin t\u00e9cnica. Se ha perdido la esencia y juegan como tocho, pero equipados\u201d destaca por su parte <strong>Mart\u00edn Ceballos<\/strong><\/p>\n\n\n\n<p>Tres excelentes quarterback de <strong>Pieles Rojas<\/strong> se vuelven a ver como son <strong>Rivera, Jorge Aguilar y Roman \u201cEl Brujo\u201d Sol\u00eds<\/strong>. Asistieron tambi\u00e9n <strong>Doroteo Reyes, Francisco Jes\u00fas Aguilar y Carlos Otero<\/strong> entre muchos otros.<\/p>\n\n\n\n<figure class=\"wp-block-image size-large\"><img loading=\"lazy\" decoding=\"async\" width=\"1024\" height=\"924\" src=\"https:\/\/esbozodeportivo.com\/wp-content\/uploads\/2025\/11\/DSC05568-1024x924.jpg\" alt=\"\" class=\"wp-image-10964\" srcset=\"https:\/\/esbozodeportivo.com\/wp-content\/uploads\/2025\/11\/DSC05568-1024x924.jpg 1024w, https:\/\/esbozodeportivo.com\/wp-content\/uploads\/2025\/11\/DSC05568-300x271.jpg 300w, https:\/\/esbozodeportivo.com\/wp-content\/uploads\/2025\/11\/DSC05568-768x693.jpg 768w, https:\/\/esbozodeportivo.com\/wp-content\/uploads\/2025\/11\/DSC05568-1536x1386.jpg 1536w, https:\/\/esbozodeportivo.com\/wp-content\/uploads\/2025\/11\/DSC05568-2048x1848.jpg 2048w\" sizes=\"auto, (max-width: 1024px) 100vw, 1024px\" \/><\/figure>\n\n\n\n<figure class=\"wp-block-image size-large\"><img loading=\"lazy\" decoding=\"async\" width=\"1024\" height=\"682\" src=\"https:\/\/esbozodeportivo.com\/wp-content\/uploads\/2025\/11\/DSC05580-1024x682.jpg\" alt=\"\" class=\"wp-image-10965\" srcset=\"https:\/\/esbozodeportivo.com\/wp-content\/uploads\/2025\/11\/DSC05580-1024x682.jpg 1024w, https:\/\/esbozodeportivo.com\/wp-content\/uploads\/2025\/11\/DSC05580-300x200.jpg 300w, https:\/\/esbozodeportivo.com\/wp-content\/uploads\/2025\/11\/DSC05580-768x511.jpg 768w, https:\/\/esbozodeportivo.com\/wp-content\/uploads\/2025\/11\/DSC05580-1536x1022.jpg 1536w, https:\/\/esbozodeportivo.com\/wp-content\/uploads\/2025\/11\/DSC05580-2048x1363.jpg 2048w\" sizes=\"auto, (max-width: 1024px) 100vw, 1024px\" \/><\/figure>\n\n\n\n<figure class=\"wp-block-image size-large\"><img loading=\"lazy\" decoding=\"async\" width=\"1024\" height=\"682\" src=\"https:\/\/esbozodeportivo.com\/wp-content\/uploads\/2025\/11\/DSC05591-1024x682.jpg\" alt=\"\" class=\"wp-image-10967\" srcset=\"https:\/\/esbozodeportivo.com\/wp-content\/uploads\/2025\/11\/DSC05591-1024x682.jpg 1024w, https:\/\/esbozodeportivo.com\/wp-content\/uploads\/2025\/11\/DSC05591-300x200.jpg 300w, https:\/\/esbozodeportivo.com\/wp-content\/uploads\/2025\/11\/DSC05591-768x511.jpg 768w, https:\/\/esbozodeportivo.com\/wp-content\/uploads\/2025\/11\/DSC05591-1536x1022.jpg 1536w, https:\/\/esbozodeportivo.com\/wp-content\/uploads\/2025\/11\/DSC05591-2048x1363.jpg 2048w\" sizes=\"auto, (max-width: 1024px) 100vw, 1024px\" \/><\/figure>\n\n\n\n<figure class=\"wp-block-image size-large\"><img loading=\"lazy\" decoding=\"async\" width=\"1024\" height=\"682\" src=\"https:\/\/esbozodeportivo.com\/wp-content\/uploads\/2025\/11\/DSC05593-1024x682.jpg\" alt=\"\" class=\"wp-image-10968\" srcset=\"https:\/\/esbozodeportivo.com\/wp-content\/uploads\/2025\/11\/DSC05593-1024x682.jpg 1024w, https:\/\/esbozodeportivo.com\/wp-content\/uploads\/2025\/11\/DSC05593-300x200.jpg 300w, https:\/\/esbozodeportivo.com\/wp-content\/uploads\/2025\/11\/DSC05593-768x511.jpg 768w, https:\/\/esbozodeportivo.com\/wp-content\/uploads\/2025\/11\/DSC05593-1536x1022.jpg 1536w, https:\/\/esbozodeportivo.com\/wp-content\/uploads\/2025\/11\/DSC05593-2048x1363.jpg 2048w\" sizes=\"auto, (max-width: 1024px) 100vw, 1024px\" \/><\/figure>\n\n\n\n<figure class=\"wp-block-image size-large\"><img loading=\"lazy\" decoding=\"async\" width=\"1024\" height=\"682\" src=\"https:\/\/esbozodeportivo.com\/wp-content\/uploads\/2025\/11\/DSC05597-1024x682.jpg\" alt=\"\" class=\"wp-image-10969\" srcset=\"https:\/\/esbozodeportivo.com\/wp-content\/uploads\/2025\/11\/DSC05597-1024x682.jpg 1024w, https:\/\/esbozodeportivo.com\/wp-content\/uploads\/2025\/11\/DSC05597-300x200.jpg 300w, https:\/\/esbozodeportivo.com\/wp-content\/uploads\/2025\/11\/DSC05597-768x511.jpg 768w, https:\/\/esbozodeportivo.com\/wp-content\/uploads\/2025\/11\/DSC05597-1536x1022.jpg 1536w, https:\/\/esbozodeportivo.com\/wp-content\/uploads\/2025\/11\/DSC05597-2048x1363.jpg 2048w\" sizes=\"auto, (max-width: 1024px) 100vw, 1024px\" \/><\/figure>\n\n\n\n<figure class=\"wp-block-image size-large\"><img loading=\"lazy\" decoding=\"async\" width=\"1024\" height=\"789\" src=\"https:\/\/esbozodeportivo.com\/wp-content\/uploads\/2025\/11\/DSC05602-1024x789.jpg\" alt=\"\" class=\"wp-image-10970\" srcset=\"https:\/\/esbozodeportivo.com\/wp-content\/uploads\/2025\/11\/DSC05602-1024x789.jpg 1024w, https:\/\/esbozodeportivo.com\/wp-content\/uploads\/2025\/11\/DSC05602-300x231.jpg 300w, https:\/\/esbozodeportivo.com\/wp-content\/uploads\/2025\/11\/DSC05602-768x592.jpg 768w, https:\/\/esbozodeportivo.com\/wp-content\/uploads\/2025\/11\/DSC05602-1536x1184.jpg 1536w, https:\/\/esbozodeportivo.com\/wp-content\/uploads\/2025\/11\/DSC05602-2048x1578.jpg 2048w\" sizes=\"auto, (max-width: 1024px) 100vw, 1024px\" \/><\/figure>\n","protected":false},"excerpt":{"rendered":"<p>Por Adolfo Cort\u00e9s V. (Fotos: esbozodeportivo) El Sal\u00f3n de la Fama del Futbol Americano rendir\u00e1<\/p>\n","protected":false},"author":3,"featured_media":10966,"comment_status":"closed","ping_status":"open","sticky":false,"template":"","format":"standard","meta":{"_jetpack_memberships_contains_paid_content":false,"footnotes":""},"categories":[67],"tags":[],"class_list":["post-10962","post","type-post","status-publish","format-standard","has-post-thumbnail","hentry","category-futbol-americano"],"yoast_head":"<!-- This site is optimized with the Yoast SEO plugin v25.7 - https:\/\/yoast.com\/wordpress\/plugins\/seo\/ -->\n<title>Homenaje a Pieles Rojas en el Sal\u00f3n de la Fama - Esbozo Deportivo<\/title>\n<meta name=\"description\" content=\"El Sal\u00f3n de la Fama del Futbol Americano rendir\u00e1 un homenaje al equipo campe\u00f3n de Pieles Rojas de Acci\u00f3n Deportiva y a su entrenador Manuel Rodero de 1975, el pr\u00f3ximo 22 del presente, en sus instalaciones de Toluca, Estado de M\u00e9xico.\" \/>\n<meta name=\"robots\" content=\"index, follow, max-snippet:-1, max-image-preview:large, max-video-preview:-1\" \/>\n<link rel=\"canonical\" href=\"https:\/\/esbozodeportivo.com\/index.php\/2025\/11\/04\/homenaje-a-pieles-rojas-en-el-salon-de-la-fama\/\" \/>\n<meta property=\"og:locale\" content=\"es_MX\" \/>\n<meta property=\"og:type\" content=\"article\" \/>\n<meta property=\"og:title\" content=\"Homenaje a Pieles Rojas en el Sal\u00f3n de la Fama - Esbozo Deportivo\" \/>\n<meta property=\"og:description\" content=\"El Sal\u00f3n de la Fama del Futbol Americano rendir\u00e1 un homenaje al equipo campe\u00f3n de Pieles Rojas de Acci\u00f3n Deportiva y a su entrenador Manuel Rodero de 1975, el pr\u00f3ximo 22 del presente, en sus instalaciones de Toluca, Estado de M\u00e9xico.\" \/>\n<meta property=\"og:url\" content=\"https:\/\/esbozodeportivo.com\/index.php\/2025\/11\/04\/homenaje-a-pieles-rojas-en-el-salon-de-la-fama\/\" \/>\n<meta property=\"og:site_name\" content=\"Esbozo Deportivo\" \/>\n<meta property=\"article:published_time\" content=\"2025-11-05T03:06:06+00:00\" \/>\n<meta property=\"article:modified_time\" content=\"2025-11-05T03:06:08+00:00\" \/>\n<meta property=\"og:image\" content=\"https:\/\/esbozodeportivo.com\/wp-content\/uploads\/2025\/11\/DSC05588-scaled.jpg\" \/>\n\t<meta property=\"og:image:width\" content=\"2560\" \/>\n\t<meta property=\"og:image:height\" content=\"1704\" \/>\n\t<meta property=\"og:image:type\" content=\"image\/jpeg\" \/>\n<meta name=\"author\" content=\"Adolfo Cort\u00e9s\" \/>\n<meta name=\"twitter:card\" content=\"summary_large_image\" \/>\n<meta name=\"twitter:label1\" content=\"Escrito por\" \/>\n\t<meta name=\"twitter:data1\" content=\"Adolfo Cort\u00e9s\" \/>\n\t<meta name=\"twitter:label2\" content=\"Tiempo de lectura\" \/>\n\t<meta name=\"twitter:data2\" content=\"4 minutos\" \/>\n<script type=\"application\/ld+json\" class=\"yoast-schema-graph\">{\"@context\":\"https:\/\/schema.org\",\"@graph\":[{\"@type\":\"Article\",\"@id\":\"https:\/\/esbozodeportivo.com\/index.php\/2025\/11\/04\/homenaje-a-pieles-rojas-en-el-salon-de-la-fama\/#article\",\"isPartOf\":{\"@id\":\"https:\/\/esbozodeportivo.com\/index.php\/2025\/11\/04\/homenaje-a-pieles-rojas-en-el-salon-de-la-fama\/\"},\"author\":{\"name\":\"Adolfo Cort\u00e9s\",\"@id\":\"https:\/\/esbozodeportivo.com\/#\/schema\/person\/501215805cfec00e7a0b4a9238745e12\"},\"headline\":\"Homenaje a Pieles Rojas en el Sal\u00f3n de la Fama\",\"datePublished\":\"2025-11-05T03:06:06+00:00\",\"dateModified\":\"2025-11-05T03:06:08+00:00\",\"mainEntityOfPage\":{\"@id\":\"https:\/\/esbozodeportivo.com\/index.php\/2025\/11\/04\/homenaje-a-pieles-rojas-en-el-salon-de-la-fama\/\"},\"wordCount\":357,\"publisher\":{\"@id\":\"https:\/\/esbozodeportivo.com\/#organization\"},\"image\":{\"@id\":\"https:\/\/esbozodeportivo.com\/index.php\/2025\/11\/04\/homenaje-a-pieles-rojas-en-el-salon-de-la-fama\/#primaryimage\"},\"thumbnailUrl\":\"https:\/\/esbozodeportivo.com\/wp-content\/uploads\/2025\/11\/DSC05588-scaled.jpg\",\"articleSection\":[\"Futbol Americano\"],\"inLanguage\":\"es\"},{\"@type\":\"WebPage\",\"@id\":\"https:\/\/esbozodeportivo.com\/index.php\/2025\/11\/04\/homenaje-a-pieles-rojas-en-el-salon-de-la-fama\/\",\"url\":\"https:\/\/esbozodeportivo.com\/index.php\/2025\/11\/04\/homenaje-a-pieles-rojas-en-el-salon-de-la-fama\/\",\"name\":\"Homenaje a Pieles Rojas en el Sal\u00f3n de la Fama - Esbozo Deportivo\",\"isPartOf\":{\"@id\":\"https:\/\/esbozodeportivo.com\/#website\"},\"primaryImageOfPage\":{\"@id\":\"https:\/\/esbozodeportivo.com\/index.php\/2025\/11\/04\/homenaje-a-pieles-rojas-en-el-salon-de-la-fama\/#primaryimage\"},\"image\":{\"@id\":\"https:\/\/esbozodeportivo.com\/index.php\/2025\/11\/04\/homenaje-a-pieles-rojas-en-el-salon-de-la-fama\/#primaryimage\"},\"thumbnailUrl\":\"https:\/\/esbozodeportivo.com\/wp-content\/uploads\/2025\/11\/DSC05588-scaled.jpg\",\"datePublished\":\"2025-11-05T03:06:06+00:00\",\"dateModified\":\"2025-11-05T03:06:08+00:00\",\"description\":\"El Sal\u00f3n de la Fama del Futbol Americano rendir\u00e1 un homenaje al equipo campe\u00f3n de Pieles Rojas de Acci\u00f3n Deportiva y a su entrenador Manuel Rodero de 1975, el pr\u00f3ximo 22 del presente, en sus instalaciones de Toluca, Estado de M\u00e9xico.\",\"breadcrumb\":{\"@id\":\"https:\/\/esbozodeportivo.com\/index.php\/2025\/11\/04\/homenaje-a-pieles-rojas-en-el-salon-de-la-fama\/#breadcrumb\"},\"inLanguage\":\"es\",\"potentialAction\":[{\"@type\":\"ReadAction\",\"target\":[\"https:\/\/esbozodeportivo.com\/index.php\/2025\/11\/04\/homenaje-a-pieles-rojas-en-el-salon-de-la-fama\/\"]}]},{\"@type\":\"ImageObject\",\"inLanguage\":\"es\",\"@id\":\"https:\/\/esbozodeportivo.com\/index.php\/2025\/11\/04\/homenaje-a-pieles-rojas-en-el-salon-de-la-fama\/#primaryimage\",\"url\":\"https:\/\/esbozodeportivo.com\/wp-content\/uploads\/2025\/11\/DSC05588-scaled.jpg\",\"contentUrl\":\"https:\/\/esbozodeportivo.com\/wp-content\/uploads\/2025\/11\/DSC05588-scaled.jpg\",\"width\":2560,\"height\":1704},{\"@type\":\"BreadcrumbList\",\"@id\":\"https:\/\/esbozodeportivo.com\/index.php\/2025\/11\/04\/homenaje-a-pieles-rojas-en-el-salon-de-la-fama\/#breadcrumb\",\"itemListElement\":[{\"@type\":\"ListItem\",\"position\":1,\"name\":\"Inicio\",\"item\":\"https:\/\/esbozodeportivo.com\/\"},{\"@type\":\"ListItem\",\"position\":2,\"name\":\"Homenaje a Pieles Rojas en el Sal\u00f3n de la Fama\"}]},{\"@type\":\"WebSite\",\"@id\":\"https:\/\/esbozodeportivo.com\/#website\",\"url\":\"https:\/\/esbozodeportivo.com\/\",\"name\":\"Esbozo Deportivo\",\"description\":\"Lo m\u00e1s importante del Deporte\",\"publisher\":{\"@id\":\"https:\/\/esbozodeportivo.com\/#organization\"},\"potentialAction\":[{\"@type\":\"SearchAction\",\"target\":{\"@type\":\"EntryPoint\",\"urlTemplate\":\"https:\/\/esbozodeportivo.com\/?s={search_term_string}\"},\"query-input\":{\"@type\":\"PropertyValueSpecification\",\"valueRequired\":true,\"valueName\":\"search_term_string\"}}],\"inLanguage\":\"es\"},{\"@type\":\"Organization\",\"@id\":\"https:\/\/esbozodeportivo.com\/#organization\",\"name\":\"Esbozo Deportivo\",\"url\":\"https:\/\/esbozodeportivo.com\/\",\"logo\":{\"@type\":\"ImageObject\",\"inLanguage\":\"es\",\"@id\":\"https:\/\/esbozodeportivo.com\/#\/schema\/logo\/image\/\",\"url\":\"https:\/\/esbozodeportivo.com\/wp-content\/uploads\/2022\/08\/cropped-Logo-Esbozo-Web-2.png\",\"contentUrl\":\"https:\/\/esbozodeportivo.com\/wp-content\/uploads\/2022\/08\/cropped-Logo-Esbozo-Web-2.png\",\"width\":180,\"height\":50,\"caption\":\"Esbozo Deportivo\"},\"image\":{\"@id\":\"https:\/\/esbozodeportivo.com\/#\/schema\/logo\/image\/\"}},{\"@type\":\"Person\",\"@id\":\"https:\/\/esbozodeportivo.com\/#\/schema\/person\/501215805cfec00e7a0b4a9238745e12\",\"name\":\"Adolfo Cort\u00e9s\",\"image\":{\"@type\":\"ImageObject\",\"inLanguage\":\"es\",\"@id\":\"https:\/\/esbozodeportivo.com\/#\/schema\/person\/image\/\",\"url\":\"https:\/\/secure.gravatar.com\/avatar\/a07c8189a87d01e7546f1fa2c5a51d53453d3f3ed9c5caaab8066e558ee9b52e?s=96&d=mm&r=g\",\"contentUrl\":\"https:\/\/secure.gravatar.com\/avatar\/a07c8189a87d01e7546f1fa2c5a51d53453d3f3ed9c5caaab8066e558ee9b52e?s=96&d=mm&r=g\",\"caption\":\"Adolfo Cort\u00e9s\"},\"url\":\"https:\/\/esbozodeportivo.com\/index.php\/author\/adolfocortes\/\"}]}<\/script>\n<!-- \/ Yoast SEO plugin. -->","yoast_head_json":{"title":"Homenaje a Pieles Rojas en el Sal\u00f3n de la Fama - Esbozo Deportivo","description":"El Sal\u00f3n de la Fama del Futbol Americano rendir\u00e1 un homenaje al equipo campe\u00f3n de Pieles Rojas de Acci\u00f3n Deportiva y a su entrenador Manuel Rodero de 1975, el pr\u00f3ximo 22 del presente, en sus instalaciones de Toluca, Estado de M\u00e9xico.","robots":{"index":"index","follow":"follow","max-snippet":"max-snippet:-1","max-image-preview":"max-image-preview:large","max-video-preview":"max-video-preview:-1"},"canonical":"https:\/\/esbozodeportivo.com\/index.php\/2025\/11\/04\/homenaje-a-pieles-rojas-en-el-salon-de-la-fama\/","og_locale":"es_MX","og_type":"article","og_title":"Homenaje a Pieles Rojas en el Sal\u00f3n de la Fama - Esbozo Deportivo","og_description":"El Sal\u00f3n de la Fama del Futbol Americano rendir\u00e1 un homenaje al equipo campe\u00f3n de Pieles Rojas de Acci\u00f3n Deportiva y a su entrenador Manuel Rodero de 1975, el pr\u00f3ximo 22 del presente, en sus instalaciones de Toluca, Estado de M\u00e9xico.","og_url":"https:\/\/esbozodeportivo.com\/index.php\/2025\/11\/04\/homenaje-a-pieles-rojas-en-el-salon-de-la-fama\/","og_site_name":"Esbozo Deportivo","article_published_time":"2025-11-05T03:06:06+00:00","article_modified_time":"2025-11-05T03:06:08+00:00","og_image":[{"width":2560,"height":1704,"url":"https:\/\/esbozodeportivo.com\/wp-content\/uploads\/2025\/11\/DSC05588-scaled.jpg","type":"image\/jpeg"}],"author":"Adolfo Cort\u00e9s","twitter_card":"summary_large_image","twitter_misc":{"Escrito por":"Adolfo Cort\u00e9s","Tiempo de lectura":"4 minutos"},"schema":{"@context":"https:\/\/schema.org","@graph":[{"@type":"Article","@id":"https:\/\/esbozodeportivo.com\/index.php\/2025\/11\/04\/homenaje-a-pieles-rojas-en-el-salon-de-la-fama\/#article","isPartOf":{"@id":"https:\/\/esbozodeportivo.com\/index.php\/2025\/11\/04\/homenaje-a-pieles-rojas-en-el-salon-de-la-fama\/"},"author":{"name":"Adolfo Cort\u00e9s","@id":"https:\/\/esbozodeportivo.com\/#\/schema\/person\/501215805cfec00e7a0b4a9238745e12"},"headline":"Homenaje a Pieles Rojas en el Sal\u00f3n de la Fama","datePublished":"2025-11-05T03:06:06+00:00","dateModified":"2025-11-05T03:06:08+00:00","mainEntityOfPage":{"@id":"https:\/\/esbozodeportivo.com\/index.php\/2025\/11\/04\/homenaje-a-pieles-rojas-en-el-salon-de-la-fama\/"},"wordCount":357,"publisher":{"@id":"https:\/\/esbozodeportivo.com\/#organization"},"image":{"@id":"https:\/\/esbozodeportivo.com\/index.php\/2025\/11\/04\/homenaje-a-pieles-rojas-en-el-salon-de-la-fama\/#primaryimage"},"thumbnailUrl":"https:\/\/esbozodeportivo.com\/wp-content\/uploads\/2025\/11\/DSC05588-scaled.jpg","articleSection":["Futbol Americano"],"inLanguage":"es"},{"@type":"WebPage","@id":"https:\/\/esbozodeportivo.com\/index.php\/2025\/11\/04\/homenaje-a-pieles-rojas-en-el-salon-de-la-fama\/","url":"https:\/\/esbozodeportivo.com\/index.php\/2025\/11\/04\/homenaje-a-pieles-rojas-en-el-salon-de-la-fama\/","name":"Homenaje a Pieles Rojas en el Sal\u00f3n de la Fama - Esbozo Deportivo","isPartOf":{"@id":"https:\/\/esbozodeportivo.com\/#website"},"primaryImageOfPage":{"@id":"https:\/\/esbozodeportivo.com\/index.php\/2025\/11\/04\/homenaje-a-pieles-rojas-en-el-salon-de-la-fama\/#primaryimage"},"image":{"@id":"https:\/\/esbozodeportivo.com\/index.php\/2025\/11\/04\/homenaje-a-pieles-rojas-en-el-salon-de-la-fama\/#primaryimage"},"thumbnailUrl":"https:\/\/esbozodeportivo.com\/wp-content\/uploads\/2025\/11\/DSC05588-scaled.jpg","datePublished":"2025-11-05T03:06:06+00:00","dateModified":"2025-11-05T03:06:08+00:00","description":"El Sal\u00f3n de la Fama del Futbol Americano rendir\u00e1 un homenaje al equipo campe\u00f3n de Pieles Rojas de Acci\u00f3n Deportiva y a su entrenador Manuel Rodero de 1975, el pr\u00f3ximo 22 del presente, en sus instalaciones de Toluca, Estado de M\u00e9xico.","breadcrumb":{"@id":"https:\/\/esbozodeportivo.com\/index.php\/2025\/11\/04\/homenaje-a-pieles-rojas-en-el-salon-de-la-fama\/#breadcrumb"},"inLanguage":"es","potentialAction":[{"@type":"ReadAction","target":["https:\/\/esbozodeportivo.com\/index.php\/2025\/11\/04\/homenaje-a-pieles-rojas-en-el-salon-de-la-fama\/"]}]},{"@type":"ImageObject","inLanguage":"es","@id":"https:\/\/esbozodeportivo.com\/index.php\/2025\/11\/04\/homenaje-a-pieles-rojas-en-el-salon-de-la-fama\/#primaryimage","url":"https:\/\/esbozodeportivo.com\/wp-content\/uploads\/2025\/11\/DSC05588-scaled.jpg","contentUrl":"https:\/\/esbozodeportivo.com\/wp-content\/uploads\/2025\/11\/DSC05588-scaled.jpg","width":2560,"height":1704},{"@type":"BreadcrumbList","@id":"https:\/\/esbozodeportivo.com\/index.php\/2025\/11\/04\/homenaje-a-pieles-rojas-en-el-salon-de-la-fama\/#breadcrumb","itemListElement":[{"@type":"ListItem","position":1,"name":"Inicio","item":"https:\/\/esbozodeportivo.com\/"},{"@type":"ListItem","position":2,"name":"Homenaje a Pieles Rojas en el Sal\u00f3n de la Fama"}]},{"@type":"WebSite","@id":"https:\/\/esbozodeportivo.com\/#website","url":"https:\/\/esbozodeportivo.com\/","name":"Esbozo Deportivo","description":"Lo m\u00e1s importante del Deporte","publisher":{"@id":"https:\/\/esbozodeportivo.com\/#organization"},"potentialAction":[{"@type":"SearchAction","target":{"@type":"EntryPoint","urlTemplate":"https:\/\/esbozodeportivo.com\/?s={search_term_string}"},"query-input":{"@type":"PropertyValueSpecification","valueRequired":true,"valueName":"search_term_string"}}],"inLanguage":"es"},{"@type":"Organization","@id":"https:\/\/esbozodeportivo.com\/#organization","name":"Esbozo Deportivo","url":"https:\/\/esbozodeportivo.com\/","logo":{"@type":"ImageObject","inLanguage":"es","@id":"https:\/\/esbozodeportivo.com\/#\/schema\/logo\/image\/","url":"https:\/\/esbozodeportivo.com\/wp-content\/uploads\/2022\/08\/cropped-Logo-Esbozo-Web-2.png","contentUrl":"https:\/\/esbozodeportivo.com\/wp-content\/uploads\/2022\/08\/cropped-Logo-Esbozo-Web-2.png","width":180,"height":50,"caption":"Esbozo Deportivo"},"image":{"@id":"https:\/\/esbozodeportivo.com\/#\/schema\/logo\/image\/"}},{"@type":"Person","@id":"https:\/\/esbozodeportivo.com\/#\/schema\/person\/501215805cfec00e7a0b4a9238745e12","name":"Adolfo Cort\u00e9s","image":{"@type":"ImageObject","inLanguage":"es","@id":"https:\/\/esbozodeportivo.com\/#\/schema\/person\/image\/","url":"https:\/\/secure.gravatar.com\/avatar\/a07c8189a87d01e7546f1fa2c5a51d53453d3f3ed9c5caaab8066e558ee9b52e?s=96&d=mm&r=g","contentUrl":"https:\/\/secure.gravatar.com\/avatar\/a07c8189a87d01e7546f1fa2c5a51d53453d3f3ed9c5caaab8066e558ee9b52e?s=96&d=mm&r=g","caption":"Adolfo Cort\u00e9s"},"url":"https:\/\/esbozodeportivo.com\/index.php\/author\/adolfocortes\/"}]}},"jetpack_featured_media_url":"https:\/\/esbozodeportivo.com\/wp-content\/uploads\/2025\/11\/DSC05588-scaled.jpg","jetpack_sharing_enabled":true,"_links":{"self":[{"href":"https:\/\/esbozodeportivo.com\/index.php\/wp-json\/wp\/v2\/posts\/10962","targetHints":{"allow":["GET"]}}],"collection":[{"href":"https:\/\/esbozodeportivo.com\/index.php\/wp-json\/wp\/v2\/posts"}],"about":[{"href":"https:\/\/esbozodeportivo.com\/index.php\/wp-json\/wp\/v2\/types\/post"}],"author":[{"embeddable":true,"href":"https:\/\/esbozodeportivo.com\/index.php\/wp-json\/wp\/v2\/users\/3"}],"replies":[{"embeddable":true,"href":"https:\/\/esbozodeportivo.com\/index.php\/wp-json\/wp\/v2\/comments?post=10962"}],"version-history":[{"count":1,"href":"https:\/\/esbozodeportivo.com\/index.php\/wp-json\/wp\/v2\/posts\/10962\/revisions"}],"predecessor-version":[{"id":10971,"href":"https:\/\/esbozodeportivo.com\/index.php\/wp-json\/wp\/v2\/posts\/10962\/revisions\/10971"}],"wp:featuredmedia":[{"embeddable":true,"href":"https:\/\/esbozodeportivo.com\/index.php\/wp-json\/wp\/v2\/media\/10966"}],"wp:attachment":[{"href":"https:\/\/esbozodeportivo.com\/index.php\/wp-json\/wp\/v2\/media?parent=10962"}],"wp:term":[{"taxonomy":"category","embeddable":true,"href":"https:\/\/esbozodeportivo.com\/index.php\/wp-json\/wp\/v2\/categories?post=10962"},{"taxonomy":"post_tag","embeddable":true,"href":"https:\/\/esbozodeportivo.com\/index.php\/wp-json\/wp\/v2\/tags?post=10962"}],"curies":[{"name":"wp","href":"https:\/\/api.w.org\/{rel}","templated":true}]}}