{"id":10991,"date":"2025-11-04T22:09:19","date_gmt":"2025-11-05T04:09:19","guid":{"rendered":"https:\/\/esbozodeportivo.com\/?p=10991"},"modified":"2025-11-04T22:09:20","modified_gmt":"2025-11-05T04:09:20","slug":"nombran-caballero-a-beckham","status":"publish","type":"post","link":"https:\/\/esbozodeportivo.com\/index.php\/2025\/11\/04\/nombran-caballero-a-beckham\/","title":{"rendered":"Nombran Caballero a Beckham"},"content":{"rendered":"\n<p>(Foto: Agencias) <\/p>\n\n\n\n<p>Cuando lleg\u00f3 el momento de recibir su t\u00edtulo de caballero, el futbolista David Beckham sab\u00eda qu\u00e9 hacer. Dobl\u00f3 su rodilla&#8230; a lo Beckham.<\/p>\n\n\n\n<p>El rey Carlos III toc\u00f3 sus hombros con la hoja de una espada y \u201cBecks\u201d se transform\u00f3 en Sir David Beckham.<\/p>\n\n\n\n<p>\u201cEste es sin duda mi momento de mayor orgullo\u201d, afirm\u00f3 Beckham despu\u00e9s de la ceremonia en el Castillo de Windsor el martes. \u201cHe tenido obviamente mucha suerte en mi carrera al haber ganado lo que he ganado y hecho lo que he hecho, pero recibir un honor como este, de caballero, est\u00e1 m\u00e1s all\u00e1 de cualquier cosa que alguna vez pens\u00e9 que recibir\u00eda\u201d.<\/p>\n\n\n\n<p>La distinci\u00f3n marca el pin\u00e1culo del esfuerzo de Beckham por rehabilitar su imagen tras eventos que a veces lo alejaron de los fan\u00e1ticos durante una larga y distinguida carrera con Manchester United y Real Madrid, entre otros clubes. Tambi\u00e9n ha tenido una personalidad muy p\u00fablica como modelo de moda, esposo de Victoria \u201cPosh\u201d Beckham de las Spice Girls y musa de la pel\u00edcula \u201cBend it Like Beckham\u201d.<\/p>\n\n\n\n<p>Beckham, de 50 a\u00f1os, fue nombrado caballero por sus servicios al deporte y la caridad. Ha colaborado con la UNICEF, el fondo para la infancia de la ONU, durante dos d\u00e9cadas. Tambi\u00e9n ha hecho campa\u00f1a con una organizaci\u00f3n ben\u00e9fica que trabaja para erradicar la malaria. Tambi\u00e9n tuvo un papel fundamental en que Londres fuera galardonada con los Juegos Ol\u00edmpicos de Verano de 2012.<\/p>\n\n\n\n<p>El novelista ganador del Premio Nobel Kazuo Ishiguro, autor de \u201cThe Remains of the Day\u201d y previamente nombrado caballero, fue reconocido en la ceremonia del martes como Compa\u00f1ero de Honor por su contribuci\u00f3n a la literatura. La renombrada cantante y actriz de musicales Elaine Paige recibi\u00f3 el t\u00edtulo de dama, el equivalente femenino de un t\u00edtulo de caballero.<\/p>\n\n\n\n<p>Beckham es el \u00fanico futbolista ingl\u00e9s que ha marcado en tres Copas del Mundo diferentes. Form\u00f3 parte de la campa\u00f1a del triplete de 1999, cuando el Manchester United conquist\u00f3 la Liga Premier, la Copa FA y la Liga de Campeones.<\/p>\n\n\n\n<p>Con 115 apariciones para la selecci\u00f3n nacional de Inglaterra, Beckham es el tercero en la lista de todos los tiempos. Tambi\u00e9n fue capit\u00e1n del equipo en 59 ocasiones.<\/p>\n\n\n\n<figure class=\"wp-block-image size-large\"><img loading=\"lazy\" decoding=\"async\" width=\"1024\" height=\"683\" src=\"https:\/\/esbozodeportivo.com\/wp-content\/uploads\/2025\/11\/Beker-1024x683.jpg\" alt=\"\" class=\"wp-image-10978\" srcset=\"https:\/\/esbozodeportivo.com\/wp-content\/uploads\/2025\/11\/Beker-1024x683.jpg 1024w, https:\/\/esbozodeportivo.com\/wp-content\/uploads\/2025\/11\/Beker-300x200.jpg 300w, https:\/\/esbozodeportivo.com\/wp-content\/uploads\/2025\/11\/Beker-768x512.jpg 768w, https:\/\/esbozodeportivo.com\/wp-content\/uploads\/2025\/11\/Beker.jpg 1440w\" sizes=\"auto, (max-width: 1024px) 100vw, 1024px\" \/><\/figure>\n\n\n\n<p>(Foto: Agencias) <\/p>\n\n\n\n<p>Despu\u00e9s de dejar el United en 2003 \u2014algo que irrit\u00f3 a los hinchas\u2014 Beckham se fue al Madrid. Tambi\u00e9n milit\u00f3 con el LA Galaxy de la MLS y el Paris Saint-Germain. Ahora es copropietario del Inter Miami, el equipo de la MLS en el que juega Lionel Messi.<\/p>\n\n\n\n<p>Su carrera toc\u00f3 fondo en el Mundial de Francia 1998. Beckham fue ampliamente vilipendiado por su patada petulante al jugador argentino Diego Simeone, lo que provoc\u00f3 su expulsi\u00f3n y dej\u00f3 al equipo en inferiodad num\u00e9rica. Muchos hinchas lo culparon por la eliminaci\u00f3n de Inglaterra.<\/p>\n\n\n\n<p>En la serie documental de Netflix de 2023 \u201cBeckham\u201d, describi\u00f3 el abuso que sufri\u00f3, que incluy\u00f3 un mu\u00f1eco de \u00e9l colgado de una soga fuera de un pub en Londres.<\/p>\n\n\n\n<p>\u201cSab\u00eda que era el malo en ese momento, pero repasar todo eso fue bastante dif\u00edcil\u201d, coment\u00f3 a The Associated Press en ese momento.<\/p>\n\n\n\n<p>El t\u00edtulo de caballero de Beckham fue anunciado en junio durante la lista de honores de cumplea\u00f1os del rey. Los premios, que tambi\u00e9n se otorgan en A\u00f1o Nuevo, reconocen contribuciones a la vida brit\u00e1nica.<\/p>\n\n\n\n<p><\/p>\n","protected":false},"excerpt":{"rendered":"<p>(Foto: Agencias) Cuando lleg\u00f3 el momento de recibir su t\u00edtulo de caballero, el futbolista David<\/p>\n","protected":false},"author":4,"featured_media":10979,"comment_status":"closed","ping_status":"open","sticky":false,"template":"","format":"standard","meta":{"_jetpack_memberships_contains_paid_content":false,"footnotes":""},"categories":[14],"tags":[],"class_list":["post-10991","post","type-post","status-publish","format-standard","has-post-thumbnail","hentry","category-futbol"],"yoast_head":"<!-- This site is optimized with the Yoast SEO plugin v25.7 - https:\/\/yoast.com\/wordpress\/plugins\/seo\/ -->\n<title>Nombran Caballero a Beckham - Esbozo Deportivo<\/title>\n<meta name=\"description\" content=\"Cuando lleg\u00f3 el momento de recibir su t\u00edtulo de caballero, el futbolista David Beckham sab\u00eda qu\u00e9 hacer. Dobl\u00f3 su rodilla... a lo Beckham.\" \/>\n<meta name=\"robots\" content=\"index, follow, max-snippet:-1, max-image-preview:large, max-video-preview:-1\" \/>\n<link rel=\"canonical\" href=\"https:\/\/esbozodeportivo.com\/index.php\/2025\/11\/04\/nombran-caballero-a-beckham\/\" \/>\n<meta property=\"og:locale\" content=\"es_MX\" \/>\n<meta property=\"og:type\" content=\"article\" \/>\n<meta property=\"og:title\" content=\"Nombran Caballero a Beckham - Esbozo Deportivo\" \/>\n<meta property=\"og:description\" content=\"Cuando lleg\u00f3 el momento de recibir su t\u00edtulo de caballero, el futbolista David Beckham sab\u00eda qu\u00e9 hacer. Dobl\u00f3 su rodilla... a lo Beckham.\" \/>\n<meta property=\"og:url\" content=\"https:\/\/esbozodeportivo.com\/index.php\/2025\/11\/04\/nombran-caballero-a-beckham\/\" \/>\n<meta property=\"og:site_name\" content=\"Esbozo Deportivo\" \/>\n<meta property=\"article:published_time\" content=\"2025-11-05T04:09:19+00:00\" \/>\n<meta property=\"article:modified_time\" content=\"2025-11-05T04:09:20+00:00\" \/>\n<meta property=\"og:image\" content=\"https:\/\/esbozodeportivo.com\/wp-content\/uploads\/2025\/11\/Beker1.jpg\" \/>\n\t<meta property=\"og:image:width\" content=\"1440\" \/>\n\t<meta property=\"og:image:height\" content=\"960\" \/>\n\t<meta property=\"og:image:type\" content=\"image\/jpeg\" \/>\n<meta name=\"author\" content=\"Redacci\u00f3n\" \/>\n<meta name=\"twitter:card\" content=\"summary_large_image\" \/>\n<meta name=\"twitter:label1\" content=\"Escrito por\" \/>\n\t<meta name=\"twitter:data1\" content=\"Redacci\u00f3n\" \/>\n\t<meta name=\"twitter:label2\" content=\"Tiempo de lectura\" \/>\n\t<meta name=\"twitter:data2\" content=\"3 minutos\" \/>\n<script type=\"application\/ld+json\" class=\"yoast-schema-graph\">{\"@context\":\"https:\/\/schema.org\",\"@graph\":[{\"@type\":\"Article\",\"@id\":\"https:\/\/esbozodeportivo.com\/index.php\/2025\/11\/04\/nombran-caballero-a-beckham\/#article\",\"isPartOf\":{\"@id\":\"https:\/\/esbozodeportivo.com\/index.php\/2025\/11\/04\/nombran-caballero-a-beckham\/\"},\"author\":{\"name\":\"Redacci\u00f3n\",\"@id\":\"https:\/\/esbozodeportivo.com\/#\/schema\/person\/0f6df9196dfe6740dd0bb31bae50d374\"},\"headline\":\"Nombran Caballero a Beckham\",\"datePublished\":\"2025-11-05T04:09:19+00:00\",\"dateModified\":\"2025-11-05T04:09:20+00:00\",\"mainEntityOfPage\":{\"@id\":\"https:\/\/esbozodeportivo.com\/index.php\/2025\/11\/04\/nombran-caballero-a-beckham\/\"},\"wordCount\":583,\"publisher\":{\"@id\":\"https:\/\/esbozodeportivo.com\/#organization\"},\"image\":{\"@id\":\"https:\/\/esbozodeportivo.com\/index.php\/2025\/11\/04\/nombran-caballero-a-beckham\/#primaryimage\"},\"thumbnailUrl\":\"https:\/\/esbozodeportivo.com\/wp-content\/uploads\/2025\/11\/Beker1.jpg\",\"articleSection\":[\"Futbol Internacional\"],\"inLanguage\":\"es\"},{\"@type\":\"WebPage\",\"@id\":\"https:\/\/esbozodeportivo.com\/index.php\/2025\/11\/04\/nombran-caballero-a-beckham\/\",\"url\":\"https:\/\/esbozodeportivo.com\/index.php\/2025\/11\/04\/nombran-caballero-a-beckham\/\",\"name\":\"Nombran Caballero a Beckham - Esbozo Deportivo\",\"isPartOf\":{\"@id\":\"https:\/\/esbozodeportivo.com\/#website\"},\"primaryImageOfPage\":{\"@id\":\"https:\/\/esbozodeportivo.com\/index.php\/2025\/11\/04\/nombran-caballero-a-beckham\/#primaryimage\"},\"image\":{\"@id\":\"https:\/\/esbozodeportivo.com\/index.php\/2025\/11\/04\/nombran-caballero-a-beckham\/#primaryimage\"},\"thumbnailUrl\":\"https:\/\/esbozodeportivo.com\/wp-content\/uploads\/2025\/11\/Beker1.jpg\",\"datePublished\":\"2025-11-05T04:09:19+00:00\",\"dateModified\":\"2025-11-05T04:09:20+00:00\",\"description\":\"Cuando lleg\u00f3 el momento de recibir su t\u00edtulo de caballero, el futbolista David Beckham sab\u00eda qu\u00e9 hacer. Dobl\u00f3 su rodilla... a lo Beckham.\",\"breadcrumb\":{\"@id\":\"https:\/\/esbozodeportivo.com\/index.php\/2025\/11\/04\/nombran-caballero-a-beckham\/#breadcrumb\"},\"inLanguage\":\"es\",\"potentialAction\":[{\"@type\":\"ReadAction\",\"target\":[\"https:\/\/esbozodeportivo.com\/index.php\/2025\/11\/04\/nombran-caballero-a-beckham\/\"]}]},{\"@type\":\"ImageObject\",\"inLanguage\":\"es\",\"@id\":\"https:\/\/esbozodeportivo.com\/index.php\/2025\/11\/04\/nombran-caballero-a-beckham\/#primaryimage\",\"url\":\"https:\/\/esbozodeportivo.com\/wp-content\/uploads\/2025\/11\/Beker1.jpg\",\"contentUrl\":\"https:\/\/esbozodeportivo.com\/wp-content\/uploads\/2025\/11\/Beker1.jpg\",\"width\":1440,\"height\":960},{\"@type\":\"BreadcrumbList\",\"@id\":\"https:\/\/esbozodeportivo.com\/index.php\/2025\/11\/04\/nombran-caballero-a-beckham\/#breadcrumb\",\"itemListElement\":[{\"@type\":\"ListItem\",\"position\":1,\"name\":\"Inicio\",\"item\":\"https:\/\/esbozodeportivo.com\/\"},{\"@type\":\"ListItem\",\"position\":2,\"name\":\"Nombran Caballero a Beckham\"}]},{\"@type\":\"WebSite\",\"@id\":\"https:\/\/esbozodeportivo.com\/#website\",\"url\":\"https:\/\/esbozodeportivo.com\/\",\"name\":\"Esbozo Deportivo\",\"description\":\"Lo m\u00e1s importante del Deporte\",\"publisher\":{\"@id\":\"https:\/\/esbozodeportivo.com\/#organization\"},\"potentialAction\":[{\"@type\":\"SearchAction\",\"target\":{\"@type\":\"EntryPoint\",\"urlTemplate\":\"https:\/\/esbozodeportivo.com\/?s={search_term_string}\"},\"query-input\":{\"@type\":\"PropertyValueSpecification\",\"valueRequired\":true,\"valueName\":\"search_term_string\"}}],\"inLanguage\":\"es\"},{\"@type\":\"Organization\",\"@id\":\"https:\/\/esbozodeportivo.com\/#organization\",\"name\":\"Esbozo Deportivo\",\"url\":\"https:\/\/esbozodeportivo.com\/\",\"logo\":{\"@type\":\"ImageObject\",\"inLanguage\":\"es\",\"@id\":\"https:\/\/esbozodeportivo.com\/#\/schema\/logo\/image\/\",\"url\":\"https:\/\/esbozodeportivo.com\/wp-content\/uploads\/2022\/08\/cropped-Logo-Esbozo-Web-2.png\",\"contentUrl\":\"https:\/\/esbozodeportivo.com\/wp-content\/uploads\/2022\/08\/cropped-Logo-Esbozo-Web-2.png\",\"width\":180,\"height\":50,\"caption\":\"Esbozo Deportivo\"},\"image\":{\"@id\":\"https:\/\/esbozodeportivo.com\/#\/schema\/logo\/image\/\"}},{\"@type\":\"Person\",\"@id\":\"https:\/\/esbozodeportivo.com\/#\/schema\/person\/0f6df9196dfe6740dd0bb31bae50d374\",\"name\":\"Redacci\u00f3n\",\"image\":{\"@type\":\"ImageObject\",\"inLanguage\":\"es\",\"@id\":\"https:\/\/esbozodeportivo.com\/#\/schema\/person\/image\/\",\"url\":\"https:\/\/secure.gravatar.com\/avatar\/f55268a89c3b418f2ef172ff52ab0d09b3e653c58de29539fe329fb93d78ebf3?s=96&d=mm&r=g\",\"contentUrl\":\"https:\/\/secure.gravatar.com\/avatar\/f55268a89c3b418f2ef172ff52ab0d09b3e653c58de29539fe329fb93d78ebf3?s=96&d=mm&r=g\",\"caption\":\"Redacci\u00f3n\"},\"url\":\"https:\/\/esbozodeportivo.com\/index.php\/author\/redaccion\/\"}]}<\/script>\n<!-- \/ Yoast SEO plugin. -->","yoast_head_json":{"title":"Nombran Caballero a Beckham - Esbozo Deportivo","description":"Cuando lleg\u00f3 el momento de recibir su t\u00edtulo de caballero, el futbolista David Beckham sab\u00eda qu\u00e9 hacer. Dobl\u00f3 su rodilla... a lo Beckham.","robots":{"index":"index","follow":"follow","max-snippet":"max-snippet:-1","max-image-preview":"max-image-preview:large","max-video-preview":"max-video-preview:-1"},"canonical":"https:\/\/esbozodeportivo.com\/index.php\/2025\/11\/04\/nombran-caballero-a-beckham\/","og_locale":"es_MX","og_type":"article","og_title":"Nombran Caballero a Beckham - Esbozo Deportivo","og_description":"Cuando lleg\u00f3 el momento de recibir su t\u00edtulo de caballero, el futbolista David Beckham sab\u00eda qu\u00e9 hacer. Dobl\u00f3 su rodilla... a lo Beckham.","og_url":"https:\/\/esbozodeportivo.com\/index.php\/2025\/11\/04\/nombran-caballero-a-beckham\/","og_site_name":"Esbozo Deportivo","article_published_time":"2025-11-05T04:09:19+00:00","article_modified_time":"2025-11-05T04:09:20+00:00","og_image":[{"width":1440,"height":960,"url":"https:\/\/esbozodeportivo.com\/wp-content\/uploads\/2025\/11\/Beker1.jpg","type":"image\/jpeg"}],"author":"Redacci\u00f3n","twitter_card":"summary_large_image","twitter_misc":{"Escrito por":"Redacci\u00f3n","Tiempo de lectura":"3 minutos"},"schema":{"@context":"https:\/\/schema.org","@graph":[{"@type":"Article","@id":"https:\/\/esbozodeportivo.com\/index.php\/2025\/11\/04\/nombran-caballero-a-beckham\/#article","isPartOf":{"@id":"https:\/\/esbozodeportivo.com\/index.php\/2025\/11\/04\/nombran-caballero-a-beckham\/"},"author":{"name":"Redacci\u00f3n","@id":"https:\/\/esbozodeportivo.com\/#\/schema\/person\/0f6df9196dfe6740dd0bb31bae50d374"},"headline":"Nombran Caballero a Beckham","datePublished":"2025-11-05T04:09:19+00:00","dateModified":"2025-11-05T04:09:20+00:00","mainEntityOfPage":{"@id":"https:\/\/esbozodeportivo.com\/index.php\/2025\/11\/04\/nombran-caballero-a-beckham\/"},"wordCount":583,"publisher":{"@id":"https:\/\/esbozodeportivo.com\/#organization"},"image":{"@id":"https:\/\/esbozodeportivo.com\/index.php\/2025\/11\/04\/nombran-caballero-a-beckham\/#primaryimage"},"thumbnailUrl":"https:\/\/esbozodeportivo.com\/wp-content\/uploads\/2025\/11\/Beker1.jpg","articleSection":["Futbol Internacional"],"inLanguage":"es"},{"@type":"WebPage","@id":"https:\/\/esbozodeportivo.com\/index.php\/2025\/11\/04\/nombran-caballero-a-beckham\/","url":"https:\/\/esbozodeportivo.com\/index.php\/2025\/11\/04\/nombran-caballero-a-beckham\/","name":"Nombran Caballero a Beckham - Esbozo Deportivo","isPartOf":{"@id":"https:\/\/esbozodeportivo.com\/#website"},"primaryImageOfPage":{"@id":"https:\/\/esbozodeportivo.com\/index.php\/2025\/11\/04\/nombran-caballero-a-beckham\/#primaryimage"},"image":{"@id":"https:\/\/esbozodeportivo.com\/index.php\/2025\/11\/04\/nombran-caballero-a-beckham\/#primaryimage"},"thumbnailUrl":"https:\/\/esbozodeportivo.com\/wp-content\/uploads\/2025\/11\/Beker1.jpg","datePublished":"2025-11-05T04:09:19+00:00","dateModified":"2025-11-05T04:09:20+00:00","description":"Cuando lleg\u00f3 el momento de recibir su t\u00edtulo de caballero, el futbolista David Beckham sab\u00eda qu\u00e9 hacer. Dobl\u00f3 su rodilla... a lo Beckham.","breadcrumb":{"@id":"https:\/\/esbozodeportivo.com\/index.php\/2025\/11\/04\/nombran-caballero-a-beckham\/#breadcrumb"},"inLanguage":"es","potentialAction":[{"@type":"ReadAction","target":["https:\/\/esbozodeportivo.com\/index.php\/2025\/11\/04\/nombran-caballero-a-beckham\/"]}]},{"@type":"ImageObject","inLanguage":"es","@id":"https:\/\/esbozodeportivo.com\/index.php\/2025\/11\/04\/nombran-caballero-a-beckham\/#primaryimage","url":"https:\/\/esbozodeportivo.com\/wp-content\/uploads\/2025\/11\/Beker1.jpg","contentUrl":"https:\/\/esbozodeportivo.com\/wp-content\/uploads\/2025\/11\/Beker1.jpg","width":1440,"height":960},{"@type":"BreadcrumbList","@id":"https:\/\/esbozodeportivo.com\/index.php\/2025\/11\/04\/nombran-caballero-a-beckham\/#breadcrumb","itemListElement":[{"@type":"ListItem","position":1,"name":"Inicio","item":"https:\/\/esbozodeportivo.com\/"},{"@type":"ListItem","position":2,"name":"Nombran Caballero a Beckham"}]},{"@type":"WebSite","@id":"https:\/\/esbozodeportivo.com\/#website","url":"https:\/\/esbozodeportivo.com\/","name":"Esbozo Deportivo","description":"Lo m\u00e1s importante del Deporte","publisher":{"@id":"https:\/\/esbozodeportivo.com\/#organization"},"potentialAction":[{"@type":"SearchAction","target":{"@type":"EntryPoint","urlTemplate":"https:\/\/esbozodeportivo.com\/?s={search_term_string}"},"query-input":{"@type":"PropertyValueSpecification","valueRequired":true,"valueName":"search_term_string"}}],"inLanguage":"es"},{"@type":"Organization","@id":"https:\/\/esbozodeportivo.com\/#organization","name":"Esbozo Deportivo","url":"https:\/\/esbozodeportivo.com\/","logo":{"@type":"ImageObject","inLanguage":"es","@id":"https:\/\/esbozodeportivo.com\/#\/schema\/logo\/image\/","url":"https:\/\/esbozodeportivo.com\/wp-content\/uploads\/2022\/08\/cropped-Logo-Esbozo-Web-2.png","contentUrl":"https:\/\/esbozodeportivo.com\/wp-content\/uploads\/2022\/08\/cropped-Logo-Esbozo-Web-2.png","width":180,"height":50,"caption":"Esbozo Deportivo"},"image":{"@id":"https:\/\/esbozodeportivo.com\/#\/schema\/logo\/image\/"}},{"@type":"Person","@id":"https:\/\/esbozodeportivo.com\/#\/schema\/person\/0f6df9196dfe6740dd0bb31bae50d374","name":"Redacci\u00f3n","image":{"@type":"ImageObject","inLanguage":"es","@id":"https:\/\/esbozodeportivo.com\/#\/schema\/person\/image\/","url":"https:\/\/secure.gravatar.com\/avatar\/f55268a89c3b418f2ef172ff52ab0d09b3e653c58de29539fe329fb93d78ebf3?s=96&d=mm&r=g","contentUrl":"https:\/\/secure.gravatar.com\/avatar\/f55268a89c3b418f2ef172ff52ab0d09b3e653c58de29539fe329fb93d78ebf3?s=96&d=mm&r=g","caption":"Redacci\u00f3n"},"url":"https:\/\/esbozodeportivo.com\/index.php\/author\/redaccion\/"}]}},"jetpack_featured_media_url":"https:\/\/esbozodeportivo.com\/wp-content\/uploads\/2025\/11\/Beker1.jpg","jetpack_sharing_enabled":true,"_links":{"self":[{"href":"https:\/\/esbozodeportivo.com\/index.php\/wp-json\/wp\/v2\/posts\/10991","targetHints":{"allow":["GET"]}}],"collection":[{"href":"https:\/\/esbozodeportivo.com\/index.php\/wp-json\/wp\/v2\/posts"}],"about":[{"href":"https:\/\/esbozodeportivo.com\/index.php\/wp-json\/wp\/v2\/types\/post"}],"author":[{"embeddable":true,"href":"https:\/\/esbozodeportivo.com\/index.php\/wp-json\/wp\/v2\/users\/4"}],"replies":[{"embeddable":true,"href":"https:\/\/esbozodeportivo.com\/index.php\/wp-json\/wp\/v2\/comments?post=10991"}],"version-history":[{"count":1,"href":"https:\/\/esbozodeportivo.com\/index.php\/wp-json\/wp\/v2\/posts\/10991\/revisions"}],"predecessor-version":[{"id":10992,"href":"https:\/\/esbozodeportivo.com\/index.php\/wp-json\/wp\/v2\/posts\/10991\/revisions\/10992"}],"wp:featuredmedia":[{"embeddable":true,"href":"https:\/\/esbozodeportivo.com\/index.php\/wp-json\/wp\/v2\/media\/10979"}],"wp:attachment":[{"href":"https:\/\/esbozodeportivo.com\/index.php\/wp-json\/wp\/v2\/media?parent=10991"}],"wp:term":[{"taxonomy":"category","embeddable":true,"href":"https:\/\/esbozodeportivo.com\/index.php\/wp-json\/wp\/v2\/categories?post=10991"},{"taxonomy":"post_tag","embeddable":true,"href":"https:\/\/esbozodeportivo.com\/index.php\/wp-json\/wp\/v2\/tags?post=10991"}],"curies":[{"name":"wp","href":"https:\/\/api.w.org\/{rel}","templated":true}]}}