{"id":10993,"date":"2025-11-04T22:12:49","date_gmt":"2025-11-05T04:12:49","guid":{"rendered":"https:\/\/esbozodeportivo.com\/?p=10993"},"modified":"2025-11-04T22:12:50","modified_gmt":"2025-11-05T04:12:50","slug":"frenan-invicto-de-psg-y-real-madrid","status":"publish","type":"post","link":"https:\/\/esbozodeportivo.com\/index.php\/2025\/11\/04\/frenan-invicto-de-psg-y-real-madrid\/","title":{"rendered":"Frenan invicto de PSG y Real Madrid"},"content":{"rendered":"\n<p>(Foto: Agencias) <\/p>\n\n\n\n<p>El Bayern M\u00fanich confirm\u00f3 el martes sus credenciales como el mejor equipo de Europa al propinarle el martes al Paris Saint-Germain su primera derrota en la defensa del t\u00edtulo de la Liga de Campeones, imponi\u00e9ndose 2-1 gracias al doblete del atacante colombiano Luis D\u00edaz.<\/p>\n\n\n\n<p>Un cabezazo del mediocampista argentino Alexis Mac Allister marc\u00f3 la diferencia para que Liverpool derrotase 1-0 al Real Madrid en Anfield.<\/p>\n\n\n\n<p>D\u00edaz fue el protagonista para el Bayern en Par\u00eds: anot\u00f3 a los 4 y 32 minutos antes de ser expulsado en el tiempo de descuento de la primera mitad por una entrada imprudente sobre Achraf Hakimi y que provoc\u00f3 que el lateral derecho del PSG saliera lesionado.<\/p>\n\n\n\n<p>El cuadro parisino tambi\u00e9n perdi\u00f3 por lesi\u00f3n a Ousmane Demb\u00e9l\u00e9, el reciente ganador del Bal\u00f3n de Oro. Joao Neves logr\u00f3 descontar, pero el Bayern supo defender el 2-1 y logr\u00f3 su 16ta victoria consecutiva en todas las competiciones.<\/p>\n\n\n\n<p>Los campeones alemanes son uno de los dos equipos con el ideal de 12 puntos. Arsenal es el otro tras llevarse victoria 3-0 en la visita a Slavia Praga.<\/p>\n\n\n\n<figure class=\"wp-block-image size-large is-resized\"><img loading=\"lazy\" decoding=\"async\" width=\"683\" height=\"1024\" src=\"https:\/\/esbozodeportivo.com\/wp-content\/uploads\/2025\/11\/Futbol1-683x1024.jpg\" alt=\"\" class=\"wp-image-10982\" style=\"width:700px;height:auto\" srcset=\"https:\/\/esbozodeportivo.com\/wp-content\/uploads\/2025\/11\/Futbol1-683x1024.jpg 683w, https:\/\/esbozodeportivo.com\/wp-content\/uploads\/2025\/11\/Futbol1-200x300.jpg 200w, https:\/\/esbozodeportivo.com\/wp-content\/uploads\/2025\/11\/Futbol1-768x1152.jpg 768w, https:\/\/esbozodeportivo.com\/wp-content\/uploads\/2025\/11\/Futbol1.jpg 960w\" sizes=\"auto, (max-width: 683px) 100vw, 683px\" \/><\/figure>\n\n\n\n<p>(Foto: Agencias) <\/p>\n\n\n\n<p>En Anfield, el arquero merengue Thibaut Courtois ofreci\u00f3 un concierto de atajadas salvadoras, pero finalmente fue vencido por el cabezazo de Mac Allister tras un tiro libre a los 61 minutos.<\/p>\n\n\n\n<p>Trent Alexander-Arnold, el zaguero que dej\u00f3 Liverpool por el Madrid al cabo de la pasada temporada, fue abucheado por los aficionados locales antes del partido y despu\u00e9s de ingresar como suplente en la segunda mitad.<\/p>\n\n\n\n<p>Tambi\u00e9n el martes, el atacante argentino Juli\u00e1n \u00c1lvarez anot\u00f3 a los 39 minutos para que el Atl\u00e9tico de Madrid saliera airoso 3-1 frente al visitante belga Union St. Gilloise.<\/p>\n\n\n\n<p>Mientras tanto, el concurso del mejor gol en esta edici\u00f3n de la Champions podr\u00eda ya haber terminado a mitad de la cuarta fecha de la fase de liga.<\/p>\n\n\n\n<p>Micky van de Ven, zaguero de Tottenham, se embal\u00f3 en una carrera serpenteante de 90 metros desde el borde de su propia \u00e1rea y factur\u00f3 el tercer gol del equipo de Londres en la victoria 4-0 sobre FC Copenhague.<\/p>\n\n\n\n<p>Al encadenar su cuarta victoria, Arsenal empat\u00f3 su r\u00e9cord de porter\u00edas a cero consecutivas que se remonta a 122 a\u00f1os.<\/p>\n\n\n\n<p>Bukayo Saka abri\u00f3 la cuenta al convertir un penal a los 32 minutos. Mikel Merino perfor\u00f3 las redes dos veces en la segunda mitad. Aparte de un arranque perfecto en Europa, los dirigidos por Mikel Arteta lideran la Liga Premier con una ventaja de seis puntos sobre el Manchester City. <\/p>\n\n\n\n<figure class=\"wp-block-image size-large\"><img loading=\"lazy\" decoding=\"async\" width=\"1024\" height=\"683\" src=\"https:\/\/esbozodeportivo.com\/wp-content\/uploads\/2025\/11\/Futbol2-1024x683.jpg\" alt=\"\" class=\"wp-image-10983\" srcset=\"https:\/\/esbozodeportivo.com\/wp-content\/uploads\/2025\/11\/Futbol2-1024x683.jpg 1024w, https:\/\/esbozodeportivo.com\/wp-content\/uploads\/2025\/11\/Futbol2-300x200.jpg 300w, https:\/\/esbozodeportivo.com\/wp-content\/uploads\/2025\/11\/Futbol2-768x512.jpg 768w, https:\/\/esbozodeportivo.com\/wp-content\/uploads\/2025\/11\/Futbol2.jpg 1440w\" sizes=\"auto, (max-width: 1024px) 100vw, 1024px\" \/><\/figure>\n\n\n\n<p>(Foto: Agencias) <\/p>\n\n\n\n<p>La s\u00f3lida defensa de Arsenal ha sido el pilar de su racha de victorias en la Champions. Los Gunners a\u00fan no han concedido un gol y tambi\u00e9n tienen ocho partidos consecutivos sin encajar en todas las competiciones, igualando su mejor racha registrada en 1903 en la segunda divisi\u00f3n del f\u00fatbol ingl\u00e9s.<\/p>\n\n\n\n<p>Max Dowman, un volante de 15 a\u00f1os y 308 d\u00edas, ingres\u00f3 por Arsenal como suplente en la segunda mitad para convertirse en el jugador m\u00e1s joven en la historia de la Champions.,<\/p>\n\n\n\n<p>En el otro partido temprano, Napoli y el visitante Eintracht Frankfurt promet\u00edan muchos goles en la previa pero acabaron igualando 0-0.<\/p>\n\n\n\n<p>Napoli ven\u00eda de caer 6-2 ante PSV Eindhoven hace dos semanas. El campe\u00f3n italiano acus\u00f3 la baja de su volante creativo Kevin De Bruyne, quien acaba de someterse a una cirug\u00eda en su isquiotibial derecho.<\/p>\n\n\n\n<figure class=\"wp-block-image size-full\"><img loading=\"lazy\" decoding=\"async\" width=\"980\" height=\"653\" src=\"https:\/\/esbozodeportivo.com\/wp-content\/uploads\/2025\/11\/Futbol3.jpg\" alt=\"\" class=\"wp-image-10984\" srcset=\"https:\/\/esbozodeportivo.com\/wp-content\/uploads\/2025\/11\/Futbol3.jpg 980w, https:\/\/esbozodeportivo.com\/wp-content\/uploads\/2025\/11\/Futbol3-300x200.jpg 300w, https:\/\/esbozodeportivo.com\/wp-content\/uploads\/2025\/11\/Futbol3-768x512.jpg 768w\" sizes=\"auto, (max-width: 980px) 100vw, 980px\" \/><\/figure>\n\n\n\n<p>(Foto: Agencias) <\/p>\n\n\n\n<p><\/p>\n","protected":false},"excerpt":{"rendered":"<p>(Foto: Agencias) El Bayern M\u00fanich confirm\u00f3 el martes sus credenciales como el mejor equipo de<\/p>\n","protected":false},"author":4,"featured_media":10981,"comment_status":"closed","ping_status":"open","sticky":false,"template":"","format":"standard","meta":{"_jetpack_memberships_contains_paid_content":false,"footnotes":""},"categories":[24],"tags":[],"class_list":["post-10993","post","type-post","status-publish","format-standard","has-post-thumbnail","hentry","category-futbol-2"],"yoast_head":"<!-- This site is optimized with the Yoast SEO plugin v25.7 - https:\/\/yoast.com\/wordpress\/plugins\/seo\/ -->\n<title>Frenan invicto de PSG y Real Madrid - Esbozo Deportivo<\/title>\n<meta name=\"description\" content=\"El Bayern M\u00fanich confirm\u00f3 el martes sus credenciales como el mejor equipo de Europa al propinarle el martes al Paris Saint-Germain su primera derrota en la defensa del t\u00edtulo de la Liga de Campeones, imponi\u00e9ndose 2-1 gracias al doblete del atacante colombiano Luis D\u00edaz.\" \/>\n<meta name=\"robots\" content=\"index, follow, max-snippet:-1, max-image-preview:large, max-video-preview:-1\" \/>\n<link rel=\"canonical\" href=\"https:\/\/esbozodeportivo.com\/index.php\/2025\/11\/04\/frenan-invicto-de-psg-y-real-madrid\/\" \/>\n<meta property=\"og:locale\" content=\"es_MX\" \/>\n<meta property=\"og:type\" content=\"article\" \/>\n<meta property=\"og:title\" content=\"Frenan invicto de PSG y Real Madrid - Esbozo Deportivo\" \/>\n<meta property=\"og:description\" content=\"El Bayern M\u00fanich confirm\u00f3 el martes sus credenciales como el mejor equipo de Europa al propinarle el martes al Paris Saint-Germain su primera derrota en la defensa del t\u00edtulo de la Liga de Campeones, imponi\u00e9ndose 2-1 gracias al doblete del atacante colombiano Luis D\u00edaz.\" \/>\n<meta property=\"og:url\" content=\"https:\/\/esbozodeportivo.com\/index.php\/2025\/11\/04\/frenan-invicto-de-psg-y-real-madrid\/\" \/>\n<meta property=\"og:site_name\" content=\"Esbozo Deportivo\" \/>\n<meta property=\"article:published_time\" content=\"2025-11-05T04:12:49+00:00\" \/>\n<meta property=\"article:modified_time\" content=\"2025-11-05T04:12:50+00:00\" \/>\n<meta property=\"og:image\" content=\"https:\/\/esbozodeportivo.com\/wp-content\/uploads\/2025\/11\/Futbol.jpg\" \/>\n\t<meta property=\"og:image:width\" content=\"770\" \/>\n\t<meta property=\"og:image:height\" content=\"530\" \/>\n\t<meta property=\"og:image:type\" content=\"image\/jpeg\" \/>\n<meta name=\"author\" content=\"Redacci\u00f3n\" \/>\n<meta name=\"twitter:card\" content=\"summary_large_image\" \/>\n<meta name=\"twitter:label1\" content=\"Escrito por\" \/>\n\t<meta name=\"twitter:data1\" content=\"Redacci\u00f3n\" \/>\n\t<meta name=\"twitter:label2\" content=\"Tiempo de lectura\" \/>\n\t<meta name=\"twitter:data2\" content=\"4 minutos\" \/>\n<script type=\"application\/ld+json\" class=\"yoast-schema-graph\">{\"@context\":\"https:\/\/schema.org\",\"@graph\":[{\"@type\":\"Article\",\"@id\":\"https:\/\/esbozodeportivo.com\/index.php\/2025\/11\/04\/frenan-invicto-de-psg-y-real-madrid\/#article\",\"isPartOf\":{\"@id\":\"https:\/\/esbozodeportivo.com\/index.php\/2025\/11\/04\/frenan-invicto-de-psg-y-real-madrid\/\"},\"author\":{\"name\":\"Redacci\u00f3n\",\"@id\":\"https:\/\/esbozodeportivo.com\/#\/schema\/person\/0f6df9196dfe6740dd0bb31bae50d374\"},\"headline\":\"Frenan invicto de PSG y Real Madrid\",\"datePublished\":\"2025-11-05T04:12:49+00:00\",\"dateModified\":\"2025-11-05T04:12:50+00:00\",\"mainEntityOfPage\":{\"@id\":\"https:\/\/esbozodeportivo.com\/index.php\/2025\/11\/04\/frenan-invicto-de-psg-y-real-madrid\/\"},\"wordCount\":586,\"publisher\":{\"@id\":\"https:\/\/esbozodeportivo.com\/#organization\"},\"image\":{\"@id\":\"https:\/\/esbozodeportivo.com\/index.php\/2025\/11\/04\/frenan-invicto-de-psg-y-real-madrid\/#primaryimage\"},\"thumbnailUrl\":\"https:\/\/esbozodeportivo.com\/wp-content\/uploads\/2025\/11\/Futbol.jpg\",\"articleSection\":[\"Champions League\"],\"inLanguage\":\"es\"},{\"@type\":\"WebPage\",\"@id\":\"https:\/\/esbozodeportivo.com\/index.php\/2025\/11\/04\/frenan-invicto-de-psg-y-real-madrid\/\",\"url\":\"https:\/\/esbozodeportivo.com\/index.php\/2025\/11\/04\/frenan-invicto-de-psg-y-real-madrid\/\",\"name\":\"Frenan invicto de PSG y Real Madrid - Esbozo Deportivo\",\"isPartOf\":{\"@id\":\"https:\/\/esbozodeportivo.com\/#website\"},\"primaryImageOfPage\":{\"@id\":\"https:\/\/esbozodeportivo.com\/index.php\/2025\/11\/04\/frenan-invicto-de-psg-y-real-madrid\/#primaryimage\"},\"image\":{\"@id\":\"https:\/\/esbozodeportivo.com\/index.php\/2025\/11\/04\/frenan-invicto-de-psg-y-real-madrid\/#primaryimage\"},\"thumbnailUrl\":\"https:\/\/esbozodeportivo.com\/wp-content\/uploads\/2025\/11\/Futbol.jpg\",\"datePublished\":\"2025-11-05T04:12:49+00:00\",\"dateModified\":\"2025-11-05T04:12:50+00:00\",\"description\":\"El Bayern M\u00fanich confirm\u00f3 el martes sus credenciales como el mejor equipo de Europa al propinarle el martes al Paris Saint-Germain su primera derrota en la defensa del t\u00edtulo de la Liga de Campeones, imponi\u00e9ndose 2-1 gracias al doblete del atacante colombiano Luis D\u00edaz.\",\"breadcrumb\":{\"@id\":\"https:\/\/esbozodeportivo.com\/index.php\/2025\/11\/04\/frenan-invicto-de-psg-y-real-madrid\/#breadcrumb\"},\"inLanguage\":\"es\",\"potentialAction\":[{\"@type\":\"ReadAction\",\"target\":[\"https:\/\/esbozodeportivo.com\/index.php\/2025\/11\/04\/frenan-invicto-de-psg-y-real-madrid\/\"]}]},{\"@type\":\"ImageObject\",\"inLanguage\":\"es\",\"@id\":\"https:\/\/esbozodeportivo.com\/index.php\/2025\/11\/04\/frenan-invicto-de-psg-y-real-madrid\/#primaryimage\",\"url\":\"https:\/\/esbozodeportivo.com\/wp-content\/uploads\/2025\/11\/Futbol.jpg\",\"contentUrl\":\"https:\/\/esbozodeportivo.com\/wp-content\/uploads\/2025\/11\/Futbol.jpg\",\"width\":770,\"height\":530},{\"@type\":\"BreadcrumbList\",\"@id\":\"https:\/\/esbozodeportivo.com\/index.php\/2025\/11\/04\/frenan-invicto-de-psg-y-real-madrid\/#breadcrumb\",\"itemListElement\":[{\"@type\":\"ListItem\",\"position\":1,\"name\":\"Inicio\",\"item\":\"https:\/\/esbozodeportivo.com\/\"},{\"@type\":\"ListItem\",\"position\":2,\"name\":\"Frenan invicto de PSG y Real Madrid\"}]},{\"@type\":\"WebSite\",\"@id\":\"https:\/\/esbozodeportivo.com\/#website\",\"url\":\"https:\/\/esbozodeportivo.com\/\",\"name\":\"Esbozo Deportivo\",\"description\":\"Lo m\u00e1s importante del Deporte\",\"publisher\":{\"@id\":\"https:\/\/esbozodeportivo.com\/#organization\"},\"potentialAction\":[{\"@type\":\"SearchAction\",\"target\":{\"@type\":\"EntryPoint\",\"urlTemplate\":\"https:\/\/esbozodeportivo.com\/?s={search_term_string}\"},\"query-input\":{\"@type\":\"PropertyValueSpecification\",\"valueRequired\":true,\"valueName\":\"search_term_string\"}}],\"inLanguage\":\"es\"},{\"@type\":\"Organization\",\"@id\":\"https:\/\/esbozodeportivo.com\/#organization\",\"name\":\"Esbozo Deportivo\",\"url\":\"https:\/\/esbozodeportivo.com\/\",\"logo\":{\"@type\":\"ImageObject\",\"inLanguage\":\"es\",\"@id\":\"https:\/\/esbozodeportivo.com\/#\/schema\/logo\/image\/\",\"url\":\"https:\/\/esbozodeportivo.com\/wp-content\/uploads\/2022\/08\/cropped-Logo-Esbozo-Web-2.png\",\"contentUrl\":\"https:\/\/esbozodeportivo.com\/wp-content\/uploads\/2022\/08\/cropped-Logo-Esbozo-Web-2.png\",\"width\":180,\"height\":50,\"caption\":\"Esbozo Deportivo\"},\"image\":{\"@id\":\"https:\/\/esbozodeportivo.com\/#\/schema\/logo\/image\/\"}},{\"@type\":\"Person\",\"@id\":\"https:\/\/esbozodeportivo.com\/#\/schema\/person\/0f6df9196dfe6740dd0bb31bae50d374\",\"name\":\"Redacci\u00f3n\",\"image\":{\"@type\":\"ImageObject\",\"inLanguage\":\"es\",\"@id\":\"https:\/\/esbozodeportivo.com\/#\/schema\/person\/image\/\",\"url\":\"https:\/\/secure.gravatar.com\/avatar\/f55268a89c3b418f2ef172ff52ab0d09b3e653c58de29539fe329fb93d78ebf3?s=96&d=mm&r=g\",\"contentUrl\":\"https:\/\/secure.gravatar.com\/avatar\/f55268a89c3b418f2ef172ff52ab0d09b3e653c58de29539fe329fb93d78ebf3?s=96&d=mm&r=g\",\"caption\":\"Redacci\u00f3n\"},\"url\":\"https:\/\/esbozodeportivo.com\/index.php\/author\/redaccion\/\"}]}<\/script>\n<!-- \/ Yoast SEO plugin. -->","yoast_head_json":{"title":"Frenan invicto de PSG y Real Madrid - Esbozo Deportivo","description":"El Bayern M\u00fanich confirm\u00f3 el martes sus credenciales como el mejor equipo de Europa al propinarle el martes al Paris Saint-Germain su primera derrota en la defensa del t\u00edtulo de la Liga de Campeones, imponi\u00e9ndose 2-1 gracias al doblete del atacante colombiano Luis D\u00edaz.","robots":{"index":"index","follow":"follow","max-snippet":"max-snippet:-1","max-image-preview":"max-image-preview:large","max-video-preview":"max-video-preview:-1"},"canonical":"https:\/\/esbozodeportivo.com\/index.php\/2025\/11\/04\/frenan-invicto-de-psg-y-real-madrid\/","og_locale":"es_MX","og_type":"article","og_title":"Frenan invicto de PSG y Real Madrid - Esbozo Deportivo","og_description":"El Bayern M\u00fanich confirm\u00f3 el martes sus credenciales como el mejor equipo de Europa al propinarle el martes al Paris Saint-Germain su primera derrota en la defensa del t\u00edtulo de la Liga de Campeones, imponi\u00e9ndose 2-1 gracias al doblete del atacante colombiano Luis D\u00edaz.","og_url":"https:\/\/esbozodeportivo.com\/index.php\/2025\/11\/04\/frenan-invicto-de-psg-y-real-madrid\/","og_site_name":"Esbozo Deportivo","article_published_time":"2025-11-05T04:12:49+00:00","article_modified_time":"2025-11-05T04:12:50+00:00","og_image":[{"width":770,"height":530,"url":"https:\/\/esbozodeportivo.com\/wp-content\/uploads\/2025\/11\/Futbol.jpg","type":"image\/jpeg"}],"author":"Redacci\u00f3n","twitter_card":"summary_large_image","twitter_misc":{"Escrito por":"Redacci\u00f3n","Tiempo de lectura":"4 minutos"},"schema":{"@context":"https:\/\/schema.org","@graph":[{"@type":"Article","@id":"https:\/\/esbozodeportivo.com\/index.php\/2025\/11\/04\/frenan-invicto-de-psg-y-real-madrid\/#article","isPartOf":{"@id":"https:\/\/esbozodeportivo.com\/index.php\/2025\/11\/04\/frenan-invicto-de-psg-y-real-madrid\/"},"author":{"name":"Redacci\u00f3n","@id":"https:\/\/esbozodeportivo.com\/#\/schema\/person\/0f6df9196dfe6740dd0bb31bae50d374"},"headline":"Frenan invicto de PSG y Real Madrid","datePublished":"2025-11-05T04:12:49+00:00","dateModified":"2025-11-05T04:12:50+00:00","mainEntityOfPage":{"@id":"https:\/\/esbozodeportivo.com\/index.php\/2025\/11\/04\/frenan-invicto-de-psg-y-real-madrid\/"},"wordCount":586,"publisher":{"@id":"https:\/\/esbozodeportivo.com\/#organization"},"image":{"@id":"https:\/\/esbozodeportivo.com\/index.php\/2025\/11\/04\/frenan-invicto-de-psg-y-real-madrid\/#primaryimage"},"thumbnailUrl":"https:\/\/esbozodeportivo.com\/wp-content\/uploads\/2025\/11\/Futbol.jpg","articleSection":["Champions League"],"inLanguage":"es"},{"@type":"WebPage","@id":"https:\/\/esbozodeportivo.com\/index.php\/2025\/11\/04\/frenan-invicto-de-psg-y-real-madrid\/","url":"https:\/\/esbozodeportivo.com\/index.php\/2025\/11\/04\/frenan-invicto-de-psg-y-real-madrid\/","name":"Frenan invicto de PSG y Real Madrid - Esbozo Deportivo","isPartOf":{"@id":"https:\/\/esbozodeportivo.com\/#website"},"primaryImageOfPage":{"@id":"https:\/\/esbozodeportivo.com\/index.php\/2025\/11\/04\/frenan-invicto-de-psg-y-real-madrid\/#primaryimage"},"image":{"@id":"https:\/\/esbozodeportivo.com\/index.php\/2025\/11\/04\/frenan-invicto-de-psg-y-real-madrid\/#primaryimage"},"thumbnailUrl":"https:\/\/esbozodeportivo.com\/wp-content\/uploads\/2025\/11\/Futbol.jpg","datePublished":"2025-11-05T04:12:49+00:00","dateModified":"2025-11-05T04:12:50+00:00","description":"El Bayern M\u00fanich confirm\u00f3 el martes sus credenciales como el mejor equipo de Europa al propinarle el martes al Paris Saint-Germain su primera derrota en la defensa del t\u00edtulo de la Liga de Campeones, imponi\u00e9ndose 2-1 gracias al doblete del atacante colombiano Luis D\u00edaz.","breadcrumb":{"@id":"https:\/\/esbozodeportivo.com\/index.php\/2025\/11\/04\/frenan-invicto-de-psg-y-real-madrid\/#breadcrumb"},"inLanguage":"es","potentialAction":[{"@type":"ReadAction","target":["https:\/\/esbozodeportivo.com\/index.php\/2025\/11\/04\/frenan-invicto-de-psg-y-real-madrid\/"]}]},{"@type":"ImageObject","inLanguage":"es","@id":"https:\/\/esbozodeportivo.com\/index.php\/2025\/11\/04\/frenan-invicto-de-psg-y-real-madrid\/#primaryimage","url":"https:\/\/esbozodeportivo.com\/wp-content\/uploads\/2025\/11\/Futbol.jpg","contentUrl":"https:\/\/esbozodeportivo.com\/wp-content\/uploads\/2025\/11\/Futbol.jpg","width":770,"height":530},{"@type":"BreadcrumbList","@id":"https:\/\/esbozodeportivo.com\/index.php\/2025\/11\/04\/frenan-invicto-de-psg-y-real-madrid\/#breadcrumb","itemListElement":[{"@type":"ListItem","position":1,"name":"Inicio","item":"https:\/\/esbozodeportivo.com\/"},{"@type":"ListItem","position":2,"name":"Frenan invicto de PSG y Real Madrid"}]},{"@type":"WebSite","@id":"https:\/\/esbozodeportivo.com\/#website","url":"https:\/\/esbozodeportivo.com\/","name":"Esbozo Deportivo","description":"Lo m\u00e1s importante del Deporte","publisher":{"@id":"https:\/\/esbozodeportivo.com\/#organization"},"potentialAction":[{"@type":"SearchAction","target":{"@type":"EntryPoint","urlTemplate":"https:\/\/esbozodeportivo.com\/?s={search_term_string}"},"query-input":{"@type":"PropertyValueSpecification","valueRequired":true,"valueName":"search_term_string"}}],"inLanguage":"es"},{"@type":"Organization","@id":"https:\/\/esbozodeportivo.com\/#organization","name":"Esbozo Deportivo","url":"https:\/\/esbozodeportivo.com\/","logo":{"@type":"ImageObject","inLanguage":"es","@id":"https:\/\/esbozodeportivo.com\/#\/schema\/logo\/image\/","url":"https:\/\/esbozodeportivo.com\/wp-content\/uploads\/2022\/08\/cropped-Logo-Esbozo-Web-2.png","contentUrl":"https:\/\/esbozodeportivo.com\/wp-content\/uploads\/2022\/08\/cropped-Logo-Esbozo-Web-2.png","width":180,"height":50,"caption":"Esbozo Deportivo"},"image":{"@id":"https:\/\/esbozodeportivo.com\/#\/schema\/logo\/image\/"}},{"@type":"Person","@id":"https:\/\/esbozodeportivo.com\/#\/schema\/person\/0f6df9196dfe6740dd0bb31bae50d374","name":"Redacci\u00f3n","image":{"@type":"ImageObject","inLanguage":"es","@id":"https:\/\/esbozodeportivo.com\/#\/schema\/person\/image\/","url":"https:\/\/secure.gravatar.com\/avatar\/f55268a89c3b418f2ef172ff52ab0d09b3e653c58de29539fe329fb93d78ebf3?s=96&d=mm&r=g","contentUrl":"https:\/\/secure.gravatar.com\/avatar\/f55268a89c3b418f2ef172ff52ab0d09b3e653c58de29539fe329fb93d78ebf3?s=96&d=mm&r=g","caption":"Redacci\u00f3n"},"url":"https:\/\/esbozodeportivo.com\/index.php\/author\/redaccion\/"}]}},"jetpack_featured_media_url":"https:\/\/esbozodeportivo.com\/wp-content\/uploads\/2025\/11\/Futbol.jpg","jetpack_sharing_enabled":true,"_links":{"self":[{"href":"https:\/\/esbozodeportivo.com\/index.php\/wp-json\/wp\/v2\/posts\/10993","targetHints":{"allow":["GET"]}}],"collection":[{"href":"https:\/\/esbozodeportivo.com\/index.php\/wp-json\/wp\/v2\/posts"}],"about":[{"href":"https:\/\/esbozodeportivo.com\/index.php\/wp-json\/wp\/v2\/types\/post"}],"author":[{"embeddable":true,"href":"https:\/\/esbozodeportivo.com\/index.php\/wp-json\/wp\/v2\/users\/4"}],"replies":[{"embeddable":true,"href":"https:\/\/esbozodeportivo.com\/index.php\/wp-json\/wp\/v2\/comments?post=10993"}],"version-history":[{"count":1,"href":"https:\/\/esbozodeportivo.com\/index.php\/wp-json\/wp\/v2\/posts\/10993\/revisions"}],"predecessor-version":[{"id":10994,"href":"https:\/\/esbozodeportivo.com\/index.php\/wp-json\/wp\/v2\/posts\/10993\/revisions\/10994"}],"wp:featuredmedia":[{"embeddable":true,"href":"https:\/\/esbozodeportivo.com\/index.php\/wp-json\/wp\/v2\/media\/10981"}],"wp:attachment":[{"href":"https:\/\/esbozodeportivo.com\/index.php\/wp-json\/wp\/v2\/media?parent=10993"}],"wp:term":[{"taxonomy":"category","embeddable":true,"href":"https:\/\/esbozodeportivo.com\/index.php\/wp-json\/wp\/v2\/categories?post=10993"},{"taxonomy":"post_tag","embeddable":true,"href":"https:\/\/esbozodeportivo.com\/index.php\/wp-json\/wp\/v2\/tags?post=10993"}],"curies":[{"name":"wp","href":"https:\/\/api.w.org\/{rel}","templated":true}]}}