{"id":10995,"date":"2025-11-05T15:43:29","date_gmt":"2025-11-05T21:43:29","guid":{"rendered":"https:\/\/esbozodeportivo.com\/?p=10995"},"modified":"2025-11-06T10:50:38","modified_gmt":"2025-11-06T16:50:38","slug":"con-torneo-amtp-el-club-irlandes-se-alista-para-el-xxx-campeonato-nacional-de-tenis-varonil-de-primera-fuerza","status":"publish","type":"post","link":"https:\/\/esbozodeportivo.com\/index.php\/2025\/11\/05\/con-torneo-amtp-el-club-irlandes-se-alista-para-el-xxx-campeonato-nacional-de-tenis-varonil-de-primera-fuerza\/","title":{"rendered":"Con torneo AMTP, el Club Irland\u00e9s se alista para el XXX Campeonato Nacional de Tenis Varonil de Primera Fuerza"},"content":{"rendered":"\n<p>(Foto: Cortes\u00eda)<\/p>\n\n\n\n<p>Con la realizaci\u00f3n del Torneo Profesional de Tenis Varonil y Femenil Club Irland\u00e9s de Raqueta\/ AMTP 2025, que se disputar\u00e1 del 8 al 10 de noviembre, este prestigiado club ubicado en la zona m\u00e1s exclusiva de Huixquilucan, Estado de M\u00e9xico, se reporta listo para recibir del 30 de noviembre al 07 de diciembre el XXX Campeonato Nacional de Primera Fuerza de Tenis Varonil, que repartir\u00e1 una bolsa de <strong>UN MILL\u00d3N DE PESOS<\/strong> y que es el torneo magno de la Asociaci\u00f3n Mexicana de Tenistas Profesionales y que marca el colof\u00f3n de la temporada 2025.<\/p>\n\n\n\n<p>El Club Irland\u00e9s de Raqueta se distingue, desde hace m\u00e1s de una d\u00e9cada, por impulsar y difundir el tenis en todas sus categor\u00edas y ramas, abriendo sus puertas para albergar a torneos infantiles y juveniles, amateurs, de veteranos y profesionales.<\/p>\n\n\n\n<p>El nuevo consejo directivo que encabeza su presidente, Luis Adri\u00e1n G\u00f3mez, respaldado por sus vocales de tenis, Ricardo Trevi\u00f1o y Luis Beltr\u00e1n, adem\u00e1s del director de tenis Gildardo Cort\u00e9s, mantienen la premisa de impulso al tenis mexicano y reitera as\u00ed su compromiso y distinci\u00f3n como el mejor club en el desarrollo y apoyo a los tenistas nacionales.<\/p>\n\n\n\n<p>Digno de elogiar es la labor, desde hace dos a\u00f1os, &nbsp;del director ejecutivo del Campeonato Nacional de Tenis Varonil de Primera Fuerza, Francisco Mu\u00f1oz, quien con su entereza no solo apoya de manera decisiva y econ\u00f3mica al certamen, sino tambi\u00e9n ha logrado que otros patrocinadores decidieran apoyar la realizaci\u00f3n de este ic\u00f3nico torneo, que hoy gracias a sus gestiones y a las del presidente de la AMTP, Javier Gait\u00e1n Estrada, han logrado consolidar la bolsa m\u00e1s grande para un torneo profesional de tenis en nuestro pa\u00eds y, muy probablemente, no haya en el mundo un certamen de tenis que aporte una bolsa similar para sus tenistas locales.<\/p>\n\n\n\n<p>El aumento de la bolsa de 300,000 pesos a <strong>UN MILL\u00d3N DE PESOS<\/strong>, fue un trabajo exhaustivo del Club Irland\u00e9s de Raqueta, que hace tres a\u00f1os, en 2022, cuando fue sede del evento por vez primera, se comprometi\u00f3 a trav\u00e9s de su entonces presidente Octavio Villa, a buscar una bolsa mayor para beneficiar a los tenistas mexicanos, as\u00ed junto con su consejo directivo, con Francisco Mu\u00f1oz, con su entonces vocal Ricardo Aguilar Caballero y con el presidente de la AMTP, Javier Gait\u00e1n, se lanzaron a la conquista de patrocinios y lo consiguieron.<\/p>\n\n\n\n<p>Recordemos que en los a\u00f1os 2020 y 2021 no se realiz\u00f3 el Campeonato Nacional de Primera Fuerza de Tenis Varonil debido a la pandemia y fue en el 2022, cuando la AMTP lo trajo nuevamente al escenario y el Club Irland\u00e9s de Raqueta lo recibi\u00f3 con agrado, tanto que se ha mantenido ah\u00ed desde entonces, ese a\u00f1o lo gan\u00f3 el potosino Manuel S\u00e1nchez y se convirti\u00f3 en qu\u00edntuple campe\u00f3n nacional; en 2023, lo gan\u00f3 el guerrerense Alejandro Hern\u00e1ndez y en 2024 lo conquist\u00f3 el sonorense Alan Rubio, estos dos \u00faltimos se llevaron un premio de 350,000 pesos cada uno.<\/p>\n\n\n\n<p>El Club Irland\u00e9s de Raqueta est\u00e1 pr\u00e1cticamente listo para dar a conocer los pormenores del XXX Campeonato Nacional de Tenis Varonil de Primera Fuerza en los pr\u00f3ximos d\u00edas y cierra con la realizaci\u00f3n de su noveno torneo AMTP, del 8 al 10 de noviembre, con lo que en total habr\u00e1 recibido 27 torneos, 9 de ellos en la rama varonil otros 9 en la femenil y al mismo tiempo 9 torneos femeniles de consolaci\u00f3n que tambi\u00e9n organiza la AMTP.<\/p>\n\n\n\n<p>Con la nueva directiva que encabeza Luis Adri\u00e1n G\u00f3mez, junto a sus vocales Ricardo Trevi\u00f1o y Luis Beltr\u00e1n, tenistas profesionales emergidos de la escuela del Club Irland\u00e9s de Raqueta y hoy vocales de tenis, as\u00ed como con el respaldo del director Gildardo Cort\u00e9s, la siempre efectiva participaci\u00f3n del director ejecutivo del Campeonato Nacional de Tenis Varonil de Primera Fuerza, Francisco Mu\u00f1oz, y con el absoluto apoyo de Javier Gait\u00e1n, al frente de la AMTP, sin duda, la trig\u00e9sima versi\u00f3n de este certamen ser\u00e1 un verdadero \u00e9xito.<\/p>\n\n\n\n<p><\/p>\n","protected":false},"excerpt":{"rendered":"<p>(Foto: Cortes\u00eda) Con la realizaci\u00f3n del Torneo Profesional de Tenis Varonil y Femenil Club Irland\u00e9s<\/p>\n","protected":false},"author":4,"featured_media":10996,"comment_status":"closed","ping_status":"open","sticky":false,"template":"","format":"standard","meta":{"_jetpack_memberships_contains_paid_content":false,"footnotes":""},"categories":[12],"tags":[],"class_list":["post-10995","post","type-post","status-publish","format-standard","has-post-thumbnail","hentry","category-tenis-internacional"],"yoast_head":"<!-- This site is optimized with the Yoast SEO plugin v25.7 - https:\/\/yoast.com\/wordpress\/plugins\/seo\/ -->\n<title>Con torneo AMTP, el Club Irland\u00e9s se alista para el XXX Campeonato Nacional de Tenis Varonil de Primera Fuerza - Esbozo Deportivo<\/title>\n<meta name=\"description\" content=\"Con la realizaci\u00f3n del Torneo Profesional de Tenis Varonil y Femenil Club Irland\u00e9s de Raqueta\/ AMTP 2025, que se disputar\u00e1 del 8 al 10 de noviembre, este prestigiado club ubicado en la zona m\u00e1s exclusiva de Huixquilucan, Estado de M\u00e9xico, se reporta listo para recibir del 30 de noviembre al 07 de diciembre el XXX Campeonato Nacional de Primera Fuerza de Tenis Varonil, que repartir\u00e1 una bolsa de UN MILL\u00d3N DE PESOS y que es el torneo magno de la Asociaci\u00f3n Mexicana de Tenistas Profesionales y que marca el colof\u00f3n de la temporada 2025.\" \/>\n<meta name=\"robots\" content=\"index, follow, max-snippet:-1, max-image-preview:large, max-video-preview:-1\" \/>\n<link rel=\"canonical\" href=\"https:\/\/esbozodeportivo.com\/index.php\/2025\/11\/05\/con-torneo-amtp-el-club-irlandes-se-alista-para-el-xxx-campeonato-nacional-de-tenis-varonil-de-primera-fuerza\/\" \/>\n<meta property=\"og:locale\" content=\"es_MX\" \/>\n<meta property=\"og:type\" content=\"article\" \/>\n<meta property=\"og:title\" content=\"Con torneo AMTP, el Club Irland\u00e9s se alista para el XXX Campeonato Nacional de Tenis Varonil de Primera Fuerza - Esbozo Deportivo\" \/>\n<meta property=\"og:description\" content=\"Con la realizaci\u00f3n del Torneo Profesional de Tenis Varonil y Femenil Club Irland\u00e9s de Raqueta\/ AMTP 2025, que se disputar\u00e1 del 8 al 10 de noviembre, este prestigiado club ubicado en la zona m\u00e1s exclusiva de Huixquilucan, Estado de M\u00e9xico, se reporta listo para recibir del 30 de noviembre al 07 de diciembre el XXX Campeonato Nacional de Primera Fuerza de Tenis Varonil, que repartir\u00e1 una bolsa de UN MILL\u00d3N DE PESOS y que es el torneo magno de la Asociaci\u00f3n Mexicana de Tenistas Profesionales y que marca el colof\u00f3n de la temporada 2025.\" \/>\n<meta property=\"og:url\" content=\"https:\/\/esbozodeportivo.com\/index.php\/2025\/11\/05\/con-torneo-amtp-el-club-irlandes-se-alista-para-el-xxx-campeonato-nacional-de-tenis-varonil-de-primera-fuerza\/\" \/>\n<meta property=\"og:site_name\" content=\"Esbozo Deportivo\" \/>\n<meta property=\"article:published_time\" content=\"2025-11-05T21:43:29+00:00\" \/>\n<meta property=\"article:modified_time\" content=\"2025-11-06T16:50:38+00:00\" \/>\n<meta property=\"og:image\" content=\"https:\/\/esbozodeportivo.com\/wp-content\/uploads\/2025\/11\/Club-Irlandez.jpg\" \/>\n\t<meta property=\"og:image:width\" content=\"1288\" \/>\n\t<meta property=\"og:image:height\" content=\"836\" \/>\n\t<meta property=\"og:image:type\" content=\"image\/jpeg\" \/>\n<meta name=\"author\" content=\"Redacci\u00f3n\" \/>\n<meta name=\"twitter:card\" content=\"summary_large_image\" \/>\n<meta name=\"twitter:label1\" content=\"Escrito por\" \/>\n\t<meta name=\"twitter:data1\" content=\"Redacci\u00f3n\" \/>\n\t<meta name=\"twitter:label2\" content=\"Tiempo de lectura\" \/>\n\t<meta name=\"twitter:data2\" content=\"4 minutos\" \/>\n<script type=\"application\/ld+json\" class=\"yoast-schema-graph\">{\"@context\":\"https:\/\/schema.org\",\"@graph\":[{\"@type\":\"Article\",\"@id\":\"https:\/\/esbozodeportivo.com\/index.php\/2025\/11\/05\/con-torneo-amtp-el-club-irlandes-se-alista-para-el-xxx-campeonato-nacional-de-tenis-varonil-de-primera-fuerza\/#article\",\"isPartOf\":{\"@id\":\"https:\/\/esbozodeportivo.com\/index.php\/2025\/11\/05\/con-torneo-amtp-el-club-irlandes-se-alista-para-el-xxx-campeonato-nacional-de-tenis-varonil-de-primera-fuerza\/\"},\"author\":{\"name\":\"Redacci\u00f3n\",\"@id\":\"https:\/\/esbozodeportivo.com\/#\/schema\/person\/0f6df9196dfe6740dd0bb31bae50d374\"},\"headline\":\"Con torneo AMTP, el Club Irland\u00e9s se alista para el XXX Campeonato Nacional de Tenis Varonil de Primera Fuerza\",\"datePublished\":\"2025-11-05T21:43:29+00:00\",\"dateModified\":\"2025-11-06T16:50:38+00:00\",\"mainEntityOfPage\":{\"@id\":\"https:\/\/esbozodeportivo.com\/index.php\/2025\/11\/05\/con-torneo-amtp-el-club-irlandes-se-alista-para-el-xxx-campeonato-nacional-de-tenis-varonil-de-primera-fuerza\/\"},\"wordCount\":716,\"publisher\":{\"@id\":\"https:\/\/esbozodeportivo.com\/#organization\"},\"image\":{\"@id\":\"https:\/\/esbozodeportivo.com\/index.php\/2025\/11\/05\/con-torneo-amtp-el-club-irlandes-se-alista-para-el-xxx-campeonato-nacional-de-tenis-varonil-de-primera-fuerza\/#primaryimage\"},\"thumbnailUrl\":\"https:\/\/esbozodeportivo.com\/wp-content\/uploads\/2025\/11\/Club-Irlandez.jpg\",\"articleSection\":[\"Tenis Internacional\"],\"inLanguage\":\"es\"},{\"@type\":\"WebPage\",\"@id\":\"https:\/\/esbozodeportivo.com\/index.php\/2025\/11\/05\/con-torneo-amtp-el-club-irlandes-se-alista-para-el-xxx-campeonato-nacional-de-tenis-varonil-de-primera-fuerza\/\",\"url\":\"https:\/\/esbozodeportivo.com\/index.php\/2025\/11\/05\/con-torneo-amtp-el-club-irlandes-se-alista-para-el-xxx-campeonato-nacional-de-tenis-varonil-de-primera-fuerza\/\",\"name\":\"Con torneo AMTP, el Club Irland\u00e9s se alista para el XXX Campeonato Nacional de Tenis Varonil de Primera Fuerza - Esbozo Deportivo\",\"isPartOf\":{\"@id\":\"https:\/\/esbozodeportivo.com\/#website\"},\"primaryImageOfPage\":{\"@id\":\"https:\/\/esbozodeportivo.com\/index.php\/2025\/11\/05\/con-torneo-amtp-el-club-irlandes-se-alista-para-el-xxx-campeonato-nacional-de-tenis-varonil-de-primera-fuerza\/#primaryimage\"},\"image\":{\"@id\":\"https:\/\/esbozodeportivo.com\/index.php\/2025\/11\/05\/con-torneo-amtp-el-club-irlandes-se-alista-para-el-xxx-campeonato-nacional-de-tenis-varonil-de-primera-fuerza\/#primaryimage\"},\"thumbnailUrl\":\"https:\/\/esbozodeportivo.com\/wp-content\/uploads\/2025\/11\/Club-Irlandez.jpg\",\"datePublished\":\"2025-11-05T21:43:29+00:00\",\"dateModified\":\"2025-11-06T16:50:38+00:00\",\"description\":\"Con la realizaci\u00f3n del Torneo Profesional de Tenis Varonil y Femenil Club Irland\u00e9s de Raqueta\/ AMTP 2025, que se disputar\u00e1 del 8 al 10 de noviembre, este prestigiado club ubicado en la zona m\u00e1s exclusiva de Huixquilucan, Estado de M\u00e9xico, se reporta listo para recibir del 30 de noviembre al 07 de diciembre el XXX Campeonato Nacional de Primera Fuerza de Tenis Varonil, que repartir\u00e1 una bolsa de UN MILL\u00d3N DE PESOS y que es el torneo magno de la Asociaci\u00f3n Mexicana de Tenistas Profesionales y que marca el colof\u00f3n de la temporada 2025.\",\"breadcrumb\":{\"@id\":\"https:\/\/esbozodeportivo.com\/index.php\/2025\/11\/05\/con-torneo-amtp-el-club-irlandes-se-alista-para-el-xxx-campeonato-nacional-de-tenis-varonil-de-primera-fuerza\/#breadcrumb\"},\"inLanguage\":\"es\",\"potentialAction\":[{\"@type\":\"ReadAction\",\"target\":[\"https:\/\/esbozodeportivo.com\/index.php\/2025\/11\/05\/con-torneo-amtp-el-club-irlandes-se-alista-para-el-xxx-campeonato-nacional-de-tenis-varonil-de-primera-fuerza\/\"]}]},{\"@type\":\"ImageObject\",\"inLanguage\":\"es\",\"@id\":\"https:\/\/esbozodeportivo.com\/index.php\/2025\/11\/05\/con-torneo-amtp-el-club-irlandes-se-alista-para-el-xxx-campeonato-nacional-de-tenis-varonil-de-primera-fuerza\/#primaryimage\",\"url\":\"https:\/\/esbozodeportivo.com\/wp-content\/uploads\/2025\/11\/Club-Irlandez.jpg\",\"contentUrl\":\"https:\/\/esbozodeportivo.com\/wp-content\/uploads\/2025\/11\/Club-Irlandez.jpg\",\"width\":1288,\"height\":836},{\"@type\":\"BreadcrumbList\",\"@id\":\"https:\/\/esbozodeportivo.com\/index.php\/2025\/11\/05\/con-torneo-amtp-el-club-irlandes-se-alista-para-el-xxx-campeonato-nacional-de-tenis-varonil-de-primera-fuerza\/#breadcrumb\",\"itemListElement\":[{\"@type\":\"ListItem\",\"position\":1,\"name\":\"Inicio\",\"item\":\"https:\/\/esbozodeportivo.com\/\"},{\"@type\":\"ListItem\",\"position\":2,\"name\":\"Con torneo AMTP, el Club Irland\u00e9s se alista para el XXX Campeonato Nacional de Tenis Varonil de Primera Fuerza\"}]},{\"@type\":\"WebSite\",\"@id\":\"https:\/\/esbozodeportivo.com\/#website\",\"url\":\"https:\/\/esbozodeportivo.com\/\",\"name\":\"Esbozo Deportivo\",\"description\":\"Lo m\u00e1s importante del Deporte\",\"publisher\":{\"@id\":\"https:\/\/esbozodeportivo.com\/#organization\"},\"potentialAction\":[{\"@type\":\"SearchAction\",\"target\":{\"@type\":\"EntryPoint\",\"urlTemplate\":\"https:\/\/esbozodeportivo.com\/?s={search_term_string}\"},\"query-input\":{\"@type\":\"PropertyValueSpecification\",\"valueRequired\":true,\"valueName\":\"search_term_string\"}}],\"inLanguage\":\"es\"},{\"@type\":\"Organization\",\"@id\":\"https:\/\/esbozodeportivo.com\/#organization\",\"name\":\"Esbozo Deportivo\",\"url\":\"https:\/\/esbozodeportivo.com\/\",\"logo\":{\"@type\":\"ImageObject\",\"inLanguage\":\"es\",\"@id\":\"https:\/\/esbozodeportivo.com\/#\/schema\/logo\/image\/\",\"url\":\"https:\/\/esbozodeportivo.com\/wp-content\/uploads\/2022\/08\/cropped-Logo-Esbozo-Web-2.png\",\"contentUrl\":\"https:\/\/esbozodeportivo.com\/wp-content\/uploads\/2022\/08\/cropped-Logo-Esbozo-Web-2.png\",\"width\":180,\"height\":50,\"caption\":\"Esbozo Deportivo\"},\"image\":{\"@id\":\"https:\/\/esbozodeportivo.com\/#\/schema\/logo\/image\/\"}},{\"@type\":\"Person\",\"@id\":\"https:\/\/esbozodeportivo.com\/#\/schema\/person\/0f6df9196dfe6740dd0bb31bae50d374\",\"name\":\"Redacci\u00f3n\",\"image\":{\"@type\":\"ImageObject\",\"inLanguage\":\"es\",\"@id\":\"https:\/\/esbozodeportivo.com\/#\/schema\/person\/image\/\",\"url\":\"https:\/\/secure.gravatar.com\/avatar\/f55268a89c3b418f2ef172ff52ab0d09b3e653c58de29539fe329fb93d78ebf3?s=96&d=mm&r=g\",\"contentUrl\":\"https:\/\/secure.gravatar.com\/avatar\/f55268a89c3b418f2ef172ff52ab0d09b3e653c58de29539fe329fb93d78ebf3?s=96&d=mm&r=g\",\"caption\":\"Redacci\u00f3n\"},\"url\":\"https:\/\/esbozodeportivo.com\/index.php\/author\/redaccion\/\"}]}<\/script>\n<!-- \/ Yoast SEO plugin. -->","yoast_head_json":{"title":"Con torneo AMTP, el Club Irland\u00e9s se alista para el XXX Campeonato Nacional de Tenis Varonil de Primera Fuerza - Esbozo Deportivo","description":"Con la realizaci\u00f3n del Torneo Profesional de Tenis Varonil y Femenil Club Irland\u00e9s de Raqueta\/ AMTP 2025, que se disputar\u00e1 del 8 al 10 de noviembre, este prestigiado club ubicado en la zona m\u00e1s exclusiva de Huixquilucan, Estado de M\u00e9xico, se reporta listo para recibir del 30 de noviembre al 07 de diciembre el XXX Campeonato Nacional de Primera Fuerza de Tenis Varonil, que repartir\u00e1 una bolsa de UN MILL\u00d3N DE PESOS y que es el torneo magno de la Asociaci\u00f3n Mexicana de Tenistas Profesionales y que marca el colof\u00f3n de la temporada 2025.","robots":{"index":"index","follow":"follow","max-snippet":"max-snippet:-1","max-image-preview":"max-image-preview:large","max-video-preview":"max-video-preview:-1"},"canonical":"https:\/\/esbozodeportivo.com\/index.php\/2025\/11\/05\/con-torneo-amtp-el-club-irlandes-se-alista-para-el-xxx-campeonato-nacional-de-tenis-varonil-de-primera-fuerza\/","og_locale":"es_MX","og_type":"article","og_title":"Con torneo AMTP, el Club Irland\u00e9s se alista para el XXX Campeonato Nacional de Tenis Varonil de Primera Fuerza - Esbozo Deportivo","og_description":"Con la realizaci\u00f3n del Torneo Profesional de Tenis Varonil y Femenil Club Irland\u00e9s de Raqueta\/ AMTP 2025, que se disputar\u00e1 del 8 al 10 de noviembre, este prestigiado club ubicado en la zona m\u00e1s exclusiva de Huixquilucan, Estado de M\u00e9xico, se reporta listo para recibir del 30 de noviembre al 07 de diciembre el XXX Campeonato Nacional de Primera Fuerza de Tenis Varonil, que repartir\u00e1 una bolsa de UN MILL\u00d3N DE PESOS y que es el torneo magno de la Asociaci\u00f3n Mexicana de Tenistas Profesionales y que marca el colof\u00f3n de la temporada 2025.","og_url":"https:\/\/esbozodeportivo.com\/index.php\/2025\/11\/05\/con-torneo-amtp-el-club-irlandes-se-alista-para-el-xxx-campeonato-nacional-de-tenis-varonil-de-primera-fuerza\/","og_site_name":"Esbozo Deportivo","article_published_time":"2025-11-05T21:43:29+00:00","article_modified_time":"2025-11-06T16:50:38+00:00","og_image":[{"width":1288,"height":836,"url":"https:\/\/esbozodeportivo.com\/wp-content\/uploads\/2025\/11\/Club-Irlandez.jpg","type":"image\/jpeg"}],"author":"Redacci\u00f3n","twitter_card":"summary_large_image","twitter_misc":{"Escrito por":"Redacci\u00f3n","Tiempo de lectura":"4 minutos"},"schema":{"@context":"https:\/\/schema.org","@graph":[{"@type":"Article","@id":"https:\/\/esbozodeportivo.com\/index.php\/2025\/11\/05\/con-torneo-amtp-el-club-irlandes-se-alista-para-el-xxx-campeonato-nacional-de-tenis-varonil-de-primera-fuerza\/#article","isPartOf":{"@id":"https:\/\/esbozodeportivo.com\/index.php\/2025\/11\/05\/con-torneo-amtp-el-club-irlandes-se-alista-para-el-xxx-campeonato-nacional-de-tenis-varonil-de-primera-fuerza\/"},"author":{"name":"Redacci\u00f3n","@id":"https:\/\/esbozodeportivo.com\/#\/schema\/person\/0f6df9196dfe6740dd0bb31bae50d374"},"headline":"Con torneo AMTP, el Club Irland\u00e9s se alista para el XXX Campeonato Nacional de Tenis Varonil de Primera Fuerza","datePublished":"2025-11-05T21:43:29+00:00","dateModified":"2025-11-06T16:50:38+00:00","mainEntityOfPage":{"@id":"https:\/\/esbozodeportivo.com\/index.php\/2025\/11\/05\/con-torneo-amtp-el-club-irlandes-se-alista-para-el-xxx-campeonato-nacional-de-tenis-varonil-de-primera-fuerza\/"},"wordCount":716,"publisher":{"@id":"https:\/\/esbozodeportivo.com\/#organization"},"image":{"@id":"https:\/\/esbozodeportivo.com\/index.php\/2025\/11\/05\/con-torneo-amtp-el-club-irlandes-se-alista-para-el-xxx-campeonato-nacional-de-tenis-varonil-de-primera-fuerza\/#primaryimage"},"thumbnailUrl":"https:\/\/esbozodeportivo.com\/wp-content\/uploads\/2025\/11\/Club-Irlandez.jpg","articleSection":["Tenis Internacional"],"inLanguage":"es"},{"@type":"WebPage","@id":"https:\/\/esbozodeportivo.com\/index.php\/2025\/11\/05\/con-torneo-amtp-el-club-irlandes-se-alista-para-el-xxx-campeonato-nacional-de-tenis-varonil-de-primera-fuerza\/","url":"https:\/\/esbozodeportivo.com\/index.php\/2025\/11\/05\/con-torneo-amtp-el-club-irlandes-se-alista-para-el-xxx-campeonato-nacional-de-tenis-varonil-de-primera-fuerza\/","name":"Con torneo AMTP, el Club Irland\u00e9s se alista para el XXX Campeonato Nacional de Tenis Varonil de Primera Fuerza - Esbozo Deportivo","isPartOf":{"@id":"https:\/\/esbozodeportivo.com\/#website"},"primaryImageOfPage":{"@id":"https:\/\/esbozodeportivo.com\/index.php\/2025\/11\/05\/con-torneo-amtp-el-club-irlandes-se-alista-para-el-xxx-campeonato-nacional-de-tenis-varonil-de-primera-fuerza\/#primaryimage"},"image":{"@id":"https:\/\/esbozodeportivo.com\/index.php\/2025\/11\/05\/con-torneo-amtp-el-club-irlandes-se-alista-para-el-xxx-campeonato-nacional-de-tenis-varonil-de-primera-fuerza\/#primaryimage"},"thumbnailUrl":"https:\/\/esbozodeportivo.com\/wp-content\/uploads\/2025\/11\/Club-Irlandez.jpg","datePublished":"2025-11-05T21:43:29+00:00","dateModified":"2025-11-06T16:50:38+00:00","description":"Con la realizaci\u00f3n del Torneo Profesional de Tenis Varonil y Femenil Club Irland\u00e9s de Raqueta\/ AMTP 2025, que se disputar\u00e1 del 8 al 10 de noviembre, este prestigiado club ubicado en la zona m\u00e1s exclusiva de Huixquilucan, Estado de M\u00e9xico, se reporta listo para recibir del 30 de noviembre al 07 de diciembre el XXX Campeonato Nacional de Primera Fuerza de Tenis Varonil, que repartir\u00e1 una bolsa de UN MILL\u00d3N DE PESOS y que es el torneo magno de la Asociaci\u00f3n Mexicana de Tenistas Profesionales y que marca el colof\u00f3n de la temporada 2025.","breadcrumb":{"@id":"https:\/\/esbozodeportivo.com\/index.php\/2025\/11\/05\/con-torneo-amtp-el-club-irlandes-se-alista-para-el-xxx-campeonato-nacional-de-tenis-varonil-de-primera-fuerza\/#breadcrumb"},"inLanguage":"es","potentialAction":[{"@type":"ReadAction","target":["https:\/\/esbozodeportivo.com\/index.php\/2025\/11\/05\/con-torneo-amtp-el-club-irlandes-se-alista-para-el-xxx-campeonato-nacional-de-tenis-varonil-de-primera-fuerza\/"]}]},{"@type":"ImageObject","inLanguage":"es","@id":"https:\/\/esbozodeportivo.com\/index.php\/2025\/11\/05\/con-torneo-amtp-el-club-irlandes-se-alista-para-el-xxx-campeonato-nacional-de-tenis-varonil-de-primera-fuerza\/#primaryimage","url":"https:\/\/esbozodeportivo.com\/wp-content\/uploads\/2025\/11\/Club-Irlandez.jpg","contentUrl":"https:\/\/esbozodeportivo.com\/wp-content\/uploads\/2025\/11\/Club-Irlandez.jpg","width":1288,"height":836},{"@type":"BreadcrumbList","@id":"https:\/\/esbozodeportivo.com\/index.php\/2025\/11\/05\/con-torneo-amtp-el-club-irlandes-se-alista-para-el-xxx-campeonato-nacional-de-tenis-varonil-de-primera-fuerza\/#breadcrumb","itemListElement":[{"@type":"ListItem","position":1,"name":"Inicio","item":"https:\/\/esbozodeportivo.com\/"},{"@type":"ListItem","position":2,"name":"Con torneo AMTP, el Club Irland\u00e9s se alista para el XXX Campeonato Nacional de Tenis Varonil de Primera Fuerza"}]},{"@type":"WebSite","@id":"https:\/\/esbozodeportivo.com\/#website","url":"https:\/\/esbozodeportivo.com\/","name":"Esbozo Deportivo","description":"Lo m\u00e1s importante del Deporte","publisher":{"@id":"https:\/\/esbozodeportivo.com\/#organization"},"potentialAction":[{"@type":"SearchAction","target":{"@type":"EntryPoint","urlTemplate":"https:\/\/esbozodeportivo.com\/?s={search_term_string}"},"query-input":{"@type":"PropertyValueSpecification","valueRequired":true,"valueName":"search_term_string"}}],"inLanguage":"es"},{"@type":"Organization","@id":"https:\/\/esbozodeportivo.com\/#organization","name":"Esbozo Deportivo","url":"https:\/\/esbozodeportivo.com\/","logo":{"@type":"ImageObject","inLanguage":"es","@id":"https:\/\/esbozodeportivo.com\/#\/schema\/logo\/image\/","url":"https:\/\/esbozodeportivo.com\/wp-content\/uploads\/2022\/08\/cropped-Logo-Esbozo-Web-2.png","contentUrl":"https:\/\/esbozodeportivo.com\/wp-content\/uploads\/2022\/08\/cropped-Logo-Esbozo-Web-2.png","width":180,"height":50,"caption":"Esbozo Deportivo"},"image":{"@id":"https:\/\/esbozodeportivo.com\/#\/schema\/logo\/image\/"}},{"@type":"Person","@id":"https:\/\/esbozodeportivo.com\/#\/schema\/person\/0f6df9196dfe6740dd0bb31bae50d374","name":"Redacci\u00f3n","image":{"@type":"ImageObject","inLanguage":"es","@id":"https:\/\/esbozodeportivo.com\/#\/schema\/person\/image\/","url":"https:\/\/secure.gravatar.com\/avatar\/f55268a89c3b418f2ef172ff52ab0d09b3e653c58de29539fe329fb93d78ebf3?s=96&d=mm&r=g","contentUrl":"https:\/\/secure.gravatar.com\/avatar\/f55268a89c3b418f2ef172ff52ab0d09b3e653c58de29539fe329fb93d78ebf3?s=96&d=mm&r=g","caption":"Redacci\u00f3n"},"url":"https:\/\/esbozodeportivo.com\/index.php\/author\/redaccion\/"}]}},"jetpack_featured_media_url":"https:\/\/esbozodeportivo.com\/wp-content\/uploads\/2025\/11\/Club-Irlandez.jpg","jetpack_sharing_enabled":true,"_links":{"self":[{"href":"https:\/\/esbozodeportivo.com\/index.php\/wp-json\/wp\/v2\/posts\/10995","targetHints":{"allow":["GET"]}}],"collection":[{"href":"https:\/\/esbozodeportivo.com\/index.php\/wp-json\/wp\/v2\/posts"}],"about":[{"href":"https:\/\/esbozodeportivo.com\/index.php\/wp-json\/wp\/v2\/types\/post"}],"author":[{"embeddable":true,"href":"https:\/\/esbozodeportivo.com\/index.php\/wp-json\/wp\/v2\/users\/4"}],"replies":[{"embeddable":true,"href":"https:\/\/esbozodeportivo.com\/index.php\/wp-json\/wp\/v2\/comments?post=10995"}],"version-history":[{"count":2,"href":"https:\/\/esbozodeportivo.com\/index.php\/wp-json\/wp\/v2\/posts\/10995\/revisions"}],"predecessor-version":[{"id":11010,"href":"https:\/\/esbozodeportivo.com\/index.php\/wp-json\/wp\/v2\/posts\/10995\/revisions\/11010"}],"wp:featuredmedia":[{"embeddable":true,"href":"https:\/\/esbozodeportivo.com\/index.php\/wp-json\/wp\/v2\/media\/10996"}],"wp:attachment":[{"href":"https:\/\/esbozodeportivo.com\/index.php\/wp-json\/wp\/v2\/media?parent=10995"}],"wp:term":[{"taxonomy":"category","embeddable":true,"href":"https:\/\/esbozodeportivo.com\/index.php\/wp-json\/wp\/v2\/categories?post=10995"},{"taxonomy":"post_tag","embeddable":true,"href":"https:\/\/esbozodeportivo.com\/index.php\/wp-json\/wp\/v2\/tags?post=10995"}],"curies":[{"name":"wp","href":"https:\/\/api.w.org\/{rel}","templated":true}]}}