{"id":10998,"date":"2025-11-05T21:08:36","date_gmt":"2025-11-06T03:08:36","guid":{"rendered":"https:\/\/esbozodeportivo.com\/?p=10998"},"modified":"2025-11-05T21:08:37","modified_gmt":"2025-11-06T03:08:37","slug":"anuncia-fifa-nuevo-premio-de-la-paz","status":"publish","type":"post","link":"https:\/\/esbozodeportivo.com\/index.php\/2025\/11\/05\/anuncia-fifa-nuevo-premio-de-la-paz\/","title":{"rendered":"Anuncia FIFA nuevo premio de la paz"},"content":{"rendered":"\n<p>(Foto: Agencias) <\/p>\n\n\n\n<p>La FIFA anunci\u00f3 la creaci\u00f3n de un premio de la paz y que se propone otorgar durante el sorteo de la Copa Mundial el 5 de diciembre en Washington.<\/p>\n\n\n\n<p>El galard\u00f3n, llamado Premio FIFA de la Paz, \u201cdistinguir\u00e1 a todos aquellos que, con su trabajo excepcional y extraordinario por la paz, hayan unido a la personas del planeta, anunci\u00f3 el mi\u00e9rcoles el ente rector del f\u00fatbol.<\/p>\n\n\n\n<p>\u201cEn un mundo cada vez m\u00e1s inestable y dividido, es fundamental reconocer las extraordinarias contribuciones de quienes trabajan arduamente para acabar con los conflictos y unir a las personas en un esp\u00edritu de paz\u201d, se\u00f1al\u00f3 el presidente de la FIFA, Gianni Infantino, en un comunicado.<\/p>\n\n\n\n<p>La FIFA indic\u00f3 que el premio, que Infantino presentar\u00e1 este a\u00f1o, se otorgar\u00e1 anualmente \u201cen nombre de las m\u00e1s de 5.000 millones de personas que aman el f\u00fatbol\u201d.<\/p>\n\n\n\n<p>El presidente Donald Trump, quien tiene una relaci\u00f3n cercana con Infantino, fue pasado por alto para el Premio Nobel de la Paz el mes pasado a pesar de la presi\u00f3n de sus aliados, varios l\u00edderes mundiales y \u00e9l mismo. Infantino y Trump ten\u00edan previsto para hablar en un evento no relacionado en Miami el mi\u00e9rcoles.<\/p>\n\n\n\n<p>Recientemente, la FIFA a\u00f1adi\u00f3 otro v\u00ednculo con Trump al nombrar a su hija Ivanka en la junta de un proyecto educativo de 100 millones de d\u00f3lares financiado en parte por la venta de entradas para el Mundial 2026 que se escenificar\u00e1 en Estados Unidos, M\u00e9xico y Canad\u00e1.<\/p>\n\n\n\n<p><\/p>\n","protected":false},"excerpt":{"rendered":"<p>(Foto: Agencias) La FIFA anunci\u00f3 la creaci\u00f3n de un premio de la paz y que<\/p>\n","protected":false},"author":4,"featured_media":10999,"comment_status":"closed","ping_status":"open","sticky":false,"template":"","format":"standard","meta":{"_jetpack_memberships_contains_paid_content":false,"footnotes":""},"categories":[71],"tags":[],"class_list":["post-10998","post","type-post","status-publish","format-standard","has-post-thumbnail","hentry","category-mundial-2026"],"yoast_head":"<!-- This site is optimized with the Yoast SEO plugin v25.7 - https:\/\/yoast.com\/wordpress\/plugins\/seo\/ -->\n<title>Anuncia FIFA nuevo premio de la paz - Esbozo Deportivo<\/title>\n<meta name=\"description\" content=\"La FIFA anunci\u00f3 la creaci\u00f3n de un premio de la paz y que se propone otorgar durante el sorteo de la Copa Mundial el 5 de diciembre en Washington.\" \/>\n<meta name=\"robots\" content=\"index, follow, max-snippet:-1, max-image-preview:large, max-video-preview:-1\" \/>\n<link rel=\"canonical\" href=\"https:\/\/esbozodeportivo.com\/index.php\/2025\/11\/05\/anuncia-fifa-nuevo-premio-de-la-paz\/\" \/>\n<meta property=\"og:locale\" content=\"es_MX\" \/>\n<meta property=\"og:type\" content=\"article\" \/>\n<meta property=\"og:title\" content=\"Anuncia FIFA nuevo premio de la paz - Esbozo Deportivo\" \/>\n<meta property=\"og:description\" content=\"La FIFA anunci\u00f3 la creaci\u00f3n de un premio de la paz y que se propone otorgar durante el sorteo de la Copa Mundial el 5 de diciembre en Washington.\" \/>\n<meta property=\"og:url\" content=\"https:\/\/esbozodeportivo.com\/index.php\/2025\/11\/05\/anuncia-fifa-nuevo-premio-de-la-paz\/\" \/>\n<meta property=\"og:site_name\" content=\"Esbozo Deportivo\" \/>\n<meta property=\"article:published_time\" content=\"2025-11-06T03:08:36+00:00\" \/>\n<meta property=\"article:modified_time\" content=\"2025-11-06T03:08:37+00:00\" \/>\n<meta property=\"og:image\" content=\"https:\/\/esbozodeportivo.com\/wp-content\/uploads\/2025\/11\/FIfa.jpg\" \/>\n\t<meta property=\"og:image:width\" content=\"980\" \/>\n\t<meta property=\"og:image:height\" content=\"653\" \/>\n\t<meta property=\"og:image:type\" content=\"image\/jpeg\" \/>\n<meta name=\"author\" content=\"Redacci\u00f3n\" \/>\n<meta name=\"twitter:card\" content=\"summary_large_image\" \/>\n<meta name=\"twitter:label1\" content=\"Escrito por\" \/>\n\t<meta name=\"twitter:data1\" content=\"Redacci\u00f3n\" \/>\n\t<meta name=\"twitter:label2\" content=\"Tiempo de lectura\" \/>\n\t<meta name=\"twitter:data2\" content=\"2 minutos\" \/>\n<script type=\"application\/ld+json\" class=\"yoast-schema-graph\">{\"@context\":\"https:\/\/schema.org\",\"@graph\":[{\"@type\":\"Article\",\"@id\":\"https:\/\/esbozodeportivo.com\/index.php\/2025\/11\/05\/anuncia-fifa-nuevo-premio-de-la-paz\/#article\",\"isPartOf\":{\"@id\":\"https:\/\/esbozodeportivo.com\/index.php\/2025\/11\/05\/anuncia-fifa-nuevo-premio-de-la-paz\/\"},\"author\":{\"name\":\"Redacci\u00f3n\",\"@id\":\"https:\/\/esbozodeportivo.com\/#\/schema\/person\/0f6df9196dfe6740dd0bb31bae50d374\"},\"headline\":\"Anuncia FIFA nuevo premio de la paz\",\"datePublished\":\"2025-11-06T03:08:36+00:00\",\"dateModified\":\"2025-11-06T03:08:37+00:00\",\"mainEntityOfPage\":{\"@id\":\"https:\/\/esbozodeportivo.com\/index.php\/2025\/11\/05\/anuncia-fifa-nuevo-premio-de-la-paz\/\"},\"wordCount\":265,\"publisher\":{\"@id\":\"https:\/\/esbozodeportivo.com\/#organization\"},\"image\":{\"@id\":\"https:\/\/esbozodeportivo.com\/index.php\/2025\/11\/05\/anuncia-fifa-nuevo-premio-de-la-paz\/#primaryimage\"},\"thumbnailUrl\":\"https:\/\/esbozodeportivo.com\/wp-content\/uploads\/2025\/11\/FIfa.jpg\",\"articleSection\":[\"Mundial 2026\"],\"inLanguage\":\"es\"},{\"@type\":\"WebPage\",\"@id\":\"https:\/\/esbozodeportivo.com\/index.php\/2025\/11\/05\/anuncia-fifa-nuevo-premio-de-la-paz\/\",\"url\":\"https:\/\/esbozodeportivo.com\/index.php\/2025\/11\/05\/anuncia-fifa-nuevo-premio-de-la-paz\/\",\"name\":\"Anuncia FIFA nuevo premio de la paz - Esbozo Deportivo\",\"isPartOf\":{\"@id\":\"https:\/\/esbozodeportivo.com\/#website\"},\"primaryImageOfPage\":{\"@id\":\"https:\/\/esbozodeportivo.com\/index.php\/2025\/11\/05\/anuncia-fifa-nuevo-premio-de-la-paz\/#primaryimage\"},\"image\":{\"@id\":\"https:\/\/esbozodeportivo.com\/index.php\/2025\/11\/05\/anuncia-fifa-nuevo-premio-de-la-paz\/#primaryimage\"},\"thumbnailUrl\":\"https:\/\/esbozodeportivo.com\/wp-content\/uploads\/2025\/11\/FIfa.jpg\",\"datePublished\":\"2025-11-06T03:08:36+00:00\",\"dateModified\":\"2025-11-06T03:08:37+00:00\",\"description\":\"La FIFA anunci\u00f3 la creaci\u00f3n de un premio de la paz y que se propone otorgar durante el sorteo de la Copa Mundial el 5 de diciembre en Washington.\",\"breadcrumb\":{\"@id\":\"https:\/\/esbozodeportivo.com\/index.php\/2025\/11\/05\/anuncia-fifa-nuevo-premio-de-la-paz\/#breadcrumb\"},\"inLanguage\":\"es\",\"potentialAction\":[{\"@type\":\"ReadAction\",\"target\":[\"https:\/\/esbozodeportivo.com\/index.php\/2025\/11\/05\/anuncia-fifa-nuevo-premio-de-la-paz\/\"]}]},{\"@type\":\"ImageObject\",\"inLanguage\":\"es\",\"@id\":\"https:\/\/esbozodeportivo.com\/index.php\/2025\/11\/05\/anuncia-fifa-nuevo-premio-de-la-paz\/#primaryimage\",\"url\":\"https:\/\/esbozodeportivo.com\/wp-content\/uploads\/2025\/11\/FIfa.jpg\",\"contentUrl\":\"https:\/\/esbozodeportivo.com\/wp-content\/uploads\/2025\/11\/FIfa.jpg\",\"width\":980,\"height\":653},{\"@type\":\"BreadcrumbList\",\"@id\":\"https:\/\/esbozodeportivo.com\/index.php\/2025\/11\/05\/anuncia-fifa-nuevo-premio-de-la-paz\/#breadcrumb\",\"itemListElement\":[{\"@type\":\"ListItem\",\"position\":1,\"name\":\"Inicio\",\"item\":\"https:\/\/esbozodeportivo.com\/\"},{\"@type\":\"ListItem\",\"position\":2,\"name\":\"Anuncia FIFA nuevo premio de la paz\"}]},{\"@type\":\"WebSite\",\"@id\":\"https:\/\/esbozodeportivo.com\/#website\",\"url\":\"https:\/\/esbozodeportivo.com\/\",\"name\":\"Esbozo Deportivo\",\"description\":\"Lo m\u00e1s importante del Deporte\",\"publisher\":{\"@id\":\"https:\/\/esbozodeportivo.com\/#organization\"},\"potentialAction\":[{\"@type\":\"SearchAction\",\"target\":{\"@type\":\"EntryPoint\",\"urlTemplate\":\"https:\/\/esbozodeportivo.com\/?s={search_term_string}\"},\"query-input\":{\"@type\":\"PropertyValueSpecification\",\"valueRequired\":true,\"valueName\":\"search_term_string\"}}],\"inLanguage\":\"es\"},{\"@type\":\"Organization\",\"@id\":\"https:\/\/esbozodeportivo.com\/#organization\",\"name\":\"Esbozo Deportivo\",\"url\":\"https:\/\/esbozodeportivo.com\/\",\"logo\":{\"@type\":\"ImageObject\",\"inLanguage\":\"es\",\"@id\":\"https:\/\/esbozodeportivo.com\/#\/schema\/logo\/image\/\",\"url\":\"https:\/\/esbozodeportivo.com\/wp-content\/uploads\/2022\/08\/cropped-Logo-Esbozo-Web-2.png\",\"contentUrl\":\"https:\/\/esbozodeportivo.com\/wp-content\/uploads\/2022\/08\/cropped-Logo-Esbozo-Web-2.png\",\"width\":180,\"height\":50,\"caption\":\"Esbozo Deportivo\"},\"image\":{\"@id\":\"https:\/\/esbozodeportivo.com\/#\/schema\/logo\/image\/\"}},{\"@type\":\"Person\",\"@id\":\"https:\/\/esbozodeportivo.com\/#\/schema\/person\/0f6df9196dfe6740dd0bb31bae50d374\",\"name\":\"Redacci\u00f3n\",\"image\":{\"@type\":\"ImageObject\",\"inLanguage\":\"es\",\"@id\":\"https:\/\/esbozodeportivo.com\/#\/schema\/person\/image\/\",\"url\":\"https:\/\/secure.gravatar.com\/avatar\/f55268a89c3b418f2ef172ff52ab0d09b3e653c58de29539fe329fb93d78ebf3?s=96&d=mm&r=g\",\"contentUrl\":\"https:\/\/secure.gravatar.com\/avatar\/f55268a89c3b418f2ef172ff52ab0d09b3e653c58de29539fe329fb93d78ebf3?s=96&d=mm&r=g\",\"caption\":\"Redacci\u00f3n\"},\"url\":\"https:\/\/esbozodeportivo.com\/index.php\/author\/redaccion\/\"}]}<\/script>\n<!-- \/ Yoast SEO plugin. -->","yoast_head_json":{"title":"Anuncia FIFA nuevo premio de la paz - Esbozo Deportivo","description":"La FIFA anunci\u00f3 la creaci\u00f3n de un premio de la paz y que se propone otorgar durante el sorteo de la Copa Mundial el 5 de diciembre en Washington.","robots":{"index":"index","follow":"follow","max-snippet":"max-snippet:-1","max-image-preview":"max-image-preview:large","max-video-preview":"max-video-preview:-1"},"canonical":"https:\/\/esbozodeportivo.com\/index.php\/2025\/11\/05\/anuncia-fifa-nuevo-premio-de-la-paz\/","og_locale":"es_MX","og_type":"article","og_title":"Anuncia FIFA nuevo premio de la paz - Esbozo Deportivo","og_description":"La FIFA anunci\u00f3 la creaci\u00f3n de un premio de la paz y que se propone otorgar durante el sorteo de la Copa Mundial el 5 de diciembre en Washington.","og_url":"https:\/\/esbozodeportivo.com\/index.php\/2025\/11\/05\/anuncia-fifa-nuevo-premio-de-la-paz\/","og_site_name":"Esbozo Deportivo","article_published_time":"2025-11-06T03:08:36+00:00","article_modified_time":"2025-11-06T03:08:37+00:00","og_image":[{"width":980,"height":653,"url":"https:\/\/esbozodeportivo.com\/wp-content\/uploads\/2025\/11\/FIfa.jpg","type":"image\/jpeg"}],"author":"Redacci\u00f3n","twitter_card":"summary_large_image","twitter_misc":{"Escrito por":"Redacci\u00f3n","Tiempo de lectura":"2 minutos"},"schema":{"@context":"https:\/\/schema.org","@graph":[{"@type":"Article","@id":"https:\/\/esbozodeportivo.com\/index.php\/2025\/11\/05\/anuncia-fifa-nuevo-premio-de-la-paz\/#article","isPartOf":{"@id":"https:\/\/esbozodeportivo.com\/index.php\/2025\/11\/05\/anuncia-fifa-nuevo-premio-de-la-paz\/"},"author":{"name":"Redacci\u00f3n","@id":"https:\/\/esbozodeportivo.com\/#\/schema\/person\/0f6df9196dfe6740dd0bb31bae50d374"},"headline":"Anuncia FIFA nuevo premio de la paz","datePublished":"2025-11-06T03:08:36+00:00","dateModified":"2025-11-06T03:08:37+00:00","mainEntityOfPage":{"@id":"https:\/\/esbozodeportivo.com\/index.php\/2025\/11\/05\/anuncia-fifa-nuevo-premio-de-la-paz\/"},"wordCount":265,"publisher":{"@id":"https:\/\/esbozodeportivo.com\/#organization"},"image":{"@id":"https:\/\/esbozodeportivo.com\/index.php\/2025\/11\/05\/anuncia-fifa-nuevo-premio-de-la-paz\/#primaryimage"},"thumbnailUrl":"https:\/\/esbozodeportivo.com\/wp-content\/uploads\/2025\/11\/FIfa.jpg","articleSection":["Mundial 2026"],"inLanguage":"es"},{"@type":"WebPage","@id":"https:\/\/esbozodeportivo.com\/index.php\/2025\/11\/05\/anuncia-fifa-nuevo-premio-de-la-paz\/","url":"https:\/\/esbozodeportivo.com\/index.php\/2025\/11\/05\/anuncia-fifa-nuevo-premio-de-la-paz\/","name":"Anuncia FIFA nuevo premio de la paz - Esbozo Deportivo","isPartOf":{"@id":"https:\/\/esbozodeportivo.com\/#website"},"primaryImageOfPage":{"@id":"https:\/\/esbozodeportivo.com\/index.php\/2025\/11\/05\/anuncia-fifa-nuevo-premio-de-la-paz\/#primaryimage"},"image":{"@id":"https:\/\/esbozodeportivo.com\/index.php\/2025\/11\/05\/anuncia-fifa-nuevo-premio-de-la-paz\/#primaryimage"},"thumbnailUrl":"https:\/\/esbozodeportivo.com\/wp-content\/uploads\/2025\/11\/FIfa.jpg","datePublished":"2025-11-06T03:08:36+00:00","dateModified":"2025-11-06T03:08:37+00:00","description":"La FIFA anunci\u00f3 la creaci\u00f3n de un premio de la paz y que se propone otorgar durante el sorteo de la Copa Mundial el 5 de diciembre en Washington.","breadcrumb":{"@id":"https:\/\/esbozodeportivo.com\/index.php\/2025\/11\/05\/anuncia-fifa-nuevo-premio-de-la-paz\/#breadcrumb"},"inLanguage":"es","potentialAction":[{"@type":"ReadAction","target":["https:\/\/esbozodeportivo.com\/index.php\/2025\/11\/05\/anuncia-fifa-nuevo-premio-de-la-paz\/"]}]},{"@type":"ImageObject","inLanguage":"es","@id":"https:\/\/esbozodeportivo.com\/index.php\/2025\/11\/05\/anuncia-fifa-nuevo-premio-de-la-paz\/#primaryimage","url":"https:\/\/esbozodeportivo.com\/wp-content\/uploads\/2025\/11\/FIfa.jpg","contentUrl":"https:\/\/esbozodeportivo.com\/wp-content\/uploads\/2025\/11\/FIfa.jpg","width":980,"height":653},{"@type":"BreadcrumbList","@id":"https:\/\/esbozodeportivo.com\/index.php\/2025\/11\/05\/anuncia-fifa-nuevo-premio-de-la-paz\/#breadcrumb","itemListElement":[{"@type":"ListItem","position":1,"name":"Inicio","item":"https:\/\/esbozodeportivo.com\/"},{"@type":"ListItem","position":2,"name":"Anuncia FIFA nuevo premio de la paz"}]},{"@type":"WebSite","@id":"https:\/\/esbozodeportivo.com\/#website","url":"https:\/\/esbozodeportivo.com\/","name":"Esbozo Deportivo","description":"Lo m\u00e1s importante del Deporte","publisher":{"@id":"https:\/\/esbozodeportivo.com\/#organization"},"potentialAction":[{"@type":"SearchAction","target":{"@type":"EntryPoint","urlTemplate":"https:\/\/esbozodeportivo.com\/?s={search_term_string}"},"query-input":{"@type":"PropertyValueSpecification","valueRequired":true,"valueName":"search_term_string"}}],"inLanguage":"es"},{"@type":"Organization","@id":"https:\/\/esbozodeportivo.com\/#organization","name":"Esbozo Deportivo","url":"https:\/\/esbozodeportivo.com\/","logo":{"@type":"ImageObject","inLanguage":"es","@id":"https:\/\/esbozodeportivo.com\/#\/schema\/logo\/image\/","url":"https:\/\/esbozodeportivo.com\/wp-content\/uploads\/2022\/08\/cropped-Logo-Esbozo-Web-2.png","contentUrl":"https:\/\/esbozodeportivo.com\/wp-content\/uploads\/2022\/08\/cropped-Logo-Esbozo-Web-2.png","width":180,"height":50,"caption":"Esbozo Deportivo"},"image":{"@id":"https:\/\/esbozodeportivo.com\/#\/schema\/logo\/image\/"}},{"@type":"Person","@id":"https:\/\/esbozodeportivo.com\/#\/schema\/person\/0f6df9196dfe6740dd0bb31bae50d374","name":"Redacci\u00f3n","image":{"@type":"ImageObject","inLanguage":"es","@id":"https:\/\/esbozodeportivo.com\/#\/schema\/person\/image\/","url":"https:\/\/secure.gravatar.com\/avatar\/f55268a89c3b418f2ef172ff52ab0d09b3e653c58de29539fe329fb93d78ebf3?s=96&d=mm&r=g","contentUrl":"https:\/\/secure.gravatar.com\/avatar\/f55268a89c3b418f2ef172ff52ab0d09b3e653c58de29539fe329fb93d78ebf3?s=96&d=mm&r=g","caption":"Redacci\u00f3n"},"url":"https:\/\/esbozodeportivo.com\/index.php\/author\/redaccion\/"}]}},"jetpack_featured_media_url":"https:\/\/esbozodeportivo.com\/wp-content\/uploads\/2025\/11\/FIfa.jpg","jetpack_sharing_enabled":true,"_links":{"self":[{"href":"https:\/\/esbozodeportivo.com\/index.php\/wp-json\/wp\/v2\/posts\/10998","targetHints":{"allow":["GET"]}}],"collection":[{"href":"https:\/\/esbozodeportivo.com\/index.php\/wp-json\/wp\/v2\/posts"}],"about":[{"href":"https:\/\/esbozodeportivo.com\/index.php\/wp-json\/wp\/v2\/types\/post"}],"author":[{"embeddable":true,"href":"https:\/\/esbozodeportivo.com\/index.php\/wp-json\/wp\/v2\/users\/4"}],"replies":[{"embeddable":true,"href":"https:\/\/esbozodeportivo.com\/index.php\/wp-json\/wp\/v2\/comments?post=10998"}],"version-history":[{"count":1,"href":"https:\/\/esbozodeportivo.com\/index.php\/wp-json\/wp\/v2\/posts\/10998\/revisions"}],"predecessor-version":[{"id":11003,"href":"https:\/\/esbozodeportivo.com\/index.php\/wp-json\/wp\/v2\/posts\/10998\/revisions\/11003"}],"wp:featuredmedia":[{"embeddable":true,"href":"https:\/\/esbozodeportivo.com\/index.php\/wp-json\/wp\/v2\/media\/10999"}],"wp:attachment":[{"href":"https:\/\/esbozodeportivo.com\/index.php\/wp-json\/wp\/v2\/media?parent=10998"}],"wp:term":[{"taxonomy":"category","embeddable":true,"href":"https:\/\/esbozodeportivo.com\/index.php\/wp-json\/wp\/v2\/categories?post=10998"},{"taxonomy":"post_tag","embeddable":true,"href":"https:\/\/esbozodeportivo.com\/index.php\/wp-json\/wp\/v2\/tags?post=10998"}],"curies":[{"name":"wp","href":"https:\/\/api.w.org\/{rel}","templated":true}]}}