{"id":1100,"date":"2023-02-01T04:21:21","date_gmt":"2023-02-01T04:21:21","guid":{"rendered":"https:\/\/esbozodeportivo.com\/?p=1100"},"modified":"2023-02-01T04:28:13","modified_gmt":"2023-02-01T04:28:13","slug":"primera-carrera-de-la-calzada-flotante-de-chapultepec-este-sabado-4-de-febrero","status":"publish","type":"post","link":"https:\/\/esbozodeportivo.com\/index.php\/2023\/02\/01\/primera-carrera-de-la-calzada-flotante-de-chapultepec-este-sabado-4-de-febrero\/","title":{"rendered":"Primera Carrera de la Calzada Flotante de Chapultepec, este s\u00e1bado 4 de febrero"},"content":{"rendered":"<style>\/*! elementor - v3.10.2 - 29-01-2023 *\/\n.elementor-widget-image{text-align:center}.elementor-widget-image a{display:inline-block}.elementor-widget-image a img[src$=\".svg\"]{width:48px}.elementor-widget-image img{vertical-align:middle;display:inline-block}<\/style>\n<p>\t\t\t\t\t\t\t\t\t\t\t\t<img decoding=\"async\" width=\"640\" height=\"359\" src=\"https:\/\/esbozodeportivo.com\/wp-content\/uploads\/2023\/02\/Playera-y-Medalla--1024x575.jpeg\" alt=\"\" loading=\"lazy\" srcset=\"https:\/\/esbozodeportivo.com\/wp-content\/uploads\/2023\/02\/Playera-y-Medalla--1024x575.jpeg 1024w, https:\/\/esbozodeportivo.com\/wp-content\/uploads\/2023\/02\/Playera-y-Medalla--300x168.jpeg 300w, https:\/\/esbozodeportivo.com\/wp-content\/uploads\/2023\/02\/Playera-y-Medalla--768x431.jpeg 768w, https:\/\/esbozodeportivo.com\/wp-content\/uploads\/2023\/02\/Playera-y-Medalla--1536x863.jpeg 1536w, https:\/\/esbozodeportivo.com\/wp-content\/uploads\/2023\/02\/Playera-y-Medalla--2048x1150.jpeg 2048w\" sizes=\"auto, (max-width: 640px) 100vw, 640px\" \/>\t\t\t\t\t\t\t\t\t\t\t\t\t\t\t<\/p>\n<p>(Foto: esbozodeportivo.com)<\/p>\n<p>Ciudad de M\u00e9xico.- M\u00e1s de 5 mil corredores estar\u00e1n presentes en la Primera Carrera de la Calzada Flotante de Chapultepec, que tendr\u00e1 lugar el pr\u00f3ximo s\u00e1bado 4 de febrero a las 07:30 de la ma\u00f1ana con un recorrido de 10 kil\u00f3metros, as\u00ed lo dio a conocer el director de (INDEPORTE), Javier Hidalgo Ponce, durante la conferencia de prensa donde se present\u00f3 la playera y la medalla conmemorativa que se entregar\u00e1 a los tres primeros lugares.<\/p>\n<p>\t\t\t\t\t\t\t\t\t\t\t\t\t\t\t<img decoding=\"async\" width=\"640\" height=\"359\" src=\"https:\/\/esbozodeportivo.com\/wp-content\/uploads\/2023\/02\/Playera-y-Medalla-1--1024x575.jpeg\" alt=\"\" loading=\"lazy\" srcset=\"https:\/\/esbozodeportivo.com\/wp-content\/uploads\/2023\/02\/Playera-y-Medalla-1--1024x575.jpeg 1024w, https:\/\/esbozodeportivo.com\/wp-content\/uploads\/2023\/02\/Playera-y-Medalla-1--300x168.jpeg 300w, https:\/\/esbozodeportivo.com\/wp-content\/uploads\/2023\/02\/Playera-y-Medalla-1--768x431.jpeg 768w, https:\/\/esbozodeportivo.com\/wp-content\/uploads\/2023\/02\/Playera-y-Medalla-1--1536x863.jpeg 1536w, https:\/\/esbozodeportivo.com\/wp-content\/uploads\/2023\/02\/Playera-y-Medalla-1--2048x1150.jpeg 2048w\" sizes=\"auto, (max-width: 640px) 100vw, 640px\" \/>\t\t\t\t\t\t\t\t\t\t\t\t\t\t\t<\/p>\n<p>(Foto: esbozodeportivo.com)<\/p>\n<p>\u201cEsta carrera es para nosotros una celebraci\u00f3n porque vamos a tener 5 mil 347 corredoras y corredores que van a salir frente a Los Pinos; el cerco que se hab\u00eda establecido ah\u00ed se ha vuelto totalmente accesible\u201d, enfatiz\u00f3 Javier Hidalgo.<\/p>\n<p>\t\t\t\t\t\t\t\t\t\t\t\t\t\t\t<img decoding=\"async\" width=\"640\" height=\"359\" src=\"https:\/\/esbozodeportivo.com\/wp-content\/uploads\/2023\/02\/Playera-y-Medalla-6--1024x575.jpeg\" alt=\"\" loading=\"lazy\" srcset=\"https:\/\/esbozodeportivo.com\/wp-content\/uploads\/2023\/02\/Playera-y-Medalla-6--1024x575.jpeg 1024w, https:\/\/esbozodeportivo.com\/wp-content\/uploads\/2023\/02\/Playera-y-Medalla-6--300x168.jpeg 300w, https:\/\/esbozodeportivo.com\/wp-content\/uploads\/2023\/02\/Playera-y-Medalla-6--768x431.jpeg 768w, https:\/\/esbozodeportivo.com\/wp-content\/uploads\/2023\/02\/Playera-y-Medalla-6--1536x863.jpeg 1536w, https:\/\/esbozodeportivo.com\/wp-content\/uploads\/2023\/02\/Playera-y-Medalla-6--2048x1150.jpeg 2048w\" sizes=\"auto, (max-width: 640px) 100vw, 640px\" \/>\t\t\t\t\t\t\t\t\t\t\t\t\t\t\t<\/p>\n<p>(Foto: esbozodeportivo.com)<\/p>\n<p>En la conferencia secundaron al director del Instituto del Deporte, M\u00f3nica Pacheco Skidmore, directora ejecutiva del Bosque de Chapultepec, as\u00ed como Amalia Galv\u00e1n, directora de Vinculaci\u00f3n Institucional del Complejo Cultural Los Pinos.<\/p>\n<p>Durante su intervenci\u00f3n M\u00f3nica Pacheco, dijo: \u201cEn el 2022 el Bosque de Chapultepec recibi\u00f3 a 180 mil corredores en 105 carreras que se realizaron en las instalaciones, ya que es un espacio muy demandado y recreativo para las personas\u201d finaliz\u00f3.<\/p>\n<p>\t\t\t\t\t\t\t\t\t\t\t\t\t\t\t<img decoding=\"async\" width=\"575\" height=\"1024\" src=\"https:\/\/esbozodeportivo.com\/wp-content\/uploads\/2023\/02\/Playera-y-Medalla-3--575x1024.jpeg\" alt=\"\" loading=\"lazy\" srcset=\"https:\/\/esbozodeportivo.com\/wp-content\/uploads\/2023\/02\/Playera-y-Medalla-3--575x1024.jpeg 575w, https:\/\/esbozodeportivo.com\/wp-content\/uploads\/2023\/02\/Playera-y-Medalla-3--168x300.jpeg 168w, https:\/\/esbozodeportivo.com\/wp-content\/uploads\/2023\/02\/Playera-y-Medalla-3--768x1368.jpeg 768w, https:\/\/esbozodeportivo.com\/wp-content\/uploads\/2023\/02\/Playera-y-Medalla-3--863x1536.jpeg 863w, https:\/\/esbozodeportivo.com\/wp-content\/uploads\/2023\/02\/Playera-y-Medalla-3--1150x2048.jpeg 1150w, https:\/\/esbozodeportivo.com\/wp-content\/uploads\/2023\/02\/Playera-y-Medalla-3--1024x1823.jpeg 1024w, https:\/\/esbozodeportivo.com\/wp-content\/uploads\/2023\/02\/Playera-y-Medalla-3--scaled.jpeg 1438w\" sizes=\"auto, (max-width: 575px) 100vw, 575px\" \/>\t\t\t\t\t\t\t\t\t\t\t\t\t\t\t<\/p>\n<p>(Foto: esbozodeportivo.com)\u00a0<\/p>\n<p>Por su parte Amalia Galv\u00e1n, manifest\u00f3: \u201cPara nosotros es muy importante el desarrollo humano y deportivo, este viene en beneficio de los ciudadanos, Las personas van a poder disfrutar de los espacios que se han abierto en Chapultepec y en la Ciudad de M\u00e9xico, Las carreras son bienvenidas\u201d.<\/p>\n<p>\t\t\t\t\t\t\t\t\t\t\t\t\t\t\t<img decoding=\"async\" width=\"640\" height=\"359\" src=\"https:\/\/esbozodeportivo.com\/wp-content\/uploads\/2023\/02\/Playera-y-Medalla-4--1024x575.jpeg\" alt=\"\" loading=\"lazy\" srcset=\"https:\/\/esbozodeportivo.com\/wp-content\/uploads\/2023\/02\/Playera-y-Medalla-4--1024x575.jpeg 1024w, https:\/\/esbozodeportivo.com\/wp-content\/uploads\/2023\/02\/Playera-y-Medalla-4--300x168.jpeg 300w, https:\/\/esbozodeportivo.com\/wp-content\/uploads\/2023\/02\/Playera-y-Medalla-4--768x431.jpeg 768w, https:\/\/esbozodeportivo.com\/wp-content\/uploads\/2023\/02\/Playera-y-Medalla-4--1536x863.jpeg 1536w, https:\/\/esbozodeportivo.com\/wp-content\/uploads\/2023\/02\/Playera-y-Medalla-4--2048x1150.jpeg 2048w\" sizes=\"auto, (max-width: 640px) 100vw, 640px\" \/>\t\t\t\t\t\t\t\t\t\t\t\t\t\t\t<\/p>\n<p>(Foto: esbozodeportivo.com)\u00a0<\/p>\n<p>La ruta del recorrido partir\u00e1 del Complejo Cultural Los Pinos, descender\u00e1 por Molino del Rey, continuar\u00e1 por la Gran Avenida a un costado de la Avenida Chapultepec, seguir\u00e1 por Calzada Rey Nezahualc\u00f3yotl, y posteriormente por Avenida de los Compositores.<\/p>\n<p>En el recorrido los corredores y corredoras podr\u00e1n observar el Castillo de Chapultepec, el Monumento Escuadr\u00f3n 201, el viejo Ahuehuete, el \u00c1guila, la Fuente de los Ni\u00f1os, el lago, la Fuente de los F\u00edsicos\u00a0 Nucleares, la Pista del Sope, la Fuente de las Ninfas, el Museo de Historia Natural, el Museo del Ni\u00f1o, entre otros.<\/p>\n<p>\t\t\t\t\t\t\t\t\t\t\t\t\t\t\t<img decoding=\"async\" width=\"640\" height=\"359\" src=\"https:\/\/esbozodeportivo.com\/wp-content\/uploads\/2023\/02\/Playera-y-Medalla-2--1024x575.jpeg\" alt=\"\" loading=\"lazy\" srcset=\"https:\/\/esbozodeportivo.com\/wp-content\/uploads\/2023\/02\/Playera-y-Medalla-2--1024x575.jpeg 1024w, https:\/\/esbozodeportivo.com\/wp-content\/uploads\/2023\/02\/Playera-y-Medalla-2--300x168.jpeg 300w, https:\/\/esbozodeportivo.com\/wp-content\/uploads\/2023\/02\/Playera-y-Medalla-2--768x431.jpeg 768w, https:\/\/esbozodeportivo.com\/wp-content\/uploads\/2023\/02\/Playera-y-Medalla-2--1536x863.jpeg 1536w, https:\/\/esbozodeportivo.com\/wp-content\/uploads\/2023\/02\/Playera-y-Medalla-2--2048x1150.jpeg 2048w\" sizes=\"auto, (max-width: 640px) 100vw, 640px\" \/>\t\t\t\t\t\t\t\t\t\t\t\t\t\t\t<\/p>\n<p>(Foto: esbozodeportivo.com)<\/p>\n","protected":false},"excerpt":{"rendered":"<p>(Foto: esbozodeportivo.com) Ciudad de M\u00e9xico.- M\u00e1s de 5 mil corredores estar\u00e1n presentes en la Primera<\/p>\n","protected":false},"author":2,"featured_media":0,"comment_status":"open","ping_status":"open","sticky":false,"template":"","format":"standard","meta":{"_jetpack_memberships_contains_paid_content":false,"footnotes":""},"categories":[5],"tags":[],"class_list":["post-1100","post","type-post","status-publish","format-standard","hentry","category-amateur"],"yoast_head":"<!-- This site is optimized with the Yoast SEO plugin v25.7 - https:\/\/yoast.com\/wordpress\/plugins\/seo\/ -->\n<title>Primera Carrera de la Calzada Flotante de Chapultepec, este s\u00e1bado 4 de febrero - Esbozo Deportivo<\/title>\n<meta name=\"robots\" content=\"index, follow, max-snippet:-1, max-image-preview:large, max-video-preview:-1\" \/>\n<link rel=\"canonical\" href=\"https:\/\/esbozodeportivo.com\/index.php\/2023\/02\/01\/primera-carrera-de-la-calzada-flotante-de-chapultepec-este-sabado-4-de-febrero\/\" \/>\n<meta property=\"og:locale\" content=\"es_MX\" \/>\n<meta property=\"og:type\" content=\"article\" \/>\n<meta property=\"og:title\" content=\"Primera Carrera de la Calzada Flotante de Chapultepec, este s\u00e1bado 4 de febrero - Esbozo Deportivo\" \/>\n<meta property=\"og:description\" content=\"(Foto: esbozodeportivo.com) Ciudad de M\u00e9xico.- M\u00e1s de 5 mil corredores estar\u00e1n presentes en la Primera\" \/>\n<meta property=\"og:url\" content=\"https:\/\/esbozodeportivo.com\/index.php\/2023\/02\/01\/primera-carrera-de-la-calzada-flotante-de-chapultepec-este-sabado-4-de-febrero\/\" \/>\n<meta property=\"og:site_name\" content=\"Esbozo Deportivo\" \/>\n<meta property=\"article:published_time\" content=\"2023-02-01T04:21:21+00:00\" \/>\n<meta property=\"article:modified_time\" content=\"2023-02-01T04:28:13+00:00\" \/>\n<meta property=\"og:image\" content=\"https:\/\/esbozodeportivo.com\/wp-content\/uploads\/2023\/02\/Playera-y-Medalla--1024x575.jpeg\" \/>\n<meta name=\"author\" content=\"Javier De La Cruz\" \/>\n<meta name=\"twitter:card\" content=\"summary_large_image\" \/>\n<meta name=\"twitter:label1\" content=\"Escrito por\" \/>\n\t<meta name=\"twitter:data1\" content=\"Javier De La Cruz\" \/>\n\t<meta name=\"twitter:label2\" content=\"Tiempo de lectura\" \/>\n\t<meta name=\"twitter:data2\" content=\"2 minutos\" \/>\n<script type=\"application\/ld+json\" class=\"yoast-schema-graph\">{\"@context\":\"https:\/\/schema.org\",\"@graph\":[{\"@type\":\"Article\",\"@id\":\"https:\/\/esbozodeportivo.com\/index.php\/2023\/02\/01\/primera-carrera-de-la-calzada-flotante-de-chapultepec-este-sabado-4-de-febrero\/#article\",\"isPartOf\":{\"@id\":\"https:\/\/esbozodeportivo.com\/index.php\/2023\/02\/01\/primera-carrera-de-la-calzada-flotante-de-chapultepec-este-sabado-4-de-febrero\/\"},\"author\":{\"name\":\"Javier De La Cruz\",\"@id\":\"https:\/\/esbozodeportivo.com\/#\/schema\/person\/7277119c98823aec37bbb84e125efd44\"},\"headline\":\"Primera Carrera de la Calzada Flotante de Chapultepec, este s\u00e1bado 4 de febrero\",\"datePublished\":\"2023-02-01T04:21:21+00:00\",\"dateModified\":\"2023-02-01T04:28:13+00:00\",\"mainEntityOfPage\":{\"@id\":\"https:\/\/esbozodeportivo.com\/index.php\/2023\/02\/01\/primera-carrera-de-la-calzada-flotante-de-chapultepec-este-sabado-4-de-febrero\/\"},\"wordCount\":373,\"commentCount\":0,\"publisher\":{\"@id\":\"https:\/\/esbozodeportivo.com\/#organization\"},\"image\":{\"@id\":\"https:\/\/esbozodeportivo.com\/index.php\/2023\/02\/01\/primera-carrera-de-la-calzada-flotante-de-chapultepec-este-sabado-4-de-febrero\/#primaryimage\"},\"thumbnailUrl\":\"https:\/\/esbozodeportivo.com\/wp-content\/uploads\/2023\/02\/Playera-y-Medalla--1024x575.jpeg\",\"articleSection\":[\"Amateur\"],\"inLanguage\":\"es\",\"potentialAction\":[{\"@type\":\"CommentAction\",\"name\":\"Comment\",\"target\":[\"https:\/\/esbozodeportivo.com\/index.php\/2023\/02\/01\/primera-carrera-de-la-calzada-flotante-de-chapultepec-este-sabado-4-de-febrero\/#respond\"]}]},{\"@type\":\"WebPage\",\"@id\":\"https:\/\/esbozodeportivo.com\/index.php\/2023\/02\/01\/primera-carrera-de-la-calzada-flotante-de-chapultepec-este-sabado-4-de-febrero\/\",\"url\":\"https:\/\/esbozodeportivo.com\/index.php\/2023\/02\/01\/primera-carrera-de-la-calzada-flotante-de-chapultepec-este-sabado-4-de-febrero\/\",\"name\":\"Primera Carrera de la Calzada Flotante de Chapultepec, este s\u00e1bado 4 de febrero - Esbozo Deportivo\",\"isPartOf\":{\"@id\":\"https:\/\/esbozodeportivo.com\/#website\"},\"primaryImageOfPage\":{\"@id\":\"https:\/\/esbozodeportivo.com\/index.php\/2023\/02\/01\/primera-carrera-de-la-calzada-flotante-de-chapultepec-este-sabado-4-de-febrero\/#primaryimage\"},\"image\":{\"@id\":\"https:\/\/esbozodeportivo.com\/index.php\/2023\/02\/01\/primera-carrera-de-la-calzada-flotante-de-chapultepec-este-sabado-4-de-febrero\/#primaryimage\"},\"thumbnailUrl\":\"https:\/\/esbozodeportivo.com\/wp-content\/uploads\/2023\/02\/Playera-y-Medalla--1024x575.jpeg\",\"datePublished\":\"2023-02-01T04:21:21+00:00\",\"dateModified\":\"2023-02-01T04:28:13+00:00\",\"breadcrumb\":{\"@id\":\"https:\/\/esbozodeportivo.com\/index.php\/2023\/02\/01\/primera-carrera-de-la-calzada-flotante-de-chapultepec-este-sabado-4-de-febrero\/#breadcrumb\"},\"inLanguage\":\"es\",\"potentialAction\":[{\"@type\":\"ReadAction\",\"target\":[\"https:\/\/esbozodeportivo.com\/index.php\/2023\/02\/01\/primera-carrera-de-la-calzada-flotante-de-chapultepec-este-sabado-4-de-febrero\/\"]}]},{\"@type\":\"ImageObject\",\"inLanguage\":\"es\",\"@id\":\"https:\/\/esbozodeportivo.com\/index.php\/2023\/02\/01\/primera-carrera-de-la-calzada-flotante-de-chapultepec-este-sabado-4-de-febrero\/#primaryimage\",\"url\":\"https:\/\/esbozodeportivo.com\/wp-content\/uploads\/2023\/02\/Playera-y-Medalla--1024x575.jpeg\",\"contentUrl\":\"https:\/\/esbozodeportivo.com\/wp-content\/uploads\/2023\/02\/Playera-y-Medalla--1024x575.jpeg\"},{\"@type\":\"BreadcrumbList\",\"@id\":\"https:\/\/esbozodeportivo.com\/index.php\/2023\/02\/01\/primera-carrera-de-la-calzada-flotante-de-chapultepec-este-sabado-4-de-febrero\/#breadcrumb\",\"itemListElement\":[{\"@type\":\"ListItem\",\"position\":1,\"name\":\"Inicio\",\"item\":\"https:\/\/esbozodeportivo.com\/\"},{\"@type\":\"ListItem\",\"position\":2,\"name\":\"Primera Carrera de la Calzada Flotante de Chapultepec, este s\u00e1bado 4 de febrero\"}]},{\"@type\":\"WebSite\",\"@id\":\"https:\/\/esbozodeportivo.com\/#website\",\"url\":\"https:\/\/esbozodeportivo.com\/\",\"name\":\"Esbozo Deportivo\",\"description\":\"Lo m\u00e1s importante del Deporte\",\"publisher\":{\"@id\":\"https:\/\/esbozodeportivo.com\/#organization\"},\"potentialAction\":[{\"@type\":\"SearchAction\",\"target\":{\"@type\":\"EntryPoint\",\"urlTemplate\":\"https:\/\/esbozodeportivo.com\/?s={search_term_string}\"},\"query-input\":{\"@type\":\"PropertyValueSpecification\",\"valueRequired\":true,\"valueName\":\"search_term_string\"}}],\"inLanguage\":\"es\"},{\"@type\":\"Organization\",\"@id\":\"https:\/\/esbozodeportivo.com\/#organization\",\"name\":\"Esbozo Deportivo\",\"url\":\"https:\/\/esbozodeportivo.com\/\",\"logo\":{\"@type\":\"ImageObject\",\"inLanguage\":\"es\",\"@id\":\"https:\/\/esbozodeportivo.com\/#\/schema\/logo\/image\/\",\"url\":\"https:\/\/esbozodeportivo.com\/wp-content\/uploads\/2022\/08\/cropped-Logo-Esbozo-Web-2.png\",\"contentUrl\":\"https:\/\/esbozodeportivo.com\/wp-content\/uploads\/2022\/08\/cropped-Logo-Esbozo-Web-2.png\",\"width\":180,\"height\":50,\"caption\":\"Esbozo Deportivo\"},\"image\":{\"@id\":\"https:\/\/esbozodeportivo.com\/#\/schema\/logo\/image\/\"}},{\"@type\":\"Person\",\"@id\":\"https:\/\/esbozodeportivo.com\/#\/schema\/person\/7277119c98823aec37bbb84e125efd44\",\"name\":\"Javier De La Cruz\",\"image\":{\"@type\":\"ImageObject\",\"inLanguage\":\"es\",\"@id\":\"https:\/\/esbozodeportivo.com\/#\/schema\/person\/image\/\",\"url\":\"https:\/\/secure.gravatar.com\/avatar\/366235a56d20f1a6e8e3d0b295897639357bea880470ddf261d17bb0bc052eb1?s=96&d=mm&r=g\",\"contentUrl\":\"https:\/\/secure.gravatar.com\/avatar\/366235a56d20f1a6e8e3d0b295897639357bea880470ddf261d17bb0bc052eb1?s=96&d=mm&r=g\",\"caption\":\"Javier De La Cruz\"},\"url\":\"https:\/\/esbozodeportivo.com\/index.php\/author\/javier-de-la-cruz-de-la-cruz\/\"}]}<\/script>\n<!-- \/ Yoast SEO plugin. -->","yoast_head_json":{"title":"Primera Carrera de la Calzada Flotante de Chapultepec, este s\u00e1bado 4 de febrero - Esbozo Deportivo","robots":{"index":"index","follow":"follow","max-snippet":"max-snippet:-1","max-image-preview":"max-image-preview:large","max-video-preview":"max-video-preview:-1"},"canonical":"https:\/\/esbozodeportivo.com\/index.php\/2023\/02\/01\/primera-carrera-de-la-calzada-flotante-de-chapultepec-este-sabado-4-de-febrero\/","og_locale":"es_MX","og_type":"article","og_title":"Primera Carrera de la Calzada Flotante de Chapultepec, este s\u00e1bado 4 de febrero - Esbozo Deportivo","og_description":"(Foto: esbozodeportivo.com) Ciudad de M\u00e9xico.- M\u00e1s de 5 mil corredores estar\u00e1n presentes en la Primera","og_url":"https:\/\/esbozodeportivo.com\/index.php\/2023\/02\/01\/primera-carrera-de-la-calzada-flotante-de-chapultepec-este-sabado-4-de-febrero\/","og_site_name":"Esbozo Deportivo","article_published_time":"2023-02-01T04:21:21+00:00","article_modified_time":"2023-02-01T04:28:13+00:00","og_image":[{"url":"https:\/\/esbozodeportivo.com\/wp-content\/uploads\/2023\/02\/Playera-y-Medalla--1024x575.jpeg","type":"","width":"","height":""}],"author":"Javier De La Cruz","twitter_card":"summary_large_image","twitter_misc":{"Escrito por":"Javier De La Cruz","Tiempo de lectura":"2 minutos"},"schema":{"@context":"https:\/\/schema.org","@graph":[{"@type":"Article","@id":"https:\/\/esbozodeportivo.com\/index.php\/2023\/02\/01\/primera-carrera-de-la-calzada-flotante-de-chapultepec-este-sabado-4-de-febrero\/#article","isPartOf":{"@id":"https:\/\/esbozodeportivo.com\/index.php\/2023\/02\/01\/primera-carrera-de-la-calzada-flotante-de-chapultepec-este-sabado-4-de-febrero\/"},"author":{"name":"Javier De La Cruz","@id":"https:\/\/esbozodeportivo.com\/#\/schema\/person\/7277119c98823aec37bbb84e125efd44"},"headline":"Primera Carrera de la Calzada Flotante de Chapultepec, este s\u00e1bado 4 de febrero","datePublished":"2023-02-01T04:21:21+00:00","dateModified":"2023-02-01T04:28:13+00:00","mainEntityOfPage":{"@id":"https:\/\/esbozodeportivo.com\/index.php\/2023\/02\/01\/primera-carrera-de-la-calzada-flotante-de-chapultepec-este-sabado-4-de-febrero\/"},"wordCount":373,"commentCount":0,"publisher":{"@id":"https:\/\/esbozodeportivo.com\/#organization"},"image":{"@id":"https:\/\/esbozodeportivo.com\/index.php\/2023\/02\/01\/primera-carrera-de-la-calzada-flotante-de-chapultepec-este-sabado-4-de-febrero\/#primaryimage"},"thumbnailUrl":"https:\/\/esbozodeportivo.com\/wp-content\/uploads\/2023\/02\/Playera-y-Medalla--1024x575.jpeg","articleSection":["Amateur"],"inLanguage":"es","potentialAction":[{"@type":"CommentAction","name":"Comment","target":["https:\/\/esbozodeportivo.com\/index.php\/2023\/02\/01\/primera-carrera-de-la-calzada-flotante-de-chapultepec-este-sabado-4-de-febrero\/#respond"]}]},{"@type":"WebPage","@id":"https:\/\/esbozodeportivo.com\/index.php\/2023\/02\/01\/primera-carrera-de-la-calzada-flotante-de-chapultepec-este-sabado-4-de-febrero\/","url":"https:\/\/esbozodeportivo.com\/index.php\/2023\/02\/01\/primera-carrera-de-la-calzada-flotante-de-chapultepec-este-sabado-4-de-febrero\/","name":"Primera Carrera de la Calzada Flotante de Chapultepec, este s\u00e1bado 4 de febrero - Esbozo Deportivo","isPartOf":{"@id":"https:\/\/esbozodeportivo.com\/#website"},"primaryImageOfPage":{"@id":"https:\/\/esbozodeportivo.com\/index.php\/2023\/02\/01\/primera-carrera-de-la-calzada-flotante-de-chapultepec-este-sabado-4-de-febrero\/#primaryimage"},"image":{"@id":"https:\/\/esbozodeportivo.com\/index.php\/2023\/02\/01\/primera-carrera-de-la-calzada-flotante-de-chapultepec-este-sabado-4-de-febrero\/#primaryimage"},"thumbnailUrl":"https:\/\/esbozodeportivo.com\/wp-content\/uploads\/2023\/02\/Playera-y-Medalla--1024x575.jpeg","datePublished":"2023-02-01T04:21:21+00:00","dateModified":"2023-02-01T04:28:13+00:00","breadcrumb":{"@id":"https:\/\/esbozodeportivo.com\/index.php\/2023\/02\/01\/primera-carrera-de-la-calzada-flotante-de-chapultepec-este-sabado-4-de-febrero\/#breadcrumb"},"inLanguage":"es","potentialAction":[{"@type":"ReadAction","target":["https:\/\/esbozodeportivo.com\/index.php\/2023\/02\/01\/primera-carrera-de-la-calzada-flotante-de-chapultepec-este-sabado-4-de-febrero\/"]}]},{"@type":"ImageObject","inLanguage":"es","@id":"https:\/\/esbozodeportivo.com\/index.php\/2023\/02\/01\/primera-carrera-de-la-calzada-flotante-de-chapultepec-este-sabado-4-de-febrero\/#primaryimage","url":"https:\/\/esbozodeportivo.com\/wp-content\/uploads\/2023\/02\/Playera-y-Medalla--1024x575.jpeg","contentUrl":"https:\/\/esbozodeportivo.com\/wp-content\/uploads\/2023\/02\/Playera-y-Medalla--1024x575.jpeg"},{"@type":"BreadcrumbList","@id":"https:\/\/esbozodeportivo.com\/index.php\/2023\/02\/01\/primera-carrera-de-la-calzada-flotante-de-chapultepec-este-sabado-4-de-febrero\/#breadcrumb","itemListElement":[{"@type":"ListItem","position":1,"name":"Inicio","item":"https:\/\/esbozodeportivo.com\/"},{"@type":"ListItem","position":2,"name":"Primera Carrera de la Calzada Flotante de Chapultepec, este s\u00e1bado 4 de febrero"}]},{"@type":"WebSite","@id":"https:\/\/esbozodeportivo.com\/#website","url":"https:\/\/esbozodeportivo.com\/","name":"Esbozo Deportivo","description":"Lo m\u00e1s importante del Deporte","publisher":{"@id":"https:\/\/esbozodeportivo.com\/#organization"},"potentialAction":[{"@type":"SearchAction","target":{"@type":"EntryPoint","urlTemplate":"https:\/\/esbozodeportivo.com\/?s={search_term_string}"},"query-input":{"@type":"PropertyValueSpecification","valueRequired":true,"valueName":"search_term_string"}}],"inLanguage":"es"},{"@type":"Organization","@id":"https:\/\/esbozodeportivo.com\/#organization","name":"Esbozo Deportivo","url":"https:\/\/esbozodeportivo.com\/","logo":{"@type":"ImageObject","inLanguage":"es","@id":"https:\/\/esbozodeportivo.com\/#\/schema\/logo\/image\/","url":"https:\/\/esbozodeportivo.com\/wp-content\/uploads\/2022\/08\/cropped-Logo-Esbozo-Web-2.png","contentUrl":"https:\/\/esbozodeportivo.com\/wp-content\/uploads\/2022\/08\/cropped-Logo-Esbozo-Web-2.png","width":180,"height":50,"caption":"Esbozo Deportivo"},"image":{"@id":"https:\/\/esbozodeportivo.com\/#\/schema\/logo\/image\/"}},{"@type":"Person","@id":"https:\/\/esbozodeportivo.com\/#\/schema\/person\/7277119c98823aec37bbb84e125efd44","name":"Javier De La Cruz","image":{"@type":"ImageObject","inLanguage":"es","@id":"https:\/\/esbozodeportivo.com\/#\/schema\/person\/image\/","url":"https:\/\/secure.gravatar.com\/avatar\/366235a56d20f1a6e8e3d0b295897639357bea880470ddf261d17bb0bc052eb1?s=96&d=mm&r=g","contentUrl":"https:\/\/secure.gravatar.com\/avatar\/366235a56d20f1a6e8e3d0b295897639357bea880470ddf261d17bb0bc052eb1?s=96&d=mm&r=g","caption":"Javier De La Cruz"},"url":"https:\/\/esbozodeportivo.com\/index.php\/author\/javier-de-la-cruz-de-la-cruz\/"}]}},"jetpack_featured_media_url":"","jetpack_sharing_enabled":true,"_links":{"self":[{"href":"https:\/\/esbozodeportivo.com\/index.php\/wp-json\/wp\/v2\/posts\/1100","targetHints":{"allow":["GET"]}}],"collection":[{"href":"https:\/\/esbozodeportivo.com\/index.php\/wp-json\/wp\/v2\/posts"}],"about":[{"href":"https:\/\/esbozodeportivo.com\/index.php\/wp-json\/wp\/v2\/types\/post"}],"author":[{"embeddable":true,"href":"https:\/\/esbozodeportivo.com\/index.php\/wp-json\/wp\/v2\/users\/2"}],"replies":[{"embeddable":true,"href":"https:\/\/esbozodeportivo.com\/index.php\/wp-json\/wp\/v2\/comments?post=1100"}],"version-history":[{"count":4,"href":"https:\/\/esbozodeportivo.com\/index.php\/wp-json\/wp\/v2\/posts\/1100\/revisions"}],"predecessor-version":[{"id":1111,"href":"https:\/\/esbozodeportivo.com\/index.php\/wp-json\/wp\/v2\/posts\/1100\/revisions\/1111"}],"wp:attachment":[{"href":"https:\/\/esbozodeportivo.com\/index.php\/wp-json\/wp\/v2\/media?parent=1100"}],"wp:term":[{"taxonomy":"category","embeddable":true,"href":"https:\/\/esbozodeportivo.com\/index.php\/wp-json\/wp\/v2\/categories?post=1100"},{"taxonomy":"post_tag","embeddable":true,"href":"https:\/\/esbozodeportivo.com\/index.php\/wp-json\/wp\/v2\/tags?post=1100"}],"curies":[{"name":"wp","href":"https:\/\/api.w.org\/{rel}","templated":true}]}}