{"id":11050,"date":"2025-11-08T18:07:45","date_gmt":"2025-11-09T00:07:45","guid":{"rendered":"https:\/\/esbozodeportivo.com\/?p=11050"},"modified":"2025-11-08T18:07:47","modified_gmt":"2025-11-09T00:07:47","slug":"djokovic-deja-atras-un-record-de-federer","status":"publish","type":"post","link":"https:\/\/esbozodeportivo.com\/index.php\/2025\/11\/08\/djokovic-deja-atras-un-record-de-federer\/","title":{"rendered":"Djokovic deja atr\u00e1s un r\u00e9cord de Federer"},"content":{"rendered":"\n<p>Novak Djokovic anuncio su baja de las Finales de la ATP por segundo a\u00f1o consecutivo, poco despu\u00e9s de vencer a Lorenzo Musetti en una final de casi tres horas para ganar el Campeonato Hel\u00e9nico el s\u00e1bado.<\/p>\n\n\n\n<p>Djokovic dijo que una lesi\u00f3n en el hombro le impedir\u00eda jugar en el evento de fin de temporada para los ocho mejores jugadores, que comienza el domingo en Tur\u00edn, Italia.<\/p>\n\n\n\n<p>\u201cMe entristece compartir que tengo que retirarme debido a una lesi\u00f3n persistente\u201d, dijo Djokovic en una publicaci\u00f3n en redes sociales.<\/p>\n\n\n\n<p>La decisi\u00f3n significa que Musetti ocupar\u00e1 su lugar, a pesar de que su derrota ante Djokovic inicialmente le hab\u00eda dado el \u00faltimo puesto de clasificaci\u00f3n a Felix Auger-Aliassime.<\/p>\n\n\n\n<p>Djokovic ha ganado las Finales de la ATP siete veces, pero el 24 veces campe\u00f3n de Grand Slam tambi\u00e9n se perdi\u00f3 el torneo el a\u00f1o pasado debido a una lesi\u00f3n. El s\u00e1bado, el jugador remont\u00f3 para una victoria de 4-6, 6-3, 7-5 sobre Musetti para asegurar su t\u00edtulo n\u00famero 101 de su carrera.<\/p>\n\n\n\n<p>Djokovic, de 38 a\u00f1os, estableci\u00f3 un r\u00e9cord masculino con su t\u00edtulo n\u00famero 72 en canchas duras, uno m\u00e1s que Roger Federer.<\/p>\n\n\n\n<p>\u201cUna batalla incre\u00edble\u201d, afirm\u00f3 Djokovic. \u201cTres horas de un partido agotador, f\u00edsicamente. &#8230; Estoy muy orgulloso de m\u00ed mismo por superar este.\u201d<\/p>\n\n\n\n<p>El \u00faltimo set present\u00f3 cinco quiebres, antes de que Djokovic asegurara la victoria con un saque ganador. Musetti ha perdido ahora sus \u00faltimos seis finales a nivel de gira.<\/p>\n\n\n\n<p><\/p>\n","protected":false},"excerpt":{"rendered":"<p>Novak Djokovic anuncio su baja de las Finales de la ATP por segundo a\u00f1o consecutivo,<\/p>\n","protected":false},"author":4,"featured_media":11052,"comment_status":"closed","ping_status":"open","sticky":false,"template":"","format":"standard","meta":{"_jetpack_memberships_contains_paid_content":false,"footnotes":""},"categories":[12],"tags":[],"class_list":["post-11050","post","type-post","status-publish","format-standard","has-post-thumbnail","hentry","category-tenis-internacional"],"yoast_head":"<!-- This site is optimized with the Yoast SEO plugin v25.7 - https:\/\/yoast.com\/wordpress\/plugins\/seo\/ -->\n<title>Djokovic deja atr\u00e1s un r\u00e9cord de Federer - Esbozo Deportivo<\/title>\n<meta name=\"description\" content=\"Novak Djokovic anuncio su baja de las Finales de la ATP por segundo a\u00f1o consecutivo, poco despu\u00e9s de vencer a Lorenzo Musetti en una final de casi tres horas para ganar el Campeonato Hel\u00e9nico el s\u00e1bado.\" \/>\n<meta name=\"robots\" content=\"index, follow, max-snippet:-1, max-image-preview:large, max-video-preview:-1\" \/>\n<link rel=\"canonical\" href=\"https:\/\/esbozodeportivo.com\/index.php\/2025\/11\/08\/djokovic-deja-atras-un-record-de-federer\/\" \/>\n<meta property=\"og:locale\" content=\"es_MX\" \/>\n<meta property=\"og:type\" content=\"article\" \/>\n<meta property=\"og:title\" content=\"Djokovic deja atr\u00e1s un r\u00e9cord de Federer - Esbozo Deportivo\" \/>\n<meta property=\"og:description\" content=\"Novak Djokovic anuncio su baja de las Finales de la ATP por segundo a\u00f1o consecutivo, poco despu\u00e9s de vencer a Lorenzo Musetti en una final de casi tres horas para ganar el Campeonato Hel\u00e9nico el s\u00e1bado.\" \/>\n<meta property=\"og:url\" content=\"https:\/\/esbozodeportivo.com\/index.php\/2025\/11\/08\/djokovic-deja-atras-un-record-de-federer\/\" \/>\n<meta property=\"og:site_name\" content=\"Esbozo Deportivo\" \/>\n<meta property=\"article:published_time\" content=\"2025-11-09T00:07:45+00:00\" \/>\n<meta property=\"article:modified_time\" content=\"2025-11-09T00:07:47+00:00\" \/>\n<meta property=\"og:image\" content=\"https:\/\/esbozodeportivo.com\/wp-content\/uploads\/2025\/11\/TENIS-1.jpg\" \/>\n\t<meta property=\"og:image:width\" content=\"980\" \/>\n\t<meta property=\"og:image:height\" content=\"653\" \/>\n\t<meta property=\"og:image:type\" content=\"image\/jpeg\" \/>\n<meta name=\"author\" content=\"Redacci\u00f3n\" \/>\n<meta name=\"twitter:card\" content=\"summary_large_image\" \/>\n<meta name=\"twitter:label1\" content=\"Escrito por\" \/>\n\t<meta name=\"twitter:data1\" content=\"Redacci\u00f3n\" \/>\n\t<meta name=\"twitter:label2\" content=\"Tiempo de lectura\" \/>\n\t<meta name=\"twitter:data2\" content=\"2 minutos\" \/>\n<script type=\"application\/ld+json\" class=\"yoast-schema-graph\">{\"@context\":\"https:\/\/schema.org\",\"@graph\":[{\"@type\":\"Article\",\"@id\":\"https:\/\/esbozodeportivo.com\/index.php\/2025\/11\/08\/djokovic-deja-atras-un-record-de-federer\/#article\",\"isPartOf\":{\"@id\":\"https:\/\/esbozodeportivo.com\/index.php\/2025\/11\/08\/djokovic-deja-atras-un-record-de-federer\/\"},\"author\":{\"name\":\"Redacci\u00f3n\",\"@id\":\"https:\/\/esbozodeportivo.com\/#\/schema\/person\/0f6df9196dfe6740dd0bb31bae50d374\"},\"headline\":\"Djokovic deja atr\u00e1s un r\u00e9cord de Federer\",\"datePublished\":\"2025-11-09T00:07:45+00:00\",\"dateModified\":\"2025-11-09T00:07:47+00:00\",\"mainEntityOfPage\":{\"@id\":\"https:\/\/esbozodeportivo.com\/index.php\/2025\/11\/08\/djokovic-deja-atras-un-record-de-federer\/\"},\"wordCount\":269,\"publisher\":{\"@id\":\"https:\/\/esbozodeportivo.com\/#organization\"},\"image\":{\"@id\":\"https:\/\/esbozodeportivo.com\/index.php\/2025\/11\/08\/djokovic-deja-atras-un-record-de-federer\/#primaryimage\"},\"thumbnailUrl\":\"https:\/\/esbozodeportivo.com\/wp-content\/uploads\/2025\/11\/TENIS-1.jpg\",\"articleSection\":[\"Tenis Internacional\"],\"inLanguage\":\"es\"},{\"@type\":\"WebPage\",\"@id\":\"https:\/\/esbozodeportivo.com\/index.php\/2025\/11\/08\/djokovic-deja-atras-un-record-de-federer\/\",\"url\":\"https:\/\/esbozodeportivo.com\/index.php\/2025\/11\/08\/djokovic-deja-atras-un-record-de-federer\/\",\"name\":\"Djokovic deja atr\u00e1s un r\u00e9cord de Federer - Esbozo Deportivo\",\"isPartOf\":{\"@id\":\"https:\/\/esbozodeportivo.com\/#website\"},\"primaryImageOfPage\":{\"@id\":\"https:\/\/esbozodeportivo.com\/index.php\/2025\/11\/08\/djokovic-deja-atras-un-record-de-federer\/#primaryimage\"},\"image\":{\"@id\":\"https:\/\/esbozodeportivo.com\/index.php\/2025\/11\/08\/djokovic-deja-atras-un-record-de-federer\/#primaryimage\"},\"thumbnailUrl\":\"https:\/\/esbozodeportivo.com\/wp-content\/uploads\/2025\/11\/TENIS-1.jpg\",\"datePublished\":\"2025-11-09T00:07:45+00:00\",\"dateModified\":\"2025-11-09T00:07:47+00:00\",\"description\":\"Novak Djokovic anuncio su baja de las Finales de la ATP por segundo a\u00f1o consecutivo, poco despu\u00e9s de vencer a Lorenzo Musetti en una final de casi tres horas para ganar el Campeonato Hel\u00e9nico el s\u00e1bado.\",\"breadcrumb\":{\"@id\":\"https:\/\/esbozodeportivo.com\/index.php\/2025\/11\/08\/djokovic-deja-atras-un-record-de-federer\/#breadcrumb\"},\"inLanguage\":\"es\",\"potentialAction\":[{\"@type\":\"ReadAction\",\"target\":[\"https:\/\/esbozodeportivo.com\/index.php\/2025\/11\/08\/djokovic-deja-atras-un-record-de-federer\/\"]}]},{\"@type\":\"ImageObject\",\"inLanguage\":\"es\",\"@id\":\"https:\/\/esbozodeportivo.com\/index.php\/2025\/11\/08\/djokovic-deja-atras-un-record-de-federer\/#primaryimage\",\"url\":\"https:\/\/esbozodeportivo.com\/wp-content\/uploads\/2025\/11\/TENIS-1.jpg\",\"contentUrl\":\"https:\/\/esbozodeportivo.com\/wp-content\/uploads\/2025\/11\/TENIS-1.jpg\",\"width\":980,\"height\":653},{\"@type\":\"BreadcrumbList\",\"@id\":\"https:\/\/esbozodeportivo.com\/index.php\/2025\/11\/08\/djokovic-deja-atras-un-record-de-federer\/#breadcrumb\",\"itemListElement\":[{\"@type\":\"ListItem\",\"position\":1,\"name\":\"Inicio\",\"item\":\"https:\/\/esbozodeportivo.com\/\"},{\"@type\":\"ListItem\",\"position\":2,\"name\":\"Djokovic deja atr\u00e1s un r\u00e9cord de Federer\"}]},{\"@type\":\"WebSite\",\"@id\":\"https:\/\/esbozodeportivo.com\/#website\",\"url\":\"https:\/\/esbozodeportivo.com\/\",\"name\":\"Esbozo Deportivo\",\"description\":\"Lo m\u00e1s importante del Deporte\",\"publisher\":{\"@id\":\"https:\/\/esbozodeportivo.com\/#organization\"},\"potentialAction\":[{\"@type\":\"SearchAction\",\"target\":{\"@type\":\"EntryPoint\",\"urlTemplate\":\"https:\/\/esbozodeportivo.com\/?s={search_term_string}\"},\"query-input\":{\"@type\":\"PropertyValueSpecification\",\"valueRequired\":true,\"valueName\":\"search_term_string\"}}],\"inLanguage\":\"es\"},{\"@type\":\"Organization\",\"@id\":\"https:\/\/esbozodeportivo.com\/#organization\",\"name\":\"Esbozo Deportivo\",\"url\":\"https:\/\/esbozodeportivo.com\/\",\"logo\":{\"@type\":\"ImageObject\",\"inLanguage\":\"es\",\"@id\":\"https:\/\/esbozodeportivo.com\/#\/schema\/logo\/image\/\",\"url\":\"https:\/\/esbozodeportivo.com\/wp-content\/uploads\/2022\/08\/cropped-Logo-Esbozo-Web-2.png\",\"contentUrl\":\"https:\/\/esbozodeportivo.com\/wp-content\/uploads\/2022\/08\/cropped-Logo-Esbozo-Web-2.png\",\"width\":180,\"height\":50,\"caption\":\"Esbozo Deportivo\"},\"image\":{\"@id\":\"https:\/\/esbozodeportivo.com\/#\/schema\/logo\/image\/\"}},{\"@type\":\"Person\",\"@id\":\"https:\/\/esbozodeportivo.com\/#\/schema\/person\/0f6df9196dfe6740dd0bb31bae50d374\",\"name\":\"Redacci\u00f3n\",\"image\":{\"@type\":\"ImageObject\",\"inLanguage\":\"es\",\"@id\":\"https:\/\/esbozodeportivo.com\/#\/schema\/person\/image\/\",\"url\":\"https:\/\/secure.gravatar.com\/avatar\/f55268a89c3b418f2ef172ff52ab0d09b3e653c58de29539fe329fb93d78ebf3?s=96&d=mm&r=g\",\"contentUrl\":\"https:\/\/secure.gravatar.com\/avatar\/f55268a89c3b418f2ef172ff52ab0d09b3e653c58de29539fe329fb93d78ebf3?s=96&d=mm&r=g\",\"caption\":\"Redacci\u00f3n\"},\"url\":\"https:\/\/esbozodeportivo.com\/index.php\/author\/redaccion\/\"}]}<\/script>\n<!-- \/ Yoast SEO plugin. -->","yoast_head_json":{"title":"Djokovic deja atr\u00e1s un r\u00e9cord de Federer - Esbozo Deportivo","description":"Novak Djokovic anuncio su baja de las Finales de la ATP por segundo a\u00f1o consecutivo, poco despu\u00e9s de vencer a Lorenzo Musetti en una final de casi tres horas para ganar el Campeonato Hel\u00e9nico el s\u00e1bado.","robots":{"index":"index","follow":"follow","max-snippet":"max-snippet:-1","max-image-preview":"max-image-preview:large","max-video-preview":"max-video-preview:-1"},"canonical":"https:\/\/esbozodeportivo.com\/index.php\/2025\/11\/08\/djokovic-deja-atras-un-record-de-federer\/","og_locale":"es_MX","og_type":"article","og_title":"Djokovic deja atr\u00e1s un r\u00e9cord de Federer - Esbozo Deportivo","og_description":"Novak Djokovic anuncio su baja de las Finales de la ATP por segundo a\u00f1o consecutivo, poco despu\u00e9s de vencer a Lorenzo Musetti en una final de casi tres horas para ganar el Campeonato Hel\u00e9nico el s\u00e1bado.","og_url":"https:\/\/esbozodeportivo.com\/index.php\/2025\/11\/08\/djokovic-deja-atras-un-record-de-federer\/","og_site_name":"Esbozo Deportivo","article_published_time":"2025-11-09T00:07:45+00:00","article_modified_time":"2025-11-09T00:07:47+00:00","og_image":[{"width":980,"height":653,"url":"https:\/\/esbozodeportivo.com\/wp-content\/uploads\/2025\/11\/TENIS-1.jpg","type":"image\/jpeg"}],"author":"Redacci\u00f3n","twitter_card":"summary_large_image","twitter_misc":{"Escrito por":"Redacci\u00f3n","Tiempo de lectura":"2 minutos"},"schema":{"@context":"https:\/\/schema.org","@graph":[{"@type":"Article","@id":"https:\/\/esbozodeportivo.com\/index.php\/2025\/11\/08\/djokovic-deja-atras-un-record-de-federer\/#article","isPartOf":{"@id":"https:\/\/esbozodeportivo.com\/index.php\/2025\/11\/08\/djokovic-deja-atras-un-record-de-federer\/"},"author":{"name":"Redacci\u00f3n","@id":"https:\/\/esbozodeportivo.com\/#\/schema\/person\/0f6df9196dfe6740dd0bb31bae50d374"},"headline":"Djokovic deja atr\u00e1s un r\u00e9cord de Federer","datePublished":"2025-11-09T00:07:45+00:00","dateModified":"2025-11-09T00:07:47+00:00","mainEntityOfPage":{"@id":"https:\/\/esbozodeportivo.com\/index.php\/2025\/11\/08\/djokovic-deja-atras-un-record-de-federer\/"},"wordCount":269,"publisher":{"@id":"https:\/\/esbozodeportivo.com\/#organization"},"image":{"@id":"https:\/\/esbozodeportivo.com\/index.php\/2025\/11\/08\/djokovic-deja-atras-un-record-de-federer\/#primaryimage"},"thumbnailUrl":"https:\/\/esbozodeportivo.com\/wp-content\/uploads\/2025\/11\/TENIS-1.jpg","articleSection":["Tenis Internacional"],"inLanguage":"es"},{"@type":"WebPage","@id":"https:\/\/esbozodeportivo.com\/index.php\/2025\/11\/08\/djokovic-deja-atras-un-record-de-federer\/","url":"https:\/\/esbozodeportivo.com\/index.php\/2025\/11\/08\/djokovic-deja-atras-un-record-de-federer\/","name":"Djokovic deja atr\u00e1s un r\u00e9cord de Federer - Esbozo Deportivo","isPartOf":{"@id":"https:\/\/esbozodeportivo.com\/#website"},"primaryImageOfPage":{"@id":"https:\/\/esbozodeportivo.com\/index.php\/2025\/11\/08\/djokovic-deja-atras-un-record-de-federer\/#primaryimage"},"image":{"@id":"https:\/\/esbozodeportivo.com\/index.php\/2025\/11\/08\/djokovic-deja-atras-un-record-de-federer\/#primaryimage"},"thumbnailUrl":"https:\/\/esbozodeportivo.com\/wp-content\/uploads\/2025\/11\/TENIS-1.jpg","datePublished":"2025-11-09T00:07:45+00:00","dateModified":"2025-11-09T00:07:47+00:00","description":"Novak Djokovic anuncio su baja de las Finales de la ATP por segundo a\u00f1o consecutivo, poco despu\u00e9s de vencer a Lorenzo Musetti en una final de casi tres horas para ganar el Campeonato Hel\u00e9nico el s\u00e1bado.","breadcrumb":{"@id":"https:\/\/esbozodeportivo.com\/index.php\/2025\/11\/08\/djokovic-deja-atras-un-record-de-federer\/#breadcrumb"},"inLanguage":"es","potentialAction":[{"@type":"ReadAction","target":["https:\/\/esbozodeportivo.com\/index.php\/2025\/11\/08\/djokovic-deja-atras-un-record-de-federer\/"]}]},{"@type":"ImageObject","inLanguage":"es","@id":"https:\/\/esbozodeportivo.com\/index.php\/2025\/11\/08\/djokovic-deja-atras-un-record-de-federer\/#primaryimage","url":"https:\/\/esbozodeportivo.com\/wp-content\/uploads\/2025\/11\/TENIS-1.jpg","contentUrl":"https:\/\/esbozodeportivo.com\/wp-content\/uploads\/2025\/11\/TENIS-1.jpg","width":980,"height":653},{"@type":"BreadcrumbList","@id":"https:\/\/esbozodeportivo.com\/index.php\/2025\/11\/08\/djokovic-deja-atras-un-record-de-federer\/#breadcrumb","itemListElement":[{"@type":"ListItem","position":1,"name":"Inicio","item":"https:\/\/esbozodeportivo.com\/"},{"@type":"ListItem","position":2,"name":"Djokovic deja atr\u00e1s un r\u00e9cord de Federer"}]},{"@type":"WebSite","@id":"https:\/\/esbozodeportivo.com\/#website","url":"https:\/\/esbozodeportivo.com\/","name":"Esbozo Deportivo","description":"Lo m\u00e1s importante del Deporte","publisher":{"@id":"https:\/\/esbozodeportivo.com\/#organization"},"potentialAction":[{"@type":"SearchAction","target":{"@type":"EntryPoint","urlTemplate":"https:\/\/esbozodeportivo.com\/?s={search_term_string}"},"query-input":{"@type":"PropertyValueSpecification","valueRequired":true,"valueName":"search_term_string"}}],"inLanguage":"es"},{"@type":"Organization","@id":"https:\/\/esbozodeportivo.com\/#organization","name":"Esbozo Deportivo","url":"https:\/\/esbozodeportivo.com\/","logo":{"@type":"ImageObject","inLanguage":"es","@id":"https:\/\/esbozodeportivo.com\/#\/schema\/logo\/image\/","url":"https:\/\/esbozodeportivo.com\/wp-content\/uploads\/2022\/08\/cropped-Logo-Esbozo-Web-2.png","contentUrl":"https:\/\/esbozodeportivo.com\/wp-content\/uploads\/2022\/08\/cropped-Logo-Esbozo-Web-2.png","width":180,"height":50,"caption":"Esbozo Deportivo"},"image":{"@id":"https:\/\/esbozodeportivo.com\/#\/schema\/logo\/image\/"}},{"@type":"Person","@id":"https:\/\/esbozodeportivo.com\/#\/schema\/person\/0f6df9196dfe6740dd0bb31bae50d374","name":"Redacci\u00f3n","image":{"@type":"ImageObject","inLanguage":"es","@id":"https:\/\/esbozodeportivo.com\/#\/schema\/person\/image\/","url":"https:\/\/secure.gravatar.com\/avatar\/f55268a89c3b418f2ef172ff52ab0d09b3e653c58de29539fe329fb93d78ebf3?s=96&d=mm&r=g","contentUrl":"https:\/\/secure.gravatar.com\/avatar\/f55268a89c3b418f2ef172ff52ab0d09b3e653c58de29539fe329fb93d78ebf3?s=96&d=mm&r=g","caption":"Redacci\u00f3n"},"url":"https:\/\/esbozodeportivo.com\/index.php\/author\/redaccion\/"}]}},"jetpack_featured_media_url":"https:\/\/esbozodeportivo.com\/wp-content\/uploads\/2025\/11\/TENIS-1.jpg","jetpack_sharing_enabled":true,"_links":{"self":[{"href":"https:\/\/esbozodeportivo.com\/index.php\/wp-json\/wp\/v2\/posts\/11050","targetHints":{"allow":["GET"]}}],"collection":[{"href":"https:\/\/esbozodeportivo.com\/index.php\/wp-json\/wp\/v2\/posts"}],"about":[{"href":"https:\/\/esbozodeportivo.com\/index.php\/wp-json\/wp\/v2\/types\/post"}],"author":[{"embeddable":true,"href":"https:\/\/esbozodeportivo.com\/index.php\/wp-json\/wp\/v2\/users\/4"}],"replies":[{"embeddable":true,"href":"https:\/\/esbozodeportivo.com\/index.php\/wp-json\/wp\/v2\/comments?post=11050"}],"version-history":[{"count":1,"href":"https:\/\/esbozodeportivo.com\/index.php\/wp-json\/wp\/v2\/posts\/11050\/revisions"}],"predecessor-version":[{"id":11053,"href":"https:\/\/esbozodeportivo.com\/index.php\/wp-json\/wp\/v2\/posts\/11050\/revisions\/11053"}],"wp:featuredmedia":[{"embeddable":true,"href":"https:\/\/esbozodeportivo.com\/index.php\/wp-json\/wp\/v2\/media\/11052"}],"wp:attachment":[{"href":"https:\/\/esbozodeportivo.com\/index.php\/wp-json\/wp\/v2\/media?parent=11050"}],"wp:term":[{"taxonomy":"category","embeddable":true,"href":"https:\/\/esbozodeportivo.com\/index.php\/wp-json\/wp\/v2\/categories?post=11050"},{"taxonomy":"post_tag","embeddable":true,"href":"https:\/\/esbozodeportivo.com\/index.php\/wp-json\/wp\/v2\/tags?post=11050"}],"curies":[{"name":"wp","href":"https:\/\/api.w.org\/{rel}","templated":true}]}}