{"id":11054,"date":"2025-11-08T18:09:39","date_gmt":"2025-11-09T00:09:39","guid":{"rendered":"https:\/\/esbozodeportivo.com\/?p=11054"},"modified":"2025-11-08T18:09:40","modified_gmt":"2025-11-09T00:09:40","slug":"verstappen-se-olvida-del-titulo","status":"publish","type":"post","link":"https:\/\/esbozodeportivo.com\/index.php\/2025\/11\/08\/verstappen-se-olvida-del-titulo\/","title":{"rendered":"Verstappen se olvida del t\u00edtulo"},"content":{"rendered":"\n<p>(Foto: Agencias) <\/p>\n\n\n\n<p>Se perfila como un gran fin de semana para Lando Norris, l\u00edder de la F\u00f3rmula 1, y uno frustrante para el cuatro veces campe\u00f3n Max Verstappen.<\/p>\n\n\n\n<p>El piloto de McLaren ampli\u00f3 la brecha con su compa\u00f1ero de equipo Oscar Piastri a nueve puntos al ganar la carrera sprint del Gran Premio de Brasil el s\u00e1bado y luego tom\u00f3 tambi\u00e9n la pole position para la parrilla del domingo.<\/p>\n\n\n\n<p>\u201cResbaladizo, inconsistente, pero divertido\u201d, dijo Norris sobre sus dos conducciones. \u201cHemos estado en muy buena forma, el equipo nos ha dado un gran coche\u201d.<\/p>\n\n\n\n<p>Mientras tanto, Verstappen pr\u00e1cticamente renunci\u00f3 a la esperanza de conseguir un quinto t\u00edtulo consecutivo de F1 despu\u00e9s de terminar solo 16.\u00ba en la clasificaci\u00f3n. A falta de tres carreras despu\u00e9s de este fin de semana, est\u00e1 39 puntos por detr\u00e1s de cara al domingo despu\u00e9s de terminar cuarto en la carrera sprint.<\/p>\n\n\n\n<p>\u201cPuedo olvidarme de eso\u201d, dijo Verstappen cuando se le pregunt\u00f3 sobre sus posibilidades de t\u00edtulo. \u201cDesde donde vamos a empezar, eso no va a funcionar\u201d.<\/p>\n\n\n\n<p>Quiz\u00e1s no deber\u00eda descartar sus posibilidades tan r\u00e1pido. El a\u00f1o pasado, Verstappen gan\u00f3 en Brasil a pesar de comenzar 17.\u00ba en la parrilla.<\/p>\n\n\n\n<p>Norris venci\u00f3 a Kimi Antonelli de Mercedes en la clasificaci\u00f3n por 0.174 segundos en la pista de Interlagos, parcialmente mojada. Su compa\u00f1ero de equipo Piastri \u2014quien no pudo terminar la carrera sprint\u2014 comenzar\u00e1 desde la cuarta posici\u00f3n.<\/p>\n\n\n\n<p>Charles Leclerc de Ferrari comenzar\u00e1 desde la tercera posici\u00f3n, mientras que Lewis Hamilton solo pudo lograr el 13.\u00ba en una decepcionante sesi\u00f3n de clasificaci\u00f3n.<\/p>\n\n\n\n<p>Tambi\u00e9n se hab\u00eda pronosticado lluvia para el domingo, pero con esos pron\u00f3sticos cambiando ahora, algunos pilotos optaron por usar neum\u00e1ticos blandos que ahora tendr\u00e1n que conservar para la carrera (juego). Hace un a\u00f1o, la clasificaci\u00f3n se traslad\u00f3 al domingo debido a lluvias torrenciales.<\/p>\n\n\n\n<p>Norris termin\u00f3 por delante de Antonelli y George Russell de Mercedes en una carrera sprint que tambi\u00e9n estuvo marcada por accidentes, incluido un fuerte golpe del favorito local Gabriel Bortoleto de Sauber contra el muro en la \u00faltima vuelta.<\/p>\n\n\n\n<p>Antonelli termin\u00f3 a solo 0.845 segundos de Norris despu\u00e9s de que el piloto de McLaren perdiera parte de su ventaja debido a los neum\u00e1ticos blandos.<\/p>\n\n\n\n<p>\u201cKimi ciertamente no me estaba haciendo la vida m\u00e1s f\u00e1cil. Definitivamente no fue una carrera f\u00e1cil, siempre espero algo dif\u00edcil en Brasil\u201d, se\u00f1al\u00f3 Norris despu\u00e9s de la carrera sprint.<\/p>\n\n\n\n<p>\u201cDefinitivamente no es una carrera f\u00e1cil, siempre se espera una dif\u00edcil en Brasil\u201d.<\/p>\n\n\n\n<p>Los coches de Ferrari no lograron impresionar, con LeClerc y Hamilton terminando quinto y s\u00e9ptimo, respectivamente.<\/p>\n\n\n\n<p>Bortoleto no pudo participar en la clasificaci\u00f3n despu\u00e9s de que su coche sufriera da\u00f1os en el accidente y comenzar\u00e1 desde el pit lane el domingo, cuando corra por primera vez frente a sus aficionados locales.<\/p>\n\n\n\n<p>Los aficionados brasile\u00f1os y argentinos que constituyen la abrumadora mayor\u00eda en las gradas de Interlagos podr\u00edan ver c\u00f3mo su rivalidad futbol\u00edstica se extiende r\u00e1pidamente a la F1, ya que Franco Colapinto de Alpine comenzar\u00e1 en el 18.\u00ba puesto, cerca de Bortoleto.<\/p>\n\n\n\n<p>Norris viene de una victoria en la Ciudad de M\u00e9xico. Piastri ha tenido problemas \u00faltimamente; no ha ganado en cinco carreras y no ha subido al podio desde Monza, en Italia, hace dos meses, cuando termin\u00f3 tercero.<\/p>\n\n\n\n<p>Al ser preguntado sobre el incidente que lo dej\u00f3 fuera de la carrera sprint, Piastri dijo: \u201cUn error tonto, de verdad. Un error desafortunado. Eso es todo\u201d.<\/p>\n\n\n\n<p><\/p>\n","protected":false},"excerpt":{"rendered":"<p>(Foto: Agencias) Se perfila como un gran fin de semana para Lando Norris, l\u00edder de<\/p>\n","protected":false},"author":4,"featured_media":11051,"comment_status":"closed","ping_status":"open","sticky":false,"template":"","format":"standard","meta":{"_jetpack_memberships_contains_paid_content":false,"footnotes":""},"categories":[44],"tags":[],"class_list":["post-11054","post","type-post","status-publish","format-standard","has-post-thumbnail","hentry","category-formula-1"],"yoast_head":"<!-- This site is optimized with the Yoast SEO plugin v25.7 - https:\/\/yoast.com\/wordpress\/plugins\/seo\/ -->\n<title>Verstappen se olvida del t\u00edtulo - Esbozo Deportivo<\/title>\n<meta name=\"description\" content=\"Se perfila como un gran fin de semana para Lando Norris, l\u00edder de la F\u00f3rmula 1, y uno frustrante para el cuatro veces campe\u00f3n Max Verstappen.\" \/>\n<meta name=\"robots\" content=\"index, follow, max-snippet:-1, max-image-preview:large, max-video-preview:-1\" \/>\n<link rel=\"canonical\" href=\"https:\/\/esbozodeportivo.com\/index.php\/2025\/11\/08\/verstappen-se-olvida-del-titulo\/\" \/>\n<meta property=\"og:locale\" content=\"es_MX\" \/>\n<meta property=\"og:type\" content=\"article\" \/>\n<meta property=\"og:title\" content=\"Verstappen se olvida del t\u00edtulo - Esbozo Deportivo\" \/>\n<meta property=\"og:description\" content=\"Se perfila como un gran fin de semana para Lando Norris, l\u00edder de la F\u00f3rmula 1, y uno frustrante para el cuatro veces campe\u00f3n Max Verstappen.\" \/>\n<meta property=\"og:url\" content=\"https:\/\/esbozodeportivo.com\/index.php\/2025\/11\/08\/verstappen-se-olvida-del-titulo\/\" \/>\n<meta property=\"og:site_name\" content=\"Esbozo Deportivo\" \/>\n<meta property=\"article:published_time\" content=\"2025-11-09T00:09:39+00:00\" \/>\n<meta property=\"article:modified_time\" content=\"2025-11-09T00:09:40+00:00\" \/>\n<meta property=\"og:image\" content=\"https:\/\/esbozodeportivo.com\/wp-content\/uploads\/2025\/11\/fORMULA-uno-1.jpg\" \/>\n\t<meta property=\"og:image:width\" content=\"980\" \/>\n\t<meta property=\"og:image:height\" content=\"653\" \/>\n\t<meta property=\"og:image:type\" content=\"image\/jpeg\" \/>\n<meta name=\"author\" content=\"Redacci\u00f3n\" \/>\n<meta name=\"twitter:card\" content=\"summary_large_image\" \/>\n<meta name=\"twitter:label1\" content=\"Escrito por\" \/>\n\t<meta name=\"twitter:data1\" content=\"Redacci\u00f3n\" \/>\n\t<meta name=\"twitter:label2\" content=\"Tiempo de lectura\" \/>\n\t<meta name=\"twitter:data2\" content=\"3 minutos\" \/>\n<script type=\"application\/ld+json\" class=\"yoast-schema-graph\">{\"@context\":\"https:\/\/schema.org\",\"@graph\":[{\"@type\":\"Article\",\"@id\":\"https:\/\/esbozodeportivo.com\/index.php\/2025\/11\/08\/verstappen-se-olvida-del-titulo\/#article\",\"isPartOf\":{\"@id\":\"https:\/\/esbozodeportivo.com\/index.php\/2025\/11\/08\/verstappen-se-olvida-del-titulo\/\"},\"author\":{\"name\":\"Redacci\u00f3n\",\"@id\":\"https:\/\/esbozodeportivo.com\/#\/schema\/person\/0f6df9196dfe6740dd0bb31bae50d374\"},\"headline\":\"Verstappen se olvida del t\u00edtulo\",\"datePublished\":\"2025-11-09T00:09:39+00:00\",\"dateModified\":\"2025-11-09T00:09:40+00:00\",\"mainEntityOfPage\":{\"@id\":\"https:\/\/esbozodeportivo.com\/index.php\/2025\/11\/08\/verstappen-se-olvida-del-titulo\/\"},\"wordCount\":610,\"publisher\":{\"@id\":\"https:\/\/esbozodeportivo.com\/#organization\"},\"image\":{\"@id\":\"https:\/\/esbozodeportivo.com\/index.php\/2025\/11\/08\/verstappen-se-olvida-del-titulo\/#primaryimage\"},\"thumbnailUrl\":\"https:\/\/esbozodeportivo.com\/wp-content\/uploads\/2025\/11\/fORMULA-uno-1.jpg\",\"articleSection\":[\"F\u00f3rmula 1\"],\"inLanguage\":\"es\"},{\"@type\":\"WebPage\",\"@id\":\"https:\/\/esbozodeportivo.com\/index.php\/2025\/11\/08\/verstappen-se-olvida-del-titulo\/\",\"url\":\"https:\/\/esbozodeportivo.com\/index.php\/2025\/11\/08\/verstappen-se-olvida-del-titulo\/\",\"name\":\"Verstappen se olvida del t\u00edtulo - Esbozo Deportivo\",\"isPartOf\":{\"@id\":\"https:\/\/esbozodeportivo.com\/#website\"},\"primaryImageOfPage\":{\"@id\":\"https:\/\/esbozodeportivo.com\/index.php\/2025\/11\/08\/verstappen-se-olvida-del-titulo\/#primaryimage\"},\"image\":{\"@id\":\"https:\/\/esbozodeportivo.com\/index.php\/2025\/11\/08\/verstappen-se-olvida-del-titulo\/#primaryimage\"},\"thumbnailUrl\":\"https:\/\/esbozodeportivo.com\/wp-content\/uploads\/2025\/11\/fORMULA-uno-1.jpg\",\"datePublished\":\"2025-11-09T00:09:39+00:00\",\"dateModified\":\"2025-11-09T00:09:40+00:00\",\"description\":\"Se perfila como un gran fin de semana para Lando Norris, l\u00edder de la F\u00f3rmula 1, y uno frustrante para el cuatro veces campe\u00f3n Max Verstappen.\",\"breadcrumb\":{\"@id\":\"https:\/\/esbozodeportivo.com\/index.php\/2025\/11\/08\/verstappen-se-olvida-del-titulo\/#breadcrumb\"},\"inLanguage\":\"es\",\"potentialAction\":[{\"@type\":\"ReadAction\",\"target\":[\"https:\/\/esbozodeportivo.com\/index.php\/2025\/11\/08\/verstappen-se-olvida-del-titulo\/\"]}]},{\"@type\":\"ImageObject\",\"inLanguage\":\"es\",\"@id\":\"https:\/\/esbozodeportivo.com\/index.php\/2025\/11\/08\/verstappen-se-olvida-del-titulo\/#primaryimage\",\"url\":\"https:\/\/esbozodeportivo.com\/wp-content\/uploads\/2025\/11\/fORMULA-uno-1.jpg\",\"contentUrl\":\"https:\/\/esbozodeportivo.com\/wp-content\/uploads\/2025\/11\/fORMULA-uno-1.jpg\",\"width\":980,\"height\":653},{\"@type\":\"BreadcrumbList\",\"@id\":\"https:\/\/esbozodeportivo.com\/index.php\/2025\/11\/08\/verstappen-se-olvida-del-titulo\/#breadcrumb\",\"itemListElement\":[{\"@type\":\"ListItem\",\"position\":1,\"name\":\"Inicio\",\"item\":\"https:\/\/esbozodeportivo.com\/\"},{\"@type\":\"ListItem\",\"position\":2,\"name\":\"Verstappen se olvida del t\u00edtulo\"}]},{\"@type\":\"WebSite\",\"@id\":\"https:\/\/esbozodeportivo.com\/#website\",\"url\":\"https:\/\/esbozodeportivo.com\/\",\"name\":\"Esbozo Deportivo\",\"description\":\"Lo m\u00e1s importante del Deporte\",\"publisher\":{\"@id\":\"https:\/\/esbozodeportivo.com\/#organization\"},\"potentialAction\":[{\"@type\":\"SearchAction\",\"target\":{\"@type\":\"EntryPoint\",\"urlTemplate\":\"https:\/\/esbozodeportivo.com\/?s={search_term_string}\"},\"query-input\":{\"@type\":\"PropertyValueSpecification\",\"valueRequired\":true,\"valueName\":\"search_term_string\"}}],\"inLanguage\":\"es\"},{\"@type\":\"Organization\",\"@id\":\"https:\/\/esbozodeportivo.com\/#organization\",\"name\":\"Esbozo Deportivo\",\"url\":\"https:\/\/esbozodeportivo.com\/\",\"logo\":{\"@type\":\"ImageObject\",\"inLanguage\":\"es\",\"@id\":\"https:\/\/esbozodeportivo.com\/#\/schema\/logo\/image\/\",\"url\":\"https:\/\/esbozodeportivo.com\/wp-content\/uploads\/2022\/08\/cropped-Logo-Esbozo-Web-2.png\",\"contentUrl\":\"https:\/\/esbozodeportivo.com\/wp-content\/uploads\/2022\/08\/cropped-Logo-Esbozo-Web-2.png\",\"width\":180,\"height\":50,\"caption\":\"Esbozo Deportivo\"},\"image\":{\"@id\":\"https:\/\/esbozodeportivo.com\/#\/schema\/logo\/image\/\"}},{\"@type\":\"Person\",\"@id\":\"https:\/\/esbozodeportivo.com\/#\/schema\/person\/0f6df9196dfe6740dd0bb31bae50d374\",\"name\":\"Redacci\u00f3n\",\"image\":{\"@type\":\"ImageObject\",\"inLanguage\":\"es\",\"@id\":\"https:\/\/esbozodeportivo.com\/#\/schema\/person\/image\/\",\"url\":\"https:\/\/secure.gravatar.com\/avatar\/f55268a89c3b418f2ef172ff52ab0d09b3e653c58de29539fe329fb93d78ebf3?s=96&d=mm&r=g\",\"contentUrl\":\"https:\/\/secure.gravatar.com\/avatar\/f55268a89c3b418f2ef172ff52ab0d09b3e653c58de29539fe329fb93d78ebf3?s=96&d=mm&r=g\",\"caption\":\"Redacci\u00f3n\"},\"url\":\"https:\/\/esbozodeportivo.com\/index.php\/author\/redaccion\/\"}]}<\/script>\n<!-- \/ Yoast SEO plugin. -->","yoast_head_json":{"title":"Verstappen se olvida del t\u00edtulo - Esbozo Deportivo","description":"Se perfila como un gran fin de semana para Lando Norris, l\u00edder de la F\u00f3rmula 1, y uno frustrante para el cuatro veces campe\u00f3n Max Verstappen.","robots":{"index":"index","follow":"follow","max-snippet":"max-snippet:-1","max-image-preview":"max-image-preview:large","max-video-preview":"max-video-preview:-1"},"canonical":"https:\/\/esbozodeportivo.com\/index.php\/2025\/11\/08\/verstappen-se-olvida-del-titulo\/","og_locale":"es_MX","og_type":"article","og_title":"Verstappen se olvida del t\u00edtulo - Esbozo Deportivo","og_description":"Se perfila como un gran fin de semana para Lando Norris, l\u00edder de la F\u00f3rmula 1, y uno frustrante para el cuatro veces campe\u00f3n Max Verstappen.","og_url":"https:\/\/esbozodeportivo.com\/index.php\/2025\/11\/08\/verstappen-se-olvida-del-titulo\/","og_site_name":"Esbozo Deportivo","article_published_time":"2025-11-09T00:09:39+00:00","article_modified_time":"2025-11-09T00:09:40+00:00","og_image":[{"width":980,"height":653,"url":"https:\/\/esbozodeportivo.com\/wp-content\/uploads\/2025\/11\/fORMULA-uno-1.jpg","type":"image\/jpeg"}],"author":"Redacci\u00f3n","twitter_card":"summary_large_image","twitter_misc":{"Escrito por":"Redacci\u00f3n","Tiempo de lectura":"3 minutos"},"schema":{"@context":"https:\/\/schema.org","@graph":[{"@type":"Article","@id":"https:\/\/esbozodeportivo.com\/index.php\/2025\/11\/08\/verstappen-se-olvida-del-titulo\/#article","isPartOf":{"@id":"https:\/\/esbozodeportivo.com\/index.php\/2025\/11\/08\/verstappen-se-olvida-del-titulo\/"},"author":{"name":"Redacci\u00f3n","@id":"https:\/\/esbozodeportivo.com\/#\/schema\/person\/0f6df9196dfe6740dd0bb31bae50d374"},"headline":"Verstappen se olvida del t\u00edtulo","datePublished":"2025-11-09T00:09:39+00:00","dateModified":"2025-11-09T00:09:40+00:00","mainEntityOfPage":{"@id":"https:\/\/esbozodeportivo.com\/index.php\/2025\/11\/08\/verstappen-se-olvida-del-titulo\/"},"wordCount":610,"publisher":{"@id":"https:\/\/esbozodeportivo.com\/#organization"},"image":{"@id":"https:\/\/esbozodeportivo.com\/index.php\/2025\/11\/08\/verstappen-se-olvida-del-titulo\/#primaryimage"},"thumbnailUrl":"https:\/\/esbozodeportivo.com\/wp-content\/uploads\/2025\/11\/fORMULA-uno-1.jpg","articleSection":["F\u00f3rmula 1"],"inLanguage":"es"},{"@type":"WebPage","@id":"https:\/\/esbozodeportivo.com\/index.php\/2025\/11\/08\/verstappen-se-olvida-del-titulo\/","url":"https:\/\/esbozodeportivo.com\/index.php\/2025\/11\/08\/verstappen-se-olvida-del-titulo\/","name":"Verstappen se olvida del t\u00edtulo - Esbozo Deportivo","isPartOf":{"@id":"https:\/\/esbozodeportivo.com\/#website"},"primaryImageOfPage":{"@id":"https:\/\/esbozodeportivo.com\/index.php\/2025\/11\/08\/verstappen-se-olvida-del-titulo\/#primaryimage"},"image":{"@id":"https:\/\/esbozodeportivo.com\/index.php\/2025\/11\/08\/verstappen-se-olvida-del-titulo\/#primaryimage"},"thumbnailUrl":"https:\/\/esbozodeportivo.com\/wp-content\/uploads\/2025\/11\/fORMULA-uno-1.jpg","datePublished":"2025-11-09T00:09:39+00:00","dateModified":"2025-11-09T00:09:40+00:00","description":"Se perfila como un gran fin de semana para Lando Norris, l\u00edder de la F\u00f3rmula 1, y uno frustrante para el cuatro veces campe\u00f3n Max Verstappen.","breadcrumb":{"@id":"https:\/\/esbozodeportivo.com\/index.php\/2025\/11\/08\/verstappen-se-olvida-del-titulo\/#breadcrumb"},"inLanguage":"es","potentialAction":[{"@type":"ReadAction","target":["https:\/\/esbozodeportivo.com\/index.php\/2025\/11\/08\/verstappen-se-olvida-del-titulo\/"]}]},{"@type":"ImageObject","inLanguage":"es","@id":"https:\/\/esbozodeportivo.com\/index.php\/2025\/11\/08\/verstappen-se-olvida-del-titulo\/#primaryimage","url":"https:\/\/esbozodeportivo.com\/wp-content\/uploads\/2025\/11\/fORMULA-uno-1.jpg","contentUrl":"https:\/\/esbozodeportivo.com\/wp-content\/uploads\/2025\/11\/fORMULA-uno-1.jpg","width":980,"height":653},{"@type":"BreadcrumbList","@id":"https:\/\/esbozodeportivo.com\/index.php\/2025\/11\/08\/verstappen-se-olvida-del-titulo\/#breadcrumb","itemListElement":[{"@type":"ListItem","position":1,"name":"Inicio","item":"https:\/\/esbozodeportivo.com\/"},{"@type":"ListItem","position":2,"name":"Verstappen se olvida del t\u00edtulo"}]},{"@type":"WebSite","@id":"https:\/\/esbozodeportivo.com\/#website","url":"https:\/\/esbozodeportivo.com\/","name":"Esbozo Deportivo","description":"Lo m\u00e1s importante del Deporte","publisher":{"@id":"https:\/\/esbozodeportivo.com\/#organization"},"potentialAction":[{"@type":"SearchAction","target":{"@type":"EntryPoint","urlTemplate":"https:\/\/esbozodeportivo.com\/?s={search_term_string}"},"query-input":{"@type":"PropertyValueSpecification","valueRequired":true,"valueName":"search_term_string"}}],"inLanguage":"es"},{"@type":"Organization","@id":"https:\/\/esbozodeportivo.com\/#organization","name":"Esbozo Deportivo","url":"https:\/\/esbozodeportivo.com\/","logo":{"@type":"ImageObject","inLanguage":"es","@id":"https:\/\/esbozodeportivo.com\/#\/schema\/logo\/image\/","url":"https:\/\/esbozodeportivo.com\/wp-content\/uploads\/2022\/08\/cropped-Logo-Esbozo-Web-2.png","contentUrl":"https:\/\/esbozodeportivo.com\/wp-content\/uploads\/2022\/08\/cropped-Logo-Esbozo-Web-2.png","width":180,"height":50,"caption":"Esbozo Deportivo"},"image":{"@id":"https:\/\/esbozodeportivo.com\/#\/schema\/logo\/image\/"}},{"@type":"Person","@id":"https:\/\/esbozodeportivo.com\/#\/schema\/person\/0f6df9196dfe6740dd0bb31bae50d374","name":"Redacci\u00f3n","image":{"@type":"ImageObject","inLanguage":"es","@id":"https:\/\/esbozodeportivo.com\/#\/schema\/person\/image\/","url":"https:\/\/secure.gravatar.com\/avatar\/f55268a89c3b418f2ef172ff52ab0d09b3e653c58de29539fe329fb93d78ebf3?s=96&d=mm&r=g","contentUrl":"https:\/\/secure.gravatar.com\/avatar\/f55268a89c3b418f2ef172ff52ab0d09b3e653c58de29539fe329fb93d78ebf3?s=96&d=mm&r=g","caption":"Redacci\u00f3n"},"url":"https:\/\/esbozodeportivo.com\/index.php\/author\/redaccion\/"}]}},"jetpack_featured_media_url":"https:\/\/esbozodeportivo.com\/wp-content\/uploads\/2025\/11\/fORMULA-uno-1.jpg","jetpack_sharing_enabled":true,"_links":{"self":[{"href":"https:\/\/esbozodeportivo.com\/index.php\/wp-json\/wp\/v2\/posts\/11054","targetHints":{"allow":["GET"]}}],"collection":[{"href":"https:\/\/esbozodeportivo.com\/index.php\/wp-json\/wp\/v2\/posts"}],"about":[{"href":"https:\/\/esbozodeportivo.com\/index.php\/wp-json\/wp\/v2\/types\/post"}],"author":[{"embeddable":true,"href":"https:\/\/esbozodeportivo.com\/index.php\/wp-json\/wp\/v2\/users\/4"}],"replies":[{"embeddable":true,"href":"https:\/\/esbozodeportivo.com\/index.php\/wp-json\/wp\/v2\/comments?post=11054"}],"version-history":[{"count":1,"href":"https:\/\/esbozodeportivo.com\/index.php\/wp-json\/wp\/v2\/posts\/11054\/revisions"}],"predecessor-version":[{"id":11055,"href":"https:\/\/esbozodeportivo.com\/index.php\/wp-json\/wp\/v2\/posts\/11054\/revisions\/11055"}],"wp:featuredmedia":[{"embeddable":true,"href":"https:\/\/esbozodeportivo.com\/index.php\/wp-json\/wp\/v2\/media\/11051"}],"wp:attachment":[{"href":"https:\/\/esbozodeportivo.com\/index.php\/wp-json\/wp\/v2\/media?parent=11054"}],"wp:term":[{"taxonomy":"category","embeddable":true,"href":"https:\/\/esbozodeportivo.com\/index.php\/wp-json\/wp\/v2\/categories?post=11054"},{"taxonomy":"post_tag","embeddable":true,"href":"https:\/\/esbozodeportivo.com\/index.php\/wp-json\/wp\/v2\/tags?post=11054"}],"curies":[{"name":"wp","href":"https:\/\/api.w.org\/{rel}","templated":true}]}}