{"id":11134,"date":"2025-11-10T22:55:17","date_gmt":"2025-11-11T04:55:17","guid":{"rendered":"https:\/\/esbozodeportivo.com\/?p=11134"},"modified":"2025-11-10T22:55:19","modified_gmt":"2025-11-11T04:55:19","slug":"despide-gigantes-al-coach-daboll","status":"publish","type":"post","link":"https:\/\/esbozodeportivo.com\/index.php\/2025\/11\/10\/despide-gigantes-al-coach-daboll\/","title":{"rendered":"Despide Gigantes al coach Daboll"},"content":{"rendered":"\n<p>(Foto: Agencias) <\/p>\n\n\n\n<p>Los Gigantes de Nueva York despidieron al entrenador Brian Daboll el lunes a mitad de su cuarta temporada despu\u00e9s de que cayeran a un r\u00e9cord de 2-8 con una derrota el domingo en Chicago.<\/p>\n\n\n\n<p>El coordinador ofensivo Mike Kafka fue nombrado entrenador interino. Los due\u00f1os y el gerente general Joe Schoen tomaron la decisi\u00f3n un d\u00eda despu\u00e9s de que los Giants desperdiciaran una ventaja tard\u00eda y perdieron 24-20 ante los Bears. Schoen y el coordinador defensivo Shane Bowen permanecieron en sus roles.<\/p>\n\n\n\n<p>Nueva York ha perdido cuatro partidos consecutivos desde que sorprendi\u00f3 al campe\u00f3n defensor del Super Bowl, Filadelfia, en casa en horario estelar a principios del mes pasad .<\/p>\n\n\n\n<p>Este es solo el tercer cambio de entrenador a mitad de temporada de los Giants desde la fusi\u00f3n AFL-NFL de 1970 y el primero desde 2017, cuando Ben McAdoo y el gerente general Jerry Reese fueron despedidos tras un inicio de 2-10.<\/p>\n\n\n\n<p>Daboll tuvo un r\u00e9cord de 20-40-1 en su primer trabajo como entrenador principal en la liga. Llev\u00f3 a los Giants a los playoffs en su primera temporada y fue nombrado entrenador del a\u00f1o, pero desde entonces ha tenido un r\u00e9cord de 11-33.<\/p>\n\n\n\n<p>Su porcentaje de victorias de .336 ocupa el puesto 154 de 166 entrenadores con m\u00e1s de 50 partidos desde 1970.<\/p>\n\n\n\n<p>El ex coordinador ofensivo de Buffalo hab\u00eda enfrentado una presi\u00f3n creciente sobre la seguridad de su trabajo en las \u00faltimas semanas y repetidamente asumi\u00f3 la responsabilidad por los problemas de los Giants.<\/p>\n\n\n\n<p>\u201cPones todo lo que tienes en ello\u201d, dijo Daboll. \u201cMiras las cosas que no est\u00e1n donde deben estar y tratas de arreglarlas. Ya sea cambiando cosas en el calendario, ya sea diferentes per\u00edodos de pr\u00e1ctica, ya sea cambiando peque\u00f1as partes del esquema, de nuevo, ah\u00ed es donde estamos. Estamos donde estamos\u201d.<\/p>\n\n\n\n<p>Kafka asume el cargo despu\u00e9s de otro giro de incertidumbre en una temporada perdida, tras la conmoci\u00f3n cerebral del mariscal de campo Jaxson Dart contra los Bears que oblig\u00f3 a Russell Wilson a volver a la acci\u00f3n. El compa\u00f1ero novato Cam Skattebo y el receptor n\u00famero 1 Malik Nabers ya estaban perdidos para la temporada debido a lesiones.<\/p>\n\n\n\n<p>El ex asistente de 38 a\u00f1os se uni\u00f3 a los Giants despu\u00e9s de trabajar bajo Andy Reid en m\u00faltiples capacidades desde 2017. Tiene experiencia en cuatro juegos y 16 pases de su tiempo con Filadelfia en 2011 despu\u00e9s de ser el mariscal de campo titular en Northwestern.<\/p>\n\n\n\n<p><\/p>\n","protected":false},"excerpt":{"rendered":"<p>(Foto: Agencias) Los Gigantes de Nueva York despidieron al entrenador Brian Daboll el lunes a<\/p>\n","protected":false},"author":4,"featured_media":11130,"comment_status":"closed","ping_status":"open","sticky":false,"template":"","format":"standard","meta":{"_jetpack_memberships_contains_paid_content":false,"footnotes":""},"categories":[6],"tags":[],"class_list":["post-11134","post","type-post","status-publish","format-standard","has-post-thumbnail","hentry","category-nfl"],"yoast_head":"<!-- This site is optimized with the Yoast SEO plugin v25.7 - https:\/\/yoast.com\/wordpress\/plugins\/seo\/ -->\n<title>Despide Gigantes al coach Daboll - Esbozo Deportivo<\/title>\n<meta name=\"description\" content=\"El coordinador ofensivo Mike Kafka fue nombrado entrenador interino. Los due\u00f1os y el gerente general Joe Schoen tomaron la decisi\u00f3n un d\u00eda despu\u00e9s de que los Giants desperdiciaran una ventaja tard\u00eda y perdieron 24-20 ante los Bears. Schoen y el coordinador defensivo Shane Bowen permanecieron en sus roles.\" \/>\n<meta name=\"robots\" content=\"index, follow, max-snippet:-1, max-image-preview:large, max-video-preview:-1\" \/>\n<link rel=\"canonical\" href=\"https:\/\/esbozodeportivo.com\/index.php\/2025\/11\/10\/despide-gigantes-al-coach-daboll\/\" \/>\n<meta property=\"og:locale\" content=\"es_MX\" \/>\n<meta property=\"og:type\" content=\"article\" \/>\n<meta property=\"og:title\" content=\"Despide Gigantes al coach Daboll - Esbozo Deportivo\" \/>\n<meta property=\"og:description\" content=\"El coordinador ofensivo Mike Kafka fue nombrado entrenador interino. Los due\u00f1os y el gerente general Joe Schoen tomaron la decisi\u00f3n un d\u00eda despu\u00e9s de que los Giants desperdiciaran una ventaja tard\u00eda y perdieron 24-20 ante los Bears. Schoen y el coordinador defensivo Shane Bowen permanecieron en sus roles.\" \/>\n<meta property=\"og:url\" content=\"https:\/\/esbozodeportivo.com\/index.php\/2025\/11\/10\/despide-gigantes-al-coach-daboll\/\" \/>\n<meta property=\"og:site_name\" content=\"Esbozo Deportivo\" \/>\n<meta property=\"article:published_time\" content=\"2025-11-11T04:55:17+00:00\" \/>\n<meta property=\"article:modified_time\" content=\"2025-11-11T04:55:19+00:00\" \/>\n<meta property=\"og:image\" content=\"https:\/\/esbozodeportivo.com\/wp-content\/uploads\/2025\/11\/NFL-3.jpg\" \/>\n\t<meta property=\"og:image:width\" content=\"980\" \/>\n\t<meta property=\"og:image:height\" content=\"653\" \/>\n\t<meta property=\"og:image:type\" content=\"image\/jpeg\" \/>\n<meta name=\"author\" content=\"Redacci\u00f3n\" \/>\n<meta name=\"twitter:card\" content=\"summary_large_image\" \/>\n<meta name=\"twitter:label1\" content=\"Escrito por\" \/>\n\t<meta name=\"twitter:data1\" content=\"Redacci\u00f3n\" \/>\n\t<meta name=\"twitter:label2\" content=\"Tiempo de lectura\" \/>\n\t<meta name=\"twitter:data2\" content=\"3 minutos\" \/>\n<script type=\"application\/ld+json\" class=\"yoast-schema-graph\">{\"@context\":\"https:\/\/schema.org\",\"@graph\":[{\"@type\":\"Article\",\"@id\":\"https:\/\/esbozodeportivo.com\/index.php\/2025\/11\/10\/despide-gigantes-al-coach-daboll\/#article\",\"isPartOf\":{\"@id\":\"https:\/\/esbozodeportivo.com\/index.php\/2025\/11\/10\/despide-gigantes-al-coach-daboll\/\"},\"author\":{\"name\":\"Redacci\u00f3n\",\"@id\":\"https:\/\/esbozodeportivo.com\/#\/schema\/person\/0f6df9196dfe6740dd0bb31bae50d374\"},\"headline\":\"Despide Gigantes al coach Daboll\",\"datePublished\":\"2025-11-11T04:55:17+00:00\",\"dateModified\":\"2025-11-11T04:55:19+00:00\",\"mainEntityOfPage\":{\"@id\":\"https:\/\/esbozodeportivo.com\/index.php\/2025\/11\/10\/despide-gigantes-al-coach-daboll\/\"},\"wordCount\":425,\"publisher\":{\"@id\":\"https:\/\/esbozodeportivo.com\/#organization\"},\"image\":{\"@id\":\"https:\/\/esbozodeportivo.com\/index.php\/2025\/11\/10\/despide-gigantes-al-coach-daboll\/#primaryimage\"},\"thumbnailUrl\":\"https:\/\/esbozodeportivo.com\/wp-content\/uploads\/2025\/11\/NFL-3.jpg\",\"articleSection\":[\"NFL\"],\"inLanguage\":\"es\"},{\"@type\":\"WebPage\",\"@id\":\"https:\/\/esbozodeportivo.com\/index.php\/2025\/11\/10\/despide-gigantes-al-coach-daboll\/\",\"url\":\"https:\/\/esbozodeportivo.com\/index.php\/2025\/11\/10\/despide-gigantes-al-coach-daboll\/\",\"name\":\"Despide Gigantes al coach Daboll - Esbozo Deportivo\",\"isPartOf\":{\"@id\":\"https:\/\/esbozodeportivo.com\/#website\"},\"primaryImageOfPage\":{\"@id\":\"https:\/\/esbozodeportivo.com\/index.php\/2025\/11\/10\/despide-gigantes-al-coach-daboll\/#primaryimage\"},\"image\":{\"@id\":\"https:\/\/esbozodeportivo.com\/index.php\/2025\/11\/10\/despide-gigantes-al-coach-daboll\/#primaryimage\"},\"thumbnailUrl\":\"https:\/\/esbozodeportivo.com\/wp-content\/uploads\/2025\/11\/NFL-3.jpg\",\"datePublished\":\"2025-11-11T04:55:17+00:00\",\"dateModified\":\"2025-11-11T04:55:19+00:00\",\"description\":\"El coordinador ofensivo Mike Kafka fue nombrado entrenador interino. Los due\u00f1os y el gerente general Joe Schoen tomaron la decisi\u00f3n un d\u00eda despu\u00e9s de que los Giants desperdiciaran una ventaja tard\u00eda y perdieron 24-20 ante los Bears. Schoen y el coordinador defensivo Shane Bowen permanecieron en sus roles.\",\"breadcrumb\":{\"@id\":\"https:\/\/esbozodeportivo.com\/index.php\/2025\/11\/10\/despide-gigantes-al-coach-daboll\/#breadcrumb\"},\"inLanguage\":\"es\",\"potentialAction\":[{\"@type\":\"ReadAction\",\"target\":[\"https:\/\/esbozodeportivo.com\/index.php\/2025\/11\/10\/despide-gigantes-al-coach-daboll\/\"]}]},{\"@type\":\"ImageObject\",\"inLanguage\":\"es\",\"@id\":\"https:\/\/esbozodeportivo.com\/index.php\/2025\/11\/10\/despide-gigantes-al-coach-daboll\/#primaryimage\",\"url\":\"https:\/\/esbozodeportivo.com\/wp-content\/uploads\/2025\/11\/NFL-3.jpg\",\"contentUrl\":\"https:\/\/esbozodeportivo.com\/wp-content\/uploads\/2025\/11\/NFL-3.jpg\",\"width\":980,\"height\":653},{\"@type\":\"BreadcrumbList\",\"@id\":\"https:\/\/esbozodeportivo.com\/index.php\/2025\/11\/10\/despide-gigantes-al-coach-daboll\/#breadcrumb\",\"itemListElement\":[{\"@type\":\"ListItem\",\"position\":1,\"name\":\"Inicio\",\"item\":\"https:\/\/esbozodeportivo.com\/\"},{\"@type\":\"ListItem\",\"position\":2,\"name\":\"Despide Gigantes al coach Daboll\"}]},{\"@type\":\"WebSite\",\"@id\":\"https:\/\/esbozodeportivo.com\/#website\",\"url\":\"https:\/\/esbozodeportivo.com\/\",\"name\":\"Esbozo Deportivo\",\"description\":\"Lo m\u00e1s importante del Deporte\",\"publisher\":{\"@id\":\"https:\/\/esbozodeportivo.com\/#organization\"},\"potentialAction\":[{\"@type\":\"SearchAction\",\"target\":{\"@type\":\"EntryPoint\",\"urlTemplate\":\"https:\/\/esbozodeportivo.com\/?s={search_term_string}\"},\"query-input\":{\"@type\":\"PropertyValueSpecification\",\"valueRequired\":true,\"valueName\":\"search_term_string\"}}],\"inLanguage\":\"es\"},{\"@type\":\"Organization\",\"@id\":\"https:\/\/esbozodeportivo.com\/#organization\",\"name\":\"Esbozo Deportivo\",\"url\":\"https:\/\/esbozodeportivo.com\/\",\"logo\":{\"@type\":\"ImageObject\",\"inLanguage\":\"es\",\"@id\":\"https:\/\/esbozodeportivo.com\/#\/schema\/logo\/image\/\",\"url\":\"https:\/\/esbozodeportivo.com\/wp-content\/uploads\/2022\/08\/cropped-Logo-Esbozo-Web-2.png\",\"contentUrl\":\"https:\/\/esbozodeportivo.com\/wp-content\/uploads\/2022\/08\/cropped-Logo-Esbozo-Web-2.png\",\"width\":180,\"height\":50,\"caption\":\"Esbozo Deportivo\"},\"image\":{\"@id\":\"https:\/\/esbozodeportivo.com\/#\/schema\/logo\/image\/\"}},{\"@type\":\"Person\",\"@id\":\"https:\/\/esbozodeportivo.com\/#\/schema\/person\/0f6df9196dfe6740dd0bb31bae50d374\",\"name\":\"Redacci\u00f3n\",\"image\":{\"@type\":\"ImageObject\",\"inLanguage\":\"es\",\"@id\":\"https:\/\/esbozodeportivo.com\/#\/schema\/person\/image\/\",\"url\":\"https:\/\/secure.gravatar.com\/avatar\/f55268a89c3b418f2ef172ff52ab0d09b3e653c58de29539fe329fb93d78ebf3?s=96&d=mm&r=g\",\"contentUrl\":\"https:\/\/secure.gravatar.com\/avatar\/f55268a89c3b418f2ef172ff52ab0d09b3e653c58de29539fe329fb93d78ebf3?s=96&d=mm&r=g\",\"caption\":\"Redacci\u00f3n\"},\"url\":\"https:\/\/esbozodeportivo.com\/index.php\/author\/redaccion\/\"}]}<\/script>\n<!-- \/ Yoast SEO plugin. -->","yoast_head_json":{"title":"Despide Gigantes al coach Daboll - Esbozo Deportivo","description":"El coordinador ofensivo Mike Kafka fue nombrado entrenador interino. Los due\u00f1os y el gerente general Joe Schoen tomaron la decisi\u00f3n un d\u00eda despu\u00e9s de que los Giants desperdiciaran una ventaja tard\u00eda y perdieron 24-20 ante los Bears. Schoen y el coordinador defensivo Shane Bowen permanecieron en sus roles.","robots":{"index":"index","follow":"follow","max-snippet":"max-snippet:-1","max-image-preview":"max-image-preview:large","max-video-preview":"max-video-preview:-1"},"canonical":"https:\/\/esbozodeportivo.com\/index.php\/2025\/11\/10\/despide-gigantes-al-coach-daboll\/","og_locale":"es_MX","og_type":"article","og_title":"Despide Gigantes al coach Daboll - Esbozo Deportivo","og_description":"El coordinador ofensivo Mike Kafka fue nombrado entrenador interino. Los due\u00f1os y el gerente general Joe Schoen tomaron la decisi\u00f3n un d\u00eda despu\u00e9s de que los Giants desperdiciaran una ventaja tard\u00eda y perdieron 24-20 ante los Bears. Schoen y el coordinador defensivo Shane Bowen permanecieron en sus roles.","og_url":"https:\/\/esbozodeportivo.com\/index.php\/2025\/11\/10\/despide-gigantes-al-coach-daboll\/","og_site_name":"Esbozo Deportivo","article_published_time":"2025-11-11T04:55:17+00:00","article_modified_time":"2025-11-11T04:55:19+00:00","og_image":[{"width":980,"height":653,"url":"https:\/\/esbozodeportivo.com\/wp-content\/uploads\/2025\/11\/NFL-3.jpg","type":"image\/jpeg"}],"author":"Redacci\u00f3n","twitter_card":"summary_large_image","twitter_misc":{"Escrito por":"Redacci\u00f3n","Tiempo de lectura":"3 minutos"},"schema":{"@context":"https:\/\/schema.org","@graph":[{"@type":"Article","@id":"https:\/\/esbozodeportivo.com\/index.php\/2025\/11\/10\/despide-gigantes-al-coach-daboll\/#article","isPartOf":{"@id":"https:\/\/esbozodeportivo.com\/index.php\/2025\/11\/10\/despide-gigantes-al-coach-daboll\/"},"author":{"name":"Redacci\u00f3n","@id":"https:\/\/esbozodeportivo.com\/#\/schema\/person\/0f6df9196dfe6740dd0bb31bae50d374"},"headline":"Despide Gigantes al coach Daboll","datePublished":"2025-11-11T04:55:17+00:00","dateModified":"2025-11-11T04:55:19+00:00","mainEntityOfPage":{"@id":"https:\/\/esbozodeportivo.com\/index.php\/2025\/11\/10\/despide-gigantes-al-coach-daboll\/"},"wordCount":425,"publisher":{"@id":"https:\/\/esbozodeportivo.com\/#organization"},"image":{"@id":"https:\/\/esbozodeportivo.com\/index.php\/2025\/11\/10\/despide-gigantes-al-coach-daboll\/#primaryimage"},"thumbnailUrl":"https:\/\/esbozodeportivo.com\/wp-content\/uploads\/2025\/11\/NFL-3.jpg","articleSection":["NFL"],"inLanguage":"es"},{"@type":"WebPage","@id":"https:\/\/esbozodeportivo.com\/index.php\/2025\/11\/10\/despide-gigantes-al-coach-daboll\/","url":"https:\/\/esbozodeportivo.com\/index.php\/2025\/11\/10\/despide-gigantes-al-coach-daboll\/","name":"Despide Gigantes al coach Daboll - Esbozo Deportivo","isPartOf":{"@id":"https:\/\/esbozodeportivo.com\/#website"},"primaryImageOfPage":{"@id":"https:\/\/esbozodeportivo.com\/index.php\/2025\/11\/10\/despide-gigantes-al-coach-daboll\/#primaryimage"},"image":{"@id":"https:\/\/esbozodeportivo.com\/index.php\/2025\/11\/10\/despide-gigantes-al-coach-daboll\/#primaryimage"},"thumbnailUrl":"https:\/\/esbozodeportivo.com\/wp-content\/uploads\/2025\/11\/NFL-3.jpg","datePublished":"2025-11-11T04:55:17+00:00","dateModified":"2025-11-11T04:55:19+00:00","description":"El coordinador ofensivo Mike Kafka fue nombrado entrenador interino. Los due\u00f1os y el gerente general Joe Schoen tomaron la decisi\u00f3n un d\u00eda despu\u00e9s de que los Giants desperdiciaran una ventaja tard\u00eda y perdieron 24-20 ante los Bears. Schoen y el coordinador defensivo Shane Bowen permanecieron en sus roles.","breadcrumb":{"@id":"https:\/\/esbozodeportivo.com\/index.php\/2025\/11\/10\/despide-gigantes-al-coach-daboll\/#breadcrumb"},"inLanguage":"es","potentialAction":[{"@type":"ReadAction","target":["https:\/\/esbozodeportivo.com\/index.php\/2025\/11\/10\/despide-gigantes-al-coach-daboll\/"]}]},{"@type":"ImageObject","inLanguage":"es","@id":"https:\/\/esbozodeportivo.com\/index.php\/2025\/11\/10\/despide-gigantes-al-coach-daboll\/#primaryimage","url":"https:\/\/esbozodeportivo.com\/wp-content\/uploads\/2025\/11\/NFL-3.jpg","contentUrl":"https:\/\/esbozodeportivo.com\/wp-content\/uploads\/2025\/11\/NFL-3.jpg","width":980,"height":653},{"@type":"BreadcrumbList","@id":"https:\/\/esbozodeportivo.com\/index.php\/2025\/11\/10\/despide-gigantes-al-coach-daboll\/#breadcrumb","itemListElement":[{"@type":"ListItem","position":1,"name":"Inicio","item":"https:\/\/esbozodeportivo.com\/"},{"@type":"ListItem","position":2,"name":"Despide Gigantes al coach Daboll"}]},{"@type":"WebSite","@id":"https:\/\/esbozodeportivo.com\/#website","url":"https:\/\/esbozodeportivo.com\/","name":"Esbozo Deportivo","description":"Lo m\u00e1s importante del Deporte","publisher":{"@id":"https:\/\/esbozodeportivo.com\/#organization"},"potentialAction":[{"@type":"SearchAction","target":{"@type":"EntryPoint","urlTemplate":"https:\/\/esbozodeportivo.com\/?s={search_term_string}"},"query-input":{"@type":"PropertyValueSpecification","valueRequired":true,"valueName":"search_term_string"}}],"inLanguage":"es"},{"@type":"Organization","@id":"https:\/\/esbozodeportivo.com\/#organization","name":"Esbozo Deportivo","url":"https:\/\/esbozodeportivo.com\/","logo":{"@type":"ImageObject","inLanguage":"es","@id":"https:\/\/esbozodeportivo.com\/#\/schema\/logo\/image\/","url":"https:\/\/esbozodeportivo.com\/wp-content\/uploads\/2022\/08\/cropped-Logo-Esbozo-Web-2.png","contentUrl":"https:\/\/esbozodeportivo.com\/wp-content\/uploads\/2022\/08\/cropped-Logo-Esbozo-Web-2.png","width":180,"height":50,"caption":"Esbozo Deportivo"},"image":{"@id":"https:\/\/esbozodeportivo.com\/#\/schema\/logo\/image\/"}},{"@type":"Person","@id":"https:\/\/esbozodeportivo.com\/#\/schema\/person\/0f6df9196dfe6740dd0bb31bae50d374","name":"Redacci\u00f3n","image":{"@type":"ImageObject","inLanguage":"es","@id":"https:\/\/esbozodeportivo.com\/#\/schema\/person\/image\/","url":"https:\/\/secure.gravatar.com\/avatar\/f55268a89c3b418f2ef172ff52ab0d09b3e653c58de29539fe329fb93d78ebf3?s=96&d=mm&r=g","contentUrl":"https:\/\/secure.gravatar.com\/avatar\/f55268a89c3b418f2ef172ff52ab0d09b3e653c58de29539fe329fb93d78ebf3?s=96&d=mm&r=g","caption":"Redacci\u00f3n"},"url":"https:\/\/esbozodeportivo.com\/index.php\/author\/redaccion\/"}]}},"jetpack_featured_media_url":"https:\/\/esbozodeportivo.com\/wp-content\/uploads\/2025\/11\/NFL-3.jpg","jetpack_sharing_enabled":true,"_links":{"self":[{"href":"https:\/\/esbozodeportivo.com\/index.php\/wp-json\/wp\/v2\/posts\/11134","targetHints":{"allow":["GET"]}}],"collection":[{"href":"https:\/\/esbozodeportivo.com\/index.php\/wp-json\/wp\/v2\/posts"}],"about":[{"href":"https:\/\/esbozodeportivo.com\/index.php\/wp-json\/wp\/v2\/types\/post"}],"author":[{"embeddable":true,"href":"https:\/\/esbozodeportivo.com\/index.php\/wp-json\/wp\/v2\/users\/4"}],"replies":[{"embeddable":true,"href":"https:\/\/esbozodeportivo.com\/index.php\/wp-json\/wp\/v2\/comments?post=11134"}],"version-history":[{"count":1,"href":"https:\/\/esbozodeportivo.com\/index.php\/wp-json\/wp\/v2\/posts\/11134\/revisions"}],"predecessor-version":[{"id":11135,"href":"https:\/\/esbozodeportivo.com\/index.php\/wp-json\/wp\/v2\/posts\/11134\/revisions\/11135"}],"wp:featuredmedia":[{"embeddable":true,"href":"https:\/\/esbozodeportivo.com\/index.php\/wp-json\/wp\/v2\/media\/11130"}],"wp:attachment":[{"href":"https:\/\/esbozodeportivo.com\/index.php\/wp-json\/wp\/v2\/media?parent=11134"}],"wp:term":[{"taxonomy":"category","embeddable":true,"href":"https:\/\/esbozodeportivo.com\/index.php\/wp-json\/wp\/v2\/categories?post=11134"},{"taxonomy":"post_tag","embeddable":true,"href":"https:\/\/esbozodeportivo.com\/index.php\/wp-json\/wp\/v2\/tags?post=11134"}],"curies":[{"name":"wp","href":"https:\/\/api.w.org\/{rel}","templated":true}]}}