{"id":11136,"date":"2025-11-10T22:59:50","date_gmt":"2025-11-11T04:59:50","guid":{"rendered":"https:\/\/esbozodeportivo.com\/?p=11136"},"modified":"2025-11-10T22:59:52","modified_gmt":"2025-11-11T04:59:52","slug":"mexico-listo-para-el-mundial-sheinbaum","status":"publish","type":"post","link":"https:\/\/esbozodeportivo.com\/index.php\/2025\/11\/10\/mexico-listo-para-el-mundial-sheinbaum\/","title":{"rendered":"M\u00e9xico, listo para el Mundial: Sheinbaum"},"content":{"rendered":"\n<p>(Foto: Agencias) <\/p>\n\n\n\n<p>Las obras de infraestructura federales que el gobierno lleva a cabo para la Copa Mundial de 2026 estar\u00e1n terminadas a tiempo para el inicio del torneo el pr\u00f3ximo 11 de junio, inform\u00f3 el lunes la presidenta mexicana Claudia Sheinbaum.<\/p>\n\n\n\n<p>Entre esas obras se encuentran la remodelaci\u00f3n de las dos terminales del aeropuerto internacional Benito Ju\u00e1rez, adem\u00e1s de la construcci\u00f3n de un tren que conectar\u00e1 el aeropuerto Felipe \u00c1ngeles, localizado en el poblado de Santa Luc\u00eda, a casi 50 kil\u00f3metros de la Ciudad de M\u00e9xico.<\/p>\n\n\n\n<p>El Mundial del pr\u00f3ximo a\u00f1o ser\u00e1 organizada por Estados Unidos, Canad\u00e1 y M\u00e9xico, que recibir\u00e1 13 encuentros, cinco de ellos en la capital. Guadalajara y Monterrey, ser\u00e1n otras sedes en el pa\u00eds que recibir\u00e1n el resto de los partidos.<\/p>\n\n\n\n<p>De acuerdo con la mandataria, en la remodelaci\u00f3n del aeropuerto capitalino el gobierno federal invertir\u00e1 el equivalente de 489 millones de d\u00f3lares.<\/p>\n\n\n\n<p>\u201cEs un momento no solamente de ver el mejor f\u00fatbol, sino tambi\u00e9n es un momento para compartirle al mundo lo que somos, lo que es M\u00e9xico, no solamente un pa\u00eds de una enorme grandeza cultural, sino tambi\u00e9n un momento hist\u00f3rico que vive en nuestro pa\u00eds\u201d dijo Sheinbaum en una conferencia de prensa.<\/p>\n\n\n\n<p>Sheinbaum dijo que adem\u00e1s de eso se realizar\u00e1n otras obras con aporte del gobierno federal en la ciudad norte\u00f1a de Monterrey y Guadalajara en el occidente. Pero dijo que los detalles los dar\u00edan a conocer la pr\u00f3xima semana.<\/p>\n\n\n\n<p>El ic\u00f3nico estadio Azteca, que ser\u00e1 el primer escenario en la historia en recibir tres inauguraciones de la Copa del Mundo, est\u00e1 cerrado y est\u00e1 siendo remodelado desde el a\u00f1o pasado, pero la inversi\u00f3n la est\u00e1 realizando una empresa particular.<\/p>\n\n\n\n<p>Sheinbaum tambi\u00e9n dijo que el pa\u00eds espera la visita de 5,5 millones de visitantes adicionales en las tres sedes.<\/p>\n\n\n\n<p>\u201cSer\u00e1 un momento muy especial con una derrama econ\u00f3mica muy importante, pero vamos a estar listos en unos meses\u201d, dijo Sheinbaum. \u201cM\u00e9xico est\u00e1 listo para recibir el Mundial\u201d.<\/p>\n\n\n\n<p>Aunque ser\u00e1 un momento hist\u00f3rico, la presidenta Sheinbaum confirm\u00f3 que no asistir\u00e1 al partido inaugural de la Copa del Mundo.<\/p>\n\n\n\n<p>La mandataria dijo que la organizaci\u00f3n le otorg\u00f3 el boleto para asistir, pero lo sortear\u00e1 para una mujer que ame el deporte.<\/p>\n\n\n\n<p>\u201cLe voy a dar mi boleto a una ni\u00f1a, una joven que no tiene la oportunidad de ir a ver la inauguraci\u00f3n y que sea una amante del f\u00fatbol\u201d, dijo la presidenta.<\/p>\n\n\n\n<p>Sheinbaum agreg\u00f3 que m\u00e1s adelante definir\u00e1n el sistema para elegir a la ganadora.<\/p>\n\n\n\n<p>\u201cSe lo voy a regalar a una ni\u00f1a para que pueda so\u00f1ar con el f\u00fatbol,\u201d concluy\u00f3.<\/p>\n\n\n\n<p><\/p>\n","protected":false},"excerpt":{"rendered":"<p>(Foto: Agencias) Las obras de infraestructura federales que el gobierno lleva a cabo para la<\/p>\n","protected":false},"author":4,"featured_media":11129,"comment_status":"closed","ping_status":"open","sticky":false,"template":"","format":"standard","meta":{"_jetpack_memberships_contains_paid_content":false,"footnotes":""},"categories":[71],"tags":[],"class_list":["post-11136","post","type-post","status-publish","format-standard","has-post-thumbnail","hentry","category-mundial-2026"],"yoast_head":"<!-- This site is optimized with the Yoast SEO plugin v25.7 - https:\/\/yoast.com\/wordpress\/plugins\/seo\/ -->\n<title>M\u00e9xico, listo para el Mundial: Sheinbaum - Esbozo Deportivo<\/title>\n<meta name=\"description\" content=\"Las obras de infraestructura federales que el gobierno lleva a cabo para la Copa Mundial de 2026 estar\u00e1n terminadas a tiempo para el inicio del torneo el pr\u00f3ximo 11 de junio, inform\u00f3 el lunes la presidenta mexicana Claudia Sheinbaum.\" \/>\n<meta name=\"robots\" content=\"index, follow, max-snippet:-1, max-image-preview:large, max-video-preview:-1\" \/>\n<link rel=\"canonical\" href=\"https:\/\/esbozodeportivo.com\/index.php\/2025\/11\/10\/mexico-listo-para-el-mundial-sheinbaum\/\" \/>\n<meta property=\"og:locale\" content=\"es_MX\" \/>\n<meta property=\"og:type\" content=\"article\" \/>\n<meta property=\"og:title\" content=\"M\u00e9xico, listo para el Mundial: Sheinbaum - Esbozo Deportivo\" \/>\n<meta property=\"og:description\" content=\"Las obras de infraestructura federales que el gobierno lleva a cabo para la Copa Mundial de 2026 estar\u00e1n terminadas a tiempo para el inicio del torneo el pr\u00f3ximo 11 de junio, inform\u00f3 el lunes la presidenta mexicana Claudia Sheinbaum.\" \/>\n<meta property=\"og:url\" content=\"https:\/\/esbozodeportivo.com\/index.php\/2025\/11\/10\/mexico-listo-para-el-mundial-sheinbaum\/\" \/>\n<meta property=\"og:site_name\" content=\"Esbozo Deportivo\" \/>\n<meta property=\"article:published_time\" content=\"2025-11-11T04:59:50+00:00\" \/>\n<meta property=\"article:modified_time\" content=\"2025-11-11T04:59:52+00:00\" \/>\n<meta property=\"og:image\" content=\"https:\/\/esbozodeportivo.com\/wp-content\/uploads\/2025\/11\/Munsial.jpg\" \/>\n\t<meta property=\"og:image:width\" content=\"980\" \/>\n\t<meta property=\"og:image:height\" content=\"653\" \/>\n\t<meta property=\"og:image:type\" content=\"image\/jpeg\" \/>\n<meta name=\"author\" content=\"Redacci\u00f3n\" \/>\n<meta name=\"twitter:card\" content=\"summary_large_image\" \/>\n<meta name=\"twitter:label1\" content=\"Escrito por\" \/>\n\t<meta name=\"twitter:data1\" content=\"Redacci\u00f3n\" \/>\n\t<meta name=\"twitter:label2\" content=\"Tiempo de lectura\" \/>\n\t<meta name=\"twitter:data2\" content=\"3 minutos\" \/>\n<script type=\"application\/ld+json\" class=\"yoast-schema-graph\">{\"@context\":\"https:\/\/schema.org\",\"@graph\":[{\"@type\":\"Article\",\"@id\":\"https:\/\/esbozodeportivo.com\/index.php\/2025\/11\/10\/mexico-listo-para-el-mundial-sheinbaum\/#article\",\"isPartOf\":{\"@id\":\"https:\/\/esbozodeportivo.com\/index.php\/2025\/11\/10\/mexico-listo-para-el-mundial-sheinbaum\/\"},\"author\":{\"name\":\"Redacci\u00f3n\",\"@id\":\"https:\/\/esbozodeportivo.com\/#\/schema\/person\/0f6df9196dfe6740dd0bb31bae50d374\"},\"headline\":\"M\u00e9xico, listo para el Mundial: Sheinbaum\",\"datePublished\":\"2025-11-11T04:59:50+00:00\",\"dateModified\":\"2025-11-11T04:59:52+00:00\",\"mainEntityOfPage\":{\"@id\":\"https:\/\/esbozodeportivo.com\/index.php\/2025\/11\/10\/mexico-listo-para-el-mundial-sheinbaum\/\"},\"wordCount\":474,\"publisher\":{\"@id\":\"https:\/\/esbozodeportivo.com\/#organization\"},\"image\":{\"@id\":\"https:\/\/esbozodeportivo.com\/index.php\/2025\/11\/10\/mexico-listo-para-el-mundial-sheinbaum\/#primaryimage\"},\"thumbnailUrl\":\"https:\/\/esbozodeportivo.com\/wp-content\/uploads\/2025\/11\/Munsial.jpg\",\"articleSection\":[\"Mundial 2026\"],\"inLanguage\":\"es\"},{\"@type\":\"WebPage\",\"@id\":\"https:\/\/esbozodeportivo.com\/index.php\/2025\/11\/10\/mexico-listo-para-el-mundial-sheinbaum\/\",\"url\":\"https:\/\/esbozodeportivo.com\/index.php\/2025\/11\/10\/mexico-listo-para-el-mundial-sheinbaum\/\",\"name\":\"M\u00e9xico, listo para el Mundial: Sheinbaum - Esbozo Deportivo\",\"isPartOf\":{\"@id\":\"https:\/\/esbozodeportivo.com\/#website\"},\"primaryImageOfPage\":{\"@id\":\"https:\/\/esbozodeportivo.com\/index.php\/2025\/11\/10\/mexico-listo-para-el-mundial-sheinbaum\/#primaryimage\"},\"image\":{\"@id\":\"https:\/\/esbozodeportivo.com\/index.php\/2025\/11\/10\/mexico-listo-para-el-mundial-sheinbaum\/#primaryimage\"},\"thumbnailUrl\":\"https:\/\/esbozodeportivo.com\/wp-content\/uploads\/2025\/11\/Munsial.jpg\",\"datePublished\":\"2025-11-11T04:59:50+00:00\",\"dateModified\":\"2025-11-11T04:59:52+00:00\",\"description\":\"Las obras de infraestructura federales que el gobierno lleva a cabo para la Copa Mundial de 2026 estar\u00e1n terminadas a tiempo para el inicio del torneo el pr\u00f3ximo 11 de junio, inform\u00f3 el lunes la presidenta mexicana Claudia Sheinbaum.\",\"breadcrumb\":{\"@id\":\"https:\/\/esbozodeportivo.com\/index.php\/2025\/11\/10\/mexico-listo-para-el-mundial-sheinbaum\/#breadcrumb\"},\"inLanguage\":\"es\",\"potentialAction\":[{\"@type\":\"ReadAction\",\"target\":[\"https:\/\/esbozodeportivo.com\/index.php\/2025\/11\/10\/mexico-listo-para-el-mundial-sheinbaum\/\"]}]},{\"@type\":\"ImageObject\",\"inLanguage\":\"es\",\"@id\":\"https:\/\/esbozodeportivo.com\/index.php\/2025\/11\/10\/mexico-listo-para-el-mundial-sheinbaum\/#primaryimage\",\"url\":\"https:\/\/esbozodeportivo.com\/wp-content\/uploads\/2025\/11\/Munsial.jpg\",\"contentUrl\":\"https:\/\/esbozodeportivo.com\/wp-content\/uploads\/2025\/11\/Munsial.jpg\",\"width\":980,\"height\":653},{\"@type\":\"BreadcrumbList\",\"@id\":\"https:\/\/esbozodeportivo.com\/index.php\/2025\/11\/10\/mexico-listo-para-el-mundial-sheinbaum\/#breadcrumb\",\"itemListElement\":[{\"@type\":\"ListItem\",\"position\":1,\"name\":\"Inicio\",\"item\":\"https:\/\/esbozodeportivo.com\/\"},{\"@type\":\"ListItem\",\"position\":2,\"name\":\"M\u00e9xico, listo para el Mundial: Sheinbaum\"}]},{\"@type\":\"WebSite\",\"@id\":\"https:\/\/esbozodeportivo.com\/#website\",\"url\":\"https:\/\/esbozodeportivo.com\/\",\"name\":\"Esbozo Deportivo\",\"description\":\"Lo m\u00e1s importante del Deporte\",\"publisher\":{\"@id\":\"https:\/\/esbozodeportivo.com\/#organization\"},\"potentialAction\":[{\"@type\":\"SearchAction\",\"target\":{\"@type\":\"EntryPoint\",\"urlTemplate\":\"https:\/\/esbozodeportivo.com\/?s={search_term_string}\"},\"query-input\":{\"@type\":\"PropertyValueSpecification\",\"valueRequired\":true,\"valueName\":\"search_term_string\"}}],\"inLanguage\":\"es\"},{\"@type\":\"Organization\",\"@id\":\"https:\/\/esbozodeportivo.com\/#organization\",\"name\":\"Esbozo Deportivo\",\"url\":\"https:\/\/esbozodeportivo.com\/\",\"logo\":{\"@type\":\"ImageObject\",\"inLanguage\":\"es\",\"@id\":\"https:\/\/esbozodeportivo.com\/#\/schema\/logo\/image\/\",\"url\":\"https:\/\/esbozodeportivo.com\/wp-content\/uploads\/2022\/08\/cropped-Logo-Esbozo-Web-2.png\",\"contentUrl\":\"https:\/\/esbozodeportivo.com\/wp-content\/uploads\/2022\/08\/cropped-Logo-Esbozo-Web-2.png\",\"width\":180,\"height\":50,\"caption\":\"Esbozo Deportivo\"},\"image\":{\"@id\":\"https:\/\/esbozodeportivo.com\/#\/schema\/logo\/image\/\"}},{\"@type\":\"Person\",\"@id\":\"https:\/\/esbozodeportivo.com\/#\/schema\/person\/0f6df9196dfe6740dd0bb31bae50d374\",\"name\":\"Redacci\u00f3n\",\"image\":{\"@type\":\"ImageObject\",\"inLanguage\":\"es\",\"@id\":\"https:\/\/esbozodeportivo.com\/#\/schema\/person\/image\/\",\"url\":\"https:\/\/secure.gravatar.com\/avatar\/f55268a89c3b418f2ef172ff52ab0d09b3e653c58de29539fe329fb93d78ebf3?s=96&d=mm&r=g\",\"contentUrl\":\"https:\/\/secure.gravatar.com\/avatar\/f55268a89c3b418f2ef172ff52ab0d09b3e653c58de29539fe329fb93d78ebf3?s=96&d=mm&r=g\",\"caption\":\"Redacci\u00f3n\"},\"url\":\"https:\/\/esbozodeportivo.com\/index.php\/author\/redaccion\/\"}]}<\/script>\n<!-- \/ Yoast SEO plugin. -->","yoast_head_json":{"title":"M\u00e9xico, listo para el Mundial: Sheinbaum - Esbozo Deportivo","description":"Las obras de infraestructura federales que el gobierno lleva a cabo para la Copa Mundial de 2026 estar\u00e1n terminadas a tiempo para el inicio del torneo el pr\u00f3ximo 11 de junio, inform\u00f3 el lunes la presidenta mexicana Claudia Sheinbaum.","robots":{"index":"index","follow":"follow","max-snippet":"max-snippet:-1","max-image-preview":"max-image-preview:large","max-video-preview":"max-video-preview:-1"},"canonical":"https:\/\/esbozodeportivo.com\/index.php\/2025\/11\/10\/mexico-listo-para-el-mundial-sheinbaum\/","og_locale":"es_MX","og_type":"article","og_title":"M\u00e9xico, listo para el Mundial: Sheinbaum - Esbozo Deportivo","og_description":"Las obras de infraestructura federales que el gobierno lleva a cabo para la Copa Mundial de 2026 estar\u00e1n terminadas a tiempo para el inicio del torneo el pr\u00f3ximo 11 de junio, inform\u00f3 el lunes la presidenta mexicana Claudia Sheinbaum.","og_url":"https:\/\/esbozodeportivo.com\/index.php\/2025\/11\/10\/mexico-listo-para-el-mundial-sheinbaum\/","og_site_name":"Esbozo Deportivo","article_published_time":"2025-11-11T04:59:50+00:00","article_modified_time":"2025-11-11T04:59:52+00:00","og_image":[{"width":980,"height":653,"url":"https:\/\/esbozodeportivo.com\/wp-content\/uploads\/2025\/11\/Munsial.jpg","type":"image\/jpeg"}],"author":"Redacci\u00f3n","twitter_card":"summary_large_image","twitter_misc":{"Escrito por":"Redacci\u00f3n","Tiempo de lectura":"3 minutos"},"schema":{"@context":"https:\/\/schema.org","@graph":[{"@type":"Article","@id":"https:\/\/esbozodeportivo.com\/index.php\/2025\/11\/10\/mexico-listo-para-el-mundial-sheinbaum\/#article","isPartOf":{"@id":"https:\/\/esbozodeportivo.com\/index.php\/2025\/11\/10\/mexico-listo-para-el-mundial-sheinbaum\/"},"author":{"name":"Redacci\u00f3n","@id":"https:\/\/esbozodeportivo.com\/#\/schema\/person\/0f6df9196dfe6740dd0bb31bae50d374"},"headline":"M\u00e9xico, listo para el Mundial: Sheinbaum","datePublished":"2025-11-11T04:59:50+00:00","dateModified":"2025-11-11T04:59:52+00:00","mainEntityOfPage":{"@id":"https:\/\/esbozodeportivo.com\/index.php\/2025\/11\/10\/mexico-listo-para-el-mundial-sheinbaum\/"},"wordCount":474,"publisher":{"@id":"https:\/\/esbozodeportivo.com\/#organization"},"image":{"@id":"https:\/\/esbozodeportivo.com\/index.php\/2025\/11\/10\/mexico-listo-para-el-mundial-sheinbaum\/#primaryimage"},"thumbnailUrl":"https:\/\/esbozodeportivo.com\/wp-content\/uploads\/2025\/11\/Munsial.jpg","articleSection":["Mundial 2026"],"inLanguage":"es"},{"@type":"WebPage","@id":"https:\/\/esbozodeportivo.com\/index.php\/2025\/11\/10\/mexico-listo-para-el-mundial-sheinbaum\/","url":"https:\/\/esbozodeportivo.com\/index.php\/2025\/11\/10\/mexico-listo-para-el-mundial-sheinbaum\/","name":"M\u00e9xico, listo para el Mundial: Sheinbaum - Esbozo Deportivo","isPartOf":{"@id":"https:\/\/esbozodeportivo.com\/#website"},"primaryImageOfPage":{"@id":"https:\/\/esbozodeportivo.com\/index.php\/2025\/11\/10\/mexico-listo-para-el-mundial-sheinbaum\/#primaryimage"},"image":{"@id":"https:\/\/esbozodeportivo.com\/index.php\/2025\/11\/10\/mexico-listo-para-el-mundial-sheinbaum\/#primaryimage"},"thumbnailUrl":"https:\/\/esbozodeportivo.com\/wp-content\/uploads\/2025\/11\/Munsial.jpg","datePublished":"2025-11-11T04:59:50+00:00","dateModified":"2025-11-11T04:59:52+00:00","description":"Las obras de infraestructura federales que el gobierno lleva a cabo para la Copa Mundial de 2026 estar\u00e1n terminadas a tiempo para el inicio del torneo el pr\u00f3ximo 11 de junio, inform\u00f3 el lunes la presidenta mexicana Claudia Sheinbaum.","breadcrumb":{"@id":"https:\/\/esbozodeportivo.com\/index.php\/2025\/11\/10\/mexico-listo-para-el-mundial-sheinbaum\/#breadcrumb"},"inLanguage":"es","potentialAction":[{"@type":"ReadAction","target":["https:\/\/esbozodeportivo.com\/index.php\/2025\/11\/10\/mexico-listo-para-el-mundial-sheinbaum\/"]}]},{"@type":"ImageObject","inLanguage":"es","@id":"https:\/\/esbozodeportivo.com\/index.php\/2025\/11\/10\/mexico-listo-para-el-mundial-sheinbaum\/#primaryimage","url":"https:\/\/esbozodeportivo.com\/wp-content\/uploads\/2025\/11\/Munsial.jpg","contentUrl":"https:\/\/esbozodeportivo.com\/wp-content\/uploads\/2025\/11\/Munsial.jpg","width":980,"height":653},{"@type":"BreadcrumbList","@id":"https:\/\/esbozodeportivo.com\/index.php\/2025\/11\/10\/mexico-listo-para-el-mundial-sheinbaum\/#breadcrumb","itemListElement":[{"@type":"ListItem","position":1,"name":"Inicio","item":"https:\/\/esbozodeportivo.com\/"},{"@type":"ListItem","position":2,"name":"M\u00e9xico, listo para el Mundial: Sheinbaum"}]},{"@type":"WebSite","@id":"https:\/\/esbozodeportivo.com\/#website","url":"https:\/\/esbozodeportivo.com\/","name":"Esbozo Deportivo","description":"Lo m\u00e1s importante del Deporte","publisher":{"@id":"https:\/\/esbozodeportivo.com\/#organization"},"potentialAction":[{"@type":"SearchAction","target":{"@type":"EntryPoint","urlTemplate":"https:\/\/esbozodeportivo.com\/?s={search_term_string}"},"query-input":{"@type":"PropertyValueSpecification","valueRequired":true,"valueName":"search_term_string"}}],"inLanguage":"es"},{"@type":"Organization","@id":"https:\/\/esbozodeportivo.com\/#organization","name":"Esbozo Deportivo","url":"https:\/\/esbozodeportivo.com\/","logo":{"@type":"ImageObject","inLanguage":"es","@id":"https:\/\/esbozodeportivo.com\/#\/schema\/logo\/image\/","url":"https:\/\/esbozodeportivo.com\/wp-content\/uploads\/2022\/08\/cropped-Logo-Esbozo-Web-2.png","contentUrl":"https:\/\/esbozodeportivo.com\/wp-content\/uploads\/2022\/08\/cropped-Logo-Esbozo-Web-2.png","width":180,"height":50,"caption":"Esbozo Deportivo"},"image":{"@id":"https:\/\/esbozodeportivo.com\/#\/schema\/logo\/image\/"}},{"@type":"Person","@id":"https:\/\/esbozodeportivo.com\/#\/schema\/person\/0f6df9196dfe6740dd0bb31bae50d374","name":"Redacci\u00f3n","image":{"@type":"ImageObject","inLanguage":"es","@id":"https:\/\/esbozodeportivo.com\/#\/schema\/person\/image\/","url":"https:\/\/secure.gravatar.com\/avatar\/f55268a89c3b418f2ef172ff52ab0d09b3e653c58de29539fe329fb93d78ebf3?s=96&d=mm&r=g","contentUrl":"https:\/\/secure.gravatar.com\/avatar\/f55268a89c3b418f2ef172ff52ab0d09b3e653c58de29539fe329fb93d78ebf3?s=96&d=mm&r=g","caption":"Redacci\u00f3n"},"url":"https:\/\/esbozodeportivo.com\/index.php\/author\/redaccion\/"}]}},"jetpack_featured_media_url":"https:\/\/esbozodeportivo.com\/wp-content\/uploads\/2025\/11\/Munsial.jpg","jetpack_sharing_enabled":true,"_links":{"self":[{"href":"https:\/\/esbozodeportivo.com\/index.php\/wp-json\/wp\/v2\/posts\/11136","targetHints":{"allow":["GET"]}}],"collection":[{"href":"https:\/\/esbozodeportivo.com\/index.php\/wp-json\/wp\/v2\/posts"}],"about":[{"href":"https:\/\/esbozodeportivo.com\/index.php\/wp-json\/wp\/v2\/types\/post"}],"author":[{"embeddable":true,"href":"https:\/\/esbozodeportivo.com\/index.php\/wp-json\/wp\/v2\/users\/4"}],"replies":[{"embeddable":true,"href":"https:\/\/esbozodeportivo.com\/index.php\/wp-json\/wp\/v2\/comments?post=11136"}],"version-history":[{"count":1,"href":"https:\/\/esbozodeportivo.com\/index.php\/wp-json\/wp\/v2\/posts\/11136\/revisions"}],"predecessor-version":[{"id":11137,"href":"https:\/\/esbozodeportivo.com\/index.php\/wp-json\/wp\/v2\/posts\/11136\/revisions\/11137"}],"wp:featuredmedia":[{"embeddable":true,"href":"https:\/\/esbozodeportivo.com\/index.php\/wp-json\/wp\/v2\/media\/11129"}],"wp:attachment":[{"href":"https:\/\/esbozodeportivo.com\/index.php\/wp-json\/wp\/v2\/media?parent=11136"}],"wp:term":[{"taxonomy":"category","embeddable":true,"href":"https:\/\/esbozodeportivo.com\/index.php\/wp-json\/wp\/v2\/categories?post=11136"},{"taxonomy":"post_tag","embeddable":true,"href":"https:\/\/esbozodeportivo.com\/index.php\/wp-json\/wp\/v2\/tags?post=11136"}],"curies":[{"name":"wp","href":"https:\/\/api.w.org\/{rel}","templated":true}]}}