{"id":11148,"date":"2025-11-11T02:18:57","date_gmt":"2025-11-11T08:18:57","guid":{"rendered":"https:\/\/esbozodeportivo.com\/?p=11148"},"modified":"2025-11-11T02:18:58","modified_gmt":"2025-11-11T08:18:58","slug":"quedo-inaugurada-la-fiesta-del-deporte-de-la-clase-trabajadora","status":"publish","type":"post","link":"https:\/\/esbozodeportivo.com\/index.php\/2025\/11\/11\/quedo-inaugurada-la-fiesta-del-deporte-de-la-clase-trabajadora\/","title":{"rendered":"Qued\u00f3 inaugurada la fiesta del deporte de la clase trabajadora!"},"content":{"rendered":"\n<p>Oaxtepec, Morelos Con gran entusiasmo y un ambiente lleno de energ\u00eda, se llev\u00f3 a cabo la Ceremonia de Inauguraci\u00f3n de los 53\u00ba Juegos Nacionales Deportivos y Recreativos de los Trabajadores 2025, en el Centro Vacacional IMSS Oaxtepec, Morelos.<\/p>\n\n\n\n<p>Organizados por el Congreso del Trabajo y el Instituto del Deporte de los Trabajadores (INDET), en coordinaci\u00f3n con la CONADE, este magno evento re\u00fane a m\u00e1s de 2,200 participantes de todo el pa\u00eds \u2014trabajadores sindicalizados y no sindicalizados\u2014 que compiten en distintas disciplinas con un mismo objetivo: fortalecer la salud, la convivencia y la integraci\u00f3n nacional.<\/p>\n\n\n\n<p>El Prof. Pablo Reyes Osorio, Secretario Ejecutivo del INDET, destac\u00f3 el valor de estos juegos como un espacio de uni\u00f3n y bienestar para las y los trabajadores de M\u00e9xico:<\/p>\n\n\n\n<figure class=\"wp-block-image size-large\"><img loading=\"lazy\" decoding=\"async\" width=\"1024\" height=\"683\" src=\"https:\/\/esbozodeportivo.com\/wp-content\/uploads\/2025\/11\/INDET-1024x683.jpg\" alt=\"\" class=\"wp-image-11149\" srcset=\"https:\/\/esbozodeportivo.com\/wp-content\/uploads\/2025\/11\/INDET-1024x683.jpg 1024w, https:\/\/esbozodeportivo.com\/wp-content\/uploads\/2025\/11\/INDET-300x200.jpg 300w, https:\/\/esbozodeportivo.com\/wp-content\/uploads\/2025\/11\/INDET-768x512.jpg 768w, https:\/\/esbozodeportivo.com\/wp-content\/uploads\/2025\/11\/INDET-1536x1024.jpg 1536w, https:\/\/esbozodeportivo.com\/wp-content\/uploads\/2025\/11\/INDET.jpg 2048w\" sizes=\"auto, (max-width: 1024px) 100vw, 1024px\" \/><\/figure>\n\n\n\n<p>\u201cConstruimos un gran evento para los trabajadores de todo el pa\u00eds. Esto representa el esfuerzo de muchos a\u00f1os, y hoy celebramos la participaci\u00f3n de quienes disfrutan de los programas impulsados por el INDET con el apoyo de la CONADE\u201d.<\/p>\n\n\n\n<p>Las competencias incluyen disciplinas como f\u00fatbol soccer, b\u00e1squetbol, voleibol de sala y de playa, b\u00e9isbol, atletismo, nataci\u00f3n, ajedrez y tenis de mesa, adem\u00e1s de actividades recreativas como Miss Simpat\u00eda, que fomentan la integraci\u00f3n y el esp\u00edritu deportivo.<\/p>\n\n\n\n<figure class=\"wp-block-image size-large\"><img loading=\"lazy\" decoding=\"async\" width=\"1024\" height=\"682\" src=\"https:\/\/esbozodeportivo.com\/wp-content\/uploads\/2025\/11\/INDET7-1024x682.jpg\" alt=\"\" class=\"wp-image-11156\" srcset=\"https:\/\/esbozodeportivo.com\/wp-content\/uploads\/2025\/11\/INDET7-1024x682.jpg 1024w, https:\/\/esbozodeportivo.com\/wp-content\/uploads\/2025\/11\/INDET7-300x200.jpg 300w, https:\/\/esbozodeportivo.com\/wp-content\/uploads\/2025\/11\/INDET7-768x511.jpg 768w, https:\/\/esbozodeportivo.com\/wp-content\/uploads\/2025\/11\/INDET7-1536x1022.jpg 1536w, https:\/\/esbozodeportivo.com\/wp-content\/uploads\/2025\/11\/INDET7.jpg 2048w\" sizes=\"auto, (max-width: 1024px) 100vw, 1024px\" \/><\/figure>\n\n\n\n<p>Durante el acto inaugural se rindi\u00f3 homenaje al \u201c2025, A\u00f1o de la Mujer Ind\u00edgena\u201d, con el reconocimiento a seis mujeres ind\u00edgenas destacadas por su aportaci\u00f3n al deporte y su compromiso con el INDET. Asimismo, se realiz\u00f3 un sentido reconocimiento al profesor Jorge Gonz\u00e1lez Meza, en conmemoraci\u00f3n de su aniversario luctuoso, por su invaluable legado en la promoci\u00f3n del deporte entre los trabajadores.<\/p>\n\n\n\n<p>Con el respaldo del Congreso del Trabajo, la CONADE, el IMSS y las instituciones participantes, Morelos se convierte en el epicentro del deporte laboral nacional.<\/p>\n\n\n\n<p>\u00a1Que gane el esp\u00edritu deportivo y la fuerza de la clase trabajadora de M\u00e9xico!<\/p>\n\n\n\n<figure class=\"wp-block-image size-large\"><img loading=\"lazy\" decoding=\"async\" width=\"1024\" height=\"682\" src=\"https:\/\/esbozodeportivo.com\/wp-content\/uploads\/2025\/11\/INDET6-1024x682.jpg\" alt=\"\" class=\"wp-image-11155\" srcset=\"https:\/\/esbozodeportivo.com\/wp-content\/uploads\/2025\/11\/INDET6-1024x682.jpg 1024w, https:\/\/esbozodeportivo.com\/wp-content\/uploads\/2025\/11\/INDET6-300x200.jpg 300w, https:\/\/esbozodeportivo.com\/wp-content\/uploads\/2025\/11\/INDET6-768x511.jpg 768w, https:\/\/esbozodeportivo.com\/wp-content\/uploads\/2025\/11\/INDET6-1536x1022.jpg 1536w, https:\/\/esbozodeportivo.com\/wp-content\/uploads\/2025\/11\/INDET6.jpg 2048w\" sizes=\"auto, (max-width: 1024px) 100vw, 1024px\" \/><\/figure>\n\n\n\n<figure class=\"wp-block-image size-large\"><img loading=\"lazy\" decoding=\"async\" width=\"1024\" height=\"682\" src=\"https:\/\/esbozodeportivo.com\/wp-content\/uploads\/2025\/11\/INDET4-1024x682.jpg\" alt=\"\" class=\"wp-image-11153\" srcset=\"https:\/\/esbozodeportivo.com\/wp-content\/uploads\/2025\/11\/INDET4-1024x682.jpg 1024w, https:\/\/esbozodeportivo.com\/wp-content\/uploads\/2025\/11\/INDET4-300x200.jpg 300w, https:\/\/esbozodeportivo.com\/wp-content\/uploads\/2025\/11\/INDET4-768x511.jpg 768w, https:\/\/esbozodeportivo.com\/wp-content\/uploads\/2025\/11\/INDET4-1536x1022.jpg 1536w, https:\/\/esbozodeportivo.com\/wp-content\/uploads\/2025\/11\/INDET4.jpg 2048w\" sizes=\"auto, (max-width: 1024px) 100vw, 1024px\" \/><\/figure>\n\n\n\n<figure class=\"wp-block-image size-large\"><img loading=\"lazy\" decoding=\"async\" width=\"1024\" height=\"683\" src=\"https:\/\/esbozodeportivo.com\/wp-content\/uploads\/2025\/11\/INDET2-1024x683.jpg\" alt=\"\" class=\"wp-image-11151\" srcset=\"https:\/\/esbozodeportivo.com\/wp-content\/uploads\/2025\/11\/INDET2-1024x683.jpg 1024w, https:\/\/esbozodeportivo.com\/wp-content\/uploads\/2025\/11\/INDET2-300x200.jpg 300w, https:\/\/esbozodeportivo.com\/wp-content\/uploads\/2025\/11\/INDET2-768x512.jpg 768w, https:\/\/esbozodeportivo.com\/wp-content\/uploads\/2025\/11\/INDET2-1536x1024.jpg 1536w, https:\/\/esbozodeportivo.com\/wp-content\/uploads\/2025\/11\/INDET2.jpg 2048w\" sizes=\"auto, (max-width: 1024px) 100vw, 1024px\" \/><\/figure>\n\n\n\n<figure class=\"wp-block-image size-large\"><img loading=\"lazy\" decoding=\"async\" width=\"1024\" height=\"683\" src=\"https:\/\/esbozodeportivo.com\/wp-content\/uploads\/2025\/11\/INDET1-1024x683.jpg\" alt=\"\" class=\"wp-image-11150\" srcset=\"https:\/\/esbozodeportivo.com\/wp-content\/uploads\/2025\/11\/INDET1-1024x683.jpg 1024w, https:\/\/esbozodeportivo.com\/wp-content\/uploads\/2025\/11\/INDET1-300x200.jpg 300w, https:\/\/esbozodeportivo.com\/wp-content\/uploads\/2025\/11\/INDET1-768x512.jpg 768w, https:\/\/esbozodeportivo.com\/wp-content\/uploads\/2025\/11\/INDET1-1536x1024.jpg 1536w, https:\/\/esbozodeportivo.com\/wp-content\/uploads\/2025\/11\/INDET1.jpg 2048w\" sizes=\"auto, (max-width: 1024px) 100vw, 1024px\" \/><\/figure>\n","protected":false},"excerpt":{"rendered":"<p>Oaxtepec, Morelos Con gran entusiasmo y un ambiente lleno de energ\u00eda, se llev\u00f3 a cabo<\/p>\n","protected":false},"author":4,"featured_media":11152,"comment_status":"closed","ping_status":"open","sticky":false,"template":"","format":"standard","meta":{"_jetpack_memberships_contains_paid_content":false,"footnotes":""},"categories":[5],"tags":[],"class_list":["post-11148","post","type-post","status-publish","format-standard","has-post-thumbnail","hentry","category-amateur"],"yoast_head":"<!-- This site is optimized with the Yoast SEO plugin v25.7 - https:\/\/yoast.com\/wordpress\/plugins\/seo\/ -->\n<title>Qued\u00f3 inaugurada la fiesta del deporte de la clase trabajadora! - Esbozo Deportivo<\/title>\n<meta name=\"description\" content=\"Con gran entusiasmo y un ambiente lleno de energ\u00eda, se llev\u00f3 a cabo la Ceremonia de Inauguraci\u00f3n de los 53\u00ba Juegos Nacionales Deportivos y Recreativos de los Trabajadores 2025, en el Centro Vacacional IMSS Oaxtepec, Morelos.\" \/>\n<meta name=\"robots\" content=\"index, follow, max-snippet:-1, max-image-preview:large, max-video-preview:-1\" \/>\n<link rel=\"canonical\" href=\"https:\/\/esbozodeportivo.com\/index.php\/2025\/11\/11\/quedo-inaugurada-la-fiesta-del-deporte-de-la-clase-trabajadora\/\" \/>\n<meta property=\"og:locale\" content=\"es_MX\" \/>\n<meta property=\"og:type\" content=\"article\" \/>\n<meta property=\"og:title\" content=\"Qued\u00f3 inaugurada la fiesta del deporte de la clase trabajadora! - Esbozo Deportivo\" \/>\n<meta property=\"og:description\" content=\"Con gran entusiasmo y un ambiente lleno de energ\u00eda, se llev\u00f3 a cabo la Ceremonia de Inauguraci\u00f3n de los 53\u00ba Juegos Nacionales Deportivos y Recreativos de los Trabajadores 2025, en el Centro Vacacional IMSS Oaxtepec, Morelos.\" \/>\n<meta property=\"og:url\" content=\"https:\/\/esbozodeportivo.com\/index.php\/2025\/11\/11\/quedo-inaugurada-la-fiesta-del-deporte-de-la-clase-trabajadora\/\" \/>\n<meta property=\"og:site_name\" content=\"Esbozo Deportivo\" \/>\n<meta property=\"article:published_time\" content=\"2025-11-11T08:18:57+00:00\" \/>\n<meta property=\"article:modified_time\" content=\"2025-11-11T08:18:58+00:00\" \/>\n<meta property=\"og:image\" content=\"https:\/\/esbozodeportivo.com\/wp-content\/uploads\/2025\/11\/INDET3.jpg\" \/>\n\t<meta property=\"og:image:width\" content=\"2048\" \/>\n\t<meta property=\"og:image:height\" content=\"1363\" \/>\n\t<meta property=\"og:image:type\" content=\"image\/jpeg\" \/>\n<meta name=\"author\" content=\"Redacci\u00f3n\" \/>\n<meta name=\"twitter:card\" content=\"summary_large_image\" \/>\n<meta name=\"twitter:label1\" content=\"Escrito por\" \/>\n\t<meta name=\"twitter:data1\" content=\"Redacci\u00f3n\" \/>\n\t<meta name=\"twitter:label2\" content=\"Tiempo de lectura\" \/>\n\t<meta name=\"twitter:data2\" content=\"3 minutos\" \/>\n<script type=\"application\/ld+json\" class=\"yoast-schema-graph\">{\"@context\":\"https:\/\/schema.org\",\"@graph\":[{\"@type\":\"Article\",\"@id\":\"https:\/\/esbozodeportivo.com\/index.php\/2025\/11\/11\/quedo-inaugurada-la-fiesta-del-deporte-de-la-clase-trabajadora\/#article\",\"isPartOf\":{\"@id\":\"https:\/\/esbozodeportivo.com\/index.php\/2025\/11\/11\/quedo-inaugurada-la-fiesta-del-deporte-de-la-clase-trabajadora\/\"},\"author\":{\"name\":\"Redacci\u00f3n\",\"@id\":\"https:\/\/esbozodeportivo.com\/#\/schema\/person\/0f6df9196dfe6740dd0bb31bae50d374\"},\"headline\":\"Qued\u00f3 inaugurada la fiesta del deporte de la clase trabajadora!\",\"datePublished\":\"2025-11-11T08:18:57+00:00\",\"dateModified\":\"2025-11-11T08:18:58+00:00\",\"mainEntityOfPage\":{\"@id\":\"https:\/\/esbozodeportivo.com\/index.php\/2025\/11\/11\/quedo-inaugurada-la-fiesta-del-deporte-de-la-clase-trabajadora\/\"},\"wordCount\":335,\"publisher\":{\"@id\":\"https:\/\/esbozodeportivo.com\/#organization\"},\"image\":{\"@id\":\"https:\/\/esbozodeportivo.com\/index.php\/2025\/11\/11\/quedo-inaugurada-la-fiesta-del-deporte-de-la-clase-trabajadora\/#primaryimage\"},\"thumbnailUrl\":\"https:\/\/esbozodeportivo.com\/wp-content\/uploads\/2025\/11\/INDET3.jpg\",\"articleSection\":[\"Amateur\"],\"inLanguage\":\"es\"},{\"@type\":\"WebPage\",\"@id\":\"https:\/\/esbozodeportivo.com\/index.php\/2025\/11\/11\/quedo-inaugurada-la-fiesta-del-deporte-de-la-clase-trabajadora\/\",\"url\":\"https:\/\/esbozodeportivo.com\/index.php\/2025\/11\/11\/quedo-inaugurada-la-fiesta-del-deporte-de-la-clase-trabajadora\/\",\"name\":\"Qued\u00f3 inaugurada la fiesta del deporte de la clase trabajadora! - Esbozo Deportivo\",\"isPartOf\":{\"@id\":\"https:\/\/esbozodeportivo.com\/#website\"},\"primaryImageOfPage\":{\"@id\":\"https:\/\/esbozodeportivo.com\/index.php\/2025\/11\/11\/quedo-inaugurada-la-fiesta-del-deporte-de-la-clase-trabajadora\/#primaryimage\"},\"image\":{\"@id\":\"https:\/\/esbozodeportivo.com\/index.php\/2025\/11\/11\/quedo-inaugurada-la-fiesta-del-deporte-de-la-clase-trabajadora\/#primaryimage\"},\"thumbnailUrl\":\"https:\/\/esbozodeportivo.com\/wp-content\/uploads\/2025\/11\/INDET3.jpg\",\"datePublished\":\"2025-11-11T08:18:57+00:00\",\"dateModified\":\"2025-11-11T08:18:58+00:00\",\"description\":\"Con gran entusiasmo y un ambiente lleno de energ\u00eda, se llev\u00f3 a cabo la Ceremonia de Inauguraci\u00f3n de los 53\u00ba Juegos Nacionales Deportivos y Recreativos de los Trabajadores 2025, en el Centro Vacacional IMSS Oaxtepec, Morelos.\",\"breadcrumb\":{\"@id\":\"https:\/\/esbozodeportivo.com\/index.php\/2025\/11\/11\/quedo-inaugurada-la-fiesta-del-deporte-de-la-clase-trabajadora\/#breadcrumb\"},\"inLanguage\":\"es\",\"potentialAction\":[{\"@type\":\"ReadAction\",\"target\":[\"https:\/\/esbozodeportivo.com\/index.php\/2025\/11\/11\/quedo-inaugurada-la-fiesta-del-deporte-de-la-clase-trabajadora\/\"]}]},{\"@type\":\"ImageObject\",\"inLanguage\":\"es\",\"@id\":\"https:\/\/esbozodeportivo.com\/index.php\/2025\/11\/11\/quedo-inaugurada-la-fiesta-del-deporte-de-la-clase-trabajadora\/#primaryimage\",\"url\":\"https:\/\/esbozodeportivo.com\/wp-content\/uploads\/2025\/11\/INDET3.jpg\",\"contentUrl\":\"https:\/\/esbozodeportivo.com\/wp-content\/uploads\/2025\/11\/INDET3.jpg\",\"width\":2048,\"height\":1363},{\"@type\":\"BreadcrumbList\",\"@id\":\"https:\/\/esbozodeportivo.com\/index.php\/2025\/11\/11\/quedo-inaugurada-la-fiesta-del-deporte-de-la-clase-trabajadora\/#breadcrumb\",\"itemListElement\":[{\"@type\":\"ListItem\",\"position\":1,\"name\":\"Inicio\",\"item\":\"https:\/\/esbozodeportivo.com\/\"},{\"@type\":\"ListItem\",\"position\":2,\"name\":\"Qued\u00f3 inaugurada la fiesta del deporte de la clase trabajadora!\"}]},{\"@type\":\"WebSite\",\"@id\":\"https:\/\/esbozodeportivo.com\/#website\",\"url\":\"https:\/\/esbozodeportivo.com\/\",\"name\":\"Esbozo Deportivo\",\"description\":\"Lo m\u00e1s importante del Deporte\",\"publisher\":{\"@id\":\"https:\/\/esbozodeportivo.com\/#organization\"},\"potentialAction\":[{\"@type\":\"SearchAction\",\"target\":{\"@type\":\"EntryPoint\",\"urlTemplate\":\"https:\/\/esbozodeportivo.com\/?s={search_term_string}\"},\"query-input\":{\"@type\":\"PropertyValueSpecification\",\"valueRequired\":true,\"valueName\":\"search_term_string\"}}],\"inLanguage\":\"es\"},{\"@type\":\"Organization\",\"@id\":\"https:\/\/esbozodeportivo.com\/#organization\",\"name\":\"Esbozo Deportivo\",\"url\":\"https:\/\/esbozodeportivo.com\/\",\"logo\":{\"@type\":\"ImageObject\",\"inLanguage\":\"es\",\"@id\":\"https:\/\/esbozodeportivo.com\/#\/schema\/logo\/image\/\",\"url\":\"https:\/\/esbozodeportivo.com\/wp-content\/uploads\/2022\/08\/cropped-Logo-Esbozo-Web-2.png\",\"contentUrl\":\"https:\/\/esbozodeportivo.com\/wp-content\/uploads\/2022\/08\/cropped-Logo-Esbozo-Web-2.png\",\"width\":180,\"height\":50,\"caption\":\"Esbozo Deportivo\"},\"image\":{\"@id\":\"https:\/\/esbozodeportivo.com\/#\/schema\/logo\/image\/\"}},{\"@type\":\"Person\",\"@id\":\"https:\/\/esbozodeportivo.com\/#\/schema\/person\/0f6df9196dfe6740dd0bb31bae50d374\",\"name\":\"Redacci\u00f3n\",\"image\":{\"@type\":\"ImageObject\",\"inLanguage\":\"es\",\"@id\":\"https:\/\/esbozodeportivo.com\/#\/schema\/person\/image\/\",\"url\":\"https:\/\/secure.gravatar.com\/avatar\/f55268a89c3b418f2ef172ff52ab0d09b3e653c58de29539fe329fb93d78ebf3?s=96&d=mm&r=g\",\"contentUrl\":\"https:\/\/secure.gravatar.com\/avatar\/f55268a89c3b418f2ef172ff52ab0d09b3e653c58de29539fe329fb93d78ebf3?s=96&d=mm&r=g\",\"caption\":\"Redacci\u00f3n\"},\"url\":\"https:\/\/esbozodeportivo.com\/index.php\/author\/redaccion\/\"}]}<\/script>\n<!-- \/ Yoast SEO plugin. -->","yoast_head_json":{"title":"Qued\u00f3 inaugurada la fiesta del deporte de la clase trabajadora! - Esbozo Deportivo","description":"Con gran entusiasmo y un ambiente lleno de energ\u00eda, se llev\u00f3 a cabo la Ceremonia de Inauguraci\u00f3n de los 53\u00ba Juegos Nacionales Deportivos y Recreativos de los Trabajadores 2025, en el Centro Vacacional IMSS Oaxtepec, Morelos.","robots":{"index":"index","follow":"follow","max-snippet":"max-snippet:-1","max-image-preview":"max-image-preview:large","max-video-preview":"max-video-preview:-1"},"canonical":"https:\/\/esbozodeportivo.com\/index.php\/2025\/11\/11\/quedo-inaugurada-la-fiesta-del-deporte-de-la-clase-trabajadora\/","og_locale":"es_MX","og_type":"article","og_title":"Qued\u00f3 inaugurada la fiesta del deporte de la clase trabajadora! - Esbozo Deportivo","og_description":"Con gran entusiasmo y un ambiente lleno de energ\u00eda, se llev\u00f3 a cabo la Ceremonia de Inauguraci\u00f3n de los 53\u00ba Juegos Nacionales Deportivos y Recreativos de los Trabajadores 2025, en el Centro Vacacional IMSS Oaxtepec, Morelos.","og_url":"https:\/\/esbozodeportivo.com\/index.php\/2025\/11\/11\/quedo-inaugurada-la-fiesta-del-deporte-de-la-clase-trabajadora\/","og_site_name":"Esbozo Deportivo","article_published_time":"2025-11-11T08:18:57+00:00","article_modified_time":"2025-11-11T08:18:58+00:00","og_image":[{"width":2048,"height":1363,"url":"https:\/\/esbozodeportivo.com\/wp-content\/uploads\/2025\/11\/INDET3.jpg","type":"image\/jpeg"}],"author":"Redacci\u00f3n","twitter_card":"summary_large_image","twitter_misc":{"Escrito por":"Redacci\u00f3n","Tiempo de lectura":"3 minutos"},"schema":{"@context":"https:\/\/schema.org","@graph":[{"@type":"Article","@id":"https:\/\/esbozodeportivo.com\/index.php\/2025\/11\/11\/quedo-inaugurada-la-fiesta-del-deporte-de-la-clase-trabajadora\/#article","isPartOf":{"@id":"https:\/\/esbozodeportivo.com\/index.php\/2025\/11\/11\/quedo-inaugurada-la-fiesta-del-deporte-de-la-clase-trabajadora\/"},"author":{"name":"Redacci\u00f3n","@id":"https:\/\/esbozodeportivo.com\/#\/schema\/person\/0f6df9196dfe6740dd0bb31bae50d374"},"headline":"Qued\u00f3 inaugurada la fiesta del deporte de la clase trabajadora!","datePublished":"2025-11-11T08:18:57+00:00","dateModified":"2025-11-11T08:18:58+00:00","mainEntityOfPage":{"@id":"https:\/\/esbozodeportivo.com\/index.php\/2025\/11\/11\/quedo-inaugurada-la-fiesta-del-deporte-de-la-clase-trabajadora\/"},"wordCount":335,"publisher":{"@id":"https:\/\/esbozodeportivo.com\/#organization"},"image":{"@id":"https:\/\/esbozodeportivo.com\/index.php\/2025\/11\/11\/quedo-inaugurada-la-fiesta-del-deporte-de-la-clase-trabajadora\/#primaryimage"},"thumbnailUrl":"https:\/\/esbozodeportivo.com\/wp-content\/uploads\/2025\/11\/INDET3.jpg","articleSection":["Amateur"],"inLanguage":"es"},{"@type":"WebPage","@id":"https:\/\/esbozodeportivo.com\/index.php\/2025\/11\/11\/quedo-inaugurada-la-fiesta-del-deporte-de-la-clase-trabajadora\/","url":"https:\/\/esbozodeportivo.com\/index.php\/2025\/11\/11\/quedo-inaugurada-la-fiesta-del-deporte-de-la-clase-trabajadora\/","name":"Qued\u00f3 inaugurada la fiesta del deporte de la clase trabajadora! - Esbozo Deportivo","isPartOf":{"@id":"https:\/\/esbozodeportivo.com\/#website"},"primaryImageOfPage":{"@id":"https:\/\/esbozodeportivo.com\/index.php\/2025\/11\/11\/quedo-inaugurada-la-fiesta-del-deporte-de-la-clase-trabajadora\/#primaryimage"},"image":{"@id":"https:\/\/esbozodeportivo.com\/index.php\/2025\/11\/11\/quedo-inaugurada-la-fiesta-del-deporte-de-la-clase-trabajadora\/#primaryimage"},"thumbnailUrl":"https:\/\/esbozodeportivo.com\/wp-content\/uploads\/2025\/11\/INDET3.jpg","datePublished":"2025-11-11T08:18:57+00:00","dateModified":"2025-11-11T08:18:58+00:00","description":"Con gran entusiasmo y un ambiente lleno de energ\u00eda, se llev\u00f3 a cabo la Ceremonia de Inauguraci\u00f3n de los 53\u00ba Juegos Nacionales Deportivos y Recreativos de los Trabajadores 2025, en el Centro Vacacional IMSS Oaxtepec, Morelos.","breadcrumb":{"@id":"https:\/\/esbozodeportivo.com\/index.php\/2025\/11\/11\/quedo-inaugurada-la-fiesta-del-deporte-de-la-clase-trabajadora\/#breadcrumb"},"inLanguage":"es","potentialAction":[{"@type":"ReadAction","target":["https:\/\/esbozodeportivo.com\/index.php\/2025\/11\/11\/quedo-inaugurada-la-fiesta-del-deporte-de-la-clase-trabajadora\/"]}]},{"@type":"ImageObject","inLanguage":"es","@id":"https:\/\/esbozodeportivo.com\/index.php\/2025\/11\/11\/quedo-inaugurada-la-fiesta-del-deporte-de-la-clase-trabajadora\/#primaryimage","url":"https:\/\/esbozodeportivo.com\/wp-content\/uploads\/2025\/11\/INDET3.jpg","contentUrl":"https:\/\/esbozodeportivo.com\/wp-content\/uploads\/2025\/11\/INDET3.jpg","width":2048,"height":1363},{"@type":"BreadcrumbList","@id":"https:\/\/esbozodeportivo.com\/index.php\/2025\/11\/11\/quedo-inaugurada-la-fiesta-del-deporte-de-la-clase-trabajadora\/#breadcrumb","itemListElement":[{"@type":"ListItem","position":1,"name":"Inicio","item":"https:\/\/esbozodeportivo.com\/"},{"@type":"ListItem","position":2,"name":"Qued\u00f3 inaugurada la fiesta del deporte de la clase trabajadora!"}]},{"@type":"WebSite","@id":"https:\/\/esbozodeportivo.com\/#website","url":"https:\/\/esbozodeportivo.com\/","name":"Esbozo Deportivo","description":"Lo m\u00e1s importante del Deporte","publisher":{"@id":"https:\/\/esbozodeportivo.com\/#organization"},"potentialAction":[{"@type":"SearchAction","target":{"@type":"EntryPoint","urlTemplate":"https:\/\/esbozodeportivo.com\/?s={search_term_string}"},"query-input":{"@type":"PropertyValueSpecification","valueRequired":true,"valueName":"search_term_string"}}],"inLanguage":"es"},{"@type":"Organization","@id":"https:\/\/esbozodeportivo.com\/#organization","name":"Esbozo Deportivo","url":"https:\/\/esbozodeportivo.com\/","logo":{"@type":"ImageObject","inLanguage":"es","@id":"https:\/\/esbozodeportivo.com\/#\/schema\/logo\/image\/","url":"https:\/\/esbozodeportivo.com\/wp-content\/uploads\/2022\/08\/cropped-Logo-Esbozo-Web-2.png","contentUrl":"https:\/\/esbozodeportivo.com\/wp-content\/uploads\/2022\/08\/cropped-Logo-Esbozo-Web-2.png","width":180,"height":50,"caption":"Esbozo Deportivo"},"image":{"@id":"https:\/\/esbozodeportivo.com\/#\/schema\/logo\/image\/"}},{"@type":"Person","@id":"https:\/\/esbozodeportivo.com\/#\/schema\/person\/0f6df9196dfe6740dd0bb31bae50d374","name":"Redacci\u00f3n","image":{"@type":"ImageObject","inLanguage":"es","@id":"https:\/\/esbozodeportivo.com\/#\/schema\/person\/image\/","url":"https:\/\/secure.gravatar.com\/avatar\/f55268a89c3b418f2ef172ff52ab0d09b3e653c58de29539fe329fb93d78ebf3?s=96&d=mm&r=g","contentUrl":"https:\/\/secure.gravatar.com\/avatar\/f55268a89c3b418f2ef172ff52ab0d09b3e653c58de29539fe329fb93d78ebf3?s=96&d=mm&r=g","caption":"Redacci\u00f3n"},"url":"https:\/\/esbozodeportivo.com\/index.php\/author\/redaccion\/"}]}},"jetpack_featured_media_url":"https:\/\/esbozodeportivo.com\/wp-content\/uploads\/2025\/11\/INDET3.jpg","jetpack_sharing_enabled":true,"_links":{"self":[{"href":"https:\/\/esbozodeportivo.com\/index.php\/wp-json\/wp\/v2\/posts\/11148","targetHints":{"allow":["GET"]}}],"collection":[{"href":"https:\/\/esbozodeportivo.com\/index.php\/wp-json\/wp\/v2\/posts"}],"about":[{"href":"https:\/\/esbozodeportivo.com\/index.php\/wp-json\/wp\/v2\/types\/post"}],"author":[{"embeddable":true,"href":"https:\/\/esbozodeportivo.com\/index.php\/wp-json\/wp\/v2\/users\/4"}],"replies":[{"embeddable":true,"href":"https:\/\/esbozodeportivo.com\/index.php\/wp-json\/wp\/v2\/comments?post=11148"}],"version-history":[{"count":1,"href":"https:\/\/esbozodeportivo.com\/index.php\/wp-json\/wp\/v2\/posts\/11148\/revisions"}],"predecessor-version":[{"id":11157,"href":"https:\/\/esbozodeportivo.com\/index.php\/wp-json\/wp\/v2\/posts\/11148\/revisions\/11157"}],"wp:featuredmedia":[{"embeddable":true,"href":"https:\/\/esbozodeportivo.com\/index.php\/wp-json\/wp\/v2\/media\/11152"}],"wp:attachment":[{"href":"https:\/\/esbozodeportivo.com\/index.php\/wp-json\/wp\/v2\/media?parent=11148"}],"wp:term":[{"taxonomy":"category","embeddable":true,"href":"https:\/\/esbozodeportivo.com\/index.php\/wp-json\/wp\/v2\/categories?post=11148"},{"taxonomy":"post_tag","embeddable":true,"href":"https:\/\/esbozodeportivo.com\/index.php\/wp-json\/wp\/v2\/tags?post=11148"}],"curies":[{"name":"wp","href":"https:\/\/api.w.org\/{rel}","templated":true}]}}