{"id":11270,"date":"2025-11-17T14:24:06","date_gmt":"2025-11-17T20:24:06","guid":{"rendered":"https:\/\/esbozodeportivo.com\/?p=11270"},"modified":"2025-11-17T14:24:07","modified_gmt":"2025-11-17T20:24:07","slug":"jose-guzman-vera-halcon-honorario","status":"publish","type":"post","link":"https:\/\/esbozodeportivo.com\/index.php\/2025\/11\/17\/jose-guzman-vera-halcon-honorario\/","title":{"rendered":"Jos\u00e9 Guzm\u00e1n Vera, Halc\u00f3n Honorario"},"content":{"rendered":"\n<p>(Foto; Cortes\u00eda) <\/p>\n\n\n\n<p><strong>Por Adolfo Cort\u00e9s Villanueva<\/strong><\/p>\n\n\n\n<p>El ex pateador de las <strong>\u00c1guilas Blancas<\/strong> y presidente del <strong>Sal\u00f3n de la Fama M\u00e9xico<\/strong>, <strong>Jos\u00e9 Guzm\u00e1n Vera<\/strong>, fue distinguido como <strong>Halc\u00f3n Honorario<\/strong> por su brillante carrera en el f\u00fatbol americano nacional, como entrenador y promotor de este deporte por parte de la <strong>Fraternidad de los Halcones de la Escuela Nacional de Educaci\u00f3n F\u00edsica (<\/strong>ENEF).<\/p>\n\n\n\n<p>En sencilla, pero emotiva ceremonia <strong>Enrique Avalos<\/strong> acompa\u00f1ado de <strong>Emilio Barr\u00f3n y Jorge Casas<\/strong> a nombre de sus compa\u00f1eros hicieron un reconocimiento a la trayectoria dentro y fuera de los emparrillados para <strong>\u201cPepe\u201d,<\/strong> en un restaurante al sur de la ciudad conocido como el <strong>\u201cNido del Halc\u00f3n\u201d.<\/strong><\/p>\n\n\n\n<p>\u201cEs un honor para nuestra Fraternidad entregar hoy este reconocimiento a <strong>Pepe<\/strong> por ser un h\u00e9roe de mil batallas en el futbol americano y cuenta m\u00e1s porque ha servido como ejemplo a nuestra infancia y juventud. El siempre nos ha dado la muestra de c\u00f3mo hacer bien las cosas\u201d, expres\u00f3 <strong>Avalos Yam.<\/strong><\/p>\n\n\n\n<p>\u201cEstar aqu\u00ed con ustedes es como cuando estaba entrenando porque somos de la misma generaci\u00f3n y se construy\u00f3 algo importante. En los 70s se reactiv\u00f3 el futbol americano porque los estadios estaban llenos y es orgullo convivir con ustedes nuevamente y recibir este reconocimiento\u201d, dijo <strong>Guzm\u00e1n Vera<\/strong>.<\/p>\n\n\n\n<p>Entre los asistentes estuvieron tambi\u00e9n <strong>Cayetano Gonz\u00e1lez, Emilio Barr\u00f3n, Francisco Sagurce, Oscar Ram\u00edrez, Eliseo Garc\u00eda, Cuauht\u00e9moc Cort\u00e9s, Abel Garc\u00eda, Manuel Torres, Alfredo Isita, V\u00edctor Manuel Garc\u00e9s, Oscar \u00c1vila y Gabriel Hern\u00e1ndez.<\/strong><\/p>\n\n\n\n<p>En un ambiente de cordialidad, plagado de an\u00e9cdotas y buen humor, trascurri\u00f3 la reuni\u00f3n donde se record\u00f3 que los Halcones se crearon en 1965 con el profesor <strong>Sergio Lara y Ladislao Aguilera<\/strong> siendo su primer entrenador <strong>Ram\u00f3n Gonz\u00e1lez.<\/strong><\/p>\n\n\n\n<p><\/p>\n","protected":false},"excerpt":{"rendered":"<p>(Foto; Cortes\u00eda) Por Adolfo Cort\u00e9s Villanueva El ex pateador de las \u00c1guilas Blancas y presidente<\/p>\n","protected":false},"author":3,"featured_media":11258,"comment_status":"closed","ping_status":"open","sticky":false,"template":"","format":"standard","meta":{"_jetpack_memberships_contains_paid_content":false,"footnotes":""},"categories":[67],"tags":[],"class_list":["post-11270","post","type-post","status-publish","format-standard","has-post-thumbnail","hentry","category-futbol-americano"],"yoast_head":"<!-- This site is optimized with the Yoast SEO plugin v25.7 - https:\/\/yoast.com\/wordpress\/plugins\/seo\/ -->\n<title>Jos\u00e9 Guzm\u00e1n Vera, Halc\u00f3n Honorario - Esbozo Deportivo<\/title>\n<meta name=\"description\" content=\"El ex pateador de las \u00c1guilas Blancas y presidente del Sal\u00f3n de la Fama M\u00e9xico, Jos\u00e9 Guzm\u00e1n Vera, fue distinguido como Halc\u00f3n Honorario por su brillante carrera en el f\u00fatbol americano nacional, como entrenador y promotor de este deporte por parte de la Fraternidad de los Halcones de la Escuela Nacional de Educaci\u00f3n F\u00edsica (ENEF).\" \/>\n<meta name=\"robots\" content=\"index, follow, max-snippet:-1, max-image-preview:large, max-video-preview:-1\" \/>\n<link rel=\"canonical\" href=\"https:\/\/esbozodeportivo.com\/index.php\/2025\/11\/17\/jose-guzman-vera-halcon-honorario\/\" \/>\n<meta property=\"og:locale\" content=\"es_MX\" \/>\n<meta property=\"og:type\" content=\"article\" \/>\n<meta property=\"og:title\" content=\"Jos\u00e9 Guzm\u00e1n Vera, Halc\u00f3n Honorario - Esbozo Deportivo\" \/>\n<meta property=\"og:description\" content=\"El ex pateador de las \u00c1guilas Blancas y presidente del Sal\u00f3n de la Fama M\u00e9xico, Jos\u00e9 Guzm\u00e1n Vera, fue distinguido como Halc\u00f3n Honorario por su brillante carrera en el f\u00fatbol americano nacional, como entrenador y promotor de este deporte por parte de la Fraternidad de los Halcones de la Escuela Nacional de Educaci\u00f3n F\u00edsica (ENEF).\" \/>\n<meta property=\"og:url\" content=\"https:\/\/esbozodeportivo.com\/index.php\/2025\/11\/17\/jose-guzman-vera-halcon-honorario\/\" \/>\n<meta property=\"og:site_name\" content=\"Esbozo Deportivo\" \/>\n<meta property=\"article:published_time\" content=\"2025-11-17T20:24:06+00:00\" \/>\n<meta property=\"article:modified_time\" content=\"2025-11-17T20:24:07+00:00\" \/>\n<meta property=\"og:image\" content=\"https:\/\/esbozodeportivo.com\/wp-content\/uploads\/2025\/11\/Americano-7.jpg\" \/>\n\t<meta property=\"og:image:width\" content=\"1600\" \/>\n\t<meta property=\"og:image:height\" content=\"1204\" \/>\n\t<meta property=\"og:image:type\" content=\"image\/jpeg\" \/>\n<meta name=\"author\" content=\"Adolfo Cort\u00e9s\" \/>\n<meta name=\"twitter:card\" content=\"summary_large_image\" \/>\n<meta name=\"twitter:label1\" content=\"Escrito por\" \/>\n\t<meta name=\"twitter:data1\" content=\"Adolfo Cort\u00e9s\" \/>\n\t<meta name=\"twitter:label2\" content=\"Tiempo de lectura\" \/>\n\t<meta name=\"twitter:data2\" content=\"2 minutos\" \/>\n<script type=\"application\/ld+json\" class=\"yoast-schema-graph\">{\"@context\":\"https:\/\/schema.org\",\"@graph\":[{\"@type\":\"Article\",\"@id\":\"https:\/\/esbozodeportivo.com\/index.php\/2025\/11\/17\/jose-guzman-vera-halcon-honorario\/#article\",\"isPartOf\":{\"@id\":\"https:\/\/esbozodeportivo.com\/index.php\/2025\/11\/17\/jose-guzman-vera-halcon-honorario\/\"},\"author\":{\"name\":\"Adolfo Cort\u00e9s\",\"@id\":\"https:\/\/esbozodeportivo.com\/#\/schema\/person\/501215805cfec00e7a0b4a9238745e12\"},\"headline\":\"Jos\u00e9 Guzm\u00e1n Vera, Halc\u00f3n Honorario\",\"datePublished\":\"2025-11-17T20:24:06+00:00\",\"dateModified\":\"2025-11-17T20:24:07+00:00\",\"mainEntityOfPage\":{\"@id\":\"https:\/\/esbozodeportivo.com\/index.php\/2025\/11\/17\/jose-guzman-vera-halcon-honorario\/\"},\"wordCount\":315,\"publisher\":{\"@id\":\"https:\/\/esbozodeportivo.com\/#organization\"},\"image\":{\"@id\":\"https:\/\/esbozodeportivo.com\/index.php\/2025\/11\/17\/jose-guzman-vera-halcon-honorario\/#primaryimage\"},\"thumbnailUrl\":\"https:\/\/esbozodeportivo.com\/wp-content\/uploads\/2025\/11\/Americano-7.jpg\",\"articleSection\":[\"Futbol Americano\"],\"inLanguage\":\"es\"},{\"@type\":\"WebPage\",\"@id\":\"https:\/\/esbozodeportivo.com\/index.php\/2025\/11\/17\/jose-guzman-vera-halcon-honorario\/\",\"url\":\"https:\/\/esbozodeportivo.com\/index.php\/2025\/11\/17\/jose-guzman-vera-halcon-honorario\/\",\"name\":\"Jos\u00e9 Guzm\u00e1n Vera, Halc\u00f3n Honorario - Esbozo Deportivo\",\"isPartOf\":{\"@id\":\"https:\/\/esbozodeportivo.com\/#website\"},\"primaryImageOfPage\":{\"@id\":\"https:\/\/esbozodeportivo.com\/index.php\/2025\/11\/17\/jose-guzman-vera-halcon-honorario\/#primaryimage\"},\"image\":{\"@id\":\"https:\/\/esbozodeportivo.com\/index.php\/2025\/11\/17\/jose-guzman-vera-halcon-honorario\/#primaryimage\"},\"thumbnailUrl\":\"https:\/\/esbozodeportivo.com\/wp-content\/uploads\/2025\/11\/Americano-7.jpg\",\"datePublished\":\"2025-11-17T20:24:06+00:00\",\"dateModified\":\"2025-11-17T20:24:07+00:00\",\"description\":\"El ex pateador de las \u00c1guilas Blancas y presidente del Sal\u00f3n de la Fama M\u00e9xico, Jos\u00e9 Guzm\u00e1n Vera, fue distinguido como Halc\u00f3n Honorario por su brillante carrera en el f\u00fatbol americano nacional, como entrenador y promotor de este deporte por parte de la Fraternidad de los Halcones de la Escuela Nacional de Educaci\u00f3n F\u00edsica (ENEF).\",\"breadcrumb\":{\"@id\":\"https:\/\/esbozodeportivo.com\/index.php\/2025\/11\/17\/jose-guzman-vera-halcon-honorario\/#breadcrumb\"},\"inLanguage\":\"es\",\"potentialAction\":[{\"@type\":\"ReadAction\",\"target\":[\"https:\/\/esbozodeportivo.com\/index.php\/2025\/11\/17\/jose-guzman-vera-halcon-honorario\/\"]}]},{\"@type\":\"ImageObject\",\"inLanguage\":\"es\",\"@id\":\"https:\/\/esbozodeportivo.com\/index.php\/2025\/11\/17\/jose-guzman-vera-halcon-honorario\/#primaryimage\",\"url\":\"https:\/\/esbozodeportivo.com\/wp-content\/uploads\/2025\/11\/Americano-7.jpg\",\"contentUrl\":\"https:\/\/esbozodeportivo.com\/wp-content\/uploads\/2025\/11\/Americano-7.jpg\",\"width\":1600,\"height\":1204},{\"@type\":\"BreadcrumbList\",\"@id\":\"https:\/\/esbozodeportivo.com\/index.php\/2025\/11\/17\/jose-guzman-vera-halcon-honorario\/#breadcrumb\",\"itemListElement\":[{\"@type\":\"ListItem\",\"position\":1,\"name\":\"Inicio\",\"item\":\"https:\/\/esbozodeportivo.com\/\"},{\"@type\":\"ListItem\",\"position\":2,\"name\":\"Jos\u00e9 Guzm\u00e1n Vera, Halc\u00f3n Honorario\"}]},{\"@type\":\"WebSite\",\"@id\":\"https:\/\/esbozodeportivo.com\/#website\",\"url\":\"https:\/\/esbozodeportivo.com\/\",\"name\":\"Esbozo Deportivo\",\"description\":\"Lo m\u00e1s importante del Deporte\",\"publisher\":{\"@id\":\"https:\/\/esbozodeportivo.com\/#organization\"},\"potentialAction\":[{\"@type\":\"SearchAction\",\"target\":{\"@type\":\"EntryPoint\",\"urlTemplate\":\"https:\/\/esbozodeportivo.com\/?s={search_term_string}\"},\"query-input\":{\"@type\":\"PropertyValueSpecification\",\"valueRequired\":true,\"valueName\":\"search_term_string\"}}],\"inLanguage\":\"es\"},{\"@type\":\"Organization\",\"@id\":\"https:\/\/esbozodeportivo.com\/#organization\",\"name\":\"Esbozo Deportivo\",\"url\":\"https:\/\/esbozodeportivo.com\/\",\"logo\":{\"@type\":\"ImageObject\",\"inLanguage\":\"es\",\"@id\":\"https:\/\/esbozodeportivo.com\/#\/schema\/logo\/image\/\",\"url\":\"https:\/\/esbozodeportivo.com\/wp-content\/uploads\/2022\/08\/cropped-Logo-Esbozo-Web-2.png\",\"contentUrl\":\"https:\/\/esbozodeportivo.com\/wp-content\/uploads\/2022\/08\/cropped-Logo-Esbozo-Web-2.png\",\"width\":180,\"height\":50,\"caption\":\"Esbozo Deportivo\"},\"image\":{\"@id\":\"https:\/\/esbozodeportivo.com\/#\/schema\/logo\/image\/\"}},{\"@type\":\"Person\",\"@id\":\"https:\/\/esbozodeportivo.com\/#\/schema\/person\/501215805cfec00e7a0b4a9238745e12\",\"name\":\"Adolfo Cort\u00e9s\",\"image\":{\"@type\":\"ImageObject\",\"inLanguage\":\"es\",\"@id\":\"https:\/\/esbozodeportivo.com\/#\/schema\/person\/image\/\",\"url\":\"https:\/\/secure.gravatar.com\/avatar\/a07c8189a87d01e7546f1fa2c5a51d53453d3f3ed9c5caaab8066e558ee9b52e?s=96&d=mm&r=g\",\"contentUrl\":\"https:\/\/secure.gravatar.com\/avatar\/a07c8189a87d01e7546f1fa2c5a51d53453d3f3ed9c5caaab8066e558ee9b52e?s=96&d=mm&r=g\",\"caption\":\"Adolfo Cort\u00e9s\"},\"url\":\"https:\/\/esbozodeportivo.com\/index.php\/author\/adolfocortes\/\"}]}<\/script>\n<!-- \/ Yoast SEO plugin. -->","yoast_head_json":{"title":"Jos\u00e9 Guzm\u00e1n Vera, Halc\u00f3n Honorario - Esbozo Deportivo","description":"El ex pateador de las \u00c1guilas Blancas y presidente del Sal\u00f3n de la Fama M\u00e9xico, Jos\u00e9 Guzm\u00e1n Vera, fue distinguido como Halc\u00f3n Honorario por su brillante carrera en el f\u00fatbol americano nacional, como entrenador y promotor de este deporte por parte de la Fraternidad de los Halcones de la Escuela Nacional de Educaci\u00f3n F\u00edsica (ENEF).","robots":{"index":"index","follow":"follow","max-snippet":"max-snippet:-1","max-image-preview":"max-image-preview:large","max-video-preview":"max-video-preview:-1"},"canonical":"https:\/\/esbozodeportivo.com\/index.php\/2025\/11\/17\/jose-guzman-vera-halcon-honorario\/","og_locale":"es_MX","og_type":"article","og_title":"Jos\u00e9 Guzm\u00e1n Vera, Halc\u00f3n Honorario - Esbozo Deportivo","og_description":"El ex pateador de las \u00c1guilas Blancas y presidente del Sal\u00f3n de la Fama M\u00e9xico, Jos\u00e9 Guzm\u00e1n Vera, fue distinguido como Halc\u00f3n Honorario por su brillante carrera en el f\u00fatbol americano nacional, como entrenador y promotor de este deporte por parte de la Fraternidad de los Halcones de la Escuela Nacional de Educaci\u00f3n F\u00edsica (ENEF).","og_url":"https:\/\/esbozodeportivo.com\/index.php\/2025\/11\/17\/jose-guzman-vera-halcon-honorario\/","og_site_name":"Esbozo Deportivo","article_published_time":"2025-11-17T20:24:06+00:00","article_modified_time":"2025-11-17T20:24:07+00:00","og_image":[{"width":1600,"height":1204,"url":"https:\/\/esbozodeportivo.com\/wp-content\/uploads\/2025\/11\/Americano-7.jpg","type":"image\/jpeg"}],"author":"Adolfo Cort\u00e9s","twitter_card":"summary_large_image","twitter_misc":{"Escrito por":"Adolfo Cort\u00e9s","Tiempo de lectura":"2 minutos"},"schema":{"@context":"https:\/\/schema.org","@graph":[{"@type":"Article","@id":"https:\/\/esbozodeportivo.com\/index.php\/2025\/11\/17\/jose-guzman-vera-halcon-honorario\/#article","isPartOf":{"@id":"https:\/\/esbozodeportivo.com\/index.php\/2025\/11\/17\/jose-guzman-vera-halcon-honorario\/"},"author":{"name":"Adolfo Cort\u00e9s","@id":"https:\/\/esbozodeportivo.com\/#\/schema\/person\/501215805cfec00e7a0b4a9238745e12"},"headline":"Jos\u00e9 Guzm\u00e1n Vera, Halc\u00f3n Honorario","datePublished":"2025-11-17T20:24:06+00:00","dateModified":"2025-11-17T20:24:07+00:00","mainEntityOfPage":{"@id":"https:\/\/esbozodeportivo.com\/index.php\/2025\/11\/17\/jose-guzman-vera-halcon-honorario\/"},"wordCount":315,"publisher":{"@id":"https:\/\/esbozodeportivo.com\/#organization"},"image":{"@id":"https:\/\/esbozodeportivo.com\/index.php\/2025\/11\/17\/jose-guzman-vera-halcon-honorario\/#primaryimage"},"thumbnailUrl":"https:\/\/esbozodeportivo.com\/wp-content\/uploads\/2025\/11\/Americano-7.jpg","articleSection":["Futbol Americano"],"inLanguage":"es"},{"@type":"WebPage","@id":"https:\/\/esbozodeportivo.com\/index.php\/2025\/11\/17\/jose-guzman-vera-halcon-honorario\/","url":"https:\/\/esbozodeportivo.com\/index.php\/2025\/11\/17\/jose-guzman-vera-halcon-honorario\/","name":"Jos\u00e9 Guzm\u00e1n Vera, Halc\u00f3n Honorario - Esbozo Deportivo","isPartOf":{"@id":"https:\/\/esbozodeportivo.com\/#website"},"primaryImageOfPage":{"@id":"https:\/\/esbozodeportivo.com\/index.php\/2025\/11\/17\/jose-guzman-vera-halcon-honorario\/#primaryimage"},"image":{"@id":"https:\/\/esbozodeportivo.com\/index.php\/2025\/11\/17\/jose-guzman-vera-halcon-honorario\/#primaryimage"},"thumbnailUrl":"https:\/\/esbozodeportivo.com\/wp-content\/uploads\/2025\/11\/Americano-7.jpg","datePublished":"2025-11-17T20:24:06+00:00","dateModified":"2025-11-17T20:24:07+00:00","description":"El ex pateador de las \u00c1guilas Blancas y presidente del Sal\u00f3n de la Fama M\u00e9xico, Jos\u00e9 Guzm\u00e1n Vera, fue distinguido como Halc\u00f3n Honorario por su brillante carrera en el f\u00fatbol americano nacional, como entrenador y promotor de este deporte por parte de la Fraternidad de los Halcones de la Escuela Nacional de Educaci\u00f3n F\u00edsica (ENEF).","breadcrumb":{"@id":"https:\/\/esbozodeportivo.com\/index.php\/2025\/11\/17\/jose-guzman-vera-halcon-honorario\/#breadcrumb"},"inLanguage":"es","potentialAction":[{"@type":"ReadAction","target":["https:\/\/esbozodeportivo.com\/index.php\/2025\/11\/17\/jose-guzman-vera-halcon-honorario\/"]}]},{"@type":"ImageObject","inLanguage":"es","@id":"https:\/\/esbozodeportivo.com\/index.php\/2025\/11\/17\/jose-guzman-vera-halcon-honorario\/#primaryimage","url":"https:\/\/esbozodeportivo.com\/wp-content\/uploads\/2025\/11\/Americano-7.jpg","contentUrl":"https:\/\/esbozodeportivo.com\/wp-content\/uploads\/2025\/11\/Americano-7.jpg","width":1600,"height":1204},{"@type":"BreadcrumbList","@id":"https:\/\/esbozodeportivo.com\/index.php\/2025\/11\/17\/jose-guzman-vera-halcon-honorario\/#breadcrumb","itemListElement":[{"@type":"ListItem","position":1,"name":"Inicio","item":"https:\/\/esbozodeportivo.com\/"},{"@type":"ListItem","position":2,"name":"Jos\u00e9 Guzm\u00e1n Vera, Halc\u00f3n Honorario"}]},{"@type":"WebSite","@id":"https:\/\/esbozodeportivo.com\/#website","url":"https:\/\/esbozodeportivo.com\/","name":"Esbozo Deportivo","description":"Lo m\u00e1s importante del Deporte","publisher":{"@id":"https:\/\/esbozodeportivo.com\/#organization"},"potentialAction":[{"@type":"SearchAction","target":{"@type":"EntryPoint","urlTemplate":"https:\/\/esbozodeportivo.com\/?s={search_term_string}"},"query-input":{"@type":"PropertyValueSpecification","valueRequired":true,"valueName":"search_term_string"}}],"inLanguage":"es"},{"@type":"Organization","@id":"https:\/\/esbozodeportivo.com\/#organization","name":"Esbozo Deportivo","url":"https:\/\/esbozodeportivo.com\/","logo":{"@type":"ImageObject","inLanguage":"es","@id":"https:\/\/esbozodeportivo.com\/#\/schema\/logo\/image\/","url":"https:\/\/esbozodeportivo.com\/wp-content\/uploads\/2022\/08\/cropped-Logo-Esbozo-Web-2.png","contentUrl":"https:\/\/esbozodeportivo.com\/wp-content\/uploads\/2022\/08\/cropped-Logo-Esbozo-Web-2.png","width":180,"height":50,"caption":"Esbozo Deportivo"},"image":{"@id":"https:\/\/esbozodeportivo.com\/#\/schema\/logo\/image\/"}},{"@type":"Person","@id":"https:\/\/esbozodeportivo.com\/#\/schema\/person\/501215805cfec00e7a0b4a9238745e12","name":"Adolfo Cort\u00e9s","image":{"@type":"ImageObject","inLanguage":"es","@id":"https:\/\/esbozodeportivo.com\/#\/schema\/person\/image\/","url":"https:\/\/secure.gravatar.com\/avatar\/a07c8189a87d01e7546f1fa2c5a51d53453d3f3ed9c5caaab8066e558ee9b52e?s=96&d=mm&r=g","contentUrl":"https:\/\/secure.gravatar.com\/avatar\/a07c8189a87d01e7546f1fa2c5a51d53453d3f3ed9c5caaab8066e558ee9b52e?s=96&d=mm&r=g","caption":"Adolfo Cort\u00e9s"},"url":"https:\/\/esbozodeportivo.com\/index.php\/author\/adolfocortes\/"}]}},"jetpack_featured_media_url":"https:\/\/esbozodeportivo.com\/wp-content\/uploads\/2025\/11\/Americano-7.jpg","jetpack_sharing_enabled":true,"_links":{"self":[{"href":"https:\/\/esbozodeportivo.com\/index.php\/wp-json\/wp\/v2\/posts\/11270","targetHints":{"allow":["GET"]}}],"collection":[{"href":"https:\/\/esbozodeportivo.com\/index.php\/wp-json\/wp\/v2\/posts"}],"about":[{"href":"https:\/\/esbozodeportivo.com\/index.php\/wp-json\/wp\/v2\/types\/post"}],"author":[{"embeddable":true,"href":"https:\/\/esbozodeportivo.com\/index.php\/wp-json\/wp\/v2\/users\/3"}],"replies":[{"embeddable":true,"href":"https:\/\/esbozodeportivo.com\/index.php\/wp-json\/wp\/v2\/comments?post=11270"}],"version-history":[{"count":1,"href":"https:\/\/esbozodeportivo.com\/index.php\/wp-json\/wp\/v2\/posts\/11270\/revisions"}],"predecessor-version":[{"id":11271,"href":"https:\/\/esbozodeportivo.com\/index.php\/wp-json\/wp\/v2\/posts\/11270\/revisions\/11271"}],"wp:featuredmedia":[{"embeddable":true,"href":"https:\/\/esbozodeportivo.com\/index.php\/wp-json\/wp\/v2\/media\/11258"}],"wp:attachment":[{"href":"https:\/\/esbozodeportivo.com\/index.php\/wp-json\/wp\/v2\/media?parent=11270"}],"wp:term":[{"taxonomy":"category","embeddable":true,"href":"https:\/\/esbozodeportivo.com\/index.php\/wp-json\/wp\/v2\/categories?post=11270"},{"taxonomy":"post_tag","embeddable":true,"href":"https:\/\/esbozodeportivo.com\/index.php\/wp-json\/wp\/v2\/tags?post=11270"}],"curies":[{"name":"wp","href":"https:\/\/api.w.org\/{rel}","templated":true}]}}