{"id":11292,"date":"2025-11-20T20:36:32","date_gmt":"2025-11-21T02:36:32","guid":{"rendered":"https:\/\/esbozodeportivo.com\/?p=11292"},"modified":"2025-11-20T20:37:37","modified_gmt":"2025-11-21T02:37:37","slug":"johnny-indovina-regresa-a-mexico-con-su-gira-acustica-storyteller-tour","status":"publish","type":"post","link":"https:\/\/esbozodeportivo.com\/index.php\/2025\/11\/20\/johnny-indovina-regresa-a-mexico-con-su-gira-acustica-storyteller-tour\/","title":{"rendered":"Johnny Indovina regresa a M\u00e9xico con su gira ac\u00fastica Storyteller Tour"},"content":{"rendered":"\n<p><strong>(Foto: Zee Amer) <\/strong><\/p>\n\n\n\n<p>El reconocido cantautor <strong>Johnny Indovina<\/strong>, l\u00edder de la emblem\u00e1tica banda <strong>Human Drama<\/strong>, regresa a M\u00e9xico para reencontrarse con sus seguidores en una \u00edntima y emotiva gira ac\u00fastica titulada <strong><em>Storyteller Tour<\/em><\/strong>. Con m\u00e1s de <strong>40 a\u00f1os de trayectoria<\/strong>, <strong>Indovina<\/strong> se ha consolidado como una de las voces m\u00e1s influyentes del rock oscuro y la melancol\u00eda po\u00e9tica en Am\u00e9rica y Europa, y ahora el p\u00fablico mexicano podr\u00e1 vivir de cerca su sensibilidad art\u00edstica en cuatro fechas especiales del <strong>27 al 30 de noviembre<\/strong>.<\/p>\n\n\n\n<p>La gira tendr\u00e1 como esencia un recorrido por sus canciones m\u00e1s emblem\u00e1ticas, interpretadas en un formato ac\u00fastico que promete acercar a\u00fan m\u00e1s al artista con su audiencia. Adem\u00e1s, contar\u00e1 con la participaci\u00f3n del grupo invitado <strong>Hilo Negro<\/strong>, quienes acompa\u00f1ar\u00e1n el tour con su propuesta musical.<\/p>\n\n\n\n<figure class=\"wp-block-image size-large\"><img loading=\"lazy\" decoding=\"async\" width=\"1024\" height=\"1024\" src=\"https:\/\/esbozodeportivo.com\/wp-content\/uploads\/2025\/11\/32cdb1ab-4460-46a8-b6d1-e0c3d2247350-1024x1024.jpg\" alt=\"\" class=\"wp-image-11294\" srcset=\"https:\/\/esbozodeportivo.com\/wp-content\/uploads\/2025\/11\/32cdb1ab-4460-46a8-b6d1-e0c3d2247350-1024x1024.jpg 1024w, https:\/\/esbozodeportivo.com\/wp-content\/uploads\/2025\/11\/32cdb1ab-4460-46a8-b6d1-e0c3d2247350-300x300.jpg 300w, https:\/\/esbozodeportivo.com\/wp-content\/uploads\/2025\/11\/32cdb1ab-4460-46a8-b6d1-e0c3d2247350-150x150.jpg 150w, https:\/\/esbozodeportivo.com\/wp-content\/uploads\/2025\/11\/32cdb1ab-4460-46a8-b6d1-e0c3d2247350-768x768.jpg 768w, https:\/\/esbozodeportivo.com\/wp-content\/uploads\/2025\/11\/32cdb1ab-4460-46a8-b6d1-e0c3d2247350.jpg 1080w\" sizes=\"auto, (max-width: 1024px) 100vw, 1024px\" \/><\/figure>\n\n\n\n<p><strong>Fechas del Storyteller Tour en M\u00e9xico<\/strong><\/p>\n\n\n\n<ul class=\"wp-block-list\">\n<li><strong>Mi\u00e9rcoles 27 de noviembre<\/strong> \u2013 <em>Beat 803, Puebla<\/em> \u2013 <strong>20:00 hrs<\/strong><br>Despu\u00e9s del show habr\u00e1 sesi\u00f3n de <strong>firma de aut\u00f3grafos<\/strong>.<\/li>\n\n\n\n<li><strong>Viernes 28 de noviembre<\/strong> \u2013 <em>Foro Alicia, Santa Mar\u00eda La Ribera, Ciudad de M\u00e9xico<\/em> \u2013 <strong>20:45 hrs<\/strong><\/li>\n\n\n\n<li><strong>S\u00e1bado 29 de noviembre<\/strong> \u2013 <em>Firma de aut\u00f3grafos en Terraza Bizarro, CDMX<\/em><\/li>\n\n\n\n<li><strong>Domingo 30 de noviembre<\/strong> \u2013 <em>Foro Lando, Toluca<\/em> \u2013 <strong>19:00 hrs<\/strong><br>Al finalizar el concierto tambi\u00e9n se realizar\u00e1 una <strong>firma de aut\u00f3grafos<\/strong>.<\/li>\n<\/ul>\n\n\n\n<p>Con esta serie de presentaciones, <strong>Johnny Indovina<\/strong> reafirma el lazo profundo que mantiene con su p\u00fablico mexicano, uno de los m\u00e1s fieles a lo largo de su carrera. El <em><strong>Storyteller Tour<\/strong><\/em> se perfila como una experiencia cercana, emotiva y \u00fanica para los seguidores de <strong>Human Drama<\/strong> y los amantes de la m\u00fasica introspectiva y visceral.<\/p>\n\n\n\n<p>Las entradas ya se encuentran disponibles en los recintos correspondientes.<\/p>\n\n\n\n<figure class=\"wp-block-image size-large is-resized\"><img loading=\"lazy\" decoding=\"async\" width=\"654\" height=\"1024\" src=\"https:\/\/esbozodeportivo.com\/wp-content\/uploads\/2025\/11\/05b55ea9-26f0-4a7f-ace1-fcd68999a972-654x1024.jpg\" alt=\"\" class=\"wp-image-11293\" style=\"width:700px;height:auto\" srcset=\"https:\/\/esbozodeportivo.com\/wp-content\/uploads\/2025\/11\/05b55ea9-26f0-4a7f-ace1-fcd68999a972-654x1024.jpg 654w, https:\/\/esbozodeportivo.com\/wp-content\/uploads\/2025\/11\/05b55ea9-26f0-4a7f-ace1-fcd68999a972-192x300.jpg 192w, https:\/\/esbozodeportivo.com\/wp-content\/uploads\/2025\/11\/05b55ea9-26f0-4a7f-ace1-fcd68999a972-768x1203.jpg 768w, https:\/\/esbozodeportivo.com\/wp-content\/uploads\/2025\/11\/05b55ea9-26f0-4a7f-ace1-fcd68999a972-981x1536.jpg 981w, https:\/\/esbozodeportivo.com\/wp-content\/uploads\/2025\/11\/05b55ea9-26f0-4a7f-ace1-fcd68999a972.jpg 1021w\" sizes=\"auto, (max-width: 654px) 100vw, 654px\" \/><\/figure>\n\n\n\n<p><strong>(Foto: Fernando del R\u00edo) <\/strong><\/p>\n\n\n\n<p><\/p>\n","protected":false},"excerpt":{"rendered":"<p>(Foto: Zee Amer) El reconocido cantautor Johnny Indovina, l\u00edder de la emblem\u00e1tica banda Human Drama,<\/p>\n","protected":false},"author":4,"featured_media":11295,"comment_status":"closed","ping_status":"open","sticky":false,"template":"","format":"standard","meta":{"_jetpack_memberships_contains_paid_content":false,"footnotes":""},"categories":[61],"tags":[],"class_list":["post-11292","post","type-post","status-publish","format-standard","has-post-thumbnail","hentry","category-espectaculos"],"yoast_head":"<!-- This site is optimized with the Yoast SEO plugin v25.7 - https:\/\/yoast.com\/wordpress\/plugins\/seo\/ -->\n<title>Johnny Indovina regresa a M\u00e9xico con su gira ac\u00fastica Storyteller Tour - Esbozo Deportivo<\/title>\n<meta name=\"description\" content=\"El reconocido cantautor Johnny Indovina, l\u00edder de la emblem\u00e1tica banda Human Drama, regresa a M\u00e9xico para reencontrarse con sus seguidores en una \u00edntima y emotiva gira ac\u00fastica titulada Storyteller Tour. Con m\u00e1s de 40 a\u00f1os de trayectoria, Indovina se ha consolidado como una de las voces m\u00e1s influyentes del rock oscuro y la melancol\u00eda po\u00e9tica en Am\u00e9rica y Europa, y ahora el p\u00fablico mexicano podr\u00e1 vivir de cerca su sensibilidad art\u00edstica en cuatro fechas especiales del 27 al 30 de noviembre.\" \/>\n<meta name=\"robots\" content=\"index, follow, max-snippet:-1, max-image-preview:large, max-video-preview:-1\" \/>\n<link rel=\"canonical\" href=\"https:\/\/esbozodeportivo.com\/index.php\/2025\/11\/20\/johnny-indovina-regresa-a-mexico-con-su-gira-acustica-storyteller-tour\/\" \/>\n<meta property=\"og:locale\" content=\"es_MX\" \/>\n<meta property=\"og:type\" content=\"article\" \/>\n<meta property=\"og:title\" content=\"Johnny Indovina regresa a M\u00e9xico con su gira ac\u00fastica Storyteller Tour - Esbozo Deportivo\" \/>\n<meta property=\"og:description\" content=\"El reconocido cantautor Johnny Indovina, l\u00edder de la emblem\u00e1tica banda Human Drama, regresa a M\u00e9xico para reencontrarse con sus seguidores en una \u00edntima y emotiva gira ac\u00fastica titulada Storyteller Tour. Con m\u00e1s de 40 a\u00f1os de trayectoria, Indovina se ha consolidado como una de las voces m\u00e1s influyentes del rock oscuro y la melancol\u00eda po\u00e9tica en Am\u00e9rica y Europa, y ahora el p\u00fablico mexicano podr\u00e1 vivir de cerca su sensibilidad art\u00edstica en cuatro fechas especiales del 27 al 30 de noviembre.\" \/>\n<meta property=\"og:url\" content=\"https:\/\/esbozodeportivo.com\/index.php\/2025\/11\/20\/johnny-indovina-regresa-a-mexico-con-su-gira-acustica-storyteller-tour\/\" \/>\n<meta property=\"og:site_name\" content=\"Esbozo Deportivo\" \/>\n<meta property=\"article:published_time\" content=\"2025-11-21T02:36:32+00:00\" \/>\n<meta property=\"article:modified_time\" content=\"2025-11-21T02:37:37+00:00\" \/>\n<meta property=\"og:image\" content=\"https:\/\/esbozodeportivo.com\/wp-content\/uploads\/2025\/11\/e220dc35-f82a-4905-a1ff-18f8c60df61e.jpg\" \/>\n\t<meta property=\"og:image:width\" content=\"1000\" \/>\n\t<meta property=\"og:image:height\" content=\"1500\" \/>\n\t<meta property=\"og:image:type\" content=\"image\/jpeg\" \/>\n<meta name=\"author\" content=\"Redacci\u00f3n\" \/>\n<meta name=\"twitter:card\" content=\"summary_large_image\" \/>\n<meta name=\"twitter:label1\" content=\"Escrito por\" \/>\n\t<meta name=\"twitter:data1\" content=\"Redacci\u00f3n\" \/>\n\t<meta name=\"twitter:label2\" content=\"Tiempo de lectura\" \/>\n\t<meta name=\"twitter:data2\" content=\"2 minutos\" \/>\n<script type=\"application\/ld+json\" class=\"yoast-schema-graph\">{\"@context\":\"https:\/\/schema.org\",\"@graph\":[{\"@type\":\"Article\",\"@id\":\"https:\/\/esbozodeportivo.com\/index.php\/2025\/11\/20\/johnny-indovina-regresa-a-mexico-con-su-gira-acustica-storyteller-tour\/#article\",\"isPartOf\":{\"@id\":\"https:\/\/esbozodeportivo.com\/index.php\/2025\/11\/20\/johnny-indovina-regresa-a-mexico-con-su-gira-acustica-storyteller-tour\/\"},\"author\":{\"name\":\"Redacci\u00f3n\",\"@id\":\"https:\/\/esbozodeportivo.com\/#\/schema\/person\/0f6df9196dfe6740dd0bb31bae50d374\"},\"headline\":\"Johnny Indovina regresa a M\u00e9xico con su gira ac\u00fastica Storyteller Tour\",\"datePublished\":\"2025-11-21T02:36:32+00:00\",\"dateModified\":\"2025-11-21T02:37:37+00:00\",\"mainEntityOfPage\":{\"@id\":\"https:\/\/esbozodeportivo.com\/index.php\/2025\/11\/20\/johnny-indovina-regresa-a-mexico-con-su-gira-acustica-storyteller-tour\/\"},\"wordCount\":306,\"publisher\":{\"@id\":\"https:\/\/esbozodeportivo.com\/#organization\"},\"image\":{\"@id\":\"https:\/\/esbozodeportivo.com\/index.php\/2025\/11\/20\/johnny-indovina-regresa-a-mexico-con-su-gira-acustica-storyteller-tour\/#primaryimage\"},\"thumbnailUrl\":\"https:\/\/esbozodeportivo.com\/wp-content\/uploads\/2025\/11\/e220dc35-f82a-4905-a1ff-18f8c60df61e.jpg\",\"articleSection\":[\"Espect\u00e1culos\"],\"inLanguage\":\"es\"},{\"@type\":\"WebPage\",\"@id\":\"https:\/\/esbozodeportivo.com\/index.php\/2025\/11\/20\/johnny-indovina-regresa-a-mexico-con-su-gira-acustica-storyteller-tour\/\",\"url\":\"https:\/\/esbozodeportivo.com\/index.php\/2025\/11\/20\/johnny-indovina-regresa-a-mexico-con-su-gira-acustica-storyteller-tour\/\",\"name\":\"Johnny Indovina regresa a M\u00e9xico con su gira ac\u00fastica Storyteller Tour - Esbozo Deportivo\",\"isPartOf\":{\"@id\":\"https:\/\/esbozodeportivo.com\/#website\"},\"primaryImageOfPage\":{\"@id\":\"https:\/\/esbozodeportivo.com\/index.php\/2025\/11\/20\/johnny-indovina-regresa-a-mexico-con-su-gira-acustica-storyteller-tour\/#primaryimage\"},\"image\":{\"@id\":\"https:\/\/esbozodeportivo.com\/index.php\/2025\/11\/20\/johnny-indovina-regresa-a-mexico-con-su-gira-acustica-storyteller-tour\/#primaryimage\"},\"thumbnailUrl\":\"https:\/\/esbozodeportivo.com\/wp-content\/uploads\/2025\/11\/e220dc35-f82a-4905-a1ff-18f8c60df61e.jpg\",\"datePublished\":\"2025-11-21T02:36:32+00:00\",\"dateModified\":\"2025-11-21T02:37:37+00:00\",\"description\":\"El reconocido cantautor Johnny Indovina, l\u00edder de la emblem\u00e1tica banda Human Drama, regresa a M\u00e9xico para reencontrarse con sus seguidores en una \u00edntima y emotiva gira ac\u00fastica titulada Storyteller Tour. Con m\u00e1s de 40 a\u00f1os de trayectoria, Indovina se ha consolidado como una de las voces m\u00e1s influyentes del rock oscuro y la melancol\u00eda po\u00e9tica en Am\u00e9rica y Europa, y ahora el p\u00fablico mexicano podr\u00e1 vivir de cerca su sensibilidad art\u00edstica en cuatro fechas especiales del 27 al 30 de noviembre.\",\"breadcrumb\":{\"@id\":\"https:\/\/esbozodeportivo.com\/index.php\/2025\/11\/20\/johnny-indovina-regresa-a-mexico-con-su-gira-acustica-storyteller-tour\/#breadcrumb\"},\"inLanguage\":\"es\",\"potentialAction\":[{\"@type\":\"ReadAction\",\"target\":[\"https:\/\/esbozodeportivo.com\/index.php\/2025\/11\/20\/johnny-indovina-regresa-a-mexico-con-su-gira-acustica-storyteller-tour\/\"]}]},{\"@type\":\"ImageObject\",\"inLanguage\":\"es\",\"@id\":\"https:\/\/esbozodeportivo.com\/index.php\/2025\/11\/20\/johnny-indovina-regresa-a-mexico-con-su-gira-acustica-storyteller-tour\/#primaryimage\",\"url\":\"https:\/\/esbozodeportivo.com\/wp-content\/uploads\/2025\/11\/e220dc35-f82a-4905-a1ff-18f8c60df61e.jpg\",\"contentUrl\":\"https:\/\/esbozodeportivo.com\/wp-content\/uploads\/2025\/11\/e220dc35-f82a-4905-a1ff-18f8c60df61e.jpg\",\"width\":1000,\"height\":1500},{\"@type\":\"BreadcrumbList\",\"@id\":\"https:\/\/esbozodeportivo.com\/index.php\/2025\/11\/20\/johnny-indovina-regresa-a-mexico-con-su-gira-acustica-storyteller-tour\/#breadcrumb\",\"itemListElement\":[{\"@type\":\"ListItem\",\"position\":1,\"name\":\"Inicio\",\"item\":\"https:\/\/esbozodeportivo.com\/\"},{\"@type\":\"ListItem\",\"position\":2,\"name\":\"Johnny Indovina regresa a M\u00e9xico con su gira ac\u00fastica Storyteller Tour\"}]},{\"@type\":\"WebSite\",\"@id\":\"https:\/\/esbozodeportivo.com\/#website\",\"url\":\"https:\/\/esbozodeportivo.com\/\",\"name\":\"Esbozo Deportivo\",\"description\":\"Lo m\u00e1s importante del Deporte\",\"publisher\":{\"@id\":\"https:\/\/esbozodeportivo.com\/#organization\"},\"potentialAction\":[{\"@type\":\"SearchAction\",\"target\":{\"@type\":\"EntryPoint\",\"urlTemplate\":\"https:\/\/esbozodeportivo.com\/?s={search_term_string}\"},\"query-input\":{\"@type\":\"PropertyValueSpecification\",\"valueRequired\":true,\"valueName\":\"search_term_string\"}}],\"inLanguage\":\"es\"},{\"@type\":\"Organization\",\"@id\":\"https:\/\/esbozodeportivo.com\/#organization\",\"name\":\"Esbozo Deportivo\",\"url\":\"https:\/\/esbozodeportivo.com\/\",\"logo\":{\"@type\":\"ImageObject\",\"inLanguage\":\"es\",\"@id\":\"https:\/\/esbozodeportivo.com\/#\/schema\/logo\/image\/\",\"url\":\"https:\/\/esbozodeportivo.com\/wp-content\/uploads\/2022\/08\/cropped-Logo-Esbozo-Web-2.png\",\"contentUrl\":\"https:\/\/esbozodeportivo.com\/wp-content\/uploads\/2022\/08\/cropped-Logo-Esbozo-Web-2.png\",\"width\":180,\"height\":50,\"caption\":\"Esbozo Deportivo\"},\"image\":{\"@id\":\"https:\/\/esbozodeportivo.com\/#\/schema\/logo\/image\/\"}},{\"@type\":\"Person\",\"@id\":\"https:\/\/esbozodeportivo.com\/#\/schema\/person\/0f6df9196dfe6740dd0bb31bae50d374\",\"name\":\"Redacci\u00f3n\",\"image\":{\"@type\":\"ImageObject\",\"inLanguage\":\"es\",\"@id\":\"https:\/\/esbozodeportivo.com\/#\/schema\/person\/image\/\",\"url\":\"https:\/\/secure.gravatar.com\/avatar\/f55268a89c3b418f2ef172ff52ab0d09b3e653c58de29539fe329fb93d78ebf3?s=96&d=mm&r=g\",\"contentUrl\":\"https:\/\/secure.gravatar.com\/avatar\/f55268a89c3b418f2ef172ff52ab0d09b3e653c58de29539fe329fb93d78ebf3?s=96&d=mm&r=g\",\"caption\":\"Redacci\u00f3n\"},\"url\":\"https:\/\/esbozodeportivo.com\/index.php\/author\/redaccion\/\"}]}<\/script>\n<!-- \/ Yoast SEO plugin. -->","yoast_head_json":{"title":"Johnny Indovina regresa a M\u00e9xico con su gira ac\u00fastica Storyteller Tour - Esbozo Deportivo","description":"El reconocido cantautor Johnny Indovina, l\u00edder de la emblem\u00e1tica banda Human Drama, regresa a M\u00e9xico para reencontrarse con sus seguidores en una \u00edntima y emotiva gira ac\u00fastica titulada Storyteller Tour. Con m\u00e1s de 40 a\u00f1os de trayectoria, Indovina se ha consolidado como una de las voces m\u00e1s influyentes del rock oscuro y la melancol\u00eda po\u00e9tica en Am\u00e9rica y Europa, y ahora el p\u00fablico mexicano podr\u00e1 vivir de cerca su sensibilidad art\u00edstica en cuatro fechas especiales del 27 al 30 de noviembre.","robots":{"index":"index","follow":"follow","max-snippet":"max-snippet:-1","max-image-preview":"max-image-preview:large","max-video-preview":"max-video-preview:-1"},"canonical":"https:\/\/esbozodeportivo.com\/index.php\/2025\/11\/20\/johnny-indovina-regresa-a-mexico-con-su-gira-acustica-storyteller-tour\/","og_locale":"es_MX","og_type":"article","og_title":"Johnny Indovina regresa a M\u00e9xico con su gira ac\u00fastica Storyteller Tour - Esbozo Deportivo","og_description":"El reconocido cantautor Johnny Indovina, l\u00edder de la emblem\u00e1tica banda Human Drama, regresa a M\u00e9xico para reencontrarse con sus seguidores en una \u00edntima y emotiva gira ac\u00fastica titulada Storyteller Tour. Con m\u00e1s de 40 a\u00f1os de trayectoria, Indovina se ha consolidado como una de las voces m\u00e1s influyentes del rock oscuro y la melancol\u00eda po\u00e9tica en Am\u00e9rica y Europa, y ahora el p\u00fablico mexicano podr\u00e1 vivir de cerca su sensibilidad art\u00edstica en cuatro fechas especiales del 27 al 30 de noviembre.","og_url":"https:\/\/esbozodeportivo.com\/index.php\/2025\/11\/20\/johnny-indovina-regresa-a-mexico-con-su-gira-acustica-storyteller-tour\/","og_site_name":"Esbozo Deportivo","article_published_time":"2025-11-21T02:36:32+00:00","article_modified_time":"2025-11-21T02:37:37+00:00","og_image":[{"width":1000,"height":1500,"url":"https:\/\/esbozodeportivo.com\/wp-content\/uploads\/2025\/11\/e220dc35-f82a-4905-a1ff-18f8c60df61e.jpg","type":"image\/jpeg"}],"author":"Redacci\u00f3n","twitter_card":"summary_large_image","twitter_misc":{"Escrito por":"Redacci\u00f3n","Tiempo de lectura":"2 minutos"},"schema":{"@context":"https:\/\/schema.org","@graph":[{"@type":"Article","@id":"https:\/\/esbozodeportivo.com\/index.php\/2025\/11\/20\/johnny-indovina-regresa-a-mexico-con-su-gira-acustica-storyteller-tour\/#article","isPartOf":{"@id":"https:\/\/esbozodeportivo.com\/index.php\/2025\/11\/20\/johnny-indovina-regresa-a-mexico-con-su-gira-acustica-storyteller-tour\/"},"author":{"name":"Redacci\u00f3n","@id":"https:\/\/esbozodeportivo.com\/#\/schema\/person\/0f6df9196dfe6740dd0bb31bae50d374"},"headline":"Johnny Indovina regresa a M\u00e9xico con su gira ac\u00fastica Storyteller Tour","datePublished":"2025-11-21T02:36:32+00:00","dateModified":"2025-11-21T02:37:37+00:00","mainEntityOfPage":{"@id":"https:\/\/esbozodeportivo.com\/index.php\/2025\/11\/20\/johnny-indovina-regresa-a-mexico-con-su-gira-acustica-storyteller-tour\/"},"wordCount":306,"publisher":{"@id":"https:\/\/esbozodeportivo.com\/#organization"},"image":{"@id":"https:\/\/esbozodeportivo.com\/index.php\/2025\/11\/20\/johnny-indovina-regresa-a-mexico-con-su-gira-acustica-storyteller-tour\/#primaryimage"},"thumbnailUrl":"https:\/\/esbozodeportivo.com\/wp-content\/uploads\/2025\/11\/e220dc35-f82a-4905-a1ff-18f8c60df61e.jpg","articleSection":["Espect\u00e1culos"],"inLanguage":"es"},{"@type":"WebPage","@id":"https:\/\/esbozodeportivo.com\/index.php\/2025\/11\/20\/johnny-indovina-regresa-a-mexico-con-su-gira-acustica-storyteller-tour\/","url":"https:\/\/esbozodeportivo.com\/index.php\/2025\/11\/20\/johnny-indovina-regresa-a-mexico-con-su-gira-acustica-storyteller-tour\/","name":"Johnny Indovina regresa a M\u00e9xico con su gira ac\u00fastica Storyteller Tour - Esbozo Deportivo","isPartOf":{"@id":"https:\/\/esbozodeportivo.com\/#website"},"primaryImageOfPage":{"@id":"https:\/\/esbozodeportivo.com\/index.php\/2025\/11\/20\/johnny-indovina-regresa-a-mexico-con-su-gira-acustica-storyteller-tour\/#primaryimage"},"image":{"@id":"https:\/\/esbozodeportivo.com\/index.php\/2025\/11\/20\/johnny-indovina-regresa-a-mexico-con-su-gira-acustica-storyteller-tour\/#primaryimage"},"thumbnailUrl":"https:\/\/esbozodeportivo.com\/wp-content\/uploads\/2025\/11\/e220dc35-f82a-4905-a1ff-18f8c60df61e.jpg","datePublished":"2025-11-21T02:36:32+00:00","dateModified":"2025-11-21T02:37:37+00:00","description":"El reconocido cantautor Johnny Indovina, l\u00edder de la emblem\u00e1tica banda Human Drama, regresa a M\u00e9xico para reencontrarse con sus seguidores en una \u00edntima y emotiva gira ac\u00fastica titulada Storyteller Tour. Con m\u00e1s de 40 a\u00f1os de trayectoria, Indovina se ha consolidado como una de las voces m\u00e1s influyentes del rock oscuro y la melancol\u00eda po\u00e9tica en Am\u00e9rica y Europa, y ahora el p\u00fablico mexicano podr\u00e1 vivir de cerca su sensibilidad art\u00edstica en cuatro fechas especiales del 27 al 30 de noviembre.","breadcrumb":{"@id":"https:\/\/esbozodeportivo.com\/index.php\/2025\/11\/20\/johnny-indovina-regresa-a-mexico-con-su-gira-acustica-storyteller-tour\/#breadcrumb"},"inLanguage":"es","potentialAction":[{"@type":"ReadAction","target":["https:\/\/esbozodeportivo.com\/index.php\/2025\/11\/20\/johnny-indovina-regresa-a-mexico-con-su-gira-acustica-storyteller-tour\/"]}]},{"@type":"ImageObject","inLanguage":"es","@id":"https:\/\/esbozodeportivo.com\/index.php\/2025\/11\/20\/johnny-indovina-regresa-a-mexico-con-su-gira-acustica-storyteller-tour\/#primaryimage","url":"https:\/\/esbozodeportivo.com\/wp-content\/uploads\/2025\/11\/e220dc35-f82a-4905-a1ff-18f8c60df61e.jpg","contentUrl":"https:\/\/esbozodeportivo.com\/wp-content\/uploads\/2025\/11\/e220dc35-f82a-4905-a1ff-18f8c60df61e.jpg","width":1000,"height":1500},{"@type":"BreadcrumbList","@id":"https:\/\/esbozodeportivo.com\/index.php\/2025\/11\/20\/johnny-indovina-regresa-a-mexico-con-su-gira-acustica-storyteller-tour\/#breadcrumb","itemListElement":[{"@type":"ListItem","position":1,"name":"Inicio","item":"https:\/\/esbozodeportivo.com\/"},{"@type":"ListItem","position":2,"name":"Johnny Indovina regresa a M\u00e9xico con su gira ac\u00fastica Storyteller Tour"}]},{"@type":"WebSite","@id":"https:\/\/esbozodeportivo.com\/#website","url":"https:\/\/esbozodeportivo.com\/","name":"Esbozo Deportivo","description":"Lo m\u00e1s importante del Deporte","publisher":{"@id":"https:\/\/esbozodeportivo.com\/#organization"},"potentialAction":[{"@type":"SearchAction","target":{"@type":"EntryPoint","urlTemplate":"https:\/\/esbozodeportivo.com\/?s={search_term_string}"},"query-input":{"@type":"PropertyValueSpecification","valueRequired":true,"valueName":"search_term_string"}}],"inLanguage":"es"},{"@type":"Organization","@id":"https:\/\/esbozodeportivo.com\/#organization","name":"Esbozo Deportivo","url":"https:\/\/esbozodeportivo.com\/","logo":{"@type":"ImageObject","inLanguage":"es","@id":"https:\/\/esbozodeportivo.com\/#\/schema\/logo\/image\/","url":"https:\/\/esbozodeportivo.com\/wp-content\/uploads\/2022\/08\/cropped-Logo-Esbozo-Web-2.png","contentUrl":"https:\/\/esbozodeportivo.com\/wp-content\/uploads\/2022\/08\/cropped-Logo-Esbozo-Web-2.png","width":180,"height":50,"caption":"Esbozo Deportivo"},"image":{"@id":"https:\/\/esbozodeportivo.com\/#\/schema\/logo\/image\/"}},{"@type":"Person","@id":"https:\/\/esbozodeportivo.com\/#\/schema\/person\/0f6df9196dfe6740dd0bb31bae50d374","name":"Redacci\u00f3n","image":{"@type":"ImageObject","inLanguage":"es","@id":"https:\/\/esbozodeportivo.com\/#\/schema\/person\/image\/","url":"https:\/\/secure.gravatar.com\/avatar\/f55268a89c3b418f2ef172ff52ab0d09b3e653c58de29539fe329fb93d78ebf3?s=96&d=mm&r=g","contentUrl":"https:\/\/secure.gravatar.com\/avatar\/f55268a89c3b418f2ef172ff52ab0d09b3e653c58de29539fe329fb93d78ebf3?s=96&d=mm&r=g","caption":"Redacci\u00f3n"},"url":"https:\/\/esbozodeportivo.com\/index.php\/author\/redaccion\/"}]}},"jetpack_featured_media_url":"https:\/\/esbozodeportivo.com\/wp-content\/uploads\/2025\/11\/e220dc35-f82a-4905-a1ff-18f8c60df61e.jpg","jetpack_sharing_enabled":true,"_links":{"self":[{"href":"https:\/\/esbozodeportivo.com\/index.php\/wp-json\/wp\/v2\/posts\/11292","targetHints":{"allow":["GET"]}}],"collection":[{"href":"https:\/\/esbozodeportivo.com\/index.php\/wp-json\/wp\/v2\/posts"}],"about":[{"href":"https:\/\/esbozodeportivo.com\/index.php\/wp-json\/wp\/v2\/types\/post"}],"author":[{"embeddable":true,"href":"https:\/\/esbozodeportivo.com\/index.php\/wp-json\/wp\/v2\/users\/4"}],"replies":[{"embeddable":true,"href":"https:\/\/esbozodeportivo.com\/index.php\/wp-json\/wp\/v2\/comments?post=11292"}],"version-history":[{"count":2,"href":"https:\/\/esbozodeportivo.com\/index.php\/wp-json\/wp\/v2\/posts\/11292\/revisions"}],"predecessor-version":[{"id":11297,"href":"https:\/\/esbozodeportivo.com\/index.php\/wp-json\/wp\/v2\/posts\/11292\/revisions\/11297"}],"wp:featuredmedia":[{"embeddable":true,"href":"https:\/\/esbozodeportivo.com\/index.php\/wp-json\/wp\/v2\/media\/11295"}],"wp:attachment":[{"href":"https:\/\/esbozodeportivo.com\/index.php\/wp-json\/wp\/v2\/media?parent=11292"}],"wp:term":[{"taxonomy":"category","embeddable":true,"href":"https:\/\/esbozodeportivo.com\/index.php\/wp-json\/wp\/v2\/categories?post=11292"},{"taxonomy":"post_tag","embeddable":true,"href":"https:\/\/esbozodeportivo.com\/index.php\/wp-json\/wp\/v2\/tags?post=11292"}],"curies":[{"name":"wp","href":"https:\/\/api.w.org\/{rel}","templated":true}]}}