{"id":11310,"date":"2025-11-20T21:11:20","date_gmt":"2025-11-21T03:11:20","guid":{"rendered":"https:\/\/esbozodeportivo.com\/?p=11310"},"modified":"2025-11-20T21:11:21","modified_gmt":"2025-11-21T03:11:21","slug":"se-inaugura-la-primera-copa-bobby-diaz-en-veracruz","status":"publish","type":"post","link":"https:\/\/esbozodeportivo.com\/index.php\/2025\/11\/20\/se-inaugura-la-primera-copa-bobby-diaz-en-veracruz\/","title":{"rendered":"Se inaugura la primera Copa Bobby D\u00edaz en Veracruz"},"content":{"rendered":"\n<p><strong>Roberto D\u00edaz (Foto: Media FMG) <\/strong><\/p>\n\n\n\n<ul class=\"wp-block-list\">\n<li>Se jugar\u00e1 del 20 al 23 de noviembre en Veracruz<\/li>\n\n\n\n<li>Club de Golf La Villa Rica y Punta Tibur\u00f3n Country Club son las sedes de esta edici\u00f3n.<\/li>\n\n\n\n<li>La Copa Bobby D\u00edaz representa el segundo evento de la temporada 25-26 infantil juvenil de la FMG.<\/li>\n\n\n\n<li>Joshua Hong y Regina Rold\u00e1n fueron los campeones en la edici\u00f3n anterior<\/li>\n<\/ul>\n\n\n\n<p>Alvarado, Veracruz (20 de noviembre 2025) \u2013 La primera <strong>Copa Bobby D\u00edaz<\/strong> se inaugur\u00f3 con \u00e9xito este jueves en las instalaciones del <strong>Club de Golf La Villa Rica<\/strong>, competencia que se jugar\u00e1 del <strong>20 al 23 de noviembre del 2025<\/strong> en <strong>Punta Tibur\u00f3n Country Club y La Villa Rica<\/strong>, siendo as\u00ed el segundo evento de la temporada 2025-2026 del <strong>Comit\u00e9 Nacional Infantil Juvenil<\/strong> de la <strong>Federaci\u00f3n Mexicana de Golf<\/strong>.<\/p>\n\n\n\n<p>La ceremonia de inauguraci\u00f3n cont\u00f3 con la presencia de <strong>Juan Carlos Garc\u00eda<\/strong> Director de Punta Tibur\u00f3n Residencial, Marina &amp; Golf; <strong>Manuel Antonio Sober\u00f3n Su\u00e1rez<\/strong>, Gerente de Punta Tibur\u00f3n; <strong>Jos\u00e9 Antonio Urreta Ruiz<\/strong>, Presidente del Comit\u00e9 de Golf de Punta Tibur\u00f3n y Miembro del Comit\u00e9 de Golf Infantil Juvenil de la Zona Sur; <strong>Jos\u00e9 Mar\u00eda Carus Villase\u00f1or<\/strong>, Presidente del Consejo de Administraci\u00f3n de La Villa Rica; <strong>Javier Villanueva<\/strong>, Director General de la MJGA; <strong>Pedro Gil<\/strong>, Director de Operaciones de JUNGLE; <strong>Carlos Mart\u00ednez<\/strong>, Director General de Xuntas; <strong>David Fuentes<\/strong>, Presidente Infantiles Juveniles Zona Gado; <strong>Julio Villarreal<\/strong>, Presidente Infantiles Juveniles Zona Norte; <strong>Diego Camelo<\/strong>, Presidente Infantiles Juveniles Zona Sur; <strong>Yayoi Garc\u00eda<\/strong>, Presidenta Infantiles Juveniles Golf Zona Centro y <strong>Eric Aguirre Palencia<\/strong>, Presidente del CNIJ de la FMG.<\/p>\n\n\n\n<figure class=\"wp-block-image size-large\"><img loading=\"lazy\" decoding=\"async\" width=\"1024\" height=\"681\" src=\"https:\/\/esbozodeportivo.com\/wp-content\/uploads\/2025\/11\/Veracruz1-1024x681.jpg\" alt=\"\" class=\"wp-image-11312\" srcset=\"https:\/\/esbozodeportivo.com\/wp-content\/uploads\/2025\/11\/Veracruz1-1024x681.jpg 1024w, https:\/\/esbozodeportivo.com\/wp-content\/uploads\/2025\/11\/Veracruz1-300x200.jpg 300w, https:\/\/esbozodeportivo.com\/wp-content\/uploads\/2025\/11\/Veracruz1-768x511.jpg 768w, https:\/\/esbozodeportivo.com\/wp-content\/uploads\/2025\/11\/Veracruz1-1536x1021.jpg 1536w, https:\/\/esbozodeportivo.com\/wp-content\/uploads\/2025\/11\/Veracruz1.jpg 1600w\" sizes=\"auto, (max-width: 1024px) 100vw, 1024px\" \/><\/figure>\n\n\n\n<p><strong>Drive inaugural (Foto: Media FMG) <\/strong><\/p>\n\n\n\n<p>De manera virtual, <strong>Roberto D\u00edaz<\/strong> dirigi\u00f3 un emotivo mensaje a todos los j\u00f3venes golfistas y padres presentes en donde expres\u00f3 su orgullo por tener un torneo a su nombre.<\/p>\n\n\n\n<p>\u201c<em>Much\u00edsimas gracias por venir, es un orgullo para m\u00ed tener un torneo nacinal con mi nombre, compet\u00ed en muchos de ellos y me acuerdo de las cosas divertidas y siempre fueron mi torneos favoritos, me acuerdo de c\u00f3mo viaj\u00e1bamos, conviv\u00edamos y es un orgullo para m\u00ed el poder estar hablando con ustedes. Espero lo disfruten mucho, y a todos les deseo suerte, es un torneo que obviamente al ser en mi ciudad es muy especial para m\u00ed y les deseo lo mejor<\/em>\u201d, coment\u00f3 el profesional mexicano.<\/p>\n\n\n\n<p>En esta competici\u00f3n, la <strong>Categor\u00eda 18 y menores y 12-13 femenil<\/strong> jugar\u00e1 en <strong>Punta Tibur\u00f3n<\/strong>, la <strong>7 y menores, 8-9, 10-11, 12-13 varonil y 15 y menores<\/strong> en el <strong>Club de Golf La Villa Rica.<\/strong><\/p>\n\n\n\n<p><strong>PROGRAMA DEL EVENTO<\/strong><\/p>\n\n\n\n<p><strong>Viernes 21 de noviembre<\/strong><\/p>\n\n\n\n<ul class=\"wp-block-list\">\n<li>6:30 hrs &#8211; 1ra Ronda<\/li>\n<\/ul>\n\n\n\n<p><strong>S\u00e1bado 22 de noviembre<\/strong><\/p>\n\n\n\n<ul class=\"wp-block-list\">\n<li>6:30 hrs &#8211; 2da Ronda<\/li>\n<\/ul>\n\n\n\n<p><strong>Domingo 23 de noviembre<\/strong><\/p>\n\n\n\n<ul class=\"wp-block-list\">\n<li>Ronda final<\/li>\n\n\n\n<li>Premiaci\u00f3n y clausura al t\u00e9rmino de la ronda en cada campo<\/li>\n<\/ul>\n\n\n\n<figure class=\"wp-block-image size-large\"><img loading=\"lazy\" decoding=\"async\" width=\"1024\" height=\"681\" src=\"https:\/\/esbozodeportivo.com\/wp-content\/uploads\/2025\/11\/Veracruz2-1024x681.jpg\" alt=\"\" class=\"wp-image-11313\" srcset=\"https:\/\/esbozodeportivo.com\/wp-content\/uploads\/2025\/11\/Veracruz2-1024x681.jpg 1024w, https:\/\/esbozodeportivo.com\/wp-content\/uploads\/2025\/11\/Veracruz2-300x200.jpg 300w, https:\/\/esbozodeportivo.com\/wp-content\/uploads\/2025\/11\/Veracruz2-768x511.jpg 768w, https:\/\/esbozodeportivo.com\/wp-content\/uploads\/2025\/11\/Veracruz2-1536x1021.jpg 1536w, https:\/\/esbozodeportivo.com\/wp-content\/uploads\/2025\/11\/Veracruz2.jpg 1600w\" sizes=\"auto, (max-width: 1024px) 100vw, 1024px\" \/><\/figure>\n\n\n\n<p><strong>(Foto: Media FMG) <\/strong><\/p>\n\n\n\n<p><\/p>\n","protected":false},"excerpt":{"rendered":"<p>Roberto D\u00edaz (Foto: Media FMG) Alvarado, Veracruz (20 de noviembre 2025) \u2013 La primera Copa<\/p>\n","protected":false},"author":4,"featured_media":11311,"comment_status":"closed","ping_status":"open","sticky":false,"template":"","format":"standard","meta":{"_jetpack_memberships_contains_paid_content":false,"footnotes":""},"categories":[83],"tags":[],"class_list":["post-11310","post","type-post","status-publish","format-standard","has-post-thumbnail","hentry","category-federacion-mexicana-de-golf"],"yoast_head":"<!-- This site is optimized with the Yoast SEO plugin v25.7 - https:\/\/yoast.com\/wordpress\/plugins\/seo\/ -->\n<title>Se inaugura la primera Copa Bobby D\u00edaz en Veracruz - Esbozo Deportivo<\/title>\n<meta name=\"description\" content=\"La primera Copa Bobby D\u00edaz se inaugur\u00f3 con \u00e9xito este jueves en las instalaciones del Club de Golf La Villa Rica, competencia que se jugar\u00e1 del 20 al 23 de noviembre del 2025 en Punta Tibur\u00f3n Country Club y La Villa Rica, siendo as\u00ed el segundo evento de la temporada 2025-2026 del Comit\u00e9 Nacional Infantil Juvenil de la Federaci\u00f3n Mexicana de Golf.\" \/>\n<meta name=\"robots\" content=\"index, follow, max-snippet:-1, max-image-preview:large, max-video-preview:-1\" \/>\n<link rel=\"canonical\" href=\"https:\/\/esbozodeportivo.com\/index.php\/2025\/11\/20\/se-inaugura-la-primera-copa-bobby-diaz-en-veracruz\/\" \/>\n<meta property=\"og:locale\" content=\"es_MX\" \/>\n<meta property=\"og:type\" content=\"article\" \/>\n<meta property=\"og:title\" content=\"Se inaugura la primera Copa Bobby D\u00edaz en Veracruz - Esbozo Deportivo\" \/>\n<meta property=\"og:description\" content=\"La primera Copa Bobby D\u00edaz se inaugur\u00f3 con \u00e9xito este jueves en las instalaciones del Club de Golf La Villa Rica, competencia que se jugar\u00e1 del 20 al 23 de noviembre del 2025 en Punta Tibur\u00f3n Country Club y La Villa Rica, siendo as\u00ed el segundo evento de la temporada 2025-2026 del Comit\u00e9 Nacional Infantil Juvenil de la Federaci\u00f3n Mexicana de Golf.\" \/>\n<meta property=\"og:url\" content=\"https:\/\/esbozodeportivo.com\/index.php\/2025\/11\/20\/se-inaugura-la-primera-copa-bobby-diaz-en-veracruz\/\" \/>\n<meta property=\"og:site_name\" content=\"Esbozo Deportivo\" \/>\n<meta property=\"article:published_time\" content=\"2025-11-21T03:11:20+00:00\" \/>\n<meta property=\"article:modified_time\" content=\"2025-11-21T03:11:21+00:00\" \/>\n<meta property=\"og:image\" content=\"https:\/\/esbozodeportivo.com\/wp-content\/uploads\/2025\/11\/Veracruz.jpg\" \/>\n\t<meta property=\"og:image:width\" content=\"1600\" \/>\n\t<meta property=\"og:image:height\" content=\"1064\" \/>\n\t<meta property=\"og:image:type\" content=\"image\/jpeg\" \/>\n<meta name=\"author\" content=\"Redacci\u00f3n\" \/>\n<meta name=\"twitter:card\" content=\"summary_large_image\" \/>\n<meta name=\"twitter:label1\" content=\"Escrito por\" \/>\n\t<meta name=\"twitter:data1\" content=\"Redacci\u00f3n\" \/>\n\t<meta name=\"twitter:label2\" content=\"Tiempo de lectura\" \/>\n\t<meta name=\"twitter:data2\" content=\"3 minutos\" \/>\n<script type=\"application\/ld+json\" class=\"yoast-schema-graph\">{\"@context\":\"https:\/\/schema.org\",\"@graph\":[{\"@type\":\"Article\",\"@id\":\"https:\/\/esbozodeportivo.com\/index.php\/2025\/11\/20\/se-inaugura-la-primera-copa-bobby-diaz-en-veracruz\/#article\",\"isPartOf\":{\"@id\":\"https:\/\/esbozodeportivo.com\/index.php\/2025\/11\/20\/se-inaugura-la-primera-copa-bobby-diaz-en-veracruz\/\"},\"author\":{\"name\":\"Redacci\u00f3n\",\"@id\":\"https:\/\/esbozodeportivo.com\/#\/schema\/person\/0f6df9196dfe6740dd0bb31bae50d374\"},\"headline\":\"Se inaugura la primera Copa Bobby D\u00edaz en Veracruz\",\"datePublished\":\"2025-11-21T03:11:20+00:00\",\"dateModified\":\"2025-11-21T03:11:21+00:00\",\"mainEntityOfPage\":{\"@id\":\"https:\/\/esbozodeportivo.com\/index.php\/2025\/11\/20\/se-inaugura-la-primera-copa-bobby-diaz-en-veracruz\/\"},\"wordCount\":477,\"publisher\":{\"@id\":\"https:\/\/esbozodeportivo.com\/#organization\"},\"image\":{\"@id\":\"https:\/\/esbozodeportivo.com\/index.php\/2025\/11\/20\/se-inaugura-la-primera-copa-bobby-diaz-en-veracruz\/#primaryimage\"},\"thumbnailUrl\":\"https:\/\/esbozodeportivo.com\/wp-content\/uploads\/2025\/11\/Veracruz.jpg\",\"articleSection\":[\"Federaci\u00f3n Mexicana de Golf\"],\"inLanguage\":\"es\"},{\"@type\":\"WebPage\",\"@id\":\"https:\/\/esbozodeportivo.com\/index.php\/2025\/11\/20\/se-inaugura-la-primera-copa-bobby-diaz-en-veracruz\/\",\"url\":\"https:\/\/esbozodeportivo.com\/index.php\/2025\/11\/20\/se-inaugura-la-primera-copa-bobby-diaz-en-veracruz\/\",\"name\":\"Se inaugura la primera Copa Bobby D\u00edaz en Veracruz - Esbozo Deportivo\",\"isPartOf\":{\"@id\":\"https:\/\/esbozodeportivo.com\/#website\"},\"primaryImageOfPage\":{\"@id\":\"https:\/\/esbozodeportivo.com\/index.php\/2025\/11\/20\/se-inaugura-la-primera-copa-bobby-diaz-en-veracruz\/#primaryimage\"},\"image\":{\"@id\":\"https:\/\/esbozodeportivo.com\/index.php\/2025\/11\/20\/se-inaugura-la-primera-copa-bobby-diaz-en-veracruz\/#primaryimage\"},\"thumbnailUrl\":\"https:\/\/esbozodeportivo.com\/wp-content\/uploads\/2025\/11\/Veracruz.jpg\",\"datePublished\":\"2025-11-21T03:11:20+00:00\",\"dateModified\":\"2025-11-21T03:11:21+00:00\",\"description\":\"La primera Copa Bobby D\u00edaz se inaugur\u00f3 con \u00e9xito este jueves en las instalaciones del Club de Golf La Villa Rica, competencia que se jugar\u00e1 del 20 al 23 de noviembre del 2025 en Punta Tibur\u00f3n Country Club y La Villa Rica, siendo as\u00ed el segundo evento de la temporada 2025-2026 del Comit\u00e9 Nacional Infantil Juvenil de la Federaci\u00f3n Mexicana de Golf.\",\"breadcrumb\":{\"@id\":\"https:\/\/esbozodeportivo.com\/index.php\/2025\/11\/20\/se-inaugura-la-primera-copa-bobby-diaz-en-veracruz\/#breadcrumb\"},\"inLanguage\":\"es\",\"potentialAction\":[{\"@type\":\"ReadAction\",\"target\":[\"https:\/\/esbozodeportivo.com\/index.php\/2025\/11\/20\/se-inaugura-la-primera-copa-bobby-diaz-en-veracruz\/\"]}]},{\"@type\":\"ImageObject\",\"inLanguage\":\"es\",\"@id\":\"https:\/\/esbozodeportivo.com\/index.php\/2025\/11\/20\/se-inaugura-la-primera-copa-bobby-diaz-en-veracruz\/#primaryimage\",\"url\":\"https:\/\/esbozodeportivo.com\/wp-content\/uploads\/2025\/11\/Veracruz.jpg\",\"contentUrl\":\"https:\/\/esbozodeportivo.com\/wp-content\/uploads\/2025\/11\/Veracruz.jpg\",\"width\":1600,\"height\":1064},{\"@type\":\"BreadcrumbList\",\"@id\":\"https:\/\/esbozodeportivo.com\/index.php\/2025\/11\/20\/se-inaugura-la-primera-copa-bobby-diaz-en-veracruz\/#breadcrumb\",\"itemListElement\":[{\"@type\":\"ListItem\",\"position\":1,\"name\":\"Inicio\",\"item\":\"https:\/\/esbozodeportivo.com\/\"},{\"@type\":\"ListItem\",\"position\":2,\"name\":\"Se inaugura la primera Copa Bobby D\u00edaz en Veracruz\"}]},{\"@type\":\"WebSite\",\"@id\":\"https:\/\/esbozodeportivo.com\/#website\",\"url\":\"https:\/\/esbozodeportivo.com\/\",\"name\":\"Esbozo Deportivo\",\"description\":\"Lo m\u00e1s importante del Deporte\",\"publisher\":{\"@id\":\"https:\/\/esbozodeportivo.com\/#organization\"},\"potentialAction\":[{\"@type\":\"SearchAction\",\"target\":{\"@type\":\"EntryPoint\",\"urlTemplate\":\"https:\/\/esbozodeportivo.com\/?s={search_term_string}\"},\"query-input\":{\"@type\":\"PropertyValueSpecification\",\"valueRequired\":true,\"valueName\":\"search_term_string\"}}],\"inLanguage\":\"es\"},{\"@type\":\"Organization\",\"@id\":\"https:\/\/esbozodeportivo.com\/#organization\",\"name\":\"Esbozo Deportivo\",\"url\":\"https:\/\/esbozodeportivo.com\/\",\"logo\":{\"@type\":\"ImageObject\",\"inLanguage\":\"es\",\"@id\":\"https:\/\/esbozodeportivo.com\/#\/schema\/logo\/image\/\",\"url\":\"https:\/\/esbozodeportivo.com\/wp-content\/uploads\/2022\/08\/cropped-Logo-Esbozo-Web-2.png\",\"contentUrl\":\"https:\/\/esbozodeportivo.com\/wp-content\/uploads\/2022\/08\/cropped-Logo-Esbozo-Web-2.png\",\"width\":180,\"height\":50,\"caption\":\"Esbozo Deportivo\"},\"image\":{\"@id\":\"https:\/\/esbozodeportivo.com\/#\/schema\/logo\/image\/\"}},{\"@type\":\"Person\",\"@id\":\"https:\/\/esbozodeportivo.com\/#\/schema\/person\/0f6df9196dfe6740dd0bb31bae50d374\",\"name\":\"Redacci\u00f3n\",\"image\":{\"@type\":\"ImageObject\",\"inLanguage\":\"es\",\"@id\":\"https:\/\/esbozodeportivo.com\/#\/schema\/person\/image\/\",\"url\":\"https:\/\/secure.gravatar.com\/avatar\/f55268a89c3b418f2ef172ff52ab0d09b3e653c58de29539fe329fb93d78ebf3?s=96&d=mm&r=g\",\"contentUrl\":\"https:\/\/secure.gravatar.com\/avatar\/f55268a89c3b418f2ef172ff52ab0d09b3e653c58de29539fe329fb93d78ebf3?s=96&d=mm&r=g\",\"caption\":\"Redacci\u00f3n\"},\"url\":\"https:\/\/esbozodeportivo.com\/index.php\/author\/redaccion\/\"}]}<\/script>\n<!-- \/ Yoast SEO plugin. -->","yoast_head_json":{"title":"Se inaugura la primera Copa Bobby D\u00edaz en Veracruz - Esbozo Deportivo","description":"La primera Copa Bobby D\u00edaz se inaugur\u00f3 con \u00e9xito este jueves en las instalaciones del Club de Golf La Villa Rica, competencia que se jugar\u00e1 del 20 al 23 de noviembre del 2025 en Punta Tibur\u00f3n Country Club y La Villa Rica, siendo as\u00ed el segundo evento de la temporada 2025-2026 del Comit\u00e9 Nacional Infantil Juvenil de la Federaci\u00f3n Mexicana de Golf.","robots":{"index":"index","follow":"follow","max-snippet":"max-snippet:-1","max-image-preview":"max-image-preview:large","max-video-preview":"max-video-preview:-1"},"canonical":"https:\/\/esbozodeportivo.com\/index.php\/2025\/11\/20\/se-inaugura-la-primera-copa-bobby-diaz-en-veracruz\/","og_locale":"es_MX","og_type":"article","og_title":"Se inaugura la primera Copa Bobby D\u00edaz en Veracruz - Esbozo Deportivo","og_description":"La primera Copa Bobby D\u00edaz se inaugur\u00f3 con \u00e9xito este jueves en las instalaciones del Club de Golf La Villa Rica, competencia que se jugar\u00e1 del 20 al 23 de noviembre del 2025 en Punta Tibur\u00f3n Country Club y La Villa Rica, siendo as\u00ed el segundo evento de la temporada 2025-2026 del Comit\u00e9 Nacional Infantil Juvenil de la Federaci\u00f3n Mexicana de Golf.","og_url":"https:\/\/esbozodeportivo.com\/index.php\/2025\/11\/20\/se-inaugura-la-primera-copa-bobby-diaz-en-veracruz\/","og_site_name":"Esbozo Deportivo","article_published_time":"2025-11-21T03:11:20+00:00","article_modified_time":"2025-11-21T03:11:21+00:00","og_image":[{"width":1600,"height":1064,"url":"https:\/\/esbozodeportivo.com\/wp-content\/uploads\/2025\/11\/Veracruz.jpg","type":"image\/jpeg"}],"author":"Redacci\u00f3n","twitter_card":"summary_large_image","twitter_misc":{"Escrito por":"Redacci\u00f3n","Tiempo de lectura":"3 minutos"},"schema":{"@context":"https:\/\/schema.org","@graph":[{"@type":"Article","@id":"https:\/\/esbozodeportivo.com\/index.php\/2025\/11\/20\/se-inaugura-la-primera-copa-bobby-diaz-en-veracruz\/#article","isPartOf":{"@id":"https:\/\/esbozodeportivo.com\/index.php\/2025\/11\/20\/se-inaugura-la-primera-copa-bobby-diaz-en-veracruz\/"},"author":{"name":"Redacci\u00f3n","@id":"https:\/\/esbozodeportivo.com\/#\/schema\/person\/0f6df9196dfe6740dd0bb31bae50d374"},"headline":"Se inaugura la primera Copa Bobby D\u00edaz en Veracruz","datePublished":"2025-11-21T03:11:20+00:00","dateModified":"2025-11-21T03:11:21+00:00","mainEntityOfPage":{"@id":"https:\/\/esbozodeportivo.com\/index.php\/2025\/11\/20\/se-inaugura-la-primera-copa-bobby-diaz-en-veracruz\/"},"wordCount":477,"publisher":{"@id":"https:\/\/esbozodeportivo.com\/#organization"},"image":{"@id":"https:\/\/esbozodeportivo.com\/index.php\/2025\/11\/20\/se-inaugura-la-primera-copa-bobby-diaz-en-veracruz\/#primaryimage"},"thumbnailUrl":"https:\/\/esbozodeportivo.com\/wp-content\/uploads\/2025\/11\/Veracruz.jpg","articleSection":["Federaci\u00f3n Mexicana de Golf"],"inLanguage":"es"},{"@type":"WebPage","@id":"https:\/\/esbozodeportivo.com\/index.php\/2025\/11\/20\/se-inaugura-la-primera-copa-bobby-diaz-en-veracruz\/","url":"https:\/\/esbozodeportivo.com\/index.php\/2025\/11\/20\/se-inaugura-la-primera-copa-bobby-diaz-en-veracruz\/","name":"Se inaugura la primera Copa Bobby D\u00edaz en Veracruz - Esbozo Deportivo","isPartOf":{"@id":"https:\/\/esbozodeportivo.com\/#website"},"primaryImageOfPage":{"@id":"https:\/\/esbozodeportivo.com\/index.php\/2025\/11\/20\/se-inaugura-la-primera-copa-bobby-diaz-en-veracruz\/#primaryimage"},"image":{"@id":"https:\/\/esbozodeportivo.com\/index.php\/2025\/11\/20\/se-inaugura-la-primera-copa-bobby-diaz-en-veracruz\/#primaryimage"},"thumbnailUrl":"https:\/\/esbozodeportivo.com\/wp-content\/uploads\/2025\/11\/Veracruz.jpg","datePublished":"2025-11-21T03:11:20+00:00","dateModified":"2025-11-21T03:11:21+00:00","description":"La primera Copa Bobby D\u00edaz se inaugur\u00f3 con \u00e9xito este jueves en las instalaciones del Club de Golf La Villa Rica, competencia que se jugar\u00e1 del 20 al 23 de noviembre del 2025 en Punta Tibur\u00f3n Country Club y La Villa Rica, siendo as\u00ed el segundo evento de la temporada 2025-2026 del Comit\u00e9 Nacional Infantil Juvenil de la Federaci\u00f3n Mexicana de Golf.","breadcrumb":{"@id":"https:\/\/esbozodeportivo.com\/index.php\/2025\/11\/20\/se-inaugura-la-primera-copa-bobby-diaz-en-veracruz\/#breadcrumb"},"inLanguage":"es","potentialAction":[{"@type":"ReadAction","target":["https:\/\/esbozodeportivo.com\/index.php\/2025\/11\/20\/se-inaugura-la-primera-copa-bobby-diaz-en-veracruz\/"]}]},{"@type":"ImageObject","inLanguage":"es","@id":"https:\/\/esbozodeportivo.com\/index.php\/2025\/11\/20\/se-inaugura-la-primera-copa-bobby-diaz-en-veracruz\/#primaryimage","url":"https:\/\/esbozodeportivo.com\/wp-content\/uploads\/2025\/11\/Veracruz.jpg","contentUrl":"https:\/\/esbozodeportivo.com\/wp-content\/uploads\/2025\/11\/Veracruz.jpg","width":1600,"height":1064},{"@type":"BreadcrumbList","@id":"https:\/\/esbozodeportivo.com\/index.php\/2025\/11\/20\/se-inaugura-la-primera-copa-bobby-diaz-en-veracruz\/#breadcrumb","itemListElement":[{"@type":"ListItem","position":1,"name":"Inicio","item":"https:\/\/esbozodeportivo.com\/"},{"@type":"ListItem","position":2,"name":"Se inaugura la primera Copa Bobby D\u00edaz en Veracruz"}]},{"@type":"WebSite","@id":"https:\/\/esbozodeportivo.com\/#website","url":"https:\/\/esbozodeportivo.com\/","name":"Esbozo Deportivo","description":"Lo m\u00e1s importante del Deporte","publisher":{"@id":"https:\/\/esbozodeportivo.com\/#organization"},"potentialAction":[{"@type":"SearchAction","target":{"@type":"EntryPoint","urlTemplate":"https:\/\/esbozodeportivo.com\/?s={search_term_string}"},"query-input":{"@type":"PropertyValueSpecification","valueRequired":true,"valueName":"search_term_string"}}],"inLanguage":"es"},{"@type":"Organization","@id":"https:\/\/esbozodeportivo.com\/#organization","name":"Esbozo Deportivo","url":"https:\/\/esbozodeportivo.com\/","logo":{"@type":"ImageObject","inLanguage":"es","@id":"https:\/\/esbozodeportivo.com\/#\/schema\/logo\/image\/","url":"https:\/\/esbozodeportivo.com\/wp-content\/uploads\/2022\/08\/cropped-Logo-Esbozo-Web-2.png","contentUrl":"https:\/\/esbozodeportivo.com\/wp-content\/uploads\/2022\/08\/cropped-Logo-Esbozo-Web-2.png","width":180,"height":50,"caption":"Esbozo Deportivo"},"image":{"@id":"https:\/\/esbozodeportivo.com\/#\/schema\/logo\/image\/"}},{"@type":"Person","@id":"https:\/\/esbozodeportivo.com\/#\/schema\/person\/0f6df9196dfe6740dd0bb31bae50d374","name":"Redacci\u00f3n","image":{"@type":"ImageObject","inLanguage":"es","@id":"https:\/\/esbozodeportivo.com\/#\/schema\/person\/image\/","url":"https:\/\/secure.gravatar.com\/avatar\/f55268a89c3b418f2ef172ff52ab0d09b3e653c58de29539fe329fb93d78ebf3?s=96&d=mm&r=g","contentUrl":"https:\/\/secure.gravatar.com\/avatar\/f55268a89c3b418f2ef172ff52ab0d09b3e653c58de29539fe329fb93d78ebf3?s=96&d=mm&r=g","caption":"Redacci\u00f3n"},"url":"https:\/\/esbozodeportivo.com\/index.php\/author\/redaccion\/"}]}},"jetpack_featured_media_url":"https:\/\/esbozodeportivo.com\/wp-content\/uploads\/2025\/11\/Veracruz.jpg","jetpack_sharing_enabled":true,"_links":{"self":[{"href":"https:\/\/esbozodeportivo.com\/index.php\/wp-json\/wp\/v2\/posts\/11310","targetHints":{"allow":["GET"]}}],"collection":[{"href":"https:\/\/esbozodeportivo.com\/index.php\/wp-json\/wp\/v2\/posts"}],"about":[{"href":"https:\/\/esbozodeportivo.com\/index.php\/wp-json\/wp\/v2\/types\/post"}],"author":[{"embeddable":true,"href":"https:\/\/esbozodeportivo.com\/index.php\/wp-json\/wp\/v2\/users\/4"}],"replies":[{"embeddable":true,"href":"https:\/\/esbozodeportivo.com\/index.php\/wp-json\/wp\/v2\/comments?post=11310"}],"version-history":[{"count":1,"href":"https:\/\/esbozodeportivo.com\/index.php\/wp-json\/wp\/v2\/posts\/11310\/revisions"}],"predecessor-version":[{"id":11314,"href":"https:\/\/esbozodeportivo.com\/index.php\/wp-json\/wp\/v2\/posts\/11310\/revisions\/11314"}],"wp:featuredmedia":[{"embeddable":true,"href":"https:\/\/esbozodeportivo.com\/index.php\/wp-json\/wp\/v2\/media\/11311"}],"wp:attachment":[{"href":"https:\/\/esbozodeportivo.com\/index.php\/wp-json\/wp\/v2\/media?parent=11310"}],"wp:term":[{"taxonomy":"category","embeddable":true,"href":"https:\/\/esbozodeportivo.com\/index.php\/wp-json\/wp\/v2\/categories?post=11310"},{"taxonomy":"post_tag","embeddable":true,"href":"https:\/\/esbozodeportivo.com\/index.php\/wp-json\/wp\/v2\/tags?post=11310"}],"curies":[{"name":"wp","href":"https:\/\/api.w.org\/{rel}","templated":true}]}}