{"id":11315,"date":"2025-11-20T23:04:33","date_gmt":"2025-11-21T05:04:33","guid":{"rendered":"https:\/\/esbozodeportivo.com\/?p=11315"},"modified":"2025-11-20T23:04:34","modified_gmt":"2025-11-21T05:04:34","slug":"bayern-va-por-record-de-52-anos","status":"publish","type":"post","link":"https:\/\/esbozodeportivo.com\/index.php\/2025\/11\/20\/bayern-va-por-record-de-52-anos\/","title":{"rendered":"Bayern va por r\u00e9cord de 52 a\u00f1os"},"content":{"rendered":"\n<p>(Foto: Agencias) <\/p>\n\n\n\n<p>El Bayern M\u00fanich ha estado dominando la Bundesliga durante tanto tiempo que igualar\u00e1 un r\u00e9cord de liga de 52 a\u00f1os incluso en el improbable caso de una derrota en casa ante el Freiburg.<\/p>\n\n\n\n<p>El equipo de Vincent Kompany estar\u00e1 en la cima de la Bundesliga sin importar lo que suceda en M\u00fanich el s\u00e1bado, igualando el r\u00e9cord de 43 jornadas consecutivas en la cima de la liga establecido por el Bayern desde marzo de 1972 hasta la temporada 1972-73, cuando estrellas como Franz Beckenbauer, Paul Breitner, Gerd M\u00fcller y Uli Hoene\u00df ganaron el segundo y tercer t\u00edtulo de la Bundesliga del club.<\/p>\n\n\n\n<p>La revista Kicker se\u00f1al\u00f3 que la racha termin\u00f3 en la jornada inaugural de la temporada 1973-74 cuando el equipo del Bayern dirigido por Udo Lattek derrot\u00f3 al Fortuna D\u00fcsseldorf \u201csolo\u201d 3-1, mientras que el Stuttgart se coloc\u00f3 en la cima al vencer al Schalke 3-0. El Bayern a\u00fan gan\u00f3 esa temporada para hacer tres seguidos.<\/p>\n\n\n\n<p>El r\u00e9cord de 16 victorias consecutivas del Bayern al inicio de esta temporada fue interrumpido por el Union Berlin antes del par\u00f3n internacional, y el poderoso equipo b\u00e1varo estar\u00e1 ansioso por comenzar otra racha ganadora contra el Freiburg antes de visitar al Arsenal en la Liga de Campeones el mi\u00e9rcoles. El Bayern ya lidera la Bundesliga por seis puntos sobre el Leipzig despu\u00e9s de diez jornadas.<\/p>\n\n\n\n<p>El Freiburg no ha vencido al Bayern desde mayo de 2015 y nunca ha ganado un partido de liga en M\u00fanich, donde ha sufrido algunas derrotas abultadas. El Freiburg comenz\u00f3 la liga con dos derrotas, pero desde entonces solo ha perdido contra el Bayer Leverkusen.<\/p>\n\n\n\n<p>El Borussia Dortmund, que ocupa el tercer lugar, recibe al Stuttgart, que est\u00e1 en cuarto lugar, el s\u00e1bado, cuando el delantero del Dortmund, Karim Adeyemi, espera generar titulares por su juego en lugar de por posesi\u00f3n de armas ilegales. Adeyemi dijo que llegaron a su posesi\u00f3n despu\u00e9s de pedir una \u201ccaja misteriosa\u201d por Internet.<\/p>\n\n\n\n<p>Tambi\u00e9n el s\u00e1bado, el Wolfsburg en apuros recibe al Leverkusen para su primer partido desde que despidi\u00f3 a su entrenador y director deportivo. El Leverkusen busca un mayor desarrollo antes de enfrentarse al Manchester City como visitante el martes.<\/p>\n\n\n\n<p>El Eintracht Frankfurt, otro participante de la Liga de Campeones, visita al Colonia el s\u00e1bado por la noche.<\/p>\n\n\n\n<p>Luis D\u00edaz sigue brillando para el Bayern, anotando un candidato a gol de la temporada desde un \u00e1ngulo estrecho en el empate 2-2 en el Union. La estrella colombiana tiene 11 goles y ha asistido en cinco m\u00e1s en sus primeros 17 partidos para el Bayern desde que se traslad\u00f3 desde el Liverpool.<\/p>\n\n\n\n<p>El delantero bosnio Fisnik Asllani es el m\u00e1ximo goleador del Hoffenheim con cinco goles despu\u00e9s de jugar en todos los partidos hasta ahora. El Mainz estar\u00e1 atento a la amenaza que representa el viernes.<\/p>\n\n\n\n<p>El delantero del Stuttgart Deniz Undav no fue convocado para las eliminatorias de la Copa del Mundo de Alemania despu\u00e9s de regresar recientemente a la forma tras una lesi\u00f3n. Marc\u00f3 dos goles antes del par\u00f3n internacional y se enfrenta al Dortmund para intentar mantenerse en la mente del entrenador de Alemania, Julian Nagelsmann, para la Copa del Mundo el pr\u00f3ximo a\u00f1o.<\/p>\n\n\n\n<p>El Leverkusen estaba preocupado por la condici\u00f3n f\u00edsica del influyente lateral \u00c1lex Grimaldo despu\u00e9s de que se perdiera el partido de clasificaci\u00f3n de Espa\u00f1a para la Copa del Mundo contra Turqu\u00eda el martes debido a una lesi\u00f3n. Grimaldo ya estaba jugando al l\u00edmite y se perdi\u00f3 la derrota 3-0 del Leverkusen ante el Bayern. Despu\u00e9s de un \u00e9xodo de estrellas en verano, Grimaldo ha emergido como el jugador clave del Leverkusen.<\/p>\n\n\n\n<p>Jamal Musiala la semana pasada regres\u00f3 a los entrenamientos con bal\u00f3n para el Bayern despu\u00e9s de romperse la pierna en el Mundial de Clubes en julio. El plan del club es que el delantero de 22 a\u00f1os juegue algunos minutos en diciembre y luego est\u00e9 completamente en forma en enero cuando la liga se reanude tras su descanso invernal de dos \u00bd semanas.<\/p>\n\n\n\n<p><\/p>\n","protected":false},"excerpt":{"rendered":"<p>(Foto: Agencias) El Bayern M\u00fanich ha estado dominando la Bundesliga durante tanto tiempo que igualar\u00e1<\/p>\n","protected":false},"author":4,"featured_media":11318,"comment_status":"closed","ping_status":"open","sticky":false,"template":"","format":"standard","meta":{"_jetpack_memberships_contains_paid_content":false,"footnotes":""},"categories":[14],"tags":[],"class_list":["post-11315","post","type-post","status-publish","format-standard","has-post-thumbnail","hentry","category-futbol"],"yoast_head":"<!-- This site is optimized with the Yoast SEO plugin v25.7 - https:\/\/yoast.com\/wordpress\/plugins\/seo\/ -->\n<title>Bayern va por r\u00e9cord de 52 a\u00f1os - Esbozo Deportivo<\/title>\n<meta name=\"description\" content=\"El Bayern M\u00fanich ha estado dominando la Bundesliga durante tanto tiempo que igualar\u00e1 un r\u00e9cord de liga de 52 a\u00f1os incluso en el improbable caso de una derrota en casa ante el Freiburg.\" \/>\n<meta name=\"robots\" content=\"index, follow, max-snippet:-1, max-image-preview:large, max-video-preview:-1\" \/>\n<link rel=\"canonical\" href=\"https:\/\/esbozodeportivo.com\/index.php\/2025\/11\/20\/bayern-va-por-record-de-52-anos\/\" \/>\n<meta property=\"og:locale\" content=\"es_MX\" \/>\n<meta property=\"og:type\" content=\"article\" \/>\n<meta property=\"og:title\" content=\"Bayern va por r\u00e9cord de 52 a\u00f1os - Esbozo Deportivo\" \/>\n<meta property=\"og:description\" content=\"El Bayern M\u00fanich ha estado dominando la Bundesliga durante tanto tiempo que igualar\u00e1 un r\u00e9cord de liga de 52 a\u00f1os incluso en el improbable caso de una derrota en casa ante el Freiburg.\" \/>\n<meta property=\"og:url\" content=\"https:\/\/esbozodeportivo.com\/index.php\/2025\/11\/20\/bayern-va-por-record-de-52-anos\/\" \/>\n<meta property=\"og:site_name\" content=\"Esbozo Deportivo\" \/>\n<meta property=\"article:published_time\" content=\"2025-11-21T05:04:33+00:00\" \/>\n<meta property=\"article:modified_time\" content=\"2025-11-21T05:04:34+00:00\" \/>\n<meta property=\"og:image\" content=\"https:\/\/esbozodeportivo.com\/wp-content\/uploads\/2025\/11\/Bayer.jpg\" \/>\n\t<meta property=\"og:image:width\" content=\"980\" \/>\n\t<meta property=\"og:image:height\" content=\"653\" \/>\n\t<meta property=\"og:image:type\" content=\"image\/jpeg\" \/>\n<meta name=\"author\" content=\"Redacci\u00f3n\" \/>\n<meta name=\"twitter:card\" content=\"summary_large_image\" \/>\n<meta name=\"twitter:label1\" content=\"Escrito por\" \/>\n\t<meta name=\"twitter:data1\" content=\"Redacci\u00f3n\" \/>\n\t<meta name=\"twitter:label2\" content=\"Tiempo de lectura\" \/>\n\t<meta name=\"twitter:data2\" content=\"4 minutos\" \/>\n<script type=\"application\/ld+json\" class=\"yoast-schema-graph\">{\"@context\":\"https:\/\/schema.org\",\"@graph\":[{\"@type\":\"Article\",\"@id\":\"https:\/\/esbozodeportivo.com\/index.php\/2025\/11\/20\/bayern-va-por-record-de-52-anos\/#article\",\"isPartOf\":{\"@id\":\"https:\/\/esbozodeportivo.com\/index.php\/2025\/11\/20\/bayern-va-por-record-de-52-anos\/\"},\"author\":{\"name\":\"Redacci\u00f3n\",\"@id\":\"https:\/\/esbozodeportivo.com\/#\/schema\/person\/0f6df9196dfe6740dd0bb31bae50d374\"},\"headline\":\"Bayern va por r\u00e9cord de 52 a\u00f1os\",\"datePublished\":\"2025-11-21T05:04:33+00:00\",\"dateModified\":\"2025-11-21T05:04:34+00:00\",\"mainEntityOfPage\":{\"@id\":\"https:\/\/esbozodeportivo.com\/index.php\/2025\/11\/20\/bayern-va-por-record-de-52-anos\/\"},\"wordCount\":707,\"publisher\":{\"@id\":\"https:\/\/esbozodeportivo.com\/#organization\"},\"image\":{\"@id\":\"https:\/\/esbozodeportivo.com\/index.php\/2025\/11\/20\/bayern-va-por-record-de-52-anos\/#primaryimage\"},\"thumbnailUrl\":\"https:\/\/esbozodeportivo.com\/wp-content\/uploads\/2025\/11\/Bayer.jpg\",\"articleSection\":[\"Futbol Internacional\"],\"inLanguage\":\"es\"},{\"@type\":\"WebPage\",\"@id\":\"https:\/\/esbozodeportivo.com\/index.php\/2025\/11\/20\/bayern-va-por-record-de-52-anos\/\",\"url\":\"https:\/\/esbozodeportivo.com\/index.php\/2025\/11\/20\/bayern-va-por-record-de-52-anos\/\",\"name\":\"Bayern va por r\u00e9cord de 52 a\u00f1os - Esbozo Deportivo\",\"isPartOf\":{\"@id\":\"https:\/\/esbozodeportivo.com\/#website\"},\"primaryImageOfPage\":{\"@id\":\"https:\/\/esbozodeportivo.com\/index.php\/2025\/11\/20\/bayern-va-por-record-de-52-anos\/#primaryimage\"},\"image\":{\"@id\":\"https:\/\/esbozodeportivo.com\/index.php\/2025\/11\/20\/bayern-va-por-record-de-52-anos\/#primaryimage\"},\"thumbnailUrl\":\"https:\/\/esbozodeportivo.com\/wp-content\/uploads\/2025\/11\/Bayer.jpg\",\"datePublished\":\"2025-11-21T05:04:33+00:00\",\"dateModified\":\"2025-11-21T05:04:34+00:00\",\"description\":\"El Bayern M\u00fanich ha estado dominando la Bundesliga durante tanto tiempo que igualar\u00e1 un r\u00e9cord de liga de 52 a\u00f1os incluso en el improbable caso de una derrota en casa ante el Freiburg.\",\"breadcrumb\":{\"@id\":\"https:\/\/esbozodeportivo.com\/index.php\/2025\/11\/20\/bayern-va-por-record-de-52-anos\/#breadcrumb\"},\"inLanguage\":\"es\",\"potentialAction\":[{\"@type\":\"ReadAction\",\"target\":[\"https:\/\/esbozodeportivo.com\/index.php\/2025\/11\/20\/bayern-va-por-record-de-52-anos\/\"]}]},{\"@type\":\"ImageObject\",\"inLanguage\":\"es\",\"@id\":\"https:\/\/esbozodeportivo.com\/index.php\/2025\/11\/20\/bayern-va-por-record-de-52-anos\/#primaryimage\",\"url\":\"https:\/\/esbozodeportivo.com\/wp-content\/uploads\/2025\/11\/Bayer.jpg\",\"contentUrl\":\"https:\/\/esbozodeportivo.com\/wp-content\/uploads\/2025\/11\/Bayer.jpg\",\"width\":980,\"height\":653},{\"@type\":\"BreadcrumbList\",\"@id\":\"https:\/\/esbozodeportivo.com\/index.php\/2025\/11\/20\/bayern-va-por-record-de-52-anos\/#breadcrumb\",\"itemListElement\":[{\"@type\":\"ListItem\",\"position\":1,\"name\":\"Inicio\",\"item\":\"https:\/\/esbozodeportivo.com\/\"},{\"@type\":\"ListItem\",\"position\":2,\"name\":\"Bayern va por r\u00e9cord de 52 a\u00f1os\"}]},{\"@type\":\"WebSite\",\"@id\":\"https:\/\/esbozodeportivo.com\/#website\",\"url\":\"https:\/\/esbozodeportivo.com\/\",\"name\":\"Esbozo Deportivo\",\"description\":\"Lo m\u00e1s importante del Deporte\",\"publisher\":{\"@id\":\"https:\/\/esbozodeportivo.com\/#organization\"},\"potentialAction\":[{\"@type\":\"SearchAction\",\"target\":{\"@type\":\"EntryPoint\",\"urlTemplate\":\"https:\/\/esbozodeportivo.com\/?s={search_term_string}\"},\"query-input\":{\"@type\":\"PropertyValueSpecification\",\"valueRequired\":true,\"valueName\":\"search_term_string\"}}],\"inLanguage\":\"es\"},{\"@type\":\"Organization\",\"@id\":\"https:\/\/esbozodeportivo.com\/#organization\",\"name\":\"Esbozo Deportivo\",\"url\":\"https:\/\/esbozodeportivo.com\/\",\"logo\":{\"@type\":\"ImageObject\",\"inLanguage\":\"es\",\"@id\":\"https:\/\/esbozodeportivo.com\/#\/schema\/logo\/image\/\",\"url\":\"https:\/\/esbozodeportivo.com\/wp-content\/uploads\/2022\/08\/cropped-Logo-Esbozo-Web-2.png\",\"contentUrl\":\"https:\/\/esbozodeportivo.com\/wp-content\/uploads\/2022\/08\/cropped-Logo-Esbozo-Web-2.png\",\"width\":180,\"height\":50,\"caption\":\"Esbozo Deportivo\"},\"image\":{\"@id\":\"https:\/\/esbozodeportivo.com\/#\/schema\/logo\/image\/\"}},{\"@type\":\"Person\",\"@id\":\"https:\/\/esbozodeportivo.com\/#\/schema\/person\/0f6df9196dfe6740dd0bb31bae50d374\",\"name\":\"Redacci\u00f3n\",\"image\":{\"@type\":\"ImageObject\",\"inLanguage\":\"es\",\"@id\":\"https:\/\/esbozodeportivo.com\/#\/schema\/person\/image\/\",\"url\":\"https:\/\/secure.gravatar.com\/avatar\/f55268a89c3b418f2ef172ff52ab0d09b3e653c58de29539fe329fb93d78ebf3?s=96&d=mm&r=g\",\"contentUrl\":\"https:\/\/secure.gravatar.com\/avatar\/f55268a89c3b418f2ef172ff52ab0d09b3e653c58de29539fe329fb93d78ebf3?s=96&d=mm&r=g\",\"caption\":\"Redacci\u00f3n\"},\"url\":\"https:\/\/esbozodeportivo.com\/index.php\/author\/redaccion\/\"}]}<\/script>\n<!-- \/ Yoast SEO plugin. -->","yoast_head_json":{"title":"Bayern va por r\u00e9cord de 52 a\u00f1os - Esbozo Deportivo","description":"El Bayern M\u00fanich ha estado dominando la Bundesliga durante tanto tiempo que igualar\u00e1 un r\u00e9cord de liga de 52 a\u00f1os incluso en el improbable caso de una derrota en casa ante el Freiburg.","robots":{"index":"index","follow":"follow","max-snippet":"max-snippet:-1","max-image-preview":"max-image-preview:large","max-video-preview":"max-video-preview:-1"},"canonical":"https:\/\/esbozodeportivo.com\/index.php\/2025\/11\/20\/bayern-va-por-record-de-52-anos\/","og_locale":"es_MX","og_type":"article","og_title":"Bayern va por r\u00e9cord de 52 a\u00f1os - Esbozo Deportivo","og_description":"El Bayern M\u00fanich ha estado dominando la Bundesliga durante tanto tiempo que igualar\u00e1 un r\u00e9cord de liga de 52 a\u00f1os incluso en el improbable caso de una derrota en casa ante el Freiburg.","og_url":"https:\/\/esbozodeportivo.com\/index.php\/2025\/11\/20\/bayern-va-por-record-de-52-anos\/","og_site_name":"Esbozo Deportivo","article_published_time":"2025-11-21T05:04:33+00:00","article_modified_time":"2025-11-21T05:04:34+00:00","og_image":[{"width":980,"height":653,"url":"https:\/\/esbozodeportivo.com\/wp-content\/uploads\/2025\/11\/Bayer.jpg","type":"image\/jpeg"}],"author":"Redacci\u00f3n","twitter_card":"summary_large_image","twitter_misc":{"Escrito por":"Redacci\u00f3n","Tiempo de lectura":"4 minutos"},"schema":{"@context":"https:\/\/schema.org","@graph":[{"@type":"Article","@id":"https:\/\/esbozodeportivo.com\/index.php\/2025\/11\/20\/bayern-va-por-record-de-52-anos\/#article","isPartOf":{"@id":"https:\/\/esbozodeportivo.com\/index.php\/2025\/11\/20\/bayern-va-por-record-de-52-anos\/"},"author":{"name":"Redacci\u00f3n","@id":"https:\/\/esbozodeportivo.com\/#\/schema\/person\/0f6df9196dfe6740dd0bb31bae50d374"},"headline":"Bayern va por r\u00e9cord de 52 a\u00f1os","datePublished":"2025-11-21T05:04:33+00:00","dateModified":"2025-11-21T05:04:34+00:00","mainEntityOfPage":{"@id":"https:\/\/esbozodeportivo.com\/index.php\/2025\/11\/20\/bayern-va-por-record-de-52-anos\/"},"wordCount":707,"publisher":{"@id":"https:\/\/esbozodeportivo.com\/#organization"},"image":{"@id":"https:\/\/esbozodeportivo.com\/index.php\/2025\/11\/20\/bayern-va-por-record-de-52-anos\/#primaryimage"},"thumbnailUrl":"https:\/\/esbozodeportivo.com\/wp-content\/uploads\/2025\/11\/Bayer.jpg","articleSection":["Futbol Internacional"],"inLanguage":"es"},{"@type":"WebPage","@id":"https:\/\/esbozodeportivo.com\/index.php\/2025\/11\/20\/bayern-va-por-record-de-52-anos\/","url":"https:\/\/esbozodeportivo.com\/index.php\/2025\/11\/20\/bayern-va-por-record-de-52-anos\/","name":"Bayern va por r\u00e9cord de 52 a\u00f1os - Esbozo Deportivo","isPartOf":{"@id":"https:\/\/esbozodeportivo.com\/#website"},"primaryImageOfPage":{"@id":"https:\/\/esbozodeportivo.com\/index.php\/2025\/11\/20\/bayern-va-por-record-de-52-anos\/#primaryimage"},"image":{"@id":"https:\/\/esbozodeportivo.com\/index.php\/2025\/11\/20\/bayern-va-por-record-de-52-anos\/#primaryimage"},"thumbnailUrl":"https:\/\/esbozodeportivo.com\/wp-content\/uploads\/2025\/11\/Bayer.jpg","datePublished":"2025-11-21T05:04:33+00:00","dateModified":"2025-11-21T05:04:34+00:00","description":"El Bayern M\u00fanich ha estado dominando la Bundesliga durante tanto tiempo que igualar\u00e1 un r\u00e9cord de liga de 52 a\u00f1os incluso en el improbable caso de una derrota en casa ante el Freiburg.","breadcrumb":{"@id":"https:\/\/esbozodeportivo.com\/index.php\/2025\/11\/20\/bayern-va-por-record-de-52-anos\/#breadcrumb"},"inLanguage":"es","potentialAction":[{"@type":"ReadAction","target":["https:\/\/esbozodeportivo.com\/index.php\/2025\/11\/20\/bayern-va-por-record-de-52-anos\/"]}]},{"@type":"ImageObject","inLanguage":"es","@id":"https:\/\/esbozodeportivo.com\/index.php\/2025\/11\/20\/bayern-va-por-record-de-52-anos\/#primaryimage","url":"https:\/\/esbozodeportivo.com\/wp-content\/uploads\/2025\/11\/Bayer.jpg","contentUrl":"https:\/\/esbozodeportivo.com\/wp-content\/uploads\/2025\/11\/Bayer.jpg","width":980,"height":653},{"@type":"BreadcrumbList","@id":"https:\/\/esbozodeportivo.com\/index.php\/2025\/11\/20\/bayern-va-por-record-de-52-anos\/#breadcrumb","itemListElement":[{"@type":"ListItem","position":1,"name":"Inicio","item":"https:\/\/esbozodeportivo.com\/"},{"@type":"ListItem","position":2,"name":"Bayern va por r\u00e9cord de 52 a\u00f1os"}]},{"@type":"WebSite","@id":"https:\/\/esbozodeportivo.com\/#website","url":"https:\/\/esbozodeportivo.com\/","name":"Esbozo Deportivo","description":"Lo m\u00e1s importante del Deporte","publisher":{"@id":"https:\/\/esbozodeportivo.com\/#organization"},"potentialAction":[{"@type":"SearchAction","target":{"@type":"EntryPoint","urlTemplate":"https:\/\/esbozodeportivo.com\/?s={search_term_string}"},"query-input":{"@type":"PropertyValueSpecification","valueRequired":true,"valueName":"search_term_string"}}],"inLanguage":"es"},{"@type":"Organization","@id":"https:\/\/esbozodeportivo.com\/#organization","name":"Esbozo Deportivo","url":"https:\/\/esbozodeportivo.com\/","logo":{"@type":"ImageObject","inLanguage":"es","@id":"https:\/\/esbozodeportivo.com\/#\/schema\/logo\/image\/","url":"https:\/\/esbozodeportivo.com\/wp-content\/uploads\/2022\/08\/cropped-Logo-Esbozo-Web-2.png","contentUrl":"https:\/\/esbozodeportivo.com\/wp-content\/uploads\/2022\/08\/cropped-Logo-Esbozo-Web-2.png","width":180,"height":50,"caption":"Esbozo Deportivo"},"image":{"@id":"https:\/\/esbozodeportivo.com\/#\/schema\/logo\/image\/"}},{"@type":"Person","@id":"https:\/\/esbozodeportivo.com\/#\/schema\/person\/0f6df9196dfe6740dd0bb31bae50d374","name":"Redacci\u00f3n","image":{"@type":"ImageObject","inLanguage":"es","@id":"https:\/\/esbozodeportivo.com\/#\/schema\/person\/image\/","url":"https:\/\/secure.gravatar.com\/avatar\/f55268a89c3b418f2ef172ff52ab0d09b3e653c58de29539fe329fb93d78ebf3?s=96&d=mm&r=g","contentUrl":"https:\/\/secure.gravatar.com\/avatar\/f55268a89c3b418f2ef172ff52ab0d09b3e653c58de29539fe329fb93d78ebf3?s=96&d=mm&r=g","caption":"Redacci\u00f3n"},"url":"https:\/\/esbozodeportivo.com\/index.php\/author\/redaccion\/"}]}},"jetpack_featured_media_url":"https:\/\/esbozodeportivo.com\/wp-content\/uploads\/2025\/11\/Bayer.jpg","jetpack_sharing_enabled":true,"_links":{"self":[{"href":"https:\/\/esbozodeportivo.com\/index.php\/wp-json\/wp\/v2\/posts\/11315","targetHints":{"allow":["GET"]}}],"collection":[{"href":"https:\/\/esbozodeportivo.com\/index.php\/wp-json\/wp\/v2\/posts"}],"about":[{"href":"https:\/\/esbozodeportivo.com\/index.php\/wp-json\/wp\/v2\/types\/post"}],"author":[{"embeddable":true,"href":"https:\/\/esbozodeportivo.com\/index.php\/wp-json\/wp\/v2\/users\/4"}],"replies":[{"embeddable":true,"href":"https:\/\/esbozodeportivo.com\/index.php\/wp-json\/wp\/v2\/comments?post=11315"}],"version-history":[{"count":1,"href":"https:\/\/esbozodeportivo.com\/index.php\/wp-json\/wp\/v2\/posts\/11315\/revisions"}],"predecessor-version":[{"id":11322,"href":"https:\/\/esbozodeportivo.com\/index.php\/wp-json\/wp\/v2\/posts\/11315\/revisions\/11322"}],"wp:featuredmedia":[{"embeddable":true,"href":"https:\/\/esbozodeportivo.com\/index.php\/wp-json\/wp\/v2\/media\/11318"}],"wp:attachment":[{"href":"https:\/\/esbozodeportivo.com\/index.php\/wp-json\/wp\/v2\/media?parent=11315"}],"wp:term":[{"taxonomy":"category","embeddable":true,"href":"https:\/\/esbozodeportivo.com\/index.php\/wp-json\/wp\/v2\/categories?post=11315"},{"taxonomy":"post_tag","embeddable":true,"href":"https:\/\/esbozodeportivo.com\/index.php\/wp-json\/wp\/v2\/tags?post=11315"}],"curies":[{"name":"wp","href":"https:\/\/api.w.org\/{rel}","templated":true}]}}