{"id":11325,"date":"2025-11-20T23:08:36","date_gmt":"2025-11-21T05:08:36","guid":{"rendered":"https:\/\/esbozodeportivo.com\/?p=11325"},"modified":"2025-11-20T23:08:37","modified_gmt":"2025-11-21T05:08:37","slug":"cabo-verde-y-curazao-van-al-mundial","status":"publish","type":"post","link":"https:\/\/esbozodeportivo.com\/index.php\/2025\/11\/20\/cabo-verde-y-curazao-van-al-mundial\/","title":{"rendered":"Cabo Verde y Curazao van al Mundial"},"content":{"rendered":"\n<p>(Foto: Agencias) <\/p>\n\n\n\n<p>Un Mundial agrandado allan\u00f3 el camino para que las peque\u00f1as selecciones de Curazao y Cabo Verde aseguraran sus lugares en el mayor evento global del deporte el pr\u00f3ximo a\u00f1o.<\/p>\n\n\n\n<p>&#8230;Tal como lo predijo el presidente de la FIFA, Gianni Infantino.<\/p>\n\n\n\n<p>Fue en 2017 cuando el organismo rector del f\u00fatbol mundial anunci\u00f3 los planes controvertidos para expandir el torneo insignia del deporte de 32 equipos a 48 en 2026. Infantino explic\u00f3 que esto crear\u00eda oportunidades para pa\u00edses que \u201cnunca habr\u00edan so\u00f1ado con participar\u201d en una Copa del Mundo.<\/p>\n\n\n\n<p>\u201cFelicitaciones a Curazao por un logro incre\u00edble. En apenas su cuarto ciclo como naci\u00f3n independiente, nos han inspirado a todos con su merecida clasificaci\u00f3n\u201d, afirm\u00f3 Infantino.<\/p>\n\n\n\n<p>Algunos afirmaron que la expansi\u00f3n ten\u00eda motivaciones pol\u00edticas. Hab\u00eda preocupaciones sobre una diluci\u00f3n de la calidad y el drama debido al formato ampliado.<\/p>\n\n\n\n<p>Eso est\u00e1 por verse. Pero la versi\u00f3n ampliada del torneo, que se llevar\u00e1 a cabo en Estados Unidos, M\u00e9xico y Canad\u00e1 ya ha creado historias fascinantes mucho antes de que comience el pr\u00f3ximo junio.<\/p>\n\n\n\n<p>La isla caribe\u00f1a de Curazao, un territorio aut\u00f3nomo que forma parte del reino de Pa\u00edses Bajos, es la naci\u00f3n m\u00e1s peque\u00f1a por poblaci\u00f3n que se haya clasificado para la Copa del Mundo en la historia, superando a Islandia. Cabo Verde es la tercera m\u00e1s peque\u00f1a.<\/p>\n\n\n\n<p>Uzbekist\u00e1n y Jordania tambi\u00e9n avanzaron por primera vez, y el repechaje podr\u00eda clasificar a m\u00e1s caras nuevas, con Nueva Caledonia, Surinam, Kosovo y Albania en el grupo de participantes.<\/p>\n\n\n\n<p>Tambi\u00e9n hay lugares para naciones que hacen regresos largamente esperados a la Copa del Mundo.<\/p>\n\n\n\n<p>Escocia vuelve por primera vez desde 1998. Lo mismo ocurre con Noruega \u2014lo que significa que Erling Haaland adornar\u00e1 el escenario m\u00e1s grande del f\u00fatbol por primera vez\u2014 y con Austria. Hait\u00ed se ha clasificado por segunda vez en su historia, la primera fue en 1974.<\/p>\n\n\n\n<p>\u201cEste es el mejor sentimiento\u201d, dijo el entrenador de Escocia, Steve Clarke. \u201cEstamos all\u00ed&#8230; momento fant\u00e1stico.\u201d<\/p>\n\n\n\n<p>La expansi\u00f3n ha creado indudablemente m\u00e1s oportunidades para regiones como la CONCACAF, que obtiene seis lugares directos, incluidos los tres coanfitriones. Tambi\u00e9n tiene dos equipos en el repechaje.<\/p>\n\n\n\n<p>En 2022 ten\u00eda tres lugares directos y otro a trav\u00e9s de la repesca.<\/p>\n\n\n\n<p>\u00c1frica ten\u00eda cinco equipos anteriormente, pero ahora cuenta con nueve lugares directos y una posible entrada a trav\u00e9s del repechaje.<\/p>\n\n\n\n<p>Pero ni una edici\u00f3n ampliada ha evitado las penurias de naciones con a\u00f1eja tradici\u00f3n futbol\u00edstica. Italia, cuatro veces campeona del mundo, est\u00e1 en peligro de perderse por tercera vez consecutiva el Mundial, despu\u00e9s de terminar segunda en su grupo de clasificaci\u00f3n.<\/p>\n\n\n\n<p>Los italianos, campeones de Europa en 2021, deben pasar por el repechaje si quieren poner fin a su exilio de la Copa del Mundo.<\/p>\n\n\n\n<p>Eso llev\u00f3 a quejas del entrenador Gennaro Gattuso.<\/p>\n\n\n\n<p>\u201cEn mi \u00e9poca, los mejores segundos de grupo iban directamente a la Copa del Mundo, ahora las reglas han cambiado\u201d, coment\u00f3.<\/p>\n\n\n\n<p>A pesar del descontento de Gattuso, Europa tiene m\u00e1s lugares que cualquier otro continente, con 16 equipos que se clasifican directamente o a trav\u00e9s del repechaje, frente a 13 en las ediciones anteriores.<\/p>\n\n\n\n<p>Hay un argumento, seg\u00fan el cual, la eliminatoria europea puede ser demasiado f\u00e1cil para las naciones principales. Inglaterra avanz\u00f3 como ganadora de grupo con una foja perfecta y sin conceder un solo gol.<\/p>\n\n\n\n<p>Los ingleses no han perdido un partido en la eliminatoria mundialista desde 2009, una racha de 39 partidos.<\/p>\n\n\n\n<p>Noruega, que encabez\u00f3 el grupo de Italia, tambi\u00e9n tuvo un r\u00e9cord del 100% en la eliminatoria, mientras que Croacia, B\u00e9lgica, Francia, Holanda, Espa\u00f1a y Suiza se clasificaron invictas.<\/p>\n\n\n\n<p>Las dificultades de Italia apuntan a su propio declive. Jug\u00f3 su \u00faltimo partido mundialista en 2014.<\/p>\n\n\n\n<p>Y la ca\u00edda se remonta m\u00e1s atr\u00e1s. La Azzurra fue eliminada en la fase de grupos de las dos \u00faltimas Copas del Mundo en las que compiti\u00f3, en 2010 y 2014, habiendo ganado el torneo en 2006.<\/p>\n\n\n\n<p>Alemania gan\u00f3 el \u00faltimo de sus cuatro t\u00edtulos mundiales en 2014 y ha salido en la fase de grupos de las dos Copas del Mundo siguientes, lo que sugiere que el dominio de la \u00e9lite establecida puede ya no estar garantizado.<\/p>\n\n\n\n<p>Eso se siente m\u00e1s all\u00e1 de Europa tambi\u00e9n.<\/p>\n\n\n\n<p>Nigeria fue, durante mucho tiempo, una de las potencias del f\u00fatbol africano y se clasific\u00f3 para seis de las siete ediciones de 1994 a 2018. Ahora se perder\u00e1 la Copa del Mundo por segunda vez consecutiva \u2014qued\u00f3 tambi\u00e9n marginada de Catar 2022.<\/p>\n\n\n\n<p>Curazao y Cabo Verde ya han hecho historia al clasificarse para la Copa del Mundo y su \u00e9xito podr\u00eda inspirar a futuras generaciones, llevando a un mayor desarrollo del f\u00fatbol a nivel nacional.<\/p>\n\n\n\n<p>Eso era lo que la FIFA esperaba que lograra un torneo ampliado.<\/p>\n\n\n\n<p>Pero la Copa del Mundo ha sido el escenario de muchas sorpresas famosas a lo largo de los a\u00f1os. Estados Unidos sorprendi\u00f3 a la poderosa Inglaterra en 1950. En 2022, Arabia Saud\u00ed venci\u00f3 a Lionel Messi y a Argentina, la eventual monarca mundial.<\/p>\n\n\n\n<p>Camer\u00fan venci\u00f3 tambi\u00e9n a una Albiceleste que buscaba revalidar su t\u00edtulo en 1990, y Senegal hizo lo mismo con otro campe\u00f3n defensor, Francia, en 2002.<\/p>\n\n\n\n<p>En 2022, Marruecos se convirti\u00f3 en la primera naci\u00f3n africana en llegar a las semifinales de la Copa del Mundo, venciendo a gigantes europeos como B\u00e9lgica, Espa\u00f1a y Portugal en el camino.<\/p>\n\n\n\n<p>La brecha se est\u00e1 cerrando y los equipos que antes se consideraban meros espectadoes ahora tienen una ambici\u00f3n genuina de llegar lejos en los torneos.<\/p>\n\n\n\n<p>Como naci\u00f3n anfitriona y con el argentino Mauricio Pochettino como entrenador, Estados Unidos buscar\u00e1 mejorar su mejor actuaci\u00f3n en la Copa del Mundo, la de 2002, cuando avanz\u00f3 a los cuartos de final. Un reciente resurgimiento que incluye una victoria por 5-1 sobre Uruguay habr\u00e1 elevado a\u00fan m\u00e1s la confianza.<\/p>\n\n\n\n<p>Pero pa\u00edses como Argentina, Brasil, Espa\u00f1a y Francia siguen siendo los favoritos para levantar el trofeo que s\u00f3lo ha sido compartido entre ocho naciones en sus 95 a\u00f1os de historia.<\/p>\n\n\n\n<p><\/p>\n","protected":false},"excerpt":{"rendered":"<p>(Foto: Agencias) Un Mundial agrandado allan\u00f3 el camino para que las peque\u00f1as selecciones de Curazao<\/p>\n","protected":false},"author":4,"featured_media":11320,"comment_status":"closed","ping_status":"open","sticky":false,"template":"","format":"standard","meta":{"_jetpack_memberships_contains_paid_content":false,"footnotes":""},"categories":[71],"tags":[],"class_list":["post-11325","post","type-post","status-publish","format-standard","has-post-thumbnail","hentry","category-mundial-2026"],"yoast_head":"<!-- This site is optimized with the Yoast SEO plugin v25.7 - https:\/\/yoast.com\/wordpress\/plugins\/seo\/ -->\n<title>Cabo Verde y Curazao van al Mundial - Esbozo Deportivo<\/title>\n<meta name=\"description\" content=\"Un Mundial agrandado allan\u00f3 el camino para que las peque\u00f1as selecciones de Curazao y Cabo Verde aseguraran sus lugares en el mayor evento global del deporte el pr\u00f3ximo a\u00f1o.\" \/>\n<meta name=\"robots\" content=\"index, follow, max-snippet:-1, max-image-preview:large, max-video-preview:-1\" \/>\n<link rel=\"canonical\" href=\"https:\/\/esbozodeportivo.com\/index.php\/2025\/11\/20\/cabo-verde-y-curazao-van-al-mundial\/\" \/>\n<meta property=\"og:locale\" content=\"es_MX\" \/>\n<meta property=\"og:type\" content=\"article\" \/>\n<meta property=\"og:title\" content=\"Cabo Verde y Curazao van al Mundial - Esbozo Deportivo\" \/>\n<meta property=\"og:description\" content=\"Un Mundial agrandado allan\u00f3 el camino para que las peque\u00f1as selecciones de Curazao y Cabo Verde aseguraran sus lugares en el mayor evento global del deporte el pr\u00f3ximo a\u00f1o.\" \/>\n<meta property=\"og:url\" content=\"https:\/\/esbozodeportivo.com\/index.php\/2025\/11\/20\/cabo-verde-y-curazao-van-al-mundial\/\" \/>\n<meta property=\"og:site_name\" content=\"Esbozo Deportivo\" \/>\n<meta property=\"article:published_time\" content=\"2025-11-21T05:08:36+00:00\" \/>\n<meta property=\"article:modified_time\" content=\"2025-11-21T05:08:37+00:00\" \/>\n<meta property=\"og:image\" content=\"https:\/\/esbozodeportivo.com\/wp-content\/uploads\/2025\/11\/Futbol-3.jpg\" \/>\n\t<meta property=\"og:image:width\" content=\"980\" \/>\n\t<meta property=\"og:image:height\" content=\"653\" \/>\n\t<meta property=\"og:image:type\" content=\"image\/jpeg\" \/>\n<meta name=\"author\" content=\"Redacci\u00f3n\" \/>\n<meta name=\"twitter:card\" content=\"summary_large_image\" \/>\n<meta name=\"twitter:label1\" content=\"Escrito por\" \/>\n\t<meta name=\"twitter:data1\" content=\"Redacci\u00f3n\" \/>\n\t<meta name=\"twitter:label2\" content=\"Tiempo de lectura\" \/>\n\t<meta name=\"twitter:data2\" content=\"5 minutos\" \/>\n<script type=\"application\/ld+json\" class=\"yoast-schema-graph\">{\"@context\":\"https:\/\/schema.org\",\"@graph\":[{\"@type\":\"Article\",\"@id\":\"https:\/\/esbozodeportivo.com\/index.php\/2025\/11\/20\/cabo-verde-y-curazao-van-al-mundial\/#article\",\"isPartOf\":{\"@id\":\"https:\/\/esbozodeportivo.com\/index.php\/2025\/11\/20\/cabo-verde-y-curazao-van-al-mundial\/\"},\"author\":{\"name\":\"Redacci\u00f3n\",\"@id\":\"https:\/\/esbozodeportivo.com\/#\/schema\/person\/0f6df9196dfe6740dd0bb31bae50d374\"},\"headline\":\"Cabo Verde y Curazao van al Mundial\",\"datePublished\":\"2025-11-21T05:08:36+00:00\",\"dateModified\":\"2025-11-21T05:08:37+00:00\",\"mainEntityOfPage\":{\"@id\":\"https:\/\/esbozodeportivo.com\/index.php\/2025\/11\/20\/cabo-verde-y-curazao-van-al-mundial\/\"},\"wordCount\":1047,\"publisher\":{\"@id\":\"https:\/\/esbozodeportivo.com\/#organization\"},\"image\":{\"@id\":\"https:\/\/esbozodeportivo.com\/index.php\/2025\/11\/20\/cabo-verde-y-curazao-van-al-mundial\/#primaryimage\"},\"thumbnailUrl\":\"https:\/\/esbozodeportivo.com\/wp-content\/uploads\/2025\/11\/Futbol-3.jpg\",\"articleSection\":[\"Mundial 2026\"],\"inLanguage\":\"es\"},{\"@type\":\"WebPage\",\"@id\":\"https:\/\/esbozodeportivo.com\/index.php\/2025\/11\/20\/cabo-verde-y-curazao-van-al-mundial\/\",\"url\":\"https:\/\/esbozodeportivo.com\/index.php\/2025\/11\/20\/cabo-verde-y-curazao-van-al-mundial\/\",\"name\":\"Cabo Verde y Curazao van al Mundial - Esbozo Deportivo\",\"isPartOf\":{\"@id\":\"https:\/\/esbozodeportivo.com\/#website\"},\"primaryImageOfPage\":{\"@id\":\"https:\/\/esbozodeportivo.com\/index.php\/2025\/11\/20\/cabo-verde-y-curazao-van-al-mundial\/#primaryimage\"},\"image\":{\"@id\":\"https:\/\/esbozodeportivo.com\/index.php\/2025\/11\/20\/cabo-verde-y-curazao-van-al-mundial\/#primaryimage\"},\"thumbnailUrl\":\"https:\/\/esbozodeportivo.com\/wp-content\/uploads\/2025\/11\/Futbol-3.jpg\",\"datePublished\":\"2025-11-21T05:08:36+00:00\",\"dateModified\":\"2025-11-21T05:08:37+00:00\",\"description\":\"Un Mundial agrandado allan\u00f3 el camino para que las peque\u00f1as selecciones de Curazao y Cabo Verde aseguraran sus lugares en el mayor evento global del deporte el pr\u00f3ximo a\u00f1o.\",\"breadcrumb\":{\"@id\":\"https:\/\/esbozodeportivo.com\/index.php\/2025\/11\/20\/cabo-verde-y-curazao-van-al-mundial\/#breadcrumb\"},\"inLanguage\":\"es\",\"potentialAction\":[{\"@type\":\"ReadAction\",\"target\":[\"https:\/\/esbozodeportivo.com\/index.php\/2025\/11\/20\/cabo-verde-y-curazao-van-al-mundial\/\"]}]},{\"@type\":\"ImageObject\",\"inLanguage\":\"es\",\"@id\":\"https:\/\/esbozodeportivo.com\/index.php\/2025\/11\/20\/cabo-verde-y-curazao-van-al-mundial\/#primaryimage\",\"url\":\"https:\/\/esbozodeportivo.com\/wp-content\/uploads\/2025\/11\/Futbol-3.jpg\",\"contentUrl\":\"https:\/\/esbozodeportivo.com\/wp-content\/uploads\/2025\/11\/Futbol-3.jpg\",\"width\":980,\"height\":653},{\"@type\":\"BreadcrumbList\",\"@id\":\"https:\/\/esbozodeportivo.com\/index.php\/2025\/11\/20\/cabo-verde-y-curazao-van-al-mundial\/#breadcrumb\",\"itemListElement\":[{\"@type\":\"ListItem\",\"position\":1,\"name\":\"Inicio\",\"item\":\"https:\/\/esbozodeportivo.com\/\"},{\"@type\":\"ListItem\",\"position\":2,\"name\":\"Cabo Verde y Curazao van al Mundial\"}]},{\"@type\":\"WebSite\",\"@id\":\"https:\/\/esbozodeportivo.com\/#website\",\"url\":\"https:\/\/esbozodeportivo.com\/\",\"name\":\"Esbozo Deportivo\",\"description\":\"Lo m\u00e1s importante del Deporte\",\"publisher\":{\"@id\":\"https:\/\/esbozodeportivo.com\/#organization\"},\"potentialAction\":[{\"@type\":\"SearchAction\",\"target\":{\"@type\":\"EntryPoint\",\"urlTemplate\":\"https:\/\/esbozodeportivo.com\/?s={search_term_string}\"},\"query-input\":{\"@type\":\"PropertyValueSpecification\",\"valueRequired\":true,\"valueName\":\"search_term_string\"}}],\"inLanguage\":\"es\"},{\"@type\":\"Organization\",\"@id\":\"https:\/\/esbozodeportivo.com\/#organization\",\"name\":\"Esbozo Deportivo\",\"url\":\"https:\/\/esbozodeportivo.com\/\",\"logo\":{\"@type\":\"ImageObject\",\"inLanguage\":\"es\",\"@id\":\"https:\/\/esbozodeportivo.com\/#\/schema\/logo\/image\/\",\"url\":\"https:\/\/esbozodeportivo.com\/wp-content\/uploads\/2022\/08\/cropped-Logo-Esbozo-Web-2.png\",\"contentUrl\":\"https:\/\/esbozodeportivo.com\/wp-content\/uploads\/2022\/08\/cropped-Logo-Esbozo-Web-2.png\",\"width\":180,\"height\":50,\"caption\":\"Esbozo Deportivo\"},\"image\":{\"@id\":\"https:\/\/esbozodeportivo.com\/#\/schema\/logo\/image\/\"}},{\"@type\":\"Person\",\"@id\":\"https:\/\/esbozodeportivo.com\/#\/schema\/person\/0f6df9196dfe6740dd0bb31bae50d374\",\"name\":\"Redacci\u00f3n\",\"image\":{\"@type\":\"ImageObject\",\"inLanguage\":\"es\",\"@id\":\"https:\/\/esbozodeportivo.com\/#\/schema\/person\/image\/\",\"url\":\"https:\/\/secure.gravatar.com\/avatar\/f55268a89c3b418f2ef172ff52ab0d09b3e653c58de29539fe329fb93d78ebf3?s=96&d=mm&r=g\",\"contentUrl\":\"https:\/\/secure.gravatar.com\/avatar\/f55268a89c3b418f2ef172ff52ab0d09b3e653c58de29539fe329fb93d78ebf3?s=96&d=mm&r=g\",\"caption\":\"Redacci\u00f3n\"},\"url\":\"https:\/\/esbozodeportivo.com\/index.php\/author\/redaccion\/\"}]}<\/script>\n<!-- \/ Yoast SEO plugin. -->","yoast_head_json":{"title":"Cabo Verde y Curazao van al Mundial - Esbozo Deportivo","description":"Un Mundial agrandado allan\u00f3 el camino para que las peque\u00f1as selecciones de Curazao y Cabo Verde aseguraran sus lugares en el mayor evento global del deporte el pr\u00f3ximo a\u00f1o.","robots":{"index":"index","follow":"follow","max-snippet":"max-snippet:-1","max-image-preview":"max-image-preview:large","max-video-preview":"max-video-preview:-1"},"canonical":"https:\/\/esbozodeportivo.com\/index.php\/2025\/11\/20\/cabo-verde-y-curazao-van-al-mundial\/","og_locale":"es_MX","og_type":"article","og_title":"Cabo Verde y Curazao van al Mundial - Esbozo Deportivo","og_description":"Un Mundial agrandado allan\u00f3 el camino para que las peque\u00f1as selecciones de Curazao y Cabo Verde aseguraran sus lugares en el mayor evento global del deporte el pr\u00f3ximo a\u00f1o.","og_url":"https:\/\/esbozodeportivo.com\/index.php\/2025\/11\/20\/cabo-verde-y-curazao-van-al-mundial\/","og_site_name":"Esbozo Deportivo","article_published_time":"2025-11-21T05:08:36+00:00","article_modified_time":"2025-11-21T05:08:37+00:00","og_image":[{"width":980,"height":653,"url":"https:\/\/esbozodeportivo.com\/wp-content\/uploads\/2025\/11\/Futbol-3.jpg","type":"image\/jpeg"}],"author":"Redacci\u00f3n","twitter_card":"summary_large_image","twitter_misc":{"Escrito por":"Redacci\u00f3n","Tiempo de lectura":"5 minutos"},"schema":{"@context":"https:\/\/schema.org","@graph":[{"@type":"Article","@id":"https:\/\/esbozodeportivo.com\/index.php\/2025\/11\/20\/cabo-verde-y-curazao-van-al-mundial\/#article","isPartOf":{"@id":"https:\/\/esbozodeportivo.com\/index.php\/2025\/11\/20\/cabo-verde-y-curazao-van-al-mundial\/"},"author":{"name":"Redacci\u00f3n","@id":"https:\/\/esbozodeportivo.com\/#\/schema\/person\/0f6df9196dfe6740dd0bb31bae50d374"},"headline":"Cabo Verde y Curazao van al Mundial","datePublished":"2025-11-21T05:08:36+00:00","dateModified":"2025-11-21T05:08:37+00:00","mainEntityOfPage":{"@id":"https:\/\/esbozodeportivo.com\/index.php\/2025\/11\/20\/cabo-verde-y-curazao-van-al-mundial\/"},"wordCount":1047,"publisher":{"@id":"https:\/\/esbozodeportivo.com\/#organization"},"image":{"@id":"https:\/\/esbozodeportivo.com\/index.php\/2025\/11\/20\/cabo-verde-y-curazao-van-al-mundial\/#primaryimage"},"thumbnailUrl":"https:\/\/esbozodeportivo.com\/wp-content\/uploads\/2025\/11\/Futbol-3.jpg","articleSection":["Mundial 2026"],"inLanguage":"es"},{"@type":"WebPage","@id":"https:\/\/esbozodeportivo.com\/index.php\/2025\/11\/20\/cabo-verde-y-curazao-van-al-mundial\/","url":"https:\/\/esbozodeportivo.com\/index.php\/2025\/11\/20\/cabo-verde-y-curazao-van-al-mundial\/","name":"Cabo Verde y Curazao van al Mundial - Esbozo Deportivo","isPartOf":{"@id":"https:\/\/esbozodeportivo.com\/#website"},"primaryImageOfPage":{"@id":"https:\/\/esbozodeportivo.com\/index.php\/2025\/11\/20\/cabo-verde-y-curazao-van-al-mundial\/#primaryimage"},"image":{"@id":"https:\/\/esbozodeportivo.com\/index.php\/2025\/11\/20\/cabo-verde-y-curazao-van-al-mundial\/#primaryimage"},"thumbnailUrl":"https:\/\/esbozodeportivo.com\/wp-content\/uploads\/2025\/11\/Futbol-3.jpg","datePublished":"2025-11-21T05:08:36+00:00","dateModified":"2025-11-21T05:08:37+00:00","description":"Un Mundial agrandado allan\u00f3 el camino para que las peque\u00f1as selecciones de Curazao y Cabo Verde aseguraran sus lugares en el mayor evento global del deporte el pr\u00f3ximo a\u00f1o.","breadcrumb":{"@id":"https:\/\/esbozodeportivo.com\/index.php\/2025\/11\/20\/cabo-verde-y-curazao-van-al-mundial\/#breadcrumb"},"inLanguage":"es","potentialAction":[{"@type":"ReadAction","target":["https:\/\/esbozodeportivo.com\/index.php\/2025\/11\/20\/cabo-verde-y-curazao-van-al-mundial\/"]}]},{"@type":"ImageObject","inLanguage":"es","@id":"https:\/\/esbozodeportivo.com\/index.php\/2025\/11\/20\/cabo-verde-y-curazao-van-al-mundial\/#primaryimage","url":"https:\/\/esbozodeportivo.com\/wp-content\/uploads\/2025\/11\/Futbol-3.jpg","contentUrl":"https:\/\/esbozodeportivo.com\/wp-content\/uploads\/2025\/11\/Futbol-3.jpg","width":980,"height":653},{"@type":"BreadcrumbList","@id":"https:\/\/esbozodeportivo.com\/index.php\/2025\/11\/20\/cabo-verde-y-curazao-van-al-mundial\/#breadcrumb","itemListElement":[{"@type":"ListItem","position":1,"name":"Inicio","item":"https:\/\/esbozodeportivo.com\/"},{"@type":"ListItem","position":2,"name":"Cabo Verde y Curazao van al Mundial"}]},{"@type":"WebSite","@id":"https:\/\/esbozodeportivo.com\/#website","url":"https:\/\/esbozodeportivo.com\/","name":"Esbozo Deportivo","description":"Lo m\u00e1s importante del Deporte","publisher":{"@id":"https:\/\/esbozodeportivo.com\/#organization"},"potentialAction":[{"@type":"SearchAction","target":{"@type":"EntryPoint","urlTemplate":"https:\/\/esbozodeportivo.com\/?s={search_term_string}"},"query-input":{"@type":"PropertyValueSpecification","valueRequired":true,"valueName":"search_term_string"}}],"inLanguage":"es"},{"@type":"Organization","@id":"https:\/\/esbozodeportivo.com\/#organization","name":"Esbozo Deportivo","url":"https:\/\/esbozodeportivo.com\/","logo":{"@type":"ImageObject","inLanguage":"es","@id":"https:\/\/esbozodeportivo.com\/#\/schema\/logo\/image\/","url":"https:\/\/esbozodeportivo.com\/wp-content\/uploads\/2022\/08\/cropped-Logo-Esbozo-Web-2.png","contentUrl":"https:\/\/esbozodeportivo.com\/wp-content\/uploads\/2022\/08\/cropped-Logo-Esbozo-Web-2.png","width":180,"height":50,"caption":"Esbozo Deportivo"},"image":{"@id":"https:\/\/esbozodeportivo.com\/#\/schema\/logo\/image\/"}},{"@type":"Person","@id":"https:\/\/esbozodeportivo.com\/#\/schema\/person\/0f6df9196dfe6740dd0bb31bae50d374","name":"Redacci\u00f3n","image":{"@type":"ImageObject","inLanguage":"es","@id":"https:\/\/esbozodeportivo.com\/#\/schema\/person\/image\/","url":"https:\/\/secure.gravatar.com\/avatar\/f55268a89c3b418f2ef172ff52ab0d09b3e653c58de29539fe329fb93d78ebf3?s=96&d=mm&r=g","contentUrl":"https:\/\/secure.gravatar.com\/avatar\/f55268a89c3b418f2ef172ff52ab0d09b3e653c58de29539fe329fb93d78ebf3?s=96&d=mm&r=g","caption":"Redacci\u00f3n"},"url":"https:\/\/esbozodeportivo.com\/index.php\/author\/redaccion\/"}]}},"jetpack_featured_media_url":"https:\/\/esbozodeportivo.com\/wp-content\/uploads\/2025\/11\/Futbol-3.jpg","jetpack_sharing_enabled":true,"_links":{"self":[{"href":"https:\/\/esbozodeportivo.com\/index.php\/wp-json\/wp\/v2\/posts\/11325","targetHints":{"allow":["GET"]}}],"collection":[{"href":"https:\/\/esbozodeportivo.com\/index.php\/wp-json\/wp\/v2\/posts"}],"about":[{"href":"https:\/\/esbozodeportivo.com\/index.php\/wp-json\/wp\/v2\/types\/post"}],"author":[{"embeddable":true,"href":"https:\/\/esbozodeportivo.com\/index.php\/wp-json\/wp\/v2\/users\/4"}],"replies":[{"embeddable":true,"href":"https:\/\/esbozodeportivo.com\/index.php\/wp-json\/wp\/v2\/comments?post=11325"}],"version-history":[{"count":1,"href":"https:\/\/esbozodeportivo.com\/index.php\/wp-json\/wp\/v2\/posts\/11325\/revisions"}],"predecessor-version":[{"id":11326,"href":"https:\/\/esbozodeportivo.com\/index.php\/wp-json\/wp\/v2\/posts\/11325\/revisions\/11326"}],"wp:featuredmedia":[{"embeddable":true,"href":"https:\/\/esbozodeportivo.com\/index.php\/wp-json\/wp\/v2\/media\/11320"}],"wp:attachment":[{"href":"https:\/\/esbozodeportivo.com\/index.php\/wp-json\/wp\/v2\/media?parent=11325"}],"wp:term":[{"taxonomy":"category","embeddable":true,"href":"https:\/\/esbozodeportivo.com\/index.php\/wp-json\/wp\/v2\/categories?post=11325"},{"taxonomy":"post_tag","embeddable":true,"href":"https:\/\/esbozodeportivo.com\/index.php\/wp-json\/wp\/v2\/tags?post=11325"}],"curies":[{"name":"wp","href":"https:\/\/api.w.org\/{rel}","templated":true}]}}