{"id":11333,"date":"2025-11-21T22:10:29","date_gmt":"2025-11-22T04:10:29","guid":{"rendered":"https:\/\/esbozodeportivo.com\/?p=11333"},"modified":"2025-11-21T22:10:30","modified_gmt":"2025-11-22T04:10:30","slug":"jose-de-jesus-camaron-rodriguez-asume-el-liderato-rumbo-a-la-ronda-final-de-la-vii-copa-multimedios-presentada-por-bankaool-cuarta-etapa-de-la-temporada-2025-26-de-la-gira-profesion","status":"publish","type":"post","link":"https:\/\/esbozodeportivo.com\/index.php\/2025\/11\/21\/jose-de-jesus-camaron-rodriguez-asume-el-liderato-rumbo-a-la-ronda-final-de-la-vii-copa-multimedios-presentada-por-bankaool-cuarta-etapa-de-la-temporada-2025-26-de-la-gira-profesion\/","title":{"rendered":"Jos\u00e9 de Jes\u00fas \u201cCamar\u00f3n\u201d Rodr\u00edguez asume el liderato rumbo a la ronda final de la VII Copa Multimedios presentada por bankaool, cuarta etapa de la temporada 2025-26 de la Gira Profesional Mexicana (GPM)b"},"content":{"rendered":"\n<p><strong>Camar\u00f3n Rodr\u00edguez (Foto: Cortes\u00eda) <\/strong><\/p>\n\n\n\n<p>Monterrey, Nuevo Le\u00f3n, (21 de noviembre de 2025).- Con una exhibici\u00f3n de precisi\u00f3n y control, el mexicano <strong>Jos\u00e9 de Jes\u00fas \u201cCamar\u00f3n\u201d Rodr\u00edguez<\/strong> firm\u00f3 una espectacular ronda de <strong>62 golpes<\/strong>, para un acumulado de <strong>128 impactos (-14)<\/strong>, con lo que tom\u00f3 el liderato de la <strong>VII Copa Multimedios presentada por bankaool<\/strong>, cuarta fecha de la temporada <strong>2025-26 de la Gira Profesional Mexicana (GPM)<\/strong>. El torneo, que otorga puntos para el <strong>Official World Golf Ranking (OWGR)<\/strong>, concluir\u00e1 este s\u00e1bado en el exigente recorrido del <strong>Club de Golf Valle Alto<\/strong>.<\/p>\n\n\n\n<ul class=\"wp-block-list\">\n<li>Jos\u00e9 de Jes\u00fas\u00a0<strong>\u201cCamar\u00f3n\u201d Rodr\u00edguez<\/strong> lidera con <strong>128 golpes (-14)<\/strong>, tras una ronda casi perfecta de <strong>62 impactos<\/strong> con <strong>nueve birdies y cero bogeys<\/strong>.<\/li>\n\n\n\n<li>El jalisciense <strong>\u00c1lvaro Ortiz<\/strong>, integrante del Korn Ferry Tour, ocupa la <strong>segunda posici\u00f3n<\/strong> con <strong>131 golpes (-11)<\/strong>.<\/li>\n\n\n\n<li>En <strong>tercer lugar<\/strong> (-10), con <strong>132 impactos<\/strong>, se encuentran <strong>Rodolfo Cazaub\u00f3n<\/strong>, <strong>Jos\u00e9 Crist\u00f3bal Islas<\/strong> y el estadounidense <strong>Joel Thelen<\/strong>, campe\u00f3n defensor.<\/li>\n\n\n\n<li>El torneo reparte una <strong>bolsa de $1,800,000 pesos<\/strong> y puntos para el <strong>OWGR<\/strong>.<\/li>\n\n\n\n<li>El estadounidense <strong>Kyle Stanley<\/strong>, dos veces ganador en el PGA Tour, <strong>no super\u00f3 el corte<\/strong>.<\/li>\n<\/ul>\n\n\n\n<p><strong>\u201cCamar\u00f3n\u201d Rodr\u00edguez toma el control con golf de alto nivel<\/strong><\/p>\n\n\n\n<p>Con una de las mejores rondas de su carrera dentro de la GPM, <strong>Jos\u00e9 de Jes\u00fas \u201cCamar\u00f3n\u201d Rodr\u00edguez<\/strong> se coloc\u00f3 en la cima del tablero tras un recorrido impecable que incluy\u00f3 <strong>nueve birdies<\/strong> y ninguna falla. Visiblemente satisfecho, Rodr\u00edguez comparti\u00f3 sus sensaciones tras su actuaci\u00f3n:<\/p>\n\n\n\n<p>\u201cFue una gran ronda. He venido jugando muy bien toda la semana y hoy todo se acomod\u00f3: la estrategia, el putt, el ritmo. Espero ma\u00f1ana cerrar con otro buen recorrido y pelear por el t\u00edtulo\u201d, afirm\u00f3 el guanajuatense, m\u00e1ximo ganador en la historia de la Gira Profesional Mexicana con 11 triunfos.<\/p>\n\n\n\n<p>El jugador tambi\u00e9n revel\u00f3, entre risas, un detalle curioso que acompa\u00f1\u00f3 su actuaci\u00f3n: \u201cHoy tra\u00eda un amuleto de la suerte: mi gorra nueva con un camar\u00f3n bordado. Siempre me ha gustado innovar un poco, y esta vez quise estrenar esa gorra\u2026 para mi fortuna, se sirvi\u00f3 de mucho\u201d, brome\u00f3.<\/p>\n\n\n\n<p>Con esta ronda, Rodr\u00edguez qued\u00f3 a solo 18 hoyos de conseguir su victoria n\u00famero 12 en la GPM, un logro que lo reafirmar\u00eda como uno de los jugadores m\u00e1s importantes en la historia del golf profesional mexicano.<\/p>\n\n\n\n<figure class=\"wp-block-image size-large\"><img loading=\"lazy\" decoding=\"async\" width=\"1024\" height=\"682\" src=\"https:\/\/esbozodeportivo.com\/wp-content\/uploads\/2025\/11\/a25f184d-74f7-4f35-9722-53c0edd90d96-1024x682.jpg\" alt=\"\" class=\"wp-image-11343\" srcset=\"https:\/\/esbozodeportivo.com\/wp-content\/uploads\/2025\/11\/a25f184d-74f7-4f35-9722-53c0edd90d96-1024x682.jpg 1024w, https:\/\/esbozodeportivo.com\/wp-content\/uploads\/2025\/11\/a25f184d-74f7-4f35-9722-53c0edd90d96-300x200.jpg 300w, https:\/\/esbozodeportivo.com\/wp-content\/uploads\/2025\/11\/a25f184d-74f7-4f35-9722-53c0edd90d96-768x512.jpg 768w, https:\/\/esbozodeportivo.com\/wp-content\/uploads\/2025\/11\/a25f184d-74f7-4f35-9722-53c0edd90d96-1536x1023.jpg 1536w, https:\/\/esbozodeportivo.com\/wp-content\/uploads\/2025\/11\/a25f184d-74f7-4f35-9722-53c0edd90d96.jpg 1600w\" sizes=\"auto, (max-width: 1024px) 100vw, 1024px\" \/><\/figure>\n\n\n\n<p><strong>\u00c1lvaro Ortiz (Foto: Cortes\u00eda) <\/strong><\/p>\n\n\n\n<p><strong>\u00c1lvaro Ortiz, firme en la pelea desde el segundo lugar<\/strong><\/p>\n\n\n\n<p>A tres golpes del l\u00edder aparece el jalisciense <strong>\u00c1lvaro Ortiz<\/strong>, quien entreg\u00f3 un s\u00f3lido marcador de <strong>131 golpes (-11)<\/strong>. Ortiz, integrante del <strong>Korn Ferry Tour<\/strong>, se mantuvo constante y efectivo durante la jornada, dejando abierta la posibilidad de un cierre competitivo.<\/p>\n\n\n\n<p>\u201cEstoy contento con c\u00f3mo jugu\u00e9 hoy. Fui paciente, tom\u00e9 buenas decisiones y pude aprovechar varios hoyos clave. Ma\u00f1ana saldr\u00e9 a dar mi mejor esfuerzo; s\u00e9 que el \u2018Camar\u00f3n\u2019 est\u00e1 jugando muy bien, pero tambi\u00e9n s\u00e9 que tengo el nivel para competir por el t\u00edtulo\u201d, se\u00f1al\u00f3 Ortiz al finalizar su ronda.<\/p>\n\n\n\n<p>El tapat\u00edo ha mostrado esta semana gran dominio del campo y buscar\u00e1 presionar al l\u00edder desde el primer hoyo de la ronda final.<\/p>\n\n\n\n<figure class=\"wp-block-image size-large\"><img loading=\"lazy\" decoding=\"async\" width=\"1024\" height=\"682\" src=\"https:\/\/esbozodeportivo.com\/wp-content\/uploads\/2025\/11\/e4db8cbb-e476-4950-b8e8-c74c8283a660-1-1024x682.jpg\" alt=\"\" class=\"wp-image-11345\" srcset=\"https:\/\/esbozodeportivo.com\/wp-content\/uploads\/2025\/11\/e4db8cbb-e476-4950-b8e8-c74c8283a660-1-1024x682.jpg 1024w, https:\/\/esbozodeportivo.com\/wp-content\/uploads\/2025\/11\/e4db8cbb-e476-4950-b8e8-c74c8283a660-1-300x200.jpg 300w, https:\/\/esbozodeportivo.com\/wp-content\/uploads\/2025\/11\/e4db8cbb-e476-4950-b8e8-c74c8283a660-1-768x512.jpg 768w, https:\/\/esbozodeportivo.com\/wp-content\/uploads\/2025\/11\/e4db8cbb-e476-4950-b8e8-c74c8283a660-1-1536x1023.jpg 1536w, https:\/\/esbozodeportivo.com\/wp-content\/uploads\/2025\/11\/e4db8cbb-e476-4950-b8e8-c74c8283a660-1.jpg 1600w\" sizes=\"auto, (max-width: 1024px) 100vw, 1024px\" \/><\/figure>\n\n\n\n<p><strong>Rodolfo Cazaub\u00f3n (Foto: Cortes\u00eda) <\/strong><\/p>\n\n\n\n<p><strong>Tercera posici\u00f3n muy disputada<\/strong><\/p>\n\n\n\n<p>Con un acumulado de <strong>132 golpes (-10)<\/strong>, tres jugadores comparten el <strong>tercer sitio<\/strong>:<\/p>\n\n\n\n<ul class=\"wp-block-list\">\n<li><strong>Rodolfo Cazaub\u00f3n<\/strong> (MEX)<\/li>\n\n\n\n<li><strong>Jos\u00e9 Crist\u00f3bal Islas<\/strong> (MEX)<\/li>\n\n\n\n<li><strong>Joel Thelen<\/strong> (USA), campe\u00f3n defensor<\/li>\n<\/ul>\n\n\n\n<p>Su presencia entre los l\u00edderes anticipa una ronda final intensa, con varios jugadores capaces de pelear por el t\u00edtulo si aprovechan los errores y oportunidades que pueda ofrecer Valle Alto.<\/p>\n\n\n\n<p>La <strong>VII Copa Multimedios presentada por bankaool<\/strong> se encamina a un cierre emocionante en el <strong>Club de Golf Valle Alto<\/strong>, con <strong>Jos\u00e9 de Jes\u00fas \u201cCamar\u00f3n\u201d Rodr\u00edguez<\/strong>&nbsp;en busca de su triunfo n\u00famero 12 y un grupo perseguidor encabezado por <strong>\u00c1lvaro Ortiz<\/strong>, dispuesto a presionar hasta el \u00faltimo hoyo. Con un tablero ajustado y condiciones de alta exigencia, la ronda final promete ser uno de los momentos m\u00e1s electrizantes de la temporada <strong>2025-26 de la Gira Profesional Mexicana<\/strong>.<\/p>\n\n\n\n<p>La actividad continuar\u00e1 este <strong>s\u00e1bado<\/strong>, cuando se dispute la \u00faltima ronda para definir al campe\u00f3n en uno de los torneos m\u00e1s prestigiosos del calendario.<\/p>\n\n\n\n<figure class=\"wp-block-image size-large\"><img loading=\"lazy\" decoding=\"async\" width=\"1024\" height=\"682\" src=\"https:\/\/esbozodeportivo.com\/wp-content\/uploads\/2025\/11\/f4e5c358-481b-40f7-a8ca-569c0681cf05-1024x682.jpg\" alt=\"\" class=\"wp-image-11348\" srcset=\"https:\/\/esbozodeportivo.com\/wp-content\/uploads\/2025\/11\/f4e5c358-481b-40f7-a8ca-569c0681cf05-1024x682.jpg 1024w, https:\/\/esbozodeportivo.com\/wp-content\/uploads\/2025\/11\/f4e5c358-481b-40f7-a8ca-569c0681cf05-300x200.jpg 300w, https:\/\/esbozodeportivo.com\/wp-content\/uploads\/2025\/11\/f4e5c358-481b-40f7-a8ca-569c0681cf05-768x512.jpg 768w, https:\/\/esbozodeportivo.com\/wp-content\/uploads\/2025\/11\/f4e5c358-481b-40f7-a8ca-569c0681cf05-1536x1023.jpg 1536w, https:\/\/esbozodeportivo.com\/wp-content\/uploads\/2025\/11\/f4e5c358-481b-40f7-a8ca-569c0681cf05.jpg 1600w\" sizes=\"auto, (max-width: 1024px) 100vw, 1024px\" \/><\/figure>\n\n\n\n<p><strong>Joel Thelen (Foto: Cortes\u00eda) <\/strong><\/p>\n\n\n\n<p><strong>Palmar\u00e9s de la Copa Multimedios<\/strong><\/p>\n\n\n\n<ul class=\"wp-block-list\">\n<li><strong>2017-18:<\/strong> Jos\u00e9 de Jes\u00fas \u201cCamar\u00f3n\u201d Rodr\u00edguez (M\u00e9xico)<\/li>\n\n\n\n<li><strong>2018-19:<\/strong> Armando Favela (M\u00e9xico)<\/li>\n\n\n\n<li><strong>2021-22:<\/strong> Jos\u00e9 Toledo (Guatemala)<\/li>\n\n\n\n<li><strong>2022-23:<\/strong> Ra\u00fal Pereda (M\u00e9xico)<\/li>\n\n\n\n<li><strong>2023-24:<\/strong> Josh Radcliff (Estados Unidos)<\/li>\n\n\n\n<li><strong>2024-25:<\/strong> Joel Thelen (Estados Unidos)<\/li>\n<\/ul>\n\n\n\n<p><strong>Ganadores temporada 2025-26 \u2013 Gira Profesional Mexicana<\/strong><\/p>\n\n\n\n<ol start=\"1\" class=\"wp-block-list\">\n<li><strong>Mexico City Open II (CCCM):<\/strong> Santiago de la Fuente (M\u00e9xico) \u2013 <em>194, -19<\/em><\/li>\n\n\n\n<li><strong>Amanali Classic:<\/strong> Santiago de la Fuente (M\u00e9xico) \u2013 <em>195, -21<\/em><\/li>\n\n\n\n<li><strong>Baj\u00edo Open \u2013 Le\u00f3n:<\/strong> Alejandro Madariaga (M\u00e9xico) \u2013 <em>203, -13<\/em><\/li>\n<\/ol>\n\n\n\n<p>La VII Copa Multimedios presentada por bankaool que reparte una bolsa de un mill\u00f3n 800 mil pesos, promete una semana de gran golf en Monterrey, con un field de alt\u00edsimo nivel y una sede que exige precisi\u00f3n, estrategia y fortaleza mental. Con la participaci\u00f3n de campeones hist\u00f3ricos, figuras internacionales y j\u00f3venes talentos mexicanos, Valle Alto se prepara para recibir una de las competencias m\u00e1s emocionantes del calendario de la <strong>Gira Profesional Mexicana<\/strong>.<\/p>\n\n\n\n<p><strong>Sigue la cobertura oficial en redes sociales:<\/strong><\/p>\n\n\n\n<ul class=\"wp-block-list\">\n<li><strong>Instagram:<\/strong> @giragolfmx<\/li>\n\n\n\n<li><strong>Facebook:<\/strong> Gira de Golf Profesional<\/li>\n\n\n\n<li><strong>X (Twitter):<\/strong> @giragolfmx<\/li>\n<\/ul>\n\n\n\n<figure class=\"wp-block-image size-large\"><img loading=\"lazy\" decoding=\"async\" width=\"1024\" height=\"682\" src=\"https:\/\/esbozodeportivo.com\/wp-content\/uploads\/2025\/11\/55407445-1b71-401b-8cd4-c4305b24c320-1024x682.jpg\" alt=\"\" class=\"wp-image-11342\" srcset=\"https:\/\/esbozodeportivo.com\/wp-content\/uploads\/2025\/11\/55407445-1b71-401b-8cd4-c4305b24c320-1024x682.jpg 1024w, https:\/\/esbozodeportivo.com\/wp-content\/uploads\/2025\/11\/55407445-1b71-401b-8cd4-c4305b24c320-300x200.jpg 300w, https:\/\/esbozodeportivo.com\/wp-content\/uploads\/2025\/11\/55407445-1b71-401b-8cd4-c4305b24c320-768x512.jpg 768w, https:\/\/esbozodeportivo.com\/wp-content\/uploads\/2025\/11\/55407445-1b71-401b-8cd4-c4305b24c320-1536x1023.jpg 1536w, https:\/\/esbozodeportivo.com\/wp-content\/uploads\/2025\/11\/55407445-1b71-401b-8cd4-c4305b24c320.jpg 1600w\" sizes=\"auto, (max-width: 1024px) 100vw, 1024px\" \/><\/figure>\n\n\n\n<p><strong>Jos\u00e9 Crist\u00f3bal Islas (Foto: Cortes\u00eda) <\/strong><\/p>\n\n\n\n<figure class=\"wp-block-image size-large\"><img loading=\"lazy\" decoding=\"async\" width=\"1024\" height=\"682\" src=\"https:\/\/esbozodeportivo.com\/wp-content\/uploads\/2025\/11\/3bae9310-d062-4e91-956a-5d9bdba39e45-1024x682.jpg\" alt=\"\" class=\"wp-image-11335\" srcset=\"https:\/\/esbozodeportivo.com\/wp-content\/uploads\/2025\/11\/3bae9310-d062-4e91-956a-5d9bdba39e45-1024x682.jpg 1024w, https:\/\/esbozodeportivo.com\/wp-content\/uploads\/2025\/11\/3bae9310-d062-4e91-956a-5d9bdba39e45-300x200.jpg 300w, https:\/\/esbozodeportivo.com\/wp-content\/uploads\/2025\/11\/3bae9310-d062-4e91-956a-5d9bdba39e45-768x512.jpg 768w, https:\/\/esbozodeportivo.com\/wp-content\/uploads\/2025\/11\/3bae9310-d062-4e91-956a-5d9bdba39e45-1536x1023.jpg 1536w, https:\/\/esbozodeportivo.com\/wp-content\/uploads\/2025\/11\/3bae9310-d062-4e91-956a-5d9bdba39e45.jpg 1600w\" sizes=\"auto, (max-width: 1024px) 100vw, 1024px\" \/><\/figure>\n\n\n\n<p><strong>Juan Camilo Vesga (Foto: Cortes\u00eda) <\/strong><\/p>\n","protected":false},"excerpt":{"rendered":"<p>Camar\u00f3n Rodr\u00edguez (Foto: Cortes\u00eda) Monterrey, Nuevo Le\u00f3n, (21 de noviembre de 2025).- Con una exhibici\u00f3n<\/p>\n","protected":false},"author":4,"featured_media":11339,"comment_status":"closed","ping_status":"open","sticky":false,"template":"","format":"standard","meta":{"_jetpack_memberships_contains_paid_content":false,"footnotes":""},"categories":[83],"tags":[],"class_list":["post-11333","post","type-post","status-publish","format-standard","has-post-thumbnail","hentry","category-federacion-mexicana-de-golf"],"yoast_head":"<!-- This site is optimized with the Yoast SEO plugin v25.7 - https:\/\/yoast.com\/wordpress\/plugins\/seo\/ -->\n<title>Jos\u00e9 de Jes\u00fas \u201cCamar\u00f3n\u201d Rodr\u00edguez asume el liderato rumbo a la ronda final de la VII Copa Multimedios presentada por bankaool, cuarta etapa de la temporada 2025-26 de la Gira Profesional Mexicana (GPM)b - Esbozo Deportivo<\/title>\n<meta name=\"description\" content=\"Con una exhibici\u00f3n de precisi\u00f3n y control, el mexicano Jos\u00e9 de Jes\u00fas \u201cCamar\u00f3n\u201d Rodr\u00edguez firm\u00f3 una espectacular ronda de 62 golpes, para un acumulado de 128 impactos (-14), con lo que tom\u00f3 el liderato de la VII Copa Multimedios presentada por bankaool, cuarta fecha de la temporada 2025-26 de la Gira Profesional Mexicana (GPM). El torneo, que otorga puntos para el Official World Golf Ranking (OWGR), concluir\u00e1 este s\u00e1bado en el exigente recorrido del Club de Golf Valle Alto.\" \/>\n<meta name=\"robots\" content=\"index, follow, max-snippet:-1, max-image-preview:large, max-video-preview:-1\" \/>\n<link rel=\"canonical\" href=\"https:\/\/esbozodeportivo.com\/index.php\/2025\/11\/21\/jose-de-jesus-camaron-rodriguez-asume-el-liderato-rumbo-a-la-ronda-final-de-la-vii-copa-multimedios-presentada-por-bankaool-cuarta-etapa-de-la-temporada-2025-26-de-la-gira-profesion\/\" \/>\n<meta property=\"og:locale\" content=\"es_MX\" \/>\n<meta property=\"og:type\" content=\"article\" \/>\n<meta property=\"og:title\" content=\"Jos\u00e9 de Jes\u00fas \u201cCamar\u00f3n\u201d Rodr\u00edguez asume el liderato rumbo a la ronda final de la VII Copa Multimedios presentada por bankaool, cuarta etapa de la temporada 2025-26 de la Gira Profesional Mexicana (GPM)b - Esbozo Deportivo\" \/>\n<meta property=\"og:description\" content=\"Con una exhibici\u00f3n de precisi\u00f3n y control, el mexicano Jos\u00e9 de Jes\u00fas \u201cCamar\u00f3n\u201d Rodr\u00edguez firm\u00f3 una espectacular ronda de 62 golpes, para un acumulado de 128 impactos (-14), con lo que tom\u00f3 el liderato de la VII Copa Multimedios presentada por bankaool, cuarta fecha de la temporada 2025-26 de la Gira Profesional Mexicana (GPM). El torneo, que otorga puntos para el Official World Golf Ranking (OWGR), concluir\u00e1 este s\u00e1bado en el exigente recorrido del Club de Golf Valle Alto.\" \/>\n<meta property=\"og:url\" content=\"https:\/\/esbozodeportivo.com\/index.php\/2025\/11\/21\/jose-de-jesus-camaron-rodriguez-asume-el-liderato-rumbo-a-la-ronda-final-de-la-vii-copa-multimedios-presentada-por-bankaool-cuarta-etapa-de-la-temporada-2025-26-de-la-gira-profesion\/\" \/>\n<meta property=\"og:site_name\" content=\"Esbozo Deportivo\" \/>\n<meta property=\"article:published_time\" content=\"2025-11-22T04:10:29+00:00\" \/>\n<meta property=\"article:modified_time\" content=\"2025-11-22T04:10:30+00:00\" \/>\n<meta property=\"og:image\" content=\"https:\/\/esbozodeportivo.com\/wp-content\/uploads\/2025\/11\/9157f4b6-b4f0-443d-b887-47ce3cf122de.jpg\" \/>\n\t<meta property=\"og:image:width\" content=\"1600\" \/>\n\t<meta property=\"og:image:height\" content=\"1066\" \/>\n\t<meta property=\"og:image:type\" content=\"image\/jpeg\" \/>\n<meta name=\"author\" content=\"Redacci\u00f3n\" \/>\n<meta name=\"twitter:card\" content=\"summary_large_image\" \/>\n<meta name=\"twitter:label1\" content=\"Escrito por\" \/>\n\t<meta name=\"twitter:data1\" content=\"Redacci\u00f3n\" \/>\n\t<meta name=\"twitter:label2\" content=\"Tiempo de lectura\" \/>\n\t<meta name=\"twitter:data2\" content=\"6 minutos\" \/>\n<script type=\"application\/ld+json\" class=\"yoast-schema-graph\">{\"@context\":\"https:\/\/schema.org\",\"@graph\":[{\"@type\":\"Article\",\"@id\":\"https:\/\/esbozodeportivo.com\/index.php\/2025\/11\/21\/jose-de-jesus-camaron-rodriguez-asume-el-liderato-rumbo-a-la-ronda-final-de-la-vii-copa-multimedios-presentada-por-bankaool-cuarta-etapa-de-la-temporada-2025-26-de-la-gira-profesion\/#article\",\"isPartOf\":{\"@id\":\"https:\/\/esbozodeportivo.com\/index.php\/2025\/11\/21\/jose-de-jesus-camaron-rodriguez-asume-el-liderato-rumbo-a-la-ronda-final-de-la-vii-copa-multimedios-presentada-por-bankaool-cuarta-etapa-de-la-temporada-2025-26-de-la-gira-profesion\/\"},\"author\":{\"name\":\"Redacci\u00f3n\",\"@id\":\"https:\/\/esbozodeportivo.com\/#\/schema\/person\/0f6df9196dfe6740dd0bb31bae50d374\"},\"headline\":\"Jos\u00e9 de Jes\u00fas \u201cCamar\u00f3n\u201d Rodr\u00edguez asume el liderato rumbo a la ronda final de la VII Copa Multimedios presentada por bankaool, cuarta etapa de la temporada 2025-26 de la Gira Profesional Mexicana (GPM)b\",\"datePublished\":\"2025-11-22T04:10:29+00:00\",\"dateModified\":\"2025-11-22T04:10:30+00:00\",\"mainEntityOfPage\":{\"@id\":\"https:\/\/esbozodeportivo.com\/index.php\/2025\/11\/21\/jose-de-jesus-camaron-rodriguez-asume-el-liderato-rumbo-a-la-ronda-final-de-la-vii-copa-multimedios-presentada-por-bankaool-cuarta-etapa-de-la-temporada-2025-26-de-la-gira-profesion\/\"},\"wordCount\":943,\"publisher\":{\"@id\":\"https:\/\/esbozodeportivo.com\/#organization\"},\"image\":{\"@id\":\"https:\/\/esbozodeportivo.com\/index.php\/2025\/11\/21\/jose-de-jesus-camaron-rodriguez-asume-el-liderato-rumbo-a-la-ronda-final-de-la-vii-copa-multimedios-presentada-por-bankaool-cuarta-etapa-de-la-temporada-2025-26-de-la-gira-profesion\/#primaryimage\"},\"thumbnailUrl\":\"https:\/\/esbozodeportivo.com\/wp-content\/uploads\/2025\/11\/9157f4b6-b4f0-443d-b887-47ce3cf122de.jpg\",\"articleSection\":[\"Federaci\u00f3n Mexicana de Golf\"],\"inLanguage\":\"es\"},{\"@type\":\"WebPage\",\"@id\":\"https:\/\/esbozodeportivo.com\/index.php\/2025\/11\/21\/jose-de-jesus-camaron-rodriguez-asume-el-liderato-rumbo-a-la-ronda-final-de-la-vii-copa-multimedios-presentada-por-bankaool-cuarta-etapa-de-la-temporada-2025-26-de-la-gira-profesion\/\",\"url\":\"https:\/\/esbozodeportivo.com\/index.php\/2025\/11\/21\/jose-de-jesus-camaron-rodriguez-asume-el-liderato-rumbo-a-la-ronda-final-de-la-vii-copa-multimedios-presentada-por-bankaool-cuarta-etapa-de-la-temporada-2025-26-de-la-gira-profesion\/\",\"name\":\"Jos\u00e9 de Jes\u00fas \u201cCamar\u00f3n\u201d Rodr\u00edguez asume el liderato rumbo a la ronda final de la VII Copa Multimedios presentada por bankaool, cuarta etapa de la temporada 2025-26 de la Gira Profesional Mexicana (GPM)b - Esbozo Deportivo\",\"isPartOf\":{\"@id\":\"https:\/\/esbozodeportivo.com\/#website\"},\"primaryImageOfPage\":{\"@id\":\"https:\/\/esbozodeportivo.com\/index.php\/2025\/11\/21\/jose-de-jesus-camaron-rodriguez-asume-el-liderato-rumbo-a-la-ronda-final-de-la-vii-copa-multimedios-presentada-por-bankaool-cuarta-etapa-de-la-temporada-2025-26-de-la-gira-profesion\/#primaryimage\"},\"image\":{\"@id\":\"https:\/\/esbozodeportivo.com\/index.php\/2025\/11\/21\/jose-de-jesus-camaron-rodriguez-asume-el-liderato-rumbo-a-la-ronda-final-de-la-vii-copa-multimedios-presentada-por-bankaool-cuarta-etapa-de-la-temporada-2025-26-de-la-gira-profesion\/#primaryimage\"},\"thumbnailUrl\":\"https:\/\/esbozodeportivo.com\/wp-content\/uploads\/2025\/11\/9157f4b6-b4f0-443d-b887-47ce3cf122de.jpg\",\"datePublished\":\"2025-11-22T04:10:29+00:00\",\"dateModified\":\"2025-11-22T04:10:30+00:00\",\"description\":\"Con una exhibici\u00f3n de precisi\u00f3n y control, el mexicano Jos\u00e9 de Jes\u00fas \u201cCamar\u00f3n\u201d Rodr\u00edguez firm\u00f3 una espectacular ronda de 62 golpes, para un acumulado de 128 impactos (-14), con lo que tom\u00f3 el liderato de la VII Copa Multimedios presentada por bankaool, cuarta fecha de la temporada 2025-26 de la Gira Profesional Mexicana (GPM). El torneo, que otorga puntos para el Official World Golf Ranking (OWGR), concluir\u00e1 este s\u00e1bado en el exigente recorrido del Club de Golf Valle Alto.\",\"breadcrumb\":{\"@id\":\"https:\/\/esbozodeportivo.com\/index.php\/2025\/11\/21\/jose-de-jesus-camaron-rodriguez-asume-el-liderato-rumbo-a-la-ronda-final-de-la-vii-copa-multimedios-presentada-por-bankaool-cuarta-etapa-de-la-temporada-2025-26-de-la-gira-profesion\/#breadcrumb\"},\"inLanguage\":\"es\",\"potentialAction\":[{\"@type\":\"ReadAction\",\"target\":[\"https:\/\/esbozodeportivo.com\/index.php\/2025\/11\/21\/jose-de-jesus-camaron-rodriguez-asume-el-liderato-rumbo-a-la-ronda-final-de-la-vii-copa-multimedios-presentada-por-bankaool-cuarta-etapa-de-la-temporada-2025-26-de-la-gira-profesion\/\"]}]},{\"@type\":\"ImageObject\",\"inLanguage\":\"es\",\"@id\":\"https:\/\/esbozodeportivo.com\/index.php\/2025\/11\/21\/jose-de-jesus-camaron-rodriguez-asume-el-liderato-rumbo-a-la-ronda-final-de-la-vii-copa-multimedios-presentada-por-bankaool-cuarta-etapa-de-la-temporada-2025-26-de-la-gira-profesion\/#primaryimage\",\"url\":\"https:\/\/esbozodeportivo.com\/wp-content\/uploads\/2025\/11\/9157f4b6-b4f0-443d-b887-47ce3cf122de.jpg\",\"contentUrl\":\"https:\/\/esbozodeportivo.com\/wp-content\/uploads\/2025\/11\/9157f4b6-b4f0-443d-b887-47ce3cf122de.jpg\",\"width\":1600,\"height\":1066},{\"@type\":\"BreadcrumbList\",\"@id\":\"https:\/\/esbozodeportivo.com\/index.php\/2025\/11\/21\/jose-de-jesus-camaron-rodriguez-asume-el-liderato-rumbo-a-la-ronda-final-de-la-vii-copa-multimedios-presentada-por-bankaool-cuarta-etapa-de-la-temporada-2025-26-de-la-gira-profesion\/#breadcrumb\",\"itemListElement\":[{\"@type\":\"ListItem\",\"position\":1,\"name\":\"Inicio\",\"item\":\"https:\/\/esbozodeportivo.com\/\"},{\"@type\":\"ListItem\",\"position\":2,\"name\":\"Jos\u00e9 de Jes\u00fas \u201cCamar\u00f3n\u201d Rodr\u00edguez asume el liderato rumbo a la ronda final de la VII Copa Multimedios presentada por bankaool, cuarta etapa de la temporada 2025-26 de la Gira Profesional Mexicana (GPM)b\"}]},{\"@type\":\"WebSite\",\"@id\":\"https:\/\/esbozodeportivo.com\/#website\",\"url\":\"https:\/\/esbozodeportivo.com\/\",\"name\":\"Esbozo Deportivo\",\"description\":\"Lo m\u00e1s importante del Deporte\",\"publisher\":{\"@id\":\"https:\/\/esbozodeportivo.com\/#organization\"},\"potentialAction\":[{\"@type\":\"SearchAction\",\"target\":{\"@type\":\"EntryPoint\",\"urlTemplate\":\"https:\/\/esbozodeportivo.com\/?s={search_term_string}\"},\"query-input\":{\"@type\":\"PropertyValueSpecification\",\"valueRequired\":true,\"valueName\":\"search_term_string\"}}],\"inLanguage\":\"es\"},{\"@type\":\"Organization\",\"@id\":\"https:\/\/esbozodeportivo.com\/#organization\",\"name\":\"Esbozo Deportivo\",\"url\":\"https:\/\/esbozodeportivo.com\/\",\"logo\":{\"@type\":\"ImageObject\",\"inLanguage\":\"es\",\"@id\":\"https:\/\/esbozodeportivo.com\/#\/schema\/logo\/image\/\",\"url\":\"https:\/\/esbozodeportivo.com\/wp-content\/uploads\/2022\/08\/cropped-Logo-Esbozo-Web-2.png\",\"contentUrl\":\"https:\/\/esbozodeportivo.com\/wp-content\/uploads\/2022\/08\/cropped-Logo-Esbozo-Web-2.png\",\"width\":180,\"height\":50,\"caption\":\"Esbozo Deportivo\"},\"image\":{\"@id\":\"https:\/\/esbozodeportivo.com\/#\/schema\/logo\/image\/\"}},{\"@type\":\"Person\",\"@id\":\"https:\/\/esbozodeportivo.com\/#\/schema\/person\/0f6df9196dfe6740dd0bb31bae50d374\",\"name\":\"Redacci\u00f3n\",\"image\":{\"@type\":\"ImageObject\",\"inLanguage\":\"es\",\"@id\":\"https:\/\/esbozodeportivo.com\/#\/schema\/person\/image\/\",\"url\":\"https:\/\/secure.gravatar.com\/avatar\/f55268a89c3b418f2ef172ff52ab0d09b3e653c58de29539fe329fb93d78ebf3?s=96&d=mm&r=g\",\"contentUrl\":\"https:\/\/secure.gravatar.com\/avatar\/f55268a89c3b418f2ef172ff52ab0d09b3e653c58de29539fe329fb93d78ebf3?s=96&d=mm&r=g\",\"caption\":\"Redacci\u00f3n\"},\"url\":\"https:\/\/esbozodeportivo.com\/index.php\/author\/redaccion\/\"}]}<\/script>\n<!-- \/ Yoast SEO plugin. -->","yoast_head_json":{"title":"Jos\u00e9 de Jes\u00fas \u201cCamar\u00f3n\u201d Rodr\u00edguez asume el liderato rumbo a la ronda final de la VII Copa Multimedios presentada por bankaool, cuarta etapa de la temporada 2025-26 de la Gira Profesional Mexicana (GPM)b - Esbozo Deportivo","description":"Con una exhibici\u00f3n de precisi\u00f3n y control, el mexicano Jos\u00e9 de Jes\u00fas \u201cCamar\u00f3n\u201d Rodr\u00edguez firm\u00f3 una espectacular ronda de 62 golpes, para un acumulado de 128 impactos (-14), con lo que tom\u00f3 el liderato de la VII Copa Multimedios presentada por bankaool, cuarta fecha de la temporada 2025-26 de la Gira Profesional Mexicana (GPM). El torneo, que otorga puntos para el Official World Golf Ranking (OWGR), concluir\u00e1 este s\u00e1bado en el exigente recorrido del Club de Golf Valle Alto.","robots":{"index":"index","follow":"follow","max-snippet":"max-snippet:-1","max-image-preview":"max-image-preview:large","max-video-preview":"max-video-preview:-1"},"canonical":"https:\/\/esbozodeportivo.com\/index.php\/2025\/11\/21\/jose-de-jesus-camaron-rodriguez-asume-el-liderato-rumbo-a-la-ronda-final-de-la-vii-copa-multimedios-presentada-por-bankaool-cuarta-etapa-de-la-temporada-2025-26-de-la-gira-profesion\/","og_locale":"es_MX","og_type":"article","og_title":"Jos\u00e9 de Jes\u00fas \u201cCamar\u00f3n\u201d Rodr\u00edguez asume el liderato rumbo a la ronda final de la VII Copa Multimedios presentada por bankaool, cuarta etapa de la temporada 2025-26 de la Gira Profesional Mexicana (GPM)b - Esbozo Deportivo","og_description":"Con una exhibici\u00f3n de precisi\u00f3n y control, el mexicano Jos\u00e9 de Jes\u00fas \u201cCamar\u00f3n\u201d Rodr\u00edguez firm\u00f3 una espectacular ronda de 62 golpes, para un acumulado de 128 impactos (-14), con lo que tom\u00f3 el liderato de la VII Copa Multimedios presentada por bankaool, cuarta fecha de la temporada 2025-26 de la Gira Profesional Mexicana (GPM). El torneo, que otorga puntos para el Official World Golf Ranking (OWGR), concluir\u00e1 este s\u00e1bado en el exigente recorrido del Club de Golf Valle Alto.","og_url":"https:\/\/esbozodeportivo.com\/index.php\/2025\/11\/21\/jose-de-jesus-camaron-rodriguez-asume-el-liderato-rumbo-a-la-ronda-final-de-la-vii-copa-multimedios-presentada-por-bankaool-cuarta-etapa-de-la-temporada-2025-26-de-la-gira-profesion\/","og_site_name":"Esbozo Deportivo","article_published_time":"2025-11-22T04:10:29+00:00","article_modified_time":"2025-11-22T04:10:30+00:00","og_image":[{"width":1600,"height":1066,"url":"https:\/\/esbozodeportivo.com\/wp-content\/uploads\/2025\/11\/9157f4b6-b4f0-443d-b887-47ce3cf122de.jpg","type":"image\/jpeg"}],"author":"Redacci\u00f3n","twitter_card":"summary_large_image","twitter_misc":{"Escrito por":"Redacci\u00f3n","Tiempo de lectura":"6 minutos"},"schema":{"@context":"https:\/\/schema.org","@graph":[{"@type":"Article","@id":"https:\/\/esbozodeportivo.com\/index.php\/2025\/11\/21\/jose-de-jesus-camaron-rodriguez-asume-el-liderato-rumbo-a-la-ronda-final-de-la-vii-copa-multimedios-presentada-por-bankaool-cuarta-etapa-de-la-temporada-2025-26-de-la-gira-profesion\/#article","isPartOf":{"@id":"https:\/\/esbozodeportivo.com\/index.php\/2025\/11\/21\/jose-de-jesus-camaron-rodriguez-asume-el-liderato-rumbo-a-la-ronda-final-de-la-vii-copa-multimedios-presentada-por-bankaool-cuarta-etapa-de-la-temporada-2025-26-de-la-gira-profesion\/"},"author":{"name":"Redacci\u00f3n","@id":"https:\/\/esbozodeportivo.com\/#\/schema\/person\/0f6df9196dfe6740dd0bb31bae50d374"},"headline":"Jos\u00e9 de Jes\u00fas \u201cCamar\u00f3n\u201d Rodr\u00edguez asume el liderato rumbo a la ronda final de la VII Copa Multimedios presentada por bankaool, cuarta etapa de la temporada 2025-26 de la Gira Profesional Mexicana (GPM)b","datePublished":"2025-11-22T04:10:29+00:00","dateModified":"2025-11-22T04:10:30+00:00","mainEntityOfPage":{"@id":"https:\/\/esbozodeportivo.com\/index.php\/2025\/11\/21\/jose-de-jesus-camaron-rodriguez-asume-el-liderato-rumbo-a-la-ronda-final-de-la-vii-copa-multimedios-presentada-por-bankaool-cuarta-etapa-de-la-temporada-2025-26-de-la-gira-profesion\/"},"wordCount":943,"publisher":{"@id":"https:\/\/esbozodeportivo.com\/#organization"},"image":{"@id":"https:\/\/esbozodeportivo.com\/index.php\/2025\/11\/21\/jose-de-jesus-camaron-rodriguez-asume-el-liderato-rumbo-a-la-ronda-final-de-la-vii-copa-multimedios-presentada-por-bankaool-cuarta-etapa-de-la-temporada-2025-26-de-la-gira-profesion\/#primaryimage"},"thumbnailUrl":"https:\/\/esbozodeportivo.com\/wp-content\/uploads\/2025\/11\/9157f4b6-b4f0-443d-b887-47ce3cf122de.jpg","articleSection":["Federaci\u00f3n Mexicana de Golf"],"inLanguage":"es"},{"@type":"WebPage","@id":"https:\/\/esbozodeportivo.com\/index.php\/2025\/11\/21\/jose-de-jesus-camaron-rodriguez-asume-el-liderato-rumbo-a-la-ronda-final-de-la-vii-copa-multimedios-presentada-por-bankaool-cuarta-etapa-de-la-temporada-2025-26-de-la-gira-profesion\/","url":"https:\/\/esbozodeportivo.com\/index.php\/2025\/11\/21\/jose-de-jesus-camaron-rodriguez-asume-el-liderato-rumbo-a-la-ronda-final-de-la-vii-copa-multimedios-presentada-por-bankaool-cuarta-etapa-de-la-temporada-2025-26-de-la-gira-profesion\/","name":"Jos\u00e9 de Jes\u00fas \u201cCamar\u00f3n\u201d Rodr\u00edguez asume el liderato rumbo a la ronda final de la VII Copa Multimedios presentada por bankaool, cuarta etapa de la temporada 2025-26 de la Gira Profesional Mexicana (GPM)b - Esbozo Deportivo","isPartOf":{"@id":"https:\/\/esbozodeportivo.com\/#website"},"primaryImageOfPage":{"@id":"https:\/\/esbozodeportivo.com\/index.php\/2025\/11\/21\/jose-de-jesus-camaron-rodriguez-asume-el-liderato-rumbo-a-la-ronda-final-de-la-vii-copa-multimedios-presentada-por-bankaool-cuarta-etapa-de-la-temporada-2025-26-de-la-gira-profesion\/#primaryimage"},"image":{"@id":"https:\/\/esbozodeportivo.com\/index.php\/2025\/11\/21\/jose-de-jesus-camaron-rodriguez-asume-el-liderato-rumbo-a-la-ronda-final-de-la-vii-copa-multimedios-presentada-por-bankaool-cuarta-etapa-de-la-temporada-2025-26-de-la-gira-profesion\/#primaryimage"},"thumbnailUrl":"https:\/\/esbozodeportivo.com\/wp-content\/uploads\/2025\/11\/9157f4b6-b4f0-443d-b887-47ce3cf122de.jpg","datePublished":"2025-11-22T04:10:29+00:00","dateModified":"2025-11-22T04:10:30+00:00","description":"Con una exhibici\u00f3n de precisi\u00f3n y control, el mexicano Jos\u00e9 de Jes\u00fas \u201cCamar\u00f3n\u201d Rodr\u00edguez firm\u00f3 una espectacular ronda de 62 golpes, para un acumulado de 128 impactos (-14), con lo que tom\u00f3 el liderato de la VII Copa Multimedios presentada por bankaool, cuarta fecha de la temporada 2025-26 de la Gira Profesional Mexicana (GPM). El torneo, que otorga puntos para el Official World Golf Ranking (OWGR), concluir\u00e1 este s\u00e1bado en el exigente recorrido del Club de Golf Valle Alto.","breadcrumb":{"@id":"https:\/\/esbozodeportivo.com\/index.php\/2025\/11\/21\/jose-de-jesus-camaron-rodriguez-asume-el-liderato-rumbo-a-la-ronda-final-de-la-vii-copa-multimedios-presentada-por-bankaool-cuarta-etapa-de-la-temporada-2025-26-de-la-gira-profesion\/#breadcrumb"},"inLanguage":"es","potentialAction":[{"@type":"ReadAction","target":["https:\/\/esbozodeportivo.com\/index.php\/2025\/11\/21\/jose-de-jesus-camaron-rodriguez-asume-el-liderato-rumbo-a-la-ronda-final-de-la-vii-copa-multimedios-presentada-por-bankaool-cuarta-etapa-de-la-temporada-2025-26-de-la-gira-profesion\/"]}]},{"@type":"ImageObject","inLanguage":"es","@id":"https:\/\/esbozodeportivo.com\/index.php\/2025\/11\/21\/jose-de-jesus-camaron-rodriguez-asume-el-liderato-rumbo-a-la-ronda-final-de-la-vii-copa-multimedios-presentada-por-bankaool-cuarta-etapa-de-la-temporada-2025-26-de-la-gira-profesion\/#primaryimage","url":"https:\/\/esbozodeportivo.com\/wp-content\/uploads\/2025\/11\/9157f4b6-b4f0-443d-b887-47ce3cf122de.jpg","contentUrl":"https:\/\/esbozodeportivo.com\/wp-content\/uploads\/2025\/11\/9157f4b6-b4f0-443d-b887-47ce3cf122de.jpg","width":1600,"height":1066},{"@type":"BreadcrumbList","@id":"https:\/\/esbozodeportivo.com\/index.php\/2025\/11\/21\/jose-de-jesus-camaron-rodriguez-asume-el-liderato-rumbo-a-la-ronda-final-de-la-vii-copa-multimedios-presentada-por-bankaool-cuarta-etapa-de-la-temporada-2025-26-de-la-gira-profesion\/#breadcrumb","itemListElement":[{"@type":"ListItem","position":1,"name":"Inicio","item":"https:\/\/esbozodeportivo.com\/"},{"@type":"ListItem","position":2,"name":"Jos\u00e9 de Jes\u00fas \u201cCamar\u00f3n\u201d Rodr\u00edguez asume el liderato rumbo a la ronda final de la VII Copa Multimedios presentada por bankaool, cuarta etapa de la temporada 2025-26 de la Gira Profesional Mexicana (GPM)b"}]},{"@type":"WebSite","@id":"https:\/\/esbozodeportivo.com\/#website","url":"https:\/\/esbozodeportivo.com\/","name":"Esbozo Deportivo","description":"Lo m\u00e1s importante del Deporte","publisher":{"@id":"https:\/\/esbozodeportivo.com\/#organization"},"potentialAction":[{"@type":"SearchAction","target":{"@type":"EntryPoint","urlTemplate":"https:\/\/esbozodeportivo.com\/?s={search_term_string}"},"query-input":{"@type":"PropertyValueSpecification","valueRequired":true,"valueName":"search_term_string"}}],"inLanguage":"es"},{"@type":"Organization","@id":"https:\/\/esbozodeportivo.com\/#organization","name":"Esbozo Deportivo","url":"https:\/\/esbozodeportivo.com\/","logo":{"@type":"ImageObject","inLanguage":"es","@id":"https:\/\/esbozodeportivo.com\/#\/schema\/logo\/image\/","url":"https:\/\/esbozodeportivo.com\/wp-content\/uploads\/2022\/08\/cropped-Logo-Esbozo-Web-2.png","contentUrl":"https:\/\/esbozodeportivo.com\/wp-content\/uploads\/2022\/08\/cropped-Logo-Esbozo-Web-2.png","width":180,"height":50,"caption":"Esbozo Deportivo"},"image":{"@id":"https:\/\/esbozodeportivo.com\/#\/schema\/logo\/image\/"}},{"@type":"Person","@id":"https:\/\/esbozodeportivo.com\/#\/schema\/person\/0f6df9196dfe6740dd0bb31bae50d374","name":"Redacci\u00f3n","image":{"@type":"ImageObject","inLanguage":"es","@id":"https:\/\/esbozodeportivo.com\/#\/schema\/person\/image\/","url":"https:\/\/secure.gravatar.com\/avatar\/f55268a89c3b418f2ef172ff52ab0d09b3e653c58de29539fe329fb93d78ebf3?s=96&d=mm&r=g","contentUrl":"https:\/\/secure.gravatar.com\/avatar\/f55268a89c3b418f2ef172ff52ab0d09b3e653c58de29539fe329fb93d78ebf3?s=96&d=mm&r=g","caption":"Redacci\u00f3n"},"url":"https:\/\/esbozodeportivo.com\/index.php\/author\/redaccion\/"}]}},"jetpack_featured_media_url":"https:\/\/esbozodeportivo.com\/wp-content\/uploads\/2025\/11\/9157f4b6-b4f0-443d-b887-47ce3cf122de.jpg","jetpack_sharing_enabled":true,"_links":{"self":[{"href":"https:\/\/esbozodeportivo.com\/index.php\/wp-json\/wp\/v2\/posts\/11333","targetHints":{"allow":["GET"]}}],"collection":[{"href":"https:\/\/esbozodeportivo.com\/index.php\/wp-json\/wp\/v2\/posts"}],"about":[{"href":"https:\/\/esbozodeportivo.com\/index.php\/wp-json\/wp\/v2\/types\/post"}],"author":[{"embeddable":true,"href":"https:\/\/esbozodeportivo.com\/index.php\/wp-json\/wp\/v2\/users\/4"}],"replies":[{"embeddable":true,"href":"https:\/\/esbozodeportivo.com\/index.php\/wp-json\/wp\/v2\/comments?post=11333"}],"version-history":[{"count":1,"href":"https:\/\/esbozodeportivo.com\/index.php\/wp-json\/wp\/v2\/posts\/11333\/revisions"}],"predecessor-version":[{"id":11349,"href":"https:\/\/esbozodeportivo.com\/index.php\/wp-json\/wp\/v2\/posts\/11333\/revisions\/11349"}],"wp:featuredmedia":[{"embeddable":true,"href":"https:\/\/esbozodeportivo.com\/index.php\/wp-json\/wp\/v2\/media\/11339"}],"wp:attachment":[{"href":"https:\/\/esbozodeportivo.com\/index.php\/wp-json\/wp\/v2\/media?parent=11333"}],"wp:term":[{"taxonomy":"category","embeddable":true,"href":"https:\/\/esbozodeportivo.com\/index.php\/wp-json\/wp\/v2\/categories?post=11333"},{"taxonomy":"post_tag","embeddable":true,"href":"https:\/\/esbozodeportivo.com\/index.php\/wp-json\/wp\/v2\/tags?post=11333"}],"curies":[{"name":"wp","href":"https:\/\/api.w.org\/{rel}","templated":true}]}}