{"id":11368,"date":"2025-11-22T00:02:02","date_gmt":"2025-11-22T06:02:02","guid":{"rendered":"https:\/\/esbozodeportivo.com\/?p=11368"},"modified":"2025-11-22T00:02:03","modified_gmt":"2025-11-22T06:02:03","slug":"lanus-atletico-mineiro-por-el-titulo","status":"publish","type":"post","link":"https:\/\/esbozodeportivo.com\/index.php\/2025\/11\/22\/lanus-atletico-mineiro-por-el-titulo\/","title":{"rendered":"Lan\u00fas-Atl\u00e9tico Mineiro por el t\u00edtulo"},"content":{"rendered":"\n<p>(Foto: Agencias) <\/p>\n\n\n\n<p>Con el objetivo de sumar su segundo t\u00edtulo y convertirse en uno de los equipos m\u00e1s ganadores de la Copa Sudamericana, Lan\u00fas se enfrentar\u00e1 el s\u00e1bado en la final del torneo regional a Atl\u00e9tico Mineiro, que buscar\u00e1 alzar por primera vez el trofeo.<\/p>\n\n\n\n<p>El conjunto argentino, campe\u00f3n del certamen en 2013, intentar\u00e1 igualar en lo m\u00e1s alto del podio a Liga de Quito, Boca Juniors, Independiente, Athletico Paranaense e Independiente del Valle, que han conquistado la Sudamericana en dos ocasiones.<\/p>\n\n\n\n<p>Atl\u00e9tico Mineiro ir\u00e1 por la revancha en la segunda competici\u00f3n de clubes de la CONMEBOL tras caer el a\u00f1o pasado ante Botafogo en la final de la Copa Libertadores.<\/p>\n\n\n\n<p>Argentina lidera la clasificaci\u00f3n de t\u00edtulos por pa\u00edses con 10, incluyendo el \u00e9xito de Racing Club en 2024 luego de vencer a Cruzeiro en la definici\u00f3n.<\/p>\n\n\n\n<p>Brasil es segundo en el listado con cinco conquistas y ha colocado al menos un finalista desde el pleno que logr\u00f3 en la final de 2021, en la que Athletico Paranaense se impuso a Bragantino.<\/p>\n\n\n\n<p>En el estadio Defensores del Chaco, de Asunci\u00f3n, se espera una final con un gran marco y la asistencia de m\u00e1s de 20 mi hinchas de ambos clubes.<\/p>\n\n\n\n<p>Lan\u00fas se plant\u00f3 en su tercera final al superar a Universidad de Chile en una vibrante llave que domin\u00f3 3-2 en el resultado global. Antes tambi\u00e9n dej\u00f3 en el camino a Fluminense (2-1) en cuartos de final \u2014 al que dobleg\u00f3 en el estadio Maracan\u00e1, de R\u00edo de Janeiro \u2014 y Central C\u00f3rdoba por penales en octavos.<\/p>\n\n\n\n<p>\u201cEstamos a un paso, pero todav\u00eda no ganamos nada\u201d, coment\u00f3 el volante ofensivo Eduardo Salvio, quien volvi\u00f3 al Granate en 2024 tras jugar en Atl\u00e9tico de Madrid, Benfica, Boca Juniors y Pumas. \u201cConf\u00edo en que este grupo tiene mucha hambre, y eso nos alimenta para vivir este partido\u201d.<\/p>\n\n\n\n<p>Por su parte, Atl\u00e9tico Mineiro avanz\u00f3 a la instancia decisiva tras eliminar a Independiente del Valle (4-2), Bol\u00edvar (3-2) y Godoy Cruz (3-1).<\/p>\n\n\n\n<p>\u201cEs un partido decisivo, sin vuelta atr\u00e1s, a vida o muerte\u201d, reconoci\u00f3 Hulk, quien este mes lleg\u00f3 a 500 goles en su carrera. \u201cAs\u00ed que vamos a salir a la cancha con u\u00f1as y dientes y lo afrontaremos como si fuera el \u00faltimo partido de nuestras vidas\u201d.<\/p>\n\n\n\n<p>Tanto Lan\u00fas como Mineiro disputar\u00e1n la final con el estilo que los ha llevado hasta el \u00faltimo partido del torneo.<\/p>\n\n\n\n<p>El Granate atraviesa un buen momento y solo ha perdido uno de sus \u00faltimos 13 encuentros, contando adem\u00e1s su registro en el campeonato argentino, en el cual clasific\u00f3 a los playoffs del Torneo Clausura.<\/p>\n\n\n\n<p>Una de las figuras del elenco del sur de Buenos Aires es el delantero Rodrigo Castillo, autor de los tres tantos ante Universidad de Chile que sirvieron para clasificar a la final.<\/p>\n\n\n\n<p>El equipo dirigido por Mauricio Pellegrino tambi\u00e9n se apoya en la creatividad del mediapunta Marcelino Moreno y la experiencia del zaguero Carlos Izquierdoz.<\/p>\n\n\n\n<p>Atl\u00e9tico Mineiro logr\u00f3 recuperar su andadura en el segundo semestre del a\u00f1o desde la llegada del t\u00e9cnico argentino Jorge Sampaoli, quien asumi\u00f3 el banquillo en septiembre.<\/p>\n\n\n\n<p>Sampaoli es el tercer estratega que llega a dos finales de la Sudamericana \u2014 lo hab\u00eda hecho con Universidad de Chile en 2011 \u2014 y ha igualado la marca de Luis Zubeld\u00eda y Reinaldo Rueda. El exseleccionador de Argentina y Chile buscar\u00e1 ser el primero en ganar dos veces la Sudamericana.<\/p>\n\n\n\n<p>El ataque del Galo ha mejorado en los \u00faltimos meses y sus principales bazas ofensivas son el veterano Hulk, que firm\u00f3 un gol y una asistencia en las semifinales ante Independiente del Valle.<\/p>\n\n\n\n<p>El delantero Dudu es otro puntal en la \u00faltima zona de la cancha, mientras Gustavo Scarpa, con cuatro asistencias en el torneo, pone la cuota de calidad con su golpeo con la pierna izquierda.<\/p>\n\n\n\n<p>El campe\u00f3n de la Sudamericana se clasificar\u00e1 para la fase de grupos de la Copa Libertadores de 2026 y se embolsar\u00e1 un premio de 6,5 millones de d\u00f3lares. El subcampe\u00f3n percibir\u00e1 2 millones de d\u00f3lares.<\/p>\n\n\n\n<p><\/p>\n","protected":false},"excerpt":{"rendered":"<p>(Foto: Agencias) Con el objetivo de sumar su segundo t\u00edtulo y convertirse en uno de<\/p>\n","protected":false},"author":4,"featured_media":11356,"comment_status":"closed","ping_status":"open","sticky":false,"template":"","format":"standard","meta":{"_jetpack_memberships_contains_paid_content":false,"footnotes":""},"categories":[58],"tags":[],"class_list":["post-11368","post","type-post","status-publish","format-standard","has-post-thumbnail","hentry","category-copa-sudamericana"],"yoast_head":"<!-- This site is optimized with the Yoast SEO plugin v25.7 - https:\/\/yoast.com\/wordpress\/plugins\/seo\/ -->\n<title>Lan\u00fas-Atl\u00e9tico Mineiro por el t\u00edtulo - Esbozo Deportivo<\/title>\n<meta name=\"description\" content=\"Con el objetivo de sumar su segundo t\u00edtulo y convertirse en uno de los equipos m\u00e1s ganadores de la Copa Sudamericana, Lan\u00fas se enfrentar\u00e1 el s\u00e1bado en la final del torneo regional a Atl\u00e9tico Mineiro, que buscar\u00e1 alzar por primera vez el trofeo.\" \/>\n<meta name=\"robots\" content=\"index, follow, max-snippet:-1, max-image-preview:large, max-video-preview:-1\" \/>\n<link rel=\"canonical\" href=\"https:\/\/esbozodeportivo.com\/index.php\/2025\/11\/22\/lanus-atletico-mineiro-por-el-titulo\/\" \/>\n<meta property=\"og:locale\" content=\"es_MX\" \/>\n<meta property=\"og:type\" content=\"article\" \/>\n<meta property=\"og:title\" content=\"Lan\u00fas-Atl\u00e9tico Mineiro por el t\u00edtulo - Esbozo Deportivo\" \/>\n<meta property=\"og:description\" content=\"Con el objetivo de sumar su segundo t\u00edtulo y convertirse en uno de los equipos m\u00e1s ganadores de la Copa Sudamericana, Lan\u00fas se enfrentar\u00e1 el s\u00e1bado en la final del torneo regional a Atl\u00e9tico Mineiro, que buscar\u00e1 alzar por primera vez el trofeo.\" \/>\n<meta property=\"og:url\" content=\"https:\/\/esbozodeportivo.com\/index.php\/2025\/11\/22\/lanus-atletico-mineiro-por-el-titulo\/\" \/>\n<meta property=\"og:site_name\" content=\"Esbozo Deportivo\" \/>\n<meta property=\"article:published_time\" content=\"2025-11-22T06:02:02+00:00\" \/>\n<meta property=\"article:modified_time\" content=\"2025-11-22T06:02:03+00:00\" \/>\n<meta property=\"og:image\" content=\"https:\/\/esbozodeportivo.com\/wp-content\/uploads\/2025\/11\/8b766ab5-6b91-4b64-9fb2-2e252cbfd805.jpg\" \/>\n\t<meta property=\"og:image:width\" content=\"1440\" \/>\n\t<meta property=\"og:image:height\" content=\"960\" \/>\n\t<meta property=\"og:image:type\" content=\"image\/jpeg\" \/>\n<meta name=\"author\" content=\"Redacci\u00f3n\" \/>\n<meta name=\"twitter:card\" content=\"summary_large_image\" \/>\n<meta name=\"twitter:label1\" content=\"Escrito por\" \/>\n\t<meta name=\"twitter:data1\" content=\"Redacci\u00f3n\" \/>\n\t<meta name=\"twitter:label2\" content=\"Tiempo de lectura\" \/>\n\t<meta name=\"twitter:data2\" content=\"4 minutos\" \/>\n<script type=\"application\/ld+json\" class=\"yoast-schema-graph\">{\"@context\":\"https:\/\/schema.org\",\"@graph\":[{\"@type\":\"Article\",\"@id\":\"https:\/\/esbozodeportivo.com\/index.php\/2025\/11\/22\/lanus-atletico-mineiro-por-el-titulo\/#article\",\"isPartOf\":{\"@id\":\"https:\/\/esbozodeportivo.com\/index.php\/2025\/11\/22\/lanus-atletico-mineiro-por-el-titulo\/\"},\"author\":{\"name\":\"Redacci\u00f3n\",\"@id\":\"https:\/\/esbozodeportivo.com\/#\/schema\/person\/0f6df9196dfe6740dd0bb31bae50d374\"},\"headline\":\"Lan\u00fas-Atl\u00e9tico Mineiro por el t\u00edtulo\",\"datePublished\":\"2025-11-22T06:02:02+00:00\",\"dateModified\":\"2025-11-22T06:02:03+00:00\",\"mainEntityOfPage\":{\"@id\":\"https:\/\/esbozodeportivo.com\/index.php\/2025\/11\/22\/lanus-atletico-mineiro-por-el-titulo\/\"},\"wordCount\":695,\"publisher\":{\"@id\":\"https:\/\/esbozodeportivo.com\/#organization\"},\"image\":{\"@id\":\"https:\/\/esbozodeportivo.com\/index.php\/2025\/11\/22\/lanus-atletico-mineiro-por-el-titulo\/#primaryimage\"},\"thumbnailUrl\":\"https:\/\/esbozodeportivo.com\/wp-content\/uploads\/2025\/11\/8b766ab5-6b91-4b64-9fb2-2e252cbfd805.jpg\",\"articleSection\":[\"Copa Sudamericana\"],\"inLanguage\":\"es\"},{\"@type\":\"WebPage\",\"@id\":\"https:\/\/esbozodeportivo.com\/index.php\/2025\/11\/22\/lanus-atletico-mineiro-por-el-titulo\/\",\"url\":\"https:\/\/esbozodeportivo.com\/index.php\/2025\/11\/22\/lanus-atletico-mineiro-por-el-titulo\/\",\"name\":\"Lan\u00fas-Atl\u00e9tico Mineiro por el t\u00edtulo - Esbozo Deportivo\",\"isPartOf\":{\"@id\":\"https:\/\/esbozodeportivo.com\/#website\"},\"primaryImageOfPage\":{\"@id\":\"https:\/\/esbozodeportivo.com\/index.php\/2025\/11\/22\/lanus-atletico-mineiro-por-el-titulo\/#primaryimage\"},\"image\":{\"@id\":\"https:\/\/esbozodeportivo.com\/index.php\/2025\/11\/22\/lanus-atletico-mineiro-por-el-titulo\/#primaryimage\"},\"thumbnailUrl\":\"https:\/\/esbozodeportivo.com\/wp-content\/uploads\/2025\/11\/8b766ab5-6b91-4b64-9fb2-2e252cbfd805.jpg\",\"datePublished\":\"2025-11-22T06:02:02+00:00\",\"dateModified\":\"2025-11-22T06:02:03+00:00\",\"description\":\"Con el objetivo de sumar su segundo t\u00edtulo y convertirse en uno de los equipos m\u00e1s ganadores de la Copa Sudamericana, Lan\u00fas se enfrentar\u00e1 el s\u00e1bado en la final del torneo regional a Atl\u00e9tico Mineiro, que buscar\u00e1 alzar por primera vez el trofeo.\",\"breadcrumb\":{\"@id\":\"https:\/\/esbozodeportivo.com\/index.php\/2025\/11\/22\/lanus-atletico-mineiro-por-el-titulo\/#breadcrumb\"},\"inLanguage\":\"es\",\"potentialAction\":[{\"@type\":\"ReadAction\",\"target\":[\"https:\/\/esbozodeportivo.com\/index.php\/2025\/11\/22\/lanus-atletico-mineiro-por-el-titulo\/\"]}]},{\"@type\":\"ImageObject\",\"inLanguage\":\"es\",\"@id\":\"https:\/\/esbozodeportivo.com\/index.php\/2025\/11\/22\/lanus-atletico-mineiro-por-el-titulo\/#primaryimage\",\"url\":\"https:\/\/esbozodeportivo.com\/wp-content\/uploads\/2025\/11\/8b766ab5-6b91-4b64-9fb2-2e252cbfd805.jpg\",\"contentUrl\":\"https:\/\/esbozodeportivo.com\/wp-content\/uploads\/2025\/11\/8b766ab5-6b91-4b64-9fb2-2e252cbfd805.jpg\",\"width\":1440,\"height\":960},{\"@type\":\"BreadcrumbList\",\"@id\":\"https:\/\/esbozodeportivo.com\/index.php\/2025\/11\/22\/lanus-atletico-mineiro-por-el-titulo\/#breadcrumb\",\"itemListElement\":[{\"@type\":\"ListItem\",\"position\":1,\"name\":\"Inicio\",\"item\":\"https:\/\/esbozodeportivo.com\/\"},{\"@type\":\"ListItem\",\"position\":2,\"name\":\"Lan\u00fas-Atl\u00e9tico Mineiro por el t\u00edtulo\"}]},{\"@type\":\"WebSite\",\"@id\":\"https:\/\/esbozodeportivo.com\/#website\",\"url\":\"https:\/\/esbozodeportivo.com\/\",\"name\":\"Esbozo Deportivo\",\"description\":\"Lo m\u00e1s importante del Deporte\",\"publisher\":{\"@id\":\"https:\/\/esbozodeportivo.com\/#organization\"},\"potentialAction\":[{\"@type\":\"SearchAction\",\"target\":{\"@type\":\"EntryPoint\",\"urlTemplate\":\"https:\/\/esbozodeportivo.com\/?s={search_term_string}\"},\"query-input\":{\"@type\":\"PropertyValueSpecification\",\"valueRequired\":true,\"valueName\":\"search_term_string\"}}],\"inLanguage\":\"es\"},{\"@type\":\"Organization\",\"@id\":\"https:\/\/esbozodeportivo.com\/#organization\",\"name\":\"Esbozo Deportivo\",\"url\":\"https:\/\/esbozodeportivo.com\/\",\"logo\":{\"@type\":\"ImageObject\",\"inLanguage\":\"es\",\"@id\":\"https:\/\/esbozodeportivo.com\/#\/schema\/logo\/image\/\",\"url\":\"https:\/\/esbozodeportivo.com\/wp-content\/uploads\/2022\/08\/cropped-Logo-Esbozo-Web-2.png\",\"contentUrl\":\"https:\/\/esbozodeportivo.com\/wp-content\/uploads\/2022\/08\/cropped-Logo-Esbozo-Web-2.png\",\"width\":180,\"height\":50,\"caption\":\"Esbozo Deportivo\"},\"image\":{\"@id\":\"https:\/\/esbozodeportivo.com\/#\/schema\/logo\/image\/\"}},{\"@type\":\"Person\",\"@id\":\"https:\/\/esbozodeportivo.com\/#\/schema\/person\/0f6df9196dfe6740dd0bb31bae50d374\",\"name\":\"Redacci\u00f3n\",\"image\":{\"@type\":\"ImageObject\",\"inLanguage\":\"es\",\"@id\":\"https:\/\/esbozodeportivo.com\/#\/schema\/person\/image\/\",\"url\":\"https:\/\/secure.gravatar.com\/avatar\/f55268a89c3b418f2ef172ff52ab0d09b3e653c58de29539fe329fb93d78ebf3?s=96&d=mm&r=g\",\"contentUrl\":\"https:\/\/secure.gravatar.com\/avatar\/f55268a89c3b418f2ef172ff52ab0d09b3e653c58de29539fe329fb93d78ebf3?s=96&d=mm&r=g\",\"caption\":\"Redacci\u00f3n\"},\"url\":\"https:\/\/esbozodeportivo.com\/index.php\/author\/redaccion\/\"}]}<\/script>\n<!-- \/ Yoast SEO plugin. -->","yoast_head_json":{"title":"Lan\u00fas-Atl\u00e9tico Mineiro por el t\u00edtulo - Esbozo Deportivo","description":"Con el objetivo de sumar su segundo t\u00edtulo y convertirse en uno de los equipos m\u00e1s ganadores de la Copa Sudamericana, Lan\u00fas se enfrentar\u00e1 el s\u00e1bado en la final del torneo regional a Atl\u00e9tico Mineiro, que buscar\u00e1 alzar por primera vez el trofeo.","robots":{"index":"index","follow":"follow","max-snippet":"max-snippet:-1","max-image-preview":"max-image-preview:large","max-video-preview":"max-video-preview:-1"},"canonical":"https:\/\/esbozodeportivo.com\/index.php\/2025\/11\/22\/lanus-atletico-mineiro-por-el-titulo\/","og_locale":"es_MX","og_type":"article","og_title":"Lan\u00fas-Atl\u00e9tico Mineiro por el t\u00edtulo - Esbozo Deportivo","og_description":"Con el objetivo de sumar su segundo t\u00edtulo y convertirse en uno de los equipos m\u00e1s ganadores de la Copa Sudamericana, Lan\u00fas se enfrentar\u00e1 el s\u00e1bado en la final del torneo regional a Atl\u00e9tico Mineiro, que buscar\u00e1 alzar por primera vez el trofeo.","og_url":"https:\/\/esbozodeportivo.com\/index.php\/2025\/11\/22\/lanus-atletico-mineiro-por-el-titulo\/","og_site_name":"Esbozo Deportivo","article_published_time":"2025-11-22T06:02:02+00:00","article_modified_time":"2025-11-22T06:02:03+00:00","og_image":[{"width":1440,"height":960,"url":"https:\/\/esbozodeportivo.com\/wp-content\/uploads\/2025\/11\/8b766ab5-6b91-4b64-9fb2-2e252cbfd805.jpg","type":"image\/jpeg"}],"author":"Redacci\u00f3n","twitter_card":"summary_large_image","twitter_misc":{"Escrito por":"Redacci\u00f3n","Tiempo de lectura":"4 minutos"},"schema":{"@context":"https:\/\/schema.org","@graph":[{"@type":"Article","@id":"https:\/\/esbozodeportivo.com\/index.php\/2025\/11\/22\/lanus-atletico-mineiro-por-el-titulo\/#article","isPartOf":{"@id":"https:\/\/esbozodeportivo.com\/index.php\/2025\/11\/22\/lanus-atletico-mineiro-por-el-titulo\/"},"author":{"name":"Redacci\u00f3n","@id":"https:\/\/esbozodeportivo.com\/#\/schema\/person\/0f6df9196dfe6740dd0bb31bae50d374"},"headline":"Lan\u00fas-Atl\u00e9tico Mineiro por el t\u00edtulo","datePublished":"2025-11-22T06:02:02+00:00","dateModified":"2025-11-22T06:02:03+00:00","mainEntityOfPage":{"@id":"https:\/\/esbozodeportivo.com\/index.php\/2025\/11\/22\/lanus-atletico-mineiro-por-el-titulo\/"},"wordCount":695,"publisher":{"@id":"https:\/\/esbozodeportivo.com\/#organization"},"image":{"@id":"https:\/\/esbozodeportivo.com\/index.php\/2025\/11\/22\/lanus-atletico-mineiro-por-el-titulo\/#primaryimage"},"thumbnailUrl":"https:\/\/esbozodeportivo.com\/wp-content\/uploads\/2025\/11\/8b766ab5-6b91-4b64-9fb2-2e252cbfd805.jpg","articleSection":["Copa Sudamericana"],"inLanguage":"es"},{"@type":"WebPage","@id":"https:\/\/esbozodeportivo.com\/index.php\/2025\/11\/22\/lanus-atletico-mineiro-por-el-titulo\/","url":"https:\/\/esbozodeportivo.com\/index.php\/2025\/11\/22\/lanus-atletico-mineiro-por-el-titulo\/","name":"Lan\u00fas-Atl\u00e9tico Mineiro por el t\u00edtulo - Esbozo Deportivo","isPartOf":{"@id":"https:\/\/esbozodeportivo.com\/#website"},"primaryImageOfPage":{"@id":"https:\/\/esbozodeportivo.com\/index.php\/2025\/11\/22\/lanus-atletico-mineiro-por-el-titulo\/#primaryimage"},"image":{"@id":"https:\/\/esbozodeportivo.com\/index.php\/2025\/11\/22\/lanus-atletico-mineiro-por-el-titulo\/#primaryimage"},"thumbnailUrl":"https:\/\/esbozodeportivo.com\/wp-content\/uploads\/2025\/11\/8b766ab5-6b91-4b64-9fb2-2e252cbfd805.jpg","datePublished":"2025-11-22T06:02:02+00:00","dateModified":"2025-11-22T06:02:03+00:00","description":"Con el objetivo de sumar su segundo t\u00edtulo y convertirse en uno de los equipos m\u00e1s ganadores de la Copa Sudamericana, Lan\u00fas se enfrentar\u00e1 el s\u00e1bado en la final del torneo regional a Atl\u00e9tico Mineiro, que buscar\u00e1 alzar por primera vez el trofeo.","breadcrumb":{"@id":"https:\/\/esbozodeportivo.com\/index.php\/2025\/11\/22\/lanus-atletico-mineiro-por-el-titulo\/#breadcrumb"},"inLanguage":"es","potentialAction":[{"@type":"ReadAction","target":["https:\/\/esbozodeportivo.com\/index.php\/2025\/11\/22\/lanus-atletico-mineiro-por-el-titulo\/"]}]},{"@type":"ImageObject","inLanguage":"es","@id":"https:\/\/esbozodeportivo.com\/index.php\/2025\/11\/22\/lanus-atletico-mineiro-por-el-titulo\/#primaryimage","url":"https:\/\/esbozodeportivo.com\/wp-content\/uploads\/2025\/11\/8b766ab5-6b91-4b64-9fb2-2e252cbfd805.jpg","contentUrl":"https:\/\/esbozodeportivo.com\/wp-content\/uploads\/2025\/11\/8b766ab5-6b91-4b64-9fb2-2e252cbfd805.jpg","width":1440,"height":960},{"@type":"BreadcrumbList","@id":"https:\/\/esbozodeportivo.com\/index.php\/2025\/11\/22\/lanus-atletico-mineiro-por-el-titulo\/#breadcrumb","itemListElement":[{"@type":"ListItem","position":1,"name":"Inicio","item":"https:\/\/esbozodeportivo.com\/"},{"@type":"ListItem","position":2,"name":"Lan\u00fas-Atl\u00e9tico Mineiro por el t\u00edtulo"}]},{"@type":"WebSite","@id":"https:\/\/esbozodeportivo.com\/#website","url":"https:\/\/esbozodeportivo.com\/","name":"Esbozo Deportivo","description":"Lo m\u00e1s importante del Deporte","publisher":{"@id":"https:\/\/esbozodeportivo.com\/#organization"},"potentialAction":[{"@type":"SearchAction","target":{"@type":"EntryPoint","urlTemplate":"https:\/\/esbozodeportivo.com\/?s={search_term_string}"},"query-input":{"@type":"PropertyValueSpecification","valueRequired":true,"valueName":"search_term_string"}}],"inLanguage":"es"},{"@type":"Organization","@id":"https:\/\/esbozodeportivo.com\/#organization","name":"Esbozo Deportivo","url":"https:\/\/esbozodeportivo.com\/","logo":{"@type":"ImageObject","inLanguage":"es","@id":"https:\/\/esbozodeportivo.com\/#\/schema\/logo\/image\/","url":"https:\/\/esbozodeportivo.com\/wp-content\/uploads\/2022\/08\/cropped-Logo-Esbozo-Web-2.png","contentUrl":"https:\/\/esbozodeportivo.com\/wp-content\/uploads\/2022\/08\/cropped-Logo-Esbozo-Web-2.png","width":180,"height":50,"caption":"Esbozo Deportivo"},"image":{"@id":"https:\/\/esbozodeportivo.com\/#\/schema\/logo\/image\/"}},{"@type":"Person","@id":"https:\/\/esbozodeportivo.com\/#\/schema\/person\/0f6df9196dfe6740dd0bb31bae50d374","name":"Redacci\u00f3n","image":{"@type":"ImageObject","inLanguage":"es","@id":"https:\/\/esbozodeportivo.com\/#\/schema\/person\/image\/","url":"https:\/\/secure.gravatar.com\/avatar\/f55268a89c3b418f2ef172ff52ab0d09b3e653c58de29539fe329fb93d78ebf3?s=96&d=mm&r=g","contentUrl":"https:\/\/secure.gravatar.com\/avatar\/f55268a89c3b418f2ef172ff52ab0d09b3e653c58de29539fe329fb93d78ebf3?s=96&d=mm&r=g","caption":"Redacci\u00f3n"},"url":"https:\/\/esbozodeportivo.com\/index.php\/author\/redaccion\/"}]}},"jetpack_featured_media_url":"https:\/\/esbozodeportivo.com\/wp-content\/uploads\/2025\/11\/8b766ab5-6b91-4b64-9fb2-2e252cbfd805.jpg","jetpack_sharing_enabled":true,"_links":{"self":[{"href":"https:\/\/esbozodeportivo.com\/index.php\/wp-json\/wp\/v2\/posts\/11368","targetHints":{"allow":["GET"]}}],"collection":[{"href":"https:\/\/esbozodeportivo.com\/index.php\/wp-json\/wp\/v2\/posts"}],"about":[{"href":"https:\/\/esbozodeportivo.com\/index.php\/wp-json\/wp\/v2\/types\/post"}],"author":[{"embeddable":true,"href":"https:\/\/esbozodeportivo.com\/index.php\/wp-json\/wp\/v2\/users\/4"}],"replies":[{"embeddable":true,"href":"https:\/\/esbozodeportivo.com\/index.php\/wp-json\/wp\/v2\/comments?post=11368"}],"version-history":[{"count":1,"href":"https:\/\/esbozodeportivo.com\/index.php\/wp-json\/wp\/v2\/posts\/11368\/revisions"}],"predecessor-version":[{"id":11369,"href":"https:\/\/esbozodeportivo.com\/index.php\/wp-json\/wp\/v2\/posts\/11368\/revisions\/11369"}],"wp:featuredmedia":[{"embeddable":true,"href":"https:\/\/esbozodeportivo.com\/index.php\/wp-json\/wp\/v2\/media\/11356"}],"wp:attachment":[{"href":"https:\/\/esbozodeportivo.com\/index.php\/wp-json\/wp\/v2\/media?parent=11368"}],"wp:term":[{"taxonomy":"category","embeddable":true,"href":"https:\/\/esbozodeportivo.com\/index.php\/wp-json\/wp\/v2\/categories?post=11368"},{"taxonomy":"post_tag","embeddable":true,"href":"https:\/\/esbozodeportivo.com\/index.php\/wp-json\/wp\/v2\/tags?post=11368"}],"curies":[{"name":"wp","href":"https:\/\/api.w.org\/{rel}","templated":true}]}}