{"id":11375,"date":"2025-11-22T23:03:59","date_gmt":"2025-11-23T05:03:59","guid":{"rendered":"https:\/\/esbozodeportivo.com\/?p=11375"},"modified":"2025-11-22T23:04:01","modified_gmt":"2025-11-23T05:04:01","slug":"el-salon-de-la-fama-se-vistio-de-naranja-y-blanco","status":"publish","type":"post","link":"https:\/\/esbozodeportivo.com\/index.php\/2025\/11\/22\/el-salon-de-la-fama-se-vistio-de-naranja-y-blanco\/","title":{"rendered":"El Sal\u00f3n de la Fama se visti\u00f3 de naranja y blanco"},"content":{"rendered":"\n<p><strong>Se rindi\u00f3 homenaje a los Pieles Rojas y su coach Manuel Rodero<\/strong><\/p>\n\n\n\n<p><strong>(Fotos: esbozodeportivo) <\/strong><\/p>\n\n\n\n<p>TOLUCA, Estado de M\u00e9xico. &#8211; Y por 90 minutos, el tiempo retrocedi\u00f3 en el Sal\u00f3n de la Fama M\u00e9xico hasta 1975, cuando el club Pieles Rojas AC que dirig\u00eda el coach Manuel Rodero Gardu\u00f1o sorprendi\u00f3 al mundo del ovoide al vencer por 52-13 a los Borregos Salvajes del ITESM Monterrey.<\/p>\n\n\n\n<p>A 50 a\u00f1os de distancia de esa gesta deportiva, el Recinto de los Inmortales, que presiden Jos\u00e9 Guzm\u00e1n Vera y Sergio Baz Ferreira se visti\u00f3 con los colores naranja \u201cTexas\u201d y el blanco utilizado en las fundas.<\/p>\n\n\n\n<p>Colores emblem\u00e1ticos de la Tribu de la colonia Lindavista que resurgieron para celebrar a una veintena de grandes jugadores que dieron lustre a este club independiente que logr\u00f3 ser monarca de la Liga Mayor en la denominada Conferencia Nacional.<\/p>\n\n\n\n<p>\u201cCon este reconocimiento queremos que las nuevas generaciones descubran que en esos a\u00f1os hab\u00eda un entrenador como Manuel Rodero que batall\u00f3 para alcanzar el \u00e9xito y estamos aqu\u00ed celebrando a esos jugadores que lograron una victoria hist\u00f3rica de sus Pieles Rojas frente a los Borregos Salvajes \u201c, dijo emocionado Guzm\u00e1n Vera al dar la bienvenida a exjugadores, sus seres queridos y aficionados que asistieron al evento.<\/p>\n\n\n\n<figure class=\"wp-block-image size-large\"><img loading=\"lazy\" decoding=\"async\" width=\"1024\" height=\"682\" src=\"https:\/\/esbozodeportivo.com\/wp-content\/uploads\/2025\/11\/DSC00384-1024x682.jpg\" alt=\"\" class=\"wp-image-11376\" srcset=\"https:\/\/esbozodeportivo.com\/wp-content\/uploads\/2025\/11\/DSC00384-1024x682.jpg 1024w, https:\/\/esbozodeportivo.com\/wp-content\/uploads\/2025\/11\/DSC00384-300x200.jpg 300w, https:\/\/esbozodeportivo.com\/wp-content\/uploads\/2025\/11\/DSC00384-768x511.jpg 768w, https:\/\/esbozodeportivo.com\/wp-content\/uploads\/2025\/11\/DSC00384-1536x1022.jpg 1536w, https:\/\/esbozodeportivo.com\/wp-content\/uploads\/2025\/11\/DSC00384-2048x1363.jpg 2048w\" sizes=\"auto, (max-width: 1024px) 100vw, 1024px\" \/><\/figure>\n\n\n\n<p>\u201cLa vida ha sido tan generosa que nos ha dado una hermandad como la que tenemos y lo m\u00e1s grande que tengo yo. No somos ni m\u00e1s ni menos, simplemente hermanos. Esto es un reconocimiento a los entrenamientos y el trabajo de esa temporada inolvidable como fue 1975\u201d, expres\u00f3 por su parte Francisco Aguilar a nombre de sus excompa\u00f1eros.<\/p>\n\n\n\n<p>\u201cNos da mucho recibir a los Pieles Rojas, monarcas de la Liga Mayor en 1975. Bienvenidos a su casa\u201d, destac\u00f3 por su parte Sergio Baz Ferreira.<\/p>\n\n\n\n<figure class=\"wp-block-image size-large\"><img loading=\"lazy\" decoding=\"async\" width=\"1024\" height=\"682\" src=\"https:\/\/esbozodeportivo.com\/wp-content\/uploads\/2025\/11\/DSC00812-1024x682.jpg\" alt=\"\" class=\"wp-image-11384\" srcset=\"https:\/\/esbozodeportivo.com\/wp-content\/uploads\/2025\/11\/DSC00812-1024x682.jpg 1024w, https:\/\/esbozodeportivo.com\/wp-content\/uploads\/2025\/11\/DSC00812-300x200.jpg 300w, https:\/\/esbozodeportivo.com\/wp-content\/uploads\/2025\/11\/DSC00812-768x511.jpg 768w, https:\/\/esbozodeportivo.com\/wp-content\/uploads\/2025\/11\/DSC00812-1536x1022.jpg 1536w, https:\/\/esbozodeportivo.com\/wp-content\/uploads\/2025\/11\/DSC00812-2048x1363.jpg 2048w\" sizes=\"auto, (max-width: 1024px) 100vw, 1024px\" \/><\/figure>\n\n\n\n<p><strong>ANIVERSARIO DORADO<\/strong><\/p>\n\n\n\n<p>Una ovaci\u00f3n especial recibi\u00f3 el comentarista Fernando Von Rossum, quien mand\u00f3 su mensaje v\u00eda zoom desde Ensenada, Baja California.<\/p>\n\n\n\n<p>\u201cCon el paso de los a\u00f1os, los eventos importantes adquieren mayor importancia y hoy quiero felicitar a la comunidad piel roja porque est\u00e1 celebrando 50 a\u00f1os o sea su aniversario dorado de su triunfo ante los Borregos Salvajes para ganar su t\u00edtulo nacional del futbol americano colegial en M\u00e9xico. Eran las dos potencias de ese momento, pero los Pieles Rojas salieron triunfadores. As\u00ed que disfruten su d\u00eda y quiero mostrar mi benepl\u00e1cito porque se devela una placa en honor al entrenador Manuel Rodero\u201c , expres\u00f3 el comentarista regio quien junto con Jorge Berry y V\u00edctor Serrato realizaron la trasmisi\u00f3n de esa final hist\u00f3rica para Televisa, un s\u00e1bado 29 de noviembre de hace 50 a\u00f1os.<\/p>\n\n\n\n<figure class=\"wp-block-image size-large\"><img loading=\"lazy\" decoding=\"async\" width=\"904\" height=\"1024\" src=\"https:\/\/esbozodeportivo.com\/wp-content\/uploads\/2025\/11\/DSC00417-904x1024.jpg\" alt=\"\" class=\"wp-image-11379\" srcset=\"https:\/\/esbozodeportivo.com\/wp-content\/uploads\/2025\/11\/DSC00417-904x1024.jpg 904w, https:\/\/esbozodeportivo.com\/wp-content\/uploads\/2025\/11\/DSC00417-265x300.jpg 265w, https:\/\/esbozodeportivo.com\/wp-content\/uploads\/2025\/11\/DSC00417-768x870.jpg 768w, https:\/\/esbozodeportivo.com\/wp-content\/uploads\/2025\/11\/DSC00417-1357x1536.jpg 1357w, https:\/\/esbozodeportivo.com\/wp-content\/uploads\/2025\/11\/DSC00417-1809x2048.jpg 1809w, https:\/\/esbozodeportivo.com\/wp-content\/uploads\/2025\/11\/DSC00417-1024x1159.jpg 1024w\" sizes=\"auto, (max-width: 904px) 100vw, 904px\" \/><\/figure>\n\n\n\n<p><strong>INVITADO ESPECIALES<\/strong><\/p>\n\n\n\n<p>Entre las figuras destacadas del americano nacional estuvieron presentes V\u00edctor Manuel P\u00e9rez Ocampo, vicepresidente del Sal\u00f3n de la Fama en la Zona Norte, Jaime Gerner, Rafael Arellanes, ex jugador de los Toros Salvajes de Chapingo, Sergio Mu\u00f1oz, presidente del Patronato de las \u00c1guilas Blancas, Jaime Rivera, Mart\u00edn Ceballos, Miguel \u00c1ngel Luna, Arturo Villanueba y Doroteo Reyes entre otros.<\/p>\n\n\n\n<figure class=\"wp-block-image size-large\"><img loading=\"lazy\" decoding=\"async\" width=\"1024\" height=\"682\" src=\"https:\/\/esbozodeportivo.com\/wp-content\/uploads\/2025\/11\/DSC00842-1024x682.jpg\" alt=\"\" class=\"wp-image-11386\" srcset=\"https:\/\/esbozodeportivo.com\/wp-content\/uploads\/2025\/11\/DSC00842-1024x682.jpg 1024w, https:\/\/esbozodeportivo.com\/wp-content\/uploads\/2025\/11\/DSC00842-300x200.jpg 300w, https:\/\/esbozodeportivo.com\/wp-content\/uploads\/2025\/11\/DSC00842-768x511.jpg 768w, https:\/\/esbozodeportivo.com\/wp-content\/uploads\/2025\/11\/DSC00842-1536x1022.jpg 1536w, https:\/\/esbozodeportivo.com\/wp-content\/uploads\/2025\/11\/DSC00842-2048x1363.jpg 2048w\" sizes=\"auto, (max-width: 1024px) 100vw, 1024px\" \/><\/figure>\n\n\n\n<p><strong>DISTINGUIDOS<\/strong><\/p>\n\n\n\n<p>Uno a uno cada uno de los premiados recibi\u00f3 un diploma de manos de los dirigentes del patronato de Pieles Rojas siendo el primero Alejandro Mart\u00ednez. Y luego siguieron Sergio Mej\u00eda, Jorge Aguilar, Guillermo Aguilar, Ren\u00e9 Souza, Adolfo Gallegos, Bernardo Calzada<a>, Eliseo Frutos<\/a>, Adalberto Santoyo, Eduardo Morales, Rolando Orozco, \u00d3scar Mill\u00e1n, Francisco Aguilar, Ignacio Morales, C\u00e9sar Antonio Ruiz, Fernando Romero Silva.<\/p>\n\n\n\n<p>Tambi\u00e9n recibieron distinci\u00f3n el coach Cornelio Chit Navarrete, Arturo Villanueba, director del grupo de animaci\u00f3n, los trainers Andr\u00e9s Hern\u00e1ndez y Francisco P\u00e9rez. Finalmente, el contador Miguel \u00c1ngel Luna.<\/p>\n\n\n\n<figure class=\"wp-block-image size-large is-resized\"><img loading=\"lazy\" decoding=\"async\" width=\"682\" height=\"1024\" src=\"https:\/\/esbozodeportivo.com\/wp-content\/uploads\/2025\/11\/DSC00882-682x1024.jpg\" alt=\"\" class=\"wp-image-11390\" style=\"width:700px;height:auto\" srcset=\"https:\/\/esbozodeportivo.com\/wp-content\/uploads\/2025\/11\/DSC00882-682x1024.jpg 682w, https:\/\/esbozodeportivo.com\/wp-content\/uploads\/2025\/11\/DSC00882-200x300.jpg 200w, https:\/\/esbozodeportivo.com\/wp-content\/uploads\/2025\/11\/DSC00882-768x1154.jpg 768w, https:\/\/esbozodeportivo.com\/wp-content\/uploads\/2025\/11\/DSC00882-1022x1536.jpg 1022w, https:\/\/esbozodeportivo.com\/wp-content\/uploads\/2025\/11\/DSC00882-1363x2048.jpg 1363w, https:\/\/esbozodeportivo.com\/wp-content\/uploads\/2025\/11\/DSC00882-1024x1538.jpg 1024w, https:\/\/esbozodeportivo.com\/wp-content\/uploads\/2025\/11\/DSC00882-scaled.jpg 1704w\" sizes=\"auto, (max-width: 682px) 100vw, 682px\" \/><\/figure>\n\n\n\n<p><strong>MANUEL RODERO<\/strong><\/p>\n\n\n\n<p>La figura del estratega de Pieles Rojas, Manuel Rodero Gardu\u00f1o, recibi\u00f3 un emotivo homenaje al ser develado su placa en el Sal\u00f3n de la Fama M\u00e9xico cuando el reloj marcaba las 12:30.<\/p>\n\n\n\n<p>El popular \u201cGallo\u201d ya era parte del Recinto desde hace una d\u00e9cada, pero es el primer head coach que recibe esta distinci\u00f3n. La placa textualmente dice:<\/p>\n\n\n\n<p>\u201cGenio y figura de los emparrillados. Manuel <em>El Gallo<\/em> Rodero es un personaje emblem\u00e1tico del f\u00fatbol americano de nuestro pa\u00eds. Estudioso de este deporte fue integrante de la American Football Coach Association por 36 a\u00f1os. Disciplinado, apasionado y comprometido con la excelencia deportiva. Forj\u00f3 equipos competitivos. Su pasi\u00f3n, disciplina y entrega hicieron historia. M\u00e1s que un coach un legado y formador de campeones. En memoria de Manuel Rodero Gardu\u00f1o, ejemplo de grandeza y esp\u00edritu naranja. Toluca, 22 de noviembre de 2025\u201c.<\/p>\n\n\n\n<figure class=\"wp-block-image size-large\"><img loading=\"lazy\" decoding=\"async\" width=\"1024\" height=\"659\" src=\"https:\/\/esbozodeportivo.com\/wp-content\/uploads\/2025\/11\/DSC00821-1024x659.jpg\" alt=\"\" class=\"wp-image-11385\" srcset=\"https:\/\/esbozodeportivo.com\/wp-content\/uploads\/2025\/11\/DSC00821-1024x659.jpg 1024w, https:\/\/esbozodeportivo.com\/wp-content\/uploads\/2025\/11\/DSC00821-300x193.jpg 300w, https:\/\/esbozodeportivo.com\/wp-content\/uploads\/2025\/11\/DSC00821-768x494.jpg 768w, https:\/\/esbozodeportivo.com\/wp-content\/uploads\/2025\/11\/DSC00821-1536x988.jpg 1536w, https:\/\/esbozodeportivo.com\/wp-content\/uploads\/2025\/11\/DSC00821-2048x1318.jpg 2048w\" sizes=\"auto, (max-width: 1024px) 100vw, 1024px\" \/><\/figure>\n\n\n\n<p><strong>&nbsp;TORNEO FLAG<\/strong><\/p>\n\n\n\n<p>Por \u00faltimo, Arellanes inform\u00f3 que se planea un torneo de football flag &nbsp;en febrero en la rama femenil en las instalaciones del club B\u00fafalos de Toluca.<\/p>\n\n\n\n<p>\u201cEsto aqu\u00ed para anunciarles que los diputados con los que colabor\u00f3 \u00d3scar Gonz\u00e1lez Y\u00e1\u00f1ez y Ana Le\u00f3n quienes desean impulsar el futbol americano femenil y haremos en estas instalaciones un torneo para darles un mayor impulso\u201d, dijo.<\/p>\n\n\n\n<p><\/p>\n","protected":false},"excerpt":{"rendered":"<p>Se rindi\u00f3 homenaje a los Pieles Rojas y su coach Manuel Rodero (Fotos: esbozodeportivo) TOLUCA,<\/p>\n","protected":false},"author":4,"featured_media":11388,"comment_status":"closed","ping_status":"open","sticky":false,"template":"","format":"standard","meta":{"_jetpack_memberships_contains_paid_content":false,"footnotes":""},"categories":[67],"tags":[],"class_list":["post-11375","post","type-post","status-publish","format-standard","has-post-thumbnail","hentry","category-futbol-americano"],"yoast_head":"<!-- This site is optimized with the Yoast SEO plugin v25.7 - https:\/\/yoast.com\/wordpress\/plugins\/seo\/ -->\n<title>El Sal\u00f3n de la Fama se visti\u00f3 de naranja y blanco - Esbozo Deportivo<\/title>\n<meta name=\"description\" content=\"Y por 90 minutos, el tiempo retrocedi\u00f3 en el Sal\u00f3n de la Fama M\u00e9xico hasta 1975, cuando el club Pieles Rojas AC que dirig\u00eda el coach Manuel Rodero Gardu\u00f1o sorprendi\u00f3 al mundo del ovoide al vencer por 52-13 a los Borregos Salvajes del ITESM Monterrey.\" \/>\n<meta name=\"robots\" content=\"index, follow, max-snippet:-1, max-image-preview:large, max-video-preview:-1\" \/>\n<link rel=\"canonical\" href=\"https:\/\/esbozodeportivo.com\/index.php\/2025\/11\/22\/el-salon-de-la-fama-se-vistio-de-naranja-y-blanco\/\" \/>\n<meta property=\"og:locale\" content=\"es_MX\" \/>\n<meta property=\"og:type\" content=\"article\" \/>\n<meta property=\"og:title\" content=\"El Sal\u00f3n de la Fama se visti\u00f3 de naranja y blanco - Esbozo Deportivo\" \/>\n<meta property=\"og:description\" content=\"Y por 90 minutos, el tiempo retrocedi\u00f3 en el Sal\u00f3n de la Fama M\u00e9xico hasta 1975, cuando el club Pieles Rojas AC que dirig\u00eda el coach Manuel Rodero Gardu\u00f1o sorprendi\u00f3 al mundo del ovoide al vencer por 52-13 a los Borregos Salvajes del ITESM Monterrey.\" \/>\n<meta property=\"og:url\" content=\"https:\/\/esbozodeportivo.com\/index.php\/2025\/11\/22\/el-salon-de-la-fama-se-vistio-de-naranja-y-blanco\/\" \/>\n<meta property=\"og:site_name\" content=\"Esbozo Deportivo\" \/>\n<meta property=\"article:published_time\" content=\"2025-11-23T05:03:59+00:00\" \/>\n<meta property=\"article:modified_time\" content=\"2025-11-23T05:04:01+00:00\" \/>\n<meta property=\"og:image\" content=\"https:\/\/esbozodeportivo.com\/wp-content\/uploads\/2025\/11\/DSC00862-scaled.jpg\" \/>\n\t<meta property=\"og:image:width\" content=\"2560\" \/>\n\t<meta property=\"og:image:height\" content=\"1725\" \/>\n\t<meta property=\"og:image:type\" content=\"image\/jpeg\" \/>\n<meta name=\"author\" content=\"Redacci\u00f3n\" \/>\n<meta name=\"twitter:card\" content=\"summary_large_image\" \/>\n<meta name=\"twitter:label1\" content=\"Escrito por\" \/>\n\t<meta name=\"twitter:data1\" content=\"Redacci\u00f3n\" \/>\n\t<meta name=\"twitter:label2\" content=\"Tiempo de lectura\" \/>\n\t<meta name=\"twitter:data2\" content=\"5 minutos\" \/>\n<script type=\"application\/ld+json\" class=\"yoast-schema-graph\">{\"@context\":\"https:\/\/schema.org\",\"@graph\":[{\"@type\":\"Article\",\"@id\":\"https:\/\/esbozodeportivo.com\/index.php\/2025\/11\/22\/el-salon-de-la-fama-se-vistio-de-naranja-y-blanco\/#article\",\"isPartOf\":{\"@id\":\"https:\/\/esbozodeportivo.com\/index.php\/2025\/11\/22\/el-salon-de-la-fama-se-vistio-de-naranja-y-blanco\/\"},\"author\":{\"name\":\"Redacci\u00f3n\",\"@id\":\"https:\/\/esbozodeportivo.com\/#\/schema\/person\/0f6df9196dfe6740dd0bb31bae50d374\"},\"headline\":\"El Sal\u00f3n de la Fama se visti\u00f3 de naranja y blanco\",\"datePublished\":\"2025-11-23T05:03:59+00:00\",\"dateModified\":\"2025-11-23T05:04:01+00:00\",\"mainEntityOfPage\":{\"@id\":\"https:\/\/esbozodeportivo.com\/index.php\/2025\/11\/22\/el-salon-de-la-fama-se-vistio-de-naranja-y-blanco\/\"},\"wordCount\":842,\"publisher\":{\"@id\":\"https:\/\/esbozodeportivo.com\/#organization\"},\"image\":{\"@id\":\"https:\/\/esbozodeportivo.com\/index.php\/2025\/11\/22\/el-salon-de-la-fama-se-vistio-de-naranja-y-blanco\/#primaryimage\"},\"thumbnailUrl\":\"https:\/\/esbozodeportivo.com\/wp-content\/uploads\/2025\/11\/DSC00862-scaled.jpg\",\"articleSection\":[\"Futbol Americano\"],\"inLanguage\":\"es\"},{\"@type\":\"WebPage\",\"@id\":\"https:\/\/esbozodeportivo.com\/index.php\/2025\/11\/22\/el-salon-de-la-fama-se-vistio-de-naranja-y-blanco\/\",\"url\":\"https:\/\/esbozodeportivo.com\/index.php\/2025\/11\/22\/el-salon-de-la-fama-se-vistio-de-naranja-y-blanco\/\",\"name\":\"El Sal\u00f3n de la Fama se visti\u00f3 de naranja y blanco - Esbozo Deportivo\",\"isPartOf\":{\"@id\":\"https:\/\/esbozodeportivo.com\/#website\"},\"primaryImageOfPage\":{\"@id\":\"https:\/\/esbozodeportivo.com\/index.php\/2025\/11\/22\/el-salon-de-la-fama-se-vistio-de-naranja-y-blanco\/#primaryimage\"},\"image\":{\"@id\":\"https:\/\/esbozodeportivo.com\/index.php\/2025\/11\/22\/el-salon-de-la-fama-se-vistio-de-naranja-y-blanco\/#primaryimage\"},\"thumbnailUrl\":\"https:\/\/esbozodeportivo.com\/wp-content\/uploads\/2025\/11\/DSC00862-scaled.jpg\",\"datePublished\":\"2025-11-23T05:03:59+00:00\",\"dateModified\":\"2025-11-23T05:04:01+00:00\",\"description\":\"Y por 90 minutos, el tiempo retrocedi\u00f3 en el Sal\u00f3n de la Fama M\u00e9xico hasta 1975, cuando el club Pieles Rojas AC que dirig\u00eda el coach Manuel Rodero Gardu\u00f1o sorprendi\u00f3 al mundo del ovoide al vencer por 52-13 a los Borregos Salvajes del ITESM Monterrey.\",\"breadcrumb\":{\"@id\":\"https:\/\/esbozodeportivo.com\/index.php\/2025\/11\/22\/el-salon-de-la-fama-se-vistio-de-naranja-y-blanco\/#breadcrumb\"},\"inLanguage\":\"es\",\"potentialAction\":[{\"@type\":\"ReadAction\",\"target\":[\"https:\/\/esbozodeportivo.com\/index.php\/2025\/11\/22\/el-salon-de-la-fama-se-vistio-de-naranja-y-blanco\/\"]}]},{\"@type\":\"ImageObject\",\"inLanguage\":\"es\",\"@id\":\"https:\/\/esbozodeportivo.com\/index.php\/2025\/11\/22\/el-salon-de-la-fama-se-vistio-de-naranja-y-blanco\/#primaryimage\",\"url\":\"https:\/\/esbozodeportivo.com\/wp-content\/uploads\/2025\/11\/DSC00862-scaled.jpg\",\"contentUrl\":\"https:\/\/esbozodeportivo.com\/wp-content\/uploads\/2025\/11\/DSC00862-scaled.jpg\",\"width\":2560,\"height\":1725},{\"@type\":\"BreadcrumbList\",\"@id\":\"https:\/\/esbozodeportivo.com\/index.php\/2025\/11\/22\/el-salon-de-la-fama-se-vistio-de-naranja-y-blanco\/#breadcrumb\",\"itemListElement\":[{\"@type\":\"ListItem\",\"position\":1,\"name\":\"Inicio\",\"item\":\"https:\/\/esbozodeportivo.com\/\"},{\"@type\":\"ListItem\",\"position\":2,\"name\":\"El Sal\u00f3n de la Fama se visti\u00f3 de naranja y blanco\"}]},{\"@type\":\"WebSite\",\"@id\":\"https:\/\/esbozodeportivo.com\/#website\",\"url\":\"https:\/\/esbozodeportivo.com\/\",\"name\":\"Esbozo Deportivo\",\"description\":\"Lo m\u00e1s importante del Deporte\",\"publisher\":{\"@id\":\"https:\/\/esbozodeportivo.com\/#organization\"},\"potentialAction\":[{\"@type\":\"SearchAction\",\"target\":{\"@type\":\"EntryPoint\",\"urlTemplate\":\"https:\/\/esbozodeportivo.com\/?s={search_term_string}\"},\"query-input\":{\"@type\":\"PropertyValueSpecification\",\"valueRequired\":true,\"valueName\":\"search_term_string\"}}],\"inLanguage\":\"es\"},{\"@type\":\"Organization\",\"@id\":\"https:\/\/esbozodeportivo.com\/#organization\",\"name\":\"Esbozo Deportivo\",\"url\":\"https:\/\/esbozodeportivo.com\/\",\"logo\":{\"@type\":\"ImageObject\",\"inLanguage\":\"es\",\"@id\":\"https:\/\/esbozodeportivo.com\/#\/schema\/logo\/image\/\",\"url\":\"https:\/\/esbozodeportivo.com\/wp-content\/uploads\/2022\/08\/cropped-Logo-Esbozo-Web-2.png\",\"contentUrl\":\"https:\/\/esbozodeportivo.com\/wp-content\/uploads\/2022\/08\/cropped-Logo-Esbozo-Web-2.png\",\"width\":180,\"height\":50,\"caption\":\"Esbozo Deportivo\"},\"image\":{\"@id\":\"https:\/\/esbozodeportivo.com\/#\/schema\/logo\/image\/\"}},{\"@type\":\"Person\",\"@id\":\"https:\/\/esbozodeportivo.com\/#\/schema\/person\/0f6df9196dfe6740dd0bb31bae50d374\",\"name\":\"Redacci\u00f3n\",\"image\":{\"@type\":\"ImageObject\",\"inLanguage\":\"es\",\"@id\":\"https:\/\/esbozodeportivo.com\/#\/schema\/person\/image\/\",\"url\":\"https:\/\/secure.gravatar.com\/avatar\/f55268a89c3b418f2ef172ff52ab0d09b3e653c58de29539fe329fb93d78ebf3?s=96&d=mm&r=g\",\"contentUrl\":\"https:\/\/secure.gravatar.com\/avatar\/f55268a89c3b418f2ef172ff52ab0d09b3e653c58de29539fe329fb93d78ebf3?s=96&d=mm&r=g\",\"caption\":\"Redacci\u00f3n\"},\"url\":\"https:\/\/esbozodeportivo.com\/index.php\/author\/redaccion\/\"}]}<\/script>\n<!-- \/ Yoast SEO plugin. -->","yoast_head_json":{"title":"El Sal\u00f3n de la Fama se visti\u00f3 de naranja y blanco - Esbozo Deportivo","description":"Y por 90 minutos, el tiempo retrocedi\u00f3 en el Sal\u00f3n de la Fama M\u00e9xico hasta 1975, cuando el club Pieles Rojas AC que dirig\u00eda el coach Manuel Rodero Gardu\u00f1o sorprendi\u00f3 al mundo del ovoide al vencer por 52-13 a los Borregos Salvajes del ITESM Monterrey.","robots":{"index":"index","follow":"follow","max-snippet":"max-snippet:-1","max-image-preview":"max-image-preview:large","max-video-preview":"max-video-preview:-1"},"canonical":"https:\/\/esbozodeportivo.com\/index.php\/2025\/11\/22\/el-salon-de-la-fama-se-vistio-de-naranja-y-blanco\/","og_locale":"es_MX","og_type":"article","og_title":"El Sal\u00f3n de la Fama se visti\u00f3 de naranja y blanco - Esbozo Deportivo","og_description":"Y por 90 minutos, el tiempo retrocedi\u00f3 en el Sal\u00f3n de la Fama M\u00e9xico hasta 1975, cuando el club Pieles Rojas AC que dirig\u00eda el coach Manuel Rodero Gardu\u00f1o sorprendi\u00f3 al mundo del ovoide al vencer por 52-13 a los Borregos Salvajes del ITESM Monterrey.","og_url":"https:\/\/esbozodeportivo.com\/index.php\/2025\/11\/22\/el-salon-de-la-fama-se-vistio-de-naranja-y-blanco\/","og_site_name":"Esbozo Deportivo","article_published_time":"2025-11-23T05:03:59+00:00","article_modified_time":"2025-11-23T05:04:01+00:00","og_image":[{"width":2560,"height":1725,"url":"https:\/\/esbozodeportivo.com\/wp-content\/uploads\/2025\/11\/DSC00862-scaled.jpg","type":"image\/jpeg"}],"author":"Redacci\u00f3n","twitter_card":"summary_large_image","twitter_misc":{"Escrito por":"Redacci\u00f3n","Tiempo de lectura":"5 minutos"},"schema":{"@context":"https:\/\/schema.org","@graph":[{"@type":"Article","@id":"https:\/\/esbozodeportivo.com\/index.php\/2025\/11\/22\/el-salon-de-la-fama-se-vistio-de-naranja-y-blanco\/#article","isPartOf":{"@id":"https:\/\/esbozodeportivo.com\/index.php\/2025\/11\/22\/el-salon-de-la-fama-se-vistio-de-naranja-y-blanco\/"},"author":{"name":"Redacci\u00f3n","@id":"https:\/\/esbozodeportivo.com\/#\/schema\/person\/0f6df9196dfe6740dd0bb31bae50d374"},"headline":"El Sal\u00f3n de la Fama se visti\u00f3 de naranja y blanco","datePublished":"2025-11-23T05:03:59+00:00","dateModified":"2025-11-23T05:04:01+00:00","mainEntityOfPage":{"@id":"https:\/\/esbozodeportivo.com\/index.php\/2025\/11\/22\/el-salon-de-la-fama-se-vistio-de-naranja-y-blanco\/"},"wordCount":842,"publisher":{"@id":"https:\/\/esbozodeportivo.com\/#organization"},"image":{"@id":"https:\/\/esbozodeportivo.com\/index.php\/2025\/11\/22\/el-salon-de-la-fama-se-vistio-de-naranja-y-blanco\/#primaryimage"},"thumbnailUrl":"https:\/\/esbozodeportivo.com\/wp-content\/uploads\/2025\/11\/DSC00862-scaled.jpg","articleSection":["Futbol Americano"],"inLanguage":"es"},{"@type":"WebPage","@id":"https:\/\/esbozodeportivo.com\/index.php\/2025\/11\/22\/el-salon-de-la-fama-se-vistio-de-naranja-y-blanco\/","url":"https:\/\/esbozodeportivo.com\/index.php\/2025\/11\/22\/el-salon-de-la-fama-se-vistio-de-naranja-y-blanco\/","name":"El Sal\u00f3n de la Fama se visti\u00f3 de naranja y blanco - Esbozo Deportivo","isPartOf":{"@id":"https:\/\/esbozodeportivo.com\/#website"},"primaryImageOfPage":{"@id":"https:\/\/esbozodeportivo.com\/index.php\/2025\/11\/22\/el-salon-de-la-fama-se-vistio-de-naranja-y-blanco\/#primaryimage"},"image":{"@id":"https:\/\/esbozodeportivo.com\/index.php\/2025\/11\/22\/el-salon-de-la-fama-se-vistio-de-naranja-y-blanco\/#primaryimage"},"thumbnailUrl":"https:\/\/esbozodeportivo.com\/wp-content\/uploads\/2025\/11\/DSC00862-scaled.jpg","datePublished":"2025-11-23T05:03:59+00:00","dateModified":"2025-11-23T05:04:01+00:00","description":"Y por 90 minutos, el tiempo retrocedi\u00f3 en el Sal\u00f3n de la Fama M\u00e9xico hasta 1975, cuando el club Pieles Rojas AC que dirig\u00eda el coach Manuel Rodero Gardu\u00f1o sorprendi\u00f3 al mundo del ovoide al vencer por 52-13 a los Borregos Salvajes del ITESM Monterrey.","breadcrumb":{"@id":"https:\/\/esbozodeportivo.com\/index.php\/2025\/11\/22\/el-salon-de-la-fama-se-vistio-de-naranja-y-blanco\/#breadcrumb"},"inLanguage":"es","potentialAction":[{"@type":"ReadAction","target":["https:\/\/esbozodeportivo.com\/index.php\/2025\/11\/22\/el-salon-de-la-fama-se-vistio-de-naranja-y-blanco\/"]}]},{"@type":"ImageObject","inLanguage":"es","@id":"https:\/\/esbozodeportivo.com\/index.php\/2025\/11\/22\/el-salon-de-la-fama-se-vistio-de-naranja-y-blanco\/#primaryimage","url":"https:\/\/esbozodeportivo.com\/wp-content\/uploads\/2025\/11\/DSC00862-scaled.jpg","contentUrl":"https:\/\/esbozodeportivo.com\/wp-content\/uploads\/2025\/11\/DSC00862-scaled.jpg","width":2560,"height":1725},{"@type":"BreadcrumbList","@id":"https:\/\/esbozodeportivo.com\/index.php\/2025\/11\/22\/el-salon-de-la-fama-se-vistio-de-naranja-y-blanco\/#breadcrumb","itemListElement":[{"@type":"ListItem","position":1,"name":"Inicio","item":"https:\/\/esbozodeportivo.com\/"},{"@type":"ListItem","position":2,"name":"El Sal\u00f3n de la Fama se visti\u00f3 de naranja y blanco"}]},{"@type":"WebSite","@id":"https:\/\/esbozodeportivo.com\/#website","url":"https:\/\/esbozodeportivo.com\/","name":"Esbozo Deportivo","description":"Lo m\u00e1s importante del Deporte","publisher":{"@id":"https:\/\/esbozodeportivo.com\/#organization"},"potentialAction":[{"@type":"SearchAction","target":{"@type":"EntryPoint","urlTemplate":"https:\/\/esbozodeportivo.com\/?s={search_term_string}"},"query-input":{"@type":"PropertyValueSpecification","valueRequired":true,"valueName":"search_term_string"}}],"inLanguage":"es"},{"@type":"Organization","@id":"https:\/\/esbozodeportivo.com\/#organization","name":"Esbozo Deportivo","url":"https:\/\/esbozodeportivo.com\/","logo":{"@type":"ImageObject","inLanguage":"es","@id":"https:\/\/esbozodeportivo.com\/#\/schema\/logo\/image\/","url":"https:\/\/esbozodeportivo.com\/wp-content\/uploads\/2022\/08\/cropped-Logo-Esbozo-Web-2.png","contentUrl":"https:\/\/esbozodeportivo.com\/wp-content\/uploads\/2022\/08\/cropped-Logo-Esbozo-Web-2.png","width":180,"height":50,"caption":"Esbozo Deportivo"},"image":{"@id":"https:\/\/esbozodeportivo.com\/#\/schema\/logo\/image\/"}},{"@type":"Person","@id":"https:\/\/esbozodeportivo.com\/#\/schema\/person\/0f6df9196dfe6740dd0bb31bae50d374","name":"Redacci\u00f3n","image":{"@type":"ImageObject","inLanguage":"es","@id":"https:\/\/esbozodeportivo.com\/#\/schema\/person\/image\/","url":"https:\/\/secure.gravatar.com\/avatar\/f55268a89c3b418f2ef172ff52ab0d09b3e653c58de29539fe329fb93d78ebf3?s=96&d=mm&r=g","contentUrl":"https:\/\/secure.gravatar.com\/avatar\/f55268a89c3b418f2ef172ff52ab0d09b3e653c58de29539fe329fb93d78ebf3?s=96&d=mm&r=g","caption":"Redacci\u00f3n"},"url":"https:\/\/esbozodeportivo.com\/index.php\/author\/redaccion\/"}]}},"jetpack_featured_media_url":"https:\/\/esbozodeportivo.com\/wp-content\/uploads\/2025\/11\/DSC00862-scaled.jpg","jetpack_sharing_enabled":true,"_links":{"self":[{"href":"https:\/\/esbozodeportivo.com\/index.php\/wp-json\/wp\/v2\/posts\/11375","targetHints":{"allow":["GET"]}}],"collection":[{"href":"https:\/\/esbozodeportivo.com\/index.php\/wp-json\/wp\/v2\/posts"}],"about":[{"href":"https:\/\/esbozodeportivo.com\/index.php\/wp-json\/wp\/v2\/types\/post"}],"author":[{"embeddable":true,"href":"https:\/\/esbozodeportivo.com\/index.php\/wp-json\/wp\/v2\/users\/4"}],"replies":[{"embeddable":true,"href":"https:\/\/esbozodeportivo.com\/index.php\/wp-json\/wp\/v2\/comments?post=11375"}],"version-history":[{"count":1,"href":"https:\/\/esbozodeportivo.com\/index.php\/wp-json\/wp\/v2\/posts\/11375\/revisions"}],"predecessor-version":[{"id":11391,"href":"https:\/\/esbozodeportivo.com\/index.php\/wp-json\/wp\/v2\/posts\/11375\/revisions\/11391"}],"wp:featuredmedia":[{"embeddable":true,"href":"https:\/\/esbozodeportivo.com\/index.php\/wp-json\/wp\/v2\/media\/11388"}],"wp:attachment":[{"href":"https:\/\/esbozodeportivo.com\/index.php\/wp-json\/wp\/v2\/media?parent=11375"}],"wp:term":[{"taxonomy":"category","embeddable":true,"href":"https:\/\/esbozodeportivo.com\/index.php\/wp-json\/wp\/v2\/categories?post=11375"},{"taxonomy":"post_tag","embeddable":true,"href":"https:\/\/esbozodeportivo.com\/index.php\/wp-json\/wp\/v2\/tags?post=11375"}],"curies":[{"name":"wp","href":"https:\/\/api.w.org\/{rel}","templated":true}]}}