{"id":11414,"date":"2025-11-23T22:55:58","date_gmt":"2025-11-24T04:55:58","guid":{"rendered":"https:\/\/esbozodeportivo.com\/?p=11414"},"modified":"2025-11-23T22:55:59","modified_gmt":"2025-11-24T04:55:59","slug":"anuncian-torneo-flag-en-toluca","status":"publish","type":"post","link":"https:\/\/esbozodeportivo.com\/index.php\/2025\/11\/23\/anuncian-torneo-flag-en-toluca\/","title":{"rendered":"Anuncian Torneo Flag en Toluca"},"content":{"rendered":"\n<p>TOLUCA, Estado de M\u00e9xico.- Rafael Arellanes, uno de los invitados especiales al homenaje de Pieles Rojas AC en el Sal\u00f3n de la Fama M\u00e9xico, dio a conocer que se trabaja para realizar un torneo de football flag, en febrero, en la rama femenil en las instalaciones del club B\u00fafalos de Toluca.<\/p>\n\n\n\n<p>\u201cEstamos aqu\u00ed para anunciarles que hay dos personas con las que colabor\u00f3 como son el diputado \u00d3scar Gonz\u00e1lez Y\u00e1\u00f1ez y la diputada Ana Yurixi Le\u00f3n que est\u00e1n interesados en fomentar el futbol americano, particularmente el de las mujeres, que se ha puesto muy de moda.<\/p>\n\n\n\n<p>Y estamos en pl\u00e1ticas con Jos\u00e9 Guzm\u00e1n Vera y Sergio Baz para realizar un torneo rel\u00e1mpago, aqu\u00ed, en estas instalaciones en los pr\u00f3ximos meses. Tenemos mujeres mexicanas que son campeonas mundiales y es algo que importa por eso queremos darles impulso\u201d, dijo el ex fullback de los Toros de la Universidad de Chapingo, quien jug\u00f3 en la Liga Mayor de nuestro pa\u00eds de 1967 a 1972.<\/p>\n\n\n\n<figure class=\"wp-block-image size-large\"><img loading=\"lazy\" decoding=\"async\" width=\"635\" height=\"1024\" src=\"https:\/\/esbozodeportivo.com\/wp-content\/uploads\/2025\/11\/Salon1-635x1024.jpg\" alt=\"\" class=\"wp-image-11416\" srcset=\"https:\/\/esbozodeportivo.com\/wp-content\/uploads\/2025\/11\/Salon1-635x1024.jpg 635w, https:\/\/esbozodeportivo.com\/wp-content\/uploads\/2025\/11\/Salon1-186x300.jpg 186w, https:\/\/esbozodeportivo.com\/wp-content\/uploads\/2025\/11\/Salon1-768x1238.jpg 768w, https:\/\/esbozodeportivo.com\/wp-content\/uploads\/2025\/11\/Salon1.jpg 885w\" sizes=\"auto, (max-width: 635px) 100vw, 635px\" \/><\/figure>\n\n\n\n<p>Cuestionado sobre las instalaciones del Recinto de los Inmortales, dijo:<\/p>\n\n\n\n<p>&nbsp;\u201cEstoy sorprendido de lo que es el Sal\u00f3n de la Fama M\u00e9xico. Quienes est\u00e9n aqu\u00ed deben tener un m\u00e9rito durante su carrera. Sin embargo, hay quienes dicen que cualquiera puede ingresar, pero este recinto no es el caso.<\/p>\n\n\n\n<p>Nos hemos empe\u00f1ado que este Sal\u00f3n de la Fama sea el principal de nuestro pa\u00eds y vamos a fortalecerlo entre todos. En Chapingo existe ese inter\u00e9s y esperamos despertarlo en el IPN y la UNAM. Estas instituciones ser\u00edan los tres pilares, aunque hay muchas escuelas m\u00e1s. Y esperamos que este recinto adquiera la importancia que merece el futbol americano para tener un Sal\u00f3n de la Fama como en otros pa\u00edses\u201d.<\/p>\n\n\n\n<figure class=\"wp-block-image size-large\"><img loading=\"lazy\" decoding=\"async\" width=\"1024\" height=\"683\" src=\"https:\/\/esbozodeportivo.com\/wp-content\/uploads\/2025\/11\/Salon3-1024x683.jpg\" alt=\"\" class=\"wp-image-11418\" srcset=\"https:\/\/esbozodeportivo.com\/wp-content\/uploads\/2025\/11\/Salon3-1024x683.jpg 1024w, https:\/\/esbozodeportivo.com\/wp-content\/uploads\/2025\/11\/Salon3-300x200.jpg 300w, https:\/\/esbozodeportivo.com\/wp-content\/uploads\/2025\/11\/Salon3-768x512.jpg 768w, https:\/\/esbozodeportivo.com\/wp-content\/uploads\/2025\/11\/Salon3-1536x1024.jpg 1536w, https:\/\/esbozodeportivo.com\/wp-content\/uploads\/2025\/11\/Salon3.jpg 1600w\" sizes=\"auto, (max-width: 1024px) 100vw, 1024px\" \/><\/figure>\n","protected":false},"excerpt":{"rendered":"<p>TOLUCA, Estado de M\u00e9xico.- Rafael Arellanes, uno de los invitados especiales al homenaje de Pieles<\/p>\n","protected":false},"author":4,"featured_media":11417,"comment_status":"closed","ping_status":"open","sticky":false,"template":"","format":"standard","meta":{"_jetpack_memberships_contains_paid_content":false,"footnotes":""},"categories":[67],"tags":[],"class_list":["post-11414","post","type-post","status-publish","format-standard","has-post-thumbnail","hentry","category-futbol-americano"],"yoast_head":"<!-- This site is optimized with the Yoast SEO plugin v25.7 - https:\/\/yoast.com\/wordpress\/plugins\/seo\/ -->\n<title>Anuncian Torneo Flag en Toluca - Esbozo Deportivo<\/title>\n<meta name=\"description\" content=\"Rafael Arellanes, uno de los invitados especiales al homenaje de Pieles Rojas AC en el Sal\u00f3n de la Fama M\u00e9xico, dio a conocer que se trabaja para realizar un torneo de football flag, en febrero, en la rama femenil en las instalaciones del club B\u00fafalos de Toluca.\" \/>\n<meta name=\"robots\" content=\"index, follow, max-snippet:-1, max-image-preview:large, max-video-preview:-1\" \/>\n<link rel=\"canonical\" href=\"https:\/\/esbozodeportivo.com\/index.php\/2025\/11\/23\/anuncian-torneo-flag-en-toluca\/\" \/>\n<meta property=\"og:locale\" content=\"es_MX\" \/>\n<meta property=\"og:type\" content=\"article\" \/>\n<meta property=\"og:title\" content=\"Anuncian Torneo Flag en Toluca - Esbozo Deportivo\" \/>\n<meta property=\"og:description\" content=\"Rafael Arellanes, uno de los invitados especiales al homenaje de Pieles Rojas AC en el Sal\u00f3n de la Fama M\u00e9xico, dio a conocer que se trabaja para realizar un torneo de football flag, en febrero, en la rama femenil en las instalaciones del club B\u00fafalos de Toluca.\" \/>\n<meta property=\"og:url\" content=\"https:\/\/esbozodeportivo.com\/index.php\/2025\/11\/23\/anuncian-torneo-flag-en-toluca\/\" \/>\n<meta property=\"og:site_name\" content=\"Esbozo Deportivo\" \/>\n<meta property=\"article:published_time\" content=\"2025-11-24T04:55:58+00:00\" \/>\n<meta property=\"article:modified_time\" content=\"2025-11-24T04:55:59+00:00\" \/>\n<meta property=\"og:image\" content=\"https:\/\/esbozodeportivo.com\/wp-content\/uploads\/2025\/11\/Salon2.jpg\" \/>\n\t<meta property=\"og:image:width\" content=\"729\" \/>\n\t<meta property=\"og:image:height\" content=\"923\" \/>\n\t<meta property=\"og:image:type\" content=\"image\/jpeg\" \/>\n<meta name=\"author\" content=\"Redacci\u00f3n\" \/>\n<meta name=\"twitter:card\" content=\"summary_large_image\" \/>\n<meta name=\"twitter:label1\" content=\"Escrito por\" \/>\n\t<meta name=\"twitter:data1\" content=\"Redacci\u00f3n\" \/>\n\t<meta name=\"twitter:label2\" content=\"Tiempo de lectura\" \/>\n\t<meta name=\"twitter:data2\" content=\"2 minutos\" \/>\n<script type=\"application\/ld+json\" class=\"yoast-schema-graph\">{\"@context\":\"https:\/\/schema.org\",\"@graph\":[{\"@type\":\"Article\",\"@id\":\"https:\/\/esbozodeportivo.com\/index.php\/2025\/11\/23\/anuncian-torneo-flag-en-toluca\/#article\",\"isPartOf\":{\"@id\":\"https:\/\/esbozodeportivo.com\/index.php\/2025\/11\/23\/anuncian-torneo-flag-en-toluca\/\"},\"author\":{\"name\":\"Redacci\u00f3n\",\"@id\":\"https:\/\/esbozodeportivo.com\/#\/schema\/person\/0f6df9196dfe6740dd0bb31bae50d374\"},\"headline\":\"Anuncian Torneo Flag en Toluca\",\"datePublished\":\"2025-11-24T04:55:58+00:00\",\"dateModified\":\"2025-11-24T04:55:59+00:00\",\"mainEntityOfPage\":{\"@id\":\"https:\/\/esbozodeportivo.com\/index.php\/2025\/11\/23\/anuncian-torneo-flag-en-toluca\/\"},\"wordCount\":310,\"publisher\":{\"@id\":\"https:\/\/esbozodeportivo.com\/#organization\"},\"image\":{\"@id\":\"https:\/\/esbozodeportivo.com\/index.php\/2025\/11\/23\/anuncian-torneo-flag-en-toluca\/#primaryimage\"},\"thumbnailUrl\":\"https:\/\/esbozodeportivo.com\/wp-content\/uploads\/2025\/11\/Salon2.jpg\",\"articleSection\":[\"Futbol Americano\"],\"inLanguage\":\"es\"},{\"@type\":\"WebPage\",\"@id\":\"https:\/\/esbozodeportivo.com\/index.php\/2025\/11\/23\/anuncian-torneo-flag-en-toluca\/\",\"url\":\"https:\/\/esbozodeportivo.com\/index.php\/2025\/11\/23\/anuncian-torneo-flag-en-toluca\/\",\"name\":\"Anuncian Torneo Flag en Toluca - Esbozo Deportivo\",\"isPartOf\":{\"@id\":\"https:\/\/esbozodeportivo.com\/#website\"},\"primaryImageOfPage\":{\"@id\":\"https:\/\/esbozodeportivo.com\/index.php\/2025\/11\/23\/anuncian-torneo-flag-en-toluca\/#primaryimage\"},\"image\":{\"@id\":\"https:\/\/esbozodeportivo.com\/index.php\/2025\/11\/23\/anuncian-torneo-flag-en-toluca\/#primaryimage\"},\"thumbnailUrl\":\"https:\/\/esbozodeportivo.com\/wp-content\/uploads\/2025\/11\/Salon2.jpg\",\"datePublished\":\"2025-11-24T04:55:58+00:00\",\"dateModified\":\"2025-11-24T04:55:59+00:00\",\"description\":\"Rafael Arellanes, uno de los invitados especiales al homenaje de Pieles Rojas AC en el Sal\u00f3n de la Fama M\u00e9xico, dio a conocer que se trabaja para realizar un torneo de football flag, en febrero, en la rama femenil en las instalaciones del club B\u00fafalos de Toluca.\",\"breadcrumb\":{\"@id\":\"https:\/\/esbozodeportivo.com\/index.php\/2025\/11\/23\/anuncian-torneo-flag-en-toluca\/#breadcrumb\"},\"inLanguage\":\"es\",\"potentialAction\":[{\"@type\":\"ReadAction\",\"target\":[\"https:\/\/esbozodeportivo.com\/index.php\/2025\/11\/23\/anuncian-torneo-flag-en-toluca\/\"]}]},{\"@type\":\"ImageObject\",\"inLanguage\":\"es\",\"@id\":\"https:\/\/esbozodeportivo.com\/index.php\/2025\/11\/23\/anuncian-torneo-flag-en-toluca\/#primaryimage\",\"url\":\"https:\/\/esbozodeportivo.com\/wp-content\/uploads\/2025\/11\/Salon2.jpg\",\"contentUrl\":\"https:\/\/esbozodeportivo.com\/wp-content\/uploads\/2025\/11\/Salon2.jpg\",\"width\":729,\"height\":923},{\"@type\":\"BreadcrumbList\",\"@id\":\"https:\/\/esbozodeportivo.com\/index.php\/2025\/11\/23\/anuncian-torneo-flag-en-toluca\/#breadcrumb\",\"itemListElement\":[{\"@type\":\"ListItem\",\"position\":1,\"name\":\"Inicio\",\"item\":\"https:\/\/esbozodeportivo.com\/\"},{\"@type\":\"ListItem\",\"position\":2,\"name\":\"Anuncian Torneo Flag en Toluca\"}]},{\"@type\":\"WebSite\",\"@id\":\"https:\/\/esbozodeportivo.com\/#website\",\"url\":\"https:\/\/esbozodeportivo.com\/\",\"name\":\"Esbozo Deportivo\",\"description\":\"Lo m\u00e1s importante del Deporte\",\"publisher\":{\"@id\":\"https:\/\/esbozodeportivo.com\/#organization\"},\"potentialAction\":[{\"@type\":\"SearchAction\",\"target\":{\"@type\":\"EntryPoint\",\"urlTemplate\":\"https:\/\/esbozodeportivo.com\/?s={search_term_string}\"},\"query-input\":{\"@type\":\"PropertyValueSpecification\",\"valueRequired\":true,\"valueName\":\"search_term_string\"}}],\"inLanguage\":\"es\"},{\"@type\":\"Organization\",\"@id\":\"https:\/\/esbozodeportivo.com\/#organization\",\"name\":\"Esbozo Deportivo\",\"url\":\"https:\/\/esbozodeportivo.com\/\",\"logo\":{\"@type\":\"ImageObject\",\"inLanguage\":\"es\",\"@id\":\"https:\/\/esbozodeportivo.com\/#\/schema\/logo\/image\/\",\"url\":\"https:\/\/esbozodeportivo.com\/wp-content\/uploads\/2022\/08\/cropped-Logo-Esbozo-Web-2.png\",\"contentUrl\":\"https:\/\/esbozodeportivo.com\/wp-content\/uploads\/2022\/08\/cropped-Logo-Esbozo-Web-2.png\",\"width\":180,\"height\":50,\"caption\":\"Esbozo Deportivo\"},\"image\":{\"@id\":\"https:\/\/esbozodeportivo.com\/#\/schema\/logo\/image\/\"}},{\"@type\":\"Person\",\"@id\":\"https:\/\/esbozodeportivo.com\/#\/schema\/person\/0f6df9196dfe6740dd0bb31bae50d374\",\"name\":\"Redacci\u00f3n\",\"image\":{\"@type\":\"ImageObject\",\"inLanguage\":\"es\",\"@id\":\"https:\/\/esbozodeportivo.com\/#\/schema\/person\/image\/\",\"url\":\"https:\/\/secure.gravatar.com\/avatar\/f55268a89c3b418f2ef172ff52ab0d09b3e653c58de29539fe329fb93d78ebf3?s=96&d=mm&r=g\",\"contentUrl\":\"https:\/\/secure.gravatar.com\/avatar\/f55268a89c3b418f2ef172ff52ab0d09b3e653c58de29539fe329fb93d78ebf3?s=96&d=mm&r=g\",\"caption\":\"Redacci\u00f3n\"},\"url\":\"https:\/\/esbozodeportivo.com\/index.php\/author\/redaccion\/\"}]}<\/script>\n<!-- \/ Yoast SEO plugin. -->","yoast_head_json":{"title":"Anuncian Torneo Flag en Toluca - Esbozo Deportivo","description":"Rafael Arellanes, uno de los invitados especiales al homenaje de Pieles Rojas AC en el Sal\u00f3n de la Fama M\u00e9xico, dio a conocer que se trabaja para realizar un torneo de football flag, en febrero, en la rama femenil en las instalaciones del club B\u00fafalos de Toluca.","robots":{"index":"index","follow":"follow","max-snippet":"max-snippet:-1","max-image-preview":"max-image-preview:large","max-video-preview":"max-video-preview:-1"},"canonical":"https:\/\/esbozodeportivo.com\/index.php\/2025\/11\/23\/anuncian-torneo-flag-en-toluca\/","og_locale":"es_MX","og_type":"article","og_title":"Anuncian Torneo Flag en Toluca - Esbozo Deportivo","og_description":"Rafael Arellanes, uno de los invitados especiales al homenaje de Pieles Rojas AC en el Sal\u00f3n de la Fama M\u00e9xico, dio a conocer que se trabaja para realizar un torneo de football flag, en febrero, en la rama femenil en las instalaciones del club B\u00fafalos de Toluca.","og_url":"https:\/\/esbozodeportivo.com\/index.php\/2025\/11\/23\/anuncian-torneo-flag-en-toluca\/","og_site_name":"Esbozo Deportivo","article_published_time":"2025-11-24T04:55:58+00:00","article_modified_time":"2025-11-24T04:55:59+00:00","og_image":[{"width":729,"height":923,"url":"https:\/\/esbozodeportivo.com\/wp-content\/uploads\/2025\/11\/Salon2.jpg","type":"image\/jpeg"}],"author":"Redacci\u00f3n","twitter_card":"summary_large_image","twitter_misc":{"Escrito por":"Redacci\u00f3n","Tiempo de lectura":"2 minutos"},"schema":{"@context":"https:\/\/schema.org","@graph":[{"@type":"Article","@id":"https:\/\/esbozodeportivo.com\/index.php\/2025\/11\/23\/anuncian-torneo-flag-en-toluca\/#article","isPartOf":{"@id":"https:\/\/esbozodeportivo.com\/index.php\/2025\/11\/23\/anuncian-torneo-flag-en-toluca\/"},"author":{"name":"Redacci\u00f3n","@id":"https:\/\/esbozodeportivo.com\/#\/schema\/person\/0f6df9196dfe6740dd0bb31bae50d374"},"headline":"Anuncian Torneo Flag en Toluca","datePublished":"2025-11-24T04:55:58+00:00","dateModified":"2025-11-24T04:55:59+00:00","mainEntityOfPage":{"@id":"https:\/\/esbozodeportivo.com\/index.php\/2025\/11\/23\/anuncian-torneo-flag-en-toluca\/"},"wordCount":310,"publisher":{"@id":"https:\/\/esbozodeportivo.com\/#organization"},"image":{"@id":"https:\/\/esbozodeportivo.com\/index.php\/2025\/11\/23\/anuncian-torneo-flag-en-toluca\/#primaryimage"},"thumbnailUrl":"https:\/\/esbozodeportivo.com\/wp-content\/uploads\/2025\/11\/Salon2.jpg","articleSection":["Futbol Americano"],"inLanguage":"es"},{"@type":"WebPage","@id":"https:\/\/esbozodeportivo.com\/index.php\/2025\/11\/23\/anuncian-torneo-flag-en-toluca\/","url":"https:\/\/esbozodeportivo.com\/index.php\/2025\/11\/23\/anuncian-torneo-flag-en-toluca\/","name":"Anuncian Torneo Flag en Toluca - Esbozo Deportivo","isPartOf":{"@id":"https:\/\/esbozodeportivo.com\/#website"},"primaryImageOfPage":{"@id":"https:\/\/esbozodeportivo.com\/index.php\/2025\/11\/23\/anuncian-torneo-flag-en-toluca\/#primaryimage"},"image":{"@id":"https:\/\/esbozodeportivo.com\/index.php\/2025\/11\/23\/anuncian-torneo-flag-en-toluca\/#primaryimage"},"thumbnailUrl":"https:\/\/esbozodeportivo.com\/wp-content\/uploads\/2025\/11\/Salon2.jpg","datePublished":"2025-11-24T04:55:58+00:00","dateModified":"2025-11-24T04:55:59+00:00","description":"Rafael Arellanes, uno de los invitados especiales al homenaje de Pieles Rojas AC en el Sal\u00f3n de la Fama M\u00e9xico, dio a conocer que se trabaja para realizar un torneo de football flag, en febrero, en la rama femenil en las instalaciones del club B\u00fafalos de Toluca.","breadcrumb":{"@id":"https:\/\/esbozodeportivo.com\/index.php\/2025\/11\/23\/anuncian-torneo-flag-en-toluca\/#breadcrumb"},"inLanguage":"es","potentialAction":[{"@type":"ReadAction","target":["https:\/\/esbozodeportivo.com\/index.php\/2025\/11\/23\/anuncian-torneo-flag-en-toluca\/"]}]},{"@type":"ImageObject","inLanguage":"es","@id":"https:\/\/esbozodeportivo.com\/index.php\/2025\/11\/23\/anuncian-torneo-flag-en-toluca\/#primaryimage","url":"https:\/\/esbozodeportivo.com\/wp-content\/uploads\/2025\/11\/Salon2.jpg","contentUrl":"https:\/\/esbozodeportivo.com\/wp-content\/uploads\/2025\/11\/Salon2.jpg","width":729,"height":923},{"@type":"BreadcrumbList","@id":"https:\/\/esbozodeportivo.com\/index.php\/2025\/11\/23\/anuncian-torneo-flag-en-toluca\/#breadcrumb","itemListElement":[{"@type":"ListItem","position":1,"name":"Inicio","item":"https:\/\/esbozodeportivo.com\/"},{"@type":"ListItem","position":2,"name":"Anuncian Torneo Flag en Toluca"}]},{"@type":"WebSite","@id":"https:\/\/esbozodeportivo.com\/#website","url":"https:\/\/esbozodeportivo.com\/","name":"Esbozo Deportivo","description":"Lo m\u00e1s importante del Deporte","publisher":{"@id":"https:\/\/esbozodeportivo.com\/#organization"},"potentialAction":[{"@type":"SearchAction","target":{"@type":"EntryPoint","urlTemplate":"https:\/\/esbozodeportivo.com\/?s={search_term_string}"},"query-input":{"@type":"PropertyValueSpecification","valueRequired":true,"valueName":"search_term_string"}}],"inLanguage":"es"},{"@type":"Organization","@id":"https:\/\/esbozodeportivo.com\/#organization","name":"Esbozo Deportivo","url":"https:\/\/esbozodeportivo.com\/","logo":{"@type":"ImageObject","inLanguage":"es","@id":"https:\/\/esbozodeportivo.com\/#\/schema\/logo\/image\/","url":"https:\/\/esbozodeportivo.com\/wp-content\/uploads\/2022\/08\/cropped-Logo-Esbozo-Web-2.png","contentUrl":"https:\/\/esbozodeportivo.com\/wp-content\/uploads\/2022\/08\/cropped-Logo-Esbozo-Web-2.png","width":180,"height":50,"caption":"Esbozo Deportivo"},"image":{"@id":"https:\/\/esbozodeportivo.com\/#\/schema\/logo\/image\/"}},{"@type":"Person","@id":"https:\/\/esbozodeportivo.com\/#\/schema\/person\/0f6df9196dfe6740dd0bb31bae50d374","name":"Redacci\u00f3n","image":{"@type":"ImageObject","inLanguage":"es","@id":"https:\/\/esbozodeportivo.com\/#\/schema\/person\/image\/","url":"https:\/\/secure.gravatar.com\/avatar\/f55268a89c3b418f2ef172ff52ab0d09b3e653c58de29539fe329fb93d78ebf3?s=96&d=mm&r=g","contentUrl":"https:\/\/secure.gravatar.com\/avatar\/f55268a89c3b418f2ef172ff52ab0d09b3e653c58de29539fe329fb93d78ebf3?s=96&d=mm&r=g","caption":"Redacci\u00f3n"},"url":"https:\/\/esbozodeportivo.com\/index.php\/author\/redaccion\/"}]}},"jetpack_featured_media_url":"https:\/\/esbozodeportivo.com\/wp-content\/uploads\/2025\/11\/Salon2.jpg","jetpack_sharing_enabled":true,"_links":{"self":[{"href":"https:\/\/esbozodeportivo.com\/index.php\/wp-json\/wp\/v2\/posts\/11414","targetHints":{"allow":["GET"]}}],"collection":[{"href":"https:\/\/esbozodeportivo.com\/index.php\/wp-json\/wp\/v2\/posts"}],"about":[{"href":"https:\/\/esbozodeportivo.com\/index.php\/wp-json\/wp\/v2\/types\/post"}],"author":[{"embeddable":true,"href":"https:\/\/esbozodeportivo.com\/index.php\/wp-json\/wp\/v2\/users\/4"}],"replies":[{"embeddable":true,"href":"https:\/\/esbozodeportivo.com\/index.php\/wp-json\/wp\/v2\/comments?post=11414"}],"version-history":[{"count":1,"href":"https:\/\/esbozodeportivo.com\/index.php\/wp-json\/wp\/v2\/posts\/11414\/revisions"}],"predecessor-version":[{"id":11419,"href":"https:\/\/esbozodeportivo.com\/index.php\/wp-json\/wp\/v2\/posts\/11414\/revisions\/11419"}],"wp:featuredmedia":[{"embeddable":true,"href":"https:\/\/esbozodeportivo.com\/index.php\/wp-json\/wp\/v2\/media\/11417"}],"wp:attachment":[{"href":"https:\/\/esbozodeportivo.com\/index.php\/wp-json\/wp\/v2\/media?parent=11414"}],"wp:term":[{"taxonomy":"category","embeddable":true,"href":"https:\/\/esbozodeportivo.com\/index.php\/wp-json\/wp\/v2\/categories?post=11414"},{"taxonomy":"post_tag","embeddable":true,"href":"https:\/\/esbozodeportivo.com\/index.php\/wp-json\/wp\/v2\/tags?post=11414"}],"curies":[{"name":"wp","href":"https:\/\/api.w.org\/{rel}","templated":true}]}}