{"id":11470,"date":"2025-11-24T20:20:20","date_gmt":"2025-11-25T02:20:20","guid":{"rendered":"https:\/\/esbozodeportivo.com\/?p=11470"},"modified":"2025-11-24T20:20:21","modified_gmt":"2025-11-25T02:20:21","slug":"gigantes-despiden-a-shane-bowen","status":"publish","type":"post","link":"https:\/\/esbozodeportivo.com\/index.php\/2025\/11\/24\/gigantes-despiden-a-shane-bowen\/","title":{"rendered":"Gigantes despiden a Shane Bowen"},"content":{"rendered":"\n<p>(Foto: Agencias) <\/p>\n\n\n\n<p>Los Gigantes de Nueva York han despedido al coordinador defensivo Shane Bowen, seg\u00fan una persona con conocimiento de la decisi\u00f3n.<\/p>\n\n\n\n<p>El entrenador de linebackers exteriores, Charlie Bullen, fue nombrado como reemplazo interino, seg\u00fan otra persona con conocimiento del movimiento. Las personas hablaron con The Associated Press bajo condici\u00f3n de anonimato el lunes porque los movimientos no hab\u00edan sido anunciados.<\/p>\n\n\n\n<p>Los cambios realizados por el entrenador interino Mike Kafka se produjeron despu\u00e9s de que el equipo perdiera su sexto juego consecutivo, cayendo a 2-10 esta temporada. Fue otra ventaja desperdiciada en el \u00faltimo cuarto en una temporada llena de ellas, con Detroit acumulando 494 yardas y ganando 34-27 en tiempo extra.<\/p>\n\n\n\n<p>Los Giants han permitido casi 28 puntos por juego, tienen la peor defensa contra la carrera en la NFL y ocupan el puesto 30 de 32 equipos en general. Jahmyr Gibbs de los Lions corri\u00f3 para 219 yardas y dos touchdowns el domingo.<\/p>\n\n\n\n<p>Kafka inicialmente dijo, tras asumir el cargo del despedido entrenador Brian Daboll, que no har\u00eda cambios inmediatos en su personal m\u00e1s all\u00e1 de promover al entrenador de alas cerradas Tim Kelly para sucederlo como coordinador ofensivo. Tambi\u00e9n se abstuvo de hacer movimientos despu\u00e9s de su debut, diciendo que \u00e9l y sus asistentes estaban emocionados de enfrentar la semana.<\/p>\n\n\n\n<p>Perder un quinto juego esta temporada cuando lideraban por dos d\u00edgitos fue suficiente para costarle el trabajo a Bowen justo despu\u00e9s del punto medio de su segunda temporada en el cargo. Eso tambi\u00e9n sucedi\u00f3 en Dallas el 14 de septiembre, en Nueva Orleans el cinco de octubre, en Denver el 19 de octubre y en Chicago el nueve de noviembre, siendo este \u00faltimo el colmo para la propiedad con Daboll.<\/p>\n\n\n\n<p><\/p>\n","protected":false},"excerpt":{"rendered":"<p>(Foto: Agencias) Los Gigantes de Nueva York han despedido al coordinador defensivo Shane Bowen, seg\u00fan<\/p>\n","protected":false},"author":4,"featured_media":11461,"comment_status":"closed","ping_status":"open","sticky":false,"template":"","format":"standard","meta":{"_jetpack_memberships_contains_paid_content":false,"footnotes":""},"categories":[6],"tags":[],"class_list":["post-11470","post","type-post","status-publish","format-standard","has-post-thumbnail","hentry","category-nfl"],"yoast_head":"<!-- This site is optimized with the Yoast SEO plugin v25.7 - https:\/\/yoast.com\/wordpress\/plugins\/seo\/ -->\n<title>Gigantes despiden a Shane Bowen - Esbozo Deportivo<\/title>\n<meta name=\"description\" content=\"Los Gigantes de Nueva York han despedido al coordinador defensivo Shane Bowen, seg\u00fan una persona con conocimiento de la decisi\u00f3n.\" \/>\n<meta name=\"robots\" content=\"index, follow, max-snippet:-1, max-image-preview:large, max-video-preview:-1\" \/>\n<link rel=\"canonical\" href=\"https:\/\/esbozodeportivo.com\/index.php\/2025\/11\/24\/gigantes-despiden-a-shane-bowen\/\" \/>\n<meta property=\"og:locale\" content=\"es_MX\" \/>\n<meta property=\"og:type\" content=\"article\" \/>\n<meta property=\"og:title\" content=\"Gigantes despiden a Shane Bowen - Esbozo Deportivo\" \/>\n<meta property=\"og:description\" content=\"Los Gigantes de Nueva York han despedido al coordinador defensivo Shane Bowen, seg\u00fan una persona con conocimiento de la decisi\u00f3n.\" \/>\n<meta property=\"og:url\" content=\"https:\/\/esbozodeportivo.com\/index.php\/2025\/11\/24\/gigantes-despiden-a-shane-bowen\/\" \/>\n<meta property=\"og:site_name\" content=\"Esbozo Deportivo\" \/>\n<meta property=\"article:published_time\" content=\"2025-11-25T02:20:20+00:00\" \/>\n<meta property=\"article:modified_time\" content=\"2025-11-25T02:20:21+00:00\" \/>\n<meta property=\"og:image\" content=\"https:\/\/esbozodeportivo.com\/wp-content\/uploads\/2025\/11\/Coachs.jpg\" \/>\n\t<meta property=\"og:image:width\" content=\"980\" \/>\n\t<meta property=\"og:image:height\" content=\"653\" \/>\n\t<meta property=\"og:image:type\" content=\"image\/jpeg\" \/>\n<meta name=\"author\" content=\"Redacci\u00f3n\" \/>\n<meta name=\"twitter:card\" content=\"summary_large_image\" \/>\n<meta name=\"twitter:label1\" content=\"Escrito por\" \/>\n\t<meta name=\"twitter:data1\" content=\"Redacci\u00f3n\" \/>\n\t<meta name=\"twitter:label2\" content=\"Tiempo de lectura\" \/>\n\t<meta name=\"twitter:data2\" content=\"2 minutos\" \/>\n<script type=\"application\/ld+json\" class=\"yoast-schema-graph\">{\"@context\":\"https:\/\/schema.org\",\"@graph\":[{\"@type\":\"Article\",\"@id\":\"https:\/\/esbozodeportivo.com\/index.php\/2025\/11\/24\/gigantes-despiden-a-shane-bowen\/#article\",\"isPartOf\":{\"@id\":\"https:\/\/esbozodeportivo.com\/index.php\/2025\/11\/24\/gigantes-despiden-a-shane-bowen\/\"},\"author\":{\"name\":\"Redacci\u00f3n\",\"@id\":\"https:\/\/esbozodeportivo.com\/#\/schema\/person\/0f6df9196dfe6740dd0bb31bae50d374\"},\"headline\":\"Gigantes despiden a Shane Bowen\",\"datePublished\":\"2025-11-25T02:20:20+00:00\",\"dateModified\":\"2025-11-25T02:20:21+00:00\",\"mainEntityOfPage\":{\"@id\":\"https:\/\/esbozodeportivo.com\/index.php\/2025\/11\/24\/gigantes-despiden-a-shane-bowen\/\"},\"wordCount\":294,\"publisher\":{\"@id\":\"https:\/\/esbozodeportivo.com\/#organization\"},\"image\":{\"@id\":\"https:\/\/esbozodeportivo.com\/index.php\/2025\/11\/24\/gigantes-despiden-a-shane-bowen\/#primaryimage\"},\"thumbnailUrl\":\"https:\/\/esbozodeportivo.com\/wp-content\/uploads\/2025\/11\/Coachs.jpg\",\"articleSection\":[\"NFL\"],\"inLanguage\":\"es\"},{\"@type\":\"WebPage\",\"@id\":\"https:\/\/esbozodeportivo.com\/index.php\/2025\/11\/24\/gigantes-despiden-a-shane-bowen\/\",\"url\":\"https:\/\/esbozodeportivo.com\/index.php\/2025\/11\/24\/gigantes-despiden-a-shane-bowen\/\",\"name\":\"Gigantes despiden a Shane Bowen - Esbozo Deportivo\",\"isPartOf\":{\"@id\":\"https:\/\/esbozodeportivo.com\/#website\"},\"primaryImageOfPage\":{\"@id\":\"https:\/\/esbozodeportivo.com\/index.php\/2025\/11\/24\/gigantes-despiden-a-shane-bowen\/#primaryimage\"},\"image\":{\"@id\":\"https:\/\/esbozodeportivo.com\/index.php\/2025\/11\/24\/gigantes-despiden-a-shane-bowen\/#primaryimage\"},\"thumbnailUrl\":\"https:\/\/esbozodeportivo.com\/wp-content\/uploads\/2025\/11\/Coachs.jpg\",\"datePublished\":\"2025-11-25T02:20:20+00:00\",\"dateModified\":\"2025-11-25T02:20:21+00:00\",\"description\":\"Los Gigantes de Nueva York han despedido al coordinador defensivo Shane Bowen, seg\u00fan una persona con conocimiento de la decisi\u00f3n.\",\"breadcrumb\":{\"@id\":\"https:\/\/esbozodeportivo.com\/index.php\/2025\/11\/24\/gigantes-despiden-a-shane-bowen\/#breadcrumb\"},\"inLanguage\":\"es\",\"potentialAction\":[{\"@type\":\"ReadAction\",\"target\":[\"https:\/\/esbozodeportivo.com\/index.php\/2025\/11\/24\/gigantes-despiden-a-shane-bowen\/\"]}]},{\"@type\":\"ImageObject\",\"inLanguage\":\"es\",\"@id\":\"https:\/\/esbozodeportivo.com\/index.php\/2025\/11\/24\/gigantes-despiden-a-shane-bowen\/#primaryimage\",\"url\":\"https:\/\/esbozodeportivo.com\/wp-content\/uploads\/2025\/11\/Coachs.jpg\",\"contentUrl\":\"https:\/\/esbozodeportivo.com\/wp-content\/uploads\/2025\/11\/Coachs.jpg\",\"width\":980,\"height\":653},{\"@type\":\"BreadcrumbList\",\"@id\":\"https:\/\/esbozodeportivo.com\/index.php\/2025\/11\/24\/gigantes-despiden-a-shane-bowen\/#breadcrumb\",\"itemListElement\":[{\"@type\":\"ListItem\",\"position\":1,\"name\":\"Inicio\",\"item\":\"https:\/\/esbozodeportivo.com\/\"},{\"@type\":\"ListItem\",\"position\":2,\"name\":\"Gigantes despiden a Shane Bowen\"}]},{\"@type\":\"WebSite\",\"@id\":\"https:\/\/esbozodeportivo.com\/#website\",\"url\":\"https:\/\/esbozodeportivo.com\/\",\"name\":\"Esbozo Deportivo\",\"description\":\"Lo m\u00e1s importante del Deporte\",\"publisher\":{\"@id\":\"https:\/\/esbozodeportivo.com\/#organization\"},\"potentialAction\":[{\"@type\":\"SearchAction\",\"target\":{\"@type\":\"EntryPoint\",\"urlTemplate\":\"https:\/\/esbozodeportivo.com\/?s={search_term_string}\"},\"query-input\":{\"@type\":\"PropertyValueSpecification\",\"valueRequired\":true,\"valueName\":\"search_term_string\"}}],\"inLanguage\":\"es\"},{\"@type\":\"Organization\",\"@id\":\"https:\/\/esbozodeportivo.com\/#organization\",\"name\":\"Esbozo Deportivo\",\"url\":\"https:\/\/esbozodeportivo.com\/\",\"logo\":{\"@type\":\"ImageObject\",\"inLanguage\":\"es\",\"@id\":\"https:\/\/esbozodeportivo.com\/#\/schema\/logo\/image\/\",\"url\":\"https:\/\/esbozodeportivo.com\/wp-content\/uploads\/2022\/08\/cropped-Logo-Esbozo-Web-2.png\",\"contentUrl\":\"https:\/\/esbozodeportivo.com\/wp-content\/uploads\/2022\/08\/cropped-Logo-Esbozo-Web-2.png\",\"width\":180,\"height\":50,\"caption\":\"Esbozo Deportivo\"},\"image\":{\"@id\":\"https:\/\/esbozodeportivo.com\/#\/schema\/logo\/image\/\"}},{\"@type\":\"Person\",\"@id\":\"https:\/\/esbozodeportivo.com\/#\/schema\/person\/0f6df9196dfe6740dd0bb31bae50d374\",\"name\":\"Redacci\u00f3n\",\"image\":{\"@type\":\"ImageObject\",\"inLanguage\":\"es\",\"@id\":\"https:\/\/esbozodeportivo.com\/#\/schema\/person\/image\/\",\"url\":\"https:\/\/secure.gravatar.com\/avatar\/f55268a89c3b418f2ef172ff52ab0d09b3e653c58de29539fe329fb93d78ebf3?s=96&d=mm&r=g\",\"contentUrl\":\"https:\/\/secure.gravatar.com\/avatar\/f55268a89c3b418f2ef172ff52ab0d09b3e653c58de29539fe329fb93d78ebf3?s=96&d=mm&r=g\",\"caption\":\"Redacci\u00f3n\"},\"url\":\"https:\/\/esbozodeportivo.com\/index.php\/author\/redaccion\/\"}]}<\/script>\n<!-- \/ Yoast SEO plugin. -->","yoast_head_json":{"title":"Gigantes despiden a Shane Bowen - Esbozo Deportivo","description":"Los Gigantes de Nueva York han despedido al coordinador defensivo Shane Bowen, seg\u00fan una persona con conocimiento de la decisi\u00f3n.","robots":{"index":"index","follow":"follow","max-snippet":"max-snippet:-1","max-image-preview":"max-image-preview:large","max-video-preview":"max-video-preview:-1"},"canonical":"https:\/\/esbozodeportivo.com\/index.php\/2025\/11\/24\/gigantes-despiden-a-shane-bowen\/","og_locale":"es_MX","og_type":"article","og_title":"Gigantes despiden a Shane Bowen - Esbozo Deportivo","og_description":"Los Gigantes de Nueva York han despedido al coordinador defensivo Shane Bowen, seg\u00fan una persona con conocimiento de la decisi\u00f3n.","og_url":"https:\/\/esbozodeportivo.com\/index.php\/2025\/11\/24\/gigantes-despiden-a-shane-bowen\/","og_site_name":"Esbozo Deportivo","article_published_time":"2025-11-25T02:20:20+00:00","article_modified_time":"2025-11-25T02:20:21+00:00","og_image":[{"width":980,"height":653,"url":"https:\/\/esbozodeportivo.com\/wp-content\/uploads\/2025\/11\/Coachs.jpg","type":"image\/jpeg"}],"author":"Redacci\u00f3n","twitter_card":"summary_large_image","twitter_misc":{"Escrito por":"Redacci\u00f3n","Tiempo de lectura":"2 minutos"},"schema":{"@context":"https:\/\/schema.org","@graph":[{"@type":"Article","@id":"https:\/\/esbozodeportivo.com\/index.php\/2025\/11\/24\/gigantes-despiden-a-shane-bowen\/#article","isPartOf":{"@id":"https:\/\/esbozodeportivo.com\/index.php\/2025\/11\/24\/gigantes-despiden-a-shane-bowen\/"},"author":{"name":"Redacci\u00f3n","@id":"https:\/\/esbozodeportivo.com\/#\/schema\/person\/0f6df9196dfe6740dd0bb31bae50d374"},"headline":"Gigantes despiden a Shane Bowen","datePublished":"2025-11-25T02:20:20+00:00","dateModified":"2025-11-25T02:20:21+00:00","mainEntityOfPage":{"@id":"https:\/\/esbozodeportivo.com\/index.php\/2025\/11\/24\/gigantes-despiden-a-shane-bowen\/"},"wordCount":294,"publisher":{"@id":"https:\/\/esbozodeportivo.com\/#organization"},"image":{"@id":"https:\/\/esbozodeportivo.com\/index.php\/2025\/11\/24\/gigantes-despiden-a-shane-bowen\/#primaryimage"},"thumbnailUrl":"https:\/\/esbozodeportivo.com\/wp-content\/uploads\/2025\/11\/Coachs.jpg","articleSection":["NFL"],"inLanguage":"es"},{"@type":"WebPage","@id":"https:\/\/esbozodeportivo.com\/index.php\/2025\/11\/24\/gigantes-despiden-a-shane-bowen\/","url":"https:\/\/esbozodeportivo.com\/index.php\/2025\/11\/24\/gigantes-despiden-a-shane-bowen\/","name":"Gigantes despiden a Shane Bowen - Esbozo Deportivo","isPartOf":{"@id":"https:\/\/esbozodeportivo.com\/#website"},"primaryImageOfPage":{"@id":"https:\/\/esbozodeportivo.com\/index.php\/2025\/11\/24\/gigantes-despiden-a-shane-bowen\/#primaryimage"},"image":{"@id":"https:\/\/esbozodeportivo.com\/index.php\/2025\/11\/24\/gigantes-despiden-a-shane-bowen\/#primaryimage"},"thumbnailUrl":"https:\/\/esbozodeportivo.com\/wp-content\/uploads\/2025\/11\/Coachs.jpg","datePublished":"2025-11-25T02:20:20+00:00","dateModified":"2025-11-25T02:20:21+00:00","description":"Los Gigantes de Nueva York han despedido al coordinador defensivo Shane Bowen, seg\u00fan una persona con conocimiento de la decisi\u00f3n.","breadcrumb":{"@id":"https:\/\/esbozodeportivo.com\/index.php\/2025\/11\/24\/gigantes-despiden-a-shane-bowen\/#breadcrumb"},"inLanguage":"es","potentialAction":[{"@type":"ReadAction","target":["https:\/\/esbozodeportivo.com\/index.php\/2025\/11\/24\/gigantes-despiden-a-shane-bowen\/"]}]},{"@type":"ImageObject","inLanguage":"es","@id":"https:\/\/esbozodeportivo.com\/index.php\/2025\/11\/24\/gigantes-despiden-a-shane-bowen\/#primaryimage","url":"https:\/\/esbozodeportivo.com\/wp-content\/uploads\/2025\/11\/Coachs.jpg","contentUrl":"https:\/\/esbozodeportivo.com\/wp-content\/uploads\/2025\/11\/Coachs.jpg","width":980,"height":653},{"@type":"BreadcrumbList","@id":"https:\/\/esbozodeportivo.com\/index.php\/2025\/11\/24\/gigantes-despiden-a-shane-bowen\/#breadcrumb","itemListElement":[{"@type":"ListItem","position":1,"name":"Inicio","item":"https:\/\/esbozodeportivo.com\/"},{"@type":"ListItem","position":2,"name":"Gigantes despiden a Shane Bowen"}]},{"@type":"WebSite","@id":"https:\/\/esbozodeportivo.com\/#website","url":"https:\/\/esbozodeportivo.com\/","name":"Esbozo Deportivo","description":"Lo m\u00e1s importante del Deporte","publisher":{"@id":"https:\/\/esbozodeportivo.com\/#organization"},"potentialAction":[{"@type":"SearchAction","target":{"@type":"EntryPoint","urlTemplate":"https:\/\/esbozodeportivo.com\/?s={search_term_string}"},"query-input":{"@type":"PropertyValueSpecification","valueRequired":true,"valueName":"search_term_string"}}],"inLanguage":"es"},{"@type":"Organization","@id":"https:\/\/esbozodeportivo.com\/#organization","name":"Esbozo Deportivo","url":"https:\/\/esbozodeportivo.com\/","logo":{"@type":"ImageObject","inLanguage":"es","@id":"https:\/\/esbozodeportivo.com\/#\/schema\/logo\/image\/","url":"https:\/\/esbozodeportivo.com\/wp-content\/uploads\/2022\/08\/cropped-Logo-Esbozo-Web-2.png","contentUrl":"https:\/\/esbozodeportivo.com\/wp-content\/uploads\/2022\/08\/cropped-Logo-Esbozo-Web-2.png","width":180,"height":50,"caption":"Esbozo Deportivo"},"image":{"@id":"https:\/\/esbozodeportivo.com\/#\/schema\/logo\/image\/"}},{"@type":"Person","@id":"https:\/\/esbozodeportivo.com\/#\/schema\/person\/0f6df9196dfe6740dd0bb31bae50d374","name":"Redacci\u00f3n","image":{"@type":"ImageObject","inLanguage":"es","@id":"https:\/\/esbozodeportivo.com\/#\/schema\/person\/image\/","url":"https:\/\/secure.gravatar.com\/avatar\/f55268a89c3b418f2ef172ff52ab0d09b3e653c58de29539fe329fb93d78ebf3?s=96&d=mm&r=g","contentUrl":"https:\/\/secure.gravatar.com\/avatar\/f55268a89c3b418f2ef172ff52ab0d09b3e653c58de29539fe329fb93d78ebf3?s=96&d=mm&r=g","caption":"Redacci\u00f3n"},"url":"https:\/\/esbozodeportivo.com\/index.php\/author\/redaccion\/"}]}},"jetpack_featured_media_url":"https:\/\/esbozodeportivo.com\/wp-content\/uploads\/2025\/11\/Coachs.jpg","jetpack_sharing_enabled":true,"_links":{"self":[{"href":"https:\/\/esbozodeportivo.com\/index.php\/wp-json\/wp\/v2\/posts\/11470","targetHints":{"allow":["GET"]}}],"collection":[{"href":"https:\/\/esbozodeportivo.com\/index.php\/wp-json\/wp\/v2\/posts"}],"about":[{"href":"https:\/\/esbozodeportivo.com\/index.php\/wp-json\/wp\/v2\/types\/post"}],"author":[{"embeddable":true,"href":"https:\/\/esbozodeportivo.com\/index.php\/wp-json\/wp\/v2\/users\/4"}],"replies":[{"embeddable":true,"href":"https:\/\/esbozodeportivo.com\/index.php\/wp-json\/wp\/v2\/comments?post=11470"}],"version-history":[{"count":1,"href":"https:\/\/esbozodeportivo.com\/index.php\/wp-json\/wp\/v2\/posts\/11470\/revisions"}],"predecessor-version":[{"id":11471,"href":"https:\/\/esbozodeportivo.com\/index.php\/wp-json\/wp\/v2\/posts\/11470\/revisions\/11471"}],"wp:featuredmedia":[{"embeddable":true,"href":"https:\/\/esbozodeportivo.com\/index.php\/wp-json\/wp\/v2\/media\/11461"}],"wp:attachment":[{"href":"https:\/\/esbozodeportivo.com\/index.php\/wp-json\/wp\/v2\/media?parent=11470"}],"wp:term":[{"taxonomy":"category","embeddable":true,"href":"https:\/\/esbozodeportivo.com\/index.php\/wp-json\/wp\/v2\/categories?post=11470"},{"taxonomy":"post_tag","embeddable":true,"href":"https:\/\/esbozodeportivo.com\/index.php\/wp-json\/wp\/v2\/tags?post=11470"}],"curies":[{"name":"wp","href":"https:\/\/api.w.org\/{rel}","templated":true}]}}