{"id":11543,"date":"2025-11-27T22:47:04","date_gmt":"2025-11-28T04:47:04","guid":{"rendered":"https:\/\/esbozodeportivo.com\/?p=11543"},"modified":"2025-11-27T22:47:05","modified_gmt":"2025-11-28T04:47:05","slug":"curry-estara-inactivo-una-semana","status":"publish","type":"post","link":"https:\/\/esbozodeportivo.com\/index.php\/2025\/11\/27\/curry-estara-inactivo-una-semana\/","title":{"rendered":"Curry estar\u00e1 inactivo una semana"},"content":{"rendered":"\n<p>(Foto: Agencias) <\/p>\n\n\n\n<p>La estrella de los Warriors, Stephen Curry, estar\u00e1 fuera de juego al menos una semana debido a una contusi\u00f3n en el cu\u00e1driceps derecho y un m\u00fasculo distendido tras lesionarse durante la derrota de Golden State el mi\u00e9rcoles 104-100 ante los Houston Rockets el mi\u00e9rcoles por la noche.<\/p>\n\n\n\n<p>Curry se someti\u00f3 a una resonancia magn\u00e9tica despu\u00e9s del partido y los Warriors dijeron el jueves que ser\u00eda reevaluado en una semana, lo que significa que probablemente se perder\u00e1 al menos tres partidos. El personal m\u00e9dico y los entrenadores de Golden State suelen utilizar una progresi\u00f3n de recuperaci\u00f3n en los entrenamientos antes de que un jugador lesionado regrese a la acci\u00f3n en el juego, por lo que podr\u00eda pasar m\u00e1s tiempo antes de que Curry est\u00e9 en la cancha.<\/p>\n\n\n\n<p>\u201cNadie quiere lesionarse, especialmente esa\u201d, expres\u00f3 su compa\u00f1ero de equipo Jimmy Butler \u201cObviamente, llegamos tan lejos como \u00e9l llega, pero queremos que est\u00e9 bien para tener la mejor oportunidad de ser grandes. Creo que podemos mantener el fuerte durante un par de d\u00edas\u201d.<\/p>\n\n\n\n<p>Curry, de 37 a\u00f1os y que est\u00e1 en su 17ma temporada en la NBA, y Amen Thompson de Houston cayeron con fuerza bajo la canasta con 3:24 minutos restantes y el juego empatado a 91 despu\u00e9s de la entrada de Thompson al aro, que inicialmente fue se\u00f1alada como falta ofensiva. Houston desafi\u00f3 y la decisi\u00f3n se cambi\u00f3 a un bloqueo por parte de Curry, quien hizo una mueca de dolor en el suelo. Coje\u00f3 hacia el vestuario con 35,2 segundos restantes.<\/p>\n\n\n\n<p>\u201cTodos tienen que hacer un poco m\u00e1s, nada demasiado dr\u00e1stico, todos juegan un poco mejor y colectivamente esperas que sea suficiente para ganar, coment\u00f3 Brandin Podziemski de los Warriors.<\/p>\n\n\n\n<p>El entrenador Steve Kerr dijo que pudo ver a Curry sufriendo despu\u00e9s de la jugada. El dos veces MVP termin\u00f3 con 14 puntos atinando 4 de 13 tiros \u2014dos de nueve en triples\u2014, siete rebotes, cinco asistencias y siete de las 16 p\u00e9rdidas de bal\u00f3n de los Warriors que llevaron a 22 puntos de Houston.<\/p>\n\n\n\n<p>\u201cObviamente cambia todo, nuestras rotaciones, c\u00f3mo estamos jugando, a trav\u00e9s de qui\u00e9n estamos jugando, as\u00ed que veremos\u201d, indic\u00f3 Kerr. \u201cCuando escuch\u00e9 que era el cu\u00e1driceps, en realidad me sent\u00ed un poco aliviado, mejor que un tobillo o una rodilla, as\u00ed que espero que pueda recuperarse r\u00e1pidamente y estar bien. Pero tenemos que mantener el fuerte\u201d.<\/p>\n\n\n\n<p>La profundidad de los Warriors podr\u00eda ser puesta a prueba dado que el guardia Gary Payton II se torci\u00f3 el tobillo izquierdo m\u00e1s temprano en el juego del mi\u00e9rcoles.<\/p>\n\n\n\n<p>Butler dijo que \u201ces simplemente triste\u201d c\u00f3mo los Warriors a veces no siguen su plan de juego y no hacen las peque\u00f1as cosas, y desafi\u00f3 a todos a \u201cpreocuparse m\u00e1s\u201d por los detalles, especialmente si est\u00e1n sin Curry.<\/p>\n\n\n\n<p>Butler afirm\u00f3 que no cambiar\u00e1 su enfoque.<\/p>\n\n\n\n<p>\u201cNo me importa la ofensiva, necesitamos defender a alguien\u201d, dijo. \u201cSomos buenos para anotar, pero no quiero que la ofensiva, si fallamos tiros, dicte no ir y defender en el lado defensivo del bal\u00f3n. Voy a jugar exactamente de la misma manera, pero simplemente tenemos que defender\u201d.<\/p>\n\n\n\n<p><\/p>\n","protected":false},"excerpt":{"rendered":"<p>(Foto: Agencias) La estrella de los Warriors, Stephen Curry, estar\u00e1 fuera de juego al menos<\/p>\n","protected":false},"author":4,"featured_media":11545,"comment_status":"closed","ping_status":"open","sticky":false,"template":"","format":"standard","meta":{"_jetpack_memberships_contains_paid_content":false,"footnotes":""},"categories":[21],"tags":[],"class_list":["post-11543","post","type-post","status-publish","format-standard","has-post-thumbnail","hentry","category-baloncesto"],"yoast_head":"<!-- This site is optimized with the Yoast SEO plugin v25.7 - https:\/\/yoast.com\/wordpress\/plugins\/seo\/ -->\n<title>Curry estar\u00e1 inactivo una semana - Esbozo Deportivo<\/title>\n<meta name=\"description\" content=\"La estrella de los Warriors, Stephen Curry, estar\u00e1 fuera de juego al menos una semana debido a una contusi\u00f3n en el cu\u00e1driceps derecho y un m\u00fasculo distendido tras lesionarse durante la derrota de Golden State el mi\u00e9rcoles 104-100 ante los Houston Rockets el mi\u00e9rcoles por la noche.\" \/>\n<meta name=\"robots\" content=\"index, follow, max-snippet:-1, max-image-preview:large, max-video-preview:-1\" \/>\n<link rel=\"canonical\" href=\"https:\/\/esbozodeportivo.com\/index.php\/2025\/11\/27\/curry-estara-inactivo-una-semana\/\" \/>\n<meta property=\"og:locale\" content=\"es_MX\" \/>\n<meta property=\"og:type\" content=\"article\" \/>\n<meta property=\"og:title\" content=\"Curry estar\u00e1 inactivo una semana - Esbozo Deportivo\" \/>\n<meta property=\"og:description\" content=\"La estrella de los Warriors, Stephen Curry, estar\u00e1 fuera de juego al menos una semana debido a una contusi\u00f3n en el cu\u00e1driceps derecho y un m\u00fasculo distendido tras lesionarse durante la derrota de Golden State el mi\u00e9rcoles 104-100 ante los Houston Rockets el mi\u00e9rcoles por la noche.\" \/>\n<meta property=\"og:url\" content=\"https:\/\/esbozodeportivo.com\/index.php\/2025\/11\/27\/curry-estara-inactivo-una-semana\/\" \/>\n<meta property=\"og:site_name\" content=\"Esbozo Deportivo\" \/>\n<meta property=\"article:published_time\" content=\"2025-11-28T04:47:04+00:00\" \/>\n<meta property=\"article:modified_time\" content=\"2025-11-28T04:47:05+00:00\" \/>\n<meta property=\"og:image\" content=\"https:\/\/esbozodeportivo.com\/wp-content\/uploads\/2025\/11\/NBA-6.jpg\" \/>\n\t<meta property=\"og:image:width\" content=\"980\" \/>\n\t<meta property=\"og:image:height\" content=\"653\" \/>\n\t<meta property=\"og:image:type\" content=\"image\/jpeg\" \/>\n<meta name=\"author\" content=\"Redacci\u00f3n\" \/>\n<meta name=\"twitter:card\" content=\"summary_large_image\" \/>\n<meta name=\"twitter:label1\" content=\"Escrito por\" \/>\n\t<meta name=\"twitter:data1\" content=\"Redacci\u00f3n\" \/>\n\t<meta name=\"twitter:label2\" content=\"Tiempo de lectura\" \/>\n\t<meta name=\"twitter:data2\" content=\"3 minutos\" \/>\n<script type=\"application\/ld+json\" class=\"yoast-schema-graph\">{\"@context\":\"https:\/\/schema.org\",\"@graph\":[{\"@type\":\"Article\",\"@id\":\"https:\/\/esbozodeportivo.com\/index.php\/2025\/11\/27\/curry-estara-inactivo-una-semana\/#article\",\"isPartOf\":{\"@id\":\"https:\/\/esbozodeportivo.com\/index.php\/2025\/11\/27\/curry-estara-inactivo-una-semana\/\"},\"author\":{\"name\":\"Redacci\u00f3n\",\"@id\":\"https:\/\/esbozodeportivo.com\/#\/schema\/person\/0f6df9196dfe6740dd0bb31bae50d374\"},\"headline\":\"Curry estar\u00e1 inactivo una semana\",\"datePublished\":\"2025-11-28T04:47:04+00:00\",\"dateModified\":\"2025-11-28T04:47:05+00:00\",\"mainEntityOfPage\":{\"@id\":\"https:\/\/esbozodeportivo.com\/index.php\/2025\/11\/27\/curry-estara-inactivo-una-semana\/\"},\"wordCount\":546,\"publisher\":{\"@id\":\"https:\/\/esbozodeportivo.com\/#organization\"},\"image\":{\"@id\":\"https:\/\/esbozodeportivo.com\/index.php\/2025\/11\/27\/curry-estara-inactivo-una-semana\/#primaryimage\"},\"thumbnailUrl\":\"https:\/\/esbozodeportivo.com\/wp-content\/uploads\/2025\/11\/NBA-6.jpg\",\"articleSection\":[\"NBA\"],\"inLanguage\":\"es\"},{\"@type\":\"WebPage\",\"@id\":\"https:\/\/esbozodeportivo.com\/index.php\/2025\/11\/27\/curry-estara-inactivo-una-semana\/\",\"url\":\"https:\/\/esbozodeportivo.com\/index.php\/2025\/11\/27\/curry-estara-inactivo-una-semana\/\",\"name\":\"Curry estar\u00e1 inactivo una semana - Esbozo Deportivo\",\"isPartOf\":{\"@id\":\"https:\/\/esbozodeportivo.com\/#website\"},\"primaryImageOfPage\":{\"@id\":\"https:\/\/esbozodeportivo.com\/index.php\/2025\/11\/27\/curry-estara-inactivo-una-semana\/#primaryimage\"},\"image\":{\"@id\":\"https:\/\/esbozodeportivo.com\/index.php\/2025\/11\/27\/curry-estara-inactivo-una-semana\/#primaryimage\"},\"thumbnailUrl\":\"https:\/\/esbozodeportivo.com\/wp-content\/uploads\/2025\/11\/NBA-6.jpg\",\"datePublished\":\"2025-11-28T04:47:04+00:00\",\"dateModified\":\"2025-11-28T04:47:05+00:00\",\"description\":\"La estrella de los Warriors, Stephen Curry, estar\u00e1 fuera de juego al menos una semana debido a una contusi\u00f3n en el cu\u00e1driceps derecho y un m\u00fasculo distendido tras lesionarse durante la derrota de Golden State el mi\u00e9rcoles 104-100 ante los Houston Rockets el mi\u00e9rcoles por la noche.\",\"breadcrumb\":{\"@id\":\"https:\/\/esbozodeportivo.com\/index.php\/2025\/11\/27\/curry-estara-inactivo-una-semana\/#breadcrumb\"},\"inLanguage\":\"es\",\"potentialAction\":[{\"@type\":\"ReadAction\",\"target\":[\"https:\/\/esbozodeportivo.com\/index.php\/2025\/11\/27\/curry-estara-inactivo-una-semana\/\"]}]},{\"@type\":\"ImageObject\",\"inLanguage\":\"es\",\"@id\":\"https:\/\/esbozodeportivo.com\/index.php\/2025\/11\/27\/curry-estara-inactivo-una-semana\/#primaryimage\",\"url\":\"https:\/\/esbozodeportivo.com\/wp-content\/uploads\/2025\/11\/NBA-6.jpg\",\"contentUrl\":\"https:\/\/esbozodeportivo.com\/wp-content\/uploads\/2025\/11\/NBA-6.jpg\",\"width\":980,\"height\":653},{\"@type\":\"BreadcrumbList\",\"@id\":\"https:\/\/esbozodeportivo.com\/index.php\/2025\/11\/27\/curry-estara-inactivo-una-semana\/#breadcrumb\",\"itemListElement\":[{\"@type\":\"ListItem\",\"position\":1,\"name\":\"Inicio\",\"item\":\"https:\/\/esbozodeportivo.com\/\"},{\"@type\":\"ListItem\",\"position\":2,\"name\":\"Curry estar\u00e1 inactivo una semana\"}]},{\"@type\":\"WebSite\",\"@id\":\"https:\/\/esbozodeportivo.com\/#website\",\"url\":\"https:\/\/esbozodeportivo.com\/\",\"name\":\"Esbozo Deportivo\",\"description\":\"Lo m\u00e1s importante del Deporte\",\"publisher\":{\"@id\":\"https:\/\/esbozodeportivo.com\/#organization\"},\"potentialAction\":[{\"@type\":\"SearchAction\",\"target\":{\"@type\":\"EntryPoint\",\"urlTemplate\":\"https:\/\/esbozodeportivo.com\/?s={search_term_string}\"},\"query-input\":{\"@type\":\"PropertyValueSpecification\",\"valueRequired\":true,\"valueName\":\"search_term_string\"}}],\"inLanguage\":\"es\"},{\"@type\":\"Organization\",\"@id\":\"https:\/\/esbozodeportivo.com\/#organization\",\"name\":\"Esbozo Deportivo\",\"url\":\"https:\/\/esbozodeportivo.com\/\",\"logo\":{\"@type\":\"ImageObject\",\"inLanguage\":\"es\",\"@id\":\"https:\/\/esbozodeportivo.com\/#\/schema\/logo\/image\/\",\"url\":\"https:\/\/esbozodeportivo.com\/wp-content\/uploads\/2022\/08\/cropped-Logo-Esbozo-Web-2.png\",\"contentUrl\":\"https:\/\/esbozodeportivo.com\/wp-content\/uploads\/2022\/08\/cropped-Logo-Esbozo-Web-2.png\",\"width\":180,\"height\":50,\"caption\":\"Esbozo Deportivo\"},\"image\":{\"@id\":\"https:\/\/esbozodeportivo.com\/#\/schema\/logo\/image\/\"}},{\"@type\":\"Person\",\"@id\":\"https:\/\/esbozodeportivo.com\/#\/schema\/person\/0f6df9196dfe6740dd0bb31bae50d374\",\"name\":\"Redacci\u00f3n\",\"image\":{\"@type\":\"ImageObject\",\"inLanguage\":\"es\",\"@id\":\"https:\/\/esbozodeportivo.com\/#\/schema\/person\/image\/\",\"url\":\"https:\/\/secure.gravatar.com\/avatar\/f55268a89c3b418f2ef172ff52ab0d09b3e653c58de29539fe329fb93d78ebf3?s=96&d=mm&r=g\",\"contentUrl\":\"https:\/\/secure.gravatar.com\/avatar\/f55268a89c3b418f2ef172ff52ab0d09b3e653c58de29539fe329fb93d78ebf3?s=96&d=mm&r=g\",\"caption\":\"Redacci\u00f3n\"},\"url\":\"https:\/\/esbozodeportivo.com\/index.php\/author\/redaccion\/\"}]}<\/script>\n<!-- \/ Yoast SEO plugin. -->","yoast_head_json":{"title":"Curry estar\u00e1 inactivo una semana - Esbozo Deportivo","description":"La estrella de los Warriors, Stephen Curry, estar\u00e1 fuera de juego al menos una semana debido a una contusi\u00f3n en el cu\u00e1driceps derecho y un m\u00fasculo distendido tras lesionarse durante la derrota de Golden State el mi\u00e9rcoles 104-100 ante los Houston Rockets el mi\u00e9rcoles por la noche.","robots":{"index":"index","follow":"follow","max-snippet":"max-snippet:-1","max-image-preview":"max-image-preview:large","max-video-preview":"max-video-preview:-1"},"canonical":"https:\/\/esbozodeportivo.com\/index.php\/2025\/11\/27\/curry-estara-inactivo-una-semana\/","og_locale":"es_MX","og_type":"article","og_title":"Curry estar\u00e1 inactivo una semana - Esbozo Deportivo","og_description":"La estrella de los Warriors, Stephen Curry, estar\u00e1 fuera de juego al menos una semana debido a una contusi\u00f3n en el cu\u00e1driceps derecho y un m\u00fasculo distendido tras lesionarse durante la derrota de Golden State el mi\u00e9rcoles 104-100 ante los Houston Rockets el mi\u00e9rcoles por la noche.","og_url":"https:\/\/esbozodeportivo.com\/index.php\/2025\/11\/27\/curry-estara-inactivo-una-semana\/","og_site_name":"Esbozo Deportivo","article_published_time":"2025-11-28T04:47:04+00:00","article_modified_time":"2025-11-28T04:47:05+00:00","og_image":[{"width":980,"height":653,"url":"https:\/\/esbozodeportivo.com\/wp-content\/uploads\/2025\/11\/NBA-6.jpg","type":"image\/jpeg"}],"author":"Redacci\u00f3n","twitter_card":"summary_large_image","twitter_misc":{"Escrito por":"Redacci\u00f3n","Tiempo de lectura":"3 minutos"},"schema":{"@context":"https:\/\/schema.org","@graph":[{"@type":"Article","@id":"https:\/\/esbozodeportivo.com\/index.php\/2025\/11\/27\/curry-estara-inactivo-una-semana\/#article","isPartOf":{"@id":"https:\/\/esbozodeportivo.com\/index.php\/2025\/11\/27\/curry-estara-inactivo-una-semana\/"},"author":{"name":"Redacci\u00f3n","@id":"https:\/\/esbozodeportivo.com\/#\/schema\/person\/0f6df9196dfe6740dd0bb31bae50d374"},"headline":"Curry estar\u00e1 inactivo una semana","datePublished":"2025-11-28T04:47:04+00:00","dateModified":"2025-11-28T04:47:05+00:00","mainEntityOfPage":{"@id":"https:\/\/esbozodeportivo.com\/index.php\/2025\/11\/27\/curry-estara-inactivo-una-semana\/"},"wordCount":546,"publisher":{"@id":"https:\/\/esbozodeportivo.com\/#organization"},"image":{"@id":"https:\/\/esbozodeportivo.com\/index.php\/2025\/11\/27\/curry-estara-inactivo-una-semana\/#primaryimage"},"thumbnailUrl":"https:\/\/esbozodeportivo.com\/wp-content\/uploads\/2025\/11\/NBA-6.jpg","articleSection":["NBA"],"inLanguage":"es"},{"@type":"WebPage","@id":"https:\/\/esbozodeportivo.com\/index.php\/2025\/11\/27\/curry-estara-inactivo-una-semana\/","url":"https:\/\/esbozodeportivo.com\/index.php\/2025\/11\/27\/curry-estara-inactivo-una-semana\/","name":"Curry estar\u00e1 inactivo una semana - Esbozo Deportivo","isPartOf":{"@id":"https:\/\/esbozodeportivo.com\/#website"},"primaryImageOfPage":{"@id":"https:\/\/esbozodeportivo.com\/index.php\/2025\/11\/27\/curry-estara-inactivo-una-semana\/#primaryimage"},"image":{"@id":"https:\/\/esbozodeportivo.com\/index.php\/2025\/11\/27\/curry-estara-inactivo-una-semana\/#primaryimage"},"thumbnailUrl":"https:\/\/esbozodeportivo.com\/wp-content\/uploads\/2025\/11\/NBA-6.jpg","datePublished":"2025-11-28T04:47:04+00:00","dateModified":"2025-11-28T04:47:05+00:00","description":"La estrella de los Warriors, Stephen Curry, estar\u00e1 fuera de juego al menos una semana debido a una contusi\u00f3n en el cu\u00e1driceps derecho y un m\u00fasculo distendido tras lesionarse durante la derrota de Golden State el mi\u00e9rcoles 104-100 ante los Houston Rockets el mi\u00e9rcoles por la noche.","breadcrumb":{"@id":"https:\/\/esbozodeportivo.com\/index.php\/2025\/11\/27\/curry-estara-inactivo-una-semana\/#breadcrumb"},"inLanguage":"es","potentialAction":[{"@type":"ReadAction","target":["https:\/\/esbozodeportivo.com\/index.php\/2025\/11\/27\/curry-estara-inactivo-una-semana\/"]}]},{"@type":"ImageObject","inLanguage":"es","@id":"https:\/\/esbozodeportivo.com\/index.php\/2025\/11\/27\/curry-estara-inactivo-una-semana\/#primaryimage","url":"https:\/\/esbozodeportivo.com\/wp-content\/uploads\/2025\/11\/NBA-6.jpg","contentUrl":"https:\/\/esbozodeportivo.com\/wp-content\/uploads\/2025\/11\/NBA-6.jpg","width":980,"height":653},{"@type":"BreadcrumbList","@id":"https:\/\/esbozodeportivo.com\/index.php\/2025\/11\/27\/curry-estara-inactivo-una-semana\/#breadcrumb","itemListElement":[{"@type":"ListItem","position":1,"name":"Inicio","item":"https:\/\/esbozodeportivo.com\/"},{"@type":"ListItem","position":2,"name":"Curry estar\u00e1 inactivo una semana"}]},{"@type":"WebSite","@id":"https:\/\/esbozodeportivo.com\/#website","url":"https:\/\/esbozodeportivo.com\/","name":"Esbozo Deportivo","description":"Lo m\u00e1s importante del Deporte","publisher":{"@id":"https:\/\/esbozodeportivo.com\/#organization"},"potentialAction":[{"@type":"SearchAction","target":{"@type":"EntryPoint","urlTemplate":"https:\/\/esbozodeportivo.com\/?s={search_term_string}"},"query-input":{"@type":"PropertyValueSpecification","valueRequired":true,"valueName":"search_term_string"}}],"inLanguage":"es"},{"@type":"Organization","@id":"https:\/\/esbozodeportivo.com\/#organization","name":"Esbozo Deportivo","url":"https:\/\/esbozodeportivo.com\/","logo":{"@type":"ImageObject","inLanguage":"es","@id":"https:\/\/esbozodeportivo.com\/#\/schema\/logo\/image\/","url":"https:\/\/esbozodeportivo.com\/wp-content\/uploads\/2022\/08\/cropped-Logo-Esbozo-Web-2.png","contentUrl":"https:\/\/esbozodeportivo.com\/wp-content\/uploads\/2022\/08\/cropped-Logo-Esbozo-Web-2.png","width":180,"height":50,"caption":"Esbozo Deportivo"},"image":{"@id":"https:\/\/esbozodeportivo.com\/#\/schema\/logo\/image\/"}},{"@type":"Person","@id":"https:\/\/esbozodeportivo.com\/#\/schema\/person\/0f6df9196dfe6740dd0bb31bae50d374","name":"Redacci\u00f3n","image":{"@type":"ImageObject","inLanguage":"es","@id":"https:\/\/esbozodeportivo.com\/#\/schema\/person\/image\/","url":"https:\/\/secure.gravatar.com\/avatar\/f55268a89c3b418f2ef172ff52ab0d09b3e653c58de29539fe329fb93d78ebf3?s=96&d=mm&r=g","contentUrl":"https:\/\/secure.gravatar.com\/avatar\/f55268a89c3b418f2ef172ff52ab0d09b3e653c58de29539fe329fb93d78ebf3?s=96&d=mm&r=g","caption":"Redacci\u00f3n"},"url":"https:\/\/esbozodeportivo.com\/index.php\/author\/redaccion\/"}]}},"jetpack_featured_media_url":"https:\/\/esbozodeportivo.com\/wp-content\/uploads\/2025\/11\/NBA-6.jpg","jetpack_sharing_enabled":true,"_links":{"self":[{"href":"https:\/\/esbozodeportivo.com\/index.php\/wp-json\/wp\/v2\/posts\/11543","targetHints":{"allow":["GET"]}}],"collection":[{"href":"https:\/\/esbozodeportivo.com\/index.php\/wp-json\/wp\/v2\/posts"}],"about":[{"href":"https:\/\/esbozodeportivo.com\/index.php\/wp-json\/wp\/v2\/types\/post"}],"author":[{"embeddable":true,"href":"https:\/\/esbozodeportivo.com\/index.php\/wp-json\/wp\/v2\/users\/4"}],"replies":[{"embeddable":true,"href":"https:\/\/esbozodeportivo.com\/index.php\/wp-json\/wp\/v2\/comments?post=11543"}],"version-history":[{"count":1,"href":"https:\/\/esbozodeportivo.com\/index.php\/wp-json\/wp\/v2\/posts\/11543\/revisions"}],"predecessor-version":[{"id":11548,"href":"https:\/\/esbozodeportivo.com\/index.php\/wp-json\/wp\/v2\/posts\/11543\/revisions\/11548"}],"wp:featuredmedia":[{"embeddable":true,"href":"https:\/\/esbozodeportivo.com\/index.php\/wp-json\/wp\/v2\/media\/11545"}],"wp:attachment":[{"href":"https:\/\/esbozodeportivo.com\/index.php\/wp-json\/wp\/v2\/media?parent=11543"}],"wp:term":[{"taxonomy":"category","embeddable":true,"href":"https:\/\/esbozodeportivo.com\/index.php\/wp-json\/wp\/v2\/categories?post=11543"},{"taxonomy":"post_tag","embeddable":true,"href":"https:\/\/esbozodeportivo.com\/index.php\/wp-json\/wp\/v2\/tags?post=11543"}],"curies":[{"name":"wp","href":"https:\/\/api.w.org\/{rel}","templated":true}]}}