{"id":11555,"date":"2025-11-28T20:32:50","date_gmt":"2025-11-29T02:32:50","guid":{"rendered":"https:\/\/esbozodeportivo.com\/?p=11555"},"modified":"2025-12-02T18:09:42","modified_gmt":"2025-12-03T00:09:42","slug":"presentan-la-encrucijada-de-la-paz-en-ucrania-libro-de-marcelo-fabian-monges","status":"publish","type":"post","link":"https:\/\/esbozodeportivo.com\/index.php\/2025\/11\/28\/presentan-la-encrucijada-de-la-paz-en-ucrania-libro-de-marcelo-fabian-monges\/","title":{"rendered":"Presentan La encrucijada de la paz en Ucrania, libro de Marcelo Fabi\u00e1n Monges"},"content":{"rendered":"\n<p><strong>Por Javier de la Cruz <\/strong><strong><\/strong><\/p>\n\n\n\n<p><strong>(Fotos: Cortes\u00eda) <\/strong><\/p>\n\n\n\n<p><em><strong>Ciudad de M\u00e9xico<\/strong>.- <\/em>\u00a0El escritor, Marcelo Fabi\u00e1n Monges, present\u00f3 su libro <em><strong>La encrucijada de la paz en Ucrania<\/strong><\/em>,obra que analiza el conflicto b\u00e9lico que mantiene en tensi\u00f3n a <strong>Europa del Este<\/strong> y el escenario geopol\u00edtico global desde 2022.<\/p>\n\n\n\n<p>A tres a\u00f1os de la invasi\u00f3n rusa, el tambi\u00e9n periodista, <strong>Marcelo Monges<\/strong>, comparti\u00f3 algunos episodios claves de su investigaci\u00f3n, enfatizando que el libro ofrece un an\u00e1lisis integral del enfrentamiento en <strong>Ucrania.<\/strong> La obra combina la historia, filosof\u00eda, derechos humanos, psicolog\u00eda, con documentaci\u00f3n cr\u00edtica sobre los hechos de una guerra marcada, hasta 2025, por reiterados intentos fallidos de alcanzar la paz.<\/p>\n\n\n\n<p>Durante la presentaci\u00f3n, explic\u00f3 que su trabajo expone con detalle los intereses estrat\u00e9gicos del presidente ruso, <strong>Vladimir Put\u00edn<\/strong>, y las exigencias del mandatario ucraniano, <strong>Volodimir Zelenski<\/strong>, lo que ha dificultado la concreci\u00f3n de un acuerdo duradero para la paz \u201ca casi cuatro a\u00f1os del conflicto la paz en <strong>Ucrania<\/strong> est\u00e1 muy lejos\u201d.<\/p>\n\n\n\n<figure class=\"wp-block-image size-large is-resized\"><img loading=\"lazy\" decoding=\"async\" width=\"665\" height=\"1024\" src=\"https:\/\/esbozodeportivo.com\/wp-content\/uploads\/2025\/11\/DSC01271-665x1024.jpg\" alt=\"\" class=\"wp-image-11556\" style=\"width:700px;height:auto\" srcset=\"https:\/\/esbozodeportivo.com\/wp-content\/uploads\/2025\/11\/DSC01271-665x1024.jpg 665w, https:\/\/esbozodeportivo.com\/wp-content\/uploads\/2025\/11\/DSC01271-195x300.jpg 195w, https:\/\/esbozodeportivo.com\/wp-content\/uploads\/2025\/11\/DSC01271-768x1182.jpg 768w, https:\/\/esbozodeportivo.com\/wp-content\/uploads\/2025\/11\/DSC01271-998x1536.jpg 998w, https:\/\/esbozodeportivo.com\/wp-content\/uploads\/2025\/11\/DSC01271-1330x2048.jpg 1330w, https:\/\/esbozodeportivo.com\/wp-content\/uploads\/2025\/11\/DSC01271-1024x1577.jpg 1024w, https:\/\/esbozodeportivo.com\/wp-content\/uploads\/2025\/11\/DSC01271-scaled.jpg 1663w\" sizes=\"auto, (max-width: 665px) 100vw, 665px\" \/><\/figure>\n\n\n\n<p>El autor, calific\u00f3 como un fracaso los <strong>28 puntos<\/strong> del <strong>Plan de Paz<\/strong> impulsado por los presidentes de <strong>Estados Unidos y Rusia, Donald Trump y Vladimir Put\u00edn,<\/strong> en el que destac\u00f3 el punto 21, donde territorios como <strong>Crimea, Luhansk y Donetsk<\/strong> ser\u00e1n reconocidos como de factos rusos, incluso por <strong>Estados Unidos<\/strong>, rechazado por <strong>Ucrania<\/strong> con el respaldo de la <strong>Uni\u00f3n Europea y el Reino Unido<\/strong>.<\/p>\n\n\n\n<p>Record\u00f3 que este conflicto no solo enfrenta a dos naciones, sino a bloques geopol\u00edticos con visiones contrapuestas, lo que complejiza cualquier v\u00eda de negociaci\u00f3n \u201cla paz sigue siendo una encrucijada porque cada actor persigue objetivos distintos y, en ocasiones, incompartibles\u201d, se\u00f1al\u00f3.<\/p>\n\n\n\n<figure class=\"wp-block-image size-full is-resized\"><img loading=\"lazy\" decoding=\"async\" width=\"481\" height=\"641\" src=\"https:\/\/esbozodeportivo.com\/wp-content\/uploads\/2025\/11\/IMG-20251128-WA0047.jpg\" alt=\"\" class=\"wp-image-11558\" style=\"width:700px;height:auto\" srcset=\"https:\/\/esbozodeportivo.com\/wp-content\/uploads\/2025\/11\/IMG-20251128-WA0047.jpg 481w, https:\/\/esbozodeportivo.com\/wp-content\/uploads\/2025\/11\/IMG-20251128-WA0047-225x300.jpg 225w\" sizes=\"auto, (max-width: 481px) 100vw, 481px\" \/><\/figure>\n\n\n\n<p>La m\u00e1s reciente obra del columnista <strong>\u201cEspada de Dos Manos<\/strong>\u201d, en el Diario de M\u00e9xico, fue presentado por el grupo de <strong>Reflexi\u00f3n Humanista Pol\u00edtica<\/strong>, que encabeza el polit\u00f3logo y coordinador <strong>Genaro Rodr\u00edguez Navarrete<\/strong>, quien reconoci\u00f3 la trayectoria del autor que abarca m\u00faltiples publicaciones sobre pol\u00edtica internacional y temas de actualidad. Entre sus obras destacan: <em><strong>Divina Mar<\/strong><\/em><strong>; <em>Putin, la invasi\u00f3n a Ucrania. La amenaza contra la humanidad<\/em>; <em>Ucrania entre la esperanza y el infierno<\/em>; y <em>El derrumbe de M\u00e9xico: un peligro real. Conversaciones con Jes\u00fas Ortega Mart\u00ednez<\/em>.<\/strong><\/p>\n\n\n\n<p>El encuentro fue enriquecido por acad\u00e9micos, analistas y p\u00fablico interesado en comprender a fondo el conflicto entre Ucrania y Rusia. <strong><em>La encrucijada de la paz en Ucrania <\/em><\/strong>se perfila como una contribuci\u00f3n imprescindible para quienes buscan entender, m\u00e1s all\u00e1 de los titulares, las ra\u00edces profundas y las perspectivas futuras de una guerra que contin\u00faa marcando el rumbo del mundo.<\/p>\n\n\n\n<p>La presentaci\u00f3n concluy\u00f3 con una reflexi\u00f3n colectiva sobre la importancia de comprender los procesos hist\u00f3ricos y las fuerzas pol\u00edticas que sostienen los conflictos contempor\u00e1neos.<\/p>\n\n\n\n<figure class=\"wp-block-image size-full is-resized\"><img loading=\"lazy\" decoding=\"async\" width=\"482\" height=\"641\" src=\"https:\/\/esbozodeportivo.com\/wp-content\/uploads\/2025\/11\/IMG-20251128-WA0048.jpg\" alt=\"\" class=\"wp-image-11559\" style=\"width:700px;height:auto\" srcset=\"https:\/\/esbozodeportivo.com\/wp-content\/uploads\/2025\/11\/IMG-20251128-WA0048.jpg 482w, https:\/\/esbozodeportivo.com\/wp-content\/uploads\/2025\/11\/IMG-20251128-WA0048-226x300.jpg 226w\" sizes=\"auto, (max-width: 482px) 100vw, 482px\" \/><\/figure>\n\n\n\n<figure class=\"wp-block-image size-full is-resized\"><img loading=\"lazy\" decoding=\"async\" width=\"481\" height=\"641\" src=\"https:\/\/esbozodeportivo.com\/wp-content\/uploads\/2025\/11\/IMG-20251128-WA0046.jpg\" alt=\"\" class=\"wp-image-11557\" style=\"width:700px;height:auto\" srcset=\"https:\/\/esbozodeportivo.com\/wp-content\/uploads\/2025\/11\/IMG-20251128-WA0046.jpg 481w, https:\/\/esbozodeportivo.com\/wp-content\/uploads\/2025\/11\/IMG-20251128-WA0046-225x300.jpg 225w\" sizes=\"auto, (max-width: 481px) 100vw, 481px\" \/><\/figure>\n","protected":false},"excerpt":{"rendered":"<p>Por Javier de la Cruz (Fotos: Cortes\u00eda) Ciudad de M\u00e9xico.- \u00a0El escritor, Marcelo Fabi\u00e1n Monges,<\/p>\n","protected":false},"author":2,"featured_media":11560,"comment_status":"closed","ping_status":"open","sticky":false,"template":"","format":"standard","meta":{"_jetpack_memberships_contains_paid_content":false,"footnotes":""},"categories":[49],"tags":[],"class_list":["post-11555","post","type-post","status-publish","format-standard","has-post-thumbnail","hentry","category-cultura"],"yoast_head":"<!-- This site is optimized with the Yoast SEO plugin v25.7 - https:\/\/yoast.com\/wordpress\/plugins\/seo\/ -->\n<title>Presentan La encrucijada de la paz en Ucrania, libro de Marcelo Fabi\u00e1n Monges - Esbozo Deportivo<\/title>\n<meta name=\"description\" content=\"La m\u00e1s reciente obra del escritor, fot\u00f3grafo y periodistaargentino naturalizado mexicano Marcelo Fabi\u00e1n Monges, La encrucijada de la paz en Ucrania,fue presentado por elGrupo de Reflexi\u00f3n Humanista y Pol\u00edtica, que encabeza el polit\u00f3logo y coordinador Genaro Rodr\u00edguez Navarrete, en conferencia de prensa en conocido hotel de la Ciudad de M\u00e9xico. El encuentro reuni\u00f3 a acad\u00e9micos, analistas y p\u00fablico interesado en comprender a fondo el conflicto que mantiene en tensi\u00f3n a Europa del Este y al escenario geopol\u00edtico global.\" \/>\n<meta name=\"robots\" content=\"index, follow, max-snippet:-1, max-image-preview:large, max-video-preview:-1\" \/>\n<link rel=\"canonical\" href=\"https:\/\/esbozodeportivo.com\/index.php\/2025\/11\/28\/presentan-la-encrucijada-de-la-paz-en-ucrania-libro-de-marcelo-fabian-monges\/\" \/>\n<meta property=\"og:locale\" content=\"es_MX\" \/>\n<meta property=\"og:type\" content=\"article\" \/>\n<meta property=\"og:title\" content=\"Presentan La encrucijada de la paz en Ucrania, libro de Marcelo Fabi\u00e1n Monges - Esbozo Deportivo\" \/>\n<meta property=\"og:description\" content=\"La m\u00e1s reciente obra del escritor, fot\u00f3grafo y periodistaargentino naturalizado mexicano Marcelo Fabi\u00e1n Monges, La encrucijada de la paz en Ucrania,fue presentado por elGrupo de Reflexi\u00f3n Humanista y Pol\u00edtica, que encabeza el polit\u00f3logo y coordinador Genaro Rodr\u00edguez Navarrete, en conferencia de prensa en conocido hotel de la Ciudad de M\u00e9xico. El encuentro reuni\u00f3 a acad\u00e9micos, analistas y p\u00fablico interesado en comprender a fondo el conflicto que mantiene en tensi\u00f3n a Europa del Este y al escenario geopol\u00edtico global.\" \/>\n<meta property=\"og:url\" content=\"https:\/\/esbozodeportivo.com\/index.php\/2025\/11\/28\/presentan-la-encrucijada-de-la-paz-en-ucrania-libro-de-marcelo-fabian-monges\/\" \/>\n<meta property=\"og:site_name\" content=\"Esbozo Deportivo\" \/>\n<meta property=\"article:published_time\" content=\"2025-11-29T02:32:50+00:00\" \/>\n<meta property=\"article:modified_time\" content=\"2025-12-03T00:09:42+00:00\" \/>\n<meta property=\"og:image\" content=\"https:\/\/esbozodeportivo.com\/wp-content\/uploads\/2025\/11\/IMG-20251128-WA0049.jpg\" \/>\n\t<meta property=\"og:image:width\" content=\"457\" \/>\n\t<meta property=\"og:image:height\" content=\"171\" \/>\n\t<meta property=\"og:image:type\" content=\"image\/jpeg\" \/>\n<meta name=\"author\" content=\"Javier De La Cruz\" \/>\n<meta name=\"twitter:card\" content=\"summary_large_image\" \/>\n<meta name=\"twitter:label1\" content=\"Escrito por\" \/>\n\t<meta name=\"twitter:data1\" content=\"Javier De La Cruz\" \/>\n\t<meta name=\"twitter:label2\" content=\"Tiempo de lectura\" \/>\n\t<meta name=\"twitter:data2\" content=\"3 minutos\" \/>\n<script type=\"application\/ld+json\" class=\"yoast-schema-graph\">{\"@context\":\"https:\/\/schema.org\",\"@graph\":[{\"@type\":\"Article\",\"@id\":\"https:\/\/esbozodeportivo.com\/index.php\/2025\/11\/28\/presentan-la-encrucijada-de-la-paz-en-ucrania-libro-de-marcelo-fabian-monges\/#article\",\"isPartOf\":{\"@id\":\"https:\/\/esbozodeportivo.com\/index.php\/2025\/11\/28\/presentan-la-encrucijada-de-la-paz-en-ucrania-libro-de-marcelo-fabian-monges\/\"},\"author\":{\"name\":\"Javier De La Cruz\",\"@id\":\"https:\/\/esbozodeportivo.com\/#\/schema\/person\/7277119c98823aec37bbb84e125efd44\"},\"headline\":\"Presentan La encrucijada de la paz en Ucrania, libro de Marcelo Fabi\u00e1n Monges\",\"datePublished\":\"2025-11-29T02:32:50+00:00\",\"dateModified\":\"2025-12-03T00:09:42+00:00\",\"mainEntityOfPage\":{\"@id\":\"https:\/\/esbozodeportivo.com\/index.php\/2025\/11\/28\/presentan-la-encrucijada-de-la-paz-en-ucrania-libro-de-marcelo-fabian-monges\/\"},\"wordCount\":494,\"publisher\":{\"@id\":\"https:\/\/esbozodeportivo.com\/#organization\"},\"image\":{\"@id\":\"https:\/\/esbozodeportivo.com\/index.php\/2025\/11\/28\/presentan-la-encrucijada-de-la-paz-en-ucrania-libro-de-marcelo-fabian-monges\/#primaryimage\"},\"thumbnailUrl\":\"https:\/\/esbozodeportivo.com\/wp-content\/uploads\/2025\/11\/IMG-20251128-WA0049.jpg\",\"articleSection\":[\"Cultura\"],\"inLanguage\":\"es\"},{\"@type\":\"WebPage\",\"@id\":\"https:\/\/esbozodeportivo.com\/index.php\/2025\/11\/28\/presentan-la-encrucijada-de-la-paz-en-ucrania-libro-de-marcelo-fabian-monges\/\",\"url\":\"https:\/\/esbozodeportivo.com\/index.php\/2025\/11\/28\/presentan-la-encrucijada-de-la-paz-en-ucrania-libro-de-marcelo-fabian-monges\/\",\"name\":\"Presentan La encrucijada de la paz en Ucrania, libro de Marcelo Fabi\u00e1n Monges - Esbozo Deportivo\",\"isPartOf\":{\"@id\":\"https:\/\/esbozodeportivo.com\/#website\"},\"primaryImageOfPage\":{\"@id\":\"https:\/\/esbozodeportivo.com\/index.php\/2025\/11\/28\/presentan-la-encrucijada-de-la-paz-en-ucrania-libro-de-marcelo-fabian-monges\/#primaryimage\"},\"image\":{\"@id\":\"https:\/\/esbozodeportivo.com\/index.php\/2025\/11\/28\/presentan-la-encrucijada-de-la-paz-en-ucrania-libro-de-marcelo-fabian-monges\/#primaryimage\"},\"thumbnailUrl\":\"https:\/\/esbozodeportivo.com\/wp-content\/uploads\/2025\/11\/IMG-20251128-WA0049.jpg\",\"datePublished\":\"2025-11-29T02:32:50+00:00\",\"dateModified\":\"2025-12-03T00:09:42+00:00\",\"description\":\"La m\u00e1s reciente obra del escritor, fot\u00f3grafo y periodistaargentino naturalizado mexicano Marcelo Fabi\u00e1n Monges, La encrucijada de la paz en Ucrania,fue presentado por elGrupo de Reflexi\u00f3n Humanista y Pol\u00edtica, que encabeza el polit\u00f3logo y coordinador Genaro Rodr\u00edguez Navarrete, en conferencia de prensa en conocido hotel de la Ciudad de M\u00e9xico. El encuentro reuni\u00f3 a acad\u00e9micos, analistas y p\u00fablico interesado en comprender a fondo el conflicto que mantiene en tensi\u00f3n a Europa del Este y al escenario geopol\u00edtico global.\",\"breadcrumb\":{\"@id\":\"https:\/\/esbozodeportivo.com\/index.php\/2025\/11\/28\/presentan-la-encrucijada-de-la-paz-en-ucrania-libro-de-marcelo-fabian-monges\/#breadcrumb\"},\"inLanguage\":\"es\",\"potentialAction\":[{\"@type\":\"ReadAction\",\"target\":[\"https:\/\/esbozodeportivo.com\/index.php\/2025\/11\/28\/presentan-la-encrucijada-de-la-paz-en-ucrania-libro-de-marcelo-fabian-monges\/\"]}]},{\"@type\":\"ImageObject\",\"inLanguage\":\"es\",\"@id\":\"https:\/\/esbozodeportivo.com\/index.php\/2025\/11\/28\/presentan-la-encrucijada-de-la-paz-en-ucrania-libro-de-marcelo-fabian-monges\/#primaryimage\",\"url\":\"https:\/\/esbozodeportivo.com\/wp-content\/uploads\/2025\/11\/IMG-20251128-WA0049.jpg\",\"contentUrl\":\"https:\/\/esbozodeportivo.com\/wp-content\/uploads\/2025\/11\/IMG-20251128-WA0049.jpg\",\"width\":457,\"height\":171},{\"@type\":\"BreadcrumbList\",\"@id\":\"https:\/\/esbozodeportivo.com\/index.php\/2025\/11\/28\/presentan-la-encrucijada-de-la-paz-en-ucrania-libro-de-marcelo-fabian-monges\/#breadcrumb\",\"itemListElement\":[{\"@type\":\"ListItem\",\"position\":1,\"name\":\"Inicio\",\"item\":\"https:\/\/esbozodeportivo.com\/\"},{\"@type\":\"ListItem\",\"position\":2,\"name\":\"Presentan La encrucijada de la paz en Ucrania, libro de Marcelo Fabi\u00e1n Monges\"}]},{\"@type\":\"WebSite\",\"@id\":\"https:\/\/esbozodeportivo.com\/#website\",\"url\":\"https:\/\/esbozodeportivo.com\/\",\"name\":\"Esbozo Deportivo\",\"description\":\"Lo m\u00e1s importante del Deporte\",\"publisher\":{\"@id\":\"https:\/\/esbozodeportivo.com\/#organization\"},\"potentialAction\":[{\"@type\":\"SearchAction\",\"target\":{\"@type\":\"EntryPoint\",\"urlTemplate\":\"https:\/\/esbozodeportivo.com\/?s={search_term_string}\"},\"query-input\":{\"@type\":\"PropertyValueSpecification\",\"valueRequired\":true,\"valueName\":\"search_term_string\"}}],\"inLanguage\":\"es\"},{\"@type\":\"Organization\",\"@id\":\"https:\/\/esbozodeportivo.com\/#organization\",\"name\":\"Esbozo Deportivo\",\"url\":\"https:\/\/esbozodeportivo.com\/\",\"logo\":{\"@type\":\"ImageObject\",\"inLanguage\":\"es\",\"@id\":\"https:\/\/esbozodeportivo.com\/#\/schema\/logo\/image\/\",\"url\":\"https:\/\/esbozodeportivo.com\/wp-content\/uploads\/2022\/08\/cropped-Logo-Esbozo-Web-2.png\",\"contentUrl\":\"https:\/\/esbozodeportivo.com\/wp-content\/uploads\/2022\/08\/cropped-Logo-Esbozo-Web-2.png\",\"width\":180,\"height\":50,\"caption\":\"Esbozo Deportivo\"},\"image\":{\"@id\":\"https:\/\/esbozodeportivo.com\/#\/schema\/logo\/image\/\"}},{\"@type\":\"Person\",\"@id\":\"https:\/\/esbozodeportivo.com\/#\/schema\/person\/7277119c98823aec37bbb84e125efd44\",\"name\":\"Javier De La Cruz\",\"image\":{\"@type\":\"ImageObject\",\"inLanguage\":\"es\",\"@id\":\"https:\/\/esbozodeportivo.com\/#\/schema\/person\/image\/\",\"url\":\"https:\/\/secure.gravatar.com\/avatar\/366235a56d20f1a6e8e3d0b295897639357bea880470ddf261d17bb0bc052eb1?s=96&d=mm&r=g\",\"contentUrl\":\"https:\/\/secure.gravatar.com\/avatar\/366235a56d20f1a6e8e3d0b295897639357bea880470ddf261d17bb0bc052eb1?s=96&d=mm&r=g\",\"caption\":\"Javier De La Cruz\"},\"url\":\"https:\/\/esbozodeportivo.com\/index.php\/author\/javier-de-la-cruz-de-la-cruz\/\"}]}<\/script>\n<!-- \/ Yoast SEO plugin. -->","yoast_head_json":{"title":"Presentan La encrucijada de la paz en Ucrania, libro de Marcelo Fabi\u00e1n Monges - Esbozo Deportivo","description":"La m\u00e1s reciente obra del escritor, fot\u00f3grafo y periodistaargentino naturalizado mexicano Marcelo Fabi\u00e1n Monges, La encrucijada de la paz en Ucrania,fue presentado por elGrupo de Reflexi\u00f3n Humanista y Pol\u00edtica, que encabeza el polit\u00f3logo y coordinador Genaro Rodr\u00edguez Navarrete, en conferencia de prensa en conocido hotel de la Ciudad de M\u00e9xico. El encuentro reuni\u00f3 a acad\u00e9micos, analistas y p\u00fablico interesado en comprender a fondo el conflicto que mantiene en tensi\u00f3n a Europa del Este y al escenario geopol\u00edtico global.","robots":{"index":"index","follow":"follow","max-snippet":"max-snippet:-1","max-image-preview":"max-image-preview:large","max-video-preview":"max-video-preview:-1"},"canonical":"https:\/\/esbozodeportivo.com\/index.php\/2025\/11\/28\/presentan-la-encrucijada-de-la-paz-en-ucrania-libro-de-marcelo-fabian-monges\/","og_locale":"es_MX","og_type":"article","og_title":"Presentan La encrucijada de la paz en Ucrania, libro de Marcelo Fabi\u00e1n Monges - Esbozo Deportivo","og_description":"La m\u00e1s reciente obra del escritor, fot\u00f3grafo y periodistaargentino naturalizado mexicano Marcelo Fabi\u00e1n Monges, La encrucijada de la paz en Ucrania,fue presentado por elGrupo de Reflexi\u00f3n Humanista y Pol\u00edtica, que encabeza el polit\u00f3logo y coordinador Genaro Rodr\u00edguez Navarrete, en conferencia de prensa en conocido hotel de la Ciudad de M\u00e9xico. El encuentro reuni\u00f3 a acad\u00e9micos, analistas y p\u00fablico interesado en comprender a fondo el conflicto que mantiene en tensi\u00f3n a Europa del Este y al escenario geopol\u00edtico global.","og_url":"https:\/\/esbozodeportivo.com\/index.php\/2025\/11\/28\/presentan-la-encrucijada-de-la-paz-en-ucrania-libro-de-marcelo-fabian-monges\/","og_site_name":"Esbozo Deportivo","article_published_time":"2025-11-29T02:32:50+00:00","article_modified_time":"2025-12-03T00:09:42+00:00","og_image":[{"width":457,"height":171,"url":"https:\/\/esbozodeportivo.com\/wp-content\/uploads\/2025\/11\/IMG-20251128-WA0049.jpg","type":"image\/jpeg"}],"author":"Javier De La Cruz","twitter_card":"summary_large_image","twitter_misc":{"Escrito por":"Javier De La Cruz","Tiempo de lectura":"3 minutos"},"schema":{"@context":"https:\/\/schema.org","@graph":[{"@type":"Article","@id":"https:\/\/esbozodeportivo.com\/index.php\/2025\/11\/28\/presentan-la-encrucijada-de-la-paz-en-ucrania-libro-de-marcelo-fabian-monges\/#article","isPartOf":{"@id":"https:\/\/esbozodeportivo.com\/index.php\/2025\/11\/28\/presentan-la-encrucijada-de-la-paz-en-ucrania-libro-de-marcelo-fabian-monges\/"},"author":{"name":"Javier De La Cruz","@id":"https:\/\/esbozodeportivo.com\/#\/schema\/person\/7277119c98823aec37bbb84e125efd44"},"headline":"Presentan La encrucijada de la paz en Ucrania, libro de Marcelo Fabi\u00e1n Monges","datePublished":"2025-11-29T02:32:50+00:00","dateModified":"2025-12-03T00:09:42+00:00","mainEntityOfPage":{"@id":"https:\/\/esbozodeportivo.com\/index.php\/2025\/11\/28\/presentan-la-encrucijada-de-la-paz-en-ucrania-libro-de-marcelo-fabian-monges\/"},"wordCount":494,"publisher":{"@id":"https:\/\/esbozodeportivo.com\/#organization"},"image":{"@id":"https:\/\/esbozodeportivo.com\/index.php\/2025\/11\/28\/presentan-la-encrucijada-de-la-paz-en-ucrania-libro-de-marcelo-fabian-monges\/#primaryimage"},"thumbnailUrl":"https:\/\/esbozodeportivo.com\/wp-content\/uploads\/2025\/11\/IMG-20251128-WA0049.jpg","articleSection":["Cultura"],"inLanguage":"es"},{"@type":"WebPage","@id":"https:\/\/esbozodeportivo.com\/index.php\/2025\/11\/28\/presentan-la-encrucijada-de-la-paz-en-ucrania-libro-de-marcelo-fabian-monges\/","url":"https:\/\/esbozodeportivo.com\/index.php\/2025\/11\/28\/presentan-la-encrucijada-de-la-paz-en-ucrania-libro-de-marcelo-fabian-monges\/","name":"Presentan La encrucijada de la paz en Ucrania, libro de Marcelo Fabi\u00e1n Monges - Esbozo Deportivo","isPartOf":{"@id":"https:\/\/esbozodeportivo.com\/#website"},"primaryImageOfPage":{"@id":"https:\/\/esbozodeportivo.com\/index.php\/2025\/11\/28\/presentan-la-encrucijada-de-la-paz-en-ucrania-libro-de-marcelo-fabian-monges\/#primaryimage"},"image":{"@id":"https:\/\/esbozodeportivo.com\/index.php\/2025\/11\/28\/presentan-la-encrucijada-de-la-paz-en-ucrania-libro-de-marcelo-fabian-monges\/#primaryimage"},"thumbnailUrl":"https:\/\/esbozodeportivo.com\/wp-content\/uploads\/2025\/11\/IMG-20251128-WA0049.jpg","datePublished":"2025-11-29T02:32:50+00:00","dateModified":"2025-12-03T00:09:42+00:00","description":"La m\u00e1s reciente obra del escritor, fot\u00f3grafo y periodistaargentino naturalizado mexicano Marcelo Fabi\u00e1n Monges, La encrucijada de la paz en Ucrania,fue presentado por elGrupo de Reflexi\u00f3n Humanista y Pol\u00edtica, que encabeza el polit\u00f3logo y coordinador Genaro Rodr\u00edguez Navarrete, en conferencia de prensa en conocido hotel de la Ciudad de M\u00e9xico. El encuentro reuni\u00f3 a acad\u00e9micos, analistas y p\u00fablico interesado en comprender a fondo el conflicto que mantiene en tensi\u00f3n a Europa del Este y al escenario geopol\u00edtico global.","breadcrumb":{"@id":"https:\/\/esbozodeportivo.com\/index.php\/2025\/11\/28\/presentan-la-encrucijada-de-la-paz-en-ucrania-libro-de-marcelo-fabian-monges\/#breadcrumb"},"inLanguage":"es","potentialAction":[{"@type":"ReadAction","target":["https:\/\/esbozodeportivo.com\/index.php\/2025\/11\/28\/presentan-la-encrucijada-de-la-paz-en-ucrania-libro-de-marcelo-fabian-monges\/"]}]},{"@type":"ImageObject","inLanguage":"es","@id":"https:\/\/esbozodeportivo.com\/index.php\/2025\/11\/28\/presentan-la-encrucijada-de-la-paz-en-ucrania-libro-de-marcelo-fabian-monges\/#primaryimage","url":"https:\/\/esbozodeportivo.com\/wp-content\/uploads\/2025\/11\/IMG-20251128-WA0049.jpg","contentUrl":"https:\/\/esbozodeportivo.com\/wp-content\/uploads\/2025\/11\/IMG-20251128-WA0049.jpg","width":457,"height":171},{"@type":"BreadcrumbList","@id":"https:\/\/esbozodeportivo.com\/index.php\/2025\/11\/28\/presentan-la-encrucijada-de-la-paz-en-ucrania-libro-de-marcelo-fabian-monges\/#breadcrumb","itemListElement":[{"@type":"ListItem","position":1,"name":"Inicio","item":"https:\/\/esbozodeportivo.com\/"},{"@type":"ListItem","position":2,"name":"Presentan La encrucijada de la paz en Ucrania, libro de Marcelo Fabi\u00e1n Monges"}]},{"@type":"WebSite","@id":"https:\/\/esbozodeportivo.com\/#website","url":"https:\/\/esbozodeportivo.com\/","name":"Esbozo Deportivo","description":"Lo m\u00e1s importante del Deporte","publisher":{"@id":"https:\/\/esbozodeportivo.com\/#organization"},"potentialAction":[{"@type":"SearchAction","target":{"@type":"EntryPoint","urlTemplate":"https:\/\/esbozodeportivo.com\/?s={search_term_string}"},"query-input":{"@type":"PropertyValueSpecification","valueRequired":true,"valueName":"search_term_string"}}],"inLanguage":"es"},{"@type":"Organization","@id":"https:\/\/esbozodeportivo.com\/#organization","name":"Esbozo Deportivo","url":"https:\/\/esbozodeportivo.com\/","logo":{"@type":"ImageObject","inLanguage":"es","@id":"https:\/\/esbozodeportivo.com\/#\/schema\/logo\/image\/","url":"https:\/\/esbozodeportivo.com\/wp-content\/uploads\/2022\/08\/cropped-Logo-Esbozo-Web-2.png","contentUrl":"https:\/\/esbozodeportivo.com\/wp-content\/uploads\/2022\/08\/cropped-Logo-Esbozo-Web-2.png","width":180,"height":50,"caption":"Esbozo Deportivo"},"image":{"@id":"https:\/\/esbozodeportivo.com\/#\/schema\/logo\/image\/"}},{"@type":"Person","@id":"https:\/\/esbozodeportivo.com\/#\/schema\/person\/7277119c98823aec37bbb84e125efd44","name":"Javier De La Cruz","image":{"@type":"ImageObject","inLanguage":"es","@id":"https:\/\/esbozodeportivo.com\/#\/schema\/person\/image\/","url":"https:\/\/secure.gravatar.com\/avatar\/366235a56d20f1a6e8e3d0b295897639357bea880470ddf261d17bb0bc052eb1?s=96&d=mm&r=g","contentUrl":"https:\/\/secure.gravatar.com\/avatar\/366235a56d20f1a6e8e3d0b295897639357bea880470ddf261d17bb0bc052eb1?s=96&d=mm&r=g","caption":"Javier De La Cruz"},"url":"https:\/\/esbozodeportivo.com\/index.php\/author\/javier-de-la-cruz-de-la-cruz\/"}]}},"jetpack_featured_media_url":"https:\/\/esbozodeportivo.com\/wp-content\/uploads\/2025\/11\/IMG-20251128-WA0049.jpg","jetpack_sharing_enabled":true,"_links":{"self":[{"href":"https:\/\/esbozodeportivo.com\/index.php\/wp-json\/wp\/v2\/posts\/11555","targetHints":{"allow":["GET"]}}],"collection":[{"href":"https:\/\/esbozodeportivo.com\/index.php\/wp-json\/wp\/v2\/posts"}],"about":[{"href":"https:\/\/esbozodeportivo.com\/index.php\/wp-json\/wp\/v2\/types\/post"}],"author":[{"embeddable":true,"href":"https:\/\/esbozodeportivo.com\/index.php\/wp-json\/wp\/v2\/users\/2"}],"replies":[{"embeddable":true,"href":"https:\/\/esbozodeportivo.com\/index.php\/wp-json\/wp\/v2\/comments?post=11555"}],"version-history":[{"count":2,"href":"https:\/\/esbozodeportivo.com\/index.php\/wp-json\/wp\/v2\/posts\/11555\/revisions"}],"predecessor-version":[{"id":11606,"href":"https:\/\/esbozodeportivo.com\/index.php\/wp-json\/wp\/v2\/posts\/11555\/revisions\/11606"}],"wp:featuredmedia":[{"embeddable":true,"href":"https:\/\/esbozodeportivo.com\/index.php\/wp-json\/wp\/v2\/media\/11560"}],"wp:attachment":[{"href":"https:\/\/esbozodeportivo.com\/index.php\/wp-json\/wp\/v2\/media?parent=11555"}],"wp:term":[{"taxonomy":"category","embeddable":true,"href":"https:\/\/esbozodeportivo.com\/index.php\/wp-json\/wp\/v2\/categories?post=11555"},{"taxonomy":"post_tag","embeddable":true,"href":"https:\/\/esbozodeportivo.com\/index.php\/wp-json\/wp\/v2\/tags?post=11555"}],"curies":[{"name":"wp","href":"https:\/\/api.w.org\/{rel}","templated":true}]}}