{"id":11571,"date":"2025-11-30T15:45:15","date_gmt":"2025-11-30T21:45:15","guid":{"rendered":"https:\/\/esbozodeportivo.com\/?p=11571"},"modified":"2025-11-30T15:45:23","modified_gmt":"2025-11-30T21:45:23","slug":"verstappen-gana-en-qatar-y-arde-la-f1","status":"publish","type":"post","link":"https:\/\/esbozodeportivo.com\/index.php\/2025\/11\/30\/verstappen-gana-en-qatar-y-arde-la-f1\/","title":{"rendered":"Verstappen gana en Qatar y arde la F1"},"content":{"rendered":"\n<p>(Foto: Agencias) <\/p>\n\n\n\n<p>Max Verstappen se llev\u00f3 el domingo la victoria en el Gran Premio de Qatar para llevar una tensa lucha por el t\u00edtulo de la F\u00f3rmula 1 a la \u00faltima carrera de la temporada en Abu Dabi el pr\u00f3ximo fin de semana.<\/p>\n\n\n\n<p>Lando Norris, el l\u00edder del campeonato, hubiera asegurado su primer t\u00edtulo de la F1 con una victoria, pero termin\u00f3 en el cuarto lugar, mientras que Oscar Piastri, su compa\u00f1ero de equipo en McLaren y rival por el t\u00edtulo se ubic\u00f3 segundo.<\/p>\n\n\n\n<p>Los tres contendientes al t\u00edtulo han ganado siete carreras esta temporada. Verstappen busca su quinto t\u00edtulo consecutivo de F1, mientras que Piastri y Norris persiguen el primero.<\/p>\n\n\n\n<p>\u201cHa sido una carrera muy encantadora\u201d, expres\u00f3 Verstappen por la radio del equipo tras su 70\u00aa victoria en su carrera. \u201cGran trabajo por parte de todos\u201d.<\/p>\n\n\n\n<p>Norris a\u00fan puede convertirse en el primer piloto brit\u00e1nico en ganar el campeonato desde que Lewis Hamilton asegur\u00f3 el \u00faltimo de sus siete t\u00edtulos en 2020.<\/p>\n\n\n\n<p>Pero de llegar a Qatar con una ventaja de 24 puntos sobre ambos rivales, Norris ahora est\u00e1 12 puntos por delante de Verstappen y 16 por encima de Piastri, quien cay\u00f3 al tercer lugar en la clasificaci\u00f3n general.<\/p>\n\n\n\n<figure class=\"wp-block-image size-full is-resized\"><img loading=\"lazy\" decoding=\"async\" width=\"650\" height=\"380\" src=\"https:\/\/esbozodeportivo.com\/wp-content\/uploads\/2025\/11\/Del-Toro1.jpg\" alt=\"\" class=\"wp-image-11566\" style=\"width:700px;height:auto\" srcset=\"https:\/\/esbozodeportivo.com\/wp-content\/uploads\/2025\/11\/Del-Toro1.jpg 650w, https:\/\/esbozodeportivo.com\/wp-content\/uploads\/2025\/11\/Del-Toro1-300x175.jpg 300w\" sizes=\"auto, (max-width: 650px) 100vw, 650px\" \/><\/figure>\n\n\n\n<p>(Foto: Agencias) <\/p>\n\n\n\n<p>\u201cSin palabras\u201d, expres\u00f3 un Piastri con tono desalentado. \u201cNo tengo palabras\u201d.<\/p>\n\n\n\n<p>Piastri comenz\u00f3 desde la pole position por delante de Norris, con Verstappen como tercero.<\/p>\n\n\n\n<p>Aunque Verstappen adelant\u00f3 a Norris en la primera curva, Piastri tuvo un buen comienzo y tom\u00f3 una c\u00f3moda ventaja desde el principio.<\/p>\n\n\n\n<p>Un error estrat\u00e9gico le cost\u00f3 a McLaren despu\u00e9s de que el ingreso temprano del coche de seguridad provoc\u00f3 una serie de cambios de neum\u00e1ticos, pero ambos McLaren se quedaron en la pista cuando Verstappen y los dem\u00e1s entraron.<\/p>\n\n\n\n<p>\u201cClaramente no lo hicimos bien esta noche\u201d, dijo Piastri. \u201cCreo que en retrospectiva, es bastante obvio lo que habr\u00edamos hecho. Estoy seguro de que lo discutiremos como equipo\u201d.<\/p>\n\n\n\n<p>La decisi\u00f3n favoreci\u00f3 a Verstappen y el euf\u00f3rico neerland\u00e9s sali\u00f3 de su coche y salt\u00f3 a los brazos de sus mec\u00e1nicos e ingenieros tras ganar.<\/p>\n\n\n\n<p>\u201cEsta fue una carrera incre\u00edble para nosotros, tomamos la decisi\u00f3n correcta como equipo de entrar a boxes con ese coche de seguridad y s\u00ed, eso fue inteligente\u201d, dijo Verstappen. \u201cS\u00faper feliz de ganar aqu\u00ed, nos mantuvimos en la lucha hasta el final. Incre\u00edble\u201d.<\/p>\n\n\n\n<p>El coche de seguridad ingres\u00f3 despu\u00e9s de que el Sauber de Nico Hulkenberg hizo un trompo en la s\u00e9ptoma vuelta siete tras ser tocado por el Alpine de Pierre Gasly.<\/p>\n\n\n\n<p>La decisi\u00f3n de quedarse en la pista fue cuestionada en la radio del equipo por Norris, en una carrera donde los pilotos tuvieron que hacer dos paradas obligatorias en boxes durante las 57 vueltas, una medida impuesta por razones de seguridad debido al alto riesgo de degradaci\u00f3n de neum\u00e1ticos en el Circuito Internacional de Lusail.<\/p>\n\n\n\n<p>Cambiar neum\u00e1ticos detr\u00e1s del coche de seguridad constitu\u00eda el equivalente a un cambio gratuito, sin p\u00e9rdida de tiempo. El equipo McLaren apost\u00f3 por mantener la posici\u00f3n en pista, dej\u00e1ndolos en riesgo m\u00e1s adelante.<\/p>\n\n\n\n<p>\u201cTenemos que tener fe en el equipo. Fue una apuesta arriesgada\u201d, dijo Norris. \u201cAhora es la decisi\u00f3n equivocada. Hoy no hicimos un buen trabajo. No fue nuestro mejor d\u00eda, pero as\u00ed es la vida\u201d.<\/p>\n\n\n\n<p>\u201cRed Bull hizo un mejor trabajo como equipo. Tomaron la decisi\u00f3n correcta\u201d, agreg\u00f3. \u201cNo se puede acertar en todas. Si el equipo hace su trabajo y yo hago el m\u00edo, estaremos bien\u201d.<\/p>\n\n\n\n<p>Norris parec\u00eda tranquilo antes de la carrera, de pie con los brazos cruzados y mirando a la distancia. Piastri convers\u00f3 con el jefe de McLaren Racing, Zak Brown, momentos antes de subirse a su monoplaza.<\/p>\n\n\n\n<p>El exastro del f\u00fatbol ingl\u00e9s David Beckham presenci\u00f3 la carrera en el espacio de McLaren, flanqueado por Gary Neville, su excompa\u00f1ero del Manchester United.<\/p>\n\n\n\n<p>Debido a que los pilotos estaban restringidos a un m\u00e1ximo de 25 vueltas con los neum\u00e1ticos Pirelli en esta carrera, aquellos que ya hab\u00edan parado tuvieron que cambiar nuevamente en la vuelta 32.<\/p>\n\n\n\n<p>Despu\u00e9s de que los McLaren hicieran sus primeros cambios de neum\u00e1ticos, Norris qued\u00f3 quinto detr\u00e1s de Piastri en cuarto. Eso dej\u00f3 a Verstappen al frente y con varias vueltas para ampliar su ventaja antes de tener que cambiar neum\u00e1ticos nuevamente.<\/p>\n\n\n\n<p>McLaren hizo entrar a Piastri en la vuelta 43 y a Norris poco despu\u00e9s, pero cuando Norris sali\u00f3 nuevamente en la vuelta 45 estaba en el quinto lugar con Antonelli y Sainz bloqueando su camino.<\/p>\n\n\n\n<p>Las batallas en el desierto parecen convenir a Verstappen, quien asegur\u00f3 su tercera victoria consecutiva en Qatar y ha ganado cuatro de las \u00faltimas cinco carreras en Abu Dabi. Norris puede tener esperanzas en el hecho de que gan\u00f3 all\u00ed el a\u00f1o pasado.<\/p>\n\n\n\n<p>Pero los McLaren ir\u00e1n a Abu Dabi con un Verstappen en alza, buscando repetir la historia al asegurar un campeonato en la \u00faltima carrera en Abu Dabi. Lo hizo cuando adelant\u00f3 a Hamilton en la \u00faltima vuelta tras un final controvertido en 2021.<\/p>\n\n\n\n<p>\u201cEs posible ahora, pero ya veremos\u201d, dijo Verstappen, quien hab\u00eda descartado sus posibilidades a principios de esta temporada. \u201cRealmente no me preocupo demasiado por eso\u201d.<\/p>\n\n\n\n<p><\/p>\n","protected":false},"excerpt":{"rendered":"<p>(Foto: Agencias) Max Verstappen se llev\u00f3 el domingo la victoria en el Gran Premio de<\/p>\n","protected":false},"author":4,"featured_media":11567,"comment_status":"closed","ping_status":"open","sticky":false,"template":"","format":"standard","meta":{"_jetpack_memberships_contains_paid_content":false,"footnotes":""},"categories":[44],"tags":[],"class_list":["post-11571","post","type-post","status-publish","format-standard","has-post-thumbnail","hentry","category-formula-1"],"yoast_head":"<!-- This site is optimized with the Yoast SEO plugin v25.7 - https:\/\/yoast.com\/wordpress\/plugins\/seo\/ -->\n<title>Verstappen gana en Qatar y arde la F1 - Esbozo Deportivo<\/title>\n<meta name=\"description\" content=\"Max Verstappen se llev\u00f3 el domingo la victoria en el Gran Premio de Qatar para llevar una tensa lucha por el t\u00edtulo de la F\u00f3rmula 1 a la \u00faltima carrera de la temporada en Abu Dabi el pr\u00f3ximo fin de semana.\" \/>\n<meta name=\"robots\" content=\"index, follow, max-snippet:-1, max-image-preview:large, max-video-preview:-1\" \/>\n<link rel=\"canonical\" href=\"https:\/\/esbozodeportivo.com\/index.php\/2025\/11\/30\/verstappen-gana-en-qatar-y-arde-la-f1\/\" \/>\n<meta property=\"og:locale\" content=\"es_MX\" \/>\n<meta property=\"og:type\" content=\"article\" \/>\n<meta property=\"og:title\" content=\"Verstappen gana en Qatar y arde la F1 - Esbozo Deportivo\" \/>\n<meta property=\"og:description\" content=\"Max Verstappen se llev\u00f3 el domingo la victoria en el Gran Premio de Qatar para llevar una tensa lucha por el t\u00edtulo de la F\u00f3rmula 1 a la \u00faltima carrera de la temporada en Abu Dabi el pr\u00f3ximo fin de semana.\" \/>\n<meta property=\"og:url\" content=\"https:\/\/esbozodeportivo.com\/index.php\/2025\/11\/30\/verstappen-gana-en-qatar-y-arde-la-f1\/\" \/>\n<meta property=\"og:site_name\" content=\"Esbozo Deportivo\" \/>\n<meta property=\"article:published_time\" content=\"2025-11-30T21:45:15+00:00\" \/>\n<meta property=\"article:modified_time\" content=\"2025-11-30T21:45:23+00:00\" \/>\n<meta property=\"og:image\" content=\"https:\/\/esbozodeportivo.com\/wp-content\/uploads\/2025\/11\/Formula-1-2.jpg\" \/>\n\t<meta property=\"og:image:width\" content=\"770\" \/>\n\t<meta property=\"og:image:height\" content=\"530\" \/>\n\t<meta property=\"og:image:type\" content=\"image\/jpeg\" \/>\n<meta name=\"author\" content=\"Redacci\u00f3n\" \/>\n<meta name=\"twitter:card\" content=\"summary_large_image\" \/>\n<meta name=\"twitter:label1\" content=\"Escrito por\" \/>\n\t<meta name=\"twitter:data1\" content=\"Redacci\u00f3n\" \/>\n\t<meta name=\"twitter:label2\" content=\"Tiempo de lectura\" \/>\n\t<meta name=\"twitter:data2\" content=\"5 minutos\" \/>\n<script type=\"application\/ld+json\" class=\"yoast-schema-graph\">{\"@context\":\"https:\/\/schema.org\",\"@graph\":[{\"@type\":\"Article\",\"@id\":\"https:\/\/esbozodeportivo.com\/index.php\/2025\/11\/30\/verstappen-gana-en-qatar-y-arde-la-f1\/#article\",\"isPartOf\":{\"@id\":\"https:\/\/esbozodeportivo.com\/index.php\/2025\/11\/30\/verstappen-gana-en-qatar-y-arde-la-f1\/\"},\"author\":{\"name\":\"Redacci\u00f3n\",\"@id\":\"https:\/\/esbozodeportivo.com\/#\/schema\/person\/0f6df9196dfe6740dd0bb31bae50d374\"},\"headline\":\"Verstappen gana en Qatar y arde la F1\",\"datePublished\":\"2025-11-30T21:45:15+00:00\",\"dateModified\":\"2025-11-30T21:45:23+00:00\",\"mainEntityOfPage\":{\"@id\":\"https:\/\/esbozodeportivo.com\/index.php\/2025\/11\/30\/verstappen-gana-en-qatar-y-arde-la-f1\/\"},\"wordCount\":900,\"publisher\":{\"@id\":\"https:\/\/esbozodeportivo.com\/#organization\"},\"image\":{\"@id\":\"https:\/\/esbozodeportivo.com\/index.php\/2025\/11\/30\/verstappen-gana-en-qatar-y-arde-la-f1\/#primaryimage\"},\"thumbnailUrl\":\"https:\/\/esbozodeportivo.com\/wp-content\/uploads\/2025\/11\/Formula-1-2.jpg\",\"articleSection\":[\"F\u00f3rmula 1\"],\"inLanguage\":\"es\"},{\"@type\":\"WebPage\",\"@id\":\"https:\/\/esbozodeportivo.com\/index.php\/2025\/11\/30\/verstappen-gana-en-qatar-y-arde-la-f1\/\",\"url\":\"https:\/\/esbozodeportivo.com\/index.php\/2025\/11\/30\/verstappen-gana-en-qatar-y-arde-la-f1\/\",\"name\":\"Verstappen gana en Qatar y arde la F1 - Esbozo Deportivo\",\"isPartOf\":{\"@id\":\"https:\/\/esbozodeportivo.com\/#website\"},\"primaryImageOfPage\":{\"@id\":\"https:\/\/esbozodeportivo.com\/index.php\/2025\/11\/30\/verstappen-gana-en-qatar-y-arde-la-f1\/#primaryimage\"},\"image\":{\"@id\":\"https:\/\/esbozodeportivo.com\/index.php\/2025\/11\/30\/verstappen-gana-en-qatar-y-arde-la-f1\/#primaryimage\"},\"thumbnailUrl\":\"https:\/\/esbozodeportivo.com\/wp-content\/uploads\/2025\/11\/Formula-1-2.jpg\",\"datePublished\":\"2025-11-30T21:45:15+00:00\",\"dateModified\":\"2025-11-30T21:45:23+00:00\",\"description\":\"Max Verstappen se llev\u00f3 el domingo la victoria en el Gran Premio de Qatar para llevar una tensa lucha por el t\u00edtulo de la F\u00f3rmula 1 a la \u00faltima carrera de la temporada en Abu Dabi el pr\u00f3ximo fin de semana.\",\"breadcrumb\":{\"@id\":\"https:\/\/esbozodeportivo.com\/index.php\/2025\/11\/30\/verstappen-gana-en-qatar-y-arde-la-f1\/#breadcrumb\"},\"inLanguage\":\"es\",\"potentialAction\":[{\"@type\":\"ReadAction\",\"target\":[\"https:\/\/esbozodeportivo.com\/index.php\/2025\/11\/30\/verstappen-gana-en-qatar-y-arde-la-f1\/\"]}]},{\"@type\":\"ImageObject\",\"inLanguage\":\"es\",\"@id\":\"https:\/\/esbozodeportivo.com\/index.php\/2025\/11\/30\/verstappen-gana-en-qatar-y-arde-la-f1\/#primaryimage\",\"url\":\"https:\/\/esbozodeportivo.com\/wp-content\/uploads\/2025\/11\/Formula-1-2.jpg\",\"contentUrl\":\"https:\/\/esbozodeportivo.com\/wp-content\/uploads\/2025\/11\/Formula-1-2.jpg\",\"width\":770,\"height\":530},{\"@type\":\"BreadcrumbList\",\"@id\":\"https:\/\/esbozodeportivo.com\/index.php\/2025\/11\/30\/verstappen-gana-en-qatar-y-arde-la-f1\/#breadcrumb\",\"itemListElement\":[{\"@type\":\"ListItem\",\"position\":1,\"name\":\"Inicio\",\"item\":\"https:\/\/esbozodeportivo.com\/\"},{\"@type\":\"ListItem\",\"position\":2,\"name\":\"Verstappen gana en Qatar y arde la F1\"}]},{\"@type\":\"WebSite\",\"@id\":\"https:\/\/esbozodeportivo.com\/#website\",\"url\":\"https:\/\/esbozodeportivo.com\/\",\"name\":\"Esbozo Deportivo\",\"description\":\"Lo m\u00e1s importante del Deporte\",\"publisher\":{\"@id\":\"https:\/\/esbozodeportivo.com\/#organization\"},\"potentialAction\":[{\"@type\":\"SearchAction\",\"target\":{\"@type\":\"EntryPoint\",\"urlTemplate\":\"https:\/\/esbozodeportivo.com\/?s={search_term_string}\"},\"query-input\":{\"@type\":\"PropertyValueSpecification\",\"valueRequired\":true,\"valueName\":\"search_term_string\"}}],\"inLanguage\":\"es\"},{\"@type\":\"Organization\",\"@id\":\"https:\/\/esbozodeportivo.com\/#organization\",\"name\":\"Esbozo Deportivo\",\"url\":\"https:\/\/esbozodeportivo.com\/\",\"logo\":{\"@type\":\"ImageObject\",\"inLanguage\":\"es\",\"@id\":\"https:\/\/esbozodeportivo.com\/#\/schema\/logo\/image\/\",\"url\":\"https:\/\/esbozodeportivo.com\/wp-content\/uploads\/2022\/08\/cropped-Logo-Esbozo-Web-2.png\",\"contentUrl\":\"https:\/\/esbozodeportivo.com\/wp-content\/uploads\/2022\/08\/cropped-Logo-Esbozo-Web-2.png\",\"width\":180,\"height\":50,\"caption\":\"Esbozo Deportivo\"},\"image\":{\"@id\":\"https:\/\/esbozodeportivo.com\/#\/schema\/logo\/image\/\"}},{\"@type\":\"Person\",\"@id\":\"https:\/\/esbozodeportivo.com\/#\/schema\/person\/0f6df9196dfe6740dd0bb31bae50d374\",\"name\":\"Redacci\u00f3n\",\"image\":{\"@type\":\"ImageObject\",\"inLanguage\":\"es\",\"@id\":\"https:\/\/esbozodeportivo.com\/#\/schema\/person\/image\/\",\"url\":\"https:\/\/secure.gravatar.com\/avatar\/f55268a89c3b418f2ef172ff52ab0d09b3e653c58de29539fe329fb93d78ebf3?s=96&d=mm&r=g\",\"contentUrl\":\"https:\/\/secure.gravatar.com\/avatar\/f55268a89c3b418f2ef172ff52ab0d09b3e653c58de29539fe329fb93d78ebf3?s=96&d=mm&r=g\",\"caption\":\"Redacci\u00f3n\"},\"url\":\"https:\/\/esbozodeportivo.com\/index.php\/author\/redaccion\/\"}]}<\/script>\n<!-- \/ Yoast SEO plugin. -->","yoast_head_json":{"title":"Verstappen gana en Qatar y arde la F1 - Esbozo Deportivo","description":"Max Verstappen se llev\u00f3 el domingo la victoria en el Gran Premio de Qatar para llevar una tensa lucha por el t\u00edtulo de la F\u00f3rmula 1 a la \u00faltima carrera de la temporada en Abu Dabi el pr\u00f3ximo fin de semana.","robots":{"index":"index","follow":"follow","max-snippet":"max-snippet:-1","max-image-preview":"max-image-preview:large","max-video-preview":"max-video-preview:-1"},"canonical":"https:\/\/esbozodeportivo.com\/index.php\/2025\/11\/30\/verstappen-gana-en-qatar-y-arde-la-f1\/","og_locale":"es_MX","og_type":"article","og_title":"Verstappen gana en Qatar y arde la F1 - Esbozo Deportivo","og_description":"Max Verstappen se llev\u00f3 el domingo la victoria en el Gran Premio de Qatar para llevar una tensa lucha por el t\u00edtulo de la F\u00f3rmula 1 a la \u00faltima carrera de la temporada en Abu Dabi el pr\u00f3ximo fin de semana.","og_url":"https:\/\/esbozodeportivo.com\/index.php\/2025\/11\/30\/verstappen-gana-en-qatar-y-arde-la-f1\/","og_site_name":"Esbozo Deportivo","article_published_time":"2025-11-30T21:45:15+00:00","article_modified_time":"2025-11-30T21:45:23+00:00","og_image":[{"width":770,"height":530,"url":"https:\/\/esbozodeportivo.com\/wp-content\/uploads\/2025\/11\/Formula-1-2.jpg","type":"image\/jpeg"}],"author":"Redacci\u00f3n","twitter_card":"summary_large_image","twitter_misc":{"Escrito por":"Redacci\u00f3n","Tiempo de lectura":"5 minutos"},"schema":{"@context":"https:\/\/schema.org","@graph":[{"@type":"Article","@id":"https:\/\/esbozodeportivo.com\/index.php\/2025\/11\/30\/verstappen-gana-en-qatar-y-arde-la-f1\/#article","isPartOf":{"@id":"https:\/\/esbozodeportivo.com\/index.php\/2025\/11\/30\/verstappen-gana-en-qatar-y-arde-la-f1\/"},"author":{"name":"Redacci\u00f3n","@id":"https:\/\/esbozodeportivo.com\/#\/schema\/person\/0f6df9196dfe6740dd0bb31bae50d374"},"headline":"Verstappen gana en Qatar y arde la F1","datePublished":"2025-11-30T21:45:15+00:00","dateModified":"2025-11-30T21:45:23+00:00","mainEntityOfPage":{"@id":"https:\/\/esbozodeportivo.com\/index.php\/2025\/11\/30\/verstappen-gana-en-qatar-y-arde-la-f1\/"},"wordCount":900,"publisher":{"@id":"https:\/\/esbozodeportivo.com\/#organization"},"image":{"@id":"https:\/\/esbozodeportivo.com\/index.php\/2025\/11\/30\/verstappen-gana-en-qatar-y-arde-la-f1\/#primaryimage"},"thumbnailUrl":"https:\/\/esbozodeportivo.com\/wp-content\/uploads\/2025\/11\/Formula-1-2.jpg","articleSection":["F\u00f3rmula 1"],"inLanguage":"es"},{"@type":"WebPage","@id":"https:\/\/esbozodeportivo.com\/index.php\/2025\/11\/30\/verstappen-gana-en-qatar-y-arde-la-f1\/","url":"https:\/\/esbozodeportivo.com\/index.php\/2025\/11\/30\/verstappen-gana-en-qatar-y-arde-la-f1\/","name":"Verstappen gana en Qatar y arde la F1 - Esbozo Deportivo","isPartOf":{"@id":"https:\/\/esbozodeportivo.com\/#website"},"primaryImageOfPage":{"@id":"https:\/\/esbozodeportivo.com\/index.php\/2025\/11\/30\/verstappen-gana-en-qatar-y-arde-la-f1\/#primaryimage"},"image":{"@id":"https:\/\/esbozodeportivo.com\/index.php\/2025\/11\/30\/verstappen-gana-en-qatar-y-arde-la-f1\/#primaryimage"},"thumbnailUrl":"https:\/\/esbozodeportivo.com\/wp-content\/uploads\/2025\/11\/Formula-1-2.jpg","datePublished":"2025-11-30T21:45:15+00:00","dateModified":"2025-11-30T21:45:23+00:00","description":"Max Verstappen se llev\u00f3 el domingo la victoria en el Gran Premio de Qatar para llevar una tensa lucha por el t\u00edtulo de la F\u00f3rmula 1 a la \u00faltima carrera de la temporada en Abu Dabi el pr\u00f3ximo fin de semana.","breadcrumb":{"@id":"https:\/\/esbozodeportivo.com\/index.php\/2025\/11\/30\/verstappen-gana-en-qatar-y-arde-la-f1\/#breadcrumb"},"inLanguage":"es","potentialAction":[{"@type":"ReadAction","target":["https:\/\/esbozodeportivo.com\/index.php\/2025\/11\/30\/verstappen-gana-en-qatar-y-arde-la-f1\/"]}]},{"@type":"ImageObject","inLanguage":"es","@id":"https:\/\/esbozodeportivo.com\/index.php\/2025\/11\/30\/verstappen-gana-en-qatar-y-arde-la-f1\/#primaryimage","url":"https:\/\/esbozodeportivo.com\/wp-content\/uploads\/2025\/11\/Formula-1-2.jpg","contentUrl":"https:\/\/esbozodeportivo.com\/wp-content\/uploads\/2025\/11\/Formula-1-2.jpg","width":770,"height":530},{"@type":"BreadcrumbList","@id":"https:\/\/esbozodeportivo.com\/index.php\/2025\/11\/30\/verstappen-gana-en-qatar-y-arde-la-f1\/#breadcrumb","itemListElement":[{"@type":"ListItem","position":1,"name":"Inicio","item":"https:\/\/esbozodeportivo.com\/"},{"@type":"ListItem","position":2,"name":"Verstappen gana en Qatar y arde la F1"}]},{"@type":"WebSite","@id":"https:\/\/esbozodeportivo.com\/#website","url":"https:\/\/esbozodeportivo.com\/","name":"Esbozo Deportivo","description":"Lo m\u00e1s importante del Deporte","publisher":{"@id":"https:\/\/esbozodeportivo.com\/#organization"},"potentialAction":[{"@type":"SearchAction","target":{"@type":"EntryPoint","urlTemplate":"https:\/\/esbozodeportivo.com\/?s={search_term_string}"},"query-input":{"@type":"PropertyValueSpecification","valueRequired":true,"valueName":"search_term_string"}}],"inLanguage":"es"},{"@type":"Organization","@id":"https:\/\/esbozodeportivo.com\/#organization","name":"Esbozo Deportivo","url":"https:\/\/esbozodeportivo.com\/","logo":{"@type":"ImageObject","inLanguage":"es","@id":"https:\/\/esbozodeportivo.com\/#\/schema\/logo\/image\/","url":"https:\/\/esbozodeportivo.com\/wp-content\/uploads\/2022\/08\/cropped-Logo-Esbozo-Web-2.png","contentUrl":"https:\/\/esbozodeportivo.com\/wp-content\/uploads\/2022\/08\/cropped-Logo-Esbozo-Web-2.png","width":180,"height":50,"caption":"Esbozo Deportivo"},"image":{"@id":"https:\/\/esbozodeportivo.com\/#\/schema\/logo\/image\/"}},{"@type":"Person","@id":"https:\/\/esbozodeportivo.com\/#\/schema\/person\/0f6df9196dfe6740dd0bb31bae50d374","name":"Redacci\u00f3n","image":{"@type":"ImageObject","inLanguage":"es","@id":"https:\/\/esbozodeportivo.com\/#\/schema\/person\/image\/","url":"https:\/\/secure.gravatar.com\/avatar\/f55268a89c3b418f2ef172ff52ab0d09b3e653c58de29539fe329fb93d78ebf3?s=96&d=mm&r=g","contentUrl":"https:\/\/secure.gravatar.com\/avatar\/f55268a89c3b418f2ef172ff52ab0d09b3e653c58de29539fe329fb93d78ebf3?s=96&d=mm&r=g","caption":"Redacci\u00f3n"},"url":"https:\/\/esbozodeportivo.com\/index.php\/author\/redaccion\/"}]}},"jetpack_featured_media_url":"https:\/\/esbozodeportivo.com\/wp-content\/uploads\/2025\/11\/Formula-1-2.jpg","jetpack_sharing_enabled":true,"_links":{"self":[{"href":"https:\/\/esbozodeportivo.com\/index.php\/wp-json\/wp\/v2\/posts\/11571","targetHints":{"allow":["GET"]}}],"collection":[{"href":"https:\/\/esbozodeportivo.com\/index.php\/wp-json\/wp\/v2\/posts"}],"about":[{"href":"https:\/\/esbozodeportivo.com\/index.php\/wp-json\/wp\/v2\/types\/post"}],"author":[{"embeddable":true,"href":"https:\/\/esbozodeportivo.com\/index.php\/wp-json\/wp\/v2\/users\/4"}],"replies":[{"embeddable":true,"href":"https:\/\/esbozodeportivo.com\/index.php\/wp-json\/wp\/v2\/comments?post=11571"}],"version-history":[{"count":1,"href":"https:\/\/esbozodeportivo.com\/index.php\/wp-json\/wp\/v2\/posts\/11571\/revisions"}],"predecessor-version":[{"id":11572,"href":"https:\/\/esbozodeportivo.com\/index.php\/wp-json\/wp\/v2\/posts\/11571\/revisions\/11572"}],"wp:featuredmedia":[{"embeddable":true,"href":"https:\/\/esbozodeportivo.com\/index.php\/wp-json\/wp\/v2\/media\/11567"}],"wp:attachment":[{"href":"https:\/\/esbozodeportivo.com\/index.php\/wp-json\/wp\/v2\/media?parent=11571"}],"wp:term":[{"taxonomy":"category","embeddable":true,"href":"https:\/\/esbozodeportivo.com\/index.php\/wp-json\/wp\/v2\/categories?post=11571"},{"taxonomy":"post_tag","embeddable":true,"href":"https:\/\/esbozodeportivo.com\/index.php\/wp-json\/wp\/v2\/tags?post=11571"}],"curies":[{"name":"wp","href":"https:\/\/api.w.org\/{rel}","templated":true}]}}