{"id":11573,"date":"2025-11-30T15:49:23","date_gmt":"2025-11-30T21:49:23","guid":{"rendered":"https:\/\/esbozodeportivo.com\/?p=11573"},"modified":"2025-11-30T15:49:25","modified_gmt":"2025-11-30T21:49:25","slug":"del-toro-y-olvera-ganan-el-pnd","status":"publish","type":"post","link":"https:\/\/esbozodeportivo.com\/index.php\/2025\/11\/30\/del-toro-y-olvera-ganan-el-pnd\/","title":{"rendered":"Del Toro y Olvera ganan el PND"},"content":{"rendered":"\n<p>(Foto: Agencias) <\/p>\n\n\n\n<p>El ciclista Isaac del Toro y el clavadista Osmar Olvera fueron dos de los atletas reconocidos con el Premio Nacional del Deporte que cada a\u00f1os otorga el gobierno federal mexicano a sus mejores deportistas.<\/p>\n\n\n\n<p>Del Toro, de 22 a\u00f1os, se llev\u00f3 el reconocimiento en la categor\u00eda de profesional despu\u00e9s de una temporada en la que fue subcampe\u00f3n del Giro de Italia. Mientras que Olvera, quien es campe\u00f3n mundial de clavados, fue uno de cuatro atletas premiados entre los amateurs.<\/p>\n\n\n\n<p>\u201cUstedes son una enorme alegr\u00eda para al pueblo de M\u00e9xico, nos sentimos orgullosos de que representen al pa\u00eds\u201d, dijo la presidenta de M\u00e9xico, Claudia Sheinbaum. \u201cAlgunos quisieron hacernos menos, pero somos una gran naci\u00f3n con una enorme historia.\u201d<\/p>\n\n\n\n<p>Adem\u00e1s de Olvera, quien este a\u00f1o se convirti\u00f3 en el segundo mexicano en ganar un campeonato mundial de clavados, fueron premiados Andrea Maya Becerra Arizaga (tiro con arco), Alegna Gonz\u00e1lez Mu\u00f1oz (atletismo) y Uziel Mu\u00f1oz (atletismo).<\/p>\n\n\n\n<figure class=\"wp-block-image size-full is-resized\"><img loading=\"lazy\" decoding=\"async\" width=\"650\" height=\"380\" src=\"https:\/\/esbozodeportivo.com\/wp-content\/uploads\/2025\/11\/Del-Toro1.jpg\" alt=\"\" class=\"wp-image-11566\" style=\"width:700px;height:auto\" srcset=\"https:\/\/esbozodeportivo.com\/wp-content\/uploads\/2025\/11\/Del-Toro1.jpg 650w, https:\/\/esbozodeportivo.com\/wp-content\/uploads\/2025\/11\/Del-Toro1-300x175.jpg 300w\" sizes=\"auto, (max-width: 650px) 100vw, 650px\" \/><\/figure>\n\n\n\n<p>(Foto: Agencias) <\/p>\n\n\n\n<p>Olvera adem\u00e1s fue medallista de plata en los pasados Juegos Ol\u00edmpicos de Par\u00eds 2024.<\/p>\n\n\n\n<p>Gonz\u00e1lez y Mu\u00f1oz conquistaron la medalla de plata en la pasada edici\u00f3n del campeonato mundial de atletismo en marcha y lanzamiento de peso, respectivamente.<\/p>\n\n\n\n<p>Adem\u00e1s, otros dos atletas paral\u00edmpicos, dos entrenadores dos jueces fueron premiados.<\/p>\n\n\n\n<p>En la categor\u00eda de trayectoria fueron premiados la clavadista Gabriel Ag\u00fandez, adem\u00e1s del patinador sobre hielo, Donovan Carrillo, quien en febrero competir\u00e1 en los Juegos Ol\u00edmpicos de Invierno.<\/p>\n\n\n\n<p>\u201cFue un gran a\u00f1o para el deporte, con haza\u00f1as memorables y momentos que nos llenan de orgullo y nos recuerdan que vamos por buen camino\u201d, dijo el presidente de la Comisi\u00f3n Nacional de Cultura F\u00edsica y Deporte, Rommel Pacheco. \u201cPero quedan cosas por hacer y mucho por transformar\u201d.<\/p>\n\n\n\n<p><\/p>\n","protected":false},"excerpt":{"rendered":"<p>(Foto: Agencias) El ciclista Isaac del Toro y el clavadista Osmar Olvera fueron dos de<\/p>\n","protected":false},"author":4,"featured_media":0,"comment_status":"closed","ping_status":"open","sticky":false,"template":"","format":"standard","meta":{"_jetpack_memberships_contains_paid_content":false,"footnotes":""},"categories":[5],"tags":[],"class_list":["post-11573","post","type-post","status-publish","format-standard","hentry","category-amateur"],"yoast_head":"<!-- This site is optimized with the Yoast SEO plugin v25.7 - https:\/\/yoast.com\/wordpress\/plugins\/seo\/ -->\n<title>Del Toro y Olvera ganan el PND - Esbozo Deportivo<\/title>\n<meta name=\"description\" content=\"El ciclista Isaac del Toro y el clavadista Osmar Olvera fueron dos de los atletas reconocidos con el Premio Nacional del Deporte que cada a\u00f1os otorga el gobierno federal mexicano a sus mejores deportistas.\" \/>\n<meta name=\"robots\" content=\"index, follow, max-snippet:-1, max-image-preview:large, max-video-preview:-1\" \/>\n<link rel=\"canonical\" href=\"https:\/\/esbozodeportivo.com\/index.php\/2025\/11\/30\/del-toro-y-olvera-ganan-el-pnd\/\" \/>\n<meta property=\"og:locale\" content=\"es_MX\" \/>\n<meta property=\"og:type\" content=\"article\" \/>\n<meta property=\"og:title\" content=\"Del Toro y Olvera ganan el PND - Esbozo Deportivo\" \/>\n<meta property=\"og:description\" content=\"El ciclista Isaac del Toro y el clavadista Osmar Olvera fueron dos de los atletas reconocidos con el Premio Nacional del Deporte que cada a\u00f1os otorga el gobierno federal mexicano a sus mejores deportistas.\" \/>\n<meta property=\"og:url\" content=\"https:\/\/esbozodeportivo.com\/index.php\/2025\/11\/30\/del-toro-y-olvera-ganan-el-pnd\/\" \/>\n<meta property=\"og:site_name\" content=\"Esbozo Deportivo\" \/>\n<meta property=\"article:published_time\" content=\"2025-11-30T21:49:23+00:00\" \/>\n<meta property=\"article:modified_time\" content=\"2025-11-30T21:49:25+00:00\" \/>\n<meta property=\"og:image\" content=\"https:\/\/esbozodeportivo.com\/wp-content\/uploads\/2025\/11\/Del-Toro1.jpg\" \/>\n\t<meta property=\"og:image:width\" content=\"650\" \/>\n\t<meta property=\"og:image:height\" content=\"380\" \/>\n\t<meta property=\"og:image:type\" content=\"image\/jpeg\" \/>\n<meta name=\"author\" content=\"Redacci\u00f3n\" \/>\n<meta name=\"twitter:card\" content=\"summary_large_image\" \/>\n<meta name=\"twitter:label1\" content=\"Escrito por\" \/>\n\t<meta name=\"twitter:data1\" content=\"Redacci\u00f3n\" \/>\n\t<meta name=\"twitter:label2\" content=\"Tiempo de lectura\" \/>\n\t<meta name=\"twitter:data2\" content=\"2 minutos\" \/>\n<script type=\"application\/ld+json\" class=\"yoast-schema-graph\">{\"@context\":\"https:\/\/schema.org\",\"@graph\":[{\"@type\":\"Article\",\"@id\":\"https:\/\/esbozodeportivo.com\/index.php\/2025\/11\/30\/del-toro-y-olvera-ganan-el-pnd\/#article\",\"isPartOf\":{\"@id\":\"https:\/\/esbozodeportivo.com\/index.php\/2025\/11\/30\/del-toro-y-olvera-ganan-el-pnd\/\"},\"author\":{\"name\":\"Redacci\u00f3n\",\"@id\":\"https:\/\/esbozodeportivo.com\/#\/schema\/person\/0f6df9196dfe6740dd0bb31bae50d374\"},\"headline\":\"Del Toro y Olvera ganan el PND\",\"datePublished\":\"2025-11-30T21:49:23+00:00\",\"dateModified\":\"2025-11-30T21:49:25+00:00\",\"mainEntityOfPage\":{\"@id\":\"https:\/\/esbozodeportivo.com\/index.php\/2025\/11\/30\/del-toro-y-olvera-ganan-el-pnd\/\"},\"wordCount\":319,\"publisher\":{\"@id\":\"https:\/\/esbozodeportivo.com\/#organization\"},\"image\":{\"@id\":\"https:\/\/esbozodeportivo.com\/index.php\/2025\/11\/30\/del-toro-y-olvera-ganan-el-pnd\/#primaryimage\"},\"thumbnailUrl\":\"https:\/\/esbozodeportivo.com\/wp-content\/uploads\/2025\/11\/Del-Toro1.jpg\",\"articleSection\":[\"Amateur\"],\"inLanguage\":\"es\"},{\"@type\":\"WebPage\",\"@id\":\"https:\/\/esbozodeportivo.com\/index.php\/2025\/11\/30\/del-toro-y-olvera-ganan-el-pnd\/\",\"url\":\"https:\/\/esbozodeportivo.com\/index.php\/2025\/11\/30\/del-toro-y-olvera-ganan-el-pnd\/\",\"name\":\"Del Toro y Olvera ganan el PND - Esbozo Deportivo\",\"isPartOf\":{\"@id\":\"https:\/\/esbozodeportivo.com\/#website\"},\"primaryImageOfPage\":{\"@id\":\"https:\/\/esbozodeportivo.com\/index.php\/2025\/11\/30\/del-toro-y-olvera-ganan-el-pnd\/#primaryimage\"},\"image\":{\"@id\":\"https:\/\/esbozodeportivo.com\/index.php\/2025\/11\/30\/del-toro-y-olvera-ganan-el-pnd\/#primaryimage\"},\"thumbnailUrl\":\"https:\/\/esbozodeportivo.com\/wp-content\/uploads\/2025\/11\/Del-Toro1.jpg\",\"datePublished\":\"2025-11-30T21:49:23+00:00\",\"dateModified\":\"2025-11-30T21:49:25+00:00\",\"description\":\"El ciclista Isaac del Toro y el clavadista Osmar Olvera fueron dos de los atletas reconocidos con el Premio Nacional del Deporte que cada a\u00f1os otorga el gobierno federal mexicano a sus mejores deportistas.\",\"breadcrumb\":{\"@id\":\"https:\/\/esbozodeportivo.com\/index.php\/2025\/11\/30\/del-toro-y-olvera-ganan-el-pnd\/#breadcrumb\"},\"inLanguage\":\"es\",\"potentialAction\":[{\"@type\":\"ReadAction\",\"target\":[\"https:\/\/esbozodeportivo.com\/index.php\/2025\/11\/30\/del-toro-y-olvera-ganan-el-pnd\/\"]}]},{\"@type\":\"ImageObject\",\"inLanguage\":\"es\",\"@id\":\"https:\/\/esbozodeportivo.com\/index.php\/2025\/11\/30\/del-toro-y-olvera-ganan-el-pnd\/#primaryimage\",\"url\":\"https:\/\/esbozodeportivo.com\/wp-content\/uploads\/2025\/11\/Del-Toro1.jpg\",\"contentUrl\":\"https:\/\/esbozodeportivo.com\/wp-content\/uploads\/2025\/11\/Del-Toro1.jpg\",\"width\":650,\"height\":380},{\"@type\":\"BreadcrumbList\",\"@id\":\"https:\/\/esbozodeportivo.com\/index.php\/2025\/11\/30\/del-toro-y-olvera-ganan-el-pnd\/#breadcrumb\",\"itemListElement\":[{\"@type\":\"ListItem\",\"position\":1,\"name\":\"Inicio\",\"item\":\"https:\/\/esbozodeportivo.com\/\"},{\"@type\":\"ListItem\",\"position\":2,\"name\":\"Del Toro y Olvera ganan el PND\"}]},{\"@type\":\"WebSite\",\"@id\":\"https:\/\/esbozodeportivo.com\/#website\",\"url\":\"https:\/\/esbozodeportivo.com\/\",\"name\":\"Esbozo Deportivo\",\"description\":\"Lo m\u00e1s importante del Deporte\",\"publisher\":{\"@id\":\"https:\/\/esbozodeportivo.com\/#organization\"},\"potentialAction\":[{\"@type\":\"SearchAction\",\"target\":{\"@type\":\"EntryPoint\",\"urlTemplate\":\"https:\/\/esbozodeportivo.com\/?s={search_term_string}\"},\"query-input\":{\"@type\":\"PropertyValueSpecification\",\"valueRequired\":true,\"valueName\":\"search_term_string\"}}],\"inLanguage\":\"es\"},{\"@type\":\"Organization\",\"@id\":\"https:\/\/esbozodeportivo.com\/#organization\",\"name\":\"Esbozo Deportivo\",\"url\":\"https:\/\/esbozodeportivo.com\/\",\"logo\":{\"@type\":\"ImageObject\",\"inLanguage\":\"es\",\"@id\":\"https:\/\/esbozodeportivo.com\/#\/schema\/logo\/image\/\",\"url\":\"https:\/\/esbozodeportivo.com\/wp-content\/uploads\/2022\/08\/cropped-Logo-Esbozo-Web-2.png\",\"contentUrl\":\"https:\/\/esbozodeportivo.com\/wp-content\/uploads\/2022\/08\/cropped-Logo-Esbozo-Web-2.png\",\"width\":180,\"height\":50,\"caption\":\"Esbozo Deportivo\"},\"image\":{\"@id\":\"https:\/\/esbozodeportivo.com\/#\/schema\/logo\/image\/\"}},{\"@type\":\"Person\",\"@id\":\"https:\/\/esbozodeportivo.com\/#\/schema\/person\/0f6df9196dfe6740dd0bb31bae50d374\",\"name\":\"Redacci\u00f3n\",\"image\":{\"@type\":\"ImageObject\",\"inLanguage\":\"es\",\"@id\":\"https:\/\/esbozodeportivo.com\/#\/schema\/person\/image\/\",\"url\":\"https:\/\/secure.gravatar.com\/avatar\/f55268a89c3b418f2ef172ff52ab0d09b3e653c58de29539fe329fb93d78ebf3?s=96&d=mm&r=g\",\"contentUrl\":\"https:\/\/secure.gravatar.com\/avatar\/f55268a89c3b418f2ef172ff52ab0d09b3e653c58de29539fe329fb93d78ebf3?s=96&d=mm&r=g\",\"caption\":\"Redacci\u00f3n\"},\"url\":\"https:\/\/esbozodeportivo.com\/index.php\/author\/redaccion\/\"}]}<\/script>\n<!-- \/ Yoast SEO plugin. -->","yoast_head_json":{"title":"Del Toro y Olvera ganan el PND - Esbozo Deportivo","description":"El ciclista Isaac del Toro y el clavadista Osmar Olvera fueron dos de los atletas reconocidos con el Premio Nacional del Deporte que cada a\u00f1os otorga el gobierno federal mexicano a sus mejores deportistas.","robots":{"index":"index","follow":"follow","max-snippet":"max-snippet:-1","max-image-preview":"max-image-preview:large","max-video-preview":"max-video-preview:-1"},"canonical":"https:\/\/esbozodeportivo.com\/index.php\/2025\/11\/30\/del-toro-y-olvera-ganan-el-pnd\/","og_locale":"es_MX","og_type":"article","og_title":"Del Toro y Olvera ganan el PND - Esbozo Deportivo","og_description":"El ciclista Isaac del Toro y el clavadista Osmar Olvera fueron dos de los atletas reconocidos con el Premio Nacional del Deporte que cada a\u00f1os otorga el gobierno federal mexicano a sus mejores deportistas.","og_url":"https:\/\/esbozodeportivo.com\/index.php\/2025\/11\/30\/del-toro-y-olvera-ganan-el-pnd\/","og_site_name":"Esbozo Deportivo","article_published_time":"2025-11-30T21:49:23+00:00","article_modified_time":"2025-11-30T21:49:25+00:00","og_image":[{"width":650,"height":380,"url":"https:\/\/esbozodeportivo.com\/wp-content\/uploads\/2025\/11\/Del-Toro1.jpg","type":"image\/jpeg"}],"author":"Redacci\u00f3n","twitter_card":"summary_large_image","twitter_misc":{"Escrito por":"Redacci\u00f3n","Tiempo de lectura":"2 minutos"},"schema":{"@context":"https:\/\/schema.org","@graph":[{"@type":"Article","@id":"https:\/\/esbozodeportivo.com\/index.php\/2025\/11\/30\/del-toro-y-olvera-ganan-el-pnd\/#article","isPartOf":{"@id":"https:\/\/esbozodeportivo.com\/index.php\/2025\/11\/30\/del-toro-y-olvera-ganan-el-pnd\/"},"author":{"name":"Redacci\u00f3n","@id":"https:\/\/esbozodeportivo.com\/#\/schema\/person\/0f6df9196dfe6740dd0bb31bae50d374"},"headline":"Del Toro y Olvera ganan el PND","datePublished":"2025-11-30T21:49:23+00:00","dateModified":"2025-11-30T21:49:25+00:00","mainEntityOfPage":{"@id":"https:\/\/esbozodeportivo.com\/index.php\/2025\/11\/30\/del-toro-y-olvera-ganan-el-pnd\/"},"wordCount":319,"publisher":{"@id":"https:\/\/esbozodeportivo.com\/#organization"},"image":{"@id":"https:\/\/esbozodeportivo.com\/index.php\/2025\/11\/30\/del-toro-y-olvera-ganan-el-pnd\/#primaryimage"},"thumbnailUrl":"https:\/\/esbozodeportivo.com\/wp-content\/uploads\/2025\/11\/Del-Toro1.jpg","articleSection":["Amateur"],"inLanguage":"es"},{"@type":"WebPage","@id":"https:\/\/esbozodeportivo.com\/index.php\/2025\/11\/30\/del-toro-y-olvera-ganan-el-pnd\/","url":"https:\/\/esbozodeportivo.com\/index.php\/2025\/11\/30\/del-toro-y-olvera-ganan-el-pnd\/","name":"Del Toro y Olvera ganan el PND - Esbozo Deportivo","isPartOf":{"@id":"https:\/\/esbozodeportivo.com\/#website"},"primaryImageOfPage":{"@id":"https:\/\/esbozodeportivo.com\/index.php\/2025\/11\/30\/del-toro-y-olvera-ganan-el-pnd\/#primaryimage"},"image":{"@id":"https:\/\/esbozodeportivo.com\/index.php\/2025\/11\/30\/del-toro-y-olvera-ganan-el-pnd\/#primaryimage"},"thumbnailUrl":"https:\/\/esbozodeportivo.com\/wp-content\/uploads\/2025\/11\/Del-Toro1.jpg","datePublished":"2025-11-30T21:49:23+00:00","dateModified":"2025-11-30T21:49:25+00:00","description":"El ciclista Isaac del Toro y el clavadista Osmar Olvera fueron dos de los atletas reconocidos con el Premio Nacional del Deporte que cada a\u00f1os otorga el gobierno federal mexicano a sus mejores deportistas.","breadcrumb":{"@id":"https:\/\/esbozodeportivo.com\/index.php\/2025\/11\/30\/del-toro-y-olvera-ganan-el-pnd\/#breadcrumb"},"inLanguage":"es","potentialAction":[{"@type":"ReadAction","target":["https:\/\/esbozodeportivo.com\/index.php\/2025\/11\/30\/del-toro-y-olvera-ganan-el-pnd\/"]}]},{"@type":"ImageObject","inLanguage":"es","@id":"https:\/\/esbozodeportivo.com\/index.php\/2025\/11\/30\/del-toro-y-olvera-ganan-el-pnd\/#primaryimage","url":"https:\/\/esbozodeportivo.com\/wp-content\/uploads\/2025\/11\/Del-Toro1.jpg","contentUrl":"https:\/\/esbozodeportivo.com\/wp-content\/uploads\/2025\/11\/Del-Toro1.jpg","width":650,"height":380},{"@type":"BreadcrumbList","@id":"https:\/\/esbozodeportivo.com\/index.php\/2025\/11\/30\/del-toro-y-olvera-ganan-el-pnd\/#breadcrumb","itemListElement":[{"@type":"ListItem","position":1,"name":"Inicio","item":"https:\/\/esbozodeportivo.com\/"},{"@type":"ListItem","position":2,"name":"Del Toro y Olvera ganan el PND"}]},{"@type":"WebSite","@id":"https:\/\/esbozodeportivo.com\/#website","url":"https:\/\/esbozodeportivo.com\/","name":"Esbozo Deportivo","description":"Lo m\u00e1s importante del Deporte","publisher":{"@id":"https:\/\/esbozodeportivo.com\/#organization"},"potentialAction":[{"@type":"SearchAction","target":{"@type":"EntryPoint","urlTemplate":"https:\/\/esbozodeportivo.com\/?s={search_term_string}"},"query-input":{"@type":"PropertyValueSpecification","valueRequired":true,"valueName":"search_term_string"}}],"inLanguage":"es"},{"@type":"Organization","@id":"https:\/\/esbozodeportivo.com\/#organization","name":"Esbozo Deportivo","url":"https:\/\/esbozodeportivo.com\/","logo":{"@type":"ImageObject","inLanguage":"es","@id":"https:\/\/esbozodeportivo.com\/#\/schema\/logo\/image\/","url":"https:\/\/esbozodeportivo.com\/wp-content\/uploads\/2022\/08\/cropped-Logo-Esbozo-Web-2.png","contentUrl":"https:\/\/esbozodeportivo.com\/wp-content\/uploads\/2022\/08\/cropped-Logo-Esbozo-Web-2.png","width":180,"height":50,"caption":"Esbozo Deportivo"},"image":{"@id":"https:\/\/esbozodeportivo.com\/#\/schema\/logo\/image\/"}},{"@type":"Person","@id":"https:\/\/esbozodeportivo.com\/#\/schema\/person\/0f6df9196dfe6740dd0bb31bae50d374","name":"Redacci\u00f3n","image":{"@type":"ImageObject","inLanguage":"es","@id":"https:\/\/esbozodeportivo.com\/#\/schema\/person\/image\/","url":"https:\/\/secure.gravatar.com\/avatar\/f55268a89c3b418f2ef172ff52ab0d09b3e653c58de29539fe329fb93d78ebf3?s=96&d=mm&r=g","contentUrl":"https:\/\/secure.gravatar.com\/avatar\/f55268a89c3b418f2ef172ff52ab0d09b3e653c58de29539fe329fb93d78ebf3?s=96&d=mm&r=g","caption":"Redacci\u00f3n"},"url":"https:\/\/esbozodeportivo.com\/index.php\/author\/redaccion\/"}]}},"jetpack_featured_media_url":"","jetpack_sharing_enabled":true,"_links":{"self":[{"href":"https:\/\/esbozodeportivo.com\/index.php\/wp-json\/wp\/v2\/posts\/11573","targetHints":{"allow":["GET"]}}],"collection":[{"href":"https:\/\/esbozodeportivo.com\/index.php\/wp-json\/wp\/v2\/posts"}],"about":[{"href":"https:\/\/esbozodeportivo.com\/index.php\/wp-json\/wp\/v2\/types\/post"}],"author":[{"embeddable":true,"href":"https:\/\/esbozodeportivo.com\/index.php\/wp-json\/wp\/v2\/users\/4"}],"replies":[{"embeddable":true,"href":"https:\/\/esbozodeportivo.com\/index.php\/wp-json\/wp\/v2\/comments?post=11573"}],"version-history":[{"count":1,"href":"https:\/\/esbozodeportivo.com\/index.php\/wp-json\/wp\/v2\/posts\/11573\/revisions"}],"predecessor-version":[{"id":11574,"href":"https:\/\/esbozodeportivo.com\/index.php\/wp-json\/wp\/v2\/posts\/11573\/revisions\/11574"}],"wp:attachment":[{"href":"https:\/\/esbozodeportivo.com\/index.php\/wp-json\/wp\/v2\/media?parent=11573"}],"wp:term":[{"taxonomy":"category","embeddable":true,"href":"https:\/\/esbozodeportivo.com\/index.php\/wp-json\/wp\/v2\/categories?post=11573"},{"taxonomy":"post_tag","embeddable":true,"href":"https:\/\/esbozodeportivo.com\/index.php\/wp-json\/wp\/v2\/tags?post=11573"}],"curies":[{"name":"wp","href":"https:\/\/api.w.org\/{rel}","templated":true}]}}