{"id":11592,"date":"2025-12-02T00:24:50","date_gmt":"2025-12-02T06:24:50","guid":{"rendered":"https:\/\/esbozodeportivo.com\/?p=11592"},"modified":"2025-12-02T00:24:51","modified_gmt":"2025-12-02T06:24:51","slug":"abre-la-pasion-del-xxx-campeonato-nacional-de-tenis-varonil-de-primera-fuerza","status":"publish","type":"post","link":"https:\/\/esbozodeportivo.com\/index.php\/2025\/12\/02\/abre-la-pasion-del-xxx-campeonato-nacional-de-tenis-varonil-de-primera-fuerza\/","title":{"rendered":"Abre la pasi\u00f3n del XXX Campeonato Nacional de Tenis Varonil de Primera Fuerza"},"content":{"rendered":"\n<p>(Foto: Cortes\u00eda)<\/p>\n\n\n\n<ul class=\"wp-block-list\">\n<li><strong>Las mejores raquetas de M\u00e9xico buscar\u00e1n la gloria en el Club Irland\u00e9s de Raqueta; Alex Hern\u00e1ndez, Rodrigo Alujas, Alan Magadan, Manuel S\u00e1nchez, de los favoritos<\/strong><\/li>\n<\/ul>\n\n\n\n<p>Con la participaci\u00f3n de los mejores tenistas mexicanos, este martes 2 de diciembre dar\u00e1n inicio los partidos del cuadro principal del <strong>XXX Campeonato Nacional de Tenis Varonil de Primera Fuerza \u201cPunta M\u00e9dica Alta Especialidad, presentado por Caliente\u201d,<\/strong> que, con bolsa de <strong>UN MILL\u00d3N DE PESOS<\/strong>, se disputar\u00e1 del 2 al 7 de diciembre, en el Club Irland\u00e9s de Raqueta.<\/p>\n\n\n\n<p>Toda la pasi\u00f3n y entrega por el tenis se ver\u00e1 en una semana que se convierte en la mejor fiesta del deporte blanco en nuestro pa\u00eds, donde los aficionados disfrutan no solo de la enorme calidad de los tenistas participantes, sino de una verdadera verbena con m\u00faltiples actividades<\/p>\n\n\n\n<p>Mucha expectaci\u00f3n se mantiene en el ambiente ten\u00edstico por la participaci\u00f3n de tenistas de la talla del campe\u00f3n nacional del 2023, Juan Alejandro Hern\u00e1ndez, quien esta semana ascendi\u00f3 otros once lugares en el ranking de la ATP y se ubica en la posici\u00f3n 419, a solo 4 lugares de su mejor ranking.<\/p>\n\n\n\n<p>Alex se consolid\u00f3 como la mejor segunda raqueta de M\u00e9xico, solo detr\u00e1s del yucateco Rodrigo Pacheco, quien amaneci\u00f3 este lunes, en el sitio 233.<\/p>\n\n\n\n<p>Alejandro Hern\u00e1ndez tuvo este a\u00f1o una grata participaci\u00f3n en el Abierto de Los Cabos, luego que en la primera ronda tuvo, quiz\u00e1, el mejor triunfo de su vida cuando super\u00f3 3-6, 7-5, 6-4 al el japon\u00e9s Taro Daniel, ante un grader\u00edo a tope, fue un triunfo de un jugador casi en el 500 del mundo ante el 155 del planeta, esto le permiti\u00f3 al guerrerense enfrentar en segunda ronda al primer sembrado del torneo y top 10 del mundo, el ruso Andrey Rublev, ante quien cay\u00f3 3-6, 2-6.<\/p>\n\n\n\n<p>Una nueva corona le dar\u00eda a Hern\u00e1ndez no solo el prestigio que representa un bicampeonato nacional de primera fuerza, adem\u00e1s le proporcionar\u00eda una v\u00e1lvula para planear su temporada 2026, ya que los m\u00e1s de 300,000 pesos que se llevar\u00eda como premios representan una gran oportunidad en su carrera.<\/p>\n\n\n\n<p>Para lo anterior, Alejandro Hern\u00e1ndez encontrar\u00e1 muchos obst\u00e1culos, todos tenistas mexicanos ambiciosos por llevarse el t\u00edtulo, como el jalisciense Rodrigo Alujas, quien ha hecho toda su carrera en Francia y participa, semana tras semana, en torneos en Europa y \u00c1frica y quien hoy ocupa la posici\u00f3n 697 del ranking mundial.<\/p>\n\n\n\n<p>Rodrigo Alujas viene de jugar cuartos de final en el Aspiria Open, torneo ITF M25 que se disput\u00f3 en Guadalajara; tambi\u00e9n hizo semifinales en el M25 de Manzanillo y semifinales en un M15 en Santiago de Chile. El jalisciense ya entren\u00f3 en las canchas del Club Irland\u00e9s de Raqueta.<\/p>\n\n\n\n<p>El zacatecano Alan Magadan, quien este a\u00f1o comenz\u00f3, lo que se vislumbra como una carrera profesional plena de \u00e9xitos, es otro de los tenistas que trae etiqueta de favorito por la manera como viene jugando. Alan est\u00e1 colocado como la sexta mejor raqueta de M\u00e9xico y seguramente el 2026 ser\u00e1 una gran temporada. Magad\u00e1n regres\u00f3 de una gira por Sudam\u00e9rica y para obtener match play en altura se inscribi\u00f3 al torneo AMTP que se disput\u00f3 del 28 al 30 de noviembre en Tecamachalco, donde se coron\u00f3.<\/p>\n\n\n\n<p>El recientemente llamado al equipo Copa Davis para Rafael de Alba, le da tambi\u00e9n la etiqueta de estar entre los favoritos. Es otro de los tenistas mexicanos que viene fuerte, para quien el 2025 result\u00f3 un buen a\u00f1o. Ha participado en torneos por todo el mundo con resultados favorables.<\/p>\n\n\n\n<p>El qu\u00edntuple campe\u00f3n nacional, el potosino Manuel S\u00e1nchez viene con la ilusi\u00f3n de llevarse la sexta corona y vaya que tiene categor\u00eda para hacerlo. Manuel sigue ganando torneos en M\u00e9xico y su ranking ATP en dobles le permite participar en torneos futuros y challengers en esa modalidad.<\/p>\n\n\n\n<p>Dos de los jugadores que recibieron wild card son Alan Sau Franco y Arturo Kam, El primero ha participado en m\u00faltiples torneos en Europa y sigue avanzando en el ranking, mientras Kam es uno de los tenistas que brilla por sus extraordinarios recursos en la cancha y quien vive en Estados Unidos, sin embargo, esta competencia lo atrapa cada a\u00f1o y sigue buscando la corona.<\/p>\n\n\n\n<p>Las raquetas uno y dos del circuito AMTP, el jalisciense Eduardo Orozco y el capitalino Diego Eloy M\u00e9ndez, ser\u00e1n tambi\u00e9n de la partida del main draw. Orozco tuvo un 2025 muy fruct\u00edfero en su carrera, ganando cualquier cantidad de torneos en M\u00e9xico y quiere cerrar con broche de oro, mientras Eloy M\u00e9ndez conquist\u00f3 hace una semana su t\u00edtulo 27 en el circuito profesional de la AMTP y hace algunas m\u00e1s, conquist\u00f3 sus primeros puntos ITF, lo que le permitir\u00e1 acceder a pr\u00f3ximos torneos futuros.<\/p>\n\n\n\n<p>En fin, a partir de este martes, la emoci\u00f3n se vivir\u00e1 en las canchas del Club irland\u00e9s de Raqueta, donde el p\u00fablico podr\u00e1 disfrutar de estupendos encuentros. La entrada al club es gratuita.<\/p>\n\n\n\n<p><strong>CALIFICADORES<\/strong><\/p>\n\n\n\n<p>Marco \u00c1lvarez, adem\u00e1s de los hermanos Juan Pablo y Eduardo Rold\u00e1n y Jos\u00e9 Manuel y Juan Miguel \u00c1vila, son de los jugadores que consiguieron su pase al cuadro principal, al concluir este lunes la fase de calificaci\u00f3n.<\/p>\n\n\n\n<p>Marco \u00c1lvarez mostr\u00f3 su calidad y en el duelo por el pase se impuso 6-1, 6-0 a Carlos Guzm\u00e1n. Por su parte, Juan Pablo Rold\u00e1n Jacobson dio cuenta por 7-5, 7-5 a Nicol\u00e1s Castillo, en tanto, Eduardo Rold\u00e1n dio cuenta por 6-1, 6-1 de Emiliano L\u00f3pez Gonz\u00e1lez.<\/p>\n\n\n\n<p>Jos\u00e9 Manuel \u00c1vila Duarte tuvo que regresar para salir con el triunfo por 6-3, 3-6, 6-1 sobre Daniel Emiliano Rodr\u00edguez, mientras Juan Miguel \u00c1vila se impuso 6-2, 6-0 a Maximiliano Roca.<\/p>\n\n\n\n<p>Otro que logr\u00f3 su pase fue C\u00e9sar Emiliano Flores, quien dio cuenta por 5-7, 6-4, 0-2 y retiro sobre Juan Pablo Calva.<\/p>\n\n\n\n<p>Tambi\u00e9n se metieron al cuadro principal, Edgar Cruz, quien se impuso 4-6, 7-5, 6-0 a Carlos Alberto Carranza y Kevin Castrej\u00f3n, quien super\u00f3 6-2, 6-3 a Maximiliano Reyes Bosada.<\/p>\n\n\n\n<p><\/p>\n","protected":false},"excerpt":{"rendered":"<p>(Foto: Cortes\u00eda) Con la participaci\u00f3n de los mejores tenistas mexicanos, este martes 2 de diciembre<\/p>\n","protected":false},"author":4,"featured_media":11593,"comment_status":"closed","ping_status":"open","sticky":false,"template":"","format":"standard","meta":{"_jetpack_memberships_contains_paid_content":false,"footnotes":""},"categories":[68],"tags":[],"class_list":["post-11592","post","type-post","status-publish","format-standard","has-post-thumbnail","hentry","category-tenis-2"],"yoast_head":"<!-- This site is optimized with the Yoast SEO plugin v25.7 - https:\/\/yoast.com\/wordpress\/plugins\/seo\/ -->\n<title>Abre la pasi\u00f3n del XXX Campeonato Nacional de Tenis Varonil de Primera Fuerza - Esbozo Deportivo<\/title>\n<meta name=\"description\" content=\"Con la participaci\u00f3n de los mejores tenistas mexicanos, este martes 2 de diciembre dar\u00e1n inicio los partidos del cuadro principal del XXX Campeonato Nacional de Tenis Varonil de Primera Fuerza \u201cPunta M\u00e9dica Alta Especialidad, presentado por Caliente\u201d, que, con bolsa de UN MILL\u00d3N DE PESOS, se disputar\u00e1 del 2 al 7 de diciembre, en el Club Irland\u00e9s de Raqueta.\" \/>\n<meta name=\"robots\" content=\"index, follow, max-snippet:-1, max-image-preview:large, max-video-preview:-1\" \/>\n<link rel=\"canonical\" href=\"https:\/\/esbozodeportivo.com\/index.php\/2025\/12\/02\/abre-la-pasion-del-xxx-campeonato-nacional-de-tenis-varonil-de-primera-fuerza\/\" \/>\n<meta property=\"og:locale\" content=\"es_MX\" \/>\n<meta property=\"og:type\" content=\"article\" \/>\n<meta property=\"og:title\" content=\"Abre la pasi\u00f3n del XXX Campeonato Nacional de Tenis Varonil de Primera Fuerza - Esbozo Deportivo\" \/>\n<meta property=\"og:description\" content=\"Con la participaci\u00f3n de los mejores tenistas mexicanos, este martes 2 de diciembre dar\u00e1n inicio los partidos del cuadro principal del XXX Campeonato Nacional de Tenis Varonil de Primera Fuerza \u201cPunta M\u00e9dica Alta Especialidad, presentado por Caliente\u201d, que, con bolsa de UN MILL\u00d3N DE PESOS, se disputar\u00e1 del 2 al 7 de diciembre, en el Club Irland\u00e9s de Raqueta.\" \/>\n<meta property=\"og:url\" content=\"https:\/\/esbozodeportivo.com\/index.php\/2025\/12\/02\/abre-la-pasion-del-xxx-campeonato-nacional-de-tenis-varonil-de-primera-fuerza\/\" \/>\n<meta property=\"og:site_name\" content=\"Esbozo Deportivo\" \/>\n<meta property=\"article:published_time\" content=\"2025-12-02T06:24:50+00:00\" \/>\n<meta property=\"article:modified_time\" content=\"2025-12-02T06:24:51+00:00\" \/>\n<meta property=\"og:image\" content=\"https:\/\/esbozodeportivo.com\/wp-content\/uploads\/2025\/12\/Tenis.jpg\" \/>\n\t<meta property=\"og:image:width\" content=\"1304\" \/>\n\t<meta property=\"og:image:height\" content=\"978\" \/>\n\t<meta property=\"og:image:type\" content=\"image\/jpeg\" \/>\n<meta name=\"author\" content=\"Redacci\u00f3n\" \/>\n<meta name=\"twitter:card\" content=\"summary_large_image\" \/>\n<meta name=\"twitter:label1\" content=\"Escrito por\" \/>\n\t<meta name=\"twitter:data1\" content=\"Redacci\u00f3n\" \/>\n\t<meta name=\"twitter:label2\" content=\"Tiempo de lectura\" \/>\n\t<meta name=\"twitter:data2\" content=\"5 minutos\" \/>\n<script type=\"application\/ld+json\" class=\"yoast-schema-graph\">{\"@context\":\"https:\/\/schema.org\",\"@graph\":[{\"@type\":\"Article\",\"@id\":\"https:\/\/esbozodeportivo.com\/index.php\/2025\/12\/02\/abre-la-pasion-del-xxx-campeonato-nacional-de-tenis-varonil-de-primera-fuerza\/#article\",\"isPartOf\":{\"@id\":\"https:\/\/esbozodeportivo.com\/index.php\/2025\/12\/02\/abre-la-pasion-del-xxx-campeonato-nacional-de-tenis-varonil-de-primera-fuerza\/\"},\"author\":{\"name\":\"Redacci\u00f3n\",\"@id\":\"https:\/\/esbozodeportivo.com\/#\/schema\/person\/0f6df9196dfe6740dd0bb31bae50d374\"},\"headline\":\"Abre la pasi\u00f3n del XXX Campeonato Nacional de Tenis Varonil de Primera Fuerza\",\"datePublished\":\"2025-12-02T06:24:50+00:00\",\"dateModified\":\"2025-12-02T06:24:51+00:00\",\"mainEntityOfPage\":{\"@id\":\"https:\/\/esbozodeportivo.com\/index.php\/2025\/12\/02\/abre-la-pasion-del-xxx-campeonato-nacional-de-tenis-varonil-de-primera-fuerza\/\"},\"wordCount\":1050,\"publisher\":{\"@id\":\"https:\/\/esbozodeportivo.com\/#organization\"},\"image\":{\"@id\":\"https:\/\/esbozodeportivo.com\/index.php\/2025\/12\/02\/abre-la-pasion-del-xxx-campeonato-nacional-de-tenis-varonil-de-primera-fuerza\/#primaryimage\"},\"thumbnailUrl\":\"https:\/\/esbozodeportivo.com\/wp-content\/uploads\/2025\/12\/Tenis.jpg\",\"articleSection\":[\"Tenis\"],\"inLanguage\":\"es\"},{\"@type\":\"WebPage\",\"@id\":\"https:\/\/esbozodeportivo.com\/index.php\/2025\/12\/02\/abre-la-pasion-del-xxx-campeonato-nacional-de-tenis-varonil-de-primera-fuerza\/\",\"url\":\"https:\/\/esbozodeportivo.com\/index.php\/2025\/12\/02\/abre-la-pasion-del-xxx-campeonato-nacional-de-tenis-varonil-de-primera-fuerza\/\",\"name\":\"Abre la pasi\u00f3n del XXX Campeonato Nacional de Tenis Varonil de Primera Fuerza - Esbozo Deportivo\",\"isPartOf\":{\"@id\":\"https:\/\/esbozodeportivo.com\/#website\"},\"primaryImageOfPage\":{\"@id\":\"https:\/\/esbozodeportivo.com\/index.php\/2025\/12\/02\/abre-la-pasion-del-xxx-campeonato-nacional-de-tenis-varonil-de-primera-fuerza\/#primaryimage\"},\"image\":{\"@id\":\"https:\/\/esbozodeportivo.com\/index.php\/2025\/12\/02\/abre-la-pasion-del-xxx-campeonato-nacional-de-tenis-varonil-de-primera-fuerza\/#primaryimage\"},\"thumbnailUrl\":\"https:\/\/esbozodeportivo.com\/wp-content\/uploads\/2025\/12\/Tenis.jpg\",\"datePublished\":\"2025-12-02T06:24:50+00:00\",\"dateModified\":\"2025-12-02T06:24:51+00:00\",\"description\":\"Con la participaci\u00f3n de los mejores tenistas mexicanos, este martes 2 de diciembre dar\u00e1n inicio los partidos del cuadro principal del XXX Campeonato Nacional de Tenis Varonil de Primera Fuerza \u201cPunta M\u00e9dica Alta Especialidad, presentado por Caliente\u201d, que, con bolsa de UN MILL\u00d3N DE PESOS, se disputar\u00e1 del 2 al 7 de diciembre, en el Club Irland\u00e9s de Raqueta.\",\"breadcrumb\":{\"@id\":\"https:\/\/esbozodeportivo.com\/index.php\/2025\/12\/02\/abre-la-pasion-del-xxx-campeonato-nacional-de-tenis-varonil-de-primera-fuerza\/#breadcrumb\"},\"inLanguage\":\"es\",\"potentialAction\":[{\"@type\":\"ReadAction\",\"target\":[\"https:\/\/esbozodeportivo.com\/index.php\/2025\/12\/02\/abre-la-pasion-del-xxx-campeonato-nacional-de-tenis-varonil-de-primera-fuerza\/\"]}]},{\"@type\":\"ImageObject\",\"inLanguage\":\"es\",\"@id\":\"https:\/\/esbozodeportivo.com\/index.php\/2025\/12\/02\/abre-la-pasion-del-xxx-campeonato-nacional-de-tenis-varonil-de-primera-fuerza\/#primaryimage\",\"url\":\"https:\/\/esbozodeportivo.com\/wp-content\/uploads\/2025\/12\/Tenis.jpg\",\"contentUrl\":\"https:\/\/esbozodeportivo.com\/wp-content\/uploads\/2025\/12\/Tenis.jpg\",\"width\":1304,\"height\":978},{\"@type\":\"BreadcrumbList\",\"@id\":\"https:\/\/esbozodeportivo.com\/index.php\/2025\/12\/02\/abre-la-pasion-del-xxx-campeonato-nacional-de-tenis-varonil-de-primera-fuerza\/#breadcrumb\",\"itemListElement\":[{\"@type\":\"ListItem\",\"position\":1,\"name\":\"Inicio\",\"item\":\"https:\/\/esbozodeportivo.com\/\"},{\"@type\":\"ListItem\",\"position\":2,\"name\":\"Abre la pasi\u00f3n del XXX Campeonato Nacional de Tenis Varonil de Primera Fuerza\"}]},{\"@type\":\"WebSite\",\"@id\":\"https:\/\/esbozodeportivo.com\/#website\",\"url\":\"https:\/\/esbozodeportivo.com\/\",\"name\":\"Esbozo Deportivo\",\"description\":\"Lo m\u00e1s importante del Deporte\",\"publisher\":{\"@id\":\"https:\/\/esbozodeportivo.com\/#organization\"},\"potentialAction\":[{\"@type\":\"SearchAction\",\"target\":{\"@type\":\"EntryPoint\",\"urlTemplate\":\"https:\/\/esbozodeportivo.com\/?s={search_term_string}\"},\"query-input\":{\"@type\":\"PropertyValueSpecification\",\"valueRequired\":true,\"valueName\":\"search_term_string\"}}],\"inLanguage\":\"es\"},{\"@type\":\"Organization\",\"@id\":\"https:\/\/esbozodeportivo.com\/#organization\",\"name\":\"Esbozo Deportivo\",\"url\":\"https:\/\/esbozodeportivo.com\/\",\"logo\":{\"@type\":\"ImageObject\",\"inLanguage\":\"es\",\"@id\":\"https:\/\/esbozodeportivo.com\/#\/schema\/logo\/image\/\",\"url\":\"https:\/\/esbozodeportivo.com\/wp-content\/uploads\/2022\/08\/cropped-Logo-Esbozo-Web-2.png\",\"contentUrl\":\"https:\/\/esbozodeportivo.com\/wp-content\/uploads\/2022\/08\/cropped-Logo-Esbozo-Web-2.png\",\"width\":180,\"height\":50,\"caption\":\"Esbozo Deportivo\"},\"image\":{\"@id\":\"https:\/\/esbozodeportivo.com\/#\/schema\/logo\/image\/\"}},{\"@type\":\"Person\",\"@id\":\"https:\/\/esbozodeportivo.com\/#\/schema\/person\/0f6df9196dfe6740dd0bb31bae50d374\",\"name\":\"Redacci\u00f3n\",\"image\":{\"@type\":\"ImageObject\",\"inLanguage\":\"es\",\"@id\":\"https:\/\/esbozodeportivo.com\/#\/schema\/person\/image\/\",\"url\":\"https:\/\/secure.gravatar.com\/avatar\/f55268a89c3b418f2ef172ff52ab0d09b3e653c58de29539fe329fb93d78ebf3?s=96&d=mm&r=g\",\"contentUrl\":\"https:\/\/secure.gravatar.com\/avatar\/f55268a89c3b418f2ef172ff52ab0d09b3e653c58de29539fe329fb93d78ebf3?s=96&d=mm&r=g\",\"caption\":\"Redacci\u00f3n\"},\"url\":\"https:\/\/esbozodeportivo.com\/index.php\/author\/redaccion\/\"}]}<\/script>\n<!-- \/ Yoast SEO plugin. -->","yoast_head_json":{"title":"Abre la pasi\u00f3n del XXX Campeonato Nacional de Tenis Varonil de Primera Fuerza - Esbozo Deportivo","description":"Con la participaci\u00f3n de los mejores tenistas mexicanos, este martes 2 de diciembre dar\u00e1n inicio los partidos del cuadro principal del XXX Campeonato Nacional de Tenis Varonil de Primera Fuerza \u201cPunta M\u00e9dica Alta Especialidad, presentado por Caliente\u201d, que, con bolsa de UN MILL\u00d3N DE PESOS, se disputar\u00e1 del 2 al 7 de diciembre, en el Club Irland\u00e9s de Raqueta.","robots":{"index":"index","follow":"follow","max-snippet":"max-snippet:-1","max-image-preview":"max-image-preview:large","max-video-preview":"max-video-preview:-1"},"canonical":"https:\/\/esbozodeportivo.com\/index.php\/2025\/12\/02\/abre-la-pasion-del-xxx-campeonato-nacional-de-tenis-varonil-de-primera-fuerza\/","og_locale":"es_MX","og_type":"article","og_title":"Abre la pasi\u00f3n del XXX Campeonato Nacional de Tenis Varonil de Primera Fuerza - Esbozo Deportivo","og_description":"Con la participaci\u00f3n de los mejores tenistas mexicanos, este martes 2 de diciembre dar\u00e1n inicio los partidos del cuadro principal del XXX Campeonato Nacional de Tenis Varonil de Primera Fuerza \u201cPunta M\u00e9dica Alta Especialidad, presentado por Caliente\u201d, que, con bolsa de UN MILL\u00d3N DE PESOS, se disputar\u00e1 del 2 al 7 de diciembre, en el Club Irland\u00e9s de Raqueta.","og_url":"https:\/\/esbozodeportivo.com\/index.php\/2025\/12\/02\/abre-la-pasion-del-xxx-campeonato-nacional-de-tenis-varonil-de-primera-fuerza\/","og_site_name":"Esbozo Deportivo","article_published_time":"2025-12-02T06:24:50+00:00","article_modified_time":"2025-12-02T06:24:51+00:00","og_image":[{"width":1304,"height":978,"url":"https:\/\/esbozodeportivo.com\/wp-content\/uploads\/2025\/12\/Tenis.jpg","type":"image\/jpeg"}],"author":"Redacci\u00f3n","twitter_card":"summary_large_image","twitter_misc":{"Escrito por":"Redacci\u00f3n","Tiempo de lectura":"5 minutos"},"schema":{"@context":"https:\/\/schema.org","@graph":[{"@type":"Article","@id":"https:\/\/esbozodeportivo.com\/index.php\/2025\/12\/02\/abre-la-pasion-del-xxx-campeonato-nacional-de-tenis-varonil-de-primera-fuerza\/#article","isPartOf":{"@id":"https:\/\/esbozodeportivo.com\/index.php\/2025\/12\/02\/abre-la-pasion-del-xxx-campeonato-nacional-de-tenis-varonil-de-primera-fuerza\/"},"author":{"name":"Redacci\u00f3n","@id":"https:\/\/esbozodeportivo.com\/#\/schema\/person\/0f6df9196dfe6740dd0bb31bae50d374"},"headline":"Abre la pasi\u00f3n del XXX Campeonato Nacional de Tenis Varonil de Primera Fuerza","datePublished":"2025-12-02T06:24:50+00:00","dateModified":"2025-12-02T06:24:51+00:00","mainEntityOfPage":{"@id":"https:\/\/esbozodeportivo.com\/index.php\/2025\/12\/02\/abre-la-pasion-del-xxx-campeonato-nacional-de-tenis-varonil-de-primera-fuerza\/"},"wordCount":1050,"publisher":{"@id":"https:\/\/esbozodeportivo.com\/#organization"},"image":{"@id":"https:\/\/esbozodeportivo.com\/index.php\/2025\/12\/02\/abre-la-pasion-del-xxx-campeonato-nacional-de-tenis-varonil-de-primera-fuerza\/#primaryimage"},"thumbnailUrl":"https:\/\/esbozodeportivo.com\/wp-content\/uploads\/2025\/12\/Tenis.jpg","articleSection":["Tenis"],"inLanguage":"es"},{"@type":"WebPage","@id":"https:\/\/esbozodeportivo.com\/index.php\/2025\/12\/02\/abre-la-pasion-del-xxx-campeonato-nacional-de-tenis-varonil-de-primera-fuerza\/","url":"https:\/\/esbozodeportivo.com\/index.php\/2025\/12\/02\/abre-la-pasion-del-xxx-campeonato-nacional-de-tenis-varonil-de-primera-fuerza\/","name":"Abre la pasi\u00f3n del XXX Campeonato Nacional de Tenis Varonil de Primera Fuerza - Esbozo Deportivo","isPartOf":{"@id":"https:\/\/esbozodeportivo.com\/#website"},"primaryImageOfPage":{"@id":"https:\/\/esbozodeportivo.com\/index.php\/2025\/12\/02\/abre-la-pasion-del-xxx-campeonato-nacional-de-tenis-varonil-de-primera-fuerza\/#primaryimage"},"image":{"@id":"https:\/\/esbozodeportivo.com\/index.php\/2025\/12\/02\/abre-la-pasion-del-xxx-campeonato-nacional-de-tenis-varonil-de-primera-fuerza\/#primaryimage"},"thumbnailUrl":"https:\/\/esbozodeportivo.com\/wp-content\/uploads\/2025\/12\/Tenis.jpg","datePublished":"2025-12-02T06:24:50+00:00","dateModified":"2025-12-02T06:24:51+00:00","description":"Con la participaci\u00f3n de los mejores tenistas mexicanos, este martes 2 de diciembre dar\u00e1n inicio los partidos del cuadro principal del XXX Campeonato Nacional de Tenis Varonil de Primera Fuerza \u201cPunta M\u00e9dica Alta Especialidad, presentado por Caliente\u201d, que, con bolsa de UN MILL\u00d3N DE PESOS, se disputar\u00e1 del 2 al 7 de diciembre, en el Club Irland\u00e9s de Raqueta.","breadcrumb":{"@id":"https:\/\/esbozodeportivo.com\/index.php\/2025\/12\/02\/abre-la-pasion-del-xxx-campeonato-nacional-de-tenis-varonil-de-primera-fuerza\/#breadcrumb"},"inLanguage":"es","potentialAction":[{"@type":"ReadAction","target":["https:\/\/esbozodeportivo.com\/index.php\/2025\/12\/02\/abre-la-pasion-del-xxx-campeonato-nacional-de-tenis-varonil-de-primera-fuerza\/"]}]},{"@type":"ImageObject","inLanguage":"es","@id":"https:\/\/esbozodeportivo.com\/index.php\/2025\/12\/02\/abre-la-pasion-del-xxx-campeonato-nacional-de-tenis-varonil-de-primera-fuerza\/#primaryimage","url":"https:\/\/esbozodeportivo.com\/wp-content\/uploads\/2025\/12\/Tenis.jpg","contentUrl":"https:\/\/esbozodeportivo.com\/wp-content\/uploads\/2025\/12\/Tenis.jpg","width":1304,"height":978},{"@type":"BreadcrumbList","@id":"https:\/\/esbozodeportivo.com\/index.php\/2025\/12\/02\/abre-la-pasion-del-xxx-campeonato-nacional-de-tenis-varonil-de-primera-fuerza\/#breadcrumb","itemListElement":[{"@type":"ListItem","position":1,"name":"Inicio","item":"https:\/\/esbozodeportivo.com\/"},{"@type":"ListItem","position":2,"name":"Abre la pasi\u00f3n del XXX Campeonato Nacional de Tenis Varonil de Primera Fuerza"}]},{"@type":"WebSite","@id":"https:\/\/esbozodeportivo.com\/#website","url":"https:\/\/esbozodeportivo.com\/","name":"Esbozo Deportivo","description":"Lo m\u00e1s importante del Deporte","publisher":{"@id":"https:\/\/esbozodeportivo.com\/#organization"},"potentialAction":[{"@type":"SearchAction","target":{"@type":"EntryPoint","urlTemplate":"https:\/\/esbozodeportivo.com\/?s={search_term_string}"},"query-input":{"@type":"PropertyValueSpecification","valueRequired":true,"valueName":"search_term_string"}}],"inLanguage":"es"},{"@type":"Organization","@id":"https:\/\/esbozodeportivo.com\/#organization","name":"Esbozo Deportivo","url":"https:\/\/esbozodeportivo.com\/","logo":{"@type":"ImageObject","inLanguage":"es","@id":"https:\/\/esbozodeportivo.com\/#\/schema\/logo\/image\/","url":"https:\/\/esbozodeportivo.com\/wp-content\/uploads\/2022\/08\/cropped-Logo-Esbozo-Web-2.png","contentUrl":"https:\/\/esbozodeportivo.com\/wp-content\/uploads\/2022\/08\/cropped-Logo-Esbozo-Web-2.png","width":180,"height":50,"caption":"Esbozo Deportivo"},"image":{"@id":"https:\/\/esbozodeportivo.com\/#\/schema\/logo\/image\/"}},{"@type":"Person","@id":"https:\/\/esbozodeportivo.com\/#\/schema\/person\/0f6df9196dfe6740dd0bb31bae50d374","name":"Redacci\u00f3n","image":{"@type":"ImageObject","inLanguage":"es","@id":"https:\/\/esbozodeportivo.com\/#\/schema\/person\/image\/","url":"https:\/\/secure.gravatar.com\/avatar\/f55268a89c3b418f2ef172ff52ab0d09b3e653c58de29539fe329fb93d78ebf3?s=96&d=mm&r=g","contentUrl":"https:\/\/secure.gravatar.com\/avatar\/f55268a89c3b418f2ef172ff52ab0d09b3e653c58de29539fe329fb93d78ebf3?s=96&d=mm&r=g","caption":"Redacci\u00f3n"},"url":"https:\/\/esbozodeportivo.com\/index.php\/author\/redaccion\/"}]}},"jetpack_featured_media_url":"https:\/\/esbozodeportivo.com\/wp-content\/uploads\/2025\/12\/Tenis.jpg","jetpack_sharing_enabled":true,"_links":{"self":[{"href":"https:\/\/esbozodeportivo.com\/index.php\/wp-json\/wp\/v2\/posts\/11592","targetHints":{"allow":["GET"]}}],"collection":[{"href":"https:\/\/esbozodeportivo.com\/index.php\/wp-json\/wp\/v2\/posts"}],"about":[{"href":"https:\/\/esbozodeportivo.com\/index.php\/wp-json\/wp\/v2\/types\/post"}],"author":[{"embeddable":true,"href":"https:\/\/esbozodeportivo.com\/index.php\/wp-json\/wp\/v2\/users\/4"}],"replies":[{"embeddable":true,"href":"https:\/\/esbozodeportivo.com\/index.php\/wp-json\/wp\/v2\/comments?post=11592"}],"version-history":[{"count":1,"href":"https:\/\/esbozodeportivo.com\/index.php\/wp-json\/wp\/v2\/posts\/11592\/revisions"}],"predecessor-version":[{"id":11594,"href":"https:\/\/esbozodeportivo.com\/index.php\/wp-json\/wp\/v2\/posts\/11592\/revisions\/11594"}],"wp:featuredmedia":[{"embeddable":true,"href":"https:\/\/esbozodeportivo.com\/index.php\/wp-json\/wp\/v2\/media\/11593"}],"wp:attachment":[{"href":"https:\/\/esbozodeportivo.com\/index.php\/wp-json\/wp\/v2\/media?parent=11592"}],"wp:term":[{"taxonomy":"category","embeddable":true,"href":"https:\/\/esbozodeportivo.com\/index.php\/wp-json\/wp\/v2\/categories?post=11592"},{"taxonomy":"post_tag","embeddable":true,"href":"https:\/\/esbozodeportivo.com\/index.php\/wp-json\/wp\/v2\/tags?post=11592"}],"curies":[{"name":"wp","href":"https:\/\/api.w.org\/{rel}","templated":true}]}}