{"id":11603,"date":"2025-12-02T00:33:13","date_gmt":"2025-12-02T06:33:13","guid":{"rendered":"https:\/\/esbozodeportivo.com\/?p=11603"},"modified":"2025-12-02T00:33:14","modified_gmt":"2025-12-02T06:33:14","slug":"levrone-y-duplantis-los-atletas-del-ano","status":"publish","type":"post","link":"https:\/\/esbozodeportivo.com\/index.php\/2025\/12\/02\/levrone-y-duplantis-los-atletas-del-ano\/","title":{"rendered":"Levrone y Duplantis, los Atletas del A\u00f1o"},"content":{"rendered":"\n<p>(Foto: Agencias) <\/p>\n\n\n\n<p>Sydney McLaughlin-Levrone y Armand \u201cMondo\u201d Duplantis ganaron los t\u00edtulos de Atleta del A\u00f1o 2025.<\/p>\n\n\n\n<p>El organismo internacional que rige el atletismo anunci\u00f3 a los ganadores en una ceremonia en M\u00f3naco, donde McLaughlin-Levrone tambi\u00e9n gan\u00f3 el premio de pista femenino y el poseedor del r\u00e9cord mundial de salto con p\u00e9rtiga, Duplantis, gan\u00f3 el premio de eventos de campo masculino.<\/p>\n\n\n\n<p>McLaughlin-Levrone ha estado invicta durante dos a\u00f1os tanto en los 400 metros como en los 400 metros con vallas, una prueba en la que lleva una racha de 24 victorias consecutivas.<\/p>\n\n\n\n<p>Gan\u00f3 los 400 en los campeonatos mundiales en Tokio, rompiendo un r\u00e9cord de campeonato de 42 a\u00f1os y estableciendo el segundo tiempo m\u00e1s r\u00e1pido de la historia. Eso la convirti\u00f3 en la primera atleta en ganar t\u00edtulos mundiales tanto en los 400 como en los 400 metros con vallas.<\/p>\n\n\n\n<p>\u201cLa culminaci\u00f3n de la temporada en Tokio fue un momento realmente especial. Estoy muy agradecida por todos los que apoyaron, vieron, votaron y estuvieron all\u00ed durante todo este proceso. Para m\u00ed, 2025 fue un a\u00f1o de salir de la zona de confort y empujar los l\u00edmites de lo que era mental y f\u00edsicamente posible. Quiero seguir empujando los l\u00edmites en 2026&#8243;, se\u00f1al\u00f3 McLaughlin-Levrone.<\/p>\n\n\n\n<p>Duplantis estableci\u00f3 cuatro r\u00e9cords mundiales de salto con p\u00e9rtiga, cada uno por incrementos de uno cent\u00edmetro, y estuvo invicto en 16 competiciones en 2025, incluidos t\u00edtulos mundiales.<\/p>\n\n\n\n<p>\u201cEspero seguir empujando. \u00a1Espero seguir irritando a todos los que tienen que votar por m\u00ed en los pr\u00f3ximos a\u00f1os! Es realmente importante para m\u00ed ganar esto para los atletas de campo. Es muy especial, realmente voy a atesorar este\u201d, a\u00f1adi\u00f3 Duplantis.<\/p>\n\n\n\n<figure class=\"wp-block-image size-large\"><img loading=\"lazy\" decoding=\"async\" width=\"1024\" height=\"683\" src=\"https:\/\/esbozodeportivo.com\/wp-content\/uploads\/2025\/12\/Atletismo1-1024x683.jpg\" alt=\"\" class=\"wp-image-11598\" srcset=\"https:\/\/esbozodeportivo.com\/wp-content\/uploads\/2025\/12\/Atletismo1-1024x683.jpg 1024w, https:\/\/esbozodeportivo.com\/wp-content\/uploads\/2025\/12\/Atletismo1-300x200.jpg 300w, https:\/\/esbozodeportivo.com\/wp-content\/uploads\/2025\/12\/Atletismo1-768x512.jpg 768w, https:\/\/esbozodeportivo.com\/wp-content\/uploads\/2025\/12\/Atletismo1.jpg 1440w\" sizes=\"auto, (max-width: 1024px) 100vw, 1024px\" \/><\/figure>\n\n\n\n<p>(Foto: Agencias) <\/p>\n\n\n\n<p><\/p>\n","protected":false},"excerpt":{"rendered":"<p>(Foto: Agencias) Sydney McLaughlin-Levrone y Armand \u201cMondo\u201d Duplantis ganaron los t\u00edtulos de Atleta del A\u00f1o<\/p>\n","protected":false},"author":4,"featured_media":11597,"comment_status":"closed","ping_status":"open","sticky":false,"template":"","format":"standard","meta":{"_jetpack_memberships_contains_paid_content":false,"footnotes":""},"categories":[90],"tags":[],"class_list":["post-11603","post","type-post","status-publish","format-standard","has-post-thumbnail","hentry","category-atletismo"],"yoast_head":"<!-- This site is optimized with the Yoast SEO plugin v25.7 - https:\/\/yoast.com\/wordpress\/plugins\/seo\/ -->\n<title>Levrone y Duplantis, los Atletas del A\u00f1o - Esbozo Deportivo<\/title>\n<meta name=\"description\" content=\"El organismo internacional que rige el atletismo anunci\u00f3 a los ganadores en una ceremonia en M\u00f3naco, donde McLaughlin-Levrone tambi\u00e9n gan\u00f3 el premio de pista femenino y el poseedor del r\u00e9cord mundial de salto con p\u00e9rtiga, Duplantis, gan\u00f3 el premio de eventos de campo masculino.\" \/>\n<meta name=\"robots\" content=\"index, follow, max-snippet:-1, max-image-preview:large, max-video-preview:-1\" \/>\n<link rel=\"canonical\" href=\"https:\/\/esbozodeportivo.com\/index.php\/2025\/12\/02\/levrone-y-duplantis-los-atletas-del-ano\/\" \/>\n<meta property=\"og:locale\" content=\"es_MX\" \/>\n<meta property=\"og:type\" content=\"article\" \/>\n<meta property=\"og:title\" content=\"Levrone y Duplantis, los Atletas del A\u00f1o - Esbozo Deportivo\" \/>\n<meta property=\"og:description\" content=\"El organismo internacional que rige el atletismo anunci\u00f3 a los ganadores en una ceremonia en M\u00f3naco, donde McLaughlin-Levrone tambi\u00e9n gan\u00f3 el premio de pista femenino y el poseedor del r\u00e9cord mundial de salto con p\u00e9rtiga, Duplantis, gan\u00f3 el premio de eventos de campo masculino.\" \/>\n<meta property=\"og:url\" content=\"https:\/\/esbozodeportivo.com\/index.php\/2025\/12\/02\/levrone-y-duplantis-los-atletas-del-ano\/\" \/>\n<meta property=\"og:site_name\" content=\"Esbozo Deportivo\" \/>\n<meta property=\"article:published_time\" content=\"2025-12-02T06:33:13+00:00\" \/>\n<meta property=\"article:modified_time\" content=\"2025-12-02T06:33:14+00:00\" \/>\n<meta property=\"og:image\" content=\"https:\/\/esbozodeportivo.com\/wp-content\/uploads\/2025\/12\/Atletismo.jpg\" \/>\n\t<meta property=\"og:image:width\" content=\"1440\" \/>\n\t<meta property=\"og:image:height\" content=\"960\" \/>\n\t<meta property=\"og:image:type\" content=\"image\/jpeg\" \/>\n<meta name=\"author\" content=\"Redacci\u00f3n\" \/>\n<meta name=\"twitter:card\" content=\"summary_large_image\" \/>\n<meta name=\"twitter:label1\" content=\"Escrito por\" \/>\n\t<meta name=\"twitter:data1\" content=\"Redacci\u00f3n\" \/>\n\t<meta name=\"twitter:label2\" content=\"Tiempo de lectura\" \/>\n\t<meta name=\"twitter:data2\" content=\"2 minutos\" \/>\n<script type=\"application\/ld+json\" class=\"yoast-schema-graph\">{\"@context\":\"https:\/\/schema.org\",\"@graph\":[{\"@type\":\"Article\",\"@id\":\"https:\/\/esbozodeportivo.com\/index.php\/2025\/12\/02\/levrone-y-duplantis-los-atletas-del-ano\/#article\",\"isPartOf\":{\"@id\":\"https:\/\/esbozodeportivo.com\/index.php\/2025\/12\/02\/levrone-y-duplantis-los-atletas-del-ano\/\"},\"author\":{\"name\":\"Redacci\u00f3n\",\"@id\":\"https:\/\/esbozodeportivo.com\/#\/schema\/person\/0f6df9196dfe6740dd0bb31bae50d374\"},\"headline\":\"Levrone y Duplantis, los Atletas del A\u00f1o\",\"datePublished\":\"2025-12-02T06:33:13+00:00\",\"dateModified\":\"2025-12-02T06:33:14+00:00\",\"mainEntityOfPage\":{\"@id\":\"https:\/\/esbozodeportivo.com\/index.php\/2025\/12\/02\/levrone-y-duplantis-los-atletas-del-ano\/\"},\"wordCount\":294,\"publisher\":{\"@id\":\"https:\/\/esbozodeportivo.com\/#organization\"},\"image\":{\"@id\":\"https:\/\/esbozodeportivo.com\/index.php\/2025\/12\/02\/levrone-y-duplantis-los-atletas-del-ano\/#primaryimage\"},\"thumbnailUrl\":\"https:\/\/esbozodeportivo.com\/wp-content\/uploads\/2025\/12\/Atletismo.jpg\",\"articleSection\":[\"Atletismo\"],\"inLanguage\":\"es\"},{\"@type\":\"WebPage\",\"@id\":\"https:\/\/esbozodeportivo.com\/index.php\/2025\/12\/02\/levrone-y-duplantis-los-atletas-del-ano\/\",\"url\":\"https:\/\/esbozodeportivo.com\/index.php\/2025\/12\/02\/levrone-y-duplantis-los-atletas-del-ano\/\",\"name\":\"Levrone y Duplantis, los Atletas del A\u00f1o - Esbozo Deportivo\",\"isPartOf\":{\"@id\":\"https:\/\/esbozodeportivo.com\/#website\"},\"primaryImageOfPage\":{\"@id\":\"https:\/\/esbozodeportivo.com\/index.php\/2025\/12\/02\/levrone-y-duplantis-los-atletas-del-ano\/#primaryimage\"},\"image\":{\"@id\":\"https:\/\/esbozodeportivo.com\/index.php\/2025\/12\/02\/levrone-y-duplantis-los-atletas-del-ano\/#primaryimage\"},\"thumbnailUrl\":\"https:\/\/esbozodeportivo.com\/wp-content\/uploads\/2025\/12\/Atletismo.jpg\",\"datePublished\":\"2025-12-02T06:33:13+00:00\",\"dateModified\":\"2025-12-02T06:33:14+00:00\",\"description\":\"El organismo internacional que rige el atletismo anunci\u00f3 a los ganadores en una ceremonia en M\u00f3naco, donde McLaughlin-Levrone tambi\u00e9n gan\u00f3 el premio de pista femenino y el poseedor del r\u00e9cord mundial de salto con p\u00e9rtiga, Duplantis, gan\u00f3 el premio de eventos de campo masculino.\",\"breadcrumb\":{\"@id\":\"https:\/\/esbozodeportivo.com\/index.php\/2025\/12\/02\/levrone-y-duplantis-los-atletas-del-ano\/#breadcrumb\"},\"inLanguage\":\"es\",\"potentialAction\":[{\"@type\":\"ReadAction\",\"target\":[\"https:\/\/esbozodeportivo.com\/index.php\/2025\/12\/02\/levrone-y-duplantis-los-atletas-del-ano\/\"]}]},{\"@type\":\"ImageObject\",\"inLanguage\":\"es\",\"@id\":\"https:\/\/esbozodeportivo.com\/index.php\/2025\/12\/02\/levrone-y-duplantis-los-atletas-del-ano\/#primaryimage\",\"url\":\"https:\/\/esbozodeportivo.com\/wp-content\/uploads\/2025\/12\/Atletismo.jpg\",\"contentUrl\":\"https:\/\/esbozodeportivo.com\/wp-content\/uploads\/2025\/12\/Atletismo.jpg\",\"width\":1440,\"height\":960},{\"@type\":\"BreadcrumbList\",\"@id\":\"https:\/\/esbozodeportivo.com\/index.php\/2025\/12\/02\/levrone-y-duplantis-los-atletas-del-ano\/#breadcrumb\",\"itemListElement\":[{\"@type\":\"ListItem\",\"position\":1,\"name\":\"Inicio\",\"item\":\"https:\/\/esbozodeportivo.com\/\"},{\"@type\":\"ListItem\",\"position\":2,\"name\":\"Levrone y Duplantis, los Atletas del A\u00f1o\"}]},{\"@type\":\"WebSite\",\"@id\":\"https:\/\/esbozodeportivo.com\/#website\",\"url\":\"https:\/\/esbozodeportivo.com\/\",\"name\":\"Esbozo Deportivo\",\"description\":\"Lo m\u00e1s importante del Deporte\",\"publisher\":{\"@id\":\"https:\/\/esbozodeportivo.com\/#organization\"},\"potentialAction\":[{\"@type\":\"SearchAction\",\"target\":{\"@type\":\"EntryPoint\",\"urlTemplate\":\"https:\/\/esbozodeportivo.com\/?s={search_term_string}\"},\"query-input\":{\"@type\":\"PropertyValueSpecification\",\"valueRequired\":true,\"valueName\":\"search_term_string\"}}],\"inLanguage\":\"es\"},{\"@type\":\"Organization\",\"@id\":\"https:\/\/esbozodeportivo.com\/#organization\",\"name\":\"Esbozo Deportivo\",\"url\":\"https:\/\/esbozodeportivo.com\/\",\"logo\":{\"@type\":\"ImageObject\",\"inLanguage\":\"es\",\"@id\":\"https:\/\/esbozodeportivo.com\/#\/schema\/logo\/image\/\",\"url\":\"https:\/\/esbozodeportivo.com\/wp-content\/uploads\/2022\/08\/cropped-Logo-Esbozo-Web-2.png\",\"contentUrl\":\"https:\/\/esbozodeportivo.com\/wp-content\/uploads\/2022\/08\/cropped-Logo-Esbozo-Web-2.png\",\"width\":180,\"height\":50,\"caption\":\"Esbozo Deportivo\"},\"image\":{\"@id\":\"https:\/\/esbozodeportivo.com\/#\/schema\/logo\/image\/\"}},{\"@type\":\"Person\",\"@id\":\"https:\/\/esbozodeportivo.com\/#\/schema\/person\/0f6df9196dfe6740dd0bb31bae50d374\",\"name\":\"Redacci\u00f3n\",\"image\":{\"@type\":\"ImageObject\",\"inLanguage\":\"es\",\"@id\":\"https:\/\/esbozodeportivo.com\/#\/schema\/person\/image\/\",\"url\":\"https:\/\/secure.gravatar.com\/avatar\/f55268a89c3b418f2ef172ff52ab0d09b3e653c58de29539fe329fb93d78ebf3?s=96&d=mm&r=g\",\"contentUrl\":\"https:\/\/secure.gravatar.com\/avatar\/f55268a89c3b418f2ef172ff52ab0d09b3e653c58de29539fe329fb93d78ebf3?s=96&d=mm&r=g\",\"caption\":\"Redacci\u00f3n\"},\"url\":\"https:\/\/esbozodeportivo.com\/index.php\/author\/redaccion\/\"}]}<\/script>\n<!-- \/ Yoast SEO plugin. -->","yoast_head_json":{"title":"Levrone y Duplantis, los Atletas del A\u00f1o - Esbozo Deportivo","description":"El organismo internacional que rige el atletismo anunci\u00f3 a los ganadores en una ceremonia en M\u00f3naco, donde McLaughlin-Levrone tambi\u00e9n gan\u00f3 el premio de pista femenino y el poseedor del r\u00e9cord mundial de salto con p\u00e9rtiga, Duplantis, gan\u00f3 el premio de eventos de campo masculino.","robots":{"index":"index","follow":"follow","max-snippet":"max-snippet:-1","max-image-preview":"max-image-preview:large","max-video-preview":"max-video-preview:-1"},"canonical":"https:\/\/esbozodeportivo.com\/index.php\/2025\/12\/02\/levrone-y-duplantis-los-atletas-del-ano\/","og_locale":"es_MX","og_type":"article","og_title":"Levrone y Duplantis, los Atletas del A\u00f1o - Esbozo Deportivo","og_description":"El organismo internacional que rige el atletismo anunci\u00f3 a los ganadores en una ceremonia en M\u00f3naco, donde McLaughlin-Levrone tambi\u00e9n gan\u00f3 el premio de pista femenino y el poseedor del r\u00e9cord mundial de salto con p\u00e9rtiga, Duplantis, gan\u00f3 el premio de eventos de campo masculino.","og_url":"https:\/\/esbozodeportivo.com\/index.php\/2025\/12\/02\/levrone-y-duplantis-los-atletas-del-ano\/","og_site_name":"Esbozo Deportivo","article_published_time":"2025-12-02T06:33:13+00:00","article_modified_time":"2025-12-02T06:33:14+00:00","og_image":[{"width":1440,"height":960,"url":"https:\/\/esbozodeportivo.com\/wp-content\/uploads\/2025\/12\/Atletismo.jpg","type":"image\/jpeg"}],"author":"Redacci\u00f3n","twitter_card":"summary_large_image","twitter_misc":{"Escrito por":"Redacci\u00f3n","Tiempo de lectura":"2 minutos"},"schema":{"@context":"https:\/\/schema.org","@graph":[{"@type":"Article","@id":"https:\/\/esbozodeportivo.com\/index.php\/2025\/12\/02\/levrone-y-duplantis-los-atletas-del-ano\/#article","isPartOf":{"@id":"https:\/\/esbozodeportivo.com\/index.php\/2025\/12\/02\/levrone-y-duplantis-los-atletas-del-ano\/"},"author":{"name":"Redacci\u00f3n","@id":"https:\/\/esbozodeportivo.com\/#\/schema\/person\/0f6df9196dfe6740dd0bb31bae50d374"},"headline":"Levrone y Duplantis, los Atletas del A\u00f1o","datePublished":"2025-12-02T06:33:13+00:00","dateModified":"2025-12-02T06:33:14+00:00","mainEntityOfPage":{"@id":"https:\/\/esbozodeportivo.com\/index.php\/2025\/12\/02\/levrone-y-duplantis-los-atletas-del-ano\/"},"wordCount":294,"publisher":{"@id":"https:\/\/esbozodeportivo.com\/#organization"},"image":{"@id":"https:\/\/esbozodeportivo.com\/index.php\/2025\/12\/02\/levrone-y-duplantis-los-atletas-del-ano\/#primaryimage"},"thumbnailUrl":"https:\/\/esbozodeportivo.com\/wp-content\/uploads\/2025\/12\/Atletismo.jpg","articleSection":["Atletismo"],"inLanguage":"es"},{"@type":"WebPage","@id":"https:\/\/esbozodeportivo.com\/index.php\/2025\/12\/02\/levrone-y-duplantis-los-atletas-del-ano\/","url":"https:\/\/esbozodeportivo.com\/index.php\/2025\/12\/02\/levrone-y-duplantis-los-atletas-del-ano\/","name":"Levrone y Duplantis, los Atletas del A\u00f1o - Esbozo Deportivo","isPartOf":{"@id":"https:\/\/esbozodeportivo.com\/#website"},"primaryImageOfPage":{"@id":"https:\/\/esbozodeportivo.com\/index.php\/2025\/12\/02\/levrone-y-duplantis-los-atletas-del-ano\/#primaryimage"},"image":{"@id":"https:\/\/esbozodeportivo.com\/index.php\/2025\/12\/02\/levrone-y-duplantis-los-atletas-del-ano\/#primaryimage"},"thumbnailUrl":"https:\/\/esbozodeportivo.com\/wp-content\/uploads\/2025\/12\/Atletismo.jpg","datePublished":"2025-12-02T06:33:13+00:00","dateModified":"2025-12-02T06:33:14+00:00","description":"El organismo internacional que rige el atletismo anunci\u00f3 a los ganadores en una ceremonia en M\u00f3naco, donde McLaughlin-Levrone tambi\u00e9n gan\u00f3 el premio de pista femenino y el poseedor del r\u00e9cord mundial de salto con p\u00e9rtiga, Duplantis, gan\u00f3 el premio de eventos de campo masculino.","breadcrumb":{"@id":"https:\/\/esbozodeportivo.com\/index.php\/2025\/12\/02\/levrone-y-duplantis-los-atletas-del-ano\/#breadcrumb"},"inLanguage":"es","potentialAction":[{"@type":"ReadAction","target":["https:\/\/esbozodeportivo.com\/index.php\/2025\/12\/02\/levrone-y-duplantis-los-atletas-del-ano\/"]}]},{"@type":"ImageObject","inLanguage":"es","@id":"https:\/\/esbozodeportivo.com\/index.php\/2025\/12\/02\/levrone-y-duplantis-los-atletas-del-ano\/#primaryimage","url":"https:\/\/esbozodeportivo.com\/wp-content\/uploads\/2025\/12\/Atletismo.jpg","contentUrl":"https:\/\/esbozodeportivo.com\/wp-content\/uploads\/2025\/12\/Atletismo.jpg","width":1440,"height":960},{"@type":"BreadcrumbList","@id":"https:\/\/esbozodeportivo.com\/index.php\/2025\/12\/02\/levrone-y-duplantis-los-atletas-del-ano\/#breadcrumb","itemListElement":[{"@type":"ListItem","position":1,"name":"Inicio","item":"https:\/\/esbozodeportivo.com\/"},{"@type":"ListItem","position":2,"name":"Levrone y Duplantis, los Atletas del A\u00f1o"}]},{"@type":"WebSite","@id":"https:\/\/esbozodeportivo.com\/#website","url":"https:\/\/esbozodeportivo.com\/","name":"Esbozo Deportivo","description":"Lo m\u00e1s importante del Deporte","publisher":{"@id":"https:\/\/esbozodeportivo.com\/#organization"},"potentialAction":[{"@type":"SearchAction","target":{"@type":"EntryPoint","urlTemplate":"https:\/\/esbozodeportivo.com\/?s={search_term_string}"},"query-input":{"@type":"PropertyValueSpecification","valueRequired":true,"valueName":"search_term_string"}}],"inLanguage":"es"},{"@type":"Organization","@id":"https:\/\/esbozodeportivo.com\/#organization","name":"Esbozo Deportivo","url":"https:\/\/esbozodeportivo.com\/","logo":{"@type":"ImageObject","inLanguage":"es","@id":"https:\/\/esbozodeportivo.com\/#\/schema\/logo\/image\/","url":"https:\/\/esbozodeportivo.com\/wp-content\/uploads\/2022\/08\/cropped-Logo-Esbozo-Web-2.png","contentUrl":"https:\/\/esbozodeportivo.com\/wp-content\/uploads\/2022\/08\/cropped-Logo-Esbozo-Web-2.png","width":180,"height":50,"caption":"Esbozo Deportivo"},"image":{"@id":"https:\/\/esbozodeportivo.com\/#\/schema\/logo\/image\/"}},{"@type":"Person","@id":"https:\/\/esbozodeportivo.com\/#\/schema\/person\/0f6df9196dfe6740dd0bb31bae50d374","name":"Redacci\u00f3n","image":{"@type":"ImageObject","inLanguage":"es","@id":"https:\/\/esbozodeportivo.com\/#\/schema\/person\/image\/","url":"https:\/\/secure.gravatar.com\/avatar\/f55268a89c3b418f2ef172ff52ab0d09b3e653c58de29539fe329fb93d78ebf3?s=96&d=mm&r=g","contentUrl":"https:\/\/secure.gravatar.com\/avatar\/f55268a89c3b418f2ef172ff52ab0d09b3e653c58de29539fe329fb93d78ebf3?s=96&d=mm&r=g","caption":"Redacci\u00f3n"},"url":"https:\/\/esbozodeportivo.com\/index.php\/author\/redaccion\/"}]}},"jetpack_featured_media_url":"https:\/\/esbozodeportivo.com\/wp-content\/uploads\/2025\/12\/Atletismo.jpg","jetpack_sharing_enabled":true,"_links":{"self":[{"href":"https:\/\/esbozodeportivo.com\/index.php\/wp-json\/wp\/v2\/posts\/11603","targetHints":{"allow":["GET"]}}],"collection":[{"href":"https:\/\/esbozodeportivo.com\/index.php\/wp-json\/wp\/v2\/posts"}],"about":[{"href":"https:\/\/esbozodeportivo.com\/index.php\/wp-json\/wp\/v2\/types\/post"}],"author":[{"embeddable":true,"href":"https:\/\/esbozodeportivo.com\/index.php\/wp-json\/wp\/v2\/users\/4"}],"replies":[{"embeddable":true,"href":"https:\/\/esbozodeportivo.com\/index.php\/wp-json\/wp\/v2\/comments?post=11603"}],"version-history":[{"count":1,"href":"https:\/\/esbozodeportivo.com\/index.php\/wp-json\/wp\/v2\/posts\/11603\/revisions"}],"predecessor-version":[{"id":11604,"href":"https:\/\/esbozodeportivo.com\/index.php\/wp-json\/wp\/v2\/posts\/11603\/revisions\/11604"}],"wp:featuredmedia":[{"embeddable":true,"href":"https:\/\/esbozodeportivo.com\/index.php\/wp-json\/wp\/v2\/media\/11597"}],"wp:attachment":[{"href":"https:\/\/esbozodeportivo.com\/index.php\/wp-json\/wp\/v2\/media?parent=11603"}],"wp:term":[{"taxonomy":"category","embeddable":true,"href":"https:\/\/esbozodeportivo.com\/index.php\/wp-json\/wp\/v2\/categories?post=11603"},{"taxonomy":"post_tag","embeddable":true,"href":"https:\/\/esbozodeportivo.com\/index.php\/wp-json\/wp\/v2\/tags?post=11603"}],"curies":[{"name":"wp","href":"https:\/\/api.w.org\/{rel}","templated":true}]}}