{"id":11641,"date":"2025-12-02T22:56:54","date_gmt":"2025-12-03T04:56:54","guid":{"rendered":"https:\/\/esbozodeportivo.com\/?p=11641"},"modified":"2025-12-02T22:56:55","modified_gmt":"2025-12-03T04:56:55","slug":"ronaldo-si-jugara-ante-mexico","status":"publish","type":"post","link":"https:\/\/esbozodeportivo.com\/index.php\/2025\/12\/02\/ronaldo-si-jugara-ante-mexico\/","title":{"rendered":"Ronaldo s\u00ed jugar\u00e1 ante M\u00e9xico"},"content":{"rendered":"\n<p>(Foto: Facebook) <\/p>\n\n\n\n<p>La selecci\u00f3n de Portugal, encabezada por el astro Cristiano Ronaldo, enfrentar\u00e1 a la de M\u00e9xico en partido de preparaci\u00f3n para el Mundial 2026 que servir\u00e1 para reinaugurar el estadio Azteca en marzo pr\u00f3ximo, confirm\u00f3 el martes la Federaci\u00f3n Mexicana de F\u00fatbol.<\/p>\n\n\n\n<p>Los dirigentes del f\u00fatbol mexicano ten\u00edan meses trabajando por asegurar el choque ante al cuadro luso, pero requer\u00edan confirmar que el equipo avanzar\u00eda directo al Mundial y no mediante el repechaje, que se jugar\u00e1 en esa ventana.<\/p>\n\n\n\n<p>El encuentro ante Portugal se realizar\u00e1 el s\u00e1bado 28 de marzo en la nueva cancha del estadio Azteca, recientemente renombrado Banorte, y que hab\u00eda estado cerrado desde mayo del a\u00f1o pasado para su remodelaci\u00f3n.<\/p>\n\n\n\n<p>Adem\u00e1s del encuentro ante los portugueses, los mexicanos enfrentar\u00e1n a B\u00e9lgica el 31 de marzo, en el estadio Soldier Field de Chicago.<\/p>\n\n\n\n<p>Se tratan de los primeros dos encuentros confirmados para la selecci\u00f3n mexicana el pr\u00f3ximo a\u00f1o.<\/p>\n\n\n\n<p>El entrenador Javier Aguirre dijo luego del \u00faltimo encuentro de 2025, un rev\u00e9s 2-1 ante Paraguay, que buscar\u00eda hacer una gira en enero por Centroam\u00e9rica con jugadores de la liga local, pero todav\u00eda no se han concretado. Con esa derrota ante los paraguayos, el equipo de Aguirre termin\u00f3 el a\u00f1o sumido en una racha de seis encuentros sin poder ganar.<\/p>\n\n\n\n<p>M\u00e9xico ha enfrentado a Portugal, sexto de la clasificaci\u00f3n de la FIFA, en cinco ocasiones en su historia y sus mejores resultados han sido un par de empates.<\/p>\n\n\n\n<p>El \u00faltimo encuentro del seleccionado mexicano ante los lusos fue en la Copa Confederaciones 2017.<\/p>\n\n\n\n<p>Ante B\u00e9lgica, el Tri tiene un saldo favorable en los siete encuentros que se han medido en el pasado, consiguiendo tres victorias con dos empates y dos derrotas.<\/p>\n\n\n\n<p><\/p>\n","protected":false},"excerpt":{"rendered":"<p>(Foto: Facebook) La selecci\u00f3n de Portugal, encabezada por el astro Cristiano Ronaldo, enfrentar\u00e1 a la<\/p>\n","protected":false},"author":4,"featured_media":11642,"comment_status":"closed","ping_status":"open","sticky":false,"template":"","format":"standard","meta":{"_jetpack_memberships_contains_paid_content":false,"footnotes":""},"categories":[71],"tags":[],"class_list":["post-11641","post","type-post","status-publish","format-standard","has-post-thumbnail","hentry","category-mundial-2026"],"yoast_head":"<!-- This site is optimized with the Yoast SEO plugin v25.7 - https:\/\/yoast.com\/wordpress\/plugins\/seo\/ -->\n<title>Ronaldo s\u00ed jugar\u00e1 ante M\u00e9xico - Esbozo Deportivo<\/title>\n<meta name=\"description\" content=\"La selecci\u00f3n de Portugal, encabezada por el astro Cristiano Ronaldo, enfrentar\u00e1 a la de M\u00e9xico en partido de preparaci\u00f3n para el Mundial 2026 que servir\u00e1 para reinaugurar el estadio Azteca en marzo pr\u00f3ximo, confirm\u00f3 el martes la Federaci\u00f3n Mexicana de F\u00fatbol.\" \/>\n<meta name=\"robots\" content=\"index, follow, max-snippet:-1, max-image-preview:large, max-video-preview:-1\" \/>\n<link rel=\"canonical\" href=\"https:\/\/esbozodeportivo.com\/index.php\/2025\/12\/02\/ronaldo-si-jugara-ante-mexico\/\" \/>\n<meta property=\"og:locale\" content=\"es_MX\" \/>\n<meta property=\"og:type\" content=\"article\" \/>\n<meta property=\"og:title\" content=\"Ronaldo s\u00ed jugar\u00e1 ante M\u00e9xico - Esbozo Deportivo\" \/>\n<meta property=\"og:description\" content=\"La selecci\u00f3n de Portugal, encabezada por el astro Cristiano Ronaldo, enfrentar\u00e1 a la de M\u00e9xico en partido de preparaci\u00f3n para el Mundial 2026 que servir\u00e1 para reinaugurar el estadio Azteca en marzo pr\u00f3ximo, confirm\u00f3 el martes la Federaci\u00f3n Mexicana de F\u00fatbol.\" \/>\n<meta property=\"og:url\" content=\"https:\/\/esbozodeportivo.com\/index.php\/2025\/12\/02\/ronaldo-si-jugara-ante-mexico\/\" \/>\n<meta property=\"og:site_name\" content=\"Esbozo Deportivo\" \/>\n<meta property=\"article:published_time\" content=\"2025-12-03T04:56:54+00:00\" \/>\n<meta property=\"article:modified_time\" content=\"2025-12-03T04:56:55+00:00\" \/>\n<meta property=\"og:image\" content=\"https:\/\/esbozodeportivo.com\/wp-content\/uploads\/2025\/12\/Ronaldo.jpg\" \/>\n\t<meta property=\"og:image:width\" content=\"1304\" \/>\n\t<meta property=\"og:image:height\" content=\"1304\" \/>\n\t<meta property=\"og:image:type\" content=\"image\/jpeg\" \/>\n<meta name=\"author\" content=\"Redacci\u00f3n\" \/>\n<meta name=\"twitter:card\" content=\"summary_large_image\" \/>\n<meta name=\"twitter:label1\" content=\"Escrito por\" \/>\n\t<meta name=\"twitter:data1\" content=\"Redacci\u00f3n\" \/>\n\t<meta name=\"twitter:label2\" content=\"Tiempo de lectura\" \/>\n\t<meta name=\"twitter:data2\" content=\"2 minutos\" \/>\n<script type=\"application\/ld+json\" class=\"yoast-schema-graph\">{\"@context\":\"https:\/\/schema.org\",\"@graph\":[{\"@type\":\"Article\",\"@id\":\"https:\/\/esbozodeportivo.com\/index.php\/2025\/12\/02\/ronaldo-si-jugara-ante-mexico\/#article\",\"isPartOf\":{\"@id\":\"https:\/\/esbozodeportivo.com\/index.php\/2025\/12\/02\/ronaldo-si-jugara-ante-mexico\/\"},\"author\":{\"name\":\"Redacci\u00f3n\",\"@id\":\"https:\/\/esbozodeportivo.com\/#\/schema\/person\/0f6df9196dfe6740dd0bb31bae50d374\"},\"headline\":\"Ronaldo s\u00ed jugar\u00e1 ante M\u00e9xico\",\"datePublished\":\"2025-12-03T04:56:54+00:00\",\"dateModified\":\"2025-12-03T04:56:55+00:00\",\"mainEntityOfPage\":{\"@id\":\"https:\/\/esbozodeportivo.com\/index.php\/2025\/12\/02\/ronaldo-si-jugara-ante-mexico\/\"},\"wordCount\":311,\"publisher\":{\"@id\":\"https:\/\/esbozodeportivo.com\/#organization\"},\"image\":{\"@id\":\"https:\/\/esbozodeportivo.com\/index.php\/2025\/12\/02\/ronaldo-si-jugara-ante-mexico\/#primaryimage\"},\"thumbnailUrl\":\"https:\/\/esbozodeportivo.com\/wp-content\/uploads\/2025\/12\/Ronaldo.jpg\",\"articleSection\":[\"Mundial 2026\"],\"inLanguage\":\"es\"},{\"@type\":\"WebPage\",\"@id\":\"https:\/\/esbozodeportivo.com\/index.php\/2025\/12\/02\/ronaldo-si-jugara-ante-mexico\/\",\"url\":\"https:\/\/esbozodeportivo.com\/index.php\/2025\/12\/02\/ronaldo-si-jugara-ante-mexico\/\",\"name\":\"Ronaldo s\u00ed jugar\u00e1 ante M\u00e9xico - Esbozo Deportivo\",\"isPartOf\":{\"@id\":\"https:\/\/esbozodeportivo.com\/#website\"},\"primaryImageOfPage\":{\"@id\":\"https:\/\/esbozodeportivo.com\/index.php\/2025\/12\/02\/ronaldo-si-jugara-ante-mexico\/#primaryimage\"},\"image\":{\"@id\":\"https:\/\/esbozodeportivo.com\/index.php\/2025\/12\/02\/ronaldo-si-jugara-ante-mexico\/#primaryimage\"},\"thumbnailUrl\":\"https:\/\/esbozodeportivo.com\/wp-content\/uploads\/2025\/12\/Ronaldo.jpg\",\"datePublished\":\"2025-12-03T04:56:54+00:00\",\"dateModified\":\"2025-12-03T04:56:55+00:00\",\"description\":\"La selecci\u00f3n de Portugal, encabezada por el astro Cristiano Ronaldo, enfrentar\u00e1 a la de M\u00e9xico en partido de preparaci\u00f3n para el Mundial 2026 que servir\u00e1 para reinaugurar el estadio Azteca en marzo pr\u00f3ximo, confirm\u00f3 el martes la Federaci\u00f3n Mexicana de F\u00fatbol.\",\"breadcrumb\":{\"@id\":\"https:\/\/esbozodeportivo.com\/index.php\/2025\/12\/02\/ronaldo-si-jugara-ante-mexico\/#breadcrumb\"},\"inLanguage\":\"es\",\"potentialAction\":[{\"@type\":\"ReadAction\",\"target\":[\"https:\/\/esbozodeportivo.com\/index.php\/2025\/12\/02\/ronaldo-si-jugara-ante-mexico\/\"]}]},{\"@type\":\"ImageObject\",\"inLanguage\":\"es\",\"@id\":\"https:\/\/esbozodeportivo.com\/index.php\/2025\/12\/02\/ronaldo-si-jugara-ante-mexico\/#primaryimage\",\"url\":\"https:\/\/esbozodeportivo.com\/wp-content\/uploads\/2025\/12\/Ronaldo.jpg\",\"contentUrl\":\"https:\/\/esbozodeportivo.com\/wp-content\/uploads\/2025\/12\/Ronaldo.jpg\",\"width\":1304,\"height\":1304},{\"@type\":\"BreadcrumbList\",\"@id\":\"https:\/\/esbozodeportivo.com\/index.php\/2025\/12\/02\/ronaldo-si-jugara-ante-mexico\/#breadcrumb\",\"itemListElement\":[{\"@type\":\"ListItem\",\"position\":1,\"name\":\"Inicio\",\"item\":\"https:\/\/esbozodeportivo.com\/\"},{\"@type\":\"ListItem\",\"position\":2,\"name\":\"Ronaldo s\u00ed jugar\u00e1 ante M\u00e9xico\"}]},{\"@type\":\"WebSite\",\"@id\":\"https:\/\/esbozodeportivo.com\/#website\",\"url\":\"https:\/\/esbozodeportivo.com\/\",\"name\":\"Esbozo Deportivo\",\"description\":\"Lo m\u00e1s importante del Deporte\",\"publisher\":{\"@id\":\"https:\/\/esbozodeportivo.com\/#organization\"},\"potentialAction\":[{\"@type\":\"SearchAction\",\"target\":{\"@type\":\"EntryPoint\",\"urlTemplate\":\"https:\/\/esbozodeportivo.com\/?s={search_term_string}\"},\"query-input\":{\"@type\":\"PropertyValueSpecification\",\"valueRequired\":true,\"valueName\":\"search_term_string\"}}],\"inLanguage\":\"es\"},{\"@type\":\"Organization\",\"@id\":\"https:\/\/esbozodeportivo.com\/#organization\",\"name\":\"Esbozo Deportivo\",\"url\":\"https:\/\/esbozodeportivo.com\/\",\"logo\":{\"@type\":\"ImageObject\",\"inLanguage\":\"es\",\"@id\":\"https:\/\/esbozodeportivo.com\/#\/schema\/logo\/image\/\",\"url\":\"https:\/\/esbozodeportivo.com\/wp-content\/uploads\/2022\/08\/cropped-Logo-Esbozo-Web-2.png\",\"contentUrl\":\"https:\/\/esbozodeportivo.com\/wp-content\/uploads\/2022\/08\/cropped-Logo-Esbozo-Web-2.png\",\"width\":180,\"height\":50,\"caption\":\"Esbozo Deportivo\"},\"image\":{\"@id\":\"https:\/\/esbozodeportivo.com\/#\/schema\/logo\/image\/\"}},{\"@type\":\"Person\",\"@id\":\"https:\/\/esbozodeportivo.com\/#\/schema\/person\/0f6df9196dfe6740dd0bb31bae50d374\",\"name\":\"Redacci\u00f3n\",\"image\":{\"@type\":\"ImageObject\",\"inLanguage\":\"es\",\"@id\":\"https:\/\/esbozodeportivo.com\/#\/schema\/person\/image\/\",\"url\":\"https:\/\/secure.gravatar.com\/avatar\/f55268a89c3b418f2ef172ff52ab0d09b3e653c58de29539fe329fb93d78ebf3?s=96&d=mm&r=g\",\"contentUrl\":\"https:\/\/secure.gravatar.com\/avatar\/f55268a89c3b418f2ef172ff52ab0d09b3e653c58de29539fe329fb93d78ebf3?s=96&d=mm&r=g\",\"caption\":\"Redacci\u00f3n\"},\"url\":\"https:\/\/esbozodeportivo.com\/index.php\/author\/redaccion\/\"}]}<\/script>\n<!-- \/ Yoast SEO plugin. -->","yoast_head_json":{"title":"Ronaldo s\u00ed jugar\u00e1 ante M\u00e9xico - Esbozo Deportivo","description":"La selecci\u00f3n de Portugal, encabezada por el astro Cristiano Ronaldo, enfrentar\u00e1 a la de M\u00e9xico en partido de preparaci\u00f3n para el Mundial 2026 que servir\u00e1 para reinaugurar el estadio Azteca en marzo pr\u00f3ximo, confirm\u00f3 el martes la Federaci\u00f3n Mexicana de F\u00fatbol.","robots":{"index":"index","follow":"follow","max-snippet":"max-snippet:-1","max-image-preview":"max-image-preview:large","max-video-preview":"max-video-preview:-1"},"canonical":"https:\/\/esbozodeportivo.com\/index.php\/2025\/12\/02\/ronaldo-si-jugara-ante-mexico\/","og_locale":"es_MX","og_type":"article","og_title":"Ronaldo s\u00ed jugar\u00e1 ante M\u00e9xico - Esbozo Deportivo","og_description":"La selecci\u00f3n de Portugal, encabezada por el astro Cristiano Ronaldo, enfrentar\u00e1 a la de M\u00e9xico en partido de preparaci\u00f3n para el Mundial 2026 que servir\u00e1 para reinaugurar el estadio Azteca en marzo pr\u00f3ximo, confirm\u00f3 el martes la Federaci\u00f3n Mexicana de F\u00fatbol.","og_url":"https:\/\/esbozodeportivo.com\/index.php\/2025\/12\/02\/ronaldo-si-jugara-ante-mexico\/","og_site_name":"Esbozo Deportivo","article_published_time":"2025-12-03T04:56:54+00:00","article_modified_time":"2025-12-03T04:56:55+00:00","og_image":[{"width":1304,"height":1304,"url":"https:\/\/esbozodeportivo.com\/wp-content\/uploads\/2025\/12\/Ronaldo.jpg","type":"image\/jpeg"}],"author":"Redacci\u00f3n","twitter_card":"summary_large_image","twitter_misc":{"Escrito por":"Redacci\u00f3n","Tiempo de lectura":"2 minutos"},"schema":{"@context":"https:\/\/schema.org","@graph":[{"@type":"Article","@id":"https:\/\/esbozodeportivo.com\/index.php\/2025\/12\/02\/ronaldo-si-jugara-ante-mexico\/#article","isPartOf":{"@id":"https:\/\/esbozodeportivo.com\/index.php\/2025\/12\/02\/ronaldo-si-jugara-ante-mexico\/"},"author":{"name":"Redacci\u00f3n","@id":"https:\/\/esbozodeportivo.com\/#\/schema\/person\/0f6df9196dfe6740dd0bb31bae50d374"},"headline":"Ronaldo s\u00ed jugar\u00e1 ante M\u00e9xico","datePublished":"2025-12-03T04:56:54+00:00","dateModified":"2025-12-03T04:56:55+00:00","mainEntityOfPage":{"@id":"https:\/\/esbozodeportivo.com\/index.php\/2025\/12\/02\/ronaldo-si-jugara-ante-mexico\/"},"wordCount":311,"publisher":{"@id":"https:\/\/esbozodeportivo.com\/#organization"},"image":{"@id":"https:\/\/esbozodeportivo.com\/index.php\/2025\/12\/02\/ronaldo-si-jugara-ante-mexico\/#primaryimage"},"thumbnailUrl":"https:\/\/esbozodeportivo.com\/wp-content\/uploads\/2025\/12\/Ronaldo.jpg","articleSection":["Mundial 2026"],"inLanguage":"es"},{"@type":"WebPage","@id":"https:\/\/esbozodeportivo.com\/index.php\/2025\/12\/02\/ronaldo-si-jugara-ante-mexico\/","url":"https:\/\/esbozodeportivo.com\/index.php\/2025\/12\/02\/ronaldo-si-jugara-ante-mexico\/","name":"Ronaldo s\u00ed jugar\u00e1 ante M\u00e9xico - Esbozo Deportivo","isPartOf":{"@id":"https:\/\/esbozodeportivo.com\/#website"},"primaryImageOfPage":{"@id":"https:\/\/esbozodeportivo.com\/index.php\/2025\/12\/02\/ronaldo-si-jugara-ante-mexico\/#primaryimage"},"image":{"@id":"https:\/\/esbozodeportivo.com\/index.php\/2025\/12\/02\/ronaldo-si-jugara-ante-mexico\/#primaryimage"},"thumbnailUrl":"https:\/\/esbozodeportivo.com\/wp-content\/uploads\/2025\/12\/Ronaldo.jpg","datePublished":"2025-12-03T04:56:54+00:00","dateModified":"2025-12-03T04:56:55+00:00","description":"La selecci\u00f3n de Portugal, encabezada por el astro Cristiano Ronaldo, enfrentar\u00e1 a la de M\u00e9xico en partido de preparaci\u00f3n para el Mundial 2026 que servir\u00e1 para reinaugurar el estadio Azteca en marzo pr\u00f3ximo, confirm\u00f3 el martes la Federaci\u00f3n Mexicana de F\u00fatbol.","breadcrumb":{"@id":"https:\/\/esbozodeportivo.com\/index.php\/2025\/12\/02\/ronaldo-si-jugara-ante-mexico\/#breadcrumb"},"inLanguage":"es","potentialAction":[{"@type":"ReadAction","target":["https:\/\/esbozodeportivo.com\/index.php\/2025\/12\/02\/ronaldo-si-jugara-ante-mexico\/"]}]},{"@type":"ImageObject","inLanguage":"es","@id":"https:\/\/esbozodeportivo.com\/index.php\/2025\/12\/02\/ronaldo-si-jugara-ante-mexico\/#primaryimage","url":"https:\/\/esbozodeportivo.com\/wp-content\/uploads\/2025\/12\/Ronaldo.jpg","contentUrl":"https:\/\/esbozodeportivo.com\/wp-content\/uploads\/2025\/12\/Ronaldo.jpg","width":1304,"height":1304},{"@type":"BreadcrumbList","@id":"https:\/\/esbozodeportivo.com\/index.php\/2025\/12\/02\/ronaldo-si-jugara-ante-mexico\/#breadcrumb","itemListElement":[{"@type":"ListItem","position":1,"name":"Inicio","item":"https:\/\/esbozodeportivo.com\/"},{"@type":"ListItem","position":2,"name":"Ronaldo s\u00ed jugar\u00e1 ante M\u00e9xico"}]},{"@type":"WebSite","@id":"https:\/\/esbozodeportivo.com\/#website","url":"https:\/\/esbozodeportivo.com\/","name":"Esbozo Deportivo","description":"Lo m\u00e1s importante del Deporte","publisher":{"@id":"https:\/\/esbozodeportivo.com\/#organization"},"potentialAction":[{"@type":"SearchAction","target":{"@type":"EntryPoint","urlTemplate":"https:\/\/esbozodeportivo.com\/?s={search_term_string}"},"query-input":{"@type":"PropertyValueSpecification","valueRequired":true,"valueName":"search_term_string"}}],"inLanguage":"es"},{"@type":"Organization","@id":"https:\/\/esbozodeportivo.com\/#organization","name":"Esbozo Deportivo","url":"https:\/\/esbozodeportivo.com\/","logo":{"@type":"ImageObject","inLanguage":"es","@id":"https:\/\/esbozodeportivo.com\/#\/schema\/logo\/image\/","url":"https:\/\/esbozodeportivo.com\/wp-content\/uploads\/2022\/08\/cropped-Logo-Esbozo-Web-2.png","contentUrl":"https:\/\/esbozodeportivo.com\/wp-content\/uploads\/2022\/08\/cropped-Logo-Esbozo-Web-2.png","width":180,"height":50,"caption":"Esbozo Deportivo"},"image":{"@id":"https:\/\/esbozodeportivo.com\/#\/schema\/logo\/image\/"}},{"@type":"Person","@id":"https:\/\/esbozodeportivo.com\/#\/schema\/person\/0f6df9196dfe6740dd0bb31bae50d374","name":"Redacci\u00f3n","image":{"@type":"ImageObject","inLanguage":"es","@id":"https:\/\/esbozodeportivo.com\/#\/schema\/person\/image\/","url":"https:\/\/secure.gravatar.com\/avatar\/f55268a89c3b418f2ef172ff52ab0d09b3e653c58de29539fe329fb93d78ebf3?s=96&d=mm&r=g","contentUrl":"https:\/\/secure.gravatar.com\/avatar\/f55268a89c3b418f2ef172ff52ab0d09b3e653c58de29539fe329fb93d78ebf3?s=96&d=mm&r=g","caption":"Redacci\u00f3n"},"url":"https:\/\/esbozodeportivo.com\/index.php\/author\/redaccion\/"}]}},"jetpack_featured_media_url":"https:\/\/esbozodeportivo.com\/wp-content\/uploads\/2025\/12\/Ronaldo.jpg","jetpack_sharing_enabled":true,"_links":{"self":[{"href":"https:\/\/esbozodeportivo.com\/index.php\/wp-json\/wp\/v2\/posts\/11641","targetHints":{"allow":["GET"]}}],"collection":[{"href":"https:\/\/esbozodeportivo.com\/index.php\/wp-json\/wp\/v2\/posts"}],"about":[{"href":"https:\/\/esbozodeportivo.com\/index.php\/wp-json\/wp\/v2\/types\/post"}],"author":[{"embeddable":true,"href":"https:\/\/esbozodeportivo.com\/index.php\/wp-json\/wp\/v2\/users\/4"}],"replies":[{"embeddable":true,"href":"https:\/\/esbozodeportivo.com\/index.php\/wp-json\/wp\/v2\/comments?post=11641"}],"version-history":[{"count":1,"href":"https:\/\/esbozodeportivo.com\/index.php\/wp-json\/wp\/v2\/posts\/11641\/revisions"}],"predecessor-version":[{"id":11643,"href":"https:\/\/esbozodeportivo.com\/index.php\/wp-json\/wp\/v2\/posts\/11641\/revisions\/11643"}],"wp:featuredmedia":[{"embeddable":true,"href":"https:\/\/esbozodeportivo.com\/index.php\/wp-json\/wp\/v2\/media\/11642"}],"wp:attachment":[{"href":"https:\/\/esbozodeportivo.com\/index.php\/wp-json\/wp\/v2\/media?parent=11641"}],"wp:term":[{"taxonomy":"category","embeddable":true,"href":"https:\/\/esbozodeportivo.com\/index.php\/wp-json\/wp\/v2\/categories?post=11641"},{"taxonomy":"post_tag","embeddable":true,"href":"https:\/\/esbozodeportivo.com\/index.php\/wp-json\/wp\/v2\/tags?post=11641"}],"curies":[{"name":"wp","href":"https:\/\/api.w.org\/{rel}","templated":true}]}}