{"id":11644,"date":"2025-12-02T22:59:18","date_gmt":"2025-12-03T04:59:18","guid":{"rendered":"https:\/\/esbozodeportivo.com\/?p=11644"},"modified":"2025-12-02T22:59:19","modified_gmt":"2025-12-03T04:59:19","slug":"juarez-seguira-al-frente-de-pumas","status":"publish","type":"post","link":"https:\/\/esbozodeportivo.com\/index.php\/2025\/12\/02\/juarez-seguira-al-frente-de-pumas\/","title":{"rendered":"Ju\u00e1rez seguir\u00e1 al frente de Pumas"},"content":{"rendered":"\n<p>(Foto: Agencias) <\/p>\n\n\n\n<p>Aunque fracas\u00f3 en el intento de clasificar a la liguilla, Efra\u00edn Ju\u00e1rez se mantendr\u00e1 en su puesto como entrenador de Pumas para el torneo Clausura que arranca en enero, dijo el martes el nuevo vicepresidente del equipo, Antonio Sancho.<\/p>\n\n\n\n<p>Bajo la direcci\u00f3n de Ju\u00e1rez, los universitarios terminaron en el d\u00e9cimo sitio de la tabla y quedaron eliminados en la reclasificaci\u00f3n para la liguilla.<\/p>\n\n\n\n<p>\u201cEfra\u00edn es nuestro t\u00e9cnico, lo conozco y s\u00e9 que es el primero que quiere ganar t\u00edtulos aqu\u00ed\u201d, dijo Sancho en la rueda de prensa en la que fue presentado. \u201cEstoy convencido de que tiene las mismas ilusiones que yo para ser campe\u00f3n.\u201d<\/p>\n\n\n\n<p>Sancho reemplaz\u00f3 al veterano Miguel Mej\u00eda Bar\u00f3n, quien renunci\u00f3 al cargo la v\u00edspera. Adem\u00e1s, el equipo dej\u00f3 libre al director deportivo Eduardo Saracho.<\/p>\n\n\n\n<p>Ambos fueron encargados de la elecci\u00f3n de Ju\u00e1rez, un exjugador del equipo, que arrib\u00f3 a Pumas luego de ser campe\u00f3n con el Atl\u00e9tico Nacional en Colombia.<\/p>\n\n\n\n<p>\u201cEfra\u00edn es un director t\u00e9cnico que se prepar\u00f3 afuera, que gan\u00f3 afuera y no es f\u00e1cil, pero ya lo hizo y ahora lo quiere hacer aqu\u00ed\u201d, agreg\u00f3 el dirigente.<\/p>\n\n\n\n<p>La eliminaci\u00f3n prematura dej\u00f3 a Pumas sin la oportunidad de pelear por un campeonato de liga que se le ha negado desde el torneo Clausura 2011.<\/p>\n\n\n\n<p>\u201cEstamos conscientes de la deuda que tiene Pumas y leg\u00edtima exigencia de su afici\u00f3n\u201d, dijo el presidente del equipo, Ra\u00fal Gonz\u00e1lez. \u201cEstamos claros que nuestra afici\u00f3n quiere que Pumas alcance los objetivos que no logramos\u201d.<\/p>\n\n\n\n<p>Se trata de la segunda ocasi\u00f3n que Sancho tiene un puesto como dirigente en Pumas. Estuvo como director deportivo durante dos a\u00f1os entre 2014 y 2016 cuando el equipo dej\u00f3 las \u00faltimas posiciones en la tabla del descenso y disput\u00f3 una final que perdi\u00f3 en penales ante Tigres en el Apertura 2015.<\/p>\n\n\n\n<p>\u201cLa vez pasada estaba muy complicado, llegu\u00e9 en la fecha siete, peleando en el \u00faltimo puesto de la porcentual (descenso), ah\u00ed el objetivo era salvarse y camin\u00f3 bien. Despu\u00e9s llegamos a una final y los penales nos dejaron sin t\u00edtulo\u201d, record\u00f3 Sancho.<\/p>\n\n\n\n<p><\/p>\n","protected":false},"excerpt":{"rendered":"<p>(Foto: Agencias) Aunque fracas\u00f3 en el intento de clasificar a la liguilla, Efra\u00edn Ju\u00e1rez se<\/p>\n","protected":false},"author":4,"featured_media":11631,"comment_status":"closed","ping_status":"open","sticky":false,"template":"","format":"standard","meta":{"_jetpack_memberships_contains_paid_content":false,"footnotes":""},"categories":[20],"tags":[],"class_list":["post-11644","post","type-post","status-publish","format-standard","has-post-thumbnail","hentry","category-liga"],"yoast_head":"<!-- This site is optimized with the Yoast SEO plugin v25.7 - https:\/\/yoast.com\/wordpress\/plugins\/seo\/ -->\n<title>Ju\u00e1rez seguir\u00e1 al frente de Pumas - Esbozo Deportivo<\/title>\n<meta name=\"description\" content=\"Aunque fracas\u00f3 en el intento de clasificar a la liguilla, Efra\u00edn Ju\u00e1rez se mantendr\u00e1 en su puesto como entrenador de Pumas para el torneo Clausura que arranca en enero, dijo el martes el nuevo vicepresidente del equipo, Antonio Sancho.\" \/>\n<meta name=\"robots\" content=\"index, follow, max-snippet:-1, max-image-preview:large, max-video-preview:-1\" \/>\n<link rel=\"canonical\" href=\"https:\/\/esbozodeportivo.com\/index.php\/2025\/12\/02\/juarez-seguira-al-frente-de-pumas\/\" \/>\n<meta property=\"og:locale\" content=\"es_MX\" \/>\n<meta property=\"og:type\" content=\"article\" \/>\n<meta property=\"og:title\" content=\"Ju\u00e1rez seguir\u00e1 al frente de Pumas - Esbozo Deportivo\" \/>\n<meta property=\"og:description\" content=\"Aunque fracas\u00f3 en el intento de clasificar a la liguilla, Efra\u00edn Ju\u00e1rez se mantendr\u00e1 en su puesto como entrenador de Pumas para el torneo Clausura que arranca en enero, dijo el martes el nuevo vicepresidente del equipo, Antonio Sancho.\" \/>\n<meta property=\"og:url\" content=\"https:\/\/esbozodeportivo.com\/index.php\/2025\/12\/02\/juarez-seguira-al-frente-de-pumas\/\" \/>\n<meta property=\"og:site_name\" content=\"Esbozo Deportivo\" \/>\n<meta property=\"article:published_time\" content=\"2025-12-03T04:59:18+00:00\" \/>\n<meta property=\"article:modified_time\" content=\"2025-12-03T04:59:19+00:00\" \/>\n<meta property=\"og:image\" content=\"https:\/\/esbozodeportivo.com\/wp-content\/uploads\/2025\/12\/Pumas.jpg\" \/>\n\t<meta property=\"og:image:width\" content=\"800\" \/>\n\t<meta property=\"og:image:height\" content=\"600\" \/>\n\t<meta property=\"og:image:type\" content=\"image\/jpeg\" \/>\n<meta name=\"author\" content=\"Redacci\u00f3n\" \/>\n<meta name=\"twitter:card\" content=\"summary_large_image\" \/>\n<meta name=\"twitter:label1\" content=\"Escrito por\" \/>\n\t<meta name=\"twitter:data1\" content=\"Redacci\u00f3n\" \/>\n\t<meta name=\"twitter:label2\" content=\"Tiempo de lectura\" \/>\n\t<meta name=\"twitter:data2\" content=\"2 minutos\" \/>\n<script type=\"application\/ld+json\" class=\"yoast-schema-graph\">{\"@context\":\"https:\/\/schema.org\",\"@graph\":[{\"@type\":\"Article\",\"@id\":\"https:\/\/esbozodeportivo.com\/index.php\/2025\/12\/02\/juarez-seguira-al-frente-de-pumas\/#article\",\"isPartOf\":{\"@id\":\"https:\/\/esbozodeportivo.com\/index.php\/2025\/12\/02\/juarez-seguira-al-frente-de-pumas\/\"},\"author\":{\"name\":\"Redacci\u00f3n\",\"@id\":\"https:\/\/esbozodeportivo.com\/#\/schema\/person\/0f6df9196dfe6740dd0bb31bae50d374\"},\"headline\":\"Ju\u00e1rez seguir\u00e1 al frente de Pumas\",\"datePublished\":\"2025-12-03T04:59:18+00:00\",\"dateModified\":\"2025-12-03T04:59:19+00:00\",\"mainEntityOfPage\":{\"@id\":\"https:\/\/esbozodeportivo.com\/index.php\/2025\/12\/02\/juarez-seguira-al-frente-de-pumas\/\"},\"wordCount\":374,\"publisher\":{\"@id\":\"https:\/\/esbozodeportivo.com\/#organization\"},\"image\":{\"@id\":\"https:\/\/esbozodeportivo.com\/index.php\/2025\/12\/02\/juarez-seguira-al-frente-de-pumas\/#primaryimage\"},\"thumbnailUrl\":\"https:\/\/esbozodeportivo.com\/wp-content\/uploads\/2025\/12\/Pumas.jpg\",\"articleSection\":[\"Liga MX\"],\"inLanguage\":\"es\"},{\"@type\":\"WebPage\",\"@id\":\"https:\/\/esbozodeportivo.com\/index.php\/2025\/12\/02\/juarez-seguira-al-frente-de-pumas\/\",\"url\":\"https:\/\/esbozodeportivo.com\/index.php\/2025\/12\/02\/juarez-seguira-al-frente-de-pumas\/\",\"name\":\"Ju\u00e1rez seguir\u00e1 al frente de Pumas - Esbozo Deportivo\",\"isPartOf\":{\"@id\":\"https:\/\/esbozodeportivo.com\/#website\"},\"primaryImageOfPage\":{\"@id\":\"https:\/\/esbozodeportivo.com\/index.php\/2025\/12\/02\/juarez-seguira-al-frente-de-pumas\/#primaryimage\"},\"image\":{\"@id\":\"https:\/\/esbozodeportivo.com\/index.php\/2025\/12\/02\/juarez-seguira-al-frente-de-pumas\/#primaryimage\"},\"thumbnailUrl\":\"https:\/\/esbozodeportivo.com\/wp-content\/uploads\/2025\/12\/Pumas.jpg\",\"datePublished\":\"2025-12-03T04:59:18+00:00\",\"dateModified\":\"2025-12-03T04:59:19+00:00\",\"description\":\"Aunque fracas\u00f3 en el intento de clasificar a la liguilla, Efra\u00edn Ju\u00e1rez se mantendr\u00e1 en su puesto como entrenador de Pumas para el torneo Clausura que arranca en enero, dijo el martes el nuevo vicepresidente del equipo, Antonio Sancho.\",\"breadcrumb\":{\"@id\":\"https:\/\/esbozodeportivo.com\/index.php\/2025\/12\/02\/juarez-seguira-al-frente-de-pumas\/#breadcrumb\"},\"inLanguage\":\"es\",\"potentialAction\":[{\"@type\":\"ReadAction\",\"target\":[\"https:\/\/esbozodeportivo.com\/index.php\/2025\/12\/02\/juarez-seguira-al-frente-de-pumas\/\"]}]},{\"@type\":\"ImageObject\",\"inLanguage\":\"es\",\"@id\":\"https:\/\/esbozodeportivo.com\/index.php\/2025\/12\/02\/juarez-seguira-al-frente-de-pumas\/#primaryimage\",\"url\":\"https:\/\/esbozodeportivo.com\/wp-content\/uploads\/2025\/12\/Pumas.jpg\",\"contentUrl\":\"https:\/\/esbozodeportivo.com\/wp-content\/uploads\/2025\/12\/Pumas.jpg\",\"width\":800,\"height\":600},{\"@type\":\"BreadcrumbList\",\"@id\":\"https:\/\/esbozodeportivo.com\/index.php\/2025\/12\/02\/juarez-seguira-al-frente-de-pumas\/#breadcrumb\",\"itemListElement\":[{\"@type\":\"ListItem\",\"position\":1,\"name\":\"Inicio\",\"item\":\"https:\/\/esbozodeportivo.com\/\"},{\"@type\":\"ListItem\",\"position\":2,\"name\":\"Ju\u00e1rez seguir\u00e1 al frente de Pumas\"}]},{\"@type\":\"WebSite\",\"@id\":\"https:\/\/esbozodeportivo.com\/#website\",\"url\":\"https:\/\/esbozodeportivo.com\/\",\"name\":\"Esbozo Deportivo\",\"description\":\"Lo m\u00e1s importante del Deporte\",\"publisher\":{\"@id\":\"https:\/\/esbozodeportivo.com\/#organization\"},\"potentialAction\":[{\"@type\":\"SearchAction\",\"target\":{\"@type\":\"EntryPoint\",\"urlTemplate\":\"https:\/\/esbozodeportivo.com\/?s={search_term_string}\"},\"query-input\":{\"@type\":\"PropertyValueSpecification\",\"valueRequired\":true,\"valueName\":\"search_term_string\"}}],\"inLanguage\":\"es\"},{\"@type\":\"Organization\",\"@id\":\"https:\/\/esbozodeportivo.com\/#organization\",\"name\":\"Esbozo Deportivo\",\"url\":\"https:\/\/esbozodeportivo.com\/\",\"logo\":{\"@type\":\"ImageObject\",\"inLanguage\":\"es\",\"@id\":\"https:\/\/esbozodeportivo.com\/#\/schema\/logo\/image\/\",\"url\":\"https:\/\/esbozodeportivo.com\/wp-content\/uploads\/2022\/08\/cropped-Logo-Esbozo-Web-2.png\",\"contentUrl\":\"https:\/\/esbozodeportivo.com\/wp-content\/uploads\/2022\/08\/cropped-Logo-Esbozo-Web-2.png\",\"width\":180,\"height\":50,\"caption\":\"Esbozo Deportivo\"},\"image\":{\"@id\":\"https:\/\/esbozodeportivo.com\/#\/schema\/logo\/image\/\"}},{\"@type\":\"Person\",\"@id\":\"https:\/\/esbozodeportivo.com\/#\/schema\/person\/0f6df9196dfe6740dd0bb31bae50d374\",\"name\":\"Redacci\u00f3n\",\"image\":{\"@type\":\"ImageObject\",\"inLanguage\":\"es\",\"@id\":\"https:\/\/esbozodeportivo.com\/#\/schema\/person\/image\/\",\"url\":\"https:\/\/secure.gravatar.com\/avatar\/f55268a89c3b418f2ef172ff52ab0d09b3e653c58de29539fe329fb93d78ebf3?s=96&d=mm&r=g\",\"contentUrl\":\"https:\/\/secure.gravatar.com\/avatar\/f55268a89c3b418f2ef172ff52ab0d09b3e653c58de29539fe329fb93d78ebf3?s=96&d=mm&r=g\",\"caption\":\"Redacci\u00f3n\"},\"url\":\"https:\/\/esbozodeportivo.com\/index.php\/author\/redaccion\/\"}]}<\/script>\n<!-- \/ Yoast SEO plugin. -->","yoast_head_json":{"title":"Ju\u00e1rez seguir\u00e1 al frente de Pumas - Esbozo Deportivo","description":"Aunque fracas\u00f3 en el intento de clasificar a la liguilla, Efra\u00edn Ju\u00e1rez se mantendr\u00e1 en su puesto como entrenador de Pumas para el torneo Clausura que arranca en enero, dijo el martes el nuevo vicepresidente del equipo, Antonio Sancho.","robots":{"index":"index","follow":"follow","max-snippet":"max-snippet:-1","max-image-preview":"max-image-preview:large","max-video-preview":"max-video-preview:-1"},"canonical":"https:\/\/esbozodeportivo.com\/index.php\/2025\/12\/02\/juarez-seguira-al-frente-de-pumas\/","og_locale":"es_MX","og_type":"article","og_title":"Ju\u00e1rez seguir\u00e1 al frente de Pumas - Esbozo Deportivo","og_description":"Aunque fracas\u00f3 en el intento de clasificar a la liguilla, Efra\u00edn Ju\u00e1rez se mantendr\u00e1 en su puesto como entrenador de Pumas para el torneo Clausura que arranca en enero, dijo el martes el nuevo vicepresidente del equipo, Antonio Sancho.","og_url":"https:\/\/esbozodeportivo.com\/index.php\/2025\/12\/02\/juarez-seguira-al-frente-de-pumas\/","og_site_name":"Esbozo Deportivo","article_published_time":"2025-12-03T04:59:18+00:00","article_modified_time":"2025-12-03T04:59:19+00:00","og_image":[{"width":800,"height":600,"url":"https:\/\/esbozodeportivo.com\/wp-content\/uploads\/2025\/12\/Pumas.jpg","type":"image\/jpeg"}],"author":"Redacci\u00f3n","twitter_card":"summary_large_image","twitter_misc":{"Escrito por":"Redacci\u00f3n","Tiempo de lectura":"2 minutos"},"schema":{"@context":"https:\/\/schema.org","@graph":[{"@type":"Article","@id":"https:\/\/esbozodeportivo.com\/index.php\/2025\/12\/02\/juarez-seguira-al-frente-de-pumas\/#article","isPartOf":{"@id":"https:\/\/esbozodeportivo.com\/index.php\/2025\/12\/02\/juarez-seguira-al-frente-de-pumas\/"},"author":{"name":"Redacci\u00f3n","@id":"https:\/\/esbozodeportivo.com\/#\/schema\/person\/0f6df9196dfe6740dd0bb31bae50d374"},"headline":"Ju\u00e1rez seguir\u00e1 al frente de Pumas","datePublished":"2025-12-03T04:59:18+00:00","dateModified":"2025-12-03T04:59:19+00:00","mainEntityOfPage":{"@id":"https:\/\/esbozodeportivo.com\/index.php\/2025\/12\/02\/juarez-seguira-al-frente-de-pumas\/"},"wordCount":374,"publisher":{"@id":"https:\/\/esbozodeportivo.com\/#organization"},"image":{"@id":"https:\/\/esbozodeportivo.com\/index.php\/2025\/12\/02\/juarez-seguira-al-frente-de-pumas\/#primaryimage"},"thumbnailUrl":"https:\/\/esbozodeportivo.com\/wp-content\/uploads\/2025\/12\/Pumas.jpg","articleSection":["Liga MX"],"inLanguage":"es"},{"@type":"WebPage","@id":"https:\/\/esbozodeportivo.com\/index.php\/2025\/12\/02\/juarez-seguira-al-frente-de-pumas\/","url":"https:\/\/esbozodeportivo.com\/index.php\/2025\/12\/02\/juarez-seguira-al-frente-de-pumas\/","name":"Ju\u00e1rez seguir\u00e1 al frente de Pumas - Esbozo Deportivo","isPartOf":{"@id":"https:\/\/esbozodeportivo.com\/#website"},"primaryImageOfPage":{"@id":"https:\/\/esbozodeportivo.com\/index.php\/2025\/12\/02\/juarez-seguira-al-frente-de-pumas\/#primaryimage"},"image":{"@id":"https:\/\/esbozodeportivo.com\/index.php\/2025\/12\/02\/juarez-seguira-al-frente-de-pumas\/#primaryimage"},"thumbnailUrl":"https:\/\/esbozodeportivo.com\/wp-content\/uploads\/2025\/12\/Pumas.jpg","datePublished":"2025-12-03T04:59:18+00:00","dateModified":"2025-12-03T04:59:19+00:00","description":"Aunque fracas\u00f3 en el intento de clasificar a la liguilla, Efra\u00edn Ju\u00e1rez se mantendr\u00e1 en su puesto como entrenador de Pumas para el torneo Clausura que arranca en enero, dijo el martes el nuevo vicepresidente del equipo, Antonio Sancho.","breadcrumb":{"@id":"https:\/\/esbozodeportivo.com\/index.php\/2025\/12\/02\/juarez-seguira-al-frente-de-pumas\/#breadcrumb"},"inLanguage":"es","potentialAction":[{"@type":"ReadAction","target":["https:\/\/esbozodeportivo.com\/index.php\/2025\/12\/02\/juarez-seguira-al-frente-de-pumas\/"]}]},{"@type":"ImageObject","inLanguage":"es","@id":"https:\/\/esbozodeportivo.com\/index.php\/2025\/12\/02\/juarez-seguira-al-frente-de-pumas\/#primaryimage","url":"https:\/\/esbozodeportivo.com\/wp-content\/uploads\/2025\/12\/Pumas.jpg","contentUrl":"https:\/\/esbozodeportivo.com\/wp-content\/uploads\/2025\/12\/Pumas.jpg","width":800,"height":600},{"@type":"BreadcrumbList","@id":"https:\/\/esbozodeportivo.com\/index.php\/2025\/12\/02\/juarez-seguira-al-frente-de-pumas\/#breadcrumb","itemListElement":[{"@type":"ListItem","position":1,"name":"Inicio","item":"https:\/\/esbozodeportivo.com\/"},{"@type":"ListItem","position":2,"name":"Ju\u00e1rez seguir\u00e1 al frente de Pumas"}]},{"@type":"WebSite","@id":"https:\/\/esbozodeportivo.com\/#website","url":"https:\/\/esbozodeportivo.com\/","name":"Esbozo Deportivo","description":"Lo m\u00e1s importante del Deporte","publisher":{"@id":"https:\/\/esbozodeportivo.com\/#organization"},"potentialAction":[{"@type":"SearchAction","target":{"@type":"EntryPoint","urlTemplate":"https:\/\/esbozodeportivo.com\/?s={search_term_string}"},"query-input":{"@type":"PropertyValueSpecification","valueRequired":true,"valueName":"search_term_string"}}],"inLanguage":"es"},{"@type":"Organization","@id":"https:\/\/esbozodeportivo.com\/#organization","name":"Esbozo Deportivo","url":"https:\/\/esbozodeportivo.com\/","logo":{"@type":"ImageObject","inLanguage":"es","@id":"https:\/\/esbozodeportivo.com\/#\/schema\/logo\/image\/","url":"https:\/\/esbozodeportivo.com\/wp-content\/uploads\/2022\/08\/cropped-Logo-Esbozo-Web-2.png","contentUrl":"https:\/\/esbozodeportivo.com\/wp-content\/uploads\/2022\/08\/cropped-Logo-Esbozo-Web-2.png","width":180,"height":50,"caption":"Esbozo Deportivo"},"image":{"@id":"https:\/\/esbozodeportivo.com\/#\/schema\/logo\/image\/"}},{"@type":"Person","@id":"https:\/\/esbozodeportivo.com\/#\/schema\/person\/0f6df9196dfe6740dd0bb31bae50d374","name":"Redacci\u00f3n","image":{"@type":"ImageObject","inLanguage":"es","@id":"https:\/\/esbozodeportivo.com\/#\/schema\/person\/image\/","url":"https:\/\/secure.gravatar.com\/avatar\/f55268a89c3b418f2ef172ff52ab0d09b3e653c58de29539fe329fb93d78ebf3?s=96&d=mm&r=g","contentUrl":"https:\/\/secure.gravatar.com\/avatar\/f55268a89c3b418f2ef172ff52ab0d09b3e653c58de29539fe329fb93d78ebf3?s=96&d=mm&r=g","caption":"Redacci\u00f3n"},"url":"https:\/\/esbozodeportivo.com\/index.php\/author\/redaccion\/"}]}},"jetpack_featured_media_url":"https:\/\/esbozodeportivo.com\/wp-content\/uploads\/2025\/12\/Pumas.jpg","jetpack_sharing_enabled":true,"_links":{"self":[{"href":"https:\/\/esbozodeportivo.com\/index.php\/wp-json\/wp\/v2\/posts\/11644","targetHints":{"allow":["GET"]}}],"collection":[{"href":"https:\/\/esbozodeportivo.com\/index.php\/wp-json\/wp\/v2\/posts"}],"about":[{"href":"https:\/\/esbozodeportivo.com\/index.php\/wp-json\/wp\/v2\/types\/post"}],"author":[{"embeddable":true,"href":"https:\/\/esbozodeportivo.com\/index.php\/wp-json\/wp\/v2\/users\/4"}],"replies":[{"embeddable":true,"href":"https:\/\/esbozodeportivo.com\/index.php\/wp-json\/wp\/v2\/comments?post=11644"}],"version-history":[{"count":1,"href":"https:\/\/esbozodeportivo.com\/index.php\/wp-json\/wp\/v2\/posts\/11644\/revisions"}],"predecessor-version":[{"id":11645,"href":"https:\/\/esbozodeportivo.com\/index.php\/wp-json\/wp\/v2\/posts\/11644\/revisions\/11645"}],"wp:featuredmedia":[{"embeddable":true,"href":"https:\/\/esbozodeportivo.com\/index.php\/wp-json\/wp\/v2\/media\/11631"}],"wp:attachment":[{"href":"https:\/\/esbozodeportivo.com\/index.php\/wp-json\/wp\/v2\/media?parent=11644"}],"wp:term":[{"taxonomy":"category","embeddable":true,"href":"https:\/\/esbozodeportivo.com\/index.php\/wp-json\/wp\/v2\/categories?post=11644"},{"taxonomy":"post_tag","embeddable":true,"href":"https:\/\/esbozodeportivo.com\/index.php\/wp-json\/wp\/v2\/tags?post=11644"}],"curies":[{"name":"wp","href":"https:\/\/api.w.org\/{rel}","templated":true}]}}