{"id":11648,"date":"2025-12-02T23:10:48","date_gmt":"2025-12-03T05:10:48","guid":{"rendered":"https:\/\/esbozodeportivo.com\/?p=11648"},"modified":"2025-12-02T23:10:49","modified_gmt":"2025-12-03T05:10:49","slug":"son-90-anos-de-gloria-guinda-y-blanco","status":"publish","type":"post","link":"https:\/\/esbozodeportivo.com\/index.php\/2025\/12\/02\/son-90-anos-de-gloria-guinda-y-blanco\/","title":{"rendered":"Son 90 a\u00f1os de gloria guinda y blanco"},"content":{"rendered":"\n<p><strong>(Fotos: Cortes\u00eda)<\/strong> <\/p>\n\n\n\n<p>El homenaje p\u00f3stumo a Manuel \u201c<em>P\u00edbe\u201d<\/em> Vallar\u00ed, aquel inolvidable corredor e integrante de los \u201cBurros Galopantes\u201d y favorito en la tribuna guinda y blanco en la d\u00e9cada de los 40`s, cincel\u00f3 la reuni\u00f3n realizada en el Auditorio Alejo <a>Peralta, para celebrar los 90 a\u00f1os del Instituto Polit\u00e9cnico Nacional en los emparrillados de nuestro pa\u00eds.<\/a><\/p>\n\n\n\n<p>En camino para ser considerado el mejor jugador del futbol americano en nuestro pa\u00eds, el \u201c<em>Pib\u00e9\u201d <\/em>junto con Alfonso \u201c<em>Chata<\/em>\u201d Elizondo, Rodolfo \u201c<em>Rufo<\/em>\u201d de Le\u00f3n y Alfredo \u201c<em>Pipo<\/em>\u201d Mota causaron furor en la tribuna polit\u00e9cnica siendo una pesadilla para los rivales de los Burros Blancos.<\/p>\n\n\n\n<p>Figura emblem\u00e1tica del primer equipo campe\u00f3n del IPN en 1945, el \u201cPib\u00e9\u201d se retir\u00f3 en 1948, termin\u00f3 sus estudios de arquitectura y falleci\u00f3 a los 100 a\u00f1os en abril de este a\u00f1o.<\/p>\n\n\n\n<figure class=\"wp-block-image size-large\"><img loading=\"lazy\" decoding=\"async\" width=\"1024\" height=\"771\" src=\"https:\/\/esbozodeportivo.com\/wp-content\/uploads\/2025\/12\/Americano4-1024x771.jpg\" alt=\"\" class=\"wp-image-11615\" srcset=\"https:\/\/esbozodeportivo.com\/wp-content\/uploads\/2025\/12\/Americano4-1024x771.jpg 1024w, https:\/\/esbozodeportivo.com\/wp-content\/uploads\/2025\/12\/Americano4-300x226.jpg 300w, https:\/\/esbozodeportivo.com\/wp-content\/uploads\/2025\/12\/Americano4-768x578.jpg 768w, https:\/\/esbozodeportivo.com\/wp-content\/uploads\/2025\/12\/Americano4-1536x1156.jpg 1536w, https:\/\/esbozodeportivo.com\/wp-content\/uploads\/2025\/12\/Americano4.jpg 1600w\" sizes=\"auto, (max-width: 1024px) 100vw, 1024px\" \/><\/figure>\n\n\n\n<p>Jos\u00e9 Guzm\u00e1n Vera y Sergio Baz Ferreira, ex jugadores de las \u00c1guilas Blancas y responsables del Sal\u00f3n de la Fama M\u00e9xico, estuvieron entre los invitados especiales del evento. El doctor Jacinto Licea tambi\u00e9n asisti\u00f3 al igual que los actuales entrenadores de la Liga Mayor como son Ra\u00fal Mateos, \u00c1guilas Blancas, Fernando Rojas, Burros Blancos, y Gerardo Meza de los B\u00fahos Guinda.<\/p>\n\n\n\n<p>Modesto C\u00e1rdenas Garc\u00eda, titular del Decanato, y Carlos Aar\u00f3n Fuentes, director de actividades deportivas IPN, presidieron la reuni\u00f3n acompa\u00f1ados del comit\u00e9 organizador encabezado por Guillermo Oliveros Tarango y Ricardo Strevel. El historiador de los emparrillados, V\u00edctor Manuel P\u00e9rez Ocampo, tambi\u00e9n estuvo presente.<\/p>\n\n\n\n<figure class=\"wp-block-image size-large\"><img loading=\"lazy\" decoding=\"async\" width=\"1024\" height=\"771\" src=\"https:\/\/esbozodeportivo.com\/wp-content\/uploads\/2025\/12\/Americano8-1024x771.jpg\" alt=\"\" class=\"wp-image-11619\" srcset=\"https:\/\/esbozodeportivo.com\/wp-content\/uploads\/2025\/12\/Americano8-1024x771.jpg 1024w, https:\/\/esbozodeportivo.com\/wp-content\/uploads\/2025\/12\/Americano8-300x226.jpg 300w, https:\/\/esbozodeportivo.com\/wp-content\/uploads\/2025\/12\/Americano8-768x578.jpg 768w, https:\/\/esbozodeportivo.com\/wp-content\/uploads\/2025\/12\/Americano8-1536x1156.jpg 1536w, https:\/\/esbozodeportivo.com\/wp-content\/uploads\/2025\/12\/Americano8.jpg 1600w\" sizes=\"auto, (max-width: 1024px) 100vw, 1024px\" \/><\/figure>\n\n\n\n<p>Entre algunas de las figuras destacadas del IPN estuvieron Rodolfo Ruiz Galindo, Daniel Orozco, Esteban Oropeza, Ricardo Chagary, Francisco Oceguera, Luis Fernando S\u00e1nchez Rend\u00f3n, Sergio Enrique Mu\u00f1oz, Sergio Gonz\u00e1lez, Genaro Mart\u00ednez, \u201cRabo\u201d Boj\u00f3rquez, Erik Larrea, los hermanos Borda Tovar, \u201cNapo\u201d Mart\u00ednez, Alejandro Ram\u00edrez Barba, Ramiro Sagrero, \u00c1ngel Zenteno, Sergio Cu\u00e9llar, Julio G\u00f3mez, Ernesto Machuca, Sergio Chapa, Mill\u00e1n, Tonathiu Pavia, Jorge Casas Carretero, Oscar Moreno, Polo Scott, Guillermo Torres, Mauricio Padilla y Sergio Mu\u00f1oz. De la Hermandad Puma estuvieron Carlos Rosado y Alejandro P\u00e9rez.<\/p>\n\n\n\n<figure class=\"wp-block-image size-large\"><img loading=\"lazy\" decoding=\"async\" width=\"1024\" height=\"771\" src=\"https:\/\/esbozodeportivo.com\/wp-content\/uploads\/2025\/12\/Americano11-1024x771.jpg\" alt=\"\" class=\"wp-image-11622\" srcset=\"https:\/\/esbozodeportivo.com\/wp-content\/uploads\/2025\/12\/Americano11-1024x771.jpg 1024w, https:\/\/esbozodeportivo.com\/wp-content\/uploads\/2025\/12\/Americano11-300x226.jpg 300w, https:\/\/esbozodeportivo.com\/wp-content\/uploads\/2025\/12\/Americano11-768x578.jpg 768w, https:\/\/esbozodeportivo.com\/wp-content\/uploads\/2025\/12\/Americano11-1536x1156.jpg 1536w, https:\/\/esbozodeportivo.com\/wp-content\/uploads\/2025\/12\/Americano11.jpg 1600w\" sizes=\"auto, (max-width: 1024px) 100vw, 1024px\" \/><\/figure>\n","protected":false},"excerpt":{"rendered":"<p>(Fotos: Cortes\u00eda) El homenaje p\u00f3stumo a Manuel \u201cP\u00edbe\u201d Vallar\u00ed, aquel inolvidable corredor e integrante de<\/p>\n","protected":false},"author":4,"featured_media":11617,"comment_status":"closed","ping_status":"open","sticky":false,"template":"","format":"standard","meta":{"_jetpack_memberships_contains_paid_content":false,"footnotes":""},"categories":[67],"tags":[],"class_list":["post-11648","post","type-post","status-publish","format-standard","has-post-thumbnail","hentry","category-futbol-americano"],"yoast_head":"<!-- This site is optimized with the Yoast SEO plugin v25.7 - https:\/\/yoast.com\/wordpress\/plugins\/seo\/ -->\n<title>Son 90 a\u00f1os de gloria guinda y blanco - Esbozo Deportivo<\/title>\n<meta name=\"description\" content=\"El homenaje p\u00f3stumo a Manuel \u201cP\u00edbe\u201d Vallar\u00ed, aquel inolvidable corredor e integrante de los \u201cBurros Galopantes\u201d y favorito en la tribuna guinda y blanco en la d\u00e9cada de los 40`s, cincel\u00f3 la reuni\u00f3n realizada en el Auditorio Alejo Peralta, para celebrar los 90 a\u00f1os del Instituto Polit\u00e9cnico Nacional en los emparrillados de nuestro pa\u00eds.\" \/>\n<meta name=\"robots\" content=\"index, follow, max-snippet:-1, max-image-preview:large, max-video-preview:-1\" \/>\n<link rel=\"canonical\" href=\"https:\/\/esbozodeportivo.com\/index.php\/2025\/12\/02\/son-90-anos-de-gloria-guinda-y-blanco\/\" \/>\n<meta property=\"og:locale\" content=\"es_MX\" \/>\n<meta property=\"og:type\" content=\"article\" \/>\n<meta property=\"og:title\" content=\"Son 90 a\u00f1os de gloria guinda y blanco - Esbozo Deportivo\" \/>\n<meta property=\"og:description\" content=\"El homenaje p\u00f3stumo a Manuel \u201cP\u00edbe\u201d Vallar\u00ed, aquel inolvidable corredor e integrante de los \u201cBurros Galopantes\u201d y favorito en la tribuna guinda y blanco en la d\u00e9cada de los 40`s, cincel\u00f3 la reuni\u00f3n realizada en el Auditorio Alejo Peralta, para celebrar los 90 a\u00f1os del Instituto Polit\u00e9cnico Nacional en los emparrillados de nuestro pa\u00eds.\" \/>\n<meta property=\"og:url\" content=\"https:\/\/esbozodeportivo.com\/index.php\/2025\/12\/02\/son-90-anos-de-gloria-guinda-y-blanco\/\" \/>\n<meta property=\"og:site_name\" content=\"Esbozo Deportivo\" \/>\n<meta property=\"article:published_time\" content=\"2025-12-03T05:10:48+00:00\" \/>\n<meta property=\"article:modified_time\" content=\"2025-12-03T05:10:49+00:00\" \/>\n<meta property=\"og:image\" content=\"https:\/\/esbozodeportivo.com\/wp-content\/uploads\/2025\/12\/Americano6.jpg\" \/>\n\t<meta property=\"og:image:width\" content=\"1204\" \/>\n\t<meta property=\"og:image:height\" content=\"1600\" \/>\n\t<meta property=\"og:image:type\" content=\"image\/jpeg\" \/>\n<meta name=\"author\" content=\"Redacci\u00f3n\" \/>\n<meta name=\"twitter:card\" content=\"summary_large_image\" \/>\n<meta name=\"twitter:label1\" content=\"Escrito por\" \/>\n\t<meta name=\"twitter:data1\" content=\"Redacci\u00f3n\" \/>\n\t<meta name=\"twitter:label2\" content=\"Tiempo de lectura\" \/>\n\t<meta name=\"twitter:data2\" content=\"3 minutos\" \/>\n<script type=\"application\/ld+json\" class=\"yoast-schema-graph\">{\"@context\":\"https:\/\/schema.org\",\"@graph\":[{\"@type\":\"Article\",\"@id\":\"https:\/\/esbozodeportivo.com\/index.php\/2025\/12\/02\/son-90-anos-de-gloria-guinda-y-blanco\/#article\",\"isPartOf\":{\"@id\":\"https:\/\/esbozodeportivo.com\/index.php\/2025\/12\/02\/son-90-anos-de-gloria-guinda-y-blanco\/\"},\"author\":{\"name\":\"Redacci\u00f3n\",\"@id\":\"https:\/\/esbozodeportivo.com\/#\/schema\/person\/0f6df9196dfe6740dd0bb31bae50d374\"},\"headline\":\"Son 90 a\u00f1os de gloria guinda y blanco\",\"datePublished\":\"2025-12-03T05:10:48+00:00\",\"dateModified\":\"2025-12-03T05:10:49+00:00\",\"mainEntityOfPage\":{\"@id\":\"https:\/\/esbozodeportivo.com\/index.php\/2025\/12\/02\/son-90-anos-de-gloria-guinda-y-blanco\/\"},\"wordCount\":365,\"publisher\":{\"@id\":\"https:\/\/esbozodeportivo.com\/#organization\"},\"image\":{\"@id\":\"https:\/\/esbozodeportivo.com\/index.php\/2025\/12\/02\/son-90-anos-de-gloria-guinda-y-blanco\/#primaryimage\"},\"thumbnailUrl\":\"https:\/\/esbozodeportivo.com\/wp-content\/uploads\/2025\/12\/Americano6.jpg\",\"articleSection\":[\"Futbol Americano\"],\"inLanguage\":\"es\"},{\"@type\":\"WebPage\",\"@id\":\"https:\/\/esbozodeportivo.com\/index.php\/2025\/12\/02\/son-90-anos-de-gloria-guinda-y-blanco\/\",\"url\":\"https:\/\/esbozodeportivo.com\/index.php\/2025\/12\/02\/son-90-anos-de-gloria-guinda-y-blanco\/\",\"name\":\"Son 90 a\u00f1os de gloria guinda y blanco - Esbozo Deportivo\",\"isPartOf\":{\"@id\":\"https:\/\/esbozodeportivo.com\/#website\"},\"primaryImageOfPage\":{\"@id\":\"https:\/\/esbozodeportivo.com\/index.php\/2025\/12\/02\/son-90-anos-de-gloria-guinda-y-blanco\/#primaryimage\"},\"image\":{\"@id\":\"https:\/\/esbozodeportivo.com\/index.php\/2025\/12\/02\/son-90-anos-de-gloria-guinda-y-blanco\/#primaryimage\"},\"thumbnailUrl\":\"https:\/\/esbozodeportivo.com\/wp-content\/uploads\/2025\/12\/Americano6.jpg\",\"datePublished\":\"2025-12-03T05:10:48+00:00\",\"dateModified\":\"2025-12-03T05:10:49+00:00\",\"description\":\"El homenaje p\u00f3stumo a Manuel \u201cP\u00edbe\u201d Vallar\u00ed, aquel inolvidable corredor e integrante de los \u201cBurros Galopantes\u201d y favorito en la tribuna guinda y blanco en la d\u00e9cada de los 40`s, cincel\u00f3 la reuni\u00f3n realizada en el Auditorio Alejo Peralta, para celebrar los 90 a\u00f1os del Instituto Polit\u00e9cnico Nacional en los emparrillados de nuestro pa\u00eds.\",\"breadcrumb\":{\"@id\":\"https:\/\/esbozodeportivo.com\/index.php\/2025\/12\/02\/son-90-anos-de-gloria-guinda-y-blanco\/#breadcrumb\"},\"inLanguage\":\"es\",\"potentialAction\":[{\"@type\":\"ReadAction\",\"target\":[\"https:\/\/esbozodeportivo.com\/index.php\/2025\/12\/02\/son-90-anos-de-gloria-guinda-y-blanco\/\"]}]},{\"@type\":\"ImageObject\",\"inLanguage\":\"es\",\"@id\":\"https:\/\/esbozodeportivo.com\/index.php\/2025\/12\/02\/son-90-anos-de-gloria-guinda-y-blanco\/#primaryimage\",\"url\":\"https:\/\/esbozodeportivo.com\/wp-content\/uploads\/2025\/12\/Americano6.jpg\",\"contentUrl\":\"https:\/\/esbozodeportivo.com\/wp-content\/uploads\/2025\/12\/Americano6.jpg\",\"width\":1204,\"height\":1600},{\"@type\":\"BreadcrumbList\",\"@id\":\"https:\/\/esbozodeportivo.com\/index.php\/2025\/12\/02\/son-90-anos-de-gloria-guinda-y-blanco\/#breadcrumb\",\"itemListElement\":[{\"@type\":\"ListItem\",\"position\":1,\"name\":\"Inicio\",\"item\":\"https:\/\/esbozodeportivo.com\/\"},{\"@type\":\"ListItem\",\"position\":2,\"name\":\"Son 90 a\u00f1os de gloria guinda y blanco\"}]},{\"@type\":\"WebSite\",\"@id\":\"https:\/\/esbozodeportivo.com\/#website\",\"url\":\"https:\/\/esbozodeportivo.com\/\",\"name\":\"Esbozo Deportivo\",\"description\":\"Lo m\u00e1s importante del Deporte\",\"publisher\":{\"@id\":\"https:\/\/esbozodeportivo.com\/#organization\"},\"potentialAction\":[{\"@type\":\"SearchAction\",\"target\":{\"@type\":\"EntryPoint\",\"urlTemplate\":\"https:\/\/esbozodeportivo.com\/?s={search_term_string}\"},\"query-input\":{\"@type\":\"PropertyValueSpecification\",\"valueRequired\":true,\"valueName\":\"search_term_string\"}}],\"inLanguage\":\"es\"},{\"@type\":\"Organization\",\"@id\":\"https:\/\/esbozodeportivo.com\/#organization\",\"name\":\"Esbozo Deportivo\",\"url\":\"https:\/\/esbozodeportivo.com\/\",\"logo\":{\"@type\":\"ImageObject\",\"inLanguage\":\"es\",\"@id\":\"https:\/\/esbozodeportivo.com\/#\/schema\/logo\/image\/\",\"url\":\"https:\/\/esbozodeportivo.com\/wp-content\/uploads\/2022\/08\/cropped-Logo-Esbozo-Web-2.png\",\"contentUrl\":\"https:\/\/esbozodeportivo.com\/wp-content\/uploads\/2022\/08\/cropped-Logo-Esbozo-Web-2.png\",\"width\":180,\"height\":50,\"caption\":\"Esbozo Deportivo\"},\"image\":{\"@id\":\"https:\/\/esbozodeportivo.com\/#\/schema\/logo\/image\/\"}},{\"@type\":\"Person\",\"@id\":\"https:\/\/esbozodeportivo.com\/#\/schema\/person\/0f6df9196dfe6740dd0bb31bae50d374\",\"name\":\"Redacci\u00f3n\",\"image\":{\"@type\":\"ImageObject\",\"inLanguage\":\"es\",\"@id\":\"https:\/\/esbozodeportivo.com\/#\/schema\/person\/image\/\",\"url\":\"https:\/\/secure.gravatar.com\/avatar\/f55268a89c3b418f2ef172ff52ab0d09b3e653c58de29539fe329fb93d78ebf3?s=96&d=mm&r=g\",\"contentUrl\":\"https:\/\/secure.gravatar.com\/avatar\/f55268a89c3b418f2ef172ff52ab0d09b3e653c58de29539fe329fb93d78ebf3?s=96&d=mm&r=g\",\"caption\":\"Redacci\u00f3n\"},\"url\":\"https:\/\/esbozodeportivo.com\/index.php\/author\/redaccion\/\"}]}<\/script>\n<!-- \/ Yoast SEO plugin. -->","yoast_head_json":{"title":"Son 90 a\u00f1os de gloria guinda y blanco - Esbozo Deportivo","description":"El homenaje p\u00f3stumo a Manuel \u201cP\u00edbe\u201d Vallar\u00ed, aquel inolvidable corredor e integrante de los \u201cBurros Galopantes\u201d y favorito en la tribuna guinda y blanco en la d\u00e9cada de los 40`s, cincel\u00f3 la reuni\u00f3n realizada en el Auditorio Alejo Peralta, para celebrar los 90 a\u00f1os del Instituto Polit\u00e9cnico Nacional en los emparrillados de nuestro pa\u00eds.","robots":{"index":"index","follow":"follow","max-snippet":"max-snippet:-1","max-image-preview":"max-image-preview:large","max-video-preview":"max-video-preview:-1"},"canonical":"https:\/\/esbozodeportivo.com\/index.php\/2025\/12\/02\/son-90-anos-de-gloria-guinda-y-blanco\/","og_locale":"es_MX","og_type":"article","og_title":"Son 90 a\u00f1os de gloria guinda y blanco - Esbozo Deportivo","og_description":"El homenaje p\u00f3stumo a Manuel \u201cP\u00edbe\u201d Vallar\u00ed, aquel inolvidable corredor e integrante de los \u201cBurros Galopantes\u201d y favorito en la tribuna guinda y blanco en la d\u00e9cada de los 40`s, cincel\u00f3 la reuni\u00f3n realizada en el Auditorio Alejo Peralta, para celebrar los 90 a\u00f1os del Instituto Polit\u00e9cnico Nacional en los emparrillados de nuestro pa\u00eds.","og_url":"https:\/\/esbozodeportivo.com\/index.php\/2025\/12\/02\/son-90-anos-de-gloria-guinda-y-blanco\/","og_site_name":"Esbozo Deportivo","article_published_time":"2025-12-03T05:10:48+00:00","article_modified_time":"2025-12-03T05:10:49+00:00","og_image":[{"width":1204,"height":1600,"url":"https:\/\/esbozodeportivo.com\/wp-content\/uploads\/2025\/12\/Americano6.jpg","type":"image\/jpeg"}],"author":"Redacci\u00f3n","twitter_card":"summary_large_image","twitter_misc":{"Escrito por":"Redacci\u00f3n","Tiempo de lectura":"3 minutos"},"schema":{"@context":"https:\/\/schema.org","@graph":[{"@type":"Article","@id":"https:\/\/esbozodeportivo.com\/index.php\/2025\/12\/02\/son-90-anos-de-gloria-guinda-y-blanco\/#article","isPartOf":{"@id":"https:\/\/esbozodeportivo.com\/index.php\/2025\/12\/02\/son-90-anos-de-gloria-guinda-y-blanco\/"},"author":{"name":"Redacci\u00f3n","@id":"https:\/\/esbozodeportivo.com\/#\/schema\/person\/0f6df9196dfe6740dd0bb31bae50d374"},"headline":"Son 90 a\u00f1os de gloria guinda y blanco","datePublished":"2025-12-03T05:10:48+00:00","dateModified":"2025-12-03T05:10:49+00:00","mainEntityOfPage":{"@id":"https:\/\/esbozodeportivo.com\/index.php\/2025\/12\/02\/son-90-anos-de-gloria-guinda-y-blanco\/"},"wordCount":365,"publisher":{"@id":"https:\/\/esbozodeportivo.com\/#organization"},"image":{"@id":"https:\/\/esbozodeportivo.com\/index.php\/2025\/12\/02\/son-90-anos-de-gloria-guinda-y-blanco\/#primaryimage"},"thumbnailUrl":"https:\/\/esbozodeportivo.com\/wp-content\/uploads\/2025\/12\/Americano6.jpg","articleSection":["Futbol Americano"],"inLanguage":"es"},{"@type":"WebPage","@id":"https:\/\/esbozodeportivo.com\/index.php\/2025\/12\/02\/son-90-anos-de-gloria-guinda-y-blanco\/","url":"https:\/\/esbozodeportivo.com\/index.php\/2025\/12\/02\/son-90-anos-de-gloria-guinda-y-blanco\/","name":"Son 90 a\u00f1os de gloria guinda y blanco - Esbozo Deportivo","isPartOf":{"@id":"https:\/\/esbozodeportivo.com\/#website"},"primaryImageOfPage":{"@id":"https:\/\/esbozodeportivo.com\/index.php\/2025\/12\/02\/son-90-anos-de-gloria-guinda-y-blanco\/#primaryimage"},"image":{"@id":"https:\/\/esbozodeportivo.com\/index.php\/2025\/12\/02\/son-90-anos-de-gloria-guinda-y-blanco\/#primaryimage"},"thumbnailUrl":"https:\/\/esbozodeportivo.com\/wp-content\/uploads\/2025\/12\/Americano6.jpg","datePublished":"2025-12-03T05:10:48+00:00","dateModified":"2025-12-03T05:10:49+00:00","description":"El homenaje p\u00f3stumo a Manuel \u201cP\u00edbe\u201d Vallar\u00ed, aquel inolvidable corredor e integrante de los \u201cBurros Galopantes\u201d y favorito en la tribuna guinda y blanco en la d\u00e9cada de los 40`s, cincel\u00f3 la reuni\u00f3n realizada en el Auditorio Alejo Peralta, para celebrar los 90 a\u00f1os del Instituto Polit\u00e9cnico Nacional en los emparrillados de nuestro pa\u00eds.","breadcrumb":{"@id":"https:\/\/esbozodeportivo.com\/index.php\/2025\/12\/02\/son-90-anos-de-gloria-guinda-y-blanco\/#breadcrumb"},"inLanguage":"es","potentialAction":[{"@type":"ReadAction","target":["https:\/\/esbozodeportivo.com\/index.php\/2025\/12\/02\/son-90-anos-de-gloria-guinda-y-blanco\/"]}]},{"@type":"ImageObject","inLanguage":"es","@id":"https:\/\/esbozodeportivo.com\/index.php\/2025\/12\/02\/son-90-anos-de-gloria-guinda-y-blanco\/#primaryimage","url":"https:\/\/esbozodeportivo.com\/wp-content\/uploads\/2025\/12\/Americano6.jpg","contentUrl":"https:\/\/esbozodeportivo.com\/wp-content\/uploads\/2025\/12\/Americano6.jpg","width":1204,"height":1600},{"@type":"BreadcrumbList","@id":"https:\/\/esbozodeportivo.com\/index.php\/2025\/12\/02\/son-90-anos-de-gloria-guinda-y-blanco\/#breadcrumb","itemListElement":[{"@type":"ListItem","position":1,"name":"Inicio","item":"https:\/\/esbozodeportivo.com\/"},{"@type":"ListItem","position":2,"name":"Son 90 a\u00f1os de gloria guinda y blanco"}]},{"@type":"WebSite","@id":"https:\/\/esbozodeportivo.com\/#website","url":"https:\/\/esbozodeportivo.com\/","name":"Esbozo Deportivo","description":"Lo m\u00e1s importante del Deporte","publisher":{"@id":"https:\/\/esbozodeportivo.com\/#organization"},"potentialAction":[{"@type":"SearchAction","target":{"@type":"EntryPoint","urlTemplate":"https:\/\/esbozodeportivo.com\/?s={search_term_string}"},"query-input":{"@type":"PropertyValueSpecification","valueRequired":true,"valueName":"search_term_string"}}],"inLanguage":"es"},{"@type":"Organization","@id":"https:\/\/esbozodeportivo.com\/#organization","name":"Esbozo Deportivo","url":"https:\/\/esbozodeportivo.com\/","logo":{"@type":"ImageObject","inLanguage":"es","@id":"https:\/\/esbozodeportivo.com\/#\/schema\/logo\/image\/","url":"https:\/\/esbozodeportivo.com\/wp-content\/uploads\/2022\/08\/cropped-Logo-Esbozo-Web-2.png","contentUrl":"https:\/\/esbozodeportivo.com\/wp-content\/uploads\/2022\/08\/cropped-Logo-Esbozo-Web-2.png","width":180,"height":50,"caption":"Esbozo Deportivo"},"image":{"@id":"https:\/\/esbozodeportivo.com\/#\/schema\/logo\/image\/"}},{"@type":"Person","@id":"https:\/\/esbozodeportivo.com\/#\/schema\/person\/0f6df9196dfe6740dd0bb31bae50d374","name":"Redacci\u00f3n","image":{"@type":"ImageObject","inLanguage":"es","@id":"https:\/\/esbozodeportivo.com\/#\/schema\/person\/image\/","url":"https:\/\/secure.gravatar.com\/avatar\/f55268a89c3b418f2ef172ff52ab0d09b3e653c58de29539fe329fb93d78ebf3?s=96&d=mm&r=g","contentUrl":"https:\/\/secure.gravatar.com\/avatar\/f55268a89c3b418f2ef172ff52ab0d09b3e653c58de29539fe329fb93d78ebf3?s=96&d=mm&r=g","caption":"Redacci\u00f3n"},"url":"https:\/\/esbozodeportivo.com\/index.php\/author\/redaccion\/"}]}},"jetpack_featured_media_url":"https:\/\/esbozodeportivo.com\/wp-content\/uploads\/2025\/12\/Americano6.jpg","jetpack_sharing_enabled":true,"_links":{"self":[{"href":"https:\/\/esbozodeportivo.com\/index.php\/wp-json\/wp\/v2\/posts\/11648","targetHints":{"allow":["GET"]}}],"collection":[{"href":"https:\/\/esbozodeportivo.com\/index.php\/wp-json\/wp\/v2\/posts"}],"about":[{"href":"https:\/\/esbozodeportivo.com\/index.php\/wp-json\/wp\/v2\/types\/post"}],"author":[{"embeddable":true,"href":"https:\/\/esbozodeportivo.com\/index.php\/wp-json\/wp\/v2\/users\/4"}],"replies":[{"embeddable":true,"href":"https:\/\/esbozodeportivo.com\/index.php\/wp-json\/wp\/v2\/comments?post=11648"}],"version-history":[{"count":1,"href":"https:\/\/esbozodeportivo.com\/index.php\/wp-json\/wp\/v2\/posts\/11648\/revisions"}],"predecessor-version":[{"id":11649,"href":"https:\/\/esbozodeportivo.com\/index.php\/wp-json\/wp\/v2\/posts\/11648\/revisions\/11649"}],"wp:featuredmedia":[{"embeddable":true,"href":"https:\/\/esbozodeportivo.com\/index.php\/wp-json\/wp\/v2\/media\/11617"}],"wp:attachment":[{"href":"https:\/\/esbozodeportivo.com\/index.php\/wp-json\/wp\/v2\/media?parent=11648"}],"wp:term":[{"taxonomy":"category","embeddable":true,"href":"https:\/\/esbozodeportivo.com\/index.php\/wp-json\/wp\/v2\/categories?post=11648"},{"taxonomy":"post_tag","embeddable":true,"href":"https:\/\/esbozodeportivo.com\/index.php\/wp-json\/wp\/v2\/tags?post=11648"}],"curies":[{"name":"wp","href":"https:\/\/api.w.org\/{rel}","templated":true}]}}