{"id":11650,"date":"2025-12-03T21:09:19","date_gmt":"2025-12-04T03:09:19","guid":{"rendered":"https:\/\/esbozodeportivo.com\/?p=11650"},"modified":"2025-12-03T21:09:20","modified_gmt":"2025-12-04T03:09:20","slug":"adelante-los-4-primeros-preclasificados-en-el-xxx-campeonato-nacional-de-tenis-varonil-de-primera-fuerza","status":"publish","type":"post","link":"https:\/\/esbozodeportivo.com\/index.php\/2025\/12\/03\/adelante-los-4-primeros-preclasificados-en-el-xxx-campeonato-nacional-de-tenis-varonil-de-primera-fuerza\/","title":{"rendered":"Adelante los 4 primeros preclasificados en el XXX Campeonato Nacional de Tenis Varonil de Primera Fuerza"},"content":{"rendered":"\n<p>Foto: (Cortes\u00eda) <\/p>\n\n\n\n<ul class=\"wp-block-list\">\n<li><strong>Orozco, Hern\u00e1ndez, M\u00e9ndez y Alujas, a octavos de final; tambi\u00e9n avanza Manuel S\u00e1nchez quien enfrentar\u00e1 en octavos a Alan Sau Franco<\/strong><\/li>\n<\/ul>\n\n\n\n<p>Los cuatro primeros preclasificados, Eduardo Orozco, Alejandro Hern\u00e1ndez, Diego Eloy M\u00e9ndez y Rodrigo Alujas, avanzaron a los octavos de final del XXX Campeonato Nacional de Tenis Varonil de Primera Fuerza \u201cPunta M\u00e9dica presentado por Caliente\u201d, que, con bolsa de <strong>UN MILL\u00d3N DE PESOS<\/strong>, se disputa del 2 al 7 de diciembre en el Club Irland\u00e9s de Raqueta.<\/p>\n\n\n\n<p>El primero en la siembra, el jalisciense Eduard Orozco se impuso por 6-4, 6-4 a Ismael Batista y en la siguiente ronda enfrentar\u00e1 a Jorge Olaya Ponce de Le\u00f3n, que, en uno de los partidos m\u00e1s intensos de la jornada, dio cuenta por 7-5, 6-3 de Alonso Delgado.<\/p>\n\n\n\n<p>El campe\u00f3n nacional del 2023, el acapulque\u00f1o Juan Alejandro Hern\u00e1ndez Serrano, tambi\u00e9n avanz\u00f3 a los octavos de final, luego que se impuso por 6-2, 6-0 al capitalino Nicol\u00e1s Castillo y por el pase a cuartos enfrentar\u00e1 al jalisciense Sa\u00fal Orozco, quien dobleg\u00f3 6-2, 6-3 a Sebasti\u00e1n Torres Dufau.<\/p>\n\n\n\n<p>El tercer sembrado, el capitalino Diego Eloy M\u00e9ndez, no tuvo problemas para dejar en el camino al morelense Francisco Molina, por 6-1, 6-0 y espera al ganador del compromiso entre el zacatecano Alan Magadan y el capitalino Patricio Betancourt, quienes se enfrentaban en uno de los \u00faltimos partidos de este mi\u00e9rcoles.<\/p>\n\n\n\n<p>Por su parte, el jalisciense Rodrigo Alujas tuvo algunos problemas en el primer set, luego que el capitalino Eduardo Rold\u00e1n estuvo metiendo un buen primer servicio, sin embargo, le alcanz\u00f3 para mantenerse en competencia tras superar por 7-5, 6-0 a Rold\u00e1n. Alujas estaba en espera de rival, que saldr\u00e1 del encuentro entre Arturo Kam y Eric Cuevas.<\/p>\n\n\n\n<figure class=\"wp-block-image size-large\"><img loading=\"lazy\" decoding=\"async\" width=\"1024\" height=\"683\" src=\"https:\/\/esbozodeportivo.com\/wp-content\/uploads\/2025\/12\/Tenis-3-1024x683.jpg\" alt=\"\" class=\"wp-image-11651\" srcset=\"https:\/\/esbozodeportivo.com\/wp-content\/uploads\/2025\/12\/Tenis-3-1024x683.jpg 1024w, https:\/\/esbozodeportivo.com\/wp-content\/uploads\/2025\/12\/Tenis-3-300x200.jpg 300w, https:\/\/esbozodeportivo.com\/wp-content\/uploads\/2025\/12\/Tenis-3-768x512.jpg 768w, https:\/\/esbozodeportivo.com\/wp-content\/uploads\/2025\/12\/Tenis-3.jpg 1500w\" sizes=\"auto, (max-width: 1024px) 100vw, 1024px\" \/><\/figure>\n\n\n\n<p>Foto: (Cortes\u00eda) <\/p>\n\n\n\n<p><strong>S\u00c1NCHEZ VS ALAN SAU<\/strong><\/p>\n\n\n\n<p>Uno de los duelos de octavos de final que causa mayor expectaci\u00f3n es el que protagonizar\u00e1n este jueves, el potosino y pentacampe\u00f3n nacional Manuel S\u00e1nchez y el guanajuatense Alan Sau Franco. Manuel S\u00e1nchez Montemayor se impuso por 6-1, 6-0 a Sebasti\u00e1n Calder\u00f3n y mantiene un paso firme en el torneo, pero tendr\u00e1 un duro obst\u00e1culo ante Alan Sau Franco, quien viene con buen match play y se impuso 6-3, 6-3 a Jes\u00fas Montoya.<\/p>\n\n\n\n<p>Otro buen partido ser\u00e1 el que protagonicen el michoacano Leonardo Aguilar, quien dio cuenta por 6-0 y retiro del potosino Alfonso Cossio, ante el guerrerense Lance Lage, quien super\u00f3 6-2, 6-1 al veracruzano Rodolfo Jauregui.<\/p>\n\n\n\n<p><strong>MARAT S\u00c1NCHEZ, ADI\u00d3S<\/strong><\/p>\n\n\n\n<p>En un encuentro que result\u00f3 muy atractivo, el capitalino Juan Miguel \u00c1vila se inspir\u00f3 y regres\u00f3 para adjudicarse el triunfo sobre Marat S\u00e1nchez Ballinas por 6-2, 4-6, 6-2. \u00c1vila, jugador del Club de Raqueta El Yaqui mostr\u00f3 muy buenos adelantos en su partido y sali\u00f3 con la victoria. Ahora espera al ganador del compromiso entre Emiliano Aguilera y Alejandro Pulido, quienes jugaban m\u00e1s tarde.<\/p>\n\n\n\n<p>El Club Irland\u00e9s de Raqueta luci\u00f3 plet\u00f3rico para recibir a lo m\u00e1s granado del tenis mexicano en la fase de dieciseisavos de final y al numeroso p\u00fablico que se dio cita. Sin duda, a partir de este jueves las jornadas ser\u00e1n mucho m\u00e1s intensas porque se cierran las llaves y solo los mejores podr\u00e1n acceder al t\u00edtulo.<\/p>\n\n\n\n<p>La entrada es gratuita en el Club Irland\u00e9s de Raqueta para que vengan a apoyar a sus tenistas preferidos.<\/p>\n\n\n\n<p><\/p>\n","protected":false},"excerpt":{"rendered":"<p>Foto: (Cortes\u00eda) Los cuatro primeros preclasificados, Eduardo Orozco, Alejandro Hern\u00e1ndez, Diego Eloy M\u00e9ndez y Rodrigo<\/p>\n","protected":false},"author":4,"featured_media":11652,"comment_status":"closed","ping_status":"open","sticky":false,"template":"","format":"standard","meta":{"_jetpack_memberships_contains_paid_content":false,"footnotes":""},"categories":[68],"tags":[],"class_list":["post-11650","post","type-post","status-publish","format-standard","has-post-thumbnail","hentry","category-tenis-2"],"yoast_head":"<!-- This site is optimized with the Yoast SEO plugin v25.7 - https:\/\/yoast.com\/wordpress\/plugins\/seo\/ -->\n<title>Adelante los 4 primeros preclasificados en el XXX Campeonato Nacional de Tenis Varonil de Primera Fuerza - Esbozo Deportivo<\/title>\n<meta name=\"description\" content=\"Los cuatro primeros preclasificados, Eduardo Orozco, Alejandro Hern\u00e1ndez, Diego Eloy M\u00e9ndez y Rodrigo Alujas, avanzaron a los octavos de final del XXX Campeonato Nacional de Tenis Varonil de Primera Fuerza \u201cPunta M\u00e9dica presentado por Caliente\u201d, que, con bolsa de UN MILL\u00d3N DE PESOS, se disputa del 2 al 7 de diciembre en el Club Irland\u00e9s de Raqueta.\" \/>\n<meta name=\"robots\" content=\"index, follow, max-snippet:-1, max-image-preview:large, max-video-preview:-1\" \/>\n<link rel=\"canonical\" href=\"https:\/\/esbozodeportivo.com\/index.php\/2025\/12\/03\/adelante-los-4-primeros-preclasificados-en-el-xxx-campeonato-nacional-de-tenis-varonil-de-primera-fuerza\/\" \/>\n<meta property=\"og:locale\" content=\"es_MX\" \/>\n<meta property=\"og:type\" content=\"article\" \/>\n<meta property=\"og:title\" content=\"Adelante los 4 primeros preclasificados en el XXX Campeonato Nacional de Tenis Varonil de Primera Fuerza - Esbozo Deportivo\" \/>\n<meta property=\"og:description\" content=\"Los cuatro primeros preclasificados, Eduardo Orozco, Alejandro Hern\u00e1ndez, Diego Eloy M\u00e9ndez y Rodrigo Alujas, avanzaron a los octavos de final del XXX Campeonato Nacional de Tenis Varonil de Primera Fuerza \u201cPunta M\u00e9dica presentado por Caliente\u201d, que, con bolsa de UN MILL\u00d3N DE PESOS, se disputa del 2 al 7 de diciembre en el Club Irland\u00e9s de Raqueta.\" \/>\n<meta property=\"og:url\" content=\"https:\/\/esbozodeportivo.com\/index.php\/2025\/12\/03\/adelante-los-4-primeros-preclasificados-en-el-xxx-campeonato-nacional-de-tenis-varonil-de-primera-fuerza\/\" \/>\n<meta property=\"og:site_name\" content=\"Esbozo Deportivo\" \/>\n<meta property=\"article:published_time\" content=\"2025-12-04T03:09:19+00:00\" \/>\n<meta property=\"article:modified_time\" content=\"2025-12-04T03:09:20+00:00\" \/>\n<meta property=\"og:image\" content=\"https:\/\/esbozodeportivo.com\/wp-content\/uploads\/2025\/12\/Tenis1.jpg\" \/>\n\t<meta property=\"og:image:width\" content=\"1500\" \/>\n\t<meta property=\"og:image:height\" content=\"1000\" \/>\n\t<meta property=\"og:image:type\" content=\"image\/jpeg\" \/>\n<meta name=\"author\" content=\"Redacci\u00f3n\" \/>\n<meta name=\"twitter:card\" content=\"summary_large_image\" \/>\n<meta name=\"twitter:label1\" content=\"Escrito por\" \/>\n\t<meta name=\"twitter:data1\" content=\"Redacci\u00f3n\" \/>\n\t<meta name=\"twitter:label2\" content=\"Tiempo de lectura\" \/>\n\t<meta name=\"twitter:data2\" content=\"3 minutos\" \/>\n<script type=\"application\/ld+json\" class=\"yoast-schema-graph\">{\"@context\":\"https:\/\/schema.org\",\"@graph\":[{\"@type\":\"Article\",\"@id\":\"https:\/\/esbozodeportivo.com\/index.php\/2025\/12\/03\/adelante-los-4-primeros-preclasificados-en-el-xxx-campeonato-nacional-de-tenis-varonil-de-primera-fuerza\/#article\",\"isPartOf\":{\"@id\":\"https:\/\/esbozodeportivo.com\/index.php\/2025\/12\/03\/adelante-los-4-primeros-preclasificados-en-el-xxx-campeonato-nacional-de-tenis-varonil-de-primera-fuerza\/\"},\"author\":{\"name\":\"Redacci\u00f3n\",\"@id\":\"https:\/\/esbozodeportivo.com\/#\/schema\/person\/0f6df9196dfe6740dd0bb31bae50d374\"},\"headline\":\"Adelante los 4 primeros preclasificados en el XXX Campeonato Nacional de Tenis Varonil de Primera Fuerza\",\"datePublished\":\"2025-12-04T03:09:19+00:00\",\"dateModified\":\"2025-12-04T03:09:20+00:00\",\"mainEntityOfPage\":{\"@id\":\"https:\/\/esbozodeportivo.com\/index.php\/2025\/12\/03\/adelante-los-4-primeros-preclasificados-en-el-xxx-campeonato-nacional-de-tenis-varonil-de-primera-fuerza\/\"},\"wordCount\":600,\"publisher\":{\"@id\":\"https:\/\/esbozodeportivo.com\/#organization\"},\"image\":{\"@id\":\"https:\/\/esbozodeportivo.com\/index.php\/2025\/12\/03\/adelante-los-4-primeros-preclasificados-en-el-xxx-campeonato-nacional-de-tenis-varonil-de-primera-fuerza\/#primaryimage\"},\"thumbnailUrl\":\"https:\/\/esbozodeportivo.com\/wp-content\/uploads\/2025\/12\/Tenis1.jpg\",\"articleSection\":[\"Tenis\"],\"inLanguage\":\"es\"},{\"@type\":\"WebPage\",\"@id\":\"https:\/\/esbozodeportivo.com\/index.php\/2025\/12\/03\/adelante-los-4-primeros-preclasificados-en-el-xxx-campeonato-nacional-de-tenis-varonil-de-primera-fuerza\/\",\"url\":\"https:\/\/esbozodeportivo.com\/index.php\/2025\/12\/03\/adelante-los-4-primeros-preclasificados-en-el-xxx-campeonato-nacional-de-tenis-varonil-de-primera-fuerza\/\",\"name\":\"Adelante los 4 primeros preclasificados en el XXX Campeonato Nacional de Tenis Varonil de Primera Fuerza - Esbozo Deportivo\",\"isPartOf\":{\"@id\":\"https:\/\/esbozodeportivo.com\/#website\"},\"primaryImageOfPage\":{\"@id\":\"https:\/\/esbozodeportivo.com\/index.php\/2025\/12\/03\/adelante-los-4-primeros-preclasificados-en-el-xxx-campeonato-nacional-de-tenis-varonil-de-primera-fuerza\/#primaryimage\"},\"image\":{\"@id\":\"https:\/\/esbozodeportivo.com\/index.php\/2025\/12\/03\/adelante-los-4-primeros-preclasificados-en-el-xxx-campeonato-nacional-de-tenis-varonil-de-primera-fuerza\/#primaryimage\"},\"thumbnailUrl\":\"https:\/\/esbozodeportivo.com\/wp-content\/uploads\/2025\/12\/Tenis1.jpg\",\"datePublished\":\"2025-12-04T03:09:19+00:00\",\"dateModified\":\"2025-12-04T03:09:20+00:00\",\"description\":\"Los cuatro primeros preclasificados, Eduardo Orozco, Alejandro Hern\u00e1ndez, Diego Eloy M\u00e9ndez y Rodrigo Alujas, avanzaron a los octavos de final del XXX Campeonato Nacional de Tenis Varonil de Primera Fuerza \u201cPunta M\u00e9dica presentado por Caliente\u201d, que, con bolsa de UN MILL\u00d3N DE PESOS, se disputa del 2 al 7 de diciembre en el Club Irland\u00e9s de Raqueta.\",\"breadcrumb\":{\"@id\":\"https:\/\/esbozodeportivo.com\/index.php\/2025\/12\/03\/adelante-los-4-primeros-preclasificados-en-el-xxx-campeonato-nacional-de-tenis-varonil-de-primera-fuerza\/#breadcrumb\"},\"inLanguage\":\"es\",\"potentialAction\":[{\"@type\":\"ReadAction\",\"target\":[\"https:\/\/esbozodeportivo.com\/index.php\/2025\/12\/03\/adelante-los-4-primeros-preclasificados-en-el-xxx-campeonato-nacional-de-tenis-varonil-de-primera-fuerza\/\"]}]},{\"@type\":\"ImageObject\",\"inLanguage\":\"es\",\"@id\":\"https:\/\/esbozodeportivo.com\/index.php\/2025\/12\/03\/adelante-los-4-primeros-preclasificados-en-el-xxx-campeonato-nacional-de-tenis-varonil-de-primera-fuerza\/#primaryimage\",\"url\":\"https:\/\/esbozodeportivo.com\/wp-content\/uploads\/2025\/12\/Tenis1.jpg\",\"contentUrl\":\"https:\/\/esbozodeportivo.com\/wp-content\/uploads\/2025\/12\/Tenis1.jpg\",\"width\":1500,\"height\":1000},{\"@type\":\"BreadcrumbList\",\"@id\":\"https:\/\/esbozodeportivo.com\/index.php\/2025\/12\/03\/adelante-los-4-primeros-preclasificados-en-el-xxx-campeonato-nacional-de-tenis-varonil-de-primera-fuerza\/#breadcrumb\",\"itemListElement\":[{\"@type\":\"ListItem\",\"position\":1,\"name\":\"Inicio\",\"item\":\"https:\/\/esbozodeportivo.com\/\"},{\"@type\":\"ListItem\",\"position\":2,\"name\":\"Adelante los 4 primeros preclasificados en el XXX Campeonato Nacional de Tenis Varonil de Primera Fuerza\"}]},{\"@type\":\"WebSite\",\"@id\":\"https:\/\/esbozodeportivo.com\/#website\",\"url\":\"https:\/\/esbozodeportivo.com\/\",\"name\":\"Esbozo Deportivo\",\"description\":\"Lo m\u00e1s importante del Deporte\",\"publisher\":{\"@id\":\"https:\/\/esbozodeportivo.com\/#organization\"},\"potentialAction\":[{\"@type\":\"SearchAction\",\"target\":{\"@type\":\"EntryPoint\",\"urlTemplate\":\"https:\/\/esbozodeportivo.com\/?s={search_term_string}\"},\"query-input\":{\"@type\":\"PropertyValueSpecification\",\"valueRequired\":true,\"valueName\":\"search_term_string\"}}],\"inLanguage\":\"es\"},{\"@type\":\"Organization\",\"@id\":\"https:\/\/esbozodeportivo.com\/#organization\",\"name\":\"Esbozo Deportivo\",\"url\":\"https:\/\/esbozodeportivo.com\/\",\"logo\":{\"@type\":\"ImageObject\",\"inLanguage\":\"es\",\"@id\":\"https:\/\/esbozodeportivo.com\/#\/schema\/logo\/image\/\",\"url\":\"https:\/\/esbozodeportivo.com\/wp-content\/uploads\/2022\/08\/cropped-Logo-Esbozo-Web-2.png\",\"contentUrl\":\"https:\/\/esbozodeportivo.com\/wp-content\/uploads\/2022\/08\/cropped-Logo-Esbozo-Web-2.png\",\"width\":180,\"height\":50,\"caption\":\"Esbozo Deportivo\"},\"image\":{\"@id\":\"https:\/\/esbozodeportivo.com\/#\/schema\/logo\/image\/\"}},{\"@type\":\"Person\",\"@id\":\"https:\/\/esbozodeportivo.com\/#\/schema\/person\/0f6df9196dfe6740dd0bb31bae50d374\",\"name\":\"Redacci\u00f3n\",\"image\":{\"@type\":\"ImageObject\",\"inLanguage\":\"es\",\"@id\":\"https:\/\/esbozodeportivo.com\/#\/schema\/person\/image\/\",\"url\":\"https:\/\/secure.gravatar.com\/avatar\/f55268a89c3b418f2ef172ff52ab0d09b3e653c58de29539fe329fb93d78ebf3?s=96&d=mm&r=g\",\"contentUrl\":\"https:\/\/secure.gravatar.com\/avatar\/f55268a89c3b418f2ef172ff52ab0d09b3e653c58de29539fe329fb93d78ebf3?s=96&d=mm&r=g\",\"caption\":\"Redacci\u00f3n\"},\"url\":\"https:\/\/esbozodeportivo.com\/index.php\/author\/redaccion\/\"}]}<\/script>\n<!-- \/ Yoast SEO plugin. -->","yoast_head_json":{"title":"Adelante los 4 primeros preclasificados en el XXX Campeonato Nacional de Tenis Varonil de Primera Fuerza - Esbozo Deportivo","description":"Los cuatro primeros preclasificados, Eduardo Orozco, Alejandro Hern\u00e1ndez, Diego Eloy M\u00e9ndez y Rodrigo Alujas, avanzaron a los octavos de final del XXX Campeonato Nacional de Tenis Varonil de Primera Fuerza \u201cPunta M\u00e9dica presentado por Caliente\u201d, que, con bolsa de UN MILL\u00d3N DE PESOS, se disputa del 2 al 7 de diciembre en el Club Irland\u00e9s de Raqueta.","robots":{"index":"index","follow":"follow","max-snippet":"max-snippet:-1","max-image-preview":"max-image-preview:large","max-video-preview":"max-video-preview:-1"},"canonical":"https:\/\/esbozodeportivo.com\/index.php\/2025\/12\/03\/adelante-los-4-primeros-preclasificados-en-el-xxx-campeonato-nacional-de-tenis-varonil-de-primera-fuerza\/","og_locale":"es_MX","og_type":"article","og_title":"Adelante los 4 primeros preclasificados en el XXX Campeonato Nacional de Tenis Varonil de Primera Fuerza - Esbozo Deportivo","og_description":"Los cuatro primeros preclasificados, Eduardo Orozco, Alejandro Hern\u00e1ndez, Diego Eloy M\u00e9ndez y Rodrigo Alujas, avanzaron a los octavos de final del XXX Campeonato Nacional de Tenis Varonil de Primera Fuerza \u201cPunta M\u00e9dica presentado por Caliente\u201d, que, con bolsa de UN MILL\u00d3N DE PESOS, se disputa del 2 al 7 de diciembre en el Club Irland\u00e9s de Raqueta.","og_url":"https:\/\/esbozodeportivo.com\/index.php\/2025\/12\/03\/adelante-los-4-primeros-preclasificados-en-el-xxx-campeonato-nacional-de-tenis-varonil-de-primera-fuerza\/","og_site_name":"Esbozo Deportivo","article_published_time":"2025-12-04T03:09:19+00:00","article_modified_time":"2025-12-04T03:09:20+00:00","og_image":[{"width":1500,"height":1000,"url":"https:\/\/esbozodeportivo.com\/wp-content\/uploads\/2025\/12\/Tenis1.jpg","type":"image\/jpeg"}],"author":"Redacci\u00f3n","twitter_card":"summary_large_image","twitter_misc":{"Escrito por":"Redacci\u00f3n","Tiempo de lectura":"3 minutos"},"schema":{"@context":"https:\/\/schema.org","@graph":[{"@type":"Article","@id":"https:\/\/esbozodeportivo.com\/index.php\/2025\/12\/03\/adelante-los-4-primeros-preclasificados-en-el-xxx-campeonato-nacional-de-tenis-varonil-de-primera-fuerza\/#article","isPartOf":{"@id":"https:\/\/esbozodeportivo.com\/index.php\/2025\/12\/03\/adelante-los-4-primeros-preclasificados-en-el-xxx-campeonato-nacional-de-tenis-varonil-de-primera-fuerza\/"},"author":{"name":"Redacci\u00f3n","@id":"https:\/\/esbozodeportivo.com\/#\/schema\/person\/0f6df9196dfe6740dd0bb31bae50d374"},"headline":"Adelante los 4 primeros preclasificados en el XXX Campeonato Nacional de Tenis Varonil de Primera Fuerza","datePublished":"2025-12-04T03:09:19+00:00","dateModified":"2025-12-04T03:09:20+00:00","mainEntityOfPage":{"@id":"https:\/\/esbozodeportivo.com\/index.php\/2025\/12\/03\/adelante-los-4-primeros-preclasificados-en-el-xxx-campeonato-nacional-de-tenis-varonil-de-primera-fuerza\/"},"wordCount":600,"publisher":{"@id":"https:\/\/esbozodeportivo.com\/#organization"},"image":{"@id":"https:\/\/esbozodeportivo.com\/index.php\/2025\/12\/03\/adelante-los-4-primeros-preclasificados-en-el-xxx-campeonato-nacional-de-tenis-varonil-de-primera-fuerza\/#primaryimage"},"thumbnailUrl":"https:\/\/esbozodeportivo.com\/wp-content\/uploads\/2025\/12\/Tenis1.jpg","articleSection":["Tenis"],"inLanguage":"es"},{"@type":"WebPage","@id":"https:\/\/esbozodeportivo.com\/index.php\/2025\/12\/03\/adelante-los-4-primeros-preclasificados-en-el-xxx-campeonato-nacional-de-tenis-varonil-de-primera-fuerza\/","url":"https:\/\/esbozodeportivo.com\/index.php\/2025\/12\/03\/adelante-los-4-primeros-preclasificados-en-el-xxx-campeonato-nacional-de-tenis-varonil-de-primera-fuerza\/","name":"Adelante los 4 primeros preclasificados en el XXX Campeonato Nacional de Tenis Varonil de Primera Fuerza - Esbozo Deportivo","isPartOf":{"@id":"https:\/\/esbozodeportivo.com\/#website"},"primaryImageOfPage":{"@id":"https:\/\/esbozodeportivo.com\/index.php\/2025\/12\/03\/adelante-los-4-primeros-preclasificados-en-el-xxx-campeonato-nacional-de-tenis-varonil-de-primera-fuerza\/#primaryimage"},"image":{"@id":"https:\/\/esbozodeportivo.com\/index.php\/2025\/12\/03\/adelante-los-4-primeros-preclasificados-en-el-xxx-campeonato-nacional-de-tenis-varonil-de-primera-fuerza\/#primaryimage"},"thumbnailUrl":"https:\/\/esbozodeportivo.com\/wp-content\/uploads\/2025\/12\/Tenis1.jpg","datePublished":"2025-12-04T03:09:19+00:00","dateModified":"2025-12-04T03:09:20+00:00","description":"Los cuatro primeros preclasificados, Eduardo Orozco, Alejandro Hern\u00e1ndez, Diego Eloy M\u00e9ndez y Rodrigo Alujas, avanzaron a los octavos de final del XXX Campeonato Nacional de Tenis Varonil de Primera Fuerza \u201cPunta M\u00e9dica presentado por Caliente\u201d, que, con bolsa de UN MILL\u00d3N DE PESOS, se disputa del 2 al 7 de diciembre en el Club Irland\u00e9s de Raqueta.","breadcrumb":{"@id":"https:\/\/esbozodeportivo.com\/index.php\/2025\/12\/03\/adelante-los-4-primeros-preclasificados-en-el-xxx-campeonato-nacional-de-tenis-varonil-de-primera-fuerza\/#breadcrumb"},"inLanguage":"es","potentialAction":[{"@type":"ReadAction","target":["https:\/\/esbozodeportivo.com\/index.php\/2025\/12\/03\/adelante-los-4-primeros-preclasificados-en-el-xxx-campeonato-nacional-de-tenis-varonil-de-primera-fuerza\/"]}]},{"@type":"ImageObject","inLanguage":"es","@id":"https:\/\/esbozodeportivo.com\/index.php\/2025\/12\/03\/adelante-los-4-primeros-preclasificados-en-el-xxx-campeonato-nacional-de-tenis-varonil-de-primera-fuerza\/#primaryimage","url":"https:\/\/esbozodeportivo.com\/wp-content\/uploads\/2025\/12\/Tenis1.jpg","contentUrl":"https:\/\/esbozodeportivo.com\/wp-content\/uploads\/2025\/12\/Tenis1.jpg","width":1500,"height":1000},{"@type":"BreadcrumbList","@id":"https:\/\/esbozodeportivo.com\/index.php\/2025\/12\/03\/adelante-los-4-primeros-preclasificados-en-el-xxx-campeonato-nacional-de-tenis-varonil-de-primera-fuerza\/#breadcrumb","itemListElement":[{"@type":"ListItem","position":1,"name":"Inicio","item":"https:\/\/esbozodeportivo.com\/"},{"@type":"ListItem","position":2,"name":"Adelante los 4 primeros preclasificados en el XXX Campeonato Nacional de Tenis Varonil de Primera Fuerza"}]},{"@type":"WebSite","@id":"https:\/\/esbozodeportivo.com\/#website","url":"https:\/\/esbozodeportivo.com\/","name":"Esbozo Deportivo","description":"Lo m\u00e1s importante del Deporte","publisher":{"@id":"https:\/\/esbozodeportivo.com\/#organization"},"potentialAction":[{"@type":"SearchAction","target":{"@type":"EntryPoint","urlTemplate":"https:\/\/esbozodeportivo.com\/?s={search_term_string}"},"query-input":{"@type":"PropertyValueSpecification","valueRequired":true,"valueName":"search_term_string"}}],"inLanguage":"es"},{"@type":"Organization","@id":"https:\/\/esbozodeportivo.com\/#organization","name":"Esbozo Deportivo","url":"https:\/\/esbozodeportivo.com\/","logo":{"@type":"ImageObject","inLanguage":"es","@id":"https:\/\/esbozodeportivo.com\/#\/schema\/logo\/image\/","url":"https:\/\/esbozodeportivo.com\/wp-content\/uploads\/2022\/08\/cropped-Logo-Esbozo-Web-2.png","contentUrl":"https:\/\/esbozodeportivo.com\/wp-content\/uploads\/2022\/08\/cropped-Logo-Esbozo-Web-2.png","width":180,"height":50,"caption":"Esbozo Deportivo"},"image":{"@id":"https:\/\/esbozodeportivo.com\/#\/schema\/logo\/image\/"}},{"@type":"Person","@id":"https:\/\/esbozodeportivo.com\/#\/schema\/person\/0f6df9196dfe6740dd0bb31bae50d374","name":"Redacci\u00f3n","image":{"@type":"ImageObject","inLanguage":"es","@id":"https:\/\/esbozodeportivo.com\/#\/schema\/person\/image\/","url":"https:\/\/secure.gravatar.com\/avatar\/f55268a89c3b418f2ef172ff52ab0d09b3e653c58de29539fe329fb93d78ebf3?s=96&d=mm&r=g","contentUrl":"https:\/\/secure.gravatar.com\/avatar\/f55268a89c3b418f2ef172ff52ab0d09b3e653c58de29539fe329fb93d78ebf3?s=96&d=mm&r=g","caption":"Redacci\u00f3n"},"url":"https:\/\/esbozodeportivo.com\/index.php\/author\/redaccion\/"}]}},"jetpack_featured_media_url":"https:\/\/esbozodeportivo.com\/wp-content\/uploads\/2025\/12\/Tenis1.jpg","jetpack_sharing_enabled":true,"_links":{"self":[{"href":"https:\/\/esbozodeportivo.com\/index.php\/wp-json\/wp\/v2\/posts\/11650","targetHints":{"allow":["GET"]}}],"collection":[{"href":"https:\/\/esbozodeportivo.com\/index.php\/wp-json\/wp\/v2\/posts"}],"about":[{"href":"https:\/\/esbozodeportivo.com\/index.php\/wp-json\/wp\/v2\/types\/post"}],"author":[{"embeddable":true,"href":"https:\/\/esbozodeportivo.com\/index.php\/wp-json\/wp\/v2\/users\/4"}],"replies":[{"embeddable":true,"href":"https:\/\/esbozodeportivo.com\/index.php\/wp-json\/wp\/v2\/comments?post=11650"}],"version-history":[{"count":1,"href":"https:\/\/esbozodeportivo.com\/index.php\/wp-json\/wp\/v2\/posts\/11650\/revisions"}],"predecessor-version":[{"id":11653,"href":"https:\/\/esbozodeportivo.com\/index.php\/wp-json\/wp\/v2\/posts\/11650\/revisions\/11653"}],"wp:featuredmedia":[{"embeddable":true,"href":"https:\/\/esbozodeportivo.com\/index.php\/wp-json\/wp\/v2\/media\/11652"}],"wp:attachment":[{"href":"https:\/\/esbozodeportivo.com\/index.php\/wp-json\/wp\/v2\/media?parent=11650"}],"wp:term":[{"taxonomy":"category","embeddable":true,"href":"https:\/\/esbozodeportivo.com\/index.php\/wp-json\/wp\/v2\/categories?post=11650"},{"taxonomy":"post_tag","embeddable":true,"href":"https:\/\/esbozodeportivo.com\/index.php\/wp-json\/wp\/v2\/tags?post=11650"}],"curies":[{"name":"wp","href":"https:\/\/api.w.org\/{rel}","templated":true}]}}